{"id":229640,"date":"2025-11-27T14:40:52","date_gmt":"2025-11-27T21:40:52","guid":{"rendered":"https:\/\/www.sonoraenequipo.com.mx\/?p=229640"},"modified":"2025-11-27T14:40:52","modified_gmt":"2025-11-27T21:40:52","slug":"impulsa-tono-astiazaran-capacitacion-a-policias-en-perspectiva-de-genero","status":"publish","type":"post","link":"https:\/\/www.sonoraenequipo.com.mx\/impulsa-tono-astiazaran-capacitacion-a-policias-en-perspectiva-de-genero\/","title":{"rendered":"Impulsa To\u00f1o Astiazar\u00e1n capacitaci\u00f3n a polic\u00edas en perspectiva de g\u00e9nero"},"content":{"rendered":"<p><strong>HERMOSILLO, SONORA, MX.<\/strong> \u2014 El presidente municipal Antonio Astiazar\u00e1n Guti\u00e9rrez confirm\u00f3 el compromiso de su administraci\u00f3n de continuar capacitando a las y los polic\u00edas municipales y que la totalidad cuenten con las herramientas para atender de forma profesional, emp\u00e1tica y solidaria a v\u00edctimas de violencia familiar.<\/p>\n<p>&nbsp;<\/p>\n<p>&nbsp;<\/p>\n<p>&nbsp;<\/p>\n<p>Acompa\u00f1ado por Alonso Dur\u00f3n Monta\u00f1o, Comisario General de la Polic\u00eda Preventiva y Tr\u00e1nsito Municipal y Ang\u00e9lica Pay\u00e1n Garc\u00eda, directora de la Unidad de G\u00e9nero de la corporaci\u00f3n, To\u00f1o Astiazar\u00e1n entreg\u00f3 reconocimientos a quienes concluyeron su capacitaci\u00f3n como Primeros Respondientes con Perspectiva de G\u00e9nero.<\/p>\n<p>&nbsp;<\/p>\n<p>&nbsp;<\/p>\n<p>&nbsp;<\/p>\n<p>\u201cMe siento muy orgulloso como Presidente Municipal de contar con una corporaci\u00f3n como la Polic\u00eda de Hermosillo que todos los d\u00edas, como dice nuestro Comisario, se capacita, se profesionaliza y da lo mejor de s\u00ed para hacer de Hermosillo una ciudad mucho m\u00e1s segura\u201d, extern\u00f3.<\/p>\n<p>&nbsp;<\/p>\n<p>&nbsp;<\/p>\n<p>&nbsp;<\/p>\n<p>Destac\u00f3 el esfuerzo diario del personal del Grupo Especializado en Atenci\u00f3n de Violencia Intrafamiliar (GEAVI) para atender los reportes en materia de violencia familiar y asegur\u00f3 que es una prioridad del Gobierno Municipal que la atenci\u00f3n y los servicios que brinda esta corporaci\u00f3n se realicen con perspectiva de g\u00e9nero y sin discriminaci\u00f3n.<\/p>\n<p>&nbsp;<\/p>\n<p>&nbsp;<\/p>\n<p>&nbsp;<\/p>\n<p>Reconoci\u00f3 que se trata de un problema que no puede quedar solo en manos del GEAVI, sino que debe ser atendido de forma transversal, a la vez que agradeci\u00f3 el esfuerzo personal de cada uno de los agentes que dedic\u00f3 su tiempo y atenci\u00f3n a obtener m\u00e1s herramientas para atender mejor a la ciudadan\u00eda.<\/p>\n<p>&nbsp;<\/p>\n<p>&nbsp;<\/p>\n<p>&nbsp;<\/p>\n<p>Aprovech\u00f3 para entregar a la instructora de esta capacitaci\u00f3n, Blanca Luz Salda\u00f1a, un reconocimiento y un testimonio de agradecimiento, ante agentes de todos los mandos de la Polic\u00eda Municipal y Zulma Galaz, directora de Atenci\u00f3n a la Mujer del Ayuntamiento, as\u00ed como los regidores Casandra L\u00f3pez Manzano y Orlando Cuevas, como invitados especiales.<\/p>\n<p><strong>Fecha de publicaci\u00f3n\u00a0 jueves 27 de noviembre de 2025<\/strong><\/p>\n","protected":false},"excerpt":{"rendered":"<p>HERMOSILLO, SONORA, MX. \u2014 El presidente municipal Antonio Astiazar\u00e1n Guti\u00e9rrez confirm\u00f3 el compromiso de su&#8230;<\/p>\n","protected":false},"author":1,"featured_media":229641,"comment_status":"open","ping_status":"open","sticky":false,"template":"","format":"standard","meta":{"_monsterinsights_skip_tracking":false,"_monsterinsights_sitenote_active":false,"_monsterinsights_sitenote_note":"","_monsterinsights_sitenote_category":0,"footnotes":""},"categories":[4],"tags":[1830,342,6026],"class_list":["post"],"yoast_head":" \n<title>Sonora en Equipo. Impulsa To\u00f1o Astiazar\u00e1n capacitaci\u00f3n a polic\u00edas en perspectiva de g\u00e9nero Municipios<\/title>\n<meta name=\"description\" content=\"HERMOSILLO, SONORA, MX. \u2014 El presidente municipal Antonio Astiazar\u00e1n Guti\u00e9rrez confirm\u00f3 el compromiso de su administraci\u00f3n de continuar capacitando a las En Sonora en Equipo publicamos toda la informaci\u00f3n de Sonora, M\u00e9xico y el Mundo de manera oportuna y busca que la libertad de expresi\u00f3n sea real. Visita nuestro medio informativo publicado desde Hermosillo, Sonora. %\" \/>\n<meta name=\"robots\" content=\"index, follow, max-snippet:-1, max-image-preview:large, max-video-preview:-1\" \/>\n<link rel=\"canonical\" href=\"https:\/\/www.sonoraenequipo.com.mx\/impulsa-tono-astiazaran-capacitacion-a-policias-en-perspectiva-de-genero\/\" \/>\n<meta property=\"og:locale\" content=\"es_ES\" \/>\n<meta property=\"og:type\" content=\"article\" \/>\n<meta property=\"og:title\" content=\"Sonora en Equipo. Impulsa To\u00f1o Astiazar\u00e1n capacitaci\u00f3n a polic\u00edas en perspectiva de g\u00e9nero Municipios\" \/>\n<meta property=\"og:description\" content=\"HERMOSILLO, SONORA, MX. \u2014 El presidente municipal Antonio Astiazar\u00e1n Guti\u00e9rrez confirm\u00f3 el compromiso de su administraci\u00f3n de continuar capacitando a las En Sonora en Equipo publicamos toda la informaci\u00f3n de Sonora, M\u00e9xico y el Mundo de manera oportuna y busca que la libertad de expresi\u00f3n sea real. Visita nuestro medio informativo publicado desde Hermosillo, Sonora. %\" \/>\n<meta property=\"og:url\" content=\"https:\/\/www.sonoraenequipo.com.mx\/impulsa-tono-astiazaran-capacitacion-a-policias-en-perspectiva-de-genero\/\" \/>\n<meta property=\"og:site_name\" content=\"Sonora en Equipo.\" \/>\n<meta property=\"article:publisher\" content=\"https:\/\/www.facebook.com\/SonoraEE\/\" \/>\n<meta property=\"article:author\" content=\"https:\/\/www.facebook.com\/SonoraEE\" \/>\n<meta property=\"article:published_time\" content=\"2025-11-27T21:40:52+00:00\" \/>\n<meta property=\"og:image\" content=\"https:\/\/www.sonoraenequipo.com.mx\/storage\/2025\/11\/tono-policias.jpg\" \/>\n\t<meta property=\"og:image:width\" content=\"600\" \/>\n\t<meta property=\"og:image:height\" content=\"400\" \/>\n\t<meta property=\"og:image:type\" content=\"image\/jpeg\" \/>\n<meta name=\"author\" content=\"enequipo\" \/>\n<meta name=\"twitter:card\" content=\"summary_large_image\" \/>\n<meta name=\"twitter:creator\" content=\"@sonoraenequipo\" \/>\n<meta name=\"twitter:site\" content=\"@sonoraenequipo\" \/>\n<meta name=\"twitter:label1\" content=\"Escrito por\" \/>\n\t<meta name=\"twitter:data1\" content=\"enequipo\" \/>\n\t<meta name=\"twitter:label2\" content=\"Tiempo de lectura\" \/>\n\t<meta name=\"twitter:data2\" content=\"2 minutos\" \/>\n<script type=\"application\/ld+json\" class=\"yoast-schema-graph\">{\"@context\":\"https:\/\/schema.org\",\"@graph\":[{\"@type\":\"Article\",\"@id\":\"https:\/\/www.sonoraenequipo.com.mx\/impulsa-tono-astiazaran-capacitacion-a-policias-en-perspectiva-de-genero\/#article\",\"isPartOf\":{\"@id\":\"https:\/\/www.sonoraenequipo.com.mx\/impulsa-tono-astiazaran-capacitacion-a-policias-en-perspectiva-de-genero\/\"},\"author\":{\"name\":\"enequipo\",\"@id\":\"https:\/\/www.sonoraenequipo.com.mx\/#\/schema\/person\/50102df0fb23a8fa9e8effad8fa81386\"},\"headline\":\"Impulsa To\u00f1o Astiazar\u00e1n capacitaci\u00f3n a polic\u00edas en perspectiva de g\u00e9nero\",\"datePublished\":\"2025-11-27T21:40:52+00:00\",\"mainEntityOfPage\":{\"@id\":\"https:\/\/www.sonoraenequipo.com.mx\/impulsa-tono-astiazaran-capacitacion-a-policias-en-perspectiva-de-genero\/\"},\"wordCount\":367,\"commentCount\":0,\"publisher\":{\"@id\":\"https:\/\/www.sonoraenequipo.com.mx\/#organization\"},\"image\":{\"@id\":\"https:\/\/www.sonoraenequipo.com.mx\/impulsa-tono-astiazaran-capacitacion-a-policias-en-perspectiva-de-genero\/#primaryimage\"},\"thumbnailUrl\":\"https:\/\/www.sonoraenequipo.com.mx\/storage\/2025\/11\/tono-policias.jpg\",\"keywords\":[\"capacitaci\u00f3n\",\"polic\u00edas\",\"to\u00f1o astiazaran\"],\"articleSection\":[\"Municipios\"],\"inLanguage\":\"es\",\"potentialAction\":[{\"@type\":\"CommentAction\",\"name\":\"Comment\",\"target\":[\"https:\/\/www.sonoraenequipo.com.mx\/impulsa-tono-astiazaran-capacitacion-a-policias-en-perspectiva-de-genero\/#respond\"]}]},{\"@type\":\"WebPage\",\"@id\":\"https:\/\/www.sonoraenequipo.com.mx\/impulsa-tono-astiazaran-capacitacion-a-policias-en-perspectiva-de-genero\/\",\"url\":\"https:\/\/www.sonoraenequipo.com.mx\/impulsa-tono-astiazaran-capacitacion-a-policias-en-perspectiva-de-genero\/\",\"name\":\"Sonora en Equipo. Impulsa To\u00f1o Astiazar\u00e1n capacitaci\u00f3n a polic\u00edas en perspectiva de g\u00e9nero Municipios\",\"isPartOf\":{\"@id\":\"https:\/\/www.sonoraenequipo.com.mx\/#website\"},\"primaryImageOfPage\":{\"@id\":\"https:\/\/www.sonoraenequipo.com.mx\/impulsa-tono-astiazaran-capacitacion-a-policias-en-perspectiva-de-genero\/#primaryimage\"},\"image\":{\"@id\":\"https:\/\/www.sonoraenequipo.com.mx\/impulsa-tono-astiazaran-capacitacion-a-policias-en-perspectiva-de-genero\/#primaryimage\"},\"thumbnailUrl\":\"https:\/\/www.sonoraenequipo.com.mx\/storage\/2025\/11\/tono-policias.jpg\",\"datePublished\":\"2025-11-27T21:40:52+00:00\",\"description\":\"HERMOSILLO, SONORA, MX. \u2014 El presidente municipal Antonio Astiazar\u00e1n Guti\u00e9rrez confirm\u00f3 el compromiso de su administraci\u00f3n de continuar capacitando a las En Sonora en Equipo publicamos toda la informaci\u00f3n de Sonora, M\u00e9xico y el Mundo de manera oportuna y busca que la libertad de expresi\u00f3n sea real. Visita nuestro medio informativo publicado desde Hermosillo, Sonora. %\",\"breadcrumb\":{\"@id\":\"https:\/\/www.sonoraenequipo.com.mx\/impulsa-tono-astiazaran-capacitacion-a-policias-en-perspectiva-de-genero\/#breadcrumb\"},\"inLanguage\":\"es\",\"potentialAction\":[{\"@type\":\"ReadAction\",\"target\":[\"https:\/\/www.sonoraenequipo.com.mx\/impulsa-tono-astiazaran-capacitacion-a-policias-en-perspectiva-de-genero\/\"]}]},{\"@type\":\"ImageObject\",\"inLanguage\":\"es\",\"@id\":\"https:\/\/www.sonoraenequipo.com.mx\/impulsa-tono-astiazaran-capacitacion-a-policias-en-perspectiva-de-genero\/#primaryimage\",\"url\":\"https:\/\/www.sonoraenequipo.com.mx\/storage\/2025\/11\/tono-policias.jpg\",\"contentUrl\":\"https:\/\/www.sonoraenequipo.com.mx\/storage\/2025\/11\/tono-policias.jpg\",\"width\":600,\"height\":400},{\"@type\":\"BreadcrumbList\",\"@id\":\"https:\/\/www.sonoraenequipo.com.mx\/impulsa-tono-astiazaran-capacitacion-a-policias-en-perspectiva-de-genero\/#breadcrumb\",\"itemListElement\":[{\"@type\":\"ListItem\",\"position\":1,\"name\":\"Portada\",\"item\":\"https:\/\/www.sonoraenequipo.com.mx\/\"},{\"@type\":\"ListItem\",\"position\":2,\"name\":\"Impulsa To\u00f1o Astiazar\u00e1n capacitaci\u00f3n a polic\u00edas en perspectiva de g\u00e9nero\"}]},{\"@type\":\"WebSite\",\"@id\":\"https:\/\/www.sonoraenequipo.com.mx\/#website\",\"url\":\"https:\/\/www.sonoraenequipo.com.mx\/\",\"name\":\"Sonora en Equipo.\",\"description\":\"Diario en l\u00ednea con Noticias desde Hermosillo, Sonora\",\"publisher\":{\"@id\":\"https:\/\/www.sonoraenequipo.com.mx\/#organization\"},\"potentialAction\":[{\"@type\":\"SearchAction\",\"target\":{\"@type\":\"EntryPoint\",\"urlTemplate\":\"https:\/\/www.sonoraenequipo.com.mx\/?s={search_term_string}\"},\"query-input\":{\"@type\":\"PropertyValueSpecification\",\"valueRequired\":true,\"valueName\":\"search_term_string\"}}],\"inLanguage\":\"es\"},{\"@type\":\"Organization\",\"@id\":\"https:\/\/www.sonoraenequipo.com.mx\/#organization\",\"name\":\"Sonoraenequipo.com.mx\",\"url\":\"https:\/\/www.sonoraenequipo.com.mx\/\",\"logo\":{\"@type\":\"ImageObject\",\"inLanguage\":\"es\",\"@id\":\"https:\/\/www.sonoraenequipo.com.mx\/#\/schema\/logo\/image\/\",\"url\":\"https:\/\/www.sonoraenequipo.com.mx\/storage\/2019\/01\/sonoraenequipo_opt.png\",\"contentUrl\":\"https:\/\/www.sonoraenequipo.com.mx\/storage\/2019\/01\/sonoraenequipo_opt.png\",\"width\":375,\"height\":125,\"caption\":\"Sonoraenequipo.com.mx\"},\"image\":{\"@id\":\"https:\/\/www.sonoraenequipo.com.mx\/#\/schema\/logo\/image\/\"},\"sameAs\":[\"https:\/\/www.facebook.com\/SonoraEE\/\",\"https:\/\/x.com\/sonoraenequipo\",\"https:\/\/www.youtube.com\/channel\/UC338nW-lPEYmJQs4ZABQ1SQ\"]},{\"@type\":\"Person\",\"@id\":\"https:\/\/www.sonoraenequipo.com.mx\/#\/schema\/person\/50102df0fb23a8fa9e8effad8fa81386\",\"name\":\"enequipo\",\"image\":{\"@type\":\"ImageObject\",\"inLanguage\":\"es\",\"@id\":\"https:\/\/www.sonoraenequipo.com.mx\/#\/schema\/person\/image\/\",\"url\":\"https:\/\/secure.gravatar.com\/avatar\/049821681b589dabc0bc20695993ccebb09f5b5d4d790cd9251b97faac7c652b?s=96&d=blank&r=g\",\"contentUrl\":\"https:\/\/secure.gravatar.com\/avatar\/049821681b589dabc0bc20695993ccebb09f5b5d4d790cd9251b97faac7c652b?s=96&d=blank&r=g\",\"caption\":\"enequipo\"},\"sameAs\":[\"https:\/\/www.facebook.com\/SonoraEE\"]}]}<\/script>\n ","yoast_head_json":{"title":"Sonora en Equipo. Impulsa To\u00f1o Astiazar\u00e1n capacitaci\u00f3n a polic\u00edas en perspectiva de g\u00e9nero Municipios","description":"HERMOSILLO, SONORA, MX. \u2014 El presidente municipal Antonio Astiazar\u00e1n Guti\u00e9rrez confirm\u00f3 el compromiso de su administraci\u00f3n de continuar capacitando a las En Sonora en Equipo publicamos toda la informaci\u00f3n de Sonora, M\u00e9xico y el Mundo de manera oportuna y busca que la libertad de expresi\u00f3n sea real. Visita nuestro medio informativo publicado desde Hermosillo, Sonora. %","robots":{"index":"index","follow":"follow","max-snippet":"max-snippet:-1","max-image-preview":"max-image-preview:large","max-video-preview":"max-video-preview:-1"},"canonical":"https:\/\/www.sonoraenequipo.com.mx\/impulsa-tono-astiazaran-capacitacion-a-policias-en-perspectiva-de-genero\/","og_locale":"es_ES","og_type":"article","og_title":"Sonora en Equipo. Impulsa To\u00f1o Astiazar\u00e1n capacitaci\u00f3n a polic\u00edas en perspectiva de g\u00e9nero Municipios","og_description":"HERMOSILLO, SONORA, MX. \u2014 El presidente municipal Antonio Astiazar\u00e1n Guti\u00e9rrez confirm\u00f3 el compromiso de su administraci\u00f3n de continuar capacitando a las En Sonora en Equipo publicamos toda la informaci\u00f3n de Sonora, M\u00e9xico y el Mundo de manera oportuna y busca que la libertad de expresi\u00f3n sea real. Visita nuestro medio informativo publicado desde Hermosillo, Sonora. %","og_url":"https:\/\/www.sonoraenequipo.com.mx\/impulsa-tono-astiazaran-capacitacion-a-policias-en-perspectiva-de-genero\/","og_site_name":"Sonora en Equipo.","article_publisher":"https:\/\/www.facebook.com\/SonoraEE\/","article_author":"https:\/\/www.facebook.com\/SonoraEE","article_published_time":"2025-11-27T21:40:52+00:00","og_image":[{"width":600,"height":400,"url":"https:\/\/www.sonoraenequipo.com.mx\/storage\/2025\/11\/tono-policias.jpg","type":"image\/jpeg"}],"author":"enequipo","twitter_card":"summary_large_image","twitter_creator":"@sonoraenequipo","twitter_site":"@sonoraenequipo","twitter_misc":{"Escrito por":"enequipo","Tiempo de lectura":"2 minutos"},"schema":{"@context":"https:\/\/schema.org","@graph":[{"@type":"Article","@id":"https:\/\/www.sonoraenequipo.com.mx\/impulsa-tono-astiazaran-capacitacion-a-policias-en-perspectiva-de-genero\/#article","isPartOf":{"@id":"https:\/\/www.sonoraenequipo.com.mx\/impulsa-tono-astiazaran-capacitacion-a-policias-en-perspectiva-de-genero\/"},"author":{"name":"enequipo","@id":"https:\/\/www.sonoraenequipo.com.mx\/#\/schema\/person\/50102df0fb23a8fa9e8effad8fa81386"},"headline":"Impulsa To\u00f1o Astiazar\u00e1n capacitaci\u00f3n a polic\u00edas en perspectiva de g\u00e9nero","datePublished":"2025-11-27T21:40:52+00:00","mainEntityOfPage":{"@id":"https:\/\/www.sonoraenequipo.com.mx\/impulsa-tono-astiazaran-capacitacion-a-policias-en-perspectiva-de-genero\/"},"wordCount":367,"commentCount":0,"publisher":{"@id":"https:\/\/www.sonoraenequipo.com.mx\/#organization"},"image":{"@id":"https:\/\/www.sonoraenequipo.com.mx\/impulsa-tono-astiazaran-capacitacion-a-policias-en-perspectiva-de-genero\/#primaryimage"},"thumbnailUrl":"https:\/\/www.sonoraenequipo.com.mx\/storage\/2025\/11\/tono-policias.jpg","keywords":["capacitaci\u00f3n","polic\u00edas","to\u00f1o astiazaran"],"articleSection":["Municipios"],"inLanguage":"es","potentialAction":[{"@type":"CommentAction","name":"Comment","target":["https:\/\/www.sonoraenequipo.com.mx\/impulsa-tono-astiazaran-capacitacion-a-policias-en-perspectiva-de-genero\/#respond"]}]},{"@type":"WebPage","@id":"https:\/\/www.sonoraenequipo.com.mx\/impulsa-tono-astiazaran-capacitacion-a-policias-en-perspectiva-de-genero\/","url":"https:\/\/www.sonoraenequipo.com.mx\/impulsa-tono-astiazaran-capacitacion-a-policias-en-perspectiva-de-genero\/","name":"Sonora en Equipo. Impulsa To\u00f1o Astiazar\u00e1n capacitaci\u00f3n a polic\u00edas en perspectiva de g\u00e9nero Municipios","isPartOf":{"@id":"https:\/\/www.sonoraenequipo.com.mx\/#website"},"primaryImageOfPage":{"@id":"https:\/\/www.sonoraenequipo.com.mx\/impulsa-tono-astiazaran-capacitacion-a-policias-en-perspectiva-de-genero\/#primaryimage"},"image":{"@id":"https:\/\/www.sonoraenequipo.com.mx\/impulsa-tono-astiazaran-capacitacion-a-policias-en-perspectiva-de-genero\/#primaryimage"},"thumbnailUrl":"https:\/\/www.sonoraenequipo.com.mx\/storage\/2025\/11\/tono-policias.jpg","datePublished":"2025-11-27T21:40:52+00:00","description":"HERMOSILLO, SONORA, MX. \u2014 El presidente municipal Antonio Astiazar\u00e1n Guti\u00e9rrez confirm\u00f3 el compromiso de su administraci\u00f3n de continuar capacitando a las En Sonora en Equipo publicamos toda la informaci\u00f3n de Sonora, M\u00e9xico y el Mundo de manera oportuna y busca que la libertad de expresi\u00f3n sea real. Visita nuestro medio informativo publicado desde Hermosillo, Sonora. %","breadcrumb":{"@id":"https:\/\/www.sonoraenequipo.com.mx\/impulsa-tono-astiazaran-capacitacion-a-policias-en-perspectiva-de-genero\/#breadcrumb"},"inLanguage":"es","potentialAction":[{"@type":"ReadAction","target":["https:\/\/www.sonoraenequipo.com.mx\/impulsa-tono-astiazaran-capacitacion-a-policias-en-perspectiva-de-genero\/"]}]},{"@type":"ImageObject","inLanguage":"es","@id":"https:\/\/www.sonoraenequipo.com.mx\/impulsa-tono-astiazaran-capacitacion-a-policias-en-perspectiva-de-genero\/#primaryimage","url":"https:\/\/www.sonoraenequipo.com.mx\/storage\/2025\/11\/tono-policias.jpg","contentUrl":"https:\/\/www.sonoraenequipo.com.mx\/storage\/2025\/11\/tono-policias.jpg","width":600,"height":400},{"@type":"BreadcrumbList","@id":"https:\/\/www.sonoraenequipo.com.mx\/impulsa-tono-astiazaran-capacitacion-a-policias-en-perspectiva-de-genero\/#breadcrumb","itemListElement":[{"@type":"ListItem","position":1,"name":"Portada","item":"https:\/\/www.sonoraenequipo.com.mx\/"},{"@type":"ListItem","position":2,"name":"Impulsa To\u00f1o Astiazar\u00e1n capacitaci\u00f3n a polic\u00edas en perspectiva de g\u00e9nero"}]},{"@type":"WebSite","@id":"https:\/\/www.sonoraenequipo.com.mx\/#website","url":"https:\/\/www.sonoraenequipo.com.mx\/","name":"Sonora en Equipo.","description":"Diario en l\u00ednea con Noticias desde Hermosillo, Sonora","publisher":{"@id":"https:\/\/www.sonoraenequipo.com.mx\/#organization"},"potentialAction":[{"@type":"SearchAction","target":{"@type":"EntryPoint","urlTemplate":"https:\/\/www.sonoraenequipo.com.mx\/?s={search_term_string}"},"query-input":{"@type":"PropertyValueSpecification","valueRequired":true,"valueName":"search_term_string"}}],"inLanguage":"es"},{"@type":"Organization","@id":"https:\/\/www.sonoraenequipo.com.mx\/#organization","name":"Sonoraenequipo.com.mx","url":"https:\/\/www.sonoraenequipo.com.mx\/","logo":{"@type":"ImageObject","inLanguage":"es","@id":"https:\/\/www.sonoraenequipo.com.mx\/#\/schema\/logo\/image\/","url":"https:\/\/www.sonoraenequipo.com.mx\/storage\/2019\/01\/sonoraenequipo_opt.png","contentUrl":"https:\/\/www.sonoraenequipo.com.mx\/storage\/2019\/01\/sonoraenequipo_opt.png","width":375,"height":125,"caption":"Sonoraenequipo.com.mx"},"image":{"@id":"https:\/\/www.sonoraenequipo.com.mx\/#\/schema\/logo\/image\/"},"sameAs":["https:\/\/www.facebook.com\/SonoraEE\/","https:\/\/x.com\/sonoraenequipo","https:\/\/www.youtube.com\/channel\/UC338nW-lPEYmJQs4ZABQ1SQ"]},{"@type":"Person","@id":"https:\/\/www.sonoraenequipo.com.mx\/#\/schema\/person\/50102df0fb23a8fa9e8effad8fa81386","name":"enequipo","image":{"@type":"ImageObject","inLanguage":"es","@id":"https:\/\/www.sonoraenequipo.com.mx\/#\/schema\/person\/image\/","url":"https:\/\/secure.gravatar.com\/avatar\/049821681b589dabc0bc20695993ccebb09f5b5d4d790cd9251b97faac7c652b?s=96&d=blank&r=g","contentUrl":"https:\/\/secure.gravatar.com\/avatar\/049821681b589dabc0bc20695993ccebb09f5b5d4d790cd9251b97faac7c652b?s=96&d=blank&r=g","caption":"enequipo"},"sameAs":["https:\/\/www.facebook.com\/SonoraEE"]}]}},"jetpack_featured_media_url":"https:\/\/www.sonoraenequipo.com.mx\/storage\/2025\/11\/tono-policias.jpg","_links":{"self":[{"href":"https:\/\/www.sonoraenequipo.com.mx\/api\/wp\/v2\/posts\/229640","targetHints":{"allow":["GET"]}}],"collection":[{"href":"https:\/\/www.sonoraenequipo.com.mx\/api\/wp\/v2\/posts"}],"about":[{"href":"https:\/\/www.sonoraenequipo.com.mx\/api\/wp\/v2\/types\/post"}],"author":[{"embeddable":true,"href":"https:\/\/www.sonoraenequipo.com.mx\/api\/wp\/v2\/users\/1"}],"replies":[{"embeddable":true,"href":"https:\/\/www.sonoraenequipo.com.mx\/api\/wp\/v2\/comments?post=229640"}],"version-history":[{"count":1,"href":"https:\/\/www.sonoraenequipo.com.mx\/api\/wp\/v2\/posts\/229640\/revisions"}],"predecessor-version":[{"id":229642,"href":"https:\/\/www.sonoraenequipo.com.mx\/api\/wp\/v2\/posts\/229640\/revisions\/229642"}],"wp:featuredmedia":[{"embeddable":true,"href":"https:\/\/www.sonoraenequipo.com.mx\/api\/wp\/v2\/media\/229641"}],"wp:attachment":[{"href":"https:\/\/www.sonoraenequipo.com.mx\/api\/wp\/v2\/media?parent=229640"}],"wp:term":[{"taxonomy":"category","embeddable":true,"href":"https:\/\/www.sonoraenequipo.com.mx\/api\/wp\/v2\/categories?post=229640"},{"taxonomy":"post_tag","embeddable":true,"href":"https:\/\/www.sonoraenequipo.com.mx\/api\/wp\/v2\/tags?post=229640"}],"curies":[{"name":"wp","href":"https:\/\/api.w.org\/{rel}","templated":true}]}}