{"id":229645,"date":"2025-11-27T16:29:13","date_gmt":"2025-11-27T23:29:13","guid":{"rendered":"https:\/\/www.sonoraenequipo.com.mx\/?p=229645"},"modified":"2025-11-27T16:29:44","modified_gmt":"2025-11-27T23:29:44","slug":"coparmex-respalda-demandas-de-transportistas-y-campesinos","status":"publish","type":"post","link":"https:\/\/www.sonoraenequipo.com.mx\/coparmex-respalda-demandas-de-transportistas-y-campesinos\/","title":{"rendered":"Coparmex respalda demandas de transportistas y campesinos"},"content":{"rendered":"<p><strong>CIUDAD DE M\u00c9XICO. MX. \u2014\u00a0<\/strong> La Confederaci\u00f3n Patronal de la Rep\u00fablica Mexicana (Coparmex) respald\u00f3 las demandas planteadas por transportistas y productores agr\u00edcolas, quienes han bloqueado carreteras y aduanas esta semana, por lo que el organismo del sector privado pidi\u00f3 a las autoridades atender la problem\u00e1tica.<\/p>\n<p>&nbsp;<\/p>\n<p>&nbsp;<\/p>\n<p>&nbsp;<\/p>\n<p> <\/p>\n<p>La agrupaci\u00f3n de la iniciativa privada consider\u00f3 que el movimiento encabezado por la Asociaci\u00f3n Nacional de Transportistas (Antac) y diversas organizaciones campesinas<strong><em> \u201cconfirma la profundidad de un problema que se extiende por todo el pa\u00eds\u201d.<\/em><\/strong><\/p>\n<p>&nbsp;<\/p>\n<p>&nbsp;<\/p>\n<p>Aunque reconoci\u00f3 que las interrupciones ya generan retrasos, p\u00e9rdidas econ\u00f3micas y riesgos para empresas y transportistas que dependen del flujo continuo de mercanc\u00edas, tambi\u00e9n expres\u00f3 su respaldo a las demandas, pues enfrentan diariamente robos, extorsiones, cobro de piso y agresiones que ponen en riesgo su integridad y su patrimonio.<\/p>\n<p>&nbsp;<\/p>\n<p>&nbsp;<\/p>\n<p>La Antac es la \u00fanica organizaci\u00f3n de diversas agrupaciones de transportistas que est\u00e1 al frente de los bloqueos, pues otras se han desligado.<\/p>\n<p>&nbsp;<\/p>\n<p>&nbsp;<\/p>\n<p><em><strong>\u201cSu llamado a contar con condiciones m\u00ednimas de seguridad para trabajar es leg\u00edtimo y refleja una realidad que se ha normalizado a niveles inaceptables\u201d,<\/strong><\/em> indic\u00f3.<\/p>\n<p>&nbsp;<\/p>\n<p>&nbsp;<\/p>\n<p>&nbsp;<\/p>\n<p>&nbsp;<\/p>\n<p>La Coparmex detall\u00f3 que 33 de 55 ciudades y regiones participantes reportan afectaciones directas en carreteras, aduanas fronterizas, nodos log\u00edsticos y rutas estrat\u00e9gicas, particularmente en Jalisco, Guerrero, Chihuahua, Ciudad Ju\u00e1rez, Michoac\u00e1n, Zacatecas, Veracruz, Durango, Puebla, Sonora, Baja California, Guanajuato, Cuauht\u00e9moc, Tamaulipas, Hidalgo del Parral y regiones de San Luis Potos\u00ed y Guasave.<\/p>\n<p>&nbsp;<\/p>\n<p>&nbsp;<\/p>\n<p>&nbsp;<\/p>\n<p>El organismo del sector privado consider\u00f3 que los reclamos requieren respuestas inmediatas y coordinadas por parte de las autoridades.<strong><em> \u201cLa gravedad del fen\u00f3meno exige acciones que garanticen seguridad en carreteras, rutas de carga y puntos log\u00edsticos, evitando que la ciudadan\u00eda y las actividades econ\u00f3micas sigan siendo rehenes de la violencia\u201d,<\/em><\/strong> indicaron.<\/p>\n<p>&nbsp;<\/p>\n<p>&nbsp;<\/p>\n<p>&nbsp;<\/p>\n<p><em><strong>\u201cLa inseguridad en carreteras no solo afecta al transporte de carga; compromete la operaci\u00f3n de cadenas productivas, incrementa costos log\u00edsticos, deteriora la competitividad regional y coloca a M\u00e9xico en desventaja frente a sus socios comerciales. Sin rutas seguras no hay abastecimiento confiable, y sin abastecimiento confiable se frenan la inversi\u00f3n, la creaci\u00f3n de empleo y el crecimiento econ\u00f3mico\u201d, i<\/strong><\/em>ndic\u00f3.<\/p>\n<p>&nbsp;<\/p>\n<p>&nbsp;<\/p>\n<p>&nbsp;<\/p>\n<p>No obstante, la Coparmex tambi\u00e9n reconoci\u00f3 que falta apoyo financiero adecuado para el campo, incluyendo cr\u00e9ditos y herramientas para enfrentar costos crecientes y volatilidad del mercado.<\/p>\n<p>&nbsp;<\/p>\n<p>&nbsp;<\/p>\n<p><strong><em>\u201cEl desaf\u00edo exige coordinaci\u00f3n real. Llamamos al gobierno federal y a los gobiernos estatales a trabajar juntos en un esquema inmediato que incluya vigilancia efectiva en tramos de alto riesgo, atenci\u00f3n a denuncias por extorsi\u00f3n, operaci\u00f3n funcional de tr\u00e1mites indispensables para el transporte de carga y mecanismos de conciliaci\u00f3n que involucren a productores, transportistas, gobiernos y empresas. Ninguna soluci\u00f3n ser\u00e1 sostenible sin una estrategia conjunta que atienda de ra\u00edz los factores que originan estos conflictos\u201d<\/em><\/strong>, subray\u00f3.<\/p>\n<p>&nbsp;<\/p>\n<p>&nbsp;<\/p>\n<p>Coparmex tambi\u00e9n reiter\u00f3 el llamado al gobierno federal para ofrecer soluciones a la crisis de los productores agr\u00edcolas, especialmente por el bajo precio del ma\u00edz.<\/p>\n<p>&nbsp;<\/p>\n<p>&nbsp;<\/p>\n<p>Adem\u00e1s de pedir una mesa de di\u00e1logo, insisti\u00f3 en que toda esta problem\u00e1tica afecta a empresarios afiliados a Coparmex, pues compromete la viabilidad de sus empresas.<\/p>\n<p>&nbsp;<\/p>\n<p>&nbsp;<\/p>\n<p>&nbsp;<\/p>\n<p>PUBLICADO EL 27 DE NOVIEMBRE DE 2025 Con informaci\u00f3n de Alejandro Alegr\u00eda)<\/p>\n","protected":false},"excerpt":{"rendered":"<p>CIUDAD DE M\u00c9XICO. MX. \u2014\u00a0 La Confederaci\u00f3n Patronal de la Rep\u00fablica Mexicana (Coparmex) respald\u00f3 las&#8230;<\/p>\n","protected":false},"author":1,"featured_media":229615,"comment_status":"open","ping_status":"open","sticky":false,"template":"","format":"standard","meta":{"_monsterinsights_skip_tracking":false,"_monsterinsights_sitenote_active":false,"_monsterinsights_sitenote_note":"","_monsterinsights_sitenote_category":0,"footnotes":""},"categories":[5],"tags":[],"class_list":["post"],"yoast_head":" \n<title>Sonora en Equipo. Coparmex respalda demandas de transportistas y campesinos Rep\u00fablica<\/title>\n<meta name=\"description\" content=\"CIUDAD DE M\u00c9XICO. MX. \u2014\u00a0 La Confederaci\u00f3n Patronal de la Rep\u00fablica Mexicana (Coparmex) respald\u00f3 las demandas planteadas por transportistas y productores En Sonora en Equipo publicamos toda la informaci\u00f3n de Sonora, M\u00e9xico y el Mundo de manera oportuna y busca que la libertad de expresi\u00f3n sea real. Visita nuestro medio informativo publicado desde Hermosillo, Sonora. %\" \/>\n<meta name=\"robots\" content=\"index, follow, max-snippet:-1, max-image-preview:large, max-video-preview:-1\" \/>\n<link rel=\"canonical\" href=\"https:\/\/www.sonoraenequipo.com.mx\/coparmex-respalda-demandas-de-transportistas-y-campesinos\/\" \/>\n<meta property=\"og:locale\" content=\"es_ES\" \/>\n<meta property=\"og:type\" content=\"article\" \/>\n<meta property=\"og:title\" content=\"Sonora en Equipo. Coparmex respalda demandas de transportistas y campesinos Rep\u00fablica\" \/>\n<meta property=\"og:description\" content=\"CIUDAD DE M\u00c9XICO. MX. \u2014\u00a0 La Confederaci\u00f3n Patronal de la Rep\u00fablica Mexicana (Coparmex) respald\u00f3 las demandas planteadas por transportistas y productores En Sonora en Equipo publicamos toda la informaci\u00f3n de Sonora, M\u00e9xico y el Mundo de manera oportuna y busca que la libertad de expresi\u00f3n sea real. Visita nuestro medio informativo publicado desde Hermosillo, Sonora. %\" \/>\n<meta property=\"og:url\" content=\"https:\/\/www.sonoraenequipo.com.mx\/coparmex-respalda-demandas-de-transportistas-y-campesinos\/\" \/>\n<meta property=\"og:site_name\" content=\"Sonora en Equipo.\" \/>\n<meta property=\"article:publisher\" content=\"https:\/\/www.facebook.com\/SonoraEE\/\" \/>\n<meta property=\"article:author\" content=\"https:\/\/www.facebook.com\/SonoraEE\" \/>\n<meta property=\"article:published_time\" content=\"2025-11-27T23:29:13+00:00\" \/>\n<meta property=\"article:modified_time\" content=\"2025-11-27T23:29:44+00:00\" \/>\n<meta property=\"og:image\" content=\"https:\/\/www.sonoraenequipo.com.mx\/storage\/2025\/11\/paro-de-transportistas-min.jpg\" \/>\n\t<meta property=\"og:image:width\" content=\"1000\" \/>\n\t<meta property=\"og:image:height\" content=\"665\" \/>\n\t<meta property=\"og:image:type\" content=\"image\/jpeg\" \/>\n<meta name=\"author\" content=\"enequipo\" \/>\n<meta name=\"twitter:card\" content=\"summary_large_image\" \/>\n<meta name=\"twitter:creator\" content=\"@sonoraenequipo\" \/>\n<meta name=\"twitter:site\" content=\"@sonoraenequipo\" \/>\n<meta name=\"twitter:label1\" content=\"Escrito por\" \/>\n\t<meta name=\"twitter:data1\" content=\"enequipo\" \/>\n\t<meta name=\"twitter:label2\" content=\"Tiempo de lectura\" \/>\n\t<meta name=\"twitter:data2\" content=\"3 minutos\" \/>\n<script type=\"application\/ld+json\" class=\"yoast-schema-graph\">{\"@context\":\"https:\/\/schema.org\",\"@graph\":[{\"@type\":\"Article\",\"@id\":\"https:\/\/www.sonoraenequipo.com.mx\/coparmex-respalda-demandas-de-transportistas-y-campesinos\/#article\",\"isPartOf\":{\"@id\":\"https:\/\/www.sonoraenequipo.com.mx\/coparmex-respalda-demandas-de-transportistas-y-campesinos\/\"},\"author\":{\"name\":\"enequipo\",\"@id\":\"https:\/\/www.sonoraenequipo.com.mx\/#\/schema\/person\/50102df0fb23a8fa9e8effad8fa81386\"},\"headline\":\"Coparmex respalda demandas de transportistas y campesinos\",\"datePublished\":\"2025-11-27T23:29:13+00:00\",\"dateModified\":\"2025-11-27T23:29:44+00:00\",\"mainEntityOfPage\":{\"@id\":\"https:\/\/www.sonoraenequipo.com.mx\/coparmex-respalda-demandas-de-transportistas-y-campesinos\/\"},\"wordCount\":587,\"commentCount\":0,\"publisher\":{\"@id\":\"https:\/\/www.sonoraenequipo.com.mx\/#organization\"},\"image\":{\"@id\":\"https:\/\/www.sonoraenequipo.com.mx\/coparmex-respalda-demandas-de-transportistas-y-campesinos\/#primaryimage\"},\"thumbnailUrl\":\"https:\/\/www.sonoraenequipo.com.mx\/storage\/2025\/11\/paro-de-transportistas-min.jpg\",\"articleSection\":[\"Rep\u00fablica\"],\"inLanguage\":\"es\",\"potentialAction\":[{\"@type\":\"CommentAction\",\"name\":\"Comment\",\"target\":[\"https:\/\/www.sonoraenequipo.com.mx\/coparmex-respalda-demandas-de-transportistas-y-campesinos\/#respond\"]}]},{\"@type\":\"WebPage\",\"@id\":\"https:\/\/www.sonoraenequipo.com.mx\/coparmex-respalda-demandas-de-transportistas-y-campesinos\/\",\"url\":\"https:\/\/www.sonoraenequipo.com.mx\/coparmex-respalda-demandas-de-transportistas-y-campesinos\/\",\"name\":\"Sonora en Equipo. Coparmex respalda demandas de transportistas y campesinos Rep\u00fablica\",\"isPartOf\":{\"@id\":\"https:\/\/www.sonoraenequipo.com.mx\/#website\"},\"primaryImageOfPage\":{\"@id\":\"https:\/\/www.sonoraenequipo.com.mx\/coparmex-respalda-demandas-de-transportistas-y-campesinos\/#primaryimage\"},\"image\":{\"@id\":\"https:\/\/www.sonoraenequipo.com.mx\/coparmex-respalda-demandas-de-transportistas-y-campesinos\/#primaryimage\"},\"thumbnailUrl\":\"https:\/\/www.sonoraenequipo.com.mx\/storage\/2025\/11\/paro-de-transportistas-min.jpg\",\"datePublished\":\"2025-11-27T23:29:13+00:00\",\"dateModified\":\"2025-11-27T23:29:44+00:00\",\"description\":\"CIUDAD DE M\u00c9XICO. MX. \u2014\u00a0 La Confederaci\u00f3n Patronal de la Rep\u00fablica Mexicana (Coparmex) respald\u00f3 las demandas planteadas por transportistas y productores En Sonora en Equipo publicamos toda la informaci\u00f3n de Sonora, M\u00e9xico y el Mundo de manera oportuna y busca que la libertad de expresi\u00f3n sea real. Visita nuestro medio informativo publicado desde Hermosillo, Sonora. %\",\"breadcrumb\":{\"@id\":\"https:\/\/www.sonoraenequipo.com.mx\/coparmex-respalda-demandas-de-transportistas-y-campesinos\/#breadcrumb\"},\"inLanguage\":\"es\",\"potentialAction\":[{\"@type\":\"ReadAction\",\"target\":[\"https:\/\/www.sonoraenequipo.com.mx\/coparmex-respalda-demandas-de-transportistas-y-campesinos\/\"]}]},{\"@type\":\"ImageObject\",\"inLanguage\":\"es\",\"@id\":\"https:\/\/www.sonoraenequipo.com.mx\/coparmex-respalda-demandas-de-transportistas-y-campesinos\/#primaryimage\",\"url\":\"https:\/\/www.sonoraenequipo.com.mx\/storage\/2025\/11\/paro-de-transportistas-min.jpg\",\"contentUrl\":\"https:\/\/www.sonoraenequipo.com.mx\/storage\/2025\/11\/paro-de-transportistas-min.jpg\",\"width\":1000,\"height\":665},{\"@type\":\"BreadcrumbList\",\"@id\":\"https:\/\/www.sonoraenequipo.com.mx\/coparmex-respalda-demandas-de-transportistas-y-campesinos\/#breadcrumb\",\"itemListElement\":[{\"@type\":\"ListItem\",\"position\":1,\"name\":\"Portada\",\"item\":\"https:\/\/www.sonoraenequipo.com.mx\/\"},{\"@type\":\"ListItem\",\"position\":2,\"name\":\"Coparmex respalda demandas de transportistas y campesinos\"}]},{\"@type\":\"WebSite\",\"@id\":\"https:\/\/www.sonoraenequipo.com.mx\/#website\",\"url\":\"https:\/\/www.sonoraenequipo.com.mx\/\",\"name\":\"Sonora en Equipo.\",\"description\":\"Diario en l\u00ednea con Noticias desde Hermosillo, Sonora\",\"publisher\":{\"@id\":\"https:\/\/www.sonoraenequipo.com.mx\/#organization\"},\"potentialAction\":[{\"@type\":\"SearchAction\",\"target\":{\"@type\":\"EntryPoint\",\"urlTemplate\":\"https:\/\/www.sonoraenequipo.com.mx\/?s={search_term_string}\"},\"query-input\":{\"@type\":\"PropertyValueSpecification\",\"valueRequired\":true,\"valueName\":\"search_term_string\"}}],\"inLanguage\":\"es\"},{\"@type\":\"Organization\",\"@id\":\"https:\/\/www.sonoraenequipo.com.mx\/#organization\",\"name\":\"Sonoraenequipo.com.mx\",\"url\":\"https:\/\/www.sonoraenequipo.com.mx\/\",\"logo\":{\"@type\":\"ImageObject\",\"inLanguage\":\"es\",\"@id\":\"https:\/\/www.sonoraenequipo.com.mx\/#\/schema\/logo\/image\/\",\"url\":\"https:\/\/www.sonoraenequipo.com.mx\/storage\/2019\/01\/sonoraenequipo_opt.png\",\"contentUrl\":\"https:\/\/www.sonoraenequipo.com.mx\/storage\/2019\/01\/sonoraenequipo_opt.png\",\"width\":375,\"height\":125,\"caption\":\"Sonoraenequipo.com.mx\"},\"image\":{\"@id\":\"https:\/\/www.sonoraenequipo.com.mx\/#\/schema\/logo\/image\/\"},\"sameAs\":[\"https:\/\/www.facebook.com\/SonoraEE\/\",\"https:\/\/x.com\/sonoraenequipo\",\"https:\/\/www.youtube.com\/channel\/UC338nW-lPEYmJQs4ZABQ1SQ\"]},{\"@type\":\"Person\",\"@id\":\"https:\/\/www.sonoraenequipo.com.mx\/#\/schema\/person\/50102df0fb23a8fa9e8effad8fa81386\",\"name\":\"enequipo\",\"image\":{\"@type\":\"ImageObject\",\"inLanguage\":\"es\",\"@id\":\"https:\/\/www.sonoraenequipo.com.mx\/#\/schema\/person\/image\/\",\"url\":\"https:\/\/secure.gravatar.com\/avatar\/049821681b589dabc0bc20695993ccebb09f5b5d4d790cd9251b97faac7c652b?s=96&d=blank&r=g\",\"contentUrl\":\"https:\/\/secure.gravatar.com\/avatar\/049821681b589dabc0bc20695993ccebb09f5b5d4d790cd9251b97faac7c652b?s=96&d=blank&r=g\",\"caption\":\"enequipo\"},\"sameAs\":[\"https:\/\/www.facebook.com\/SonoraEE\"]}]}<\/script>\n ","yoast_head_json":{"title":"Sonora en Equipo. Coparmex respalda demandas de transportistas y campesinos Rep\u00fablica","description":"CIUDAD DE M\u00c9XICO. MX. \u2014\u00a0 La Confederaci\u00f3n Patronal de la Rep\u00fablica Mexicana (Coparmex) respald\u00f3 las demandas planteadas por transportistas y productores En Sonora en Equipo publicamos toda la informaci\u00f3n de Sonora, M\u00e9xico y el Mundo de manera oportuna y busca que la libertad de expresi\u00f3n sea real. Visita nuestro medio informativo publicado desde Hermosillo, Sonora. %","robots":{"index":"index","follow":"follow","max-snippet":"max-snippet:-1","max-image-preview":"max-image-preview:large","max-video-preview":"max-video-preview:-1"},"canonical":"https:\/\/www.sonoraenequipo.com.mx\/coparmex-respalda-demandas-de-transportistas-y-campesinos\/","og_locale":"es_ES","og_type":"article","og_title":"Sonora en Equipo. Coparmex respalda demandas de transportistas y campesinos Rep\u00fablica","og_description":"CIUDAD DE M\u00c9XICO. MX. \u2014\u00a0 La Confederaci\u00f3n Patronal de la Rep\u00fablica Mexicana (Coparmex) respald\u00f3 las demandas planteadas por transportistas y productores En Sonora en Equipo publicamos toda la informaci\u00f3n de Sonora, M\u00e9xico y el Mundo de manera oportuna y busca que la libertad de expresi\u00f3n sea real. Visita nuestro medio informativo publicado desde Hermosillo, Sonora. %","og_url":"https:\/\/www.sonoraenequipo.com.mx\/coparmex-respalda-demandas-de-transportistas-y-campesinos\/","og_site_name":"Sonora en Equipo.","article_publisher":"https:\/\/www.facebook.com\/SonoraEE\/","article_author":"https:\/\/www.facebook.com\/SonoraEE","article_published_time":"2025-11-27T23:29:13+00:00","article_modified_time":"2025-11-27T23:29:44+00:00","og_image":[{"width":1000,"height":665,"url":"https:\/\/www.sonoraenequipo.com.mx\/storage\/2025\/11\/paro-de-transportistas-min.jpg","type":"image\/jpeg"}],"author":"enequipo","twitter_card":"summary_large_image","twitter_creator":"@sonoraenequipo","twitter_site":"@sonoraenequipo","twitter_misc":{"Escrito por":"enequipo","Tiempo de lectura":"3 minutos"},"schema":{"@context":"https:\/\/schema.org","@graph":[{"@type":"Article","@id":"https:\/\/www.sonoraenequipo.com.mx\/coparmex-respalda-demandas-de-transportistas-y-campesinos\/#article","isPartOf":{"@id":"https:\/\/www.sonoraenequipo.com.mx\/coparmex-respalda-demandas-de-transportistas-y-campesinos\/"},"author":{"name":"enequipo","@id":"https:\/\/www.sonoraenequipo.com.mx\/#\/schema\/person\/50102df0fb23a8fa9e8effad8fa81386"},"headline":"Coparmex respalda demandas de transportistas y campesinos","datePublished":"2025-11-27T23:29:13+00:00","dateModified":"2025-11-27T23:29:44+00:00","mainEntityOfPage":{"@id":"https:\/\/www.sonoraenequipo.com.mx\/coparmex-respalda-demandas-de-transportistas-y-campesinos\/"},"wordCount":587,"commentCount":0,"publisher":{"@id":"https:\/\/www.sonoraenequipo.com.mx\/#organization"},"image":{"@id":"https:\/\/www.sonoraenequipo.com.mx\/coparmex-respalda-demandas-de-transportistas-y-campesinos\/#primaryimage"},"thumbnailUrl":"https:\/\/www.sonoraenequipo.com.mx\/storage\/2025\/11\/paro-de-transportistas-min.jpg","articleSection":["Rep\u00fablica"],"inLanguage":"es","potentialAction":[{"@type":"CommentAction","name":"Comment","target":["https:\/\/www.sonoraenequipo.com.mx\/coparmex-respalda-demandas-de-transportistas-y-campesinos\/#respond"]}]},{"@type":"WebPage","@id":"https:\/\/www.sonoraenequipo.com.mx\/coparmex-respalda-demandas-de-transportistas-y-campesinos\/","url":"https:\/\/www.sonoraenequipo.com.mx\/coparmex-respalda-demandas-de-transportistas-y-campesinos\/","name":"Sonora en Equipo. Coparmex respalda demandas de transportistas y campesinos Rep\u00fablica","isPartOf":{"@id":"https:\/\/www.sonoraenequipo.com.mx\/#website"},"primaryImageOfPage":{"@id":"https:\/\/www.sonoraenequipo.com.mx\/coparmex-respalda-demandas-de-transportistas-y-campesinos\/#primaryimage"},"image":{"@id":"https:\/\/www.sonoraenequipo.com.mx\/coparmex-respalda-demandas-de-transportistas-y-campesinos\/#primaryimage"},"thumbnailUrl":"https:\/\/www.sonoraenequipo.com.mx\/storage\/2025\/11\/paro-de-transportistas-min.jpg","datePublished":"2025-11-27T23:29:13+00:00","dateModified":"2025-11-27T23:29:44+00:00","description":"CIUDAD DE M\u00c9XICO. MX. \u2014\u00a0 La Confederaci\u00f3n Patronal de la Rep\u00fablica Mexicana (Coparmex) respald\u00f3 las demandas planteadas por transportistas y productores En Sonora en Equipo publicamos toda la informaci\u00f3n de Sonora, M\u00e9xico y el Mundo de manera oportuna y busca que la libertad de expresi\u00f3n sea real. Visita nuestro medio informativo publicado desde Hermosillo, Sonora. %","breadcrumb":{"@id":"https:\/\/www.sonoraenequipo.com.mx\/coparmex-respalda-demandas-de-transportistas-y-campesinos\/#breadcrumb"},"inLanguage":"es","potentialAction":[{"@type":"ReadAction","target":["https:\/\/www.sonoraenequipo.com.mx\/coparmex-respalda-demandas-de-transportistas-y-campesinos\/"]}]},{"@type":"ImageObject","inLanguage":"es","@id":"https:\/\/www.sonoraenequipo.com.mx\/coparmex-respalda-demandas-de-transportistas-y-campesinos\/#primaryimage","url":"https:\/\/www.sonoraenequipo.com.mx\/storage\/2025\/11\/paro-de-transportistas-min.jpg","contentUrl":"https:\/\/www.sonoraenequipo.com.mx\/storage\/2025\/11\/paro-de-transportistas-min.jpg","width":1000,"height":665},{"@type":"BreadcrumbList","@id":"https:\/\/www.sonoraenequipo.com.mx\/coparmex-respalda-demandas-de-transportistas-y-campesinos\/#breadcrumb","itemListElement":[{"@type":"ListItem","position":1,"name":"Portada","item":"https:\/\/www.sonoraenequipo.com.mx\/"},{"@type":"ListItem","position":2,"name":"Coparmex respalda demandas de transportistas y campesinos"}]},{"@type":"WebSite","@id":"https:\/\/www.sonoraenequipo.com.mx\/#website","url":"https:\/\/www.sonoraenequipo.com.mx\/","name":"Sonora en Equipo.","description":"Diario en l\u00ednea con Noticias desde Hermosillo, Sonora","publisher":{"@id":"https:\/\/www.sonoraenequipo.com.mx\/#organization"},"potentialAction":[{"@type":"SearchAction","target":{"@type":"EntryPoint","urlTemplate":"https:\/\/www.sonoraenequipo.com.mx\/?s={search_term_string}"},"query-input":{"@type":"PropertyValueSpecification","valueRequired":true,"valueName":"search_term_string"}}],"inLanguage":"es"},{"@type":"Organization","@id":"https:\/\/www.sonoraenequipo.com.mx\/#organization","name":"Sonoraenequipo.com.mx","url":"https:\/\/www.sonoraenequipo.com.mx\/","logo":{"@type":"ImageObject","inLanguage":"es","@id":"https:\/\/www.sonoraenequipo.com.mx\/#\/schema\/logo\/image\/","url":"https:\/\/www.sonoraenequipo.com.mx\/storage\/2019\/01\/sonoraenequipo_opt.png","contentUrl":"https:\/\/www.sonoraenequipo.com.mx\/storage\/2019\/01\/sonoraenequipo_opt.png","width":375,"height":125,"caption":"Sonoraenequipo.com.mx"},"image":{"@id":"https:\/\/www.sonoraenequipo.com.mx\/#\/schema\/logo\/image\/"},"sameAs":["https:\/\/www.facebook.com\/SonoraEE\/","https:\/\/x.com\/sonoraenequipo","https:\/\/www.youtube.com\/channel\/UC338nW-lPEYmJQs4ZABQ1SQ"]},{"@type":"Person","@id":"https:\/\/www.sonoraenequipo.com.mx\/#\/schema\/person\/50102df0fb23a8fa9e8effad8fa81386","name":"enequipo","image":{"@type":"ImageObject","inLanguage":"es","@id":"https:\/\/www.sonoraenequipo.com.mx\/#\/schema\/person\/image\/","url":"https:\/\/secure.gravatar.com\/avatar\/049821681b589dabc0bc20695993ccebb09f5b5d4d790cd9251b97faac7c652b?s=96&d=blank&r=g","contentUrl":"https:\/\/secure.gravatar.com\/avatar\/049821681b589dabc0bc20695993ccebb09f5b5d4d790cd9251b97faac7c652b?s=96&d=blank&r=g","caption":"enequipo"},"sameAs":["https:\/\/www.facebook.com\/SonoraEE"]}]}},"jetpack_featured_media_url":"https:\/\/www.sonoraenequipo.com.mx\/storage\/2025\/11\/paro-de-transportistas-min.jpg","_links":{"self":[{"href":"https:\/\/www.sonoraenequipo.com.mx\/api\/wp\/v2\/posts\/229645","targetHints":{"allow":["GET"]}}],"collection":[{"href":"https:\/\/www.sonoraenequipo.com.mx\/api\/wp\/v2\/posts"}],"about":[{"href":"https:\/\/www.sonoraenequipo.com.mx\/api\/wp\/v2\/types\/post"}],"author":[{"embeddable":true,"href":"https:\/\/www.sonoraenequipo.com.mx\/api\/wp\/v2\/users\/1"}],"replies":[{"embeddable":true,"href":"https:\/\/www.sonoraenequipo.com.mx\/api\/wp\/v2\/comments?post=229645"}],"version-history":[{"count":1,"href":"https:\/\/www.sonoraenequipo.com.mx\/api\/wp\/v2\/posts\/229645\/revisions"}],"predecessor-version":[{"id":229646,"href":"https:\/\/www.sonoraenequipo.com.mx\/api\/wp\/v2\/posts\/229645\/revisions\/229646"}],"wp:featuredmedia":[{"embeddable":true,"href":"https:\/\/www.sonoraenequipo.com.mx\/api\/wp\/v2\/media\/229615"}],"wp:attachment":[{"href":"https:\/\/www.sonoraenequipo.com.mx\/api\/wp\/v2\/media?parent=229645"}],"wp:term":[{"taxonomy":"category","embeddable":true,"href":"https:\/\/www.sonoraenequipo.com.mx\/api\/wp\/v2\/categories?post=229645"},{"taxonomy":"post_tag","embeddable":true,"href":"https:\/\/www.sonoraenequipo.com.mx\/api\/wp\/v2\/tags?post=229645"}],"curies":[{"name":"wp","href":"https:\/\/api.w.org\/{rel}","templated":true}]}}