{"id":229652,"date":"2025-11-27T18:42:55","date_gmt":"2025-11-28T01:42:55","guid":{"rendered":"https:\/\/www.sonoraenequipo.com.mx\/?p=229652"},"modified":"2025-11-27T18:42:55","modified_gmt":"2025-11-28T01:42:55","slug":"aprueba-congreso-financiamiento-y-reestructura-de-deuda-de-paraestatales","status":"publish","type":"post","link":"https:\/\/www.sonoraenequipo.com.mx\/aprueba-congreso-financiamiento-y-reestructura-de-deuda-de-paraestatales\/","title":{"rendered":"Aprueba Congreso  financiamiento  y reestructura de deuda de paraestatales"},"content":{"rendered":"<p><strong>HERMOSILLO, SONORA, MX.<\/strong> \u2014 El Congreso de Sonora aprob\u00f3 por mayor\u00eda la contrataci\u00f3n de hasta mil 500 millones de pesos en financiamiento para infraestructura y la reestructura de deuda de paraestatales, as\u00ed como la reducci\u00f3n de derechos por licencias de alcohol. Adem\u00e1s, turn\u00f3 a comisiones diversas iniciativas y escuch\u00f3 distintos posicionamientos.<\/p>\n<p>&nbsp;<\/p>\n<p>&nbsp;<\/p>\n<p>&nbsp;<\/p>\n<p>El diputado Ren\u00e9 Edmundo Garc\u00eda Rojo (PT) y la diputada Elia Sallard Hern\u00e1ndez (Morena) dieron lectura al dictamen que autoriz\u00f3 al titular del Ejecutivo a contratar hasta mil 500 millones de pesos en financiamiento para obras de infraestructura, as\u00ed como a refinanciar la deuda de tres entidades paraestatales, manteniendo un nivel de endeudamiento sostenible. El documento prev\u00e9 que los recursos liberados fortalezcan la inversi\u00f3n p\u00fablica y el balance presupuestal.<\/p>\n<p>&nbsp;<\/p>\n<p>&nbsp;<\/p>\n<p>&nbsp;<\/p>\n<p>En este punto, se manifestaron a favor del dictamen diputadas y diputados de Morena, PT, Nueva Alianza Sonora, PES y PVEM, al considerar que se trata de una propuesta fiscalmente responsable que llevar\u00e1 bienestar a la poblaci\u00f3n. En contra se pronunciaron legisladoras y legisladores del PRI, PAN y MC, bajo el argumento de la necesidad de contar con mayor informaci\u00f3n para emitir su voto en una sesi\u00f3n posterior sobre el dictamen presentado. La votaci\u00f3n se llev\u00f3 a cabo de manera nominal y registr\u00f3 22 votos a favor y seis en contra.<\/p>\n<p>&nbsp;<\/p>\n<p>&nbsp;<\/p>\n<p>&nbsp;<\/p>\n<p>Por su parte, la diputada Elia Sallard Hern\u00e1ndez (Morena) dio lectura al decreto de reforma a la Ley de Hacienda con el fin de reducir los derechos por revalidaci\u00f3n y canje de licencias para la venta y consumo de bebidas alcoh\u00f3licas, a fin de facilitar el cumplimiento fiscal y reforzar los incentivos derivados del decreto de 2025 sobre est\u00edmulos por pronto pago.<\/p>\n<p>&nbsp;<\/p>\n<p>&nbsp;<\/p>\n<p>&nbsp;<\/p>\n<p>La diputada Marcela Valenzuela Nev\u00e1rez (Morena) propuso reformar el C\u00f3digo Penal para tipificar como delito el acercamiento sexual a menores mediante medios digitales, con el fin de sancionar el denominado \u201cgrooming\u201d con penas m\u00e1s severas y medidas complementarias, como tratamiento psicol\u00f3gico y el registro de agresores, a fin de prevenir y combatir el ciberacoso sexual infantil.<\/p>\n<p>&nbsp;<\/p>\n<p>&nbsp;<\/p>\n<p>&nbsp;<\/p>\n<p>Enseguida, el diputado Ren\u00e9 Edmundo Garc\u00eda Rojo (PT) present\u00f3 una iniciativa para armonizar la Ley de Contabilidad Gubernamental con las reformas constitucionales en materia de derechos ind\u00edgenas y afromexicanos.<\/p>\n<p>&nbsp;<\/p>\n<p>&nbsp;<\/p>\n<p>&nbsp;<\/p>\n<p>La diputada Alejandra L\u00f3pez Noriega propuso reformar la Ley de Educaci\u00f3n para obligar al Estado a promover, mantener y financiar las escuelas de tiempo completo en educaci\u00f3n b\u00e1sica, garantizando una asignaci\u00f3n presupuestal anual que asegure su continuidad y expansi\u00f3n.<\/p>\n<p>&nbsp;<\/p>\n<p>&nbsp;<\/p>\n<p>&nbsp;<\/p>\n<p>Las iniciativas se turnaron a las comisiones de Justicia y Derechos Humanos, de Hacienda y de Educaci\u00f3n y Cultura para su an\u00e1lisis y, en su caso, dictaminaci\u00f3n.<\/p>\n<p>&nbsp;<\/p>\n<p>&nbsp;<\/p>\n<p>&nbsp;<\/p>\n<p>En los posicionamientos, la diputada Claudia Zulema Bours Corral (PVEM) se pronunci\u00f3 con motivo del D\u00eda Internacional de la Eliminaci\u00f3n de la Violencia contra las Mujeres; Gabriela Danitza F\u00e9lix Boj\u00f3rquez (MC) demand\u00f3 mayor presupuesto para la Universidad de Sonora, y Juan Pablo Arenivar Mart\u00ednez (PAN) conmemor\u00f3 el D\u00eda Nacional contra el C\u00e1ncer de Pr\u00f3stata, exhortando a romper tab\u00faes y fortalecer la detecci\u00f3n temprana.<\/p>\n<p>&nbsp;<\/p>\n<p>&nbsp;<\/p>\n<p>&nbsp;<\/p>\n<p>La Mesa Directiva cit\u00f3 a sesi\u00f3n ordinaria para el martes 2 de diciembre, a las 11:00 horas.<\/p>\n<p>&nbsp;<\/p>\n<p><strong>Fecha de publicaci\u00f3n\u00a0 jueves 27 de noviembre de 2025<\/strong><\/p>\n","protected":false},"excerpt":{"rendered":"<p>HERMOSILLO, SONORA, MX. \u2014 El Congreso de Sonora aprob\u00f3 por mayor\u00eda la contrataci\u00f3n de hasta&#8230;<\/p>\n","protected":false},"author":1,"featured_media":229653,"comment_status":"open","ping_status":"open","sticky":false,"template":"","format":"standard","meta":{"_monsterinsights_skip_tracking":false,"_monsterinsights_sitenote_active":false,"_monsterinsights_sitenote_note":"","_monsterinsights_sitenote_category":0,"footnotes":""},"categories":[3281],"tags":[1248,15],"class_list":["post"],"yoast_head":" \n<title>Sonora en Equipo. Aprueba Congreso financiamiento y reestructura de deuda de paraestatales Congreso<\/title>\n<meta name=\"description\" content=\"HERMOSILLO, SONORA, MX. \u2014 El Congreso de Sonora aprob\u00f3 por mayor\u00eda la contrataci\u00f3n de hasta mil 500 millones de pesos en financiamiento para En Sonora en Equipo publicamos toda la informaci\u00f3n de Sonora, M\u00e9xico y el Mundo de manera oportuna y busca que la libertad de expresi\u00f3n sea real. Visita nuestro medio informativo publicado desde Hermosillo, Sonora. %\" \/>\n<meta name=\"robots\" content=\"index, follow, max-snippet:-1, max-image-preview:large, max-video-preview:-1\" \/>\n<link rel=\"canonical\" href=\"https:\/\/www.sonoraenequipo.com.mx\/aprueba-congreso-financiamiento-y-reestructura-de-deuda-de-paraestatales\/\" \/>\n<meta property=\"og:locale\" content=\"es_ES\" \/>\n<meta property=\"og:type\" content=\"article\" \/>\n<meta property=\"og:title\" content=\"Sonora en Equipo. Aprueba Congreso financiamiento y reestructura de deuda de paraestatales Congreso\" \/>\n<meta property=\"og:description\" content=\"HERMOSILLO, SONORA, MX. \u2014 El Congreso de Sonora aprob\u00f3 por mayor\u00eda la contrataci\u00f3n de hasta mil 500 millones de pesos en financiamiento para En Sonora en Equipo publicamos toda la informaci\u00f3n de Sonora, M\u00e9xico y el Mundo de manera oportuna y busca que la libertad de expresi\u00f3n sea real. Visita nuestro medio informativo publicado desde Hermosillo, Sonora. %\" \/>\n<meta property=\"og:url\" content=\"https:\/\/www.sonoraenequipo.com.mx\/aprueba-congreso-financiamiento-y-reestructura-de-deuda-de-paraestatales\/\" \/>\n<meta property=\"og:site_name\" content=\"Sonora en Equipo.\" \/>\n<meta property=\"article:publisher\" content=\"https:\/\/www.facebook.com\/SonoraEE\/\" \/>\n<meta property=\"article:author\" content=\"https:\/\/www.facebook.com\/SonoraEE\" \/>\n<meta property=\"article:published_time\" content=\"2025-11-28T01:42:55+00:00\" \/>\n<meta property=\"og:image\" content=\"https:\/\/www.sonoraenequipo.com.mx\/storage\/2025\/11\/sesion-271125.jpg\" \/>\n\t<meta property=\"og:image:width\" content=\"600\" \/>\n\t<meta property=\"og:image:height\" content=\"400\" \/>\n\t<meta property=\"og:image:type\" content=\"image\/jpeg\" \/>\n<meta name=\"author\" content=\"enequipo\" \/>\n<meta name=\"twitter:card\" content=\"summary_large_image\" \/>\n<meta name=\"twitter:creator\" content=\"@sonoraenequipo\" \/>\n<meta name=\"twitter:site\" content=\"@sonoraenequipo\" \/>\n<meta name=\"twitter:label1\" content=\"Escrito por\" \/>\n\t<meta name=\"twitter:data1\" content=\"enequipo\" \/>\n\t<meta name=\"twitter:label2\" content=\"Tiempo de lectura\" \/>\n\t<meta name=\"twitter:data2\" content=\"3 minutos\" \/>\n<script type=\"application\/ld+json\" class=\"yoast-schema-graph\">{\"@context\":\"https:\/\/schema.org\",\"@graph\":[{\"@type\":\"Article\",\"@id\":\"https:\/\/www.sonoraenequipo.com.mx\/aprueba-congreso-financiamiento-y-reestructura-de-deuda-de-paraestatales\/#article\",\"isPartOf\":{\"@id\":\"https:\/\/www.sonoraenequipo.com.mx\/aprueba-congreso-financiamiento-y-reestructura-de-deuda-de-paraestatales\/\"},\"author\":{\"name\":\"enequipo\",\"@id\":\"https:\/\/www.sonoraenequipo.com.mx\/#\/schema\/person\/50102df0fb23a8fa9e8effad8fa81386\"},\"headline\":\"Aprueba Congreso financiamiento y reestructura de deuda de paraestatales\",\"datePublished\":\"2025-11-28T01:42:55+00:00\",\"mainEntityOfPage\":{\"@id\":\"https:\/\/www.sonoraenequipo.com.mx\/aprueba-congreso-financiamiento-y-reestructura-de-deuda-de-paraestatales\/\"},\"wordCount\":584,\"commentCount\":0,\"publisher\":{\"@id\":\"https:\/\/www.sonoraenequipo.com.mx\/#organization\"},\"image\":{\"@id\":\"https:\/\/www.sonoraenequipo.com.mx\/aprueba-congreso-financiamiento-y-reestructura-de-deuda-de-paraestatales\/#primaryimage\"},\"thumbnailUrl\":\"https:\/\/www.sonoraenequipo.com.mx\/storage\/2025\/11\/sesion-271125.jpg\",\"keywords\":[\"CONGRESO\",\"Sonora\"],\"articleSection\":[\"Congreso\"],\"inLanguage\":\"es\",\"potentialAction\":[{\"@type\":\"CommentAction\",\"name\":\"Comment\",\"target\":[\"https:\/\/www.sonoraenequipo.com.mx\/aprueba-congreso-financiamiento-y-reestructura-de-deuda-de-paraestatales\/#respond\"]}]},{\"@type\":\"WebPage\",\"@id\":\"https:\/\/www.sonoraenequipo.com.mx\/aprueba-congreso-financiamiento-y-reestructura-de-deuda-de-paraestatales\/\",\"url\":\"https:\/\/www.sonoraenequipo.com.mx\/aprueba-congreso-financiamiento-y-reestructura-de-deuda-de-paraestatales\/\",\"name\":\"Sonora en Equipo. Aprueba Congreso financiamiento y reestructura de deuda de paraestatales Congreso\",\"isPartOf\":{\"@id\":\"https:\/\/www.sonoraenequipo.com.mx\/#website\"},\"primaryImageOfPage\":{\"@id\":\"https:\/\/www.sonoraenequipo.com.mx\/aprueba-congreso-financiamiento-y-reestructura-de-deuda-de-paraestatales\/#primaryimage\"},\"image\":{\"@id\":\"https:\/\/www.sonoraenequipo.com.mx\/aprueba-congreso-financiamiento-y-reestructura-de-deuda-de-paraestatales\/#primaryimage\"},\"thumbnailUrl\":\"https:\/\/www.sonoraenequipo.com.mx\/storage\/2025\/11\/sesion-271125.jpg\",\"datePublished\":\"2025-11-28T01:42:55+00:00\",\"description\":\"HERMOSILLO, SONORA, MX. \u2014 El Congreso de Sonora aprob\u00f3 por mayor\u00eda la contrataci\u00f3n de hasta mil 500 millones de pesos en financiamiento para En Sonora en Equipo publicamos toda la informaci\u00f3n de Sonora, M\u00e9xico y el Mundo de manera oportuna y busca que la libertad de expresi\u00f3n sea real. Visita nuestro medio informativo publicado desde Hermosillo, Sonora. %\",\"breadcrumb\":{\"@id\":\"https:\/\/www.sonoraenequipo.com.mx\/aprueba-congreso-financiamiento-y-reestructura-de-deuda-de-paraestatales\/#breadcrumb\"},\"inLanguage\":\"es\",\"potentialAction\":[{\"@type\":\"ReadAction\",\"target\":[\"https:\/\/www.sonoraenequipo.com.mx\/aprueba-congreso-financiamiento-y-reestructura-de-deuda-de-paraestatales\/\"]}]},{\"@type\":\"ImageObject\",\"inLanguage\":\"es\",\"@id\":\"https:\/\/www.sonoraenequipo.com.mx\/aprueba-congreso-financiamiento-y-reestructura-de-deuda-de-paraestatales\/#primaryimage\",\"url\":\"https:\/\/www.sonoraenequipo.com.mx\/storage\/2025\/11\/sesion-271125.jpg\",\"contentUrl\":\"https:\/\/www.sonoraenequipo.com.mx\/storage\/2025\/11\/sesion-271125.jpg\",\"width\":600,\"height\":400},{\"@type\":\"BreadcrumbList\",\"@id\":\"https:\/\/www.sonoraenequipo.com.mx\/aprueba-congreso-financiamiento-y-reestructura-de-deuda-de-paraestatales\/#breadcrumb\",\"itemListElement\":[{\"@type\":\"ListItem\",\"position\":1,\"name\":\"Portada\",\"item\":\"https:\/\/www.sonoraenequipo.com.mx\/\"},{\"@type\":\"ListItem\",\"position\":2,\"name\":\"Aprueba Congreso financiamiento y reestructura de deuda de paraestatales\"}]},{\"@type\":\"WebSite\",\"@id\":\"https:\/\/www.sonoraenequipo.com.mx\/#website\",\"url\":\"https:\/\/www.sonoraenequipo.com.mx\/\",\"name\":\"Sonora en Equipo.\",\"description\":\"Diario en l\u00ednea con Noticias desde Hermosillo, Sonora\",\"publisher\":{\"@id\":\"https:\/\/www.sonoraenequipo.com.mx\/#organization\"},\"potentialAction\":[{\"@type\":\"SearchAction\",\"target\":{\"@type\":\"EntryPoint\",\"urlTemplate\":\"https:\/\/www.sonoraenequipo.com.mx\/?s={search_term_string}\"},\"query-input\":{\"@type\":\"PropertyValueSpecification\",\"valueRequired\":true,\"valueName\":\"search_term_string\"}}],\"inLanguage\":\"es\"},{\"@type\":\"Organization\",\"@id\":\"https:\/\/www.sonoraenequipo.com.mx\/#organization\",\"name\":\"Sonoraenequipo.com.mx\",\"url\":\"https:\/\/www.sonoraenequipo.com.mx\/\",\"logo\":{\"@type\":\"ImageObject\",\"inLanguage\":\"es\",\"@id\":\"https:\/\/www.sonoraenequipo.com.mx\/#\/schema\/logo\/image\/\",\"url\":\"https:\/\/www.sonoraenequipo.com.mx\/storage\/2019\/01\/sonoraenequipo_opt.png\",\"contentUrl\":\"https:\/\/www.sonoraenequipo.com.mx\/storage\/2019\/01\/sonoraenequipo_opt.png\",\"width\":375,\"height\":125,\"caption\":\"Sonoraenequipo.com.mx\"},\"image\":{\"@id\":\"https:\/\/www.sonoraenequipo.com.mx\/#\/schema\/logo\/image\/\"},\"sameAs\":[\"https:\/\/www.facebook.com\/SonoraEE\/\",\"https:\/\/x.com\/sonoraenequipo\",\"https:\/\/www.youtube.com\/channel\/UC338nW-lPEYmJQs4ZABQ1SQ\"]},{\"@type\":\"Person\",\"@id\":\"https:\/\/www.sonoraenequipo.com.mx\/#\/schema\/person\/50102df0fb23a8fa9e8effad8fa81386\",\"name\":\"enequipo\",\"image\":{\"@type\":\"ImageObject\",\"inLanguage\":\"es\",\"@id\":\"https:\/\/www.sonoraenequipo.com.mx\/#\/schema\/person\/image\/\",\"url\":\"https:\/\/secure.gravatar.com\/avatar\/049821681b589dabc0bc20695993ccebb09f5b5d4d790cd9251b97faac7c652b?s=96&d=blank&r=g\",\"contentUrl\":\"https:\/\/secure.gravatar.com\/avatar\/049821681b589dabc0bc20695993ccebb09f5b5d4d790cd9251b97faac7c652b?s=96&d=blank&r=g\",\"caption\":\"enequipo\"},\"sameAs\":[\"https:\/\/www.facebook.com\/SonoraEE\"]}]}<\/script>\n ","yoast_head_json":{"title":"Sonora en Equipo. Aprueba Congreso financiamiento y reestructura de deuda de paraestatales Congreso","description":"HERMOSILLO, SONORA, MX. \u2014 El Congreso de Sonora aprob\u00f3 por mayor\u00eda la contrataci\u00f3n de hasta mil 500 millones de pesos en financiamiento para En Sonora en Equipo publicamos toda la informaci\u00f3n de Sonora, M\u00e9xico y el Mundo de manera oportuna y busca que la libertad de expresi\u00f3n sea real. Visita nuestro medio informativo publicado desde Hermosillo, Sonora. %","robots":{"index":"index","follow":"follow","max-snippet":"max-snippet:-1","max-image-preview":"max-image-preview:large","max-video-preview":"max-video-preview:-1"},"canonical":"https:\/\/www.sonoraenequipo.com.mx\/aprueba-congreso-financiamiento-y-reestructura-de-deuda-de-paraestatales\/","og_locale":"es_ES","og_type":"article","og_title":"Sonora en Equipo. Aprueba Congreso financiamiento y reestructura de deuda de paraestatales Congreso","og_description":"HERMOSILLO, SONORA, MX. \u2014 El Congreso de Sonora aprob\u00f3 por mayor\u00eda la contrataci\u00f3n de hasta mil 500 millones de pesos en financiamiento para En Sonora en Equipo publicamos toda la informaci\u00f3n de Sonora, M\u00e9xico y el Mundo de manera oportuna y busca que la libertad de expresi\u00f3n sea real. Visita nuestro medio informativo publicado desde Hermosillo, Sonora. %","og_url":"https:\/\/www.sonoraenequipo.com.mx\/aprueba-congreso-financiamiento-y-reestructura-de-deuda-de-paraestatales\/","og_site_name":"Sonora en Equipo.","article_publisher":"https:\/\/www.facebook.com\/SonoraEE\/","article_author":"https:\/\/www.facebook.com\/SonoraEE","article_published_time":"2025-11-28T01:42:55+00:00","og_image":[{"width":600,"height":400,"url":"https:\/\/www.sonoraenequipo.com.mx\/storage\/2025\/11\/sesion-271125.jpg","type":"image\/jpeg"}],"author":"enequipo","twitter_card":"summary_large_image","twitter_creator":"@sonoraenequipo","twitter_site":"@sonoraenequipo","twitter_misc":{"Escrito por":"enequipo","Tiempo de lectura":"3 minutos"},"schema":{"@context":"https:\/\/schema.org","@graph":[{"@type":"Article","@id":"https:\/\/www.sonoraenequipo.com.mx\/aprueba-congreso-financiamiento-y-reestructura-de-deuda-de-paraestatales\/#article","isPartOf":{"@id":"https:\/\/www.sonoraenequipo.com.mx\/aprueba-congreso-financiamiento-y-reestructura-de-deuda-de-paraestatales\/"},"author":{"name":"enequipo","@id":"https:\/\/www.sonoraenequipo.com.mx\/#\/schema\/person\/50102df0fb23a8fa9e8effad8fa81386"},"headline":"Aprueba Congreso financiamiento y reestructura de deuda de paraestatales","datePublished":"2025-11-28T01:42:55+00:00","mainEntityOfPage":{"@id":"https:\/\/www.sonoraenequipo.com.mx\/aprueba-congreso-financiamiento-y-reestructura-de-deuda-de-paraestatales\/"},"wordCount":584,"commentCount":0,"publisher":{"@id":"https:\/\/www.sonoraenequipo.com.mx\/#organization"},"image":{"@id":"https:\/\/www.sonoraenequipo.com.mx\/aprueba-congreso-financiamiento-y-reestructura-de-deuda-de-paraestatales\/#primaryimage"},"thumbnailUrl":"https:\/\/www.sonoraenequipo.com.mx\/storage\/2025\/11\/sesion-271125.jpg","keywords":["CONGRESO","Sonora"],"articleSection":["Congreso"],"inLanguage":"es","potentialAction":[{"@type":"CommentAction","name":"Comment","target":["https:\/\/www.sonoraenequipo.com.mx\/aprueba-congreso-financiamiento-y-reestructura-de-deuda-de-paraestatales\/#respond"]}]},{"@type":"WebPage","@id":"https:\/\/www.sonoraenequipo.com.mx\/aprueba-congreso-financiamiento-y-reestructura-de-deuda-de-paraestatales\/","url":"https:\/\/www.sonoraenequipo.com.mx\/aprueba-congreso-financiamiento-y-reestructura-de-deuda-de-paraestatales\/","name":"Sonora en Equipo. Aprueba Congreso financiamiento y reestructura de deuda de paraestatales Congreso","isPartOf":{"@id":"https:\/\/www.sonoraenequipo.com.mx\/#website"},"primaryImageOfPage":{"@id":"https:\/\/www.sonoraenequipo.com.mx\/aprueba-congreso-financiamiento-y-reestructura-de-deuda-de-paraestatales\/#primaryimage"},"image":{"@id":"https:\/\/www.sonoraenequipo.com.mx\/aprueba-congreso-financiamiento-y-reestructura-de-deuda-de-paraestatales\/#primaryimage"},"thumbnailUrl":"https:\/\/www.sonoraenequipo.com.mx\/storage\/2025\/11\/sesion-271125.jpg","datePublished":"2025-11-28T01:42:55+00:00","description":"HERMOSILLO, SONORA, MX. \u2014 El Congreso de Sonora aprob\u00f3 por mayor\u00eda la contrataci\u00f3n de hasta mil 500 millones de pesos en financiamiento para En Sonora en Equipo publicamos toda la informaci\u00f3n de Sonora, M\u00e9xico y el Mundo de manera oportuna y busca que la libertad de expresi\u00f3n sea real. Visita nuestro medio informativo publicado desde Hermosillo, Sonora. %","breadcrumb":{"@id":"https:\/\/www.sonoraenequipo.com.mx\/aprueba-congreso-financiamiento-y-reestructura-de-deuda-de-paraestatales\/#breadcrumb"},"inLanguage":"es","potentialAction":[{"@type":"ReadAction","target":["https:\/\/www.sonoraenequipo.com.mx\/aprueba-congreso-financiamiento-y-reestructura-de-deuda-de-paraestatales\/"]}]},{"@type":"ImageObject","inLanguage":"es","@id":"https:\/\/www.sonoraenequipo.com.mx\/aprueba-congreso-financiamiento-y-reestructura-de-deuda-de-paraestatales\/#primaryimage","url":"https:\/\/www.sonoraenequipo.com.mx\/storage\/2025\/11\/sesion-271125.jpg","contentUrl":"https:\/\/www.sonoraenequipo.com.mx\/storage\/2025\/11\/sesion-271125.jpg","width":600,"height":400},{"@type":"BreadcrumbList","@id":"https:\/\/www.sonoraenequipo.com.mx\/aprueba-congreso-financiamiento-y-reestructura-de-deuda-de-paraestatales\/#breadcrumb","itemListElement":[{"@type":"ListItem","position":1,"name":"Portada","item":"https:\/\/www.sonoraenequipo.com.mx\/"},{"@type":"ListItem","position":2,"name":"Aprueba Congreso financiamiento y reestructura de deuda de paraestatales"}]},{"@type":"WebSite","@id":"https:\/\/www.sonoraenequipo.com.mx\/#website","url":"https:\/\/www.sonoraenequipo.com.mx\/","name":"Sonora en Equipo.","description":"Diario en l\u00ednea con Noticias desde Hermosillo, Sonora","publisher":{"@id":"https:\/\/www.sonoraenequipo.com.mx\/#organization"},"potentialAction":[{"@type":"SearchAction","target":{"@type":"EntryPoint","urlTemplate":"https:\/\/www.sonoraenequipo.com.mx\/?s={search_term_string}"},"query-input":{"@type":"PropertyValueSpecification","valueRequired":true,"valueName":"search_term_string"}}],"inLanguage":"es"},{"@type":"Organization","@id":"https:\/\/www.sonoraenequipo.com.mx\/#organization","name":"Sonoraenequipo.com.mx","url":"https:\/\/www.sonoraenequipo.com.mx\/","logo":{"@type":"ImageObject","inLanguage":"es","@id":"https:\/\/www.sonoraenequipo.com.mx\/#\/schema\/logo\/image\/","url":"https:\/\/www.sonoraenequipo.com.mx\/storage\/2019\/01\/sonoraenequipo_opt.png","contentUrl":"https:\/\/www.sonoraenequipo.com.mx\/storage\/2019\/01\/sonoraenequipo_opt.png","width":375,"height":125,"caption":"Sonoraenequipo.com.mx"},"image":{"@id":"https:\/\/www.sonoraenequipo.com.mx\/#\/schema\/logo\/image\/"},"sameAs":["https:\/\/www.facebook.com\/SonoraEE\/","https:\/\/x.com\/sonoraenequipo","https:\/\/www.youtube.com\/channel\/UC338nW-lPEYmJQs4ZABQ1SQ"]},{"@type":"Person","@id":"https:\/\/www.sonoraenequipo.com.mx\/#\/schema\/person\/50102df0fb23a8fa9e8effad8fa81386","name":"enequipo","image":{"@type":"ImageObject","inLanguage":"es","@id":"https:\/\/www.sonoraenequipo.com.mx\/#\/schema\/person\/image\/","url":"https:\/\/secure.gravatar.com\/avatar\/049821681b589dabc0bc20695993ccebb09f5b5d4d790cd9251b97faac7c652b?s=96&d=blank&r=g","contentUrl":"https:\/\/secure.gravatar.com\/avatar\/049821681b589dabc0bc20695993ccebb09f5b5d4d790cd9251b97faac7c652b?s=96&d=blank&r=g","caption":"enequipo"},"sameAs":["https:\/\/www.facebook.com\/SonoraEE"]}]}},"jetpack_featured_media_url":"https:\/\/www.sonoraenequipo.com.mx\/storage\/2025\/11\/sesion-271125.jpg","_links":{"self":[{"href":"https:\/\/www.sonoraenequipo.com.mx\/api\/wp\/v2\/posts\/229652","targetHints":{"allow":["GET"]}}],"collection":[{"href":"https:\/\/www.sonoraenequipo.com.mx\/api\/wp\/v2\/posts"}],"about":[{"href":"https:\/\/www.sonoraenequipo.com.mx\/api\/wp\/v2\/types\/post"}],"author":[{"embeddable":true,"href":"https:\/\/www.sonoraenequipo.com.mx\/api\/wp\/v2\/users\/1"}],"replies":[{"embeddable":true,"href":"https:\/\/www.sonoraenequipo.com.mx\/api\/wp\/v2\/comments?post=229652"}],"version-history":[{"count":1,"href":"https:\/\/www.sonoraenequipo.com.mx\/api\/wp\/v2\/posts\/229652\/revisions"}],"predecessor-version":[{"id":229654,"href":"https:\/\/www.sonoraenequipo.com.mx\/api\/wp\/v2\/posts\/229652\/revisions\/229654"}],"wp:featuredmedia":[{"embeddable":true,"href":"https:\/\/www.sonoraenequipo.com.mx\/api\/wp\/v2\/media\/229653"}],"wp:attachment":[{"href":"https:\/\/www.sonoraenequipo.com.mx\/api\/wp\/v2\/media?parent=229652"}],"wp:term":[{"taxonomy":"category","embeddable":true,"href":"https:\/\/www.sonoraenequipo.com.mx\/api\/wp\/v2\/categories?post=229652"},{"taxonomy":"post_tag","embeddable":true,"href":"https:\/\/www.sonoraenequipo.com.mx\/api\/wp\/v2\/tags?post=229652"}],"curies":[{"name":"wp","href":"https:\/\/api.w.org\/{rel}","templated":true}]}}