{"id":229661,"date":"2025-11-27T20:00:51","date_gmt":"2025-11-28T03:00:51","guid":{"rendered":"https:\/\/www.sonoraenequipo.com.mx\/?p=229661"},"modified":"2025-11-27T21:40:44","modified_gmt":"2025-11-28T04:40:44","slug":"senado-aprueba-renuncia-de-gertz-manero-en-medio-de-acusaciones-de-maniobra-politica","status":"publish","type":"post","link":"https:\/\/www.sonoraenequipo.com.mx\/senado-aprueba-renuncia-de-gertz-manero-en-medio-de-acusaciones-de-maniobra-politica\/","title":{"rendered":"Senado aprueba renuncia de Gertz Manero en medio de acusaciones de \u201cmaniobra pol\u00edtica\u201d"},"content":{"rendered":"<p><strong>CIUDAD DE M\u00c9XICO. MX. \u2014<\/strong> El pleno del Senado con 74 votos en pro 22 en contra aprob\u00f3 este jueves la renuncia de Alejandro Gertz Manero como fiscal general de la Rep\u00fablica (FGR).<\/p>\n<p>&nbsp;<\/p>\n<p>&nbsp;<\/p>\n<p> <br \/>\nLa discusi\u00f3n sobre su renuncia para ocupar una embajada, abri\u00f3 un fuerte choque pol\u00edtico en el Senado, donde los coordinadores del PRI y de Movimiento Ciudadano acusaron al oficialismo de intentar justificar un movimiento<em><strong> \u201csin sustento jur\u00eddico\u201d<\/strong> <\/em>para colocar a un fiscal <em><strong>\u201ca modo\u201d.<\/strong><\/em><\/p>\n<p>&nbsp;<\/p>\n<p>Durante la sesi\u00f3n, el priista Manuel A\u00f1orve sostuvo que la separaci\u00f3n del cargo no puede considerarse voluntaria ni legalmente v\u00e1lida bajo el argumento de que el funcionario fue propuesto para ocupar una embajada.<\/p>\n<p>&nbsp;<\/p>\n<p><em><strong>\u201cQue se escuche fuerte y claro, el PRI no puede, no debe y no va a aceptar que por otra chamba, por un premio diplom\u00e1tico, por un movimiento pol\u00edtico disfrazado de cortes\u00eda institucional, se pretenda justificar la renuncia del fiscal general de la Rep\u00fablica. Eso no es renuncia, eso es una instrucci\u00f3n, es un manotazo, es el sello autoritario de un gobierno como el de Morena. Pero seamos serios, una embajada no es causa grave, no tiene justificaci\u00f3n jur\u00eddica, no lo dice la Constituci\u00f3n, no lo dice la ley, no lo dice el sentido com\u00fan\u201d<\/strong><\/em>, expres\u00f3.<\/p>\n<p>&nbsp;<\/p>\n<p>Asegur\u00f3 que enviarlo a una misi\u00f3n diplom\u00e1tica no constituye causa grave, como exige la ley, y denunci\u00f3 que la renuncia se da <em><strong>\u201cpor instrucci\u00f3n\u201d<\/strong><\/em>, como parte de una operaci\u00f3n para imponer a un fiscal alineado con el gobierno federal.<\/p>\n<p>&nbsp;<\/p>\n<p>A\u00f1orve se\u00f1al\u00f3 que esta salida ocurre en un contexto donde \u2014dijo\u2014 Morena ha desmantelado \u00f3rganos aut\u00f3nomos, capturado al Poder Judicial e intervenido en instituciones que tardaron d\u00e9cadas en construirse.<\/p>\n<p>&nbsp;<\/p>\n<p><em><strong>\u201cHoy quieren que aceptemos como normal que un fiscal salga por la puerta de atr\u00e1s para recibir de regalo una embajada\u201d, a<\/strong><\/em>cus\u00f3.<\/p>\n<p>&nbsp;<\/p>\n<p>&nbsp;<\/p>\n<p>Afirm\u00f3 que la maniobra busca el <em><strong>\u201ccontrol absoluto\u201d<\/strong> <\/em>de la Fiscal\u00eda General de la Rep\u00fablica, lo que consider\u00f3 un riesgo para la justicia y la democracia.<\/p>\n<p>&nbsp;<\/p>\n<p><em><strong>\u201cEl PRI no va a quedarse callado\u2026 la autonom\u00eda no se vende y la Rep\u00fablica no se regala\u201d,<\/strong><\/em> remat\u00f3, al anunciar que su bancada votar\u00e1 en contra de aceptar la renuncia.<\/p>\n<p>&nbsp;<\/p>\n<p>Por su parte, el coordinador de Movimiento Ciudadano, Clemente Casta\u00f1eda, precis\u00f3 que, conforme a la Ley Org\u00e1nica de la Fiscal\u00eda, el Senado debe evaluar si la raz\u00f3n expuesta por Gertz Manero constituye realmente una causa grave.<\/p>\n<p>&nbsp;<\/p>\n<p>&nbsp;<\/p>\n<p><em><strong>\u201cLa renuncia solamente proceder\u00e1 por causa grave, as\u00ed calificada por el Senado\u201d<\/strong><\/em>, cit\u00f3.<\/p>\n<p>&nbsp;<\/p>\n<p>&nbsp;<\/p>\n<p>Casta\u00f1eda subray\u00f3 que la \u00fanica explicaci\u00f3n presentada por Gertz Manero es que fue propuesto como embajador, lo cual \u2014dijo\u2014 no puede interpretarse como una situaci\u00f3n extraordinaria o an\u00f3mala que justifique dejar la titularidad de la FGR.<\/p>\n<p>&nbsp;<\/p>\n<p><em><strong>\u201cDesde la perspectiva de Movimiento Ciudadano, esta no es una causa grave. Aspirar a seguir prestando sus servicios en la funci\u00f3n p\u00fablica no es un asunto que pueda calificarse de gravedad. Una causa grave tendr\u00eda que ser algo que lo inhabilite f\u00edsica y mentalmente para ejercer una responsabilidad del Estado mexicano de tal relevancia como lo es la Fiscal\u00eda General de la Rep\u00fablica\u201d,<\/strong><\/em> afirm\u00f3.<\/p>\n<p>&nbsp;<\/p>\n<p>El senador enumer\u00f3 las situaciones que s\u00ed califican como tal: haber cometido una falta que da\u00f1e la autoridad moral, violaciones graves a la Constituci\u00f3n o incapacidad f\u00edsica o mental para continuar en el cargo. <em><strong>\u201cIntercambiar tareas de servicio p\u00fablico o aspirar a ser embajador no puede considerarse una causa grave\u201d,<\/strong><\/em> reiter\u00f3.<\/p>\n<p>&nbsp;<\/p>\n<p>&nbsp;<\/p>\n<p>El senador Raymundo Bola\u00f1os anunci\u00f3 en contra del PAN.<\/p>\n<p>&nbsp;<\/p>\n<p>Afirm\u00f3 que el documento enviado por Alejandro Gertz Manero al Senado no constituye una renuncia, sino \u00fanicamente un aviso de que ser\u00e1 propuesto como embajador en <em><strong>\u201cun pa\u00eds amigo\u201d<\/strong><\/em>, motivo por el cual se retirar\u00eda de su cargo actual.<\/p>\n<p>&nbsp;<\/p>\n<p>Sostuvo que la ley no faculta al Senado a calificar un <em><strong>\u201cretiro\u201d<\/strong><\/em> como causal de separaci\u00f3n, y que si se pretende interpretar dicha comunicaci\u00f3n como una renuncia formal, entonces se debe evaluar si existe una causa grave, requisito indispensable para proceder, seg\u00fan el art\u00edculo 24 de la Ley de la Fiscal\u00eda General de la Rep\u00fablica.<\/p>\n<p>&nbsp;<\/p>\n<p>Bola\u00f1os subray\u00f3 que ninguno de los supuestos legales est\u00e1 presente:<\/p>\n<p>&nbsp;<\/p>\n<p><strong>\u2022No hay p\u00e9rdida de ciudadan\u00eda.<\/strong><\/p>\n<p><strong>\u2022No existe incapacidad total o permanente acreditada por el ISSSTE.<\/strong><\/p>\n<p>&nbsp;<\/p>\n<h3>\u2022No se advierten violaciones graves a la Constituci\u00f3n.<\/h3>\n<p>&nbsp;<\/p>\n<p><em><strong>\u201cAqu\u00ed no hay nada que calificar como como causa grave y m\u00e1s all\u00e1 de especulaciones, m\u00e1s all\u00e1 de conjeturas pol\u00edticas de controles o descontroles de pesos y contrapesos del Estado mexicano, el apego al Estado de derecho es la obligaci\u00f3n material que s\u00ed tenemos en este Senado de la Rep\u00fablica. Por ello, al no existir causa grave, sino justificaci\u00f3n de retiro, el PAN votar\u00e1 en contra\u201d<\/strong><\/em>, sostuvo.<\/p>\n<p>&nbsp;<\/p>\n<p>&nbsp;<\/p>\n<p>Por su parte, Enrique Inzunza, del Grupo Parlamentario de Morena, llam\u00f3 al Senado a actuar<strong><em> \u201ccon altura y responsabilidad\u201d<\/em> <\/strong>ante la solicitud de retiro definitivo presentada por Alejandro Gertz Manero al cargo de fiscal general de la Rep\u00fablica.<\/p>\n<p>&nbsp;<\/p>\n<p>&nbsp;<\/p>\n<p>Desde tribuna, Inzunza abri\u00f3 su intervenci\u00f3n recordando que las instituciones requieren de un<em><strong> \u201cimpulso constante y renovado\u201d<\/strong><\/em> y que el M\u00e9xico actual es producto del trabajo de numerosas mujeres y hombres que, en cada momento hist\u00f3rico, han asumido desaf\u00edos complejos del servicio p\u00fablico para contribuir a la vida nacional.<\/p>\n<p>&nbsp;<\/p>\n<p>&nbsp;<\/p>\n<p>Subray\u00f3 que en una Rep\u00fablica todos los cargos p\u00fablicos son, por definici\u00f3n, temporales y no pueden convertirse en patrimonio personal de nadie.<\/p>\n<p>&nbsp;<\/p>\n<p><em><strong>\u201cNing\u00fan hombre ni ninguna mujer, aun los m\u00e1s entregados, est\u00e1n fuera de la naturaleza humana<\/strong><\/em> \u2014dijo\u2014,<em><strong> y no puede exig\u00edrsele a nadie afanarse m\u00e1s all\u00e1 de lo humanamente posible, sobre todo si en el ejercicio de sus responsabilidades han cumplido con las exigencias institucionales\u201d.<\/strong><\/em><\/p>\n<p>&nbsp;<\/p>\n<p>&nbsp;<\/p>\n<p>PUBLICADO EL 27 DE NOVIEMBRE DE 2025 Con informaci\u00f3n de Carlos Guzman Mart\u00edn)<\/p>\n","protected":false},"excerpt":{"rendered":"<p>CIUDAD DE M\u00c9XICO. MX. \u2014 El pleno del Senado con 74 votos en pro 22&#8230;<\/p>\n","protected":false},"author":1,"featured_media":229662,"comment_status":"open","ping_status":"open","sticky":false,"template":"","format":"standard","meta":{"_monsterinsights_skip_tracking":false,"_monsterinsights_sitenote_active":false,"_monsterinsights_sitenote_note":"","_monsterinsights_sitenote_category":0,"footnotes":""},"categories":[5],"tags":[],"class_list":["post"],"yoast_head":" \n<title>Sonora en Equipo. Senado aprueba renuncia de Gertz Manero en medio de acusaciones de \u201cmaniobra pol\u00edtica\u201d Rep\u00fablica<\/title>\n<meta name=\"description\" content=\"CIUDAD DE M\u00c9XICO. MX. \u2014 El pleno del Senado con 74 votos en pro 22 en contra aprob\u00f3 este jueves la renuncia de Alejandro Gertz Manero como fiscal general En Sonora en Equipo publicamos toda la informaci\u00f3n de Sonora, M\u00e9xico y el Mundo de manera oportuna y busca que la libertad de expresi\u00f3n sea real. Visita nuestro medio informativo publicado desde Hermosillo, Sonora. %\" \/>\n<meta name=\"robots\" content=\"index, follow, max-snippet:-1, max-image-preview:large, max-video-preview:-1\" \/>\n<link rel=\"canonical\" href=\"https:\/\/www.sonoraenequipo.com.mx\/senado-aprueba-renuncia-de-gertz-manero-en-medio-de-acusaciones-de-maniobra-politica\/\" \/>\n<meta property=\"og:locale\" content=\"es_ES\" \/>\n<meta property=\"og:type\" content=\"article\" \/>\n<meta property=\"og:title\" content=\"Sonora en Equipo. Senado aprueba renuncia de Gertz Manero en medio de acusaciones de \u201cmaniobra pol\u00edtica\u201d Rep\u00fablica\" \/>\n<meta property=\"og:description\" content=\"CIUDAD DE M\u00c9XICO. MX. \u2014 El pleno del Senado con 74 votos en pro 22 en contra aprob\u00f3 este jueves la renuncia de Alejandro Gertz Manero como fiscal general En Sonora en Equipo publicamos toda la informaci\u00f3n de Sonora, M\u00e9xico y el Mundo de manera oportuna y busca que la libertad de expresi\u00f3n sea real. Visita nuestro medio informativo publicado desde Hermosillo, Sonora. %\" \/>\n<meta property=\"og:url\" content=\"https:\/\/www.sonoraenequipo.com.mx\/senado-aprueba-renuncia-de-gertz-manero-en-medio-de-acusaciones-de-maniobra-politica\/\" \/>\n<meta property=\"og:site_name\" content=\"Sonora en Equipo.\" \/>\n<meta property=\"article:publisher\" content=\"https:\/\/www.facebook.com\/SonoraEE\/\" \/>\n<meta property=\"article:author\" content=\"https:\/\/www.facebook.com\/SonoraEE\" \/>\n<meta property=\"article:published_time\" content=\"2025-11-28T03:00:51+00:00\" \/>\n<meta property=\"article:modified_time\" content=\"2025-11-28T04:40:44+00:00\" \/>\n<meta property=\"og:image\" content=\"https:\/\/www.sonoraenequipo.com.mx\/storage\/2025\/11\/renuncia-de-fiscal-de-Mexico.-Gertz-Manero-min.jpg\" \/>\n\t<meta property=\"og:image:width\" content=\"1000\" \/>\n\t<meta property=\"og:image:height\" content=\"436\" \/>\n\t<meta property=\"og:image:type\" content=\"image\/jpeg\" \/>\n<meta name=\"author\" content=\"enequipo\" \/>\n<meta name=\"twitter:card\" content=\"summary_large_image\" \/>\n<meta name=\"twitter:creator\" content=\"@sonoraenequipo\" \/>\n<meta name=\"twitter:site\" content=\"@sonoraenequipo\" \/>\n<meta name=\"twitter:label1\" content=\"Escrito por\" \/>\n\t<meta name=\"twitter:data1\" content=\"enequipo\" \/>\n\t<meta name=\"twitter:label2\" content=\"Tiempo de lectura\" \/>\n\t<meta name=\"twitter:data2\" content=\"5 minutos\" \/>\n<script type=\"application\/ld+json\" class=\"yoast-schema-graph\">{\"@context\":\"https:\/\/schema.org\",\"@graph\":[{\"@type\":\"Article\",\"@id\":\"https:\/\/www.sonoraenequipo.com.mx\/senado-aprueba-renuncia-de-gertz-manero-en-medio-de-acusaciones-de-maniobra-politica\/#article\",\"isPartOf\":{\"@id\":\"https:\/\/www.sonoraenequipo.com.mx\/senado-aprueba-renuncia-de-gertz-manero-en-medio-de-acusaciones-de-maniobra-politica\/\"},\"author\":{\"name\":\"enequipo\",\"@id\":\"https:\/\/www.sonoraenequipo.com.mx\/#\/schema\/person\/50102df0fb23a8fa9e8effad8fa81386\"},\"headline\":\"Senado aprueba renuncia de Gertz Manero en medio de acusaciones de \u201cmaniobra pol\u00edtica\u201d\",\"datePublished\":\"2025-11-28T03:00:51+00:00\",\"dateModified\":\"2025-11-28T04:40:44+00:00\",\"mainEntityOfPage\":{\"@id\":\"https:\/\/www.sonoraenequipo.com.mx\/senado-aprueba-renuncia-de-gertz-manero-en-medio-de-acusaciones-de-maniobra-politica\/\"},\"wordCount\":1049,\"commentCount\":0,\"publisher\":{\"@id\":\"https:\/\/www.sonoraenequipo.com.mx\/#organization\"},\"image\":{\"@id\":\"https:\/\/www.sonoraenequipo.com.mx\/senado-aprueba-renuncia-de-gertz-manero-en-medio-de-acusaciones-de-maniobra-politica\/#primaryimage\"},\"thumbnailUrl\":\"https:\/\/www.sonoraenequipo.com.mx\/storage\/2025\/11\/renuncia-de-fiscal-de-Mexico.-Gertz-Manero-min.jpg\",\"articleSection\":[\"Rep\u00fablica\"],\"inLanguage\":\"es\",\"potentialAction\":[{\"@type\":\"CommentAction\",\"name\":\"Comment\",\"target\":[\"https:\/\/www.sonoraenequipo.com.mx\/senado-aprueba-renuncia-de-gertz-manero-en-medio-de-acusaciones-de-maniobra-politica\/#respond\"]}]},{\"@type\":\"WebPage\",\"@id\":\"https:\/\/www.sonoraenequipo.com.mx\/senado-aprueba-renuncia-de-gertz-manero-en-medio-de-acusaciones-de-maniobra-politica\/\",\"url\":\"https:\/\/www.sonoraenequipo.com.mx\/senado-aprueba-renuncia-de-gertz-manero-en-medio-de-acusaciones-de-maniobra-politica\/\",\"name\":\"Sonora en Equipo. Senado aprueba renuncia de Gertz Manero en medio de acusaciones de \u201cmaniobra pol\u00edtica\u201d Rep\u00fablica\",\"isPartOf\":{\"@id\":\"https:\/\/www.sonoraenequipo.com.mx\/#website\"},\"primaryImageOfPage\":{\"@id\":\"https:\/\/www.sonoraenequipo.com.mx\/senado-aprueba-renuncia-de-gertz-manero-en-medio-de-acusaciones-de-maniobra-politica\/#primaryimage\"},\"image\":{\"@id\":\"https:\/\/www.sonoraenequipo.com.mx\/senado-aprueba-renuncia-de-gertz-manero-en-medio-de-acusaciones-de-maniobra-politica\/#primaryimage\"},\"thumbnailUrl\":\"https:\/\/www.sonoraenequipo.com.mx\/storage\/2025\/11\/renuncia-de-fiscal-de-Mexico.-Gertz-Manero-min.jpg\",\"datePublished\":\"2025-11-28T03:00:51+00:00\",\"dateModified\":\"2025-11-28T04:40:44+00:00\",\"description\":\"CIUDAD DE M\u00c9XICO. MX. \u2014 El pleno del Senado con 74 votos en pro 22 en contra aprob\u00f3 este jueves la renuncia de Alejandro Gertz Manero como fiscal general En Sonora en Equipo publicamos toda la informaci\u00f3n de Sonora, M\u00e9xico y el Mundo de manera oportuna y busca que la libertad de expresi\u00f3n sea real. Visita nuestro medio informativo publicado desde Hermosillo, Sonora. %\",\"breadcrumb\":{\"@id\":\"https:\/\/www.sonoraenequipo.com.mx\/senado-aprueba-renuncia-de-gertz-manero-en-medio-de-acusaciones-de-maniobra-politica\/#breadcrumb\"},\"inLanguage\":\"es\",\"potentialAction\":[{\"@type\":\"ReadAction\",\"target\":[\"https:\/\/www.sonoraenequipo.com.mx\/senado-aprueba-renuncia-de-gertz-manero-en-medio-de-acusaciones-de-maniobra-politica\/\"]}]},{\"@type\":\"ImageObject\",\"inLanguage\":\"es\",\"@id\":\"https:\/\/www.sonoraenequipo.com.mx\/senado-aprueba-renuncia-de-gertz-manero-en-medio-de-acusaciones-de-maniobra-politica\/#primaryimage\",\"url\":\"https:\/\/www.sonoraenequipo.com.mx\/storage\/2025\/11\/renuncia-de-fiscal-de-Mexico.-Gertz-Manero-min.jpg\",\"contentUrl\":\"https:\/\/www.sonoraenequipo.com.mx\/storage\/2025\/11\/renuncia-de-fiscal-de-Mexico.-Gertz-Manero-min.jpg\",\"width\":1000,\"height\":436},{\"@type\":\"BreadcrumbList\",\"@id\":\"https:\/\/www.sonoraenequipo.com.mx\/senado-aprueba-renuncia-de-gertz-manero-en-medio-de-acusaciones-de-maniobra-politica\/#breadcrumb\",\"itemListElement\":[{\"@type\":\"ListItem\",\"position\":1,\"name\":\"Portada\",\"item\":\"https:\/\/www.sonoraenequipo.com.mx\/\"},{\"@type\":\"ListItem\",\"position\":2,\"name\":\"Senado aprueba renuncia de Gertz Manero en medio de acusaciones de \u201cmaniobra pol\u00edtica\u201d\"}]},{\"@type\":\"WebSite\",\"@id\":\"https:\/\/www.sonoraenequipo.com.mx\/#website\",\"url\":\"https:\/\/www.sonoraenequipo.com.mx\/\",\"name\":\"Sonora en Equipo.\",\"description\":\"Diario en l\u00ednea con Noticias desde Hermosillo, Sonora\",\"publisher\":{\"@id\":\"https:\/\/www.sonoraenequipo.com.mx\/#organization\"},\"potentialAction\":[{\"@type\":\"SearchAction\",\"target\":{\"@type\":\"EntryPoint\",\"urlTemplate\":\"https:\/\/www.sonoraenequipo.com.mx\/?s={search_term_string}\"},\"query-input\":{\"@type\":\"PropertyValueSpecification\",\"valueRequired\":true,\"valueName\":\"search_term_string\"}}],\"inLanguage\":\"es\"},{\"@type\":\"Organization\",\"@id\":\"https:\/\/www.sonoraenequipo.com.mx\/#organization\",\"name\":\"Sonoraenequipo.com.mx\",\"url\":\"https:\/\/www.sonoraenequipo.com.mx\/\",\"logo\":{\"@type\":\"ImageObject\",\"inLanguage\":\"es\",\"@id\":\"https:\/\/www.sonoraenequipo.com.mx\/#\/schema\/logo\/image\/\",\"url\":\"https:\/\/www.sonoraenequipo.com.mx\/storage\/2019\/01\/sonoraenequipo_opt.png\",\"contentUrl\":\"https:\/\/www.sonoraenequipo.com.mx\/storage\/2019\/01\/sonoraenequipo_opt.png\",\"width\":375,\"height\":125,\"caption\":\"Sonoraenequipo.com.mx\"},\"image\":{\"@id\":\"https:\/\/www.sonoraenequipo.com.mx\/#\/schema\/logo\/image\/\"},\"sameAs\":[\"https:\/\/www.facebook.com\/SonoraEE\/\",\"https:\/\/x.com\/sonoraenequipo\",\"https:\/\/www.youtube.com\/channel\/UC338nW-lPEYmJQs4ZABQ1SQ\"]},{\"@type\":\"Person\",\"@id\":\"https:\/\/www.sonoraenequipo.com.mx\/#\/schema\/person\/50102df0fb23a8fa9e8effad8fa81386\",\"name\":\"enequipo\",\"image\":{\"@type\":\"ImageObject\",\"inLanguage\":\"es\",\"@id\":\"https:\/\/www.sonoraenequipo.com.mx\/#\/schema\/person\/image\/\",\"url\":\"https:\/\/secure.gravatar.com\/avatar\/049821681b589dabc0bc20695993ccebb09f5b5d4d790cd9251b97faac7c652b?s=96&d=blank&r=g\",\"contentUrl\":\"https:\/\/secure.gravatar.com\/avatar\/049821681b589dabc0bc20695993ccebb09f5b5d4d790cd9251b97faac7c652b?s=96&d=blank&r=g\",\"caption\":\"enequipo\"},\"sameAs\":[\"https:\/\/www.facebook.com\/SonoraEE\"]}]}<\/script>\n ","yoast_head_json":{"title":"Sonora en Equipo. Senado aprueba renuncia de Gertz Manero en medio de acusaciones de \u201cmaniobra pol\u00edtica\u201d Rep\u00fablica","description":"CIUDAD DE M\u00c9XICO. MX. \u2014 El pleno del Senado con 74 votos en pro 22 en contra aprob\u00f3 este jueves la renuncia de Alejandro Gertz Manero como fiscal general En Sonora en Equipo publicamos toda la informaci\u00f3n de Sonora, M\u00e9xico y el Mundo de manera oportuna y busca que la libertad de expresi\u00f3n sea real. Visita nuestro medio informativo publicado desde Hermosillo, Sonora. %","robots":{"index":"index","follow":"follow","max-snippet":"max-snippet:-1","max-image-preview":"max-image-preview:large","max-video-preview":"max-video-preview:-1"},"canonical":"https:\/\/www.sonoraenequipo.com.mx\/senado-aprueba-renuncia-de-gertz-manero-en-medio-de-acusaciones-de-maniobra-politica\/","og_locale":"es_ES","og_type":"article","og_title":"Sonora en Equipo. Senado aprueba renuncia de Gertz Manero en medio de acusaciones de \u201cmaniobra pol\u00edtica\u201d Rep\u00fablica","og_description":"CIUDAD DE M\u00c9XICO. MX. \u2014 El pleno del Senado con 74 votos en pro 22 en contra aprob\u00f3 este jueves la renuncia de Alejandro Gertz Manero como fiscal general En Sonora en Equipo publicamos toda la informaci\u00f3n de Sonora, M\u00e9xico y el Mundo de manera oportuna y busca que la libertad de expresi\u00f3n sea real. Visita nuestro medio informativo publicado desde Hermosillo, Sonora. %","og_url":"https:\/\/www.sonoraenequipo.com.mx\/senado-aprueba-renuncia-de-gertz-manero-en-medio-de-acusaciones-de-maniobra-politica\/","og_site_name":"Sonora en Equipo.","article_publisher":"https:\/\/www.facebook.com\/SonoraEE\/","article_author":"https:\/\/www.facebook.com\/SonoraEE","article_published_time":"2025-11-28T03:00:51+00:00","article_modified_time":"2025-11-28T04:40:44+00:00","og_image":[{"width":1000,"height":436,"url":"https:\/\/www.sonoraenequipo.com.mx\/storage\/2025\/11\/renuncia-de-fiscal-de-Mexico.-Gertz-Manero-min.jpg","type":"image\/jpeg"}],"author":"enequipo","twitter_card":"summary_large_image","twitter_creator":"@sonoraenequipo","twitter_site":"@sonoraenequipo","twitter_misc":{"Escrito por":"enequipo","Tiempo de lectura":"5 minutos"},"schema":{"@context":"https:\/\/schema.org","@graph":[{"@type":"Article","@id":"https:\/\/www.sonoraenequipo.com.mx\/senado-aprueba-renuncia-de-gertz-manero-en-medio-de-acusaciones-de-maniobra-politica\/#article","isPartOf":{"@id":"https:\/\/www.sonoraenequipo.com.mx\/senado-aprueba-renuncia-de-gertz-manero-en-medio-de-acusaciones-de-maniobra-politica\/"},"author":{"name":"enequipo","@id":"https:\/\/www.sonoraenequipo.com.mx\/#\/schema\/person\/50102df0fb23a8fa9e8effad8fa81386"},"headline":"Senado aprueba renuncia de Gertz Manero en medio de acusaciones de \u201cmaniobra pol\u00edtica\u201d","datePublished":"2025-11-28T03:00:51+00:00","dateModified":"2025-11-28T04:40:44+00:00","mainEntityOfPage":{"@id":"https:\/\/www.sonoraenequipo.com.mx\/senado-aprueba-renuncia-de-gertz-manero-en-medio-de-acusaciones-de-maniobra-politica\/"},"wordCount":1049,"commentCount":0,"publisher":{"@id":"https:\/\/www.sonoraenequipo.com.mx\/#organization"},"image":{"@id":"https:\/\/www.sonoraenequipo.com.mx\/senado-aprueba-renuncia-de-gertz-manero-en-medio-de-acusaciones-de-maniobra-politica\/#primaryimage"},"thumbnailUrl":"https:\/\/www.sonoraenequipo.com.mx\/storage\/2025\/11\/renuncia-de-fiscal-de-Mexico.-Gertz-Manero-min.jpg","articleSection":["Rep\u00fablica"],"inLanguage":"es","potentialAction":[{"@type":"CommentAction","name":"Comment","target":["https:\/\/www.sonoraenequipo.com.mx\/senado-aprueba-renuncia-de-gertz-manero-en-medio-de-acusaciones-de-maniobra-politica\/#respond"]}]},{"@type":"WebPage","@id":"https:\/\/www.sonoraenequipo.com.mx\/senado-aprueba-renuncia-de-gertz-manero-en-medio-de-acusaciones-de-maniobra-politica\/","url":"https:\/\/www.sonoraenequipo.com.mx\/senado-aprueba-renuncia-de-gertz-manero-en-medio-de-acusaciones-de-maniobra-politica\/","name":"Sonora en Equipo. Senado aprueba renuncia de Gertz Manero en medio de acusaciones de \u201cmaniobra pol\u00edtica\u201d Rep\u00fablica","isPartOf":{"@id":"https:\/\/www.sonoraenequipo.com.mx\/#website"},"primaryImageOfPage":{"@id":"https:\/\/www.sonoraenequipo.com.mx\/senado-aprueba-renuncia-de-gertz-manero-en-medio-de-acusaciones-de-maniobra-politica\/#primaryimage"},"image":{"@id":"https:\/\/www.sonoraenequipo.com.mx\/senado-aprueba-renuncia-de-gertz-manero-en-medio-de-acusaciones-de-maniobra-politica\/#primaryimage"},"thumbnailUrl":"https:\/\/www.sonoraenequipo.com.mx\/storage\/2025\/11\/renuncia-de-fiscal-de-Mexico.-Gertz-Manero-min.jpg","datePublished":"2025-11-28T03:00:51+00:00","dateModified":"2025-11-28T04:40:44+00:00","description":"CIUDAD DE M\u00c9XICO. MX. \u2014 El pleno del Senado con 74 votos en pro 22 en contra aprob\u00f3 este jueves la renuncia de Alejandro Gertz Manero como fiscal general En Sonora en Equipo publicamos toda la informaci\u00f3n de Sonora, M\u00e9xico y el Mundo de manera oportuna y busca que la libertad de expresi\u00f3n sea real. Visita nuestro medio informativo publicado desde Hermosillo, Sonora. %","breadcrumb":{"@id":"https:\/\/www.sonoraenequipo.com.mx\/senado-aprueba-renuncia-de-gertz-manero-en-medio-de-acusaciones-de-maniobra-politica\/#breadcrumb"},"inLanguage":"es","potentialAction":[{"@type":"ReadAction","target":["https:\/\/www.sonoraenequipo.com.mx\/senado-aprueba-renuncia-de-gertz-manero-en-medio-de-acusaciones-de-maniobra-politica\/"]}]},{"@type":"ImageObject","inLanguage":"es","@id":"https:\/\/www.sonoraenequipo.com.mx\/senado-aprueba-renuncia-de-gertz-manero-en-medio-de-acusaciones-de-maniobra-politica\/#primaryimage","url":"https:\/\/www.sonoraenequipo.com.mx\/storage\/2025\/11\/renuncia-de-fiscal-de-Mexico.-Gertz-Manero-min.jpg","contentUrl":"https:\/\/www.sonoraenequipo.com.mx\/storage\/2025\/11\/renuncia-de-fiscal-de-Mexico.-Gertz-Manero-min.jpg","width":1000,"height":436},{"@type":"BreadcrumbList","@id":"https:\/\/www.sonoraenequipo.com.mx\/senado-aprueba-renuncia-de-gertz-manero-en-medio-de-acusaciones-de-maniobra-politica\/#breadcrumb","itemListElement":[{"@type":"ListItem","position":1,"name":"Portada","item":"https:\/\/www.sonoraenequipo.com.mx\/"},{"@type":"ListItem","position":2,"name":"Senado aprueba renuncia de Gertz Manero en medio de acusaciones de \u201cmaniobra pol\u00edtica\u201d"}]},{"@type":"WebSite","@id":"https:\/\/www.sonoraenequipo.com.mx\/#website","url":"https:\/\/www.sonoraenequipo.com.mx\/","name":"Sonora en Equipo.","description":"Diario en l\u00ednea con Noticias desde Hermosillo, Sonora","publisher":{"@id":"https:\/\/www.sonoraenequipo.com.mx\/#organization"},"potentialAction":[{"@type":"SearchAction","target":{"@type":"EntryPoint","urlTemplate":"https:\/\/www.sonoraenequipo.com.mx\/?s={search_term_string}"},"query-input":{"@type":"PropertyValueSpecification","valueRequired":true,"valueName":"search_term_string"}}],"inLanguage":"es"},{"@type":"Organization","@id":"https:\/\/www.sonoraenequipo.com.mx\/#organization","name":"Sonoraenequipo.com.mx","url":"https:\/\/www.sonoraenequipo.com.mx\/","logo":{"@type":"ImageObject","inLanguage":"es","@id":"https:\/\/www.sonoraenequipo.com.mx\/#\/schema\/logo\/image\/","url":"https:\/\/www.sonoraenequipo.com.mx\/storage\/2019\/01\/sonoraenequipo_opt.png","contentUrl":"https:\/\/www.sonoraenequipo.com.mx\/storage\/2019\/01\/sonoraenequipo_opt.png","width":375,"height":125,"caption":"Sonoraenequipo.com.mx"},"image":{"@id":"https:\/\/www.sonoraenequipo.com.mx\/#\/schema\/logo\/image\/"},"sameAs":["https:\/\/www.facebook.com\/SonoraEE\/","https:\/\/x.com\/sonoraenequipo","https:\/\/www.youtube.com\/channel\/UC338nW-lPEYmJQs4ZABQ1SQ"]},{"@type":"Person","@id":"https:\/\/www.sonoraenequipo.com.mx\/#\/schema\/person\/50102df0fb23a8fa9e8effad8fa81386","name":"enequipo","image":{"@type":"ImageObject","inLanguage":"es","@id":"https:\/\/www.sonoraenequipo.com.mx\/#\/schema\/person\/image\/","url":"https:\/\/secure.gravatar.com\/avatar\/049821681b589dabc0bc20695993ccebb09f5b5d4d790cd9251b97faac7c652b?s=96&d=blank&r=g","contentUrl":"https:\/\/secure.gravatar.com\/avatar\/049821681b589dabc0bc20695993ccebb09f5b5d4d790cd9251b97faac7c652b?s=96&d=blank&r=g","caption":"enequipo"},"sameAs":["https:\/\/www.facebook.com\/SonoraEE"]}]}},"jetpack_featured_media_url":"https:\/\/www.sonoraenequipo.com.mx\/storage\/2025\/11\/renuncia-de-fiscal-de-Mexico.-Gertz-Manero-min.jpg","_links":{"self":[{"href":"https:\/\/www.sonoraenequipo.com.mx\/api\/wp\/v2\/posts\/229661","targetHints":{"allow":["GET"]}}],"collection":[{"href":"https:\/\/www.sonoraenequipo.com.mx\/api\/wp\/v2\/posts"}],"about":[{"href":"https:\/\/www.sonoraenequipo.com.mx\/api\/wp\/v2\/types\/post"}],"author":[{"embeddable":true,"href":"https:\/\/www.sonoraenequipo.com.mx\/api\/wp\/v2\/users\/1"}],"replies":[{"embeddable":true,"href":"https:\/\/www.sonoraenequipo.com.mx\/api\/wp\/v2\/comments?post=229661"}],"version-history":[{"count":2,"href":"https:\/\/www.sonoraenequipo.com.mx\/api\/wp\/v2\/posts\/229661\/revisions"}],"predecessor-version":[{"id":229665,"href":"https:\/\/www.sonoraenequipo.com.mx\/api\/wp\/v2\/posts\/229661\/revisions\/229665"}],"wp:featuredmedia":[{"embeddable":true,"href":"https:\/\/www.sonoraenequipo.com.mx\/api\/wp\/v2\/media\/229662"}],"wp:attachment":[{"href":"https:\/\/www.sonoraenequipo.com.mx\/api\/wp\/v2\/media?parent=229661"}],"wp:term":[{"taxonomy":"category","embeddable":true,"href":"https:\/\/www.sonoraenequipo.com.mx\/api\/wp\/v2\/categories?post=229661"},{"taxonomy":"post_tag","embeddable":true,"href":"https:\/\/www.sonoraenequipo.com.mx\/api\/wp\/v2\/tags?post=229661"}],"curies":[{"name":"wp","href":"https:\/\/api.w.org\/{rel}","templated":true}]}}