{"id":229666,"date":"2025-11-27T21:19:56","date_gmt":"2025-11-28T04:19:56","guid":{"rendered":"https:\/\/www.sonoraenequipo.com.mx\/?p=229666"},"modified":"2025-11-27T21:43:39","modified_gmt":"2025-11-28T04:43:39","slug":"ernestina-godoy-asume-provisionalmente-la-fgr-tras-renuncia-de-gertz-manero","status":"publish","type":"post","link":"https:\/\/www.sonoraenequipo.com.mx\/ernestina-godoy-asume-provisionalmente-la-fgr-tras-renuncia-de-gertz-manero\/","title":{"rendered":"Ernestina Godoy asume provisionalmente la FGR tras renuncia de Gertz Manero"},"content":{"rendered":"<p><strong>CIUDAD DE M\u00c9XICO. MX. \u2014<\/strong> Antes de enviar su renuncia al Senado como fiscal general de la Rep\u00fablica, Alejandro Gertz Manero, nombr\u00f3 este jueves a Ernestina Godoy como titular de la Fiscal\u00eda Especial de Control Competencial.<\/p>\n<p>&nbsp;<\/p>\n<p>&nbsp;<\/p>\n<p>&nbsp;<\/p>\n<p> <\/p>\n<p>Previo, Godoy Ramos present\u00f3 su renuncia como consejera jur\u00eddica del Ejecutivo.<\/p>\n<p>&nbsp;<\/p>\n<p>&nbsp;<\/p>\n<p>De acuerdo con la Ley de la Fiscal\u00eda General de la Rep\u00fablica, en caso de ausencia del fiscal, quien asume el cargo es el titular de la Fiscal\u00eda Especial de Control Competencial.<\/p>\n<p>&nbsp;<\/p>\n<p>&nbsp;<\/p>\n<p>Por lo tanto, Ernestina Godoy ocupar\u00e1 el puesto como encargada, mientras el Senado designa al sucesor de Gertz Manero.<\/p>\n<p>&nbsp;<\/p>\n<p>&nbsp;<\/p>\n<p>El documento firmado este jueves le otorga a Godoy Ramos todos los derechos, obligaciones y facultades inherentes al cargo.<\/p>\n<p>&nbsp;<\/p>\n<p>&nbsp;<\/p>\n<p>La funcionaria no est\u00e1 impedida para participar en el proceso que abri\u00f3 el Senado para elegir al pr\u00f3ximo fiscal general de la Rep\u00fablica.<\/p>\n<p>&nbsp;<\/p>\n<p>&nbsp;<\/p>\n<p>PUBLICADO EL 27 DE NOVIEMBRE DE 2025 Con informaci\u00f3n de Carlos Guzman Mart\u00edn)<\/p>\n","protected":false},"excerpt":{"rendered":"<p>CIUDAD DE M\u00c9XICO. MX. \u2014 Antes de enviar su renuncia al Senado como fiscal general&#8230;<\/p>\n","protected":false},"author":1,"featured_media":229663,"comment_status":"open","ping_status":"open","sticky":false,"template":"","format":"standard","meta":{"_monsterinsights_skip_tracking":false,"_monsterinsights_sitenote_active":false,"_monsterinsights_sitenote_note":"","_monsterinsights_sitenote_category":0,"footnotes":""},"categories":[5],"tags":[],"class_list":["post"],"yoast_head":" \n<title>Sonora en Equipo. Ernestina Godoy asume provisionalmente la FGR tras renuncia de Gertz Manero Rep\u00fablica<\/title>\n<meta name=\"description\" content=\"CIUDAD DE M\u00c9XICO. MX. \u2014 Antes de enviar su renuncia al Senado como fiscal general de la Rep\u00fablica, Alejandro Gertz Manero, nombr\u00f3 este jueves a Ernestina En Sonora en Equipo publicamos toda la informaci\u00f3n de Sonora, M\u00e9xico y el Mundo de manera oportuna y busca que la libertad de expresi\u00f3n sea real. Visita nuestro medio informativo publicado desde Hermosillo, Sonora. %\" \/>\n<meta name=\"robots\" content=\"index, follow, max-snippet:-1, max-image-preview:large, max-video-preview:-1\" \/>\n<link rel=\"canonical\" href=\"https:\/\/www.sonoraenequipo.com.mx\/ernestina-godoy-asume-provisionalmente-la-fgr-tras-renuncia-de-gertz-manero\/\" \/>\n<meta property=\"og:locale\" content=\"es_ES\" \/>\n<meta property=\"og:type\" content=\"article\" \/>\n<meta property=\"og:title\" content=\"Sonora en Equipo. Ernestina Godoy asume provisionalmente la FGR tras renuncia de Gertz Manero Rep\u00fablica\" \/>\n<meta property=\"og:description\" content=\"CIUDAD DE M\u00c9XICO. MX. \u2014 Antes de enviar su renuncia al Senado como fiscal general de la Rep\u00fablica, Alejandro Gertz Manero, nombr\u00f3 este jueves a Ernestina En Sonora en Equipo publicamos toda la informaci\u00f3n de Sonora, M\u00e9xico y el Mundo de manera oportuna y busca que la libertad de expresi\u00f3n sea real. Visita nuestro medio informativo publicado desde Hermosillo, Sonora. %\" \/>\n<meta property=\"og:url\" content=\"https:\/\/www.sonoraenequipo.com.mx\/ernestina-godoy-asume-provisionalmente-la-fgr-tras-renuncia-de-gertz-manero\/\" \/>\n<meta property=\"og:site_name\" content=\"Sonora en Equipo.\" \/>\n<meta property=\"article:publisher\" content=\"https:\/\/www.facebook.com\/SonoraEE\/\" \/>\n<meta property=\"article:author\" content=\"https:\/\/www.facebook.com\/SonoraEE\" \/>\n<meta property=\"article:published_time\" content=\"2025-11-28T04:19:56+00:00\" \/>\n<meta property=\"article:modified_time\" content=\"2025-11-28T04:43:39+00:00\" \/>\n<meta property=\"og:image\" content=\"https:\/\/www.sonoraenequipo.com.mx\/storage\/2025\/11\/Ernestina-Godoy.-fiscal-provisional-min.jpg\" \/>\n\t<meta property=\"og:image:width\" content=\"1288\" \/>\n\t<meta property=\"og:image:height\" content=\"762\" \/>\n\t<meta property=\"og:image:type\" content=\"image\/jpeg\" \/>\n<meta name=\"author\" content=\"enequipo\" \/>\n<meta name=\"twitter:card\" content=\"summary_large_image\" \/>\n<meta name=\"twitter:creator\" content=\"@sonoraenequipo\" \/>\n<meta name=\"twitter:site\" content=\"@sonoraenequipo\" \/>\n<meta name=\"twitter:label1\" content=\"Escrito por\" \/>\n\t<meta name=\"twitter:data1\" content=\"enequipo\" \/>\n\t<meta name=\"twitter:label2\" content=\"Tiempo de lectura\" \/>\n\t<meta name=\"twitter:data2\" content=\"1 minuto\" \/>\n<script type=\"application\/ld+json\" class=\"yoast-schema-graph\">{\"@context\":\"https:\/\/schema.org\",\"@graph\":[{\"@type\":\"Article\",\"@id\":\"https:\/\/www.sonoraenequipo.com.mx\/ernestina-godoy-asume-provisionalmente-la-fgr-tras-renuncia-de-gertz-manero\/#article\",\"isPartOf\":{\"@id\":\"https:\/\/www.sonoraenequipo.com.mx\/ernestina-godoy-asume-provisionalmente-la-fgr-tras-renuncia-de-gertz-manero\/\"},\"author\":{\"name\":\"enequipo\",\"@id\":\"https:\/\/www.sonoraenequipo.com.mx\/#\/schema\/person\/50102df0fb23a8fa9e8effad8fa81386\"},\"headline\":\"Ernestina Godoy asume provisionalmente la FGR tras renuncia de Gertz Manero\",\"datePublished\":\"2025-11-28T04:19:56+00:00\",\"dateModified\":\"2025-11-28T04:43:39+00:00\",\"mainEntityOfPage\":{\"@id\":\"https:\/\/www.sonoraenequipo.com.mx\/ernestina-godoy-asume-provisionalmente-la-fgr-tras-renuncia-de-gertz-manero\/\"},\"wordCount\":185,\"commentCount\":0,\"publisher\":{\"@id\":\"https:\/\/www.sonoraenequipo.com.mx\/#organization\"},\"image\":{\"@id\":\"https:\/\/www.sonoraenequipo.com.mx\/ernestina-godoy-asume-provisionalmente-la-fgr-tras-renuncia-de-gertz-manero\/#primaryimage\"},\"thumbnailUrl\":\"https:\/\/www.sonoraenequipo.com.mx\/storage\/2025\/11\/Ernestina-Godoy.-fiscal-provisional-min.jpg\",\"articleSection\":[\"Rep\u00fablica\"],\"inLanguage\":\"es\",\"potentialAction\":[{\"@type\":\"CommentAction\",\"name\":\"Comment\",\"target\":[\"https:\/\/www.sonoraenequipo.com.mx\/ernestina-godoy-asume-provisionalmente-la-fgr-tras-renuncia-de-gertz-manero\/#respond\"]}]},{\"@type\":\"WebPage\",\"@id\":\"https:\/\/www.sonoraenequipo.com.mx\/ernestina-godoy-asume-provisionalmente-la-fgr-tras-renuncia-de-gertz-manero\/\",\"url\":\"https:\/\/www.sonoraenequipo.com.mx\/ernestina-godoy-asume-provisionalmente-la-fgr-tras-renuncia-de-gertz-manero\/\",\"name\":\"Sonora en Equipo. Ernestina Godoy asume provisionalmente la FGR tras renuncia de Gertz Manero Rep\u00fablica\",\"isPartOf\":{\"@id\":\"https:\/\/www.sonoraenequipo.com.mx\/#website\"},\"primaryImageOfPage\":{\"@id\":\"https:\/\/www.sonoraenequipo.com.mx\/ernestina-godoy-asume-provisionalmente-la-fgr-tras-renuncia-de-gertz-manero\/#primaryimage\"},\"image\":{\"@id\":\"https:\/\/www.sonoraenequipo.com.mx\/ernestina-godoy-asume-provisionalmente-la-fgr-tras-renuncia-de-gertz-manero\/#primaryimage\"},\"thumbnailUrl\":\"https:\/\/www.sonoraenequipo.com.mx\/storage\/2025\/11\/Ernestina-Godoy.-fiscal-provisional-min.jpg\",\"datePublished\":\"2025-11-28T04:19:56+00:00\",\"dateModified\":\"2025-11-28T04:43:39+00:00\",\"description\":\"CIUDAD DE M\u00c9XICO. MX. \u2014 Antes de enviar su renuncia al Senado como fiscal general de la Rep\u00fablica, Alejandro Gertz Manero, nombr\u00f3 este jueves a Ernestina En Sonora en Equipo publicamos toda la informaci\u00f3n de Sonora, M\u00e9xico y el Mundo de manera oportuna y busca que la libertad de expresi\u00f3n sea real. Visita nuestro medio informativo publicado desde Hermosillo, Sonora. %\",\"breadcrumb\":{\"@id\":\"https:\/\/www.sonoraenequipo.com.mx\/ernestina-godoy-asume-provisionalmente-la-fgr-tras-renuncia-de-gertz-manero\/#breadcrumb\"},\"inLanguage\":\"es\",\"potentialAction\":[{\"@type\":\"ReadAction\",\"target\":[\"https:\/\/www.sonoraenequipo.com.mx\/ernestina-godoy-asume-provisionalmente-la-fgr-tras-renuncia-de-gertz-manero\/\"]}]},{\"@type\":\"ImageObject\",\"inLanguage\":\"es\",\"@id\":\"https:\/\/www.sonoraenequipo.com.mx\/ernestina-godoy-asume-provisionalmente-la-fgr-tras-renuncia-de-gertz-manero\/#primaryimage\",\"url\":\"https:\/\/www.sonoraenequipo.com.mx\/storage\/2025\/11\/Ernestina-Godoy.-fiscal-provisional-min.jpg\",\"contentUrl\":\"https:\/\/www.sonoraenequipo.com.mx\/storage\/2025\/11\/Ernestina-Godoy.-fiscal-provisional-min.jpg\",\"width\":1288,\"height\":762},{\"@type\":\"BreadcrumbList\",\"@id\":\"https:\/\/www.sonoraenequipo.com.mx\/ernestina-godoy-asume-provisionalmente-la-fgr-tras-renuncia-de-gertz-manero\/#breadcrumb\",\"itemListElement\":[{\"@type\":\"ListItem\",\"position\":1,\"name\":\"Portada\",\"item\":\"https:\/\/www.sonoraenequipo.com.mx\/\"},{\"@type\":\"ListItem\",\"position\":2,\"name\":\"Ernestina Godoy asume provisionalmente la FGR tras renuncia de Gertz Manero\"}]},{\"@type\":\"WebSite\",\"@id\":\"https:\/\/www.sonoraenequipo.com.mx\/#website\",\"url\":\"https:\/\/www.sonoraenequipo.com.mx\/\",\"name\":\"Sonora en Equipo.\",\"description\":\"Diario en l\u00ednea con Noticias desde Hermosillo, Sonora\",\"publisher\":{\"@id\":\"https:\/\/www.sonoraenequipo.com.mx\/#organization\"},\"potentialAction\":[{\"@type\":\"SearchAction\",\"target\":{\"@type\":\"EntryPoint\",\"urlTemplate\":\"https:\/\/www.sonoraenequipo.com.mx\/?s={search_term_string}\"},\"query-input\":{\"@type\":\"PropertyValueSpecification\",\"valueRequired\":true,\"valueName\":\"search_term_string\"}}],\"inLanguage\":\"es\"},{\"@type\":\"Organization\",\"@id\":\"https:\/\/www.sonoraenequipo.com.mx\/#organization\",\"name\":\"Sonoraenequipo.com.mx\",\"url\":\"https:\/\/www.sonoraenequipo.com.mx\/\",\"logo\":{\"@type\":\"ImageObject\",\"inLanguage\":\"es\",\"@id\":\"https:\/\/www.sonoraenequipo.com.mx\/#\/schema\/logo\/image\/\",\"url\":\"https:\/\/www.sonoraenequipo.com.mx\/storage\/2019\/01\/sonoraenequipo_opt.png\",\"contentUrl\":\"https:\/\/www.sonoraenequipo.com.mx\/storage\/2019\/01\/sonoraenequipo_opt.png\",\"width\":375,\"height\":125,\"caption\":\"Sonoraenequipo.com.mx\"},\"image\":{\"@id\":\"https:\/\/www.sonoraenequipo.com.mx\/#\/schema\/logo\/image\/\"},\"sameAs\":[\"https:\/\/www.facebook.com\/SonoraEE\/\",\"https:\/\/x.com\/sonoraenequipo\",\"https:\/\/www.youtube.com\/channel\/UC338nW-lPEYmJQs4ZABQ1SQ\"]},{\"@type\":\"Person\",\"@id\":\"https:\/\/www.sonoraenequipo.com.mx\/#\/schema\/person\/50102df0fb23a8fa9e8effad8fa81386\",\"name\":\"enequipo\",\"image\":{\"@type\":\"ImageObject\",\"inLanguage\":\"es\",\"@id\":\"https:\/\/www.sonoraenequipo.com.mx\/#\/schema\/person\/image\/\",\"url\":\"https:\/\/secure.gravatar.com\/avatar\/049821681b589dabc0bc20695993ccebb09f5b5d4d790cd9251b97faac7c652b?s=96&d=blank&r=g\",\"contentUrl\":\"https:\/\/secure.gravatar.com\/avatar\/049821681b589dabc0bc20695993ccebb09f5b5d4d790cd9251b97faac7c652b?s=96&d=blank&r=g\",\"caption\":\"enequipo\"},\"sameAs\":[\"https:\/\/www.facebook.com\/SonoraEE\"]}]}<\/script>\n ","yoast_head_json":{"title":"Sonora en Equipo. Ernestina Godoy asume provisionalmente la FGR tras renuncia de Gertz Manero Rep\u00fablica","description":"CIUDAD DE M\u00c9XICO. MX. \u2014 Antes de enviar su renuncia al Senado como fiscal general de la Rep\u00fablica, Alejandro Gertz Manero, nombr\u00f3 este jueves a Ernestina En Sonora en Equipo publicamos toda la informaci\u00f3n de Sonora, M\u00e9xico y el Mundo de manera oportuna y busca que la libertad de expresi\u00f3n sea real. Visita nuestro medio informativo publicado desde Hermosillo, Sonora. %","robots":{"index":"index","follow":"follow","max-snippet":"max-snippet:-1","max-image-preview":"max-image-preview:large","max-video-preview":"max-video-preview:-1"},"canonical":"https:\/\/www.sonoraenequipo.com.mx\/ernestina-godoy-asume-provisionalmente-la-fgr-tras-renuncia-de-gertz-manero\/","og_locale":"es_ES","og_type":"article","og_title":"Sonora en Equipo. Ernestina Godoy asume provisionalmente la FGR tras renuncia de Gertz Manero Rep\u00fablica","og_description":"CIUDAD DE M\u00c9XICO. MX. \u2014 Antes de enviar su renuncia al Senado como fiscal general de la Rep\u00fablica, Alejandro Gertz Manero, nombr\u00f3 este jueves a Ernestina En Sonora en Equipo publicamos toda la informaci\u00f3n de Sonora, M\u00e9xico y el Mundo de manera oportuna y busca que la libertad de expresi\u00f3n sea real. Visita nuestro medio informativo publicado desde Hermosillo, Sonora. %","og_url":"https:\/\/www.sonoraenequipo.com.mx\/ernestina-godoy-asume-provisionalmente-la-fgr-tras-renuncia-de-gertz-manero\/","og_site_name":"Sonora en Equipo.","article_publisher":"https:\/\/www.facebook.com\/SonoraEE\/","article_author":"https:\/\/www.facebook.com\/SonoraEE","article_published_time":"2025-11-28T04:19:56+00:00","article_modified_time":"2025-11-28T04:43:39+00:00","og_image":[{"width":1288,"height":762,"url":"https:\/\/www.sonoraenequipo.com.mx\/storage\/2025\/11\/Ernestina-Godoy.-fiscal-provisional-min.jpg","type":"image\/jpeg"}],"author":"enequipo","twitter_card":"summary_large_image","twitter_creator":"@sonoraenequipo","twitter_site":"@sonoraenequipo","twitter_misc":{"Escrito por":"enequipo","Tiempo de lectura":"1 minuto"},"schema":{"@context":"https:\/\/schema.org","@graph":[{"@type":"Article","@id":"https:\/\/www.sonoraenequipo.com.mx\/ernestina-godoy-asume-provisionalmente-la-fgr-tras-renuncia-de-gertz-manero\/#article","isPartOf":{"@id":"https:\/\/www.sonoraenequipo.com.mx\/ernestina-godoy-asume-provisionalmente-la-fgr-tras-renuncia-de-gertz-manero\/"},"author":{"name":"enequipo","@id":"https:\/\/www.sonoraenequipo.com.mx\/#\/schema\/person\/50102df0fb23a8fa9e8effad8fa81386"},"headline":"Ernestina Godoy asume provisionalmente la FGR tras renuncia de Gertz Manero","datePublished":"2025-11-28T04:19:56+00:00","dateModified":"2025-11-28T04:43:39+00:00","mainEntityOfPage":{"@id":"https:\/\/www.sonoraenequipo.com.mx\/ernestina-godoy-asume-provisionalmente-la-fgr-tras-renuncia-de-gertz-manero\/"},"wordCount":185,"commentCount":0,"publisher":{"@id":"https:\/\/www.sonoraenequipo.com.mx\/#organization"},"image":{"@id":"https:\/\/www.sonoraenequipo.com.mx\/ernestina-godoy-asume-provisionalmente-la-fgr-tras-renuncia-de-gertz-manero\/#primaryimage"},"thumbnailUrl":"https:\/\/www.sonoraenequipo.com.mx\/storage\/2025\/11\/Ernestina-Godoy.-fiscal-provisional-min.jpg","articleSection":["Rep\u00fablica"],"inLanguage":"es","potentialAction":[{"@type":"CommentAction","name":"Comment","target":["https:\/\/www.sonoraenequipo.com.mx\/ernestina-godoy-asume-provisionalmente-la-fgr-tras-renuncia-de-gertz-manero\/#respond"]}]},{"@type":"WebPage","@id":"https:\/\/www.sonoraenequipo.com.mx\/ernestina-godoy-asume-provisionalmente-la-fgr-tras-renuncia-de-gertz-manero\/","url":"https:\/\/www.sonoraenequipo.com.mx\/ernestina-godoy-asume-provisionalmente-la-fgr-tras-renuncia-de-gertz-manero\/","name":"Sonora en Equipo. Ernestina Godoy asume provisionalmente la FGR tras renuncia de Gertz Manero Rep\u00fablica","isPartOf":{"@id":"https:\/\/www.sonoraenequipo.com.mx\/#website"},"primaryImageOfPage":{"@id":"https:\/\/www.sonoraenequipo.com.mx\/ernestina-godoy-asume-provisionalmente-la-fgr-tras-renuncia-de-gertz-manero\/#primaryimage"},"image":{"@id":"https:\/\/www.sonoraenequipo.com.mx\/ernestina-godoy-asume-provisionalmente-la-fgr-tras-renuncia-de-gertz-manero\/#primaryimage"},"thumbnailUrl":"https:\/\/www.sonoraenequipo.com.mx\/storage\/2025\/11\/Ernestina-Godoy.-fiscal-provisional-min.jpg","datePublished":"2025-11-28T04:19:56+00:00","dateModified":"2025-11-28T04:43:39+00:00","description":"CIUDAD DE M\u00c9XICO. MX. \u2014 Antes de enviar su renuncia al Senado como fiscal general de la Rep\u00fablica, Alejandro Gertz Manero, nombr\u00f3 este jueves a Ernestina En Sonora en Equipo publicamos toda la informaci\u00f3n de Sonora, M\u00e9xico y el Mundo de manera oportuna y busca que la libertad de expresi\u00f3n sea real. Visita nuestro medio informativo publicado desde Hermosillo, Sonora. %","breadcrumb":{"@id":"https:\/\/www.sonoraenequipo.com.mx\/ernestina-godoy-asume-provisionalmente-la-fgr-tras-renuncia-de-gertz-manero\/#breadcrumb"},"inLanguage":"es","potentialAction":[{"@type":"ReadAction","target":["https:\/\/www.sonoraenequipo.com.mx\/ernestina-godoy-asume-provisionalmente-la-fgr-tras-renuncia-de-gertz-manero\/"]}]},{"@type":"ImageObject","inLanguage":"es","@id":"https:\/\/www.sonoraenequipo.com.mx\/ernestina-godoy-asume-provisionalmente-la-fgr-tras-renuncia-de-gertz-manero\/#primaryimage","url":"https:\/\/www.sonoraenequipo.com.mx\/storage\/2025\/11\/Ernestina-Godoy.-fiscal-provisional-min.jpg","contentUrl":"https:\/\/www.sonoraenequipo.com.mx\/storage\/2025\/11\/Ernestina-Godoy.-fiscal-provisional-min.jpg","width":1288,"height":762},{"@type":"BreadcrumbList","@id":"https:\/\/www.sonoraenequipo.com.mx\/ernestina-godoy-asume-provisionalmente-la-fgr-tras-renuncia-de-gertz-manero\/#breadcrumb","itemListElement":[{"@type":"ListItem","position":1,"name":"Portada","item":"https:\/\/www.sonoraenequipo.com.mx\/"},{"@type":"ListItem","position":2,"name":"Ernestina Godoy asume provisionalmente la FGR tras renuncia de Gertz Manero"}]},{"@type":"WebSite","@id":"https:\/\/www.sonoraenequipo.com.mx\/#website","url":"https:\/\/www.sonoraenequipo.com.mx\/","name":"Sonora en Equipo.","description":"Diario en l\u00ednea con Noticias desde Hermosillo, Sonora","publisher":{"@id":"https:\/\/www.sonoraenequipo.com.mx\/#organization"},"potentialAction":[{"@type":"SearchAction","target":{"@type":"EntryPoint","urlTemplate":"https:\/\/www.sonoraenequipo.com.mx\/?s={search_term_string}"},"query-input":{"@type":"PropertyValueSpecification","valueRequired":true,"valueName":"search_term_string"}}],"inLanguage":"es"},{"@type":"Organization","@id":"https:\/\/www.sonoraenequipo.com.mx\/#organization","name":"Sonoraenequipo.com.mx","url":"https:\/\/www.sonoraenequipo.com.mx\/","logo":{"@type":"ImageObject","inLanguage":"es","@id":"https:\/\/www.sonoraenequipo.com.mx\/#\/schema\/logo\/image\/","url":"https:\/\/www.sonoraenequipo.com.mx\/storage\/2019\/01\/sonoraenequipo_opt.png","contentUrl":"https:\/\/www.sonoraenequipo.com.mx\/storage\/2019\/01\/sonoraenequipo_opt.png","width":375,"height":125,"caption":"Sonoraenequipo.com.mx"},"image":{"@id":"https:\/\/www.sonoraenequipo.com.mx\/#\/schema\/logo\/image\/"},"sameAs":["https:\/\/www.facebook.com\/SonoraEE\/","https:\/\/x.com\/sonoraenequipo","https:\/\/www.youtube.com\/channel\/UC338nW-lPEYmJQs4ZABQ1SQ"]},{"@type":"Person","@id":"https:\/\/www.sonoraenequipo.com.mx\/#\/schema\/person\/50102df0fb23a8fa9e8effad8fa81386","name":"enequipo","image":{"@type":"ImageObject","inLanguage":"es","@id":"https:\/\/www.sonoraenequipo.com.mx\/#\/schema\/person\/image\/","url":"https:\/\/secure.gravatar.com\/avatar\/049821681b589dabc0bc20695993ccebb09f5b5d4d790cd9251b97faac7c652b?s=96&d=blank&r=g","contentUrl":"https:\/\/secure.gravatar.com\/avatar\/049821681b589dabc0bc20695993ccebb09f5b5d4d790cd9251b97faac7c652b?s=96&d=blank&r=g","caption":"enequipo"},"sameAs":["https:\/\/www.facebook.com\/SonoraEE"]}]}},"jetpack_featured_media_url":"https:\/\/www.sonoraenequipo.com.mx\/storage\/2025\/11\/Ernestina-Godoy.-fiscal-provisional-min.jpg","_links":{"self":[{"href":"https:\/\/www.sonoraenequipo.com.mx\/api\/wp\/v2\/posts\/229666","targetHints":{"allow":["GET"]}}],"collection":[{"href":"https:\/\/www.sonoraenequipo.com.mx\/api\/wp\/v2\/posts"}],"about":[{"href":"https:\/\/www.sonoraenequipo.com.mx\/api\/wp\/v2\/types\/post"}],"author":[{"embeddable":true,"href":"https:\/\/www.sonoraenequipo.com.mx\/api\/wp\/v2\/users\/1"}],"replies":[{"embeddable":true,"href":"https:\/\/www.sonoraenequipo.com.mx\/api\/wp\/v2\/comments?post=229666"}],"version-history":[{"count":1,"href":"https:\/\/www.sonoraenequipo.com.mx\/api\/wp\/v2\/posts\/229666\/revisions"}],"predecessor-version":[{"id":229667,"href":"https:\/\/www.sonoraenequipo.com.mx\/api\/wp\/v2\/posts\/229666\/revisions\/229667"}],"wp:featuredmedia":[{"embeddable":true,"href":"https:\/\/www.sonoraenequipo.com.mx\/api\/wp\/v2\/media\/229663"}],"wp:attachment":[{"href":"https:\/\/www.sonoraenequipo.com.mx\/api\/wp\/v2\/media?parent=229666"}],"wp:term":[{"taxonomy":"category","embeddable":true,"href":"https:\/\/www.sonoraenequipo.com.mx\/api\/wp\/v2\/categories?post=229666"},{"taxonomy":"post_tag","embeddable":true,"href":"https:\/\/www.sonoraenequipo.com.mx\/api\/wp\/v2\/tags?post=229666"}],"curies":[{"name":"wp","href":"https:\/\/api.w.org\/{rel}","templated":true}]}}