{"id":229672,"date":"2025-11-27T22:34:39","date_gmt":"2025-11-28T05:34:39","guid":{"rendered":"https:\/\/www.sonoraenequipo.com.mx\/?p=229672"},"modified":"2025-11-27T22:07:35","modified_gmt":"2025-11-28T05:07:35","slug":"habra-reubicacion-de-ambulantes-y-reforzamiento-de-seguridad-en-el-centro-historico-brugada","status":"publish","type":"post","link":"https:\/\/www.sonoraenequipo.com.mx\/habra-reubicacion-de-ambulantes-y-reforzamiento-de-seguridad-en-el-centro-historico-brugada\/","title":{"rendered":"Habr\u00e1 reubicaci\u00f3n de ambulantes y reforzamiento de seguridad en el Centro Hist\u00f3rico: Brugada"},"content":{"rendered":"<p><strong>CDMX. M\u00c9XICO. \u2014 <\/strong>La jefa de Gobierno, Clara Brugada, anunci\u00f3 que su administraci\u00f3n trabaja en un plan integral de reordenamiento del espacio p\u00fablico en el Centro Hist\u00f3rico, con el objetivo de tener esta zona \u201ctotalmente ordenada\u201d a principios del pr\u00f3ximo a\u00f1o.<\/p>\n<p>&nbsp;<\/p>\n<p>&nbsp;<\/p>\n<p>&nbsp;<\/p>\n<p> <\/p>\n<p>Brugada explic\u00f3 que el proyecto incluye la reubicaci\u00f3n de comerciantes ambulantes, as\u00ed como acciones de seguridad, iluminaci\u00f3n, recuperaci\u00f3n urbana, revitalizaci\u00f3n y repoblamiento del primer cuadro de la ciudad.<\/p>\n<p>&nbsp;<\/p>\n<p>&nbsp;<\/p>\n<p><em><strong>\u201cEstamos trabajando en un plan de reordenamiento p\u00fablico para que a principios de a\u00f1o logremos el Centro Hist\u00f3rico tenerlo totalmente ordenado, con plazas para la reubicaci\u00f3n de ambulantes y un trabajo muy importante para todo el Centro Hist\u00f3rico\u201d,<\/strong><\/em> afirm\u00f3.<\/p>\n<p>&nbsp;<\/p>\n<p>&nbsp;<\/p>\n<p>&nbsp;<\/p>\n<p>La mandataria subray\u00f3 que el ordenamiento de la v\u00eda p\u00fablica es una prioridad: \u201cEs fundamental el reordenamiento de la v\u00eda p\u00fablica, estamos trabajando en eso\u201d.<\/p>\n<p>&nbsp;<\/p>\n<p>&nbsp;<\/p>\n<p>&nbsp;<\/p>\n<p>Reconoci\u00f3, sin embargo, que diciembre ser\u00e1 el periodo m\u00e1s complejo para avanzar en estas acciones debido a la alta afluencia y actividad comercial en la zona.<\/p>\n<p>&nbsp;<\/p>\n<p>&nbsp;<\/p>\n<p>Aun as\u00ed, asegur\u00f3 que su gobierno cuenta con los elementos necesarios para lograr los objetivos planteados.<\/p>\n<p>&nbsp;<\/p>\n<p>&nbsp;<\/p>\n<p><em><strong>\u201cSabemos que este mes que viene, diciembre, es el m\u00e1s dif\u00edcil, pero es el \u00faltimo. Va a haber todo lo necesario para lograr este reordenamiento\u201d,<\/strong><\/em> puntualiz\u00f3 Brugada.<\/p>\n<p>&nbsp;<\/p>\n<p>&nbsp;<\/p>\n<p>PUBLICADO EL 27 DE NOVIEMBRE DE 2025 Con informaci\u00f3n de CDMX)<\/p>\n","protected":false},"excerpt":{"rendered":"<p>CDMX. M\u00c9XICO. \u2014 La jefa de Gobierno, Clara Brugada, anunci\u00f3 que su administraci\u00f3n trabaja en&#8230;<\/p>\n","protected":false},"author":1,"featured_media":229673,"comment_status":"open","ping_status":"open","sticky":false,"template":"","format":"standard","meta":{"_monsterinsights_skip_tracking":false,"_monsterinsights_sitenote_active":false,"_monsterinsights_sitenote_note":"","_monsterinsights_sitenote_category":0,"footnotes":""},"categories":[5],"tags":[],"class_list":["post"],"yoast_head":" \n<title>Sonora en Equipo. Habr\u00e1 reubicaci\u00f3n de ambulantes y reforzamiento de seguridad en el Centro Hist\u00f3rico: Brugada Rep\u00fablica<\/title>\n<meta name=\"description\" content=\"CDMX. M\u00c9XICO. \u2014 La jefa de Gobierno, Clara Brugada, anunci\u00f3 que su administraci\u00f3n trabaja en un plan integral de reordenamiento del espacio p\u00fablico en el En Sonora en Equipo publicamos toda la informaci\u00f3n de Sonora, M\u00e9xico y el Mundo de manera oportuna y busca que la libertad de expresi\u00f3n sea real. Visita nuestro medio informativo publicado desde Hermosillo, Sonora. %\" \/>\n<meta name=\"robots\" content=\"index, follow, max-snippet:-1, max-image-preview:large, max-video-preview:-1\" \/>\n<link rel=\"canonical\" href=\"https:\/\/www.sonoraenequipo.com.mx\/habra-reubicacion-de-ambulantes-y-reforzamiento-de-seguridad-en-el-centro-historico-brugada\/\" \/>\n<meta property=\"og:locale\" content=\"es_ES\" \/>\n<meta property=\"og:type\" content=\"article\" \/>\n<meta property=\"og:title\" content=\"Sonora en Equipo. Habr\u00e1 reubicaci\u00f3n de ambulantes y reforzamiento de seguridad en el Centro Hist\u00f3rico: Brugada Rep\u00fablica\" \/>\n<meta property=\"og:description\" content=\"CDMX. M\u00c9XICO. \u2014 La jefa de Gobierno, Clara Brugada, anunci\u00f3 que su administraci\u00f3n trabaja en un plan integral de reordenamiento del espacio p\u00fablico en el En Sonora en Equipo publicamos toda la informaci\u00f3n de Sonora, M\u00e9xico y el Mundo de manera oportuna y busca que la libertad de expresi\u00f3n sea real. Visita nuestro medio informativo publicado desde Hermosillo, Sonora. %\" \/>\n<meta property=\"og:url\" content=\"https:\/\/www.sonoraenequipo.com.mx\/habra-reubicacion-de-ambulantes-y-reforzamiento-de-seguridad-en-el-centro-historico-brugada\/\" \/>\n<meta property=\"og:site_name\" content=\"Sonora en Equipo.\" \/>\n<meta property=\"article:publisher\" content=\"https:\/\/www.facebook.com\/SonoraEE\/\" \/>\n<meta property=\"article:author\" content=\"https:\/\/www.facebook.com\/SonoraEE\" \/>\n<meta property=\"article:published_time\" content=\"2025-11-28T05:34:39+00:00\" \/>\n<meta property=\"og:image\" content=\"https:\/\/www.sonoraenequipo.com.mx\/storage\/2025\/11\/clara-brugada.-cdmx-min.jpg\" \/>\n\t<meta property=\"og:image:width\" content=\"976\" \/>\n\t<meta property=\"og:image:height\" content=\"630\" \/>\n\t<meta property=\"og:image:type\" content=\"image\/jpeg\" \/>\n<meta name=\"author\" content=\"enequipo\" \/>\n<meta name=\"twitter:card\" content=\"summary_large_image\" \/>\n<meta name=\"twitter:creator\" content=\"@sonoraenequipo\" \/>\n<meta name=\"twitter:site\" content=\"@sonoraenequipo\" \/>\n<meta name=\"twitter:label1\" content=\"Escrito por\" \/>\n\t<meta name=\"twitter:data1\" content=\"enequipo\" \/>\n\t<meta name=\"twitter:label2\" content=\"Tiempo de lectura\" \/>\n\t<meta name=\"twitter:data2\" content=\"1 minuto\" \/>\n<script type=\"application\/ld+json\" class=\"yoast-schema-graph\">{\"@context\":\"https:\/\/schema.org\",\"@graph\":[{\"@type\":\"Article\",\"@id\":\"https:\/\/www.sonoraenequipo.com.mx\/habra-reubicacion-de-ambulantes-y-reforzamiento-de-seguridad-en-el-centro-historico-brugada\/#article\",\"isPartOf\":{\"@id\":\"https:\/\/www.sonoraenequipo.com.mx\/habra-reubicacion-de-ambulantes-y-reforzamiento-de-seguridad-en-el-centro-historico-brugada\/\"},\"author\":{\"name\":\"enequipo\",\"@id\":\"https:\/\/www.sonoraenequipo.com.mx\/#\/schema\/person\/50102df0fb23a8fa9e8effad8fa81386\"},\"headline\":\"Habr\u00e1 reubicaci\u00f3n de ambulantes y reforzamiento de seguridad en el Centro Hist\u00f3rico: Brugada\",\"datePublished\":\"2025-11-28T05:34:39+00:00\",\"mainEntityOfPage\":{\"@id\":\"https:\/\/www.sonoraenequipo.com.mx\/habra-reubicacion-de-ambulantes-y-reforzamiento-de-seguridad-en-el-centro-historico-brugada\/\"},\"wordCount\":265,\"commentCount\":0,\"publisher\":{\"@id\":\"https:\/\/www.sonoraenequipo.com.mx\/#organization\"},\"image\":{\"@id\":\"https:\/\/www.sonoraenequipo.com.mx\/habra-reubicacion-de-ambulantes-y-reforzamiento-de-seguridad-en-el-centro-historico-brugada\/#primaryimage\"},\"thumbnailUrl\":\"https:\/\/www.sonoraenequipo.com.mx\/storage\/2025\/11\/clara-brugada.-cdmx-min.jpg\",\"articleSection\":[\"Rep\u00fablica\"],\"inLanguage\":\"es\",\"potentialAction\":[{\"@type\":\"CommentAction\",\"name\":\"Comment\",\"target\":[\"https:\/\/www.sonoraenequipo.com.mx\/habra-reubicacion-de-ambulantes-y-reforzamiento-de-seguridad-en-el-centro-historico-brugada\/#respond\"]}]},{\"@type\":\"WebPage\",\"@id\":\"https:\/\/www.sonoraenequipo.com.mx\/habra-reubicacion-de-ambulantes-y-reforzamiento-de-seguridad-en-el-centro-historico-brugada\/\",\"url\":\"https:\/\/www.sonoraenequipo.com.mx\/habra-reubicacion-de-ambulantes-y-reforzamiento-de-seguridad-en-el-centro-historico-brugada\/\",\"name\":\"Sonora en Equipo. Habr\u00e1 reubicaci\u00f3n de ambulantes y reforzamiento de seguridad en el Centro Hist\u00f3rico: Brugada Rep\u00fablica\",\"isPartOf\":{\"@id\":\"https:\/\/www.sonoraenequipo.com.mx\/#website\"},\"primaryImageOfPage\":{\"@id\":\"https:\/\/www.sonoraenequipo.com.mx\/habra-reubicacion-de-ambulantes-y-reforzamiento-de-seguridad-en-el-centro-historico-brugada\/#primaryimage\"},\"image\":{\"@id\":\"https:\/\/www.sonoraenequipo.com.mx\/habra-reubicacion-de-ambulantes-y-reforzamiento-de-seguridad-en-el-centro-historico-brugada\/#primaryimage\"},\"thumbnailUrl\":\"https:\/\/www.sonoraenequipo.com.mx\/storage\/2025\/11\/clara-brugada.-cdmx-min.jpg\",\"datePublished\":\"2025-11-28T05:34:39+00:00\",\"description\":\"CDMX. M\u00c9XICO. \u2014 La jefa de Gobierno, Clara Brugada, anunci\u00f3 que su administraci\u00f3n trabaja en un plan integral de reordenamiento del espacio p\u00fablico en el En Sonora en Equipo publicamos toda la informaci\u00f3n de Sonora, M\u00e9xico y el Mundo de manera oportuna y busca que la libertad de expresi\u00f3n sea real. Visita nuestro medio informativo publicado desde Hermosillo, Sonora. %\",\"breadcrumb\":{\"@id\":\"https:\/\/www.sonoraenequipo.com.mx\/habra-reubicacion-de-ambulantes-y-reforzamiento-de-seguridad-en-el-centro-historico-brugada\/#breadcrumb\"},\"inLanguage\":\"es\",\"potentialAction\":[{\"@type\":\"ReadAction\",\"target\":[\"https:\/\/www.sonoraenequipo.com.mx\/habra-reubicacion-de-ambulantes-y-reforzamiento-de-seguridad-en-el-centro-historico-brugada\/\"]}]},{\"@type\":\"ImageObject\",\"inLanguage\":\"es\",\"@id\":\"https:\/\/www.sonoraenequipo.com.mx\/habra-reubicacion-de-ambulantes-y-reforzamiento-de-seguridad-en-el-centro-historico-brugada\/#primaryimage\",\"url\":\"https:\/\/www.sonoraenequipo.com.mx\/storage\/2025\/11\/clara-brugada.-cdmx-min.jpg\",\"contentUrl\":\"https:\/\/www.sonoraenequipo.com.mx\/storage\/2025\/11\/clara-brugada.-cdmx-min.jpg\",\"width\":976,\"height\":630},{\"@type\":\"BreadcrumbList\",\"@id\":\"https:\/\/www.sonoraenequipo.com.mx\/habra-reubicacion-de-ambulantes-y-reforzamiento-de-seguridad-en-el-centro-historico-brugada\/#breadcrumb\",\"itemListElement\":[{\"@type\":\"ListItem\",\"position\":1,\"name\":\"Portada\",\"item\":\"https:\/\/www.sonoraenequipo.com.mx\/\"},{\"@type\":\"ListItem\",\"position\":2,\"name\":\"Habr\u00e1 reubicaci\u00f3n de ambulantes y reforzamiento de seguridad en el Centro Hist\u00f3rico: Brugada\"}]},{\"@type\":\"WebSite\",\"@id\":\"https:\/\/www.sonoraenequipo.com.mx\/#website\",\"url\":\"https:\/\/www.sonoraenequipo.com.mx\/\",\"name\":\"Sonora en Equipo.\",\"description\":\"Diario en l\u00ednea con Noticias desde Hermosillo, Sonora\",\"publisher\":{\"@id\":\"https:\/\/www.sonoraenequipo.com.mx\/#organization\"},\"potentialAction\":[{\"@type\":\"SearchAction\",\"target\":{\"@type\":\"EntryPoint\",\"urlTemplate\":\"https:\/\/www.sonoraenequipo.com.mx\/?s={search_term_string}\"},\"query-input\":{\"@type\":\"PropertyValueSpecification\",\"valueRequired\":true,\"valueName\":\"search_term_string\"}}],\"inLanguage\":\"es\"},{\"@type\":\"Organization\",\"@id\":\"https:\/\/www.sonoraenequipo.com.mx\/#organization\",\"name\":\"Sonoraenequipo.com.mx\",\"url\":\"https:\/\/www.sonoraenequipo.com.mx\/\",\"logo\":{\"@type\":\"ImageObject\",\"inLanguage\":\"es\",\"@id\":\"https:\/\/www.sonoraenequipo.com.mx\/#\/schema\/logo\/image\/\",\"url\":\"https:\/\/www.sonoraenequipo.com.mx\/storage\/2019\/01\/sonoraenequipo_opt.png\",\"contentUrl\":\"https:\/\/www.sonoraenequipo.com.mx\/storage\/2019\/01\/sonoraenequipo_opt.png\",\"width\":375,\"height\":125,\"caption\":\"Sonoraenequipo.com.mx\"},\"image\":{\"@id\":\"https:\/\/www.sonoraenequipo.com.mx\/#\/schema\/logo\/image\/\"},\"sameAs\":[\"https:\/\/www.facebook.com\/SonoraEE\/\",\"https:\/\/x.com\/sonoraenequipo\",\"https:\/\/www.youtube.com\/channel\/UC338nW-lPEYmJQs4ZABQ1SQ\"]},{\"@type\":\"Person\",\"@id\":\"https:\/\/www.sonoraenequipo.com.mx\/#\/schema\/person\/50102df0fb23a8fa9e8effad8fa81386\",\"name\":\"enequipo\",\"image\":{\"@type\":\"ImageObject\",\"inLanguage\":\"es\",\"@id\":\"https:\/\/www.sonoraenequipo.com.mx\/#\/schema\/person\/image\/\",\"url\":\"https:\/\/secure.gravatar.com\/avatar\/049821681b589dabc0bc20695993ccebb09f5b5d4d790cd9251b97faac7c652b?s=96&d=blank&r=g\",\"contentUrl\":\"https:\/\/secure.gravatar.com\/avatar\/049821681b589dabc0bc20695993ccebb09f5b5d4d790cd9251b97faac7c652b?s=96&d=blank&r=g\",\"caption\":\"enequipo\"},\"sameAs\":[\"https:\/\/www.facebook.com\/SonoraEE\"]}]}<\/script>\n ","yoast_head_json":{"title":"Sonora en Equipo. Habr\u00e1 reubicaci\u00f3n de ambulantes y reforzamiento de seguridad en el Centro Hist\u00f3rico: Brugada Rep\u00fablica","description":"CDMX. M\u00c9XICO. \u2014 La jefa de Gobierno, Clara Brugada, anunci\u00f3 que su administraci\u00f3n trabaja en un plan integral de reordenamiento del espacio p\u00fablico en el En Sonora en Equipo publicamos toda la informaci\u00f3n de Sonora, M\u00e9xico y el Mundo de manera oportuna y busca que la libertad de expresi\u00f3n sea real. Visita nuestro medio informativo publicado desde Hermosillo, Sonora. %","robots":{"index":"index","follow":"follow","max-snippet":"max-snippet:-1","max-image-preview":"max-image-preview:large","max-video-preview":"max-video-preview:-1"},"canonical":"https:\/\/www.sonoraenequipo.com.mx\/habra-reubicacion-de-ambulantes-y-reforzamiento-de-seguridad-en-el-centro-historico-brugada\/","og_locale":"es_ES","og_type":"article","og_title":"Sonora en Equipo. Habr\u00e1 reubicaci\u00f3n de ambulantes y reforzamiento de seguridad en el Centro Hist\u00f3rico: Brugada Rep\u00fablica","og_description":"CDMX. M\u00c9XICO. \u2014 La jefa de Gobierno, Clara Brugada, anunci\u00f3 que su administraci\u00f3n trabaja en un plan integral de reordenamiento del espacio p\u00fablico en el En Sonora en Equipo publicamos toda la informaci\u00f3n de Sonora, M\u00e9xico y el Mundo de manera oportuna y busca que la libertad de expresi\u00f3n sea real. Visita nuestro medio informativo publicado desde Hermosillo, Sonora. %","og_url":"https:\/\/www.sonoraenequipo.com.mx\/habra-reubicacion-de-ambulantes-y-reforzamiento-de-seguridad-en-el-centro-historico-brugada\/","og_site_name":"Sonora en Equipo.","article_publisher":"https:\/\/www.facebook.com\/SonoraEE\/","article_author":"https:\/\/www.facebook.com\/SonoraEE","article_published_time":"2025-11-28T05:34:39+00:00","og_image":[{"width":976,"height":630,"url":"https:\/\/www.sonoraenequipo.com.mx\/storage\/2025\/11\/clara-brugada.-cdmx-min.jpg","type":"image\/jpeg"}],"author":"enequipo","twitter_card":"summary_large_image","twitter_creator":"@sonoraenequipo","twitter_site":"@sonoraenequipo","twitter_misc":{"Escrito por":"enequipo","Tiempo de lectura":"1 minuto"},"schema":{"@context":"https:\/\/schema.org","@graph":[{"@type":"Article","@id":"https:\/\/www.sonoraenequipo.com.mx\/habra-reubicacion-de-ambulantes-y-reforzamiento-de-seguridad-en-el-centro-historico-brugada\/#article","isPartOf":{"@id":"https:\/\/www.sonoraenequipo.com.mx\/habra-reubicacion-de-ambulantes-y-reforzamiento-de-seguridad-en-el-centro-historico-brugada\/"},"author":{"name":"enequipo","@id":"https:\/\/www.sonoraenequipo.com.mx\/#\/schema\/person\/50102df0fb23a8fa9e8effad8fa81386"},"headline":"Habr\u00e1 reubicaci\u00f3n de ambulantes y reforzamiento de seguridad en el Centro Hist\u00f3rico: Brugada","datePublished":"2025-11-28T05:34:39+00:00","mainEntityOfPage":{"@id":"https:\/\/www.sonoraenequipo.com.mx\/habra-reubicacion-de-ambulantes-y-reforzamiento-de-seguridad-en-el-centro-historico-brugada\/"},"wordCount":265,"commentCount":0,"publisher":{"@id":"https:\/\/www.sonoraenequipo.com.mx\/#organization"},"image":{"@id":"https:\/\/www.sonoraenequipo.com.mx\/habra-reubicacion-de-ambulantes-y-reforzamiento-de-seguridad-en-el-centro-historico-brugada\/#primaryimage"},"thumbnailUrl":"https:\/\/www.sonoraenequipo.com.mx\/storage\/2025\/11\/clara-brugada.-cdmx-min.jpg","articleSection":["Rep\u00fablica"],"inLanguage":"es","potentialAction":[{"@type":"CommentAction","name":"Comment","target":["https:\/\/www.sonoraenequipo.com.mx\/habra-reubicacion-de-ambulantes-y-reforzamiento-de-seguridad-en-el-centro-historico-brugada\/#respond"]}]},{"@type":"WebPage","@id":"https:\/\/www.sonoraenequipo.com.mx\/habra-reubicacion-de-ambulantes-y-reforzamiento-de-seguridad-en-el-centro-historico-brugada\/","url":"https:\/\/www.sonoraenequipo.com.mx\/habra-reubicacion-de-ambulantes-y-reforzamiento-de-seguridad-en-el-centro-historico-brugada\/","name":"Sonora en Equipo. Habr\u00e1 reubicaci\u00f3n de ambulantes y reforzamiento de seguridad en el Centro Hist\u00f3rico: Brugada Rep\u00fablica","isPartOf":{"@id":"https:\/\/www.sonoraenequipo.com.mx\/#website"},"primaryImageOfPage":{"@id":"https:\/\/www.sonoraenequipo.com.mx\/habra-reubicacion-de-ambulantes-y-reforzamiento-de-seguridad-en-el-centro-historico-brugada\/#primaryimage"},"image":{"@id":"https:\/\/www.sonoraenequipo.com.mx\/habra-reubicacion-de-ambulantes-y-reforzamiento-de-seguridad-en-el-centro-historico-brugada\/#primaryimage"},"thumbnailUrl":"https:\/\/www.sonoraenequipo.com.mx\/storage\/2025\/11\/clara-brugada.-cdmx-min.jpg","datePublished":"2025-11-28T05:34:39+00:00","description":"CDMX. M\u00c9XICO. \u2014 La jefa de Gobierno, Clara Brugada, anunci\u00f3 que su administraci\u00f3n trabaja en un plan integral de reordenamiento del espacio p\u00fablico en el En Sonora en Equipo publicamos toda la informaci\u00f3n de Sonora, M\u00e9xico y el Mundo de manera oportuna y busca que la libertad de expresi\u00f3n sea real. Visita nuestro medio informativo publicado desde Hermosillo, Sonora. %","breadcrumb":{"@id":"https:\/\/www.sonoraenequipo.com.mx\/habra-reubicacion-de-ambulantes-y-reforzamiento-de-seguridad-en-el-centro-historico-brugada\/#breadcrumb"},"inLanguage":"es","potentialAction":[{"@type":"ReadAction","target":["https:\/\/www.sonoraenequipo.com.mx\/habra-reubicacion-de-ambulantes-y-reforzamiento-de-seguridad-en-el-centro-historico-brugada\/"]}]},{"@type":"ImageObject","inLanguage":"es","@id":"https:\/\/www.sonoraenequipo.com.mx\/habra-reubicacion-de-ambulantes-y-reforzamiento-de-seguridad-en-el-centro-historico-brugada\/#primaryimage","url":"https:\/\/www.sonoraenequipo.com.mx\/storage\/2025\/11\/clara-brugada.-cdmx-min.jpg","contentUrl":"https:\/\/www.sonoraenequipo.com.mx\/storage\/2025\/11\/clara-brugada.-cdmx-min.jpg","width":976,"height":630},{"@type":"BreadcrumbList","@id":"https:\/\/www.sonoraenequipo.com.mx\/habra-reubicacion-de-ambulantes-y-reforzamiento-de-seguridad-en-el-centro-historico-brugada\/#breadcrumb","itemListElement":[{"@type":"ListItem","position":1,"name":"Portada","item":"https:\/\/www.sonoraenequipo.com.mx\/"},{"@type":"ListItem","position":2,"name":"Habr\u00e1 reubicaci\u00f3n de ambulantes y reforzamiento de seguridad en el Centro Hist\u00f3rico: Brugada"}]},{"@type":"WebSite","@id":"https:\/\/www.sonoraenequipo.com.mx\/#website","url":"https:\/\/www.sonoraenequipo.com.mx\/","name":"Sonora en Equipo.","description":"Diario en l\u00ednea con Noticias desde Hermosillo, Sonora","publisher":{"@id":"https:\/\/www.sonoraenequipo.com.mx\/#organization"},"potentialAction":[{"@type":"SearchAction","target":{"@type":"EntryPoint","urlTemplate":"https:\/\/www.sonoraenequipo.com.mx\/?s={search_term_string}"},"query-input":{"@type":"PropertyValueSpecification","valueRequired":true,"valueName":"search_term_string"}}],"inLanguage":"es"},{"@type":"Organization","@id":"https:\/\/www.sonoraenequipo.com.mx\/#organization","name":"Sonoraenequipo.com.mx","url":"https:\/\/www.sonoraenequipo.com.mx\/","logo":{"@type":"ImageObject","inLanguage":"es","@id":"https:\/\/www.sonoraenequipo.com.mx\/#\/schema\/logo\/image\/","url":"https:\/\/www.sonoraenequipo.com.mx\/storage\/2019\/01\/sonoraenequipo_opt.png","contentUrl":"https:\/\/www.sonoraenequipo.com.mx\/storage\/2019\/01\/sonoraenequipo_opt.png","width":375,"height":125,"caption":"Sonoraenequipo.com.mx"},"image":{"@id":"https:\/\/www.sonoraenequipo.com.mx\/#\/schema\/logo\/image\/"},"sameAs":["https:\/\/www.facebook.com\/SonoraEE\/","https:\/\/x.com\/sonoraenequipo","https:\/\/www.youtube.com\/channel\/UC338nW-lPEYmJQs4ZABQ1SQ"]},{"@type":"Person","@id":"https:\/\/www.sonoraenequipo.com.mx\/#\/schema\/person\/50102df0fb23a8fa9e8effad8fa81386","name":"enequipo","image":{"@type":"ImageObject","inLanguage":"es","@id":"https:\/\/www.sonoraenequipo.com.mx\/#\/schema\/person\/image\/","url":"https:\/\/secure.gravatar.com\/avatar\/049821681b589dabc0bc20695993ccebb09f5b5d4d790cd9251b97faac7c652b?s=96&d=blank&r=g","contentUrl":"https:\/\/secure.gravatar.com\/avatar\/049821681b589dabc0bc20695993ccebb09f5b5d4d790cd9251b97faac7c652b?s=96&d=blank&r=g","caption":"enequipo"},"sameAs":["https:\/\/www.facebook.com\/SonoraEE"]}]}},"jetpack_featured_media_url":"https:\/\/www.sonoraenequipo.com.mx\/storage\/2025\/11\/clara-brugada.-cdmx-min.jpg","_links":{"self":[{"href":"https:\/\/www.sonoraenequipo.com.mx\/api\/wp\/v2\/posts\/229672","targetHints":{"allow":["GET"]}}],"collection":[{"href":"https:\/\/www.sonoraenequipo.com.mx\/api\/wp\/v2\/posts"}],"about":[{"href":"https:\/\/www.sonoraenequipo.com.mx\/api\/wp\/v2\/types\/post"}],"author":[{"embeddable":true,"href":"https:\/\/www.sonoraenequipo.com.mx\/api\/wp\/v2\/users\/1"}],"replies":[{"embeddable":true,"href":"https:\/\/www.sonoraenequipo.com.mx\/api\/wp\/v2\/comments?post=229672"}],"version-history":[{"count":1,"href":"https:\/\/www.sonoraenequipo.com.mx\/api\/wp\/v2\/posts\/229672\/revisions"}],"predecessor-version":[{"id":229674,"href":"https:\/\/www.sonoraenequipo.com.mx\/api\/wp\/v2\/posts\/229672\/revisions\/229674"}],"wp:featuredmedia":[{"embeddable":true,"href":"https:\/\/www.sonoraenequipo.com.mx\/api\/wp\/v2\/media\/229673"}],"wp:attachment":[{"href":"https:\/\/www.sonoraenequipo.com.mx\/api\/wp\/v2\/media?parent=229672"}],"wp:term":[{"taxonomy":"category","embeddable":true,"href":"https:\/\/www.sonoraenequipo.com.mx\/api\/wp\/v2\/categories?post=229672"},{"taxonomy":"post_tag","embeddable":true,"href":"https:\/\/www.sonoraenequipo.com.mx\/api\/wp\/v2\/tags?post=229672"}],"curies":[{"name":"wp","href":"https:\/\/api.w.org\/{rel}","templated":true}]}}