{"id":229697,"date":"2025-11-28T12:29:55","date_gmt":"2025-11-28T19:29:55","guid":{"rendered":"https:\/\/www.sonoraenequipo.com.mx\/?p=229697"},"modified":"2025-12-06T11:45:22","modified_gmt":"2025-12-06T18:45:22","slug":"notas-sueltas-el-asunto-del-agua","status":"publish","type":"post","link":"https:\/\/www.sonoraenequipo.com.mx\/notas-sueltas-el-asunto-del-agua\/","title":{"rendered":"NOTAS SUELTAS. El asunto del agua. Jos\u00e9 Dar\u00edo Arredondo L\u00f3pez"},"content":{"rendered":"<p>Agua que no has de beber, d\u00e9jala correr\u2026 si a\u00fan queda (dicho popular actualizado).<\/p>\n<p>&nbsp;<\/p>\n<p>&nbsp;<\/p>\n<p>Socialmente, se fortalece la percepci\u00f3n de que la construcci\u00f3n de las presas \u201cpara garantizar el abasto de agua a Hermosillo por los pr\u00f3ximos 30 a\u00f1os\u201d es una broma pesada, o un plan con dedicatoria minera.<\/p>\n<p>&nbsp;<\/p>\n<p>Se tiene claro que el desperdicio en Hermosillo es de m\u00e1s del 50 por ciento del agua que ingresa a la red distribuidora, y que la inversi\u00f3n de 7,500 millones de pesos para las obras anunciadas en el Plan H\u00eddrico ser\u00e1n, en estas condiciones, un gasto in\u00fatil y en resumidas cuentas un desperdicio.<\/p>\n<p>&nbsp;<\/p>\n<p>La cosa se pone a\u00fan m\u00e1s triste si se considera que el r\u00edo Sonora no tiene un flujo que le permita llegar al mar, porque desde su nacimiento es mermado por m\u00faltiples concesiones en beneficio de la explotaci\u00f3n minera.<\/p>\n<p>&nbsp;<\/p>\n<p>A esto hay que agregar que la calidad del agua que corre por el r\u00edo Sonora es mala porque transporta una buena cantidad de metales pesados producto del derrame t\u00f3xico de agosto de 2014, originado en la presa propiedad de Grupo M\u00e9xico en Cananea.<\/p>\n<p>&nbsp;<\/p>\n<p>En otras palabras, el agua que recorre la cuenca del r\u00edo Sonora incluida la ciudad de Hermosillo est\u00e1 contaminada. Cabe recordar la alarmante incidencia de c\u00e1ncer en pueblos ribere\u00f1os como, por ejemplo, Ures.<\/p>\n<p>&nbsp;<\/p>\n<p>Ha habido promesas y compromisos de remediaci\u00f3n del r\u00edo, as\u00ed como instalaci\u00f3n de plantas potabilizadoras, hospitales y consultas especializadas en el tratamiento de v\u00edctimas de envenenamiento por metales pesados, pero a poco m\u00e1s de una d\u00e9cada, nadita de nada.<\/p>\n<p>&nbsp;<\/p>\n<p>As\u00ed pues, la inversi\u00f3n milmillonaria anunciada para \u201cdar agua a Hermosillo\u201d carece de seriedad si se mira en su contexto. Tenemos un r\u00edo que corre precaria e intermitentemente, presas vac\u00edas y una poblaci\u00f3n que sufre los efectos de la desertificaci\u00f3n que deriva de la construcci\u00f3n de presas, m\u00e1s los efectos de la contaminaci\u00f3n.<\/p>\n<p>&nbsp;<\/p>\n<p>Sin embargo, a contrapelo de la realidad que viven los supuestos beneficiados, el gobierno insiste en dar cauce a los proyectos (con especificaciones a\u00fan desconocidas) de la construcci\u00f3n de las presas, por lo que tenemos el extra\u00f1o caso de unas obras de infraestructura hidr\u00e1ulica que ya tienen presupuesto, pero carecen de los estudios t\u00e9cnicos integrales que las sustenten, desde el estudio hidrol\u00f3gico y de suelos hasta el impacto ambiental y social en la cuenca.<\/p>\n<p>&nbsp;<\/p>\n<p>Se habla de una consulta p\u00fablica, pero los pobladores ribere\u00f1os ya han manifestado su firme oposici\u00f3n al proyecto debido a la experiencia que tienen sobre los impactos de las presas, porque la cortina impide el flujo el agua y, en consecuencia, no hay posibilidades de recarga de los mantos acu\u00edferos, se presenta la desertificaci\u00f3n y es inviable la actividad agr\u00edcola.<\/p>\n<p>&nbsp;<\/p>\n<p>Se\u00f1alan que el panorama aguas abajo de la presa el Molinito demuestra lo anterior y que actualmente no se recomienda la construcci\u00f3n de presas por los da\u00f1os ambientales que ocasionan, seg\u00fan criterio internacional.<\/p>\n<p>&nbsp;<\/p>\n<p>Al poner un tap\u00f3n (porque eso es una presa) a la corriente del r\u00edo, se impide la recarga de los mantos acu\u00edferos y la perforaci\u00f3n de pozos tiene que ser m\u00e1s profunda, lo que conlleva mayor acumulaci\u00f3n de sustancias minerales (como cobre y ars\u00e9nico, entre otras) que contaminan el agua y, consecuentemente, disminuyen su calidad y potabilidad.<\/p>\n<p>&nbsp;<\/p>\n<p>El movimiento ciudadano de defensa del r\u00edo Sonora y la vida, sustenta su oposici\u00f3n en la experiencia y en la opini\u00f3n de especialistas independientes y universitarios, quienes se\u00f1alan la urgencia de remediar la contaminaci\u00f3n del r\u00edo, instalar servicios de salud y potabilizadoras, as\u00ed como rehabilitar la red de distribuci\u00f3n de agua en Hermosillo, as\u00ed como controlar la extracci\u00f3n para permitir la recuperaci\u00f3n de los mantos acu\u00edferos que surten la ciudad capital del Sonora, donde hay sobreexplotaci\u00f3n del recurso.<\/p>\n<p>&nbsp;<\/p>\n<p>Lo que se sabe hasta ahora, es que las mineras (Grupo M\u00e9xico y algunas extranjeras) tienen el 55 por ciento del agua concesionada, sin que el desastre ambiental de 2014 haya afectado para nada su situaci\u00f3n privilegiada, frente a muchas comunidades originarias de la regi\u00f3n que padecen de falta de agua y contaminaci\u00f3n.<\/p>\n<p>&nbsp;<\/p>\n<p>El desestimar la protesta y los argumentos de los pueblos del r\u00edo Sonora bajo el supuesto de que son simples opiniones si conocimiento del \u201cproyecto\u201d, ignorando el hecho de que las objeciones est\u00e1n fundamentadas en la experiencia y recursos t\u00e9cnicos tanto de productores locales y expertos universitarios como de especialistas independientes con conocimiento directo del terreno es, por decir lo menos, temerario y desafortunado.<\/p>\n<p>&nbsp;<\/p>\n<p>Estamos ante una buena oportunidad para que el gobierno federal y el estatal honren la promesa de cambio en la orientaci\u00f3n de la administraci\u00f3n p\u00fablica, y acatar el mandato popular que la hace posible. Recordemos que \u201ccon el pueblo, todo; sin el pueblo, nada\u201d.<\/p>\n<p>&nbsp;<\/p>\n<p>En este sentido, el gobierno de la Cuarta Transformaci\u00f3n debe tener sensibilidad y poner mucha atenci\u00f3n en no dar respiraci\u00f3n artificial a los carro\u00f1eros de una oposici\u00f3n dispuesta a descarrilar cualquier proyecto transformador, pese estar \u201cpol\u00edtica y moralmente derrotada\u201d.<\/p>\n<p>&nbsp;<\/p>\n<p><a href=\"http:\/\/jdarredondo.blogspot.com\">http:\/\/jdarredondo.blogspot.com<\/a><\/p>\n<p>&nbsp;<\/p>\n<p>&nbsp;<\/p>\n<p>&nbsp;<\/p>\n<p>&nbsp;<\/p>\n<p>&nbsp;<\/p>\n","protected":false},"excerpt":{"rendered":"<p>Agua que no has de beber, d\u00e9jala correr\u2026 si a\u00fan queda (dicho popular actualizado). &nbsp;&#8230;<\/p>\n","protected":false},"author":8,"featured_media":223063,"comment_status":"open","ping_status":"open","sticky":false,"template":"","format":"standard","meta":{"_monsterinsights_skip_tracking":false,"_monsterinsights_sitenote_active":false,"_monsterinsights_sitenote_note":"","_monsterinsights_sitenote_category":0,"footnotes":""},"categories":[14],"tags":[181],"class_list":["post"],"yoast_head":" \n<title>Sonora en Equipo. NOTAS SUELTAS. El asunto del agua. Jos\u00e9 Dar\u00edo Arredondo L\u00f3pez Voces<\/title>\n<meta name=\"description\" content=\"Agua que no has de beber, d\u00e9jala correr\u2026 si a\u00fan queda (dicho popular actualizado). &nbsp; &nbsp; Socialmente, se fortalece la percepci\u00f3n de que la En Sonora en Equipo publicamos toda la informaci\u00f3n de Sonora, M\u00e9xico y el Mundo de manera oportuna y busca que la libertad de expresi\u00f3n sea real. Visita nuestro medio informativo publicado desde Hermosillo, Sonora. %\" \/>\n<meta name=\"robots\" content=\"index, follow, max-snippet:-1, max-image-preview:large, max-video-preview:-1\" \/>\n<link rel=\"canonical\" href=\"https:\/\/www.sonoraenequipo.com.mx\/notas-sueltas-el-asunto-del-agua\/\" \/>\n<meta property=\"og:locale\" content=\"es_ES\" \/>\n<meta property=\"og:type\" content=\"article\" \/>\n<meta property=\"og:title\" content=\"Sonora en Equipo. NOTAS SUELTAS. El asunto del agua. Jos\u00e9 Dar\u00edo Arredondo L\u00f3pez Voces\" \/>\n<meta property=\"og:description\" content=\"Agua que no has de beber, d\u00e9jala correr\u2026 si a\u00fan queda (dicho popular actualizado). &nbsp; &nbsp; Socialmente, se fortalece la percepci\u00f3n de que la En Sonora en Equipo publicamos toda la informaci\u00f3n de Sonora, M\u00e9xico y el Mundo de manera oportuna y busca que la libertad de expresi\u00f3n sea real. Visita nuestro medio informativo publicado desde Hermosillo, Sonora. %\" \/>\n<meta property=\"og:url\" content=\"https:\/\/www.sonoraenequipo.com.mx\/notas-sueltas-el-asunto-del-agua\/\" \/>\n<meta property=\"og:site_name\" content=\"Sonora en Equipo.\" \/>\n<meta property=\"article:publisher\" content=\"https:\/\/www.facebook.com\/SonoraEE\/\" \/>\n<meta property=\"article:published_time\" content=\"2025-11-28T19:29:55+00:00\" \/>\n<meta property=\"article:modified_time\" content=\"2025-12-06T18:45:22+00:00\" \/>\n<meta property=\"og:image\" content=\"https:\/\/www.sonoraenequipo.com.mx\/storage\/2025\/09\/vaso-medio-lleno.jpg\" \/>\n\t<meta property=\"og:image:width\" content=\"600\" \/>\n\t<meta property=\"og:image:height\" content=\"400\" \/>\n\t<meta property=\"og:image:type\" content=\"image\/jpeg\" \/>\n<meta name=\"author\" content=\"Jos\u00e9 Dar\u00edo Arredondo L\u00f3pez\" \/>\n<meta name=\"twitter:card\" content=\"summary_large_image\" \/>\n<meta name=\"twitter:creator\" content=\"@sonoraenequipo\" \/>\n<meta name=\"twitter:site\" content=\"@sonoraenequipo\" \/>\n<meta name=\"twitter:label1\" content=\"Escrito por\" \/>\n\t<meta name=\"twitter:data1\" content=\"Jos\u00e9 Dar\u00edo Arredondo L\u00f3pez\" \/>\n\t<meta name=\"twitter:label2\" content=\"Tiempo de lectura\" \/>\n\t<meta name=\"twitter:data2\" content=\"5 minutos\" \/>\n<script type=\"application\/ld+json\" class=\"yoast-schema-graph\">{\"@context\":\"https:\/\/schema.org\",\"@graph\":[{\"@type\":\"Article\",\"@id\":\"https:\/\/www.sonoraenequipo.com.mx\/notas-sueltas-el-asunto-del-agua\/#article\",\"isPartOf\":{\"@id\":\"https:\/\/www.sonoraenequipo.com.mx\/notas-sueltas-el-asunto-del-agua\/\"},\"author\":{\"name\":\"Jos\u00e9 Dar\u00edo Arredondo L\u00f3pez\",\"@id\":\"https:\/\/www.sonoraenequipo.com.mx\/#\/schema\/person\/b2f7d4b3e5504aad00b5aca5d6793968\"},\"headline\":\"NOTAS SUELTAS. El asunto del agua. Jos\u00e9 Dar\u00edo Arredondo L\u00f3pez\",\"datePublished\":\"2025-11-28T19:29:55+00:00\",\"dateModified\":\"2025-12-06T18:45:22+00:00\",\"mainEntityOfPage\":{\"@id\":\"https:\/\/www.sonoraenequipo.com.mx\/notas-sueltas-el-asunto-del-agua\/\"},\"wordCount\":931,\"commentCount\":0,\"publisher\":{\"@id\":\"https:\/\/www.sonoraenequipo.com.mx\/#organization\"},\"image\":{\"@id\":\"https:\/\/www.sonoraenequipo.com.mx\/notas-sueltas-el-asunto-del-agua\/#primaryimage\"},\"thumbnailUrl\":\"https:\/\/www.sonoraenequipo.com.mx\/storage\/2025\/09\/vaso-medio-lleno.jpg\",\"keywords\":[\"Agua\"],\"articleSection\":[\"Voces\"],\"inLanguage\":\"es\",\"potentialAction\":[{\"@type\":\"CommentAction\",\"name\":\"Comment\",\"target\":[\"https:\/\/www.sonoraenequipo.com.mx\/notas-sueltas-el-asunto-del-agua\/#respond\"]}]},{\"@type\":\"WebPage\",\"@id\":\"https:\/\/www.sonoraenequipo.com.mx\/notas-sueltas-el-asunto-del-agua\/\",\"url\":\"https:\/\/www.sonoraenequipo.com.mx\/notas-sueltas-el-asunto-del-agua\/\",\"name\":\"Sonora en Equipo. NOTAS SUELTAS. El asunto del agua. Jos\u00e9 Dar\u00edo Arredondo L\u00f3pez Voces\",\"isPartOf\":{\"@id\":\"https:\/\/www.sonoraenequipo.com.mx\/#website\"},\"primaryImageOfPage\":{\"@id\":\"https:\/\/www.sonoraenequipo.com.mx\/notas-sueltas-el-asunto-del-agua\/#primaryimage\"},\"image\":{\"@id\":\"https:\/\/www.sonoraenequipo.com.mx\/notas-sueltas-el-asunto-del-agua\/#primaryimage\"},\"thumbnailUrl\":\"https:\/\/www.sonoraenequipo.com.mx\/storage\/2025\/09\/vaso-medio-lleno.jpg\",\"datePublished\":\"2025-11-28T19:29:55+00:00\",\"dateModified\":\"2025-12-06T18:45:22+00:00\",\"description\":\"Agua que no has de beber, d\u00e9jala correr\u2026 si a\u00fan queda (dicho popular actualizado). &nbsp; &nbsp; Socialmente, se fortalece la percepci\u00f3n de que la En Sonora en Equipo publicamos toda la informaci\u00f3n de Sonora, M\u00e9xico y el Mundo de manera oportuna y busca que la libertad de expresi\u00f3n sea real. Visita nuestro medio informativo publicado desde Hermosillo, Sonora. %\",\"breadcrumb\":{\"@id\":\"https:\/\/www.sonoraenequipo.com.mx\/notas-sueltas-el-asunto-del-agua\/#breadcrumb\"},\"inLanguage\":\"es\",\"potentialAction\":[{\"@type\":\"ReadAction\",\"target\":[\"https:\/\/www.sonoraenequipo.com.mx\/notas-sueltas-el-asunto-del-agua\/\"]}]},{\"@type\":\"ImageObject\",\"inLanguage\":\"es\",\"@id\":\"https:\/\/www.sonoraenequipo.com.mx\/notas-sueltas-el-asunto-del-agua\/#primaryimage\",\"url\":\"https:\/\/www.sonoraenequipo.com.mx\/storage\/2025\/09\/vaso-medio-lleno.jpg\",\"contentUrl\":\"https:\/\/www.sonoraenequipo.com.mx\/storage\/2025\/09\/vaso-medio-lleno.jpg\",\"width\":600,\"height\":400},{\"@type\":\"BreadcrumbList\",\"@id\":\"https:\/\/www.sonoraenequipo.com.mx\/notas-sueltas-el-asunto-del-agua\/#breadcrumb\",\"itemListElement\":[{\"@type\":\"ListItem\",\"position\":1,\"name\":\"Portada\",\"item\":\"https:\/\/www.sonoraenequipo.com.mx\/\"},{\"@type\":\"ListItem\",\"position\":2,\"name\":\"NOTAS SUELTAS. El asunto del agua. Jos\u00e9 Dar\u00edo Arredondo L\u00f3pez\"}]},{\"@type\":\"WebSite\",\"@id\":\"https:\/\/www.sonoraenequipo.com.mx\/#website\",\"url\":\"https:\/\/www.sonoraenequipo.com.mx\/\",\"name\":\"Sonora en Equipo.\",\"description\":\"Diario en l\u00ednea con Noticias desde Hermosillo, Sonora\",\"publisher\":{\"@id\":\"https:\/\/www.sonoraenequipo.com.mx\/#organization\"},\"potentialAction\":[{\"@type\":\"SearchAction\",\"target\":{\"@type\":\"EntryPoint\",\"urlTemplate\":\"https:\/\/www.sonoraenequipo.com.mx\/?s={search_term_string}\"},\"query-input\":{\"@type\":\"PropertyValueSpecification\",\"valueRequired\":true,\"valueName\":\"search_term_string\"}}],\"inLanguage\":\"es\"},{\"@type\":\"Organization\",\"@id\":\"https:\/\/www.sonoraenequipo.com.mx\/#organization\",\"name\":\"Sonoraenequipo.com.mx\",\"url\":\"https:\/\/www.sonoraenequipo.com.mx\/\",\"logo\":{\"@type\":\"ImageObject\",\"inLanguage\":\"es\",\"@id\":\"https:\/\/www.sonoraenequipo.com.mx\/#\/schema\/logo\/image\/\",\"url\":\"https:\/\/www.sonoraenequipo.com.mx\/storage\/2019\/01\/sonoraenequipo_opt.png\",\"contentUrl\":\"https:\/\/www.sonoraenequipo.com.mx\/storage\/2019\/01\/sonoraenequipo_opt.png\",\"width\":375,\"height\":125,\"caption\":\"Sonoraenequipo.com.mx\"},\"image\":{\"@id\":\"https:\/\/www.sonoraenequipo.com.mx\/#\/schema\/logo\/image\/\"},\"sameAs\":[\"https:\/\/www.facebook.com\/SonoraEE\/\",\"https:\/\/x.com\/sonoraenequipo\",\"https:\/\/www.youtube.com\/channel\/UC338nW-lPEYmJQs4ZABQ1SQ\"]},{\"@type\":\"Person\",\"@id\":\"https:\/\/www.sonoraenequipo.com.mx\/#\/schema\/person\/b2f7d4b3e5504aad00b5aca5d6793968\",\"name\":\"Jos\u00e9 Dar\u00edo Arredondo L\u00f3pez\",\"image\":{\"@type\":\"ImageObject\",\"inLanguage\":\"es\",\"@id\":\"https:\/\/www.sonoraenequipo.com.mx\/#\/schema\/person\/image\/\",\"url\":\"https:\/\/secure.gravatar.com\/avatar\/f2045d0fa3f125a8f9d8560826b10fdcf77b66c7124667565c680e91be13a925?s=96&d=blank&r=g\",\"contentUrl\":\"https:\/\/secure.gravatar.com\/avatar\/f2045d0fa3f125a8f9d8560826b10fdcf77b66c7124667565c680e91be13a925?s=96&d=blank&r=g\",\"caption\":\"Jos\u00e9 Dar\u00edo Arredondo L\u00f3pez\"},\"sameAs\":[\"http:\/\/sonoraenequipo.com.mx\"]}]}<\/script>\n ","yoast_head_json":{"title":"Sonora en Equipo. NOTAS SUELTAS. El asunto del agua. Jos\u00e9 Dar\u00edo Arredondo L\u00f3pez Voces","description":"Agua que no has de beber, d\u00e9jala correr\u2026 si a\u00fan queda (dicho popular actualizado). &nbsp; &nbsp; Socialmente, se fortalece la percepci\u00f3n de que la En Sonora en Equipo publicamos toda la informaci\u00f3n de Sonora, M\u00e9xico y el Mundo de manera oportuna y busca que la libertad de expresi\u00f3n sea real. Visita nuestro medio informativo publicado desde Hermosillo, Sonora. %","robots":{"index":"index","follow":"follow","max-snippet":"max-snippet:-1","max-image-preview":"max-image-preview:large","max-video-preview":"max-video-preview:-1"},"canonical":"https:\/\/www.sonoraenequipo.com.mx\/notas-sueltas-el-asunto-del-agua\/","og_locale":"es_ES","og_type":"article","og_title":"Sonora en Equipo. NOTAS SUELTAS. El asunto del agua. Jos\u00e9 Dar\u00edo Arredondo L\u00f3pez Voces","og_description":"Agua que no has de beber, d\u00e9jala correr\u2026 si a\u00fan queda (dicho popular actualizado). &nbsp; &nbsp; Socialmente, se fortalece la percepci\u00f3n de que la En Sonora en Equipo publicamos toda la informaci\u00f3n de Sonora, M\u00e9xico y el Mundo de manera oportuna y busca que la libertad de expresi\u00f3n sea real. Visita nuestro medio informativo publicado desde Hermosillo, Sonora. %","og_url":"https:\/\/www.sonoraenequipo.com.mx\/notas-sueltas-el-asunto-del-agua\/","og_site_name":"Sonora en Equipo.","article_publisher":"https:\/\/www.facebook.com\/SonoraEE\/","article_published_time":"2025-11-28T19:29:55+00:00","article_modified_time":"2025-12-06T18:45:22+00:00","og_image":[{"width":600,"height":400,"url":"https:\/\/www.sonoraenequipo.com.mx\/storage\/2025\/09\/vaso-medio-lleno.jpg","type":"image\/jpeg"}],"author":"Jos\u00e9 Dar\u00edo Arredondo L\u00f3pez","twitter_card":"summary_large_image","twitter_creator":"@sonoraenequipo","twitter_site":"@sonoraenequipo","twitter_misc":{"Escrito por":"Jos\u00e9 Dar\u00edo Arredondo L\u00f3pez","Tiempo de lectura":"5 minutos"},"schema":{"@context":"https:\/\/schema.org","@graph":[{"@type":"Article","@id":"https:\/\/www.sonoraenequipo.com.mx\/notas-sueltas-el-asunto-del-agua\/#article","isPartOf":{"@id":"https:\/\/www.sonoraenequipo.com.mx\/notas-sueltas-el-asunto-del-agua\/"},"author":{"name":"Jos\u00e9 Dar\u00edo Arredondo L\u00f3pez","@id":"https:\/\/www.sonoraenequipo.com.mx\/#\/schema\/person\/b2f7d4b3e5504aad00b5aca5d6793968"},"headline":"NOTAS SUELTAS. El asunto del agua. Jos\u00e9 Dar\u00edo Arredondo L\u00f3pez","datePublished":"2025-11-28T19:29:55+00:00","dateModified":"2025-12-06T18:45:22+00:00","mainEntityOfPage":{"@id":"https:\/\/www.sonoraenequipo.com.mx\/notas-sueltas-el-asunto-del-agua\/"},"wordCount":931,"commentCount":0,"publisher":{"@id":"https:\/\/www.sonoraenequipo.com.mx\/#organization"},"image":{"@id":"https:\/\/www.sonoraenequipo.com.mx\/notas-sueltas-el-asunto-del-agua\/#primaryimage"},"thumbnailUrl":"https:\/\/www.sonoraenequipo.com.mx\/storage\/2025\/09\/vaso-medio-lleno.jpg","keywords":["Agua"],"articleSection":["Voces"],"inLanguage":"es","potentialAction":[{"@type":"CommentAction","name":"Comment","target":["https:\/\/www.sonoraenequipo.com.mx\/notas-sueltas-el-asunto-del-agua\/#respond"]}]},{"@type":"WebPage","@id":"https:\/\/www.sonoraenequipo.com.mx\/notas-sueltas-el-asunto-del-agua\/","url":"https:\/\/www.sonoraenequipo.com.mx\/notas-sueltas-el-asunto-del-agua\/","name":"Sonora en Equipo. NOTAS SUELTAS. El asunto del agua. Jos\u00e9 Dar\u00edo Arredondo L\u00f3pez Voces","isPartOf":{"@id":"https:\/\/www.sonoraenequipo.com.mx\/#website"},"primaryImageOfPage":{"@id":"https:\/\/www.sonoraenequipo.com.mx\/notas-sueltas-el-asunto-del-agua\/#primaryimage"},"image":{"@id":"https:\/\/www.sonoraenequipo.com.mx\/notas-sueltas-el-asunto-del-agua\/#primaryimage"},"thumbnailUrl":"https:\/\/www.sonoraenequipo.com.mx\/storage\/2025\/09\/vaso-medio-lleno.jpg","datePublished":"2025-11-28T19:29:55+00:00","dateModified":"2025-12-06T18:45:22+00:00","description":"Agua que no has de beber, d\u00e9jala correr\u2026 si a\u00fan queda (dicho popular actualizado). &nbsp; &nbsp; Socialmente, se fortalece la percepci\u00f3n de que la En Sonora en Equipo publicamos toda la informaci\u00f3n de Sonora, M\u00e9xico y el Mundo de manera oportuna y busca que la libertad de expresi\u00f3n sea real. Visita nuestro medio informativo publicado desde Hermosillo, Sonora. %","breadcrumb":{"@id":"https:\/\/www.sonoraenequipo.com.mx\/notas-sueltas-el-asunto-del-agua\/#breadcrumb"},"inLanguage":"es","potentialAction":[{"@type":"ReadAction","target":["https:\/\/www.sonoraenequipo.com.mx\/notas-sueltas-el-asunto-del-agua\/"]}]},{"@type":"ImageObject","inLanguage":"es","@id":"https:\/\/www.sonoraenequipo.com.mx\/notas-sueltas-el-asunto-del-agua\/#primaryimage","url":"https:\/\/www.sonoraenequipo.com.mx\/storage\/2025\/09\/vaso-medio-lleno.jpg","contentUrl":"https:\/\/www.sonoraenequipo.com.mx\/storage\/2025\/09\/vaso-medio-lleno.jpg","width":600,"height":400},{"@type":"BreadcrumbList","@id":"https:\/\/www.sonoraenequipo.com.mx\/notas-sueltas-el-asunto-del-agua\/#breadcrumb","itemListElement":[{"@type":"ListItem","position":1,"name":"Portada","item":"https:\/\/www.sonoraenequipo.com.mx\/"},{"@type":"ListItem","position":2,"name":"NOTAS SUELTAS. El asunto del agua. Jos\u00e9 Dar\u00edo Arredondo L\u00f3pez"}]},{"@type":"WebSite","@id":"https:\/\/www.sonoraenequipo.com.mx\/#website","url":"https:\/\/www.sonoraenequipo.com.mx\/","name":"Sonora en Equipo.","description":"Diario en l\u00ednea con Noticias desde Hermosillo, Sonora","publisher":{"@id":"https:\/\/www.sonoraenequipo.com.mx\/#organization"},"potentialAction":[{"@type":"SearchAction","target":{"@type":"EntryPoint","urlTemplate":"https:\/\/www.sonoraenequipo.com.mx\/?s={search_term_string}"},"query-input":{"@type":"PropertyValueSpecification","valueRequired":true,"valueName":"search_term_string"}}],"inLanguage":"es"},{"@type":"Organization","@id":"https:\/\/www.sonoraenequipo.com.mx\/#organization","name":"Sonoraenequipo.com.mx","url":"https:\/\/www.sonoraenequipo.com.mx\/","logo":{"@type":"ImageObject","inLanguage":"es","@id":"https:\/\/www.sonoraenequipo.com.mx\/#\/schema\/logo\/image\/","url":"https:\/\/www.sonoraenequipo.com.mx\/storage\/2019\/01\/sonoraenequipo_opt.png","contentUrl":"https:\/\/www.sonoraenequipo.com.mx\/storage\/2019\/01\/sonoraenequipo_opt.png","width":375,"height":125,"caption":"Sonoraenequipo.com.mx"},"image":{"@id":"https:\/\/www.sonoraenequipo.com.mx\/#\/schema\/logo\/image\/"},"sameAs":["https:\/\/www.facebook.com\/SonoraEE\/","https:\/\/x.com\/sonoraenequipo","https:\/\/www.youtube.com\/channel\/UC338nW-lPEYmJQs4ZABQ1SQ"]},{"@type":"Person","@id":"https:\/\/www.sonoraenequipo.com.mx\/#\/schema\/person\/b2f7d4b3e5504aad00b5aca5d6793968","name":"Jos\u00e9 Dar\u00edo Arredondo L\u00f3pez","image":{"@type":"ImageObject","inLanguage":"es","@id":"https:\/\/www.sonoraenequipo.com.mx\/#\/schema\/person\/image\/","url":"https:\/\/secure.gravatar.com\/avatar\/f2045d0fa3f125a8f9d8560826b10fdcf77b66c7124667565c680e91be13a925?s=96&d=blank&r=g","contentUrl":"https:\/\/secure.gravatar.com\/avatar\/f2045d0fa3f125a8f9d8560826b10fdcf77b66c7124667565c680e91be13a925?s=96&d=blank&r=g","caption":"Jos\u00e9 Dar\u00edo Arredondo L\u00f3pez"},"sameAs":["http:\/\/sonoraenequipo.com.mx"]}]}},"jetpack_featured_media_url":"https:\/\/www.sonoraenequipo.com.mx\/storage\/2025\/09\/vaso-medio-lleno.jpg","_links":{"self":[{"href":"https:\/\/www.sonoraenequipo.com.mx\/api\/wp\/v2\/posts\/229697","targetHints":{"allow":["GET"]}}],"collection":[{"href":"https:\/\/www.sonoraenequipo.com.mx\/api\/wp\/v2\/posts"}],"about":[{"href":"https:\/\/www.sonoraenequipo.com.mx\/api\/wp\/v2\/types\/post"}],"author":[{"embeddable":true,"href":"https:\/\/www.sonoraenequipo.com.mx\/api\/wp\/v2\/users\/8"}],"replies":[{"embeddable":true,"href":"https:\/\/www.sonoraenequipo.com.mx\/api\/wp\/v2\/comments?post=229697"}],"version-history":[{"count":2,"href":"https:\/\/www.sonoraenequipo.com.mx\/api\/wp\/v2\/posts\/229697\/revisions"}],"predecessor-version":[{"id":230198,"href":"https:\/\/www.sonoraenequipo.com.mx\/api\/wp\/v2\/posts\/229697\/revisions\/230198"}],"wp:featuredmedia":[{"embeddable":true,"href":"https:\/\/www.sonoraenequipo.com.mx\/api\/wp\/v2\/media\/223063"}],"wp:attachment":[{"href":"https:\/\/www.sonoraenequipo.com.mx\/api\/wp\/v2\/media?parent=229697"}],"wp:term":[{"taxonomy":"category","embeddable":true,"href":"https:\/\/www.sonoraenequipo.com.mx\/api\/wp\/v2\/categories?post=229697"},{"taxonomy":"post_tag","embeddable":true,"href":"https:\/\/www.sonoraenequipo.com.mx\/api\/wp\/v2\/tags?post=229697"}],"curies":[{"name":"wp","href":"https:\/\/api.w.org\/{rel}","templated":true}]}}