{"id":229699,"date":"2025-11-28T12:46:18","date_gmt":"2025-11-28T19:46:18","guid":{"rendered":"https:\/\/www.sonoraenequipo.com.mx\/?p=229699"},"modified":"2025-11-28T12:46:18","modified_gmt":"2025-11-28T19:46:18","slug":"cuauhtemoc-cardenas-y-grecia-quiroz-parteaguas-en-la-vida-politica-de-michoacan-y-de-mexico-beltrones","status":"publish","type":"post","link":"https:\/\/www.sonoraenequipo.com.mx\/cuauhtemoc-cardenas-y-grecia-quiroz-parteaguas-en-la-vida-politica-de-michoacan-y-de-mexico-beltrones\/","title":{"rendered":"Cuauht\u00e9moc C\u00e1rdenas y Grecia Quiroz, parteaguas en la vida pol\u00edtica de Michoac\u00e1n y de M\u00e9xico: Beltrones"},"content":{"rendered":"<p><strong>M\u00c9RIDA, YUCAT\u00c1N, MX.<\/strong><strong> \u0336 \u0336\u00a0 <\/strong>En entrevista, el Senador\u00a0 Manlio Fabio Beltrones, expuso que, tanto Cuauht\u00e9moc C\u00e1rdenas en el Michoac\u00e1n de 1988 como Grecia Quiroz viuda de Manzo, en el Michoac\u00e1n de 2025 son resultado de partidos pol\u00edticos que decidieron no dialogar hacia su interior con quienes opinaban diferente.<\/p>\n<p>&nbsp;<\/p>\n<p>\u201dLos partidos fuertes son aquellos que discuten hacia adentro sus diferencias y se respetan, los partidos d\u00e9biles son los que no aceptan esas contradicciones internas.\u201d puntualiz\u00f3.<\/p>\n<p>&nbsp;<\/p>\n<p>Manlio Fabio Beltrones, como actor y testigo de la vida democr\u00e1tica de M\u00e9xico en los \u00faltimos 50 a\u00f1os, comparti\u00f3 en entrevista, un pasaje de 1988:<\/p>\n<p>\u201dYo recuerdo, era miembro del Comit\u00e9 Ejecutivo Nacional del PRI y llegu\u00e9 a una mesa en la cual estaba Manuel Garza Gonz\u00e1lez, asesor del Presidente del PRI Jorge la Vega Dom\u00ednguez y le pregunt\u00e9, Don Manuel, \u00bfqu\u00e9 piensa usted de la salida de Cuauht\u00e9moc C\u00e1rdenas, Ifigenia Navarrete, Gonz\u00e1lez Guevara y de tantos otros hombres que discut\u00edan hacia adentro del PRI el futuro de un PRI incluyente, pues, estos tomaron la decisi\u00f3n de irse porque no fueron escuchados internamente, y por cierto\u201d\u2026 \u201cvan hacer un partido pol\u00edtico muy fuerte en el tiempo, y de puros ex pri\u00edstas.\u201d<\/p>\n<p>&nbsp;<\/p>\n<p>Cuahut\u00e9moc Cardenas:<\/p>\n<p>\u201dEl 88 yo estoy convencido de que el Ing C\u00e1rdenas no gan\u00f3 laS elecciones porque no estaba en coalici\u00f3n, pero si gan\u00f3 un pa\u00eds nuevo que se dirigi\u00f3 a una madurez democr\u00e1tica construyendo instituciones construyendo instituciones que hoy est\u00e1n en riesgo\u201d.<\/p>\n<p>&nbsp;<\/p>\n<p><strong>Uruapan y Grecia Quiroz:<\/strong><\/p>\n<p>\u201cY as\u00ed como el Ingeniero fue un parteaguas, yo creo que, en este caso, Uruapan, la muerte de Carlos Manzo y la Aparici\u00f3n de Grecia Quiroz, su compa\u00f1era de lucha son una piedra de toque, una piedra de toque que podr\u00eda relatar en el futuro la nueva participaci\u00f3n pol\u00edtica demandante de mayor apertura en el pa\u00eds\u201d.<\/p>\n<p>Porque lo que tenemos hoy, dijo Beltrones Rivera, es una acumulaci\u00f3n de poder que no les da control, parad\u00f3jicamente.<\/p>\n<p>&nbsp;<\/p>\n<p>\u201dGrecia se plante\u00f3 muy bien el reto, primero e llamando al voto de castigo en Michoac\u00e1n en las elecciones de 2027 y segundo definir su papel no de una viuda normal, sino de la compa\u00f1era de lucha de Carlos que, aunque muri\u00f3, el movimiento no y que ahora a ella le tocar\u00e1 encabezar.\u201d<\/p>\n<p>&nbsp;<\/p>\n<p>Sin embargo, expres\u00f3 preocupaci\u00f3n de que Grecia no encuentre la forma de darle gobernabilidad a un movimiento que pueda triunfar en Michoac\u00e1n bajo la figura de candidaturas independientes<\/p>\n<p>&nbsp;<\/p>\n<p>Candidaturas independientes:<\/p>\n<p>&nbsp;<\/p>\n<p>Soy un impulsor obligado de las candidaturas independientes, te pueden hacer ganar, pero no te garantizan que puedas gobernar y es ah\u00ed donde se debe trabajar para que quien gane en el futuro bajo esta figura pueda gobernar y dar resultados y lo que pudiera ser un avance se convierta en un retroceso.<\/p>\n<p>&nbsp;<\/p>\n<p>Hoy cualquier movimiento social que no est\u00e9 dentro de los partidos no tiene posibilidades de gobernar y eso es lo que me preocupa de Michoac\u00e1n.<\/p>\n<p>&nbsp;<\/p>\n<p>\u201cYa vimos un esfuerzo fallido en Nuevo Le\u00f3n de un candidato a gobernador independiente que no tuvo Congreso y no tuvo presidentes municipales y no pudo gobernar, al final hasta termin\u00f3 un espacio de tiempo en la c\u00e1rcel\u201d. puntualiz\u00f3.<\/p>\n<p><strong>Fecha de publicaci\u00f3n\u00a0 viernes 28 de noviembre de 2025<\/strong><\/p>\n","protected":false},"excerpt":{"rendered":"<p>M\u00c9RIDA, YUCAT\u00c1N, MX. \u0336 \u0336\u00a0 En entrevista, el Senador\u00a0 Manlio Fabio Beltrones, expuso que, tanto&#8230;<\/p>\n","protected":false},"author":1,"featured_media":229700,"comment_status":"open","ping_status":"open","sticky":false,"template":"","format":"standard","meta":{"_monsterinsights_skip_tracking":false,"_monsterinsights_sitenote_active":false,"_monsterinsights_sitenote_note":"","_monsterinsights_sitenote_category":0,"footnotes":""},"categories":[5],"tags":[104,6858,6747,12116],"class_list":["post"],"yoast_head":" \n<title>Sonora en Equipo. Cuauht\u00e9moc C\u00e1rdenas y Grecia Quiroz, parteaguas en la vida pol\u00edtica de Michoac\u00e1n y de M\u00e9xico: Beltrones Rep\u00fablica<\/title>\n<meta name=\"description\" content=\"M\u00c9RIDA, YUCAT\u00c1N, MX. \u0336 \u0336\u00a0 En entrevista, el Senador\u00a0 Manlio Fabio Beltrones, expuso que, tanto Cuauht\u00e9moc C\u00e1rdenas en el Michoac\u00e1n de 1988 como Grecia En Sonora en Equipo publicamos toda la informaci\u00f3n de Sonora, M\u00e9xico y el Mundo de manera oportuna y busca que la libertad de expresi\u00f3n sea real. Visita nuestro medio informativo publicado desde Hermosillo, Sonora. %\" \/>\n<meta name=\"robots\" content=\"index, follow, max-snippet:-1, max-image-preview:large, max-video-preview:-1\" \/>\n<link rel=\"canonical\" href=\"https:\/\/www.sonoraenequipo.com.mx\/cuauhtemoc-cardenas-y-grecia-quiroz-parteaguas-en-la-vida-politica-de-michoacan-y-de-mexico-beltrones\/\" \/>\n<meta property=\"og:locale\" content=\"es_ES\" \/>\n<meta property=\"og:type\" content=\"article\" \/>\n<meta property=\"og:title\" content=\"Sonora en Equipo. Cuauht\u00e9moc C\u00e1rdenas y Grecia Quiroz, parteaguas en la vida pol\u00edtica de Michoac\u00e1n y de M\u00e9xico: Beltrones Rep\u00fablica\" \/>\n<meta property=\"og:description\" content=\"M\u00c9RIDA, YUCAT\u00c1N, MX. \u0336 \u0336\u00a0 En entrevista, el Senador\u00a0 Manlio Fabio Beltrones, expuso que, tanto Cuauht\u00e9moc C\u00e1rdenas en el Michoac\u00e1n de 1988 como Grecia En Sonora en Equipo publicamos toda la informaci\u00f3n de Sonora, M\u00e9xico y el Mundo de manera oportuna y busca que la libertad de expresi\u00f3n sea real. Visita nuestro medio informativo publicado desde Hermosillo, Sonora. %\" \/>\n<meta property=\"og:url\" content=\"https:\/\/www.sonoraenequipo.com.mx\/cuauhtemoc-cardenas-y-grecia-quiroz-parteaguas-en-la-vida-politica-de-michoacan-y-de-mexico-beltrones\/\" \/>\n<meta property=\"og:site_name\" content=\"Sonora en Equipo.\" \/>\n<meta property=\"article:publisher\" content=\"https:\/\/www.facebook.com\/SonoraEE\/\" \/>\n<meta property=\"article:author\" content=\"https:\/\/www.facebook.com\/SonoraEE\" \/>\n<meta property=\"article:published_time\" content=\"2025-11-28T19:46:18+00:00\" \/>\n<meta property=\"og:image\" content=\"https:\/\/www.sonoraenequipo.com.mx\/storage\/2025\/11\/beltrones.jpg\" \/>\n\t<meta property=\"og:image:width\" content=\"600\" \/>\n\t<meta property=\"og:image:height\" content=\"400\" \/>\n\t<meta property=\"og:image:type\" content=\"image\/jpeg\" \/>\n<meta name=\"author\" content=\"enequipo\" \/>\n<meta name=\"twitter:card\" content=\"summary_large_image\" \/>\n<meta name=\"twitter:creator\" content=\"@sonoraenequipo\" \/>\n<meta name=\"twitter:site\" content=\"@sonoraenequipo\" \/>\n<meta name=\"twitter:label1\" content=\"Escrito por\" \/>\n\t<meta name=\"twitter:data1\" content=\"enequipo\" \/>\n\t<meta name=\"twitter:label2\" content=\"Tiempo de lectura\" \/>\n\t<meta name=\"twitter:data2\" content=\"3 minutos\" \/>\n<script type=\"application\/ld+json\" class=\"yoast-schema-graph\">{\"@context\":\"https:\/\/schema.org\",\"@graph\":[{\"@type\":\"Article\",\"@id\":\"https:\/\/www.sonoraenequipo.com.mx\/cuauhtemoc-cardenas-y-grecia-quiroz-parteaguas-en-la-vida-politica-de-michoacan-y-de-mexico-beltrones\/#article\",\"isPartOf\":{\"@id\":\"https:\/\/www.sonoraenequipo.com.mx\/cuauhtemoc-cardenas-y-grecia-quiroz-parteaguas-en-la-vida-politica-de-michoacan-y-de-mexico-beltrones\/\"},\"author\":{\"name\":\"enequipo\",\"@id\":\"https:\/\/www.sonoraenequipo.com.mx\/#\/schema\/person\/50102df0fb23a8fa9e8effad8fa81386\"},\"headline\":\"Cuauht\u00e9moc C\u00e1rdenas y Grecia Quiroz, parteaguas en la vida pol\u00edtica de Michoac\u00e1n y de M\u00e9xico: Beltrones\",\"datePublished\":\"2025-11-28T19:46:18+00:00\",\"mainEntityOfPage\":{\"@id\":\"https:\/\/www.sonoraenequipo.com.mx\/cuauhtemoc-cardenas-y-grecia-quiroz-parteaguas-en-la-vida-politica-de-michoacan-y-de-mexico-beltrones\/\"},\"wordCount\":590,\"commentCount\":0,\"publisher\":{\"@id\":\"https:\/\/www.sonoraenequipo.com.mx\/#organization\"},\"image\":{\"@id\":\"https:\/\/www.sonoraenequipo.com.mx\/cuauhtemoc-cardenas-y-grecia-quiroz-parteaguas-en-la-vida-politica-de-michoacan-y-de-mexico-beltrones\/#primaryimage\"},\"thumbnailUrl\":\"https:\/\/www.sonoraenequipo.com.mx\/storage\/2025\/11\/beltrones.jpg\",\"keywords\":[\"beltrones\",\"CARDENAS\",\"Cuauht\u00e9moc\",\"grecia quiroz\"],\"articleSection\":[\"Rep\u00fablica\"],\"inLanguage\":\"es\",\"potentialAction\":[{\"@type\":\"CommentAction\",\"name\":\"Comment\",\"target\":[\"https:\/\/www.sonoraenequipo.com.mx\/cuauhtemoc-cardenas-y-grecia-quiroz-parteaguas-en-la-vida-politica-de-michoacan-y-de-mexico-beltrones\/#respond\"]}]},{\"@type\":\"WebPage\",\"@id\":\"https:\/\/www.sonoraenequipo.com.mx\/cuauhtemoc-cardenas-y-grecia-quiroz-parteaguas-en-la-vida-politica-de-michoacan-y-de-mexico-beltrones\/\",\"url\":\"https:\/\/www.sonoraenequipo.com.mx\/cuauhtemoc-cardenas-y-grecia-quiroz-parteaguas-en-la-vida-politica-de-michoacan-y-de-mexico-beltrones\/\",\"name\":\"Sonora en Equipo. Cuauht\u00e9moc C\u00e1rdenas y Grecia Quiroz, parteaguas en la vida pol\u00edtica de Michoac\u00e1n y de M\u00e9xico: Beltrones Rep\u00fablica\",\"isPartOf\":{\"@id\":\"https:\/\/www.sonoraenequipo.com.mx\/#website\"},\"primaryImageOfPage\":{\"@id\":\"https:\/\/www.sonoraenequipo.com.mx\/cuauhtemoc-cardenas-y-grecia-quiroz-parteaguas-en-la-vida-politica-de-michoacan-y-de-mexico-beltrones\/#primaryimage\"},\"image\":{\"@id\":\"https:\/\/www.sonoraenequipo.com.mx\/cuauhtemoc-cardenas-y-grecia-quiroz-parteaguas-en-la-vida-politica-de-michoacan-y-de-mexico-beltrones\/#primaryimage\"},\"thumbnailUrl\":\"https:\/\/www.sonoraenequipo.com.mx\/storage\/2025\/11\/beltrones.jpg\",\"datePublished\":\"2025-11-28T19:46:18+00:00\",\"description\":\"M\u00c9RIDA, YUCAT\u00c1N, MX. \u0336 \u0336\u00a0 En entrevista, el Senador\u00a0 Manlio Fabio Beltrones, expuso que, tanto Cuauht\u00e9moc C\u00e1rdenas en el Michoac\u00e1n de 1988 como Grecia En Sonora en Equipo publicamos toda la informaci\u00f3n de Sonora, M\u00e9xico y el Mundo de manera oportuna y busca que la libertad de expresi\u00f3n sea real. Visita nuestro medio informativo publicado desde Hermosillo, Sonora. %\",\"breadcrumb\":{\"@id\":\"https:\/\/www.sonoraenequipo.com.mx\/cuauhtemoc-cardenas-y-grecia-quiroz-parteaguas-en-la-vida-politica-de-michoacan-y-de-mexico-beltrones\/#breadcrumb\"},\"inLanguage\":\"es\",\"potentialAction\":[{\"@type\":\"ReadAction\",\"target\":[\"https:\/\/www.sonoraenequipo.com.mx\/cuauhtemoc-cardenas-y-grecia-quiroz-parteaguas-en-la-vida-politica-de-michoacan-y-de-mexico-beltrones\/\"]}]},{\"@type\":\"ImageObject\",\"inLanguage\":\"es\",\"@id\":\"https:\/\/www.sonoraenequipo.com.mx\/cuauhtemoc-cardenas-y-grecia-quiroz-parteaguas-en-la-vida-politica-de-michoacan-y-de-mexico-beltrones\/#primaryimage\",\"url\":\"https:\/\/www.sonoraenequipo.com.mx\/storage\/2025\/11\/beltrones.jpg\",\"contentUrl\":\"https:\/\/www.sonoraenequipo.com.mx\/storage\/2025\/11\/beltrones.jpg\",\"width\":600,\"height\":400},{\"@type\":\"BreadcrumbList\",\"@id\":\"https:\/\/www.sonoraenequipo.com.mx\/cuauhtemoc-cardenas-y-grecia-quiroz-parteaguas-en-la-vida-politica-de-michoacan-y-de-mexico-beltrones\/#breadcrumb\",\"itemListElement\":[{\"@type\":\"ListItem\",\"position\":1,\"name\":\"Portada\",\"item\":\"https:\/\/www.sonoraenequipo.com.mx\/\"},{\"@type\":\"ListItem\",\"position\":2,\"name\":\"Cuauht\u00e9moc C\u00e1rdenas y Grecia Quiroz, parteaguas en la vida pol\u00edtica de Michoac\u00e1n y de M\u00e9xico: Beltrones\"}]},{\"@type\":\"WebSite\",\"@id\":\"https:\/\/www.sonoraenequipo.com.mx\/#website\",\"url\":\"https:\/\/www.sonoraenequipo.com.mx\/\",\"name\":\"Sonora en Equipo.\",\"description\":\"Diario en l\u00ednea con Noticias desde Hermosillo, Sonora\",\"publisher\":{\"@id\":\"https:\/\/www.sonoraenequipo.com.mx\/#organization\"},\"potentialAction\":[{\"@type\":\"SearchAction\",\"target\":{\"@type\":\"EntryPoint\",\"urlTemplate\":\"https:\/\/www.sonoraenequipo.com.mx\/?s={search_term_string}\"},\"query-input\":{\"@type\":\"PropertyValueSpecification\",\"valueRequired\":true,\"valueName\":\"search_term_string\"}}],\"inLanguage\":\"es\"},{\"@type\":\"Organization\",\"@id\":\"https:\/\/www.sonoraenequipo.com.mx\/#organization\",\"name\":\"Sonoraenequipo.com.mx\",\"url\":\"https:\/\/www.sonoraenequipo.com.mx\/\",\"logo\":{\"@type\":\"ImageObject\",\"inLanguage\":\"es\",\"@id\":\"https:\/\/www.sonoraenequipo.com.mx\/#\/schema\/logo\/image\/\",\"url\":\"https:\/\/www.sonoraenequipo.com.mx\/storage\/2019\/01\/sonoraenequipo_opt.png\",\"contentUrl\":\"https:\/\/www.sonoraenequipo.com.mx\/storage\/2019\/01\/sonoraenequipo_opt.png\",\"width\":375,\"height\":125,\"caption\":\"Sonoraenequipo.com.mx\"},\"image\":{\"@id\":\"https:\/\/www.sonoraenequipo.com.mx\/#\/schema\/logo\/image\/\"},\"sameAs\":[\"https:\/\/www.facebook.com\/SonoraEE\/\",\"https:\/\/x.com\/sonoraenequipo\",\"https:\/\/www.youtube.com\/channel\/UC338nW-lPEYmJQs4ZABQ1SQ\"]},{\"@type\":\"Person\",\"@id\":\"https:\/\/www.sonoraenequipo.com.mx\/#\/schema\/person\/50102df0fb23a8fa9e8effad8fa81386\",\"name\":\"enequipo\",\"image\":{\"@type\":\"ImageObject\",\"inLanguage\":\"es\",\"@id\":\"https:\/\/www.sonoraenequipo.com.mx\/#\/schema\/person\/image\/\",\"url\":\"https:\/\/secure.gravatar.com\/avatar\/049821681b589dabc0bc20695993ccebb09f5b5d4d790cd9251b97faac7c652b?s=96&d=blank&r=g\",\"contentUrl\":\"https:\/\/secure.gravatar.com\/avatar\/049821681b589dabc0bc20695993ccebb09f5b5d4d790cd9251b97faac7c652b?s=96&d=blank&r=g\",\"caption\":\"enequipo\"},\"sameAs\":[\"https:\/\/www.facebook.com\/SonoraEE\"]}]}<\/script>\n ","yoast_head_json":{"title":"Sonora en Equipo. Cuauht\u00e9moc C\u00e1rdenas y Grecia Quiroz, parteaguas en la vida pol\u00edtica de Michoac\u00e1n y de M\u00e9xico: Beltrones Rep\u00fablica","description":"M\u00c9RIDA, YUCAT\u00c1N, MX. \u0336 \u0336\u00a0 En entrevista, el Senador\u00a0 Manlio Fabio Beltrones, expuso que, tanto Cuauht\u00e9moc C\u00e1rdenas en el Michoac\u00e1n de 1988 como Grecia En Sonora en Equipo publicamos toda la informaci\u00f3n de Sonora, M\u00e9xico y el Mundo de manera oportuna y busca que la libertad de expresi\u00f3n sea real. Visita nuestro medio informativo publicado desde Hermosillo, Sonora. %","robots":{"index":"index","follow":"follow","max-snippet":"max-snippet:-1","max-image-preview":"max-image-preview:large","max-video-preview":"max-video-preview:-1"},"canonical":"https:\/\/www.sonoraenequipo.com.mx\/cuauhtemoc-cardenas-y-grecia-quiroz-parteaguas-en-la-vida-politica-de-michoacan-y-de-mexico-beltrones\/","og_locale":"es_ES","og_type":"article","og_title":"Sonora en Equipo. Cuauht\u00e9moc C\u00e1rdenas y Grecia Quiroz, parteaguas en la vida pol\u00edtica de Michoac\u00e1n y de M\u00e9xico: Beltrones Rep\u00fablica","og_description":"M\u00c9RIDA, YUCAT\u00c1N, MX. \u0336 \u0336\u00a0 En entrevista, el Senador\u00a0 Manlio Fabio Beltrones, expuso que, tanto Cuauht\u00e9moc C\u00e1rdenas en el Michoac\u00e1n de 1988 como Grecia En Sonora en Equipo publicamos toda la informaci\u00f3n de Sonora, M\u00e9xico y el Mundo de manera oportuna y busca que la libertad de expresi\u00f3n sea real. Visita nuestro medio informativo publicado desde Hermosillo, Sonora. %","og_url":"https:\/\/www.sonoraenequipo.com.mx\/cuauhtemoc-cardenas-y-grecia-quiroz-parteaguas-en-la-vida-politica-de-michoacan-y-de-mexico-beltrones\/","og_site_name":"Sonora en Equipo.","article_publisher":"https:\/\/www.facebook.com\/SonoraEE\/","article_author":"https:\/\/www.facebook.com\/SonoraEE","article_published_time":"2025-11-28T19:46:18+00:00","og_image":[{"width":600,"height":400,"url":"https:\/\/www.sonoraenequipo.com.mx\/storage\/2025\/11\/beltrones.jpg","type":"image\/jpeg"}],"author":"enequipo","twitter_card":"summary_large_image","twitter_creator":"@sonoraenequipo","twitter_site":"@sonoraenequipo","twitter_misc":{"Escrito por":"enequipo","Tiempo de lectura":"3 minutos"},"schema":{"@context":"https:\/\/schema.org","@graph":[{"@type":"Article","@id":"https:\/\/www.sonoraenequipo.com.mx\/cuauhtemoc-cardenas-y-grecia-quiroz-parteaguas-en-la-vida-politica-de-michoacan-y-de-mexico-beltrones\/#article","isPartOf":{"@id":"https:\/\/www.sonoraenequipo.com.mx\/cuauhtemoc-cardenas-y-grecia-quiroz-parteaguas-en-la-vida-politica-de-michoacan-y-de-mexico-beltrones\/"},"author":{"name":"enequipo","@id":"https:\/\/www.sonoraenequipo.com.mx\/#\/schema\/person\/50102df0fb23a8fa9e8effad8fa81386"},"headline":"Cuauht\u00e9moc C\u00e1rdenas y Grecia Quiroz, parteaguas en la vida pol\u00edtica de Michoac\u00e1n y de M\u00e9xico: Beltrones","datePublished":"2025-11-28T19:46:18+00:00","mainEntityOfPage":{"@id":"https:\/\/www.sonoraenequipo.com.mx\/cuauhtemoc-cardenas-y-grecia-quiroz-parteaguas-en-la-vida-politica-de-michoacan-y-de-mexico-beltrones\/"},"wordCount":590,"commentCount":0,"publisher":{"@id":"https:\/\/www.sonoraenequipo.com.mx\/#organization"},"image":{"@id":"https:\/\/www.sonoraenequipo.com.mx\/cuauhtemoc-cardenas-y-grecia-quiroz-parteaguas-en-la-vida-politica-de-michoacan-y-de-mexico-beltrones\/#primaryimage"},"thumbnailUrl":"https:\/\/www.sonoraenequipo.com.mx\/storage\/2025\/11\/beltrones.jpg","keywords":["beltrones","CARDENAS","Cuauht\u00e9moc","grecia quiroz"],"articleSection":["Rep\u00fablica"],"inLanguage":"es","potentialAction":[{"@type":"CommentAction","name":"Comment","target":["https:\/\/www.sonoraenequipo.com.mx\/cuauhtemoc-cardenas-y-grecia-quiroz-parteaguas-en-la-vida-politica-de-michoacan-y-de-mexico-beltrones\/#respond"]}]},{"@type":"WebPage","@id":"https:\/\/www.sonoraenequipo.com.mx\/cuauhtemoc-cardenas-y-grecia-quiroz-parteaguas-en-la-vida-politica-de-michoacan-y-de-mexico-beltrones\/","url":"https:\/\/www.sonoraenequipo.com.mx\/cuauhtemoc-cardenas-y-grecia-quiroz-parteaguas-en-la-vida-politica-de-michoacan-y-de-mexico-beltrones\/","name":"Sonora en Equipo. Cuauht\u00e9moc C\u00e1rdenas y Grecia Quiroz, parteaguas en la vida pol\u00edtica de Michoac\u00e1n y de M\u00e9xico: Beltrones Rep\u00fablica","isPartOf":{"@id":"https:\/\/www.sonoraenequipo.com.mx\/#website"},"primaryImageOfPage":{"@id":"https:\/\/www.sonoraenequipo.com.mx\/cuauhtemoc-cardenas-y-grecia-quiroz-parteaguas-en-la-vida-politica-de-michoacan-y-de-mexico-beltrones\/#primaryimage"},"image":{"@id":"https:\/\/www.sonoraenequipo.com.mx\/cuauhtemoc-cardenas-y-grecia-quiroz-parteaguas-en-la-vida-politica-de-michoacan-y-de-mexico-beltrones\/#primaryimage"},"thumbnailUrl":"https:\/\/www.sonoraenequipo.com.mx\/storage\/2025\/11\/beltrones.jpg","datePublished":"2025-11-28T19:46:18+00:00","description":"M\u00c9RIDA, YUCAT\u00c1N, MX. \u0336 \u0336\u00a0 En entrevista, el Senador\u00a0 Manlio Fabio Beltrones, expuso que, tanto Cuauht\u00e9moc C\u00e1rdenas en el Michoac\u00e1n de 1988 como Grecia En Sonora en Equipo publicamos toda la informaci\u00f3n de Sonora, M\u00e9xico y el Mundo de manera oportuna y busca que la libertad de expresi\u00f3n sea real. Visita nuestro medio informativo publicado desde Hermosillo, Sonora. %","breadcrumb":{"@id":"https:\/\/www.sonoraenequipo.com.mx\/cuauhtemoc-cardenas-y-grecia-quiroz-parteaguas-en-la-vida-politica-de-michoacan-y-de-mexico-beltrones\/#breadcrumb"},"inLanguage":"es","potentialAction":[{"@type":"ReadAction","target":["https:\/\/www.sonoraenequipo.com.mx\/cuauhtemoc-cardenas-y-grecia-quiroz-parteaguas-en-la-vida-politica-de-michoacan-y-de-mexico-beltrones\/"]}]},{"@type":"ImageObject","inLanguage":"es","@id":"https:\/\/www.sonoraenequipo.com.mx\/cuauhtemoc-cardenas-y-grecia-quiroz-parteaguas-en-la-vida-politica-de-michoacan-y-de-mexico-beltrones\/#primaryimage","url":"https:\/\/www.sonoraenequipo.com.mx\/storage\/2025\/11\/beltrones.jpg","contentUrl":"https:\/\/www.sonoraenequipo.com.mx\/storage\/2025\/11\/beltrones.jpg","width":600,"height":400},{"@type":"BreadcrumbList","@id":"https:\/\/www.sonoraenequipo.com.mx\/cuauhtemoc-cardenas-y-grecia-quiroz-parteaguas-en-la-vida-politica-de-michoacan-y-de-mexico-beltrones\/#breadcrumb","itemListElement":[{"@type":"ListItem","position":1,"name":"Portada","item":"https:\/\/www.sonoraenequipo.com.mx\/"},{"@type":"ListItem","position":2,"name":"Cuauht\u00e9moc C\u00e1rdenas y Grecia Quiroz, parteaguas en la vida pol\u00edtica de Michoac\u00e1n y de M\u00e9xico: Beltrones"}]},{"@type":"WebSite","@id":"https:\/\/www.sonoraenequipo.com.mx\/#website","url":"https:\/\/www.sonoraenequipo.com.mx\/","name":"Sonora en Equipo.","description":"Diario en l\u00ednea con Noticias desde Hermosillo, Sonora","publisher":{"@id":"https:\/\/www.sonoraenequipo.com.mx\/#organization"},"potentialAction":[{"@type":"SearchAction","target":{"@type":"EntryPoint","urlTemplate":"https:\/\/www.sonoraenequipo.com.mx\/?s={search_term_string}"},"query-input":{"@type":"PropertyValueSpecification","valueRequired":true,"valueName":"search_term_string"}}],"inLanguage":"es"},{"@type":"Organization","@id":"https:\/\/www.sonoraenequipo.com.mx\/#organization","name":"Sonoraenequipo.com.mx","url":"https:\/\/www.sonoraenequipo.com.mx\/","logo":{"@type":"ImageObject","inLanguage":"es","@id":"https:\/\/www.sonoraenequipo.com.mx\/#\/schema\/logo\/image\/","url":"https:\/\/www.sonoraenequipo.com.mx\/storage\/2019\/01\/sonoraenequipo_opt.png","contentUrl":"https:\/\/www.sonoraenequipo.com.mx\/storage\/2019\/01\/sonoraenequipo_opt.png","width":375,"height":125,"caption":"Sonoraenequipo.com.mx"},"image":{"@id":"https:\/\/www.sonoraenequipo.com.mx\/#\/schema\/logo\/image\/"},"sameAs":["https:\/\/www.facebook.com\/SonoraEE\/","https:\/\/x.com\/sonoraenequipo","https:\/\/www.youtube.com\/channel\/UC338nW-lPEYmJQs4ZABQ1SQ"]},{"@type":"Person","@id":"https:\/\/www.sonoraenequipo.com.mx\/#\/schema\/person\/50102df0fb23a8fa9e8effad8fa81386","name":"enequipo","image":{"@type":"ImageObject","inLanguage":"es","@id":"https:\/\/www.sonoraenequipo.com.mx\/#\/schema\/person\/image\/","url":"https:\/\/secure.gravatar.com\/avatar\/049821681b589dabc0bc20695993ccebb09f5b5d4d790cd9251b97faac7c652b?s=96&d=blank&r=g","contentUrl":"https:\/\/secure.gravatar.com\/avatar\/049821681b589dabc0bc20695993ccebb09f5b5d4d790cd9251b97faac7c652b?s=96&d=blank&r=g","caption":"enequipo"},"sameAs":["https:\/\/www.facebook.com\/SonoraEE"]}]}},"jetpack_featured_media_url":"https:\/\/www.sonoraenequipo.com.mx\/storage\/2025\/11\/beltrones.jpg","_links":{"self":[{"href":"https:\/\/www.sonoraenequipo.com.mx\/api\/wp\/v2\/posts\/229699","targetHints":{"allow":["GET"]}}],"collection":[{"href":"https:\/\/www.sonoraenequipo.com.mx\/api\/wp\/v2\/posts"}],"about":[{"href":"https:\/\/www.sonoraenequipo.com.mx\/api\/wp\/v2\/types\/post"}],"author":[{"embeddable":true,"href":"https:\/\/www.sonoraenequipo.com.mx\/api\/wp\/v2\/users\/1"}],"replies":[{"embeddable":true,"href":"https:\/\/www.sonoraenequipo.com.mx\/api\/wp\/v2\/comments?post=229699"}],"version-history":[{"count":1,"href":"https:\/\/www.sonoraenequipo.com.mx\/api\/wp\/v2\/posts\/229699\/revisions"}],"predecessor-version":[{"id":229701,"href":"https:\/\/www.sonoraenequipo.com.mx\/api\/wp\/v2\/posts\/229699\/revisions\/229701"}],"wp:featuredmedia":[{"embeddable":true,"href":"https:\/\/www.sonoraenequipo.com.mx\/api\/wp\/v2\/media\/229700"}],"wp:attachment":[{"href":"https:\/\/www.sonoraenequipo.com.mx\/api\/wp\/v2\/media?parent=229699"}],"wp:term":[{"taxonomy":"category","embeddable":true,"href":"https:\/\/www.sonoraenequipo.com.mx\/api\/wp\/v2\/categories?post=229699"},{"taxonomy":"post_tag","embeddable":true,"href":"https:\/\/www.sonoraenequipo.com.mx\/api\/wp\/v2\/tags?post=229699"}],"curies":[{"name":"wp","href":"https:\/\/api.w.org\/{rel}","templated":true}]}}