{"id":229707,"date":"2025-11-28T13:35:55","date_gmt":"2025-11-28T20:35:55","guid":{"rendered":"https:\/\/www.sonoraenequipo.com.mx\/?p=229707"},"modified":"2025-11-28T13:37:12","modified_gmt":"2025-11-28T20:37:12","slug":"donara-umpam-pinatas-en-beneficio-del-desayunador-unidos-por-miguel-aleman","status":"publish","type":"post","link":"https:\/\/www.sonoraenequipo.com.mx\/donara-umpam-pinatas-en-beneficio-del-desayunador-unidos-por-miguel-aleman\/","title":{"rendered":"Donar\u00e1 UMPAM pi\u00f1atas en beneficio del Desayunador \u201cUnidos por Miguel Alem\u00e1n\u00bb"},"content":{"rendered":"<p>&nbsp;<\/p>\n<p>&nbsp;<\/p>\n<p><strong>HERMOSILLO, SONORA, MX.<\/strong> \u2014Un grupo de 30 menores que cometieron faltas administrativas y reciben atenci\u00f3n de la Unidad Municipal de Aplicaci\u00f3n de Medidas a Adolescentes Infractores (UMPAM), colaborar\u00e1n con la noble labor del Desayunador Unidos por Miguel Alem\u00e1n al que donar\u00e1n las pi\u00f1atas que aprendieron a elaborar.<\/p>\n<p>&nbsp;<\/p>\n<p>&nbsp;<\/p>\n<p>&nbsp;<\/p>\n<p>Martha Gabriela Yunu\u00e9 Flores Contreras, titular de UMPAM, explic\u00f3 que adem\u00e1s de las pi\u00f1atas visitar\u00e1n el lugar para entregar los 120 kilos de frijol crudo que aportaron quienes se inscribieron en el Torneo anual de futbol del 2025, el cual est\u00e1 en curso.<\/p>\n<p>&nbsp;<\/p>\n<p>&nbsp;<\/p>\n<p>&nbsp;<\/p>\n<p>\u201cTrabajamos con ellos en diversos valores, como la responsabilidad y el trabajo en equipo, son adolescentes de diferentes colonias que no se conocen entre s\u00ed y se unen para realizar en equipo sus pi\u00f1atas\u201d, destac\u00f3.<\/p>\n<p>&nbsp;<\/p>\n<p>&nbsp;<\/p>\n<p>&nbsp;<\/p>\n<p>Son 29 varones y una mujer, de entre 14 y 17 a\u00f1os de edad que ya cumplieron el servicio comunitario que se les asign\u00f3 por cometer faltas administrativas y que como parte de su seguimiento est\u00e1n llevando este curso, detall\u00f3 la funcionaria.<\/p>\n<p>&nbsp;<\/p>\n<p>&nbsp;<\/p>\n<p>&nbsp;<\/p>\n<p>Relat\u00f3 que hace 5 a\u00f1os se realiz\u00f3 un curso similar que result\u00f3 muy positivo para todas y todos los participantes y por ello se retom\u00f3 este a\u00f1o, con patrocinio de la empresa Papeler\u00eda Dany, que aport\u00f3 todos los materiales necesarios.<\/p>\n<p><strong>Fecha de publicaci\u00f3n\u00a0 viernes 28 de noviembre de 2025<\/strong><\/p>\n<p>&nbsp;<\/p>\n","protected":false},"excerpt":{"rendered":"<p>&nbsp; &nbsp; HERMOSILLO, SONORA, MX. \u2014Un grupo de 30 menores que cometieron faltas administrativas y&#8230;<\/p>\n","protected":false},"author":1,"featured_media":229708,"comment_status":"open","ping_status":"open","sticky":false,"template":"","format":"standard","meta":{"_monsterinsights_skip_tracking":false,"_monsterinsights_sitenote_active":false,"_monsterinsights_sitenote_note":"","_monsterinsights_sitenote_category":0,"footnotes":""},"categories":[4],"tags":[12117,3489],"class_list":["post"],"yoast_head":" \n<title>Sonora en Equipo. Donar\u00e1 UMPAM pi\u00f1atas en beneficio del Desayunador \u201cUnidos por Miguel Alem\u00e1n&quot; Municipios<\/title>\n<meta name=\"description\" content=\"&nbsp; &nbsp; HERMOSILLO, SONORA, MX. \u2014Un grupo de 30 menores que cometieron faltas administrativas y reciben atenci\u00f3n de la Unidad Municipal de En Sonora en Equipo publicamos toda la informaci\u00f3n de Sonora, M\u00e9xico y el Mundo de manera oportuna y busca que la libertad de expresi\u00f3n sea real. Visita nuestro medio informativo publicado desde Hermosillo, Sonora. %\" \/>\n<meta name=\"robots\" content=\"index, follow, max-snippet:-1, max-image-preview:large, max-video-preview:-1\" \/>\n<link rel=\"canonical\" href=\"https:\/\/www.sonoraenequipo.com.mx\/donara-umpam-pinatas-en-beneficio-del-desayunador-unidos-por-miguel-aleman\/\" \/>\n<meta property=\"og:locale\" content=\"es_ES\" \/>\n<meta property=\"og:type\" content=\"article\" \/>\n<meta property=\"og:title\" content=\"Sonora en Equipo. Donar\u00e1 UMPAM pi\u00f1atas en beneficio del Desayunador \u201cUnidos por Miguel Alem\u00e1n&quot; Municipios\" \/>\n<meta property=\"og:description\" content=\"&nbsp; &nbsp; HERMOSILLO, SONORA, MX. \u2014Un grupo de 30 menores que cometieron faltas administrativas y reciben atenci\u00f3n de la Unidad Municipal de En Sonora en Equipo publicamos toda la informaci\u00f3n de Sonora, M\u00e9xico y el Mundo de manera oportuna y busca que la libertad de expresi\u00f3n sea real. Visita nuestro medio informativo publicado desde Hermosillo, Sonora. %\" \/>\n<meta property=\"og:url\" content=\"https:\/\/www.sonoraenequipo.com.mx\/donara-umpam-pinatas-en-beneficio-del-desayunador-unidos-por-miguel-aleman\/\" \/>\n<meta property=\"og:site_name\" content=\"Sonora en Equipo.\" \/>\n<meta property=\"article:publisher\" content=\"https:\/\/www.facebook.com\/SonoraEE\/\" \/>\n<meta property=\"article:author\" content=\"https:\/\/www.facebook.com\/SonoraEE\" \/>\n<meta property=\"article:published_time\" content=\"2025-11-28T20:35:55+00:00\" \/>\n<meta property=\"article:modified_time\" content=\"2025-11-28T20:37:12+00:00\" \/>\n<meta property=\"og:image\" content=\"https:\/\/www.sonoraenequipo.com.mx\/storage\/2025\/11\/umpam.jpg\" \/>\n\t<meta property=\"og:image:width\" content=\"600\" \/>\n\t<meta property=\"og:image:height\" content=\"400\" \/>\n\t<meta property=\"og:image:type\" content=\"image\/jpeg\" \/>\n<meta name=\"author\" content=\"enequipo\" \/>\n<meta name=\"twitter:card\" content=\"summary_large_image\" \/>\n<meta name=\"twitter:creator\" content=\"@sonoraenequipo\" \/>\n<meta name=\"twitter:site\" content=\"@sonoraenequipo\" \/>\n<meta name=\"twitter:label1\" content=\"Escrito por\" \/>\n\t<meta name=\"twitter:data1\" content=\"enequipo\" \/>\n\t<meta name=\"twitter:label2\" content=\"Tiempo de lectura\" \/>\n\t<meta name=\"twitter:data2\" content=\"1 minuto\" \/>\n<script type=\"application\/ld+json\" class=\"yoast-schema-graph\">{\"@context\":\"https:\/\/schema.org\",\"@graph\":[{\"@type\":\"Article\",\"@id\":\"https:\/\/www.sonoraenequipo.com.mx\/donara-umpam-pinatas-en-beneficio-del-desayunador-unidos-por-miguel-aleman\/#article\",\"isPartOf\":{\"@id\":\"https:\/\/www.sonoraenequipo.com.mx\/donara-umpam-pinatas-en-beneficio-del-desayunador-unidos-por-miguel-aleman\/\"},\"author\":{\"name\":\"enequipo\",\"@id\":\"https:\/\/www.sonoraenequipo.com.mx\/#\/schema\/person\/50102df0fb23a8fa9e8effad8fa81386\"},\"headline\":\"Donar\u00e1 UMPAM pi\u00f1atas en beneficio del Desayunador \u201cUnidos por Miguel Alem\u00e1n\u00bb\",\"datePublished\":\"2025-11-28T20:35:55+00:00\",\"dateModified\":\"2025-11-28T20:37:12+00:00\",\"mainEntityOfPage\":{\"@id\":\"https:\/\/www.sonoraenequipo.com.mx\/donara-umpam-pinatas-en-beneficio-del-desayunador-unidos-por-miguel-aleman\/\"},\"wordCount\":251,\"commentCount\":0,\"publisher\":{\"@id\":\"https:\/\/www.sonoraenequipo.com.mx\/#organization\"},\"image\":{\"@id\":\"https:\/\/www.sonoraenequipo.com.mx\/donara-umpam-pinatas-en-beneficio-del-desayunador-unidos-por-miguel-aleman\/#primaryimage\"},\"thumbnailUrl\":\"https:\/\/www.sonoraenequipo.com.mx\/storage\/2025\/11\/umpam.jpg\",\"keywords\":[\"pi\u00f1atas\",\"umpam\"],\"articleSection\":[\"Municipios\"],\"inLanguage\":\"es\",\"potentialAction\":[{\"@type\":\"CommentAction\",\"name\":\"Comment\",\"target\":[\"https:\/\/www.sonoraenequipo.com.mx\/donara-umpam-pinatas-en-beneficio-del-desayunador-unidos-por-miguel-aleman\/#respond\"]}]},{\"@type\":\"WebPage\",\"@id\":\"https:\/\/www.sonoraenequipo.com.mx\/donara-umpam-pinatas-en-beneficio-del-desayunador-unidos-por-miguel-aleman\/\",\"url\":\"https:\/\/www.sonoraenequipo.com.mx\/donara-umpam-pinatas-en-beneficio-del-desayunador-unidos-por-miguel-aleman\/\",\"name\":\"Sonora en Equipo. Donar\u00e1 UMPAM pi\u00f1atas en beneficio del Desayunador \u201cUnidos por Miguel Alem\u00e1n\\\" Municipios\",\"isPartOf\":{\"@id\":\"https:\/\/www.sonoraenequipo.com.mx\/#website\"},\"primaryImageOfPage\":{\"@id\":\"https:\/\/www.sonoraenequipo.com.mx\/donara-umpam-pinatas-en-beneficio-del-desayunador-unidos-por-miguel-aleman\/#primaryimage\"},\"image\":{\"@id\":\"https:\/\/www.sonoraenequipo.com.mx\/donara-umpam-pinatas-en-beneficio-del-desayunador-unidos-por-miguel-aleman\/#primaryimage\"},\"thumbnailUrl\":\"https:\/\/www.sonoraenequipo.com.mx\/storage\/2025\/11\/umpam.jpg\",\"datePublished\":\"2025-11-28T20:35:55+00:00\",\"dateModified\":\"2025-11-28T20:37:12+00:00\",\"description\":\"&nbsp; &nbsp; HERMOSILLO, SONORA, MX. \u2014Un grupo de 30 menores que cometieron faltas administrativas y reciben atenci\u00f3n de la Unidad Municipal de En Sonora en Equipo publicamos toda la informaci\u00f3n de Sonora, M\u00e9xico y el Mundo de manera oportuna y busca que la libertad de expresi\u00f3n sea real. Visita nuestro medio informativo publicado desde Hermosillo, Sonora. %\",\"breadcrumb\":{\"@id\":\"https:\/\/www.sonoraenequipo.com.mx\/donara-umpam-pinatas-en-beneficio-del-desayunador-unidos-por-miguel-aleman\/#breadcrumb\"},\"inLanguage\":\"es\",\"potentialAction\":[{\"@type\":\"ReadAction\",\"target\":[\"https:\/\/www.sonoraenequipo.com.mx\/donara-umpam-pinatas-en-beneficio-del-desayunador-unidos-por-miguel-aleman\/\"]}]},{\"@type\":\"ImageObject\",\"inLanguage\":\"es\",\"@id\":\"https:\/\/www.sonoraenequipo.com.mx\/donara-umpam-pinatas-en-beneficio-del-desayunador-unidos-por-miguel-aleman\/#primaryimage\",\"url\":\"https:\/\/www.sonoraenequipo.com.mx\/storage\/2025\/11\/umpam.jpg\",\"contentUrl\":\"https:\/\/www.sonoraenequipo.com.mx\/storage\/2025\/11\/umpam.jpg\",\"width\":600,\"height\":400},{\"@type\":\"BreadcrumbList\",\"@id\":\"https:\/\/www.sonoraenequipo.com.mx\/donara-umpam-pinatas-en-beneficio-del-desayunador-unidos-por-miguel-aleman\/#breadcrumb\",\"itemListElement\":[{\"@type\":\"ListItem\",\"position\":1,\"name\":\"Portada\",\"item\":\"https:\/\/www.sonoraenequipo.com.mx\/\"},{\"@type\":\"ListItem\",\"position\":2,\"name\":\"Donar\u00e1 UMPAM pi\u00f1atas en beneficio del Desayunador \u201cUnidos por Miguel Alem\u00e1n\u00bb\"}]},{\"@type\":\"WebSite\",\"@id\":\"https:\/\/www.sonoraenequipo.com.mx\/#website\",\"url\":\"https:\/\/www.sonoraenequipo.com.mx\/\",\"name\":\"Sonora en Equipo.\",\"description\":\"Diario en l\u00ednea con Noticias desde Hermosillo, Sonora\",\"publisher\":{\"@id\":\"https:\/\/www.sonoraenequipo.com.mx\/#organization\"},\"potentialAction\":[{\"@type\":\"SearchAction\",\"target\":{\"@type\":\"EntryPoint\",\"urlTemplate\":\"https:\/\/www.sonoraenequipo.com.mx\/?s={search_term_string}\"},\"query-input\":{\"@type\":\"PropertyValueSpecification\",\"valueRequired\":true,\"valueName\":\"search_term_string\"}}],\"inLanguage\":\"es\"},{\"@type\":\"Organization\",\"@id\":\"https:\/\/www.sonoraenequipo.com.mx\/#organization\",\"name\":\"Sonoraenequipo.com.mx\",\"url\":\"https:\/\/www.sonoraenequipo.com.mx\/\",\"logo\":{\"@type\":\"ImageObject\",\"inLanguage\":\"es\",\"@id\":\"https:\/\/www.sonoraenequipo.com.mx\/#\/schema\/logo\/image\/\",\"url\":\"https:\/\/www.sonoraenequipo.com.mx\/storage\/2019\/01\/sonoraenequipo_opt.png\",\"contentUrl\":\"https:\/\/www.sonoraenequipo.com.mx\/storage\/2019\/01\/sonoraenequipo_opt.png\",\"width\":375,\"height\":125,\"caption\":\"Sonoraenequipo.com.mx\"},\"image\":{\"@id\":\"https:\/\/www.sonoraenequipo.com.mx\/#\/schema\/logo\/image\/\"},\"sameAs\":[\"https:\/\/www.facebook.com\/SonoraEE\/\",\"https:\/\/x.com\/sonoraenequipo\",\"https:\/\/www.youtube.com\/channel\/UC338nW-lPEYmJQs4ZABQ1SQ\"]},{\"@type\":\"Person\",\"@id\":\"https:\/\/www.sonoraenequipo.com.mx\/#\/schema\/person\/50102df0fb23a8fa9e8effad8fa81386\",\"name\":\"enequipo\",\"image\":{\"@type\":\"ImageObject\",\"inLanguage\":\"es\",\"@id\":\"https:\/\/www.sonoraenequipo.com.mx\/#\/schema\/person\/image\/\",\"url\":\"https:\/\/secure.gravatar.com\/avatar\/049821681b589dabc0bc20695993ccebb09f5b5d4d790cd9251b97faac7c652b?s=96&d=blank&r=g\",\"contentUrl\":\"https:\/\/secure.gravatar.com\/avatar\/049821681b589dabc0bc20695993ccebb09f5b5d4d790cd9251b97faac7c652b?s=96&d=blank&r=g\",\"caption\":\"enequipo\"},\"sameAs\":[\"https:\/\/www.facebook.com\/SonoraEE\"]}]}<\/script>\n ","yoast_head_json":{"title":"Sonora en Equipo. Donar\u00e1 UMPAM pi\u00f1atas en beneficio del Desayunador \u201cUnidos por Miguel Alem\u00e1n\" Municipios","description":"&nbsp; &nbsp; HERMOSILLO, SONORA, MX. \u2014Un grupo de 30 menores que cometieron faltas administrativas y reciben atenci\u00f3n de la Unidad Municipal de En Sonora en Equipo publicamos toda la informaci\u00f3n de Sonora, M\u00e9xico y el Mundo de manera oportuna y busca que la libertad de expresi\u00f3n sea real. Visita nuestro medio informativo publicado desde Hermosillo, Sonora. %","robots":{"index":"index","follow":"follow","max-snippet":"max-snippet:-1","max-image-preview":"max-image-preview:large","max-video-preview":"max-video-preview:-1"},"canonical":"https:\/\/www.sonoraenequipo.com.mx\/donara-umpam-pinatas-en-beneficio-del-desayunador-unidos-por-miguel-aleman\/","og_locale":"es_ES","og_type":"article","og_title":"Sonora en Equipo. Donar\u00e1 UMPAM pi\u00f1atas en beneficio del Desayunador \u201cUnidos por Miguel Alem\u00e1n\" Municipios","og_description":"&nbsp; &nbsp; HERMOSILLO, SONORA, MX. \u2014Un grupo de 30 menores que cometieron faltas administrativas y reciben atenci\u00f3n de la Unidad Municipal de En Sonora en Equipo publicamos toda la informaci\u00f3n de Sonora, M\u00e9xico y el Mundo de manera oportuna y busca que la libertad de expresi\u00f3n sea real. Visita nuestro medio informativo publicado desde Hermosillo, Sonora. %","og_url":"https:\/\/www.sonoraenequipo.com.mx\/donara-umpam-pinatas-en-beneficio-del-desayunador-unidos-por-miguel-aleman\/","og_site_name":"Sonora en Equipo.","article_publisher":"https:\/\/www.facebook.com\/SonoraEE\/","article_author":"https:\/\/www.facebook.com\/SonoraEE","article_published_time":"2025-11-28T20:35:55+00:00","article_modified_time":"2025-11-28T20:37:12+00:00","og_image":[{"width":600,"height":400,"url":"https:\/\/www.sonoraenequipo.com.mx\/storage\/2025\/11\/umpam.jpg","type":"image\/jpeg"}],"author":"enequipo","twitter_card":"summary_large_image","twitter_creator":"@sonoraenequipo","twitter_site":"@sonoraenequipo","twitter_misc":{"Escrito por":"enequipo","Tiempo de lectura":"1 minuto"},"schema":{"@context":"https:\/\/schema.org","@graph":[{"@type":"Article","@id":"https:\/\/www.sonoraenequipo.com.mx\/donara-umpam-pinatas-en-beneficio-del-desayunador-unidos-por-miguel-aleman\/#article","isPartOf":{"@id":"https:\/\/www.sonoraenequipo.com.mx\/donara-umpam-pinatas-en-beneficio-del-desayunador-unidos-por-miguel-aleman\/"},"author":{"name":"enequipo","@id":"https:\/\/www.sonoraenequipo.com.mx\/#\/schema\/person\/50102df0fb23a8fa9e8effad8fa81386"},"headline":"Donar\u00e1 UMPAM pi\u00f1atas en beneficio del Desayunador \u201cUnidos por Miguel Alem\u00e1n\u00bb","datePublished":"2025-11-28T20:35:55+00:00","dateModified":"2025-11-28T20:37:12+00:00","mainEntityOfPage":{"@id":"https:\/\/www.sonoraenequipo.com.mx\/donara-umpam-pinatas-en-beneficio-del-desayunador-unidos-por-miguel-aleman\/"},"wordCount":251,"commentCount":0,"publisher":{"@id":"https:\/\/www.sonoraenequipo.com.mx\/#organization"},"image":{"@id":"https:\/\/www.sonoraenequipo.com.mx\/donara-umpam-pinatas-en-beneficio-del-desayunador-unidos-por-miguel-aleman\/#primaryimage"},"thumbnailUrl":"https:\/\/www.sonoraenequipo.com.mx\/storage\/2025\/11\/umpam.jpg","keywords":["pi\u00f1atas","umpam"],"articleSection":["Municipios"],"inLanguage":"es","potentialAction":[{"@type":"CommentAction","name":"Comment","target":["https:\/\/www.sonoraenequipo.com.mx\/donara-umpam-pinatas-en-beneficio-del-desayunador-unidos-por-miguel-aleman\/#respond"]}]},{"@type":"WebPage","@id":"https:\/\/www.sonoraenequipo.com.mx\/donara-umpam-pinatas-en-beneficio-del-desayunador-unidos-por-miguel-aleman\/","url":"https:\/\/www.sonoraenequipo.com.mx\/donara-umpam-pinatas-en-beneficio-del-desayunador-unidos-por-miguel-aleman\/","name":"Sonora en Equipo. Donar\u00e1 UMPAM pi\u00f1atas en beneficio del Desayunador \u201cUnidos por Miguel Alem\u00e1n\" Municipios","isPartOf":{"@id":"https:\/\/www.sonoraenequipo.com.mx\/#website"},"primaryImageOfPage":{"@id":"https:\/\/www.sonoraenequipo.com.mx\/donara-umpam-pinatas-en-beneficio-del-desayunador-unidos-por-miguel-aleman\/#primaryimage"},"image":{"@id":"https:\/\/www.sonoraenequipo.com.mx\/donara-umpam-pinatas-en-beneficio-del-desayunador-unidos-por-miguel-aleman\/#primaryimage"},"thumbnailUrl":"https:\/\/www.sonoraenequipo.com.mx\/storage\/2025\/11\/umpam.jpg","datePublished":"2025-11-28T20:35:55+00:00","dateModified":"2025-11-28T20:37:12+00:00","description":"&nbsp; &nbsp; HERMOSILLO, SONORA, MX. \u2014Un grupo de 30 menores que cometieron faltas administrativas y reciben atenci\u00f3n de la Unidad Municipal de En Sonora en Equipo publicamos toda la informaci\u00f3n de Sonora, M\u00e9xico y el Mundo de manera oportuna y busca que la libertad de expresi\u00f3n sea real. Visita nuestro medio informativo publicado desde Hermosillo, Sonora. %","breadcrumb":{"@id":"https:\/\/www.sonoraenequipo.com.mx\/donara-umpam-pinatas-en-beneficio-del-desayunador-unidos-por-miguel-aleman\/#breadcrumb"},"inLanguage":"es","potentialAction":[{"@type":"ReadAction","target":["https:\/\/www.sonoraenequipo.com.mx\/donara-umpam-pinatas-en-beneficio-del-desayunador-unidos-por-miguel-aleman\/"]}]},{"@type":"ImageObject","inLanguage":"es","@id":"https:\/\/www.sonoraenequipo.com.mx\/donara-umpam-pinatas-en-beneficio-del-desayunador-unidos-por-miguel-aleman\/#primaryimage","url":"https:\/\/www.sonoraenequipo.com.mx\/storage\/2025\/11\/umpam.jpg","contentUrl":"https:\/\/www.sonoraenequipo.com.mx\/storage\/2025\/11\/umpam.jpg","width":600,"height":400},{"@type":"BreadcrumbList","@id":"https:\/\/www.sonoraenequipo.com.mx\/donara-umpam-pinatas-en-beneficio-del-desayunador-unidos-por-miguel-aleman\/#breadcrumb","itemListElement":[{"@type":"ListItem","position":1,"name":"Portada","item":"https:\/\/www.sonoraenequipo.com.mx\/"},{"@type":"ListItem","position":2,"name":"Donar\u00e1 UMPAM pi\u00f1atas en beneficio del Desayunador \u201cUnidos por Miguel Alem\u00e1n\u00bb"}]},{"@type":"WebSite","@id":"https:\/\/www.sonoraenequipo.com.mx\/#website","url":"https:\/\/www.sonoraenequipo.com.mx\/","name":"Sonora en Equipo.","description":"Diario en l\u00ednea con Noticias desde Hermosillo, Sonora","publisher":{"@id":"https:\/\/www.sonoraenequipo.com.mx\/#organization"},"potentialAction":[{"@type":"SearchAction","target":{"@type":"EntryPoint","urlTemplate":"https:\/\/www.sonoraenequipo.com.mx\/?s={search_term_string}"},"query-input":{"@type":"PropertyValueSpecification","valueRequired":true,"valueName":"search_term_string"}}],"inLanguage":"es"},{"@type":"Organization","@id":"https:\/\/www.sonoraenequipo.com.mx\/#organization","name":"Sonoraenequipo.com.mx","url":"https:\/\/www.sonoraenequipo.com.mx\/","logo":{"@type":"ImageObject","inLanguage":"es","@id":"https:\/\/www.sonoraenequipo.com.mx\/#\/schema\/logo\/image\/","url":"https:\/\/www.sonoraenequipo.com.mx\/storage\/2019\/01\/sonoraenequipo_opt.png","contentUrl":"https:\/\/www.sonoraenequipo.com.mx\/storage\/2019\/01\/sonoraenequipo_opt.png","width":375,"height":125,"caption":"Sonoraenequipo.com.mx"},"image":{"@id":"https:\/\/www.sonoraenequipo.com.mx\/#\/schema\/logo\/image\/"},"sameAs":["https:\/\/www.facebook.com\/SonoraEE\/","https:\/\/x.com\/sonoraenequipo","https:\/\/www.youtube.com\/channel\/UC338nW-lPEYmJQs4ZABQ1SQ"]},{"@type":"Person","@id":"https:\/\/www.sonoraenequipo.com.mx\/#\/schema\/person\/50102df0fb23a8fa9e8effad8fa81386","name":"enequipo","image":{"@type":"ImageObject","inLanguage":"es","@id":"https:\/\/www.sonoraenequipo.com.mx\/#\/schema\/person\/image\/","url":"https:\/\/secure.gravatar.com\/avatar\/049821681b589dabc0bc20695993ccebb09f5b5d4d790cd9251b97faac7c652b?s=96&d=blank&r=g","contentUrl":"https:\/\/secure.gravatar.com\/avatar\/049821681b589dabc0bc20695993ccebb09f5b5d4d790cd9251b97faac7c652b?s=96&d=blank&r=g","caption":"enequipo"},"sameAs":["https:\/\/www.facebook.com\/SonoraEE"]}]}},"jetpack_featured_media_url":"https:\/\/www.sonoraenequipo.com.mx\/storage\/2025\/11\/umpam.jpg","_links":{"self":[{"href":"https:\/\/www.sonoraenequipo.com.mx\/api\/wp\/v2\/posts\/229707","targetHints":{"allow":["GET"]}}],"collection":[{"href":"https:\/\/www.sonoraenequipo.com.mx\/api\/wp\/v2\/posts"}],"about":[{"href":"https:\/\/www.sonoraenequipo.com.mx\/api\/wp\/v2\/types\/post"}],"author":[{"embeddable":true,"href":"https:\/\/www.sonoraenequipo.com.mx\/api\/wp\/v2\/users\/1"}],"replies":[{"embeddable":true,"href":"https:\/\/www.sonoraenequipo.com.mx\/api\/wp\/v2\/comments?post=229707"}],"version-history":[{"count":3,"href":"https:\/\/www.sonoraenequipo.com.mx\/api\/wp\/v2\/posts\/229707\/revisions"}],"predecessor-version":[{"id":229711,"href":"https:\/\/www.sonoraenequipo.com.mx\/api\/wp\/v2\/posts\/229707\/revisions\/229711"}],"wp:featuredmedia":[{"embeddable":true,"href":"https:\/\/www.sonoraenequipo.com.mx\/api\/wp\/v2\/media\/229708"}],"wp:attachment":[{"href":"https:\/\/www.sonoraenequipo.com.mx\/api\/wp\/v2\/media?parent=229707"}],"wp:term":[{"taxonomy":"category","embeddable":true,"href":"https:\/\/www.sonoraenequipo.com.mx\/api\/wp\/v2\/categories?post=229707"},{"taxonomy":"post_tag","embeddable":true,"href":"https:\/\/www.sonoraenequipo.com.mx\/api\/wp\/v2\/tags?post=229707"}],"curies":[{"name":"wp","href":"https:\/\/api.w.org\/{rel}","templated":true}]}}