{"id":229715,"date":"2025-11-28T16:25:02","date_gmt":"2025-11-28T23:25:02","guid":{"rendered":"https:\/\/www.sonoraenequipo.com.mx\/?p=229715"},"modified":"2025-11-28T16:25:02","modified_gmt":"2025-11-28T23:25:02","slug":"concluye-congreso-de-sonora-foros-de-consulta-en-materia-de-inclusion-politica","status":"publish","type":"post","link":"https:\/\/www.sonoraenequipo.com.mx\/concluye-congreso-de-sonora-foros-de-consulta-en-materia-de-inclusion-politica\/","title":{"rendered":"Concluye Congreso de Sonora foros de consulta en materia de inclusi\u00f3n pol\u00edtica"},"content":{"rendered":"<p><strong>NOGALES, SONORA, MX.<\/strong><strong> \u0336 \u0336\u00a0 <\/strong>Con el compromiso de fortalecer el di\u00e1logo y la participaci\u00f3n en torno a la iniciativa de reforma que busca proteger el pleno ejercicio de los derechos pol\u00edtico-electorales de las personas con discapacidad, el Congreso del Estado celebr\u00f3 el tercer y \u00faltimo foro de consulta correspondiente a la regi\u00f3n norte de la entidad.<\/p>\n<p>&nbsp;<\/p>\n<p>&nbsp;<\/p>\n<p>&nbsp;<\/p>\n<p>En el foro estuvieron presentes los diputados Mar\u00eda Eduwiges Espinoza Tapia y Julio C\u00e9sar Navarro Contreras, ambos integrantes del Grupo Parlamentario de Morena y proponentes de la iniciativa; Hip\u00f3lito Sedano Ruiz, secretario del Ayuntamiento de Nogales; as\u00ed como la diputada Marcela Valenzuela Nevarez (Morena) e integrantes del Ayuntamiento.<\/p>\n<p>&nbsp;<\/p>\n<p>&nbsp;<\/p>\n<p>&nbsp;<\/p>\n<p>La iniciativa en an\u00e1lisis propone reformas tanto a la Constituci\u00f3n Pol\u00edtica del Estado como a la Ley de Instituciones y Procedimientos Electorales, con el prop\u00f3sito de que los partidos pol\u00edticos tengan la obligaci\u00f3n de postular, de manera real, efectiva y con pleno respeto a los derechos humanos, f\u00f3rmulas o planillas integradas por personas con discapacidad.<\/p>\n<p>&nbsp;<\/p>\n<p>&nbsp;<\/p>\n<p>&nbsp;<\/p>\n<p>Estas modificaciones buscan generar condiciones que faciliten su participaci\u00f3n en los procesos electorales municipales y en la integraci\u00f3n del Congreso del Estado, fortaleciendo as\u00ed una representaci\u00f3n m\u00e1s amplia y diversa en la toma de decisiones p\u00fablicas.<\/p>\n<p>&nbsp;<\/p>\n<p>&nbsp;<\/p>\n<p>&nbsp;<\/p>\n<p>Representantes de organizaciones de la sociedad civil, as\u00ed como personas de la ciudadan\u00eda interesadas en el tema, asistieron a este tercer foro, en el que pudieron conocer a detalle la iniciativa. Durante su participaci\u00f3n, coincidieron en la importancia de realizar este tipo de ejercicios, ya que permiten que sus opiniones, observaciones y propuestas sean tomadas en cuenta.<\/p>\n<p>&nbsp;<\/p>\n<p>&nbsp;<\/p>\n<p>&nbsp;<\/p>\n<p>Entre los planteamientos expuestos, se se\u00f1al\u00f3 la importancia de que las personas que participen en los procesos de elecci\u00f3n cuenten con la preparaci\u00f3n acad\u00e9mica necesaria para asumir dichas responsabilidades. Adem\u00e1s, se compartieron comentarios relacionados con la necesidad de garantizar condiciones que favorezcan la participaci\u00f3n plena y efectiva de las personas con discapacidad.<\/p>\n<p>&nbsp;<\/p>\n<p>&nbsp;<\/p>\n<p>&nbsp;<\/p>\n<p>Este foro se suma a los ejercicios realizados previamente en Hermosillo y Ciudad Obreg\u00f3n.<\/p>\n<p><strong>Fecha de publicaci\u00f3n\u00a0 viernes 28 de noviembre de 2025<\/strong><\/p>\n","protected":false},"excerpt":{"rendered":"<p>NOGALES, SONORA, MX. \u0336 \u0336\u00a0 Con el compromiso de fortalecer el di\u00e1logo y la participaci\u00f3n&#8230;<\/p>\n","protected":false},"author":1,"featured_media":229716,"comment_status":"open","ping_status":"open","sticky":false,"template":"","format":"standard","meta":{"_monsterinsights_skip_tracking":false,"_monsterinsights_sitenote_active":false,"_monsterinsights_sitenote_note":"","_monsterinsights_sitenote_category":0,"footnotes":""},"categories":[3281],"tags":[1248,10765,6474],"class_list":["post"],"yoast_head":" \n<title>Sonora en Equipo. Concluye Congreso de Sonora foros de consulta en materia de inclusi\u00f3n pol\u00edtica Congreso<\/title>\n<meta name=\"description\" content=\"NOGALES, SONORA, MX. \u0336 \u0336\u00a0 Con el compromiso de fortalecer el di\u00e1logo y la participaci\u00f3n en torno a la iniciativa de reforma que busca proteger el pleno En Sonora en Equipo publicamos toda la informaci\u00f3n de Sonora, M\u00e9xico y el Mundo de manera oportuna y busca que la libertad de expresi\u00f3n sea real. Visita nuestro medio informativo publicado desde Hermosillo, Sonora. %\" \/>\n<meta name=\"robots\" content=\"index, follow, max-snippet:-1, max-image-preview:large, max-video-preview:-1\" \/>\n<link rel=\"canonical\" href=\"https:\/\/www.sonoraenequipo.com.mx\/concluye-congreso-de-sonora-foros-de-consulta-en-materia-de-inclusion-politica\/\" \/>\n<meta property=\"og:locale\" content=\"es_ES\" \/>\n<meta property=\"og:type\" content=\"article\" \/>\n<meta property=\"og:title\" content=\"Sonora en Equipo. Concluye Congreso de Sonora foros de consulta en materia de inclusi\u00f3n pol\u00edtica Congreso\" \/>\n<meta property=\"og:description\" content=\"NOGALES, SONORA, MX. \u0336 \u0336\u00a0 Con el compromiso de fortalecer el di\u00e1logo y la participaci\u00f3n en torno a la iniciativa de reforma que busca proteger el pleno En Sonora en Equipo publicamos toda la informaci\u00f3n de Sonora, M\u00e9xico y el Mundo de manera oportuna y busca que la libertad de expresi\u00f3n sea real. Visita nuestro medio informativo publicado desde Hermosillo, Sonora. %\" \/>\n<meta property=\"og:url\" content=\"https:\/\/www.sonoraenequipo.com.mx\/concluye-congreso-de-sonora-foros-de-consulta-en-materia-de-inclusion-politica\/\" \/>\n<meta property=\"og:site_name\" content=\"Sonora en Equipo.\" \/>\n<meta property=\"article:publisher\" content=\"https:\/\/www.facebook.com\/SonoraEE\/\" \/>\n<meta property=\"article:author\" content=\"https:\/\/www.facebook.com\/SonoraEE\" \/>\n<meta property=\"article:published_time\" content=\"2025-11-28T23:25:02+00:00\" \/>\n<meta property=\"og:image\" content=\"https:\/\/www.sonoraenequipo.com.mx\/storage\/2025\/11\/foros-congreso.jpg\" \/>\n\t<meta property=\"og:image:width\" content=\"600\" \/>\n\t<meta property=\"og:image:height\" content=\"400\" \/>\n\t<meta property=\"og:image:type\" content=\"image\/jpeg\" \/>\n<meta name=\"author\" content=\"enequipo\" \/>\n<meta name=\"twitter:card\" content=\"summary_large_image\" \/>\n<meta name=\"twitter:creator\" content=\"@sonoraenequipo\" \/>\n<meta name=\"twitter:site\" content=\"@sonoraenequipo\" \/>\n<meta name=\"twitter:label1\" content=\"Escrito por\" \/>\n\t<meta name=\"twitter:data1\" content=\"enequipo\" \/>\n\t<meta name=\"twitter:label2\" content=\"Tiempo de lectura\" \/>\n\t<meta name=\"twitter:data2\" content=\"2 minutos\" \/>\n<script type=\"application\/ld+json\" class=\"yoast-schema-graph\">{\"@context\":\"https:\/\/schema.org\",\"@graph\":[{\"@type\":\"Article\",\"@id\":\"https:\/\/www.sonoraenequipo.com.mx\/concluye-congreso-de-sonora-foros-de-consulta-en-materia-de-inclusion-politica\/#article\",\"isPartOf\":{\"@id\":\"https:\/\/www.sonoraenequipo.com.mx\/concluye-congreso-de-sonora-foros-de-consulta-en-materia-de-inclusion-politica\/\"},\"author\":{\"name\":\"enequipo\",\"@id\":\"https:\/\/www.sonoraenequipo.com.mx\/#\/schema\/person\/50102df0fb23a8fa9e8effad8fa81386\"},\"headline\":\"Concluye Congreso de Sonora foros de consulta en materia de inclusi\u00f3n pol\u00edtica\",\"datePublished\":\"2025-11-28T23:25:02+00:00\",\"mainEntityOfPage\":{\"@id\":\"https:\/\/www.sonoraenequipo.com.mx\/concluye-congreso-de-sonora-foros-de-consulta-en-materia-de-inclusion-politica\/\"},\"wordCount\":385,\"commentCount\":0,\"publisher\":{\"@id\":\"https:\/\/www.sonoraenequipo.com.mx\/#organization\"},\"image\":{\"@id\":\"https:\/\/www.sonoraenequipo.com.mx\/concluye-congreso-de-sonora-foros-de-consulta-en-materia-de-inclusion-politica\/#primaryimage\"},\"thumbnailUrl\":\"https:\/\/www.sonoraenequipo.com.mx\/storage\/2025\/11\/foros-congreso.jpg\",\"keywords\":[\"CONGRESO\",\"foros\",\"inclusion\"],\"articleSection\":[\"Congreso\"],\"inLanguage\":\"es\",\"potentialAction\":[{\"@type\":\"CommentAction\",\"name\":\"Comment\",\"target\":[\"https:\/\/www.sonoraenequipo.com.mx\/concluye-congreso-de-sonora-foros-de-consulta-en-materia-de-inclusion-politica\/#respond\"]}]},{\"@type\":\"WebPage\",\"@id\":\"https:\/\/www.sonoraenequipo.com.mx\/concluye-congreso-de-sonora-foros-de-consulta-en-materia-de-inclusion-politica\/\",\"url\":\"https:\/\/www.sonoraenequipo.com.mx\/concluye-congreso-de-sonora-foros-de-consulta-en-materia-de-inclusion-politica\/\",\"name\":\"Sonora en Equipo. Concluye Congreso de Sonora foros de consulta en materia de inclusi\u00f3n pol\u00edtica Congreso\",\"isPartOf\":{\"@id\":\"https:\/\/www.sonoraenequipo.com.mx\/#website\"},\"primaryImageOfPage\":{\"@id\":\"https:\/\/www.sonoraenequipo.com.mx\/concluye-congreso-de-sonora-foros-de-consulta-en-materia-de-inclusion-politica\/#primaryimage\"},\"image\":{\"@id\":\"https:\/\/www.sonoraenequipo.com.mx\/concluye-congreso-de-sonora-foros-de-consulta-en-materia-de-inclusion-politica\/#primaryimage\"},\"thumbnailUrl\":\"https:\/\/www.sonoraenequipo.com.mx\/storage\/2025\/11\/foros-congreso.jpg\",\"datePublished\":\"2025-11-28T23:25:02+00:00\",\"description\":\"NOGALES, SONORA, MX. \u0336 \u0336\u00a0 Con el compromiso de fortalecer el di\u00e1logo y la participaci\u00f3n en torno a la iniciativa de reforma que busca proteger el pleno En Sonora en Equipo publicamos toda la informaci\u00f3n de Sonora, M\u00e9xico y el Mundo de manera oportuna y busca que la libertad de expresi\u00f3n sea real. Visita nuestro medio informativo publicado desde Hermosillo, Sonora. %\",\"breadcrumb\":{\"@id\":\"https:\/\/www.sonoraenequipo.com.mx\/concluye-congreso-de-sonora-foros-de-consulta-en-materia-de-inclusion-politica\/#breadcrumb\"},\"inLanguage\":\"es\",\"potentialAction\":[{\"@type\":\"ReadAction\",\"target\":[\"https:\/\/www.sonoraenequipo.com.mx\/concluye-congreso-de-sonora-foros-de-consulta-en-materia-de-inclusion-politica\/\"]}]},{\"@type\":\"ImageObject\",\"inLanguage\":\"es\",\"@id\":\"https:\/\/www.sonoraenequipo.com.mx\/concluye-congreso-de-sonora-foros-de-consulta-en-materia-de-inclusion-politica\/#primaryimage\",\"url\":\"https:\/\/www.sonoraenequipo.com.mx\/storage\/2025\/11\/foros-congreso.jpg\",\"contentUrl\":\"https:\/\/www.sonoraenequipo.com.mx\/storage\/2025\/11\/foros-congreso.jpg\",\"width\":600,\"height\":400},{\"@type\":\"BreadcrumbList\",\"@id\":\"https:\/\/www.sonoraenequipo.com.mx\/concluye-congreso-de-sonora-foros-de-consulta-en-materia-de-inclusion-politica\/#breadcrumb\",\"itemListElement\":[{\"@type\":\"ListItem\",\"position\":1,\"name\":\"Portada\",\"item\":\"https:\/\/www.sonoraenequipo.com.mx\/\"},{\"@type\":\"ListItem\",\"position\":2,\"name\":\"Concluye Congreso de Sonora foros de consulta en materia de inclusi\u00f3n pol\u00edtica\"}]},{\"@type\":\"WebSite\",\"@id\":\"https:\/\/www.sonoraenequipo.com.mx\/#website\",\"url\":\"https:\/\/www.sonoraenequipo.com.mx\/\",\"name\":\"Sonora en Equipo.\",\"description\":\"Diario en l\u00ednea con Noticias desde Hermosillo, Sonora\",\"publisher\":{\"@id\":\"https:\/\/www.sonoraenequipo.com.mx\/#organization\"},\"potentialAction\":[{\"@type\":\"SearchAction\",\"target\":{\"@type\":\"EntryPoint\",\"urlTemplate\":\"https:\/\/www.sonoraenequipo.com.mx\/?s={search_term_string}\"},\"query-input\":{\"@type\":\"PropertyValueSpecification\",\"valueRequired\":true,\"valueName\":\"search_term_string\"}}],\"inLanguage\":\"es\"},{\"@type\":\"Organization\",\"@id\":\"https:\/\/www.sonoraenequipo.com.mx\/#organization\",\"name\":\"Sonoraenequipo.com.mx\",\"url\":\"https:\/\/www.sonoraenequipo.com.mx\/\",\"logo\":{\"@type\":\"ImageObject\",\"inLanguage\":\"es\",\"@id\":\"https:\/\/www.sonoraenequipo.com.mx\/#\/schema\/logo\/image\/\",\"url\":\"https:\/\/www.sonoraenequipo.com.mx\/storage\/2019\/01\/sonoraenequipo_opt.png\",\"contentUrl\":\"https:\/\/www.sonoraenequipo.com.mx\/storage\/2019\/01\/sonoraenequipo_opt.png\",\"width\":375,\"height\":125,\"caption\":\"Sonoraenequipo.com.mx\"},\"image\":{\"@id\":\"https:\/\/www.sonoraenequipo.com.mx\/#\/schema\/logo\/image\/\"},\"sameAs\":[\"https:\/\/www.facebook.com\/SonoraEE\/\",\"https:\/\/x.com\/sonoraenequipo\",\"https:\/\/www.youtube.com\/channel\/UC338nW-lPEYmJQs4ZABQ1SQ\"]},{\"@type\":\"Person\",\"@id\":\"https:\/\/www.sonoraenequipo.com.mx\/#\/schema\/person\/50102df0fb23a8fa9e8effad8fa81386\",\"name\":\"enequipo\",\"image\":{\"@type\":\"ImageObject\",\"inLanguage\":\"es\",\"@id\":\"https:\/\/www.sonoraenequipo.com.mx\/#\/schema\/person\/image\/\",\"url\":\"https:\/\/secure.gravatar.com\/avatar\/049821681b589dabc0bc20695993ccebb09f5b5d4d790cd9251b97faac7c652b?s=96&d=blank&r=g\",\"contentUrl\":\"https:\/\/secure.gravatar.com\/avatar\/049821681b589dabc0bc20695993ccebb09f5b5d4d790cd9251b97faac7c652b?s=96&d=blank&r=g\",\"caption\":\"enequipo\"},\"sameAs\":[\"https:\/\/www.facebook.com\/SonoraEE\"]}]}<\/script>\n ","yoast_head_json":{"title":"Sonora en Equipo. Concluye Congreso de Sonora foros de consulta en materia de inclusi\u00f3n pol\u00edtica Congreso","description":"NOGALES, SONORA, MX. \u0336 \u0336\u00a0 Con el compromiso de fortalecer el di\u00e1logo y la participaci\u00f3n en torno a la iniciativa de reforma que busca proteger el pleno En Sonora en Equipo publicamos toda la informaci\u00f3n de Sonora, M\u00e9xico y el Mundo de manera oportuna y busca que la libertad de expresi\u00f3n sea real. Visita nuestro medio informativo publicado desde Hermosillo, Sonora. %","robots":{"index":"index","follow":"follow","max-snippet":"max-snippet:-1","max-image-preview":"max-image-preview:large","max-video-preview":"max-video-preview:-1"},"canonical":"https:\/\/www.sonoraenequipo.com.mx\/concluye-congreso-de-sonora-foros-de-consulta-en-materia-de-inclusion-politica\/","og_locale":"es_ES","og_type":"article","og_title":"Sonora en Equipo. Concluye Congreso de Sonora foros de consulta en materia de inclusi\u00f3n pol\u00edtica Congreso","og_description":"NOGALES, SONORA, MX. \u0336 \u0336\u00a0 Con el compromiso de fortalecer el di\u00e1logo y la participaci\u00f3n en torno a la iniciativa de reforma que busca proteger el pleno En Sonora en Equipo publicamos toda la informaci\u00f3n de Sonora, M\u00e9xico y el Mundo de manera oportuna y busca que la libertad de expresi\u00f3n sea real. Visita nuestro medio informativo publicado desde Hermosillo, Sonora. %","og_url":"https:\/\/www.sonoraenequipo.com.mx\/concluye-congreso-de-sonora-foros-de-consulta-en-materia-de-inclusion-politica\/","og_site_name":"Sonora en Equipo.","article_publisher":"https:\/\/www.facebook.com\/SonoraEE\/","article_author":"https:\/\/www.facebook.com\/SonoraEE","article_published_time":"2025-11-28T23:25:02+00:00","og_image":[{"width":600,"height":400,"url":"https:\/\/www.sonoraenequipo.com.mx\/storage\/2025\/11\/foros-congreso.jpg","type":"image\/jpeg"}],"author":"enequipo","twitter_card":"summary_large_image","twitter_creator":"@sonoraenequipo","twitter_site":"@sonoraenequipo","twitter_misc":{"Escrito por":"enequipo","Tiempo de lectura":"2 minutos"},"schema":{"@context":"https:\/\/schema.org","@graph":[{"@type":"Article","@id":"https:\/\/www.sonoraenequipo.com.mx\/concluye-congreso-de-sonora-foros-de-consulta-en-materia-de-inclusion-politica\/#article","isPartOf":{"@id":"https:\/\/www.sonoraenequipo.com.mx\/concluye-congreso-de-sonora-foros-de-consulta-en-materia-de-inclusion-politica\/"},"author":{"name":"enequipo","@id":"https:\/\/www.sonoraenequipo.com.mx\/#\/schema\/person\/50102df0fb23a8fa9e8effad8fa81386"},"headline":"Concluye Congreso de Sonora foros de consulta en materia de inclusi\u00f3n pol\u00edtica","datePublished":"2025-11-28T23:25:02+00:00","mainEntityOfPage":{"@id":"https:\/\/www.sonoraenequipo.com.mx\/concluye-congreso-de-sonora-foros-de-consulta-en-materia-de-inclusion-politica\/"},"wordCount":385,"commentCount":0,"publisher":{"@id":"https:\/\/www.sonoraenequipo.com.mx\/#organization"},"image":{"@id":"https:\/\/www.sonoraenequipo.com.mx\/concluye-congreso-de-sonora-foros-de-consulta-en-materia-de-inclusion-politica\/#primaryimage"},"thumbnailUrl":"https:\/\/www.sonoraenequipo.com.mx\/storage\/2025\/11\/foros-congreso.jpg","keywords":["CONGRESO","foros","inclusion"],"articleSection":["Congreso"],"inLanguage":"es","potentialAction":[{"@type":"CommentAction","name":"Comment","target":["https:\/\/www.sonoraenequipo.com.mx\/concluye-congreso-de-sonora-foros-de-consulta-en-materia-de-inclusion-politica\/#respond"]}]},{"@type":"WebPage","@id":"https:\/\/www.sonoraenequipo.com.mx\/concluye-congreso-de-sonora-foros-de-consulta-en-materia-de-inclusion-politica\/","url":"https:\/\/www.sonoraenequipo.com.mx\/concluye-congreso-de-sonora-foros-de-consulta-en-materia-de-inclusion-politica\/","name":"Sonora en Equipo. Concluye Congreso de Sonora foros de consulta en materia de inclusi\u00f3n pol\u00edtica Congreso","isPartOf":{"@id":"https:\/\/www.sonoraenequipo.com.mx\/#website"},"primaryImageOfPage":{"@id":"https:\/\/www.sonoraenequipo.com.mx\/concluye-congreso-de-sonora-foros-de-consulta-en-materia-de-inclusion-politica\/#primaryimage"},"image":{"@id":"https:\/\/www.sonoraenequipo.com.mx\/concluye-congreso-de-sonora-foros-de-consulta-en-materia-de-inclusion-politica\/#primaryimage"},"thumbnailUrl":"https:\/\/www.sonoraenequipo.com.mx\/storage\/2025\/11\/foros-congreso.jpg","datePublished":"2025-11-28T23:25:02+00:00","description":"NOGALES, SONORA, MX. \u0336 \u0336\u00a0 Con el compromiso de fortalecer el di\u00e1logo y la participaci\u00f3n en torno a la iniciativa de reforma que busca proteger el pleno En Sonora en Equipo publicamos toda la informaci\u00f3n de Sonora, M\u00e9xico y el Mundo de manera oportuna y busca que la libertad de expresi\u00f3n sea real. Visita nuestro medio informativo publicado desde Hermosillo, Sonora. %","breadcrumb":{"@id":"https:\/\/www.sonoraenequipo.com.mx\/concluye-congreso-de-sonora-foros-de-consulta-en-materia-de-inclusion-politica\/#breadcrumb"},"inLanguage":"es","potentialAction":[{"@type":"ReadAction","target":["https:\/\/www.sonoraenequipo.com.mx\/concluye-congreso-de-sonora-foros-de-consulta-en-materia-de-inclusion-politica\/"]}]},{"@type":"ImageObject","inLanguage":"es","@id":"https:\/\/www.sonoraenequipo.com.mx\/concluye-congreso-de-sonora-foros-de-consulta-en-materia-de-inclusion-politica\/#primaryimage","url":"https:\/\/www.sonoraenequipo.com.mx\/storage\/2025\/11\/foros-congreso.jpg","contentUrl":"https:\/\/www.sonoraenequipo.com.mx\/storage\/2025\/11\/foros-congreso.jpg","width":600,"height":400},{"@type":"BreadcrumbList","@id":"https:\/\/www.sonoraenequipo.com.mx\/concluye-congreso-de-sonora-foros-de-consulta-en-materia-de-inclusion-politica\/#breadcrumb","itemListElement":[{"@type":"ListItem","position":1,"name":"Portada","item":"https:\/\/www.sonoraenequipo.com.mx\/"},{"@type":"ListItem","position":2,"name":"Concluye Congreso de Sonora foros de consulta en materia de inclusi\u00f3n pol\u00edtica"}]},{"@type":"WebSite","@id":"https:\/\/www.sonoraenequipo.com.mx\/#website","url":"https:\/\/www.sonoraenequipo.com.mx\/","name":"Sonora en Equipo.","description":"Diario en l\u00ednea con Noticias desde Hermosillo, Sonora","publisher":{"@id":"https:\/\/www.sonoraenequipo.com.mx\/#organization"},"potentialAction":[{"@type":"SearchAction","target":{"@type":"EntryPoint","urlTemplate":"https:\/\/www.sonoraenequipo.com.mx\/?s={search_term_string}"},"query-input":{"@type":"PropertyValueSpecification","valueRequired":true,"valueName":"search_term_string"}}],"inLanguage":"es"},{"@type":"Organization","@id":"https:\/\/www.sonoraenequipo.com.mx\/#organization","name":"Sonoraenequipo.com.mx","url":"https:\/\/www.sonoraenequipo.com.mx\/","logo":{"@type":"ImageObject","inLanguage":"es","@id":"https:\/\/www.sonoraenequipo.com.mx\/#\/schema\/logo\/image\/","url":"https:\/\/www.sonoraenequipo.com.mx\/storage\/2019\/01\/sonoraenequipo_opt.png","contentUrl":"https:\/\/www.sonoraenequipo.com.mx\/storage\/2019\/01\/sonoraenequipo_opt.png","width":375,"height":125,"caption":"Sonoraenequipo.com.mx"},"image":{"@id":"https:\/\/www.sonoraenequipo.com.mx\/#\/schema\/logo\/image\/"},"sameAs":["https:\/\/www.facebook.com\/SonoraEE\/","https:\/\/x.com\/sonoraenequipo","https:\/\/www.youtube.com\/channel\/UC338nW-lPEYmJQs4ZABQ1SQ"]},{"@type":"Person","@id":"https:\/\/www.sonoraenequipo.com.mx\/#\/schema\/person\/50102df0fb23a8fa9e8effad8fa81386","name":"enequipo","image":{"@type":"ImageObject","inLanguage":"es","@id":"https:\/\/www.sonoraenequipo.com.mx\/#\/schema\/person\/image\/","url":"https:\/\/secure.gravatar.com\/avatar\/049821681b589dabc0bc20695993ccebb09f5b5d4d790cd9251b97faac7c652b?s=96&d=blank&r=g","contentUrl":"https:\/\/secure.gravatar.com\/avatar\/049821681b589dabc0bc20695993ccebb09f5b5d4d790cd9251b97faac7c652b?s=96&d=blank&r=g","caption":"enequipo"},"sameAs":["https:\/\/www.facebook.com\/SonoraEE"]}]}},"jetpack_featured_media_url":"https:\/\/www.sonoraenequipo.com.mx\/storage\/2025\/11\/foros-congreso.jpg","_links":{"self":[{"href":"https:\/\/www.sonoraenequipo.com.mx\/api\/wp\/v2\/posts\/229715","targetHints":{"allow":["GET"]}}],"collection":[{"href":"https:\/\/www.sonoraenequipo.com.mx\/api\/wp\/v2\/posts"}],"about":[{"href":"https:\/\/www.sonoraenequipo.com.mx\/api\/wp\/v2\/types\/post"}],"author":[{"embeddable":true,"href":"https:\/\/www.sonoraenequipo.com.mx\/api\/wp\/v2\/users\/1"}],"replies":[{"embeddable":true,"href":"https:\/\/www.sonoraenequipo.com.mx\/api\/wp\/v2\/comments?post=229715"}],"version-history":[{"count":1,"href":"https:\/\/www.sonoraenequipo.com.mx\/api\/wp\/v2\/posts\/229715\/revisions"}],"predecessor-version":[{"id":229717,"href":"https:\/\/www.sonoraenequipo.com.mx\/api\/wp\/v2\/posts\/229715\/revisions\/229717"}],"wp:featuredmedia":[{"embeddable":true,"href":"https:\/\/www.sonoraenequipo.com.mx\/api\/wp\/v2\/media\/229716"}],"wp:attachment":[{"href":"https:\/\/www.sonoraenequipo.com.mx\/api\/wp\/v2\/media?parent=229715"}],"wp:term":[{"taxonomy":"category","embeddable":true,"href":"https:\/\/www.sonoraenequipo.com.mx\/api\/wp\/v2\/categories?post=229715"},{"taxonomy":"post_tag","embeddable":true,"href":"https:\/\/www.sonoraenequipo.com.mx\/api\/wp\/v2\/tags?post=229715"}],"curies":[{"name":"wp","href":"https:\/\/api.w.org\/{rel}","templated":true}]}}