{"id":229724,"date":"2025-11-29T12:49:30","date_gmt":"2025-11-29T19:49:30","guid":{"rendered":"https:\/\/www.sonoraenequipo.com.mx\/?p=229724"},"modified":"2025-11-29T12:49:30","modified_gmt":"2025-11-29T19:49:30","slug":"hermosillo-comuna-emplea-a-100-hermosillenses-para-operativos-de-limpieza-en-la-ciudad","status":"publish","type":"post","link":"https:\/\/www.sonoraenequipo.com.mx\/hermosillo-comuna-emplea-a-100-hermosillenses-para-operativos-de-limpieza-en-la-ciudad\/","title":{"rendered":"Hermosillo. Comuna emplea a 100 hermosillenses para operativos de limpieza en la ciudad"},"content":{"rendered":"<p><strong>HERMOSILLO, SONORA, MX.<\/strong> \u2014 \u201cYo solamente vengo a decirles, gracias, muchas gracias, por hacer de nuestra ciudad una ciudad m\u00e1s limpia de la que todos nos podamos sentir muy orgullosos\u201d, expres\u00f3 Antonio Astiazar\u00e1n Guti\u00e9rrez al personal de Servicios P\u00fablicos Municipales y las 100 personas que estar\u00e1n colaborando en operativos de limpieza en espacios p\u00fablicos de Hermosillo.<\/p>\n<p>&nbsp;<\/p>\n<p>&nbsp;<\/p>\n<p>&nbsp;<\/p>\n<p>El Presidente Municipal acompa\u00f1\u00f3 el primero de los despliegues de limpieza de alto impacto, que tuvo lugar bulevar Carlos Quintero Arce, entre Serna y Paseo R\u00edo Sonora, donde ofreci\u00f3 un testimonio de agradecimiento al personal operativo participante, que incluy\u00f3 a empleados de Parques y Jardines y Sanidad y Limpia de Servicios P\u00fablicos Municipales.<\/p>\n<p>&nbsp;<\/p>\n<p>&nbsp;<\/p>\n<p>&nbsp;<\/p>\n<p>De manera especial reconoci\u00f3 el apoyo en estos despliegues de quienes colaboran a trav\u00e9s del Programa de Empleo Temporal.<\/p>\n<p>&nbsp;<\/p>\n<p>&nbsp;<\/p>\n<p>&nbsp;<\/p>\n<p>Las jornadas de limpieza continuar\u00e1n por 3 semanas en 15 camellones y espacios p\u00fablicos de diferentes zonas de la ciudad, utilizando tanto utensilios manuales como minicargadores, dompes y pipas de Servicios P\u00fablicos Municipales, se explic\u00f3.<\/p>\n<p>&nbsp;<\/p>\n<p>&nbsp;<\/p>\n<p>&nbsp;<\/p>\n<p>To\u00f1o Astiazar\u00e1n acudi\u00f3 a este encuentro acompa\u00f1ado por Sergio Pavlovich Escalante, director de Servicios P\u00fablicos Municipales; Daniel Garc\u00eda, director de Participaci\u00f3n Ciudadana; Amparo Fontanot, directora de Parques y Jardines y Ram\u00f3n Corral Aguirre, Oficial Mayor del Ayuntamiento.<\/p>\n<p><strong>Fecha de publicaci\u00f3n\u00a0 s\u00e1bado 29 de noviembre de 2025<\/strong><\/p>\n","protected":false},"excerpt":{"rendered":"<p>HERMOSILLO, SONORA, MX. \u2014 \u201cYo solamente vengo a decirles, gracias, muchas gracias, por hacer de&#8230;<\/p>\n","protected":false},"author":1,"featured_media":229725,"comment_status":"open","ping_status":"open","sticky":false,"template":"","format":"standard","meta":{"_monsterinsights_skip_tracking":false,"_monsterinsights_sitenote_active":false,"_monsterinsights_sitenote_note":"","_monsterinsights_sitenote_category":0,"footnotes":""},"categories":[4],"tags":[339,35,5348],"class_list":["post"],"yoast_head":" \n<title>Sonora en Equipo. Hermosillo. Comuna emplea a 100 hermosillenses para operativos de limpieza en la ciudad Municipios<\/title>\n<meta name=\"description\" content=\"HERMOSILLO, SONORA, MX. \u2014 \u201cYo solamente vengo a decirles, gracias, muchas gracias, por hacer de nuestra ciudad una ciudad m\u00e1s limpia de la que todos nos En Sonora en Equipo publicamos toda la informaci\u00f3n de Sonora, M\u00e9xico y el Mundo de manera oportuna y busca que la libertad de expresi\u00f3n sea real. Visita nuestro medio informativo publicado desde Hermosillo, Sonora. %\" \/>\n<meta name=\"robots\" content=\"index, follow, max-snippet:-1, max-image-preview:large, max-video-preview:-1\" \/>\n<link rel=\"canonical\" href=\"https:\/\/www.sonoraenequipo.com.mx\/hermosillo-comuna-emplea-a-100-hermosillenses-para-operativos-de-limpieza-en-la-ciudad\/\" \/>\n<meta property=\"og:locale\" content=\"es_ES\" \/>\n<meta property=\"og:type\" content=\"article\" \/>\n<meta property=\"og:title\" content=\"Sonora en Equipo. Hermosillo. Comuna emplea a 100 hermosillenses para operativos de limpieza en la ciudad Municipios\" \/>\n<meta property=\"og:description\" content=\"HERMOSILLO, SONORA, MX. \u2014 \u201cYo solamente vengo a decirles, gracias, muchas gracias, por hacer de nuestra ciudad una ciudad m\u00e1s limpia de la que todos nos En Sonora en Equipo publicamos toda la informaci\u00f3n de Sonora, M\u00e9xico y el Mundo de manera oportuna y busca que la libertad de expresi\u00f3n sea real. Visita nuestro medio informativo publicado desde Hermosillo, Sonora. %\" \/>\n<meta property=\"og:url\" content=\"https:\/\/www.sonoraenequipo.com.mx\/hermosillo-comuna-emplea-a-100-hermosillenses-para-operativos-de-limpieza-en-la-ciudad\/\" \/>\n<meta property=\"og:site_name\" content=\"Sonora en Equipo.\" \/>\n<meta property=\"article:publisher\" content=\"https:\/\/www.facebook.com\/SonoraEE\/\" \/>\n<meta property=\"article:author\" content=\"https:\/\/www.facebook.com\/SonoraEE\" \/>\n<meta property=\"article:published_time\" content=\"2025-11-29T19:49:30+00:00\" \/>\n<meta property=\"og:image\" content=\"https:\/\/www.sonoraenequipo.com.mx\/storage\/2025\/11\/limpiadores.jpg\" \/>\n\t<meta property=\"og:image:width\" content=\"600\" \/>\n\t<meta property=\"og:image:height\" content=\"400\" \/>\n\t<meta property=\"og:image:type\" content=\"image\/jpeg\" \/>\n<meta name=\"author\" content=\"enequipo\" \/>\n<meta name=\"twitter:card\" content=\"summary_large_image\" \/>\n<meta name=\"twitter:creator\" content=\"@sonoraenequipo\" \/>\n<meta name=\"twitter:site\" content=\"@sonoraenequipo\" \/>\n<meta name=\"twitter:label1\" content=\"Escrito por\" \/>\n\t<meta name=\"twitter:data1\" content=\"enequipo\" \/>\n\t<meta name=\"twitter:label2\" content=\"Tiempo de lectura\" \/>\n\t<meta name=\"twitter:data2\" content=\"1 minuto\" \/>\n<script type=\"application\/ld+json\" class=\"yoast-schema-graph\">{\"@context\":\"https:\/\/schema.org\",\"@graph\":[{\"@type\":\"Article\",\"@id\":\"https:\/\/www.sonoraenequipo.com.mx\/hermosillo-comuna-emplea-a-100-hermosillenses-para-operativos-de-limpieza-en-la-ciudad\/#article\",\"isPartOf\":{\"@id\":\"https:\/\/www.sonoraenequipo.com.mx\/hermosillo-comuna-emplea-a-100-hermosillenses-para-operativos-de-limpieza-en-la-ciudad\/\"},\"author\":{\"name\":\"enequipo\",\"@id\":\"https:\/\/www.sonoraenequipo.com.mx\/#\/schema\/person\/50102df0fb23a8fa9e8effad8fa81386\"},\"headline\":\"Hermosillo. Comuna emplea a 100 hermosillenses para operativos de limpieza en la ciudad\",\"datePublished\":\"2025-11-29T19:49:30+00:00\",\"mainEntityOfPage\":{\"@id\":\"https:\/\/www.sonoraenequipo.com.mx\/hermosillo-comuna-emplea-a-100-hermosillenses-para-operativos-de-limpieza-en-la-ciudad\/\"},\"wordCount\":248,\"commentCount\":0,\"publisher\":{\"@id\":\"https:\/\/www.sonoraenequipo.com.mx\/#organization\"},\"image\":{\"@id\":\"https:\/\/www.sonoraenequipo.com.mx\/hermosillo-comuna-emplea-a-100-hermosillenses-para-operativos-de-limpieza-en-la-ciudad\/#primaryimage\"},\"thumbnailUrl\":\"https:\/\/www.sonoraenequipo.com.mx\/storage\/2025\/11\/limpiadores.jpg\",\"keywords\":[\"Ciudad\",\"hermosillo\",\"LIMPIEZA\"],\"articleSection\":[\"Municipios\"],\"inLanguage\":\"es\",\"potentialAction\":[{\"@type\":\"CommentAction\",\"name\":\"Comment\",\"target\":[\"https:\/\/www.sonoraenequipo.com.mx\/hermosillo-comuna-emplea-a-100-hermosillenses-para-operativos-de-limpieza-en-la-ciudad\/#respond\"]}]},{\"@type\":\"WebPage\",\"@id\":\"https:\/\/www.sonoraenequipo.com.mx\/hermosillo-comuna-emplea-a-100-hermosillenses-para-operativos-de-limpieza-en-la-ciudad\/\",\"url\":\"https:\/\/www.sonoraenequipo.com.mx\/hermosillo-comuna-emplea-a-100-hermosillenses-para-operativos-de-limpieza-en-la-ciudad\/\",\"name\":\"Sonora en Equipo. Hermosillo. Comuna emplea a 100 hermosillenses para operativos de limpieza en la ciudad Municipios\",\"isPartOf\":{\"@id\":\"https:\/\/www.sonoraenequipo.com.mx\/#website\"},\"primaryImageOfPage\":{\"@id\":\"https:\/\/www.sonoraenequipo.com.mx\/hermosillo-comuna-emplea-a-100-hermosillenses-para-operativos-de-limpieza-en-la-ciudad\/#primaryimage\"},\"image\":{\"@id\":\"https:\/\/www.sonoraenequipo.com.mx\/hermosillo-comuna-emplea-a-100-hermosillenses-para-operativos-de-limpieza-en-la-ciudad\/#primaryimage\"},\"thumbnailUrl\":\"https:\/\/www.sonoraenequipo.com.mx\/storage\/2025\/11\/limpiadores.jpg\",\"datePublished\":\"2025-11-29T19:49:30+00:00\",\"description\":\"HERMOSILLO, SONORA, MX. \u2014 \u201cYo solamente vengo a decirles, gracias, muchas gracias, por hacer de nuestra ciudad una ciudad m\u00e1s limpia de la que todos nos En Sonora en Equipo publicamos toda la informaci\u00f3n de Sonora, M\u00e9xico y el Mundo de manera oportuna y busca que la libertad de expresi\u00f3n sea real. Visita nuestro medio informativo publicado desde Hermosillo, Sonora. %\",\"breadcrumb\":{\"@id\":\"https:\/\/www.sonoraenequipo.com.mx\/hermosillo-comuna-emplea-a-100-hermosillenses-para-operativos-de-limpieza-en-la-ciudad\/#breadcrumb\"},\"inLanguage\":\"es\",\"potentialAction\":[{\"@type\":\"ReadAction\",\"target\":[\"https:\/\/www.sonoraenequipo.com.mx\/hermosillo-comuna-emplea-a-100-hermosillenses-para-operativos-de-limpieza-en-la-ciudad\/\"]}]},{\"@type\":\"ImageObject\",\"inLanguage\":\"es\",\"@id\":\"https:\/\/www.sonoraenequipo.com.mx\/hermosillo-comuna-emplea-a-100-hermosillenses-para-operativos-de-limpieza-en-la-ciudad\/#primaryimage\",\"url\":\"https:\/\/www.sonoraenequipo.com.mx\/storage\/2025\/11\/limpiadores.jpg\",\"contentUrl\":\"https:\/\/www.sonoraenequipo.com.mx\/storage\/2025\/11\/limpiadores.jpg\",\"width\":600,\"height\":400},{\"@type\":\"BreadcrumbList\",\"@id\":\"https:\/\/www.sonoraenequipo.com.mx\/hermosillo-comuna-emplea-a-100-hermosillenses-para-operativos-de-limpieza-en-la-ciudad\/#breadcrumb\",\"itemListElement\":[{\"@type\":\"ListItem\",\"position\":1,\"name\":\"Portada\",\"item\":\"https:\/\/www.sonoraenequipo.com.mx\/\"},{\"@type\":\"ListItem\",\"position\":2,\"name\":\"Hermosillo. Comuna emplea a 100 hermosillenses para operativos de limpieza en la ciudad\"}]},{\"@type\":\"WebSite\",\"@id\":\"https:\/\/www.sonoraenequipo.com.mx\/#website\",\"url\":\"https:\/\/www.sonoraenequipo.com.mx\/\",\"name\":\"Sonora en Equipo.\",\"description\":\"Diario en l\u00ednea con Noticias desde Hermosillo, Sonora\",\"publisher\":{\"@id\":\"https:\/\/www.sonoraenequipo.com.mx\/#organization\"},\"potentialAction\":[{\"@type\":\"SearchAction\",\"target\":{\"@type\":\"EntryPoint\",\"urlTemplate\":\"https:\/\/www.sonoraenequipo.com.mx\/?s={search_term_string}\"},\"query-input\":{\"@type\":\"PropertyValueSpecification\",\"valueRequired\":true,\"valueName\":\"search_term_string\"}}],\"inLanguage\":\"es\"},{\"@type\":\"Organization\",\"@id\":\"https:\/\/www.sonoraenequipo.com.mx\/#organization\",\"name\":\"Sonoraenequipo.com.mx\",\"url\":\"https:\/\/www.sonoraenequipo.com.mx\/\",\"logo\":{\"@type\":\"ImageObject\",\"inLanguage\":\"es\",\"@id\":\"https:\/\/www.sonoraenequipo.com.mx\/#\/schema\/logo\/image\/\",\"url\":\"https:\/\/www.sonoraenequipo.com.mx\/storage\/2019\/01\/sonoraenequipo_opt.png\",\"contentUrl\":\"https:\/\/www.sonoraenequipo.com.mx\/storage\/2019\/01\/sonoraenequipo_opt.png\",\"width\":375,\"height\":125,\"caption\":\"Sonoraenequipo.com.mx\"},\"image\":{\"@id\":\"https:\/\/www.sonoraenequipo.com.mx\/#\/schema\/logo\/image\/\"},\"sameAs\":[\"https:\/\/www.facebook.com\/SonoraEE\/\",\"https:\/\/x.com\/sonoraenequipo\",\"https:\/\/www.youtube.com\/channel\/UC338nW-lPEYmJQs4ZABQ1SQ\"]},{\"@type\":\"Person\",\"@id\":\"https:\/\/www.sonoraenequipo.com.mx\/#\/schema\/person\/50102df0fb23a8fa9e8effad8fa81386\",\"name\":\"enequipo\",\"image\":{\"@type\":\"ImageObject\",\"inLanguage\":\"es\",\"@id\":\"https:\/\/www.sonoraenequipo.com.mx\/#\/schema\/person\/image\/\",\"url\":\"https:\/\/secure.gravatar.com\/avatar\/049821681b589dabc0bc20695993ccebb09f5b5d4d790cd9251b97faac7c652b?s=96&d=blank&r=g\",\"contentUrl\":\"https:\/\/secure.gravatar.com\/avatar\/049821681b589dabc0bc20695993ccebb09f5b5d4d790cd9251b97faac7c652b?s=96&d=blank&r=g\",\"caption\":\"enequipo\"},\"sameAs\":[\"https:\/\/www.facebook.com\/SonoraEE\"]}]}<\/script>\n ","yoast_head_json":{"title":"Sonora en Equipo. Hermosillo. Comuna emplea a 100 hermosillenses para operativos de limpieza en la ciudad Municipios","description":"HERMOSILLO, SONORA, MX. \u2014 \u201cYo solamente vengo a decirles, gracias, muchas gracias, por hacer de nuestra ciudad una ciudad m\u00e1s limpia de la que todos nos En Sonora en Equipo publicamos toda la informaci\u00f3n de Sonora, M\u00e9xico y el Mundo de manera oportuna y busca que la libertad de expresi\u00f3n sea real. Visita nuestro medio informativo publicado desde Hermosillo, Sonora. %","robots":{"index":"index","follow":"follow","max-snippet":"max-snippet:-1","max-image-preview":"max-image-preview:large","max-video-preview":"max-video-preview:-1"},"canonical":"https:\/\/www.sonoraenequipo.com.mx\/hermosillo-comuna-emplea-a-100-hermosillenses-para-operativos-de-limpieza-en-la-ciudad\/","og_locale":"es_ES","og_type":"article","og_title":"Sonora en Equipo. Hermosillo. Comuna emplea a 100 hermosillenses para operativos de limpieza en la ciudad Municipios","og_description":"HERMOSILLO, SONORA, MX. \u2014 \u201cYo solamente vengo a decirles, gracias, muchas gracias, por hacer de nuestra ciudad una ciudad m\u00e1s limpia de la que todos nos En Sonora en Equipo publicamos toda la informaci\u00f3n de Sonora, M\u00e9xico y el Mundo de manera oportuna y busca que la libertad de expresi\u00f3n sea real. Visita nuestro medio informativo publicado desde Hermosillo, Sonora. %","og_url":"https:\/\/www.sonoraenequipo.com.mx\/hermosillo-comuna-emplea-a-100-hermosillenses-para-operativos-de-limpieza-en-la-ciudad\/","og_site_name":"Sonora en Equipo.","article_publisher":"https:\/\/www.facebook.com\/SonoraEE\/","article_author":"https:\/\/www.facebook.com\/SonoraEE","article_published_time":"2025-11-29T19:49:30+00:00","og_image":[{"width":600,"height":400,"url":"https:\/\/www.sonoraenequipo.com.mx\/storage\/2025\/11\/limpiadores.jpg","type":"image\/jpeg"}],"author":"enequipo","twitter_card":"summary_large_image","twitter_creator":"@sonoraenequipo","twitter_site":"@sonoraenequipo","twitter_misc":{"Escrito por":"enequipo","Tiempo de lectura":"1 minuto"},"schema":{"@context":"https:\/\/schema.org","@graph":[{"@type":"Article","@id":"https:\/\/www.sonoraenequipo.com.mx\/hermosillo-comuna-emplea-a-100-hermosillenses-para-operativos-de-limpieza-en-la-ciudad\/#article","isPartOf":{"@id":"https:\/\/www.sonoraenequipo.com.mx\/hermosillo-comuna-emplea-a-100-hermosillenses-para-operativos-de-limpieza-en-la-ciudad\/"},"author":{"name":"enequipo","@id":"https:\/\/www.sonoraenequipo.com.mx\/#\/schema\/person\/50102df0fb23a8fa9e8effad8fa81386"},"headline":"Hermosillo. Comuna emplea a 100 hermosillenses para operativos de limpieza en la ciudad","datePublished":"2025-11-29T19:49:30+00:00","mainEntityOfPage":{"@id":"https:\/\/www.sonoraenequipo.com.mx\/hermosillo-comuna-emplea-a-100-hermosillenses-para-operativos-de-limpieza-en-la-ciudad\/"},"wordCount":248,"commentCount":0,"publisher":{"@id":"https:\/\/www.sonoraenequipo.com.mx\/#organization"},"image":{"@id":"https:\/\/www.sonoraenequipo.com.mx\/hermosillo-comuna-emplea-a-100-hermosillenses-para-operativos-de-limpieza-en-la-ciudad\/#primaryimage"},"thumbnailUrl":"https:\/\/www.sonoraenequipo.com.mx\/storage\/2025\/11\/limpiadores.jpg","keywords":["Ciudad","hermosillo","LIMPIEZA"],"articleSection":["Municipios"],"inLanguage":"es","potentialAction":[{"@type":"CommentAction","name":"Comment","target":["https:\/\/www.sonoraenequipo.com.mx\/hermosillo-comuna-emplea-a-100-hermosillenses-para-operativos-de-limpieza-en-la-ciudad\/#respond"]}]},{"@type":"WebPage","@id":"https:\/\/www.sonoraenequipo.com.mx\/hermosillo-comuna-emplea-a-100-hermosillenses-para-operativos-de-limpieza-en-la-ciudad\/","url":"https:\/\/www.sonoraenequipo.com.mx\/hermosillo-comuna-emplea-a-100-hermosillenses-para-operativos-de-limpieza-en-la-ciudad\/","name":"Sonora en Equipo. Hermosillo. Comuna emplea a 100 hermosillenses para operativos de limpieza en la ciudad Municipios","isPartOf":{"@id":"https:\/\/www.sonoraenequipo.com.mx\/#website"},"primaryImageOfPage":{"@id":"https:\/\/www.sonoraenequipo.com.mx\/hermosillo-comuna-emplea-a-100-hermosillenses-para-operativos-de-limpieza-en-la-ciudad\/#primaryimage"},"image":{"@id":"https:\/\/www.sonoraenequipo.com.mx\/hermosillo-comuna-emplea-a-100-hermosillenses-para-operativos-de-limpieza-en-la-ciudad\/#primaryimage"},"thumbnailUrl":"https:\/\/www.sonoraenequipo.com.mx\/storage\/2025\/11\/limpiadores.jpg","datePublished":"2025-11-29T19:49:30+00:00","description":"HERMOSILLO, SONORA, MX. \u2014 \u201cYo solamente vengo a decirles, gracias, muchas gracias, por hacer de nuestra ciudad una ciudad m\u00e1s limpia de la que todos nos En Sonora en Equipo publicamos toda la informaci\u00f3n de Sonora, M\u00e9xico y el Mundo de manera oportuna y busca que la libertad de expresi\u00f3n sea real. Visita nuestro medio informativo publicado desde Hermosillo, Sonora. %","breadcrumb":{"@id":"https:\/\/www.sonoraenequipo.com.mx\/hermosillo-comuna-emplea-a-100-hermosillenses-para-operativos-de-limpieza-en-la-ciudad\/#breadcrumb"},"inLanguage":"es","potentialAction":[{"@type":"ReadAction","target":["https:\/\/www.sonoraenequipo.com.mx\/hermosillo-comuna-emplea-a-100-hermosillenses-para-operativos-de-limpieza-en-la-ciudad\/"]}]},{"@type":"ImageObject","inLanguage":"es","@id":"https:\/\/www.sonoraenequipo.com.mx\/hermosillo-comuna-emplea-a-100-hermosillenses-para-operativos-de-limpieza-en-la-ciudad\/#primaryimage","url":"https:\/\/www.sonoraenequipo.com.mx\/storage\/2025\/11\/limpiadores.jpg","contentUrl":"https:\/\/www.sonoraenequipo.com.mx\/storage\/2025\/11\/limpiadores.jpg","width":600,"height":400},{"@type":"BreadcrumbList","@id":"https:\/\/www.sonoraenequipo.com.mx\/hermosillo-comuna-emplea-a-100-hermosillenses-para-operativos-de-limpieza-en-la-ciudad\/#breadcrumb","itemListElement":[{"@type":"ListItem","position":1,"name":"Portada","item":"https:\/\/www.sonoraenequipo.com.mx\/"},{"@type":"ListItem","position":2,"name":"Hermosillo. Comuna emplea a 100 hermosillenses para operativos de limpieza en la ciudad"}]},{"@type":"WebSite","@id":"https:\/\/www.sonoraenequipo.com.mx\/#website","url":"https:\/\/www.sonoraenequipo.com.mx\/","name":"Sonora en Equipo.","description":"Diario en l\u00ednea con Noticias desde Hermosillo, Sonora","publisher":{"@id":"https:\/\/www.sonoraenequipo.com.mx\/#organization"},"potentialAction":[{"@type":"SearchAction","target":{"@type":"EntryPoint","urlTemplate":"https:\/\/www.sonoraenequipo.com.mx\/?s={search_term_string}"},"query-input":{"@type":"PropertyValueSpecification","valueRequired":true,"valueName":"search_term_string"}}],"inLanguage":"es"},{"@type":"Organization","@id":"https:\/\/www.sonoraenequipo.com.mx\/#organization","name":"Sonoraenequipo.com.mx","url":"https:\/\/www.sonoraenequipo.com.mx\/","logo":{"@type":"ImageObject","inLanguage":"es","@id":"https:\/\/www.sonoraenequipo.com.mx\/#\/schema\/logo\/image\/","url":"https:\/\/www.sonoraenequipo.com.mx\/storage\/2019\/01\/sonoraenequipo_opt.png","contentUrl":"https:\/\/www.sonoraenequipo.com.mx\/storage\/2019\/01\/sonoraenequipo_opt.png","width":375,"height":125,"caption":"Sonoraenequipo.com.mx"},"image":{"@id":"https:\/\/www.sonoraenequipo.com.mx\/#\/schema\/logo\/image\/"},"sameAs":["https:\/\/www.facebook.com\/SonoraEE\/","https:\/\/x.com\/sonoraenequipo","https:\/\/www.youtube.com\/channel\/UC338nW-lPEYmJQs4ZABQ1SQ"]},{"@type":"Person","@id":"https:\/\/www.sonoraenequipo.com.mx\/#\/schema\/person\/50102df0fb23a8fa9e8effad8fa81386","name":"enequipo","image":{"@type":"ImageObject","inLanguage":"es","@id":"https:\/\/www.sonoraenequipo.com.mx\/#\/schema\/person\/image\/","url":"https:\/\/secure.gravatar.com\/avatar\/049821681b589dabc0bc20695993ccebb09f5b5d4d790cd9251b97faac7c652b?s=96&d=blank&r=g","contentUrl":"https:\/\/secure.gravatar.com\/avatar\/049821681b589dabc0bc20695993ccebb09f5b5d4d790cd9251b97faac7c652b?s=96&d=blank&r=g","caption":"enequipo"},"sameAs":["https:\/\/www.facebook.com\/SonoraEE"]}]}},"jetpack_featured_media_url":"https:\/\/www.sonoraenequipo.com.mx\/storage\/2025\/11\/limpiadores.jpg","_links":{"self":[{"href":"https:\/\/www.sonoraenequipo.com.mx\/api\/wp\/v2\/posts\/229724","targetHints":{"allow":["GET"]}}],"collection":[{"href":"https:\/\/www.sonoraenequipo.com.mx\/api\/wp\/v2\/posts"}],"about":[{"href":"https:\/\/www.sonoraenequipo.com.mx\/api\/wp\/v2\/types\/post"}],"author":[{"embeddable":true,"href":"https:\/\/www.sonoraenequipo.com.mx\/api\/wp\/v2\/users\/1"}],"replies":[{"embeddable":true,"href":"https:\/\/www.sonoraenequipo.com.mx\/api\/wp\/v2\/comments?post=229724"}],"version-history":[{"count":1,"href":"https:\/\/www.sonoraenequipo.com.mx\/api\/wp\/v2\/posts\/229724\/revisions"}],"predecessor-version":[{"id":229726,"href":"https:\/\/www.sonoraenequipo.com.mx\/api\/wp\/v2\/posts\/229724\/revisions\/229726"}],"wp:featuredmedia":[{"embeddable":true,"href":"https:\/\/www.sonoraenequipo.com.mx\/api\/wp\/v2\/media\/229725"}],"wp:attachment":[{"href":"https:\/\/www.sonoraenequipo.com.mx\/api\/wp\/v2\/media?parent=229724"}],"wp:term":[{"taxonomy":"category","embeddable":true,"href":"https:\/\/www.sonoraenequipo.com.mx\/api\/wp\/v2\/categories?post=229724"},{"taxonomy":"post_tag","embeddable":true,"href":"https:\/\/www.sonoraenequipo.com.mx\/api\/wp\/v2\/tags?post=229724"}],"curies":[{"name":"wp","href":"https:\/\/api.w.org\/{rel}","templated":true}]}}