{"id":229727,"date":"2025-11-29T13:02:43","date_gmt":"2025-11-29T20:02:43","guid":{"rendered":"https:\/\/www.sonoraenequipo.com.mx\/?p=229727"},"modified":"2025-11-29T13:02:43","modified_gmt":"2025-11-29T20:02:43","slug":"ucrania-confirma-ataque-a-dos-petroleros-rusos-en-el-mar-negro","status":"publish","type":"post","link":"https:\/\/www.sonoraenequipo.com.mx\/ucrania-confirma-ataque-a-dos-petroleros-rusos-en-el-mar-negro\/","title":{"rendered":"Ucrania confirma ataque a dos petroleros rusos en el mar Negro"},"content":{"rendered":"<p>Ucrania reivindic\u00f3 este s\u00e1bado (29.11.2025) el ataque exitoso contra dos barcos de la flota fantasma rusa en el mar Negro, de acuerdo con informaci\u00f3n proporcionada por la agencia ucraniana Ukrinform, que cit\u00f3 a una fuente del Servicio de Seguridad de Ucrania (SBU). El ataque se produjo con drones navales modelo &#8216;Sea Baby&#8217;, y la operaci\u00f3n estuvo a cargo del SBU y la Marina.<\/p>\n<p>&nbsp;<\/p>\n<p>La informaci\u00f3n se conoce despu\u00e9s de que el Gobierno de Turqu\u00eda indicara que el petrolero Virat, con bandera de Gambia, fue atacado en el mar Negro la noche del viernes y de que otro, el Kairos, sufriera un incendio en la misma jornada por un \u00abfactor externo\u00bb. El gobierno turco no inform\u00f3 de heridos, aunque dijo que la tripulaci\u00f3n del Kairos fue evacuada.<\/p>\n<p>&nbsp;<\/p>\n<p>Seg\u00fan Ukrinform, los dos barcos atacados no llevaban carga de hidrocarburos y se dirig\u00edan a la ciudad costera rusa de Novorosiisk, a unos 200 kil\u00f3metros al este de la pen\u00ednsula de Crimea, territorio ucraniano anexionado ilegalmente por Rusia en 2014.\u00a0 \u00abEl SBU sigue tomando medidas activas para reducir la capacidad financiera de Rusia para librar la guerra contra Ucrania\u00bb, se\u00f1al\u00f3 la fuente del SBU.<\/p>\n<p>&nbsp;<\/p>\n<p><strong>Terminal petrolera golpeada<\/strong><\/p>\n<p>Se llama \u00abflota fantasma\u00bb rusa al conjunto de embarcaciones que usa Mosc\u00fa para evitar las sanciones internacionales que pesan contra Rusia por la invasi\u00f3n contra Ucrania, una guerra de agresi\u00f3n que cumplir\u00e1, de no detenerse, cuatro a\u00f1os el pr\u00f3ximo mes de febrero. El &#8216;Sea Baby&#8217; es un dron de superficie submarina creado por el SBU que, desde 2022, ha evolucionado con diferentes modelos.<\/p>\n<p>&nbsp;<\/p>\n<p>En la misma jornada, drones navales atacaron tambi\u00e9n una importante terminal petrolera en el puerto ruso de Novorosiisk, en el sur del pa\u00eds y a orillas del mar Negro. El Consorcio del Oleoducto del Caspio (CPC), el propietario de la terminal que incluye grupos estadounidenses como Chevron y ExxonMobil, denunci\u00f3 la acci\u00f3n como \u00abun ataque terrorista\u00bb.<\/p>\n<p>&nbsp;<\/p>\n<p>A consecuencia del ataque, uno de los puntos de amarre de la terminal qued\u00f3 inoperativo y la empresa anunci\u00f3 que las cargas se reanudar\u00e1n \u00abuna vez las amenazas de drones se levanten\u00bb. Ucrania no hizo comentarios ni reivindic\u00f3 esta acci\u00f3n.<\/p>\n<p><strong>Fecha de publicaci\u00f3n\u00a0 s\u00e1bado 29 de noviembre de 2025\/DW<\/strong><\/p>\n","protected":false},"excerpt":{"rendered":"<p>Ucrania reivindic\u00f3 este s\u00e1bado (29.11.2025) el ataque exitoso contra dos barcos de la flota fantasma&#8230;<\/p>\n","protected":false},"author":1,"featured_media":229728,"comment_status":"open","ping_status":"open","sticky":false,"template":"","format":"standard","meta":{"_monsterinsights_skip_tracking":false,"_monsterinsights_sitenote_active":false,"_monsterinsights_sitenote_note":"","_monsterinsights_sitenote_category":0,"footnotes":""},"categories":[3],"tags":[144,141,3008],"class_list":["post"],"yoast_head":" \n<title>Sonora en Equipo. Ucrania confirma ataque a dos petroleros rusos en el mar Negro MUNDO<\/title>\n<meta name=\"description\" content=\"Ucrania reivindic\u00f3 este s\u00e1bado (29.11.2025) el ataque exitoso contra dos barcos de la flota fantasma rusa en el mar Negro, de acuerdo con informaci\u00f3n En Sonora en Equipo publicamos toda la informaci\u00f3n de Sonora, M\u00e9xico y el Mundo de manera oportuna y busca que la libertad de expresi\u00f3n sea real. Visita nuestro medio informativo publicado desde Hermosillo, Sonora. %\" \/>\n<meta name=\"robots\" content=\"index, follow, max-snippet:-1, max-image-preview:large, max-video-preview:-1\" \/>\n<link rel=\"canonical\" href=\"https:\/\/www.sonoraenequipo.com.mx\/ucrania-confirma-ataque-a-dos-petroleros-rusos-en-el-mar-negro\/\" \/>\n<meta property=\"og:locale\" content=\"es_ES\" \/>\n<meta property=\"og:type\" content=\"article\" \/>\n<meta property=\"og:title\" content=\"Sonora en Equipo. Ucrania confirma ataque a dos petroleros rusos en el mar Negro MUNDO\" \/>\n<meta property=\"og:description\" content=\"Ucrania reivindic\u00f3 este s\u00e1bado (29.11.2025) el ataque exitoso contra dos barcos de la flota fantasma rusa en el mar Negro, de acuerdo con informaci\u00f3n En Sonora en Equipo publicamos toda la informaci\u00f3n de Sonora, M\u00e9xico y el Mundo de manera oportuna y busca que la libertad de expresi\u00f3n sea real. Visita nuestro medio informativo publicado desde Hermosillo, Sonora. %\" \/>\n<meta property=\"og:url\" content=\"https:\/\/www.sonoraenequipo.com.mx\/ucrania-confirma-ataque-a-dos-petroleros-rusos-en-el-mar-negro\/\" \/>\n<meta property=\"og:site_name\" content=\"Sonora en Equipo.\" \/>\n<meta property=\"article:publisher\" content=\"https:\/\/www.facebook.com\/SonoraEE\/\" \/>\n<meta property=\"article:author\" content=\"https:\/\/www.facebook.com\/SonoraEE\" \/>\n<meta property=\"article:published_time\" content=\"2025-11-29T20:02:43+00:00\" \/>\n<meta property=\"og:image\" content=\"https:\/\/www.sonoraenequipo.com.mx\/storage\/2025\/11\/dron-marino-ucraniano-sea-baby.jpg\" \/>\n\t<meta property=\"og:image:width\" content=\"600\" \/>\n\t<meta property=\"og:image:height\" content=\"400\" \/>\n\t<meta property=\"og:image:type\" content=\"image\/jpeg\" \/>\n<meta name=\"author\" content=\"enequipo\" \/>\n<meta name=\"twitter:card\" content=\"summary_large_image\" \/>\n<meta name=\"twitter:creator\" content=\"@sonoraenequipo\" \/>\n<meta name=\"twitter:site\" content=\"@sonoraenequipo\" \/>\n<meta name=\"twitter:label1\" content=\"Escrito por\" \/>\n\t<meta name=\"twitter:data1\" content=\"enequipo\" \/>\n\t<meta name=\"twitter:label2\" content=\"Tiempo de lectura\" \/>\n\t<meta name=\"twitter:data2\" content=\"2 minutos\" \/>\n<script type=\"application\/ld+json\" class=\"yoast-schema-graph\">{\"@context\":\"https:\/\/schema.org\",\"@graph\":[{\"@type\":\"Article\",\"@id\":\"https:\/\/www.sonoraenequipo.com.mx\/ucrania-confirma-ataque-a-dos-petroleros-rusos-en-el-mar-negro\/#article\",\"isPartOf\":{\"@id\":\"https:\/\/www.sonoraenequipo.com.mx\/ucrania-confirma-ataque-a-dos-petroleros-rusos-en-el-mar-negro\/\"},\"author\":{\"name\":\"enequipo\",\"@id\":\"https:\/\/www.sonoraenequipo.com.mx\/#\/schema\/person\/50102df0fb23a8fa9e8effad8fa81386\"},\"headline\":\"Ucrania confirma ataque a dos petroleros rusos en el mar Negro\",\"datePublished\":\"2025-11-29T20:02:43+00:00\",\"mainEntityOfPage\":{\"@id\":\"https:\/\/www.sonoraenequipo.com.mx\/ucrania-confirma-ataque-a-dos-petroleros-rusos-en-el-mar-negro\/\"},\"wordCount\":395,\"commentCount\":0,\"publisher\":{\"@id\":\"https:\/\/www.sonoraenequipo.com.mx\/#organization\"},\"image\":{\"@id\":\"https:\/\/www.sonoraenequipo.com.mx\/ucrania-confirma-ataque-a-dos-petroleros-rusos-en-el-mar-negro\/#primaryimage\"},\"thumbnailUrl\":\"https:\/\/www.sonoraenequipo.com.mx\/storage\/2025\/11\/dron-marino-ucraniano-sea-baby.jpg\",\"keywords\":[\"guerra\",\"Rusia\",\"ucrania\"],\"articleSection\":[\"MUNDO\"],\"inLanguage\":\"es\",\"potentialAction\":[{\"@type\":\"CommentAction\",\"name\":\"Comment\",\"target\":[\"https:\/\/www.sonoraenequipo.com.mx\/ucrania-confirma-ataque-a-dos-petroleros-rusos-en-el-mar-negro\/#respond\"]}]},{\"@type\":\"WebPage\",\"@id\":\"https:\/\/www.sonoraenequipo.com.mx\/ucrania-confirma-ataque-a-dos-petroleros-rusos-en-el-mar-negro\/\",\"url\":\"https:\/\/www.sonoraenequipo.com.mx\/ucrania-confirma-ataque-a-dos-petroleros-rusos-en-el-mar-negro\/\",\"name\":\"Sonora en Equipo. Ucrania confirma ataque a dos petroleros rusos en el mar Negro MUNDO\",\"isPartOf\":{\"@id\":\"https:\/\/www.sonoraenequipo.com.mx\/#website\"},\"primaryImageOfPage\":{\"@id\":\"https:\/\/www.sonoraenequipo.com.mx\/ucrania-confirma-ataque-a-dos-petroleros-rusos-en-el-mar-negro\/#primaryimage\"},\"image\":{\"@id\":\"https:\/\/www.sonoraenequipo.com.mx\/ucrania-confirma-ataque-a-dos-petroleros-rusos-en-el-mar-negro\/#primaryimage\"},\"thumbnailUrl\":\"https:\/\/www.sonoraenequipo.com.mx\/storage\/2025\/11\/dron-marino-ucraniano-sea-baby.jpg\",\"datePublished\":\"2025-11-29T20:02:43+00:00\",\"description\":\"Ucrania reivindic\u00f3 este s\u00e1bado (29.11.2025) el ataque exitoso contra dos barcos de la flota fantasma rusa en el mar Negro, de acuerdo con informaci\u00f3n En Sonora en Equipo publicamos toda la informaci\u00f3n de Sonora, M\u00e9xico y el Mundo de manera oportuna y busca que la libertad de expresi\u00f3n sea real. Visita nuestro medio informativo publicado desde Hermosillo, Sonora. %\",\"breadcrumb\":{\"@id\":\"https:\/\/www.sonoraenequipo.com.mx\/ucrania-confirma-ataque-a-dos-petroleros-rusos-en-el-mar-negro\/#breadcrumb\"},\"inLanguage\":\"es\",\"potentialAction\":[{\"@type\":\"ReadAction\",\"target\":[\"https:\/\/www.sonoraenequipo.com.mx\/ucrania-confirma-ataque-a-dos-petroleros-rusos-en-el-mar-negro\/\"]}]},{\"@type\":\"ImageObject\",\"inLanguage\":\"es\",\"@id\":\"https:\/\/www.sonoraenequipo.com.mx\/ucrania-confirma-ataque-a-dos-petroleros-rusos-en-el-mar-negro\/#primaryimage\",\"url\":\"https:\/\/www.sonoraenequipo.com.mx\/storage\/2025\/11\/dron-marino-ucraniano-sea-baby.jpg\",\"contentUrl\":\"https:\/\/www.sonoraenequipo.com.mx\/storage\/2025\/11\/dron-marino-ucraniano-sea-baby.jpg\",\"width\":600,\"height\":400,\"caption\":\"Dron marino ucraniano \\\"sea baby\\\"\"},{\"@type\":\"BreadcrumbList\",\"@id\":\"https:\/\/www.sonoraenequipo.com.mx\/ucrania-confirma-ataque-a-dos-petroleros-rusos-en-el-mar-negro\/#breadcrumb\",\"itemListElement\":[{\"@type\":\"ListItem\",\"position\":1,\"name\":\"Portada\",\"item\":\"https:\/\/www.sonoraenequipo.com.mx\/\"},{\"@type\":\"ListItem\",\"position\":2,\"name\":\"Ucrania confirma ataque a dos petroleros rusos en el mar Negro\"}]},{\"@type\":\"WebSite\",\"@id\":\"https:\/\/www.sonoraenequipo.com.mx\/#website\",\"url\":\"https:\/\/www.sonoraenequipo.com.mx\/\",\"name\":\"Sonora en Equipo.\",\"description\":\"Diario en l\u00ednea con Noticias desde Hermosillo, Sonora\",\"publisher\":{\"@id\":\"https:\/\/www.sonoraenequipo.com.mx\/#organization\"},\"potentialAction\":[{\"@type\":\"SearchAction\",\"target\":{\"@type\":\"EntryPoint\",\"urlTemplate\":\"https:\/\/www.sonoraenequipo.com.mx\/?s={search_term_string}\"},\"query-input\":{\"@type\":\"PropertyValueSpecification\",\"valueRequired\":true,\"valueName\":\"search_term_string\"}}],\"inLanguage\":\"es\"},{\"@type\":\"Organization\",\"@id\":\"https:\/\/www.sonoraenequipo.com.mx\/#organization\",\"name\":\"Sonoraenequipo.com.mx\",\"url\":\"https:\/\/www.sonoraenequipo.com.mx\/\",\"logo\":{\"@type\":\"ImageObject\",\"inLanguage\":\"es\",\"@id\":\"https:\/\/www.sonoraenequipo.com.mx\/#\/schema\/logo\/image\/\",\"url\":\"https:\/\/www.sonoraenequipo.com.mx\/storage\/2019\/01\/sonoraenequipo_opt.png\",\"contentUrl\":\"https:\/\/www.sonoraenequipo.com.mx\/storage\/2019\/01\/sonoraenequipo_opt.png\",\"width\":375,\"height\":125,\"caption\":\"Sonoraenequipo.com.mx\"},\"image\":{\"@id\":\"https:\/\/www.sonoraenequipo.com.mx\/#\/schema\/logo\/image\/\"},\"sameAs\":[\"https:\/\/www.facebook.com\/SonoraEE\/\",\"https:\/\/x.com\/sonoraenequipo\",\"https:\/\/www.youtube.com\/channel\/UC338nW-lPEYmJQs4ZABQ1SQ\"]},{\"@type\":\"Person\",\"@id\":\"https:\/\/www.sonoraenequipo.com.mx\/#\/schema\/person\/50102df0fb23a8fa9e8effad8fa81386\",\"name\":\"enequipo\",\"image\":{\"@type\":\"ImageObject\",\"inLanguage\":\"es\",\"@id\":\"https:\/\/www.sonoraenequipo.com.mx\/#\/schema\/person\/image\/\",\"url\":\"https:\/\/secure.gravatar.com\/avatar\/049821681b589dabc0bc20695993ccebb09f5b5d4d790cd9251b97faac7c652b?s=96&d=blank&r=g\",\"contentUrl\":\"https:\/\/secure.gravatar.com\/avatar\/049821681b589dabc0bc20695993ccebb09f5b5d4d790cd9251b97faac7c652b?s=96&d=blank&r=g\",\"caption\":\"enequipo\"},\"sameAs\":[\"https:\/\/www.facebook.com\/SonoraEE\"]}]}<\/script>\n ","yoast_head_json":{"title":"Sonora en Equipo. Ucrania confirma ataque a dos petroleros rusos en el mar Negro MUNDO","description":"Ucrania reivindic\u00f3 este s\u00e1bado (29.11.2025) el ataque exitoso contra dos barcos de la flota fantasma rusa en el mar Negro, de acuerdo con informaci\u00f3n En Sonora en Equipo publicamos toda la informaci\u00f3n de Sonora, M\u00e9xico y el Mundo de manera oportuna y busca que la libertad de expresi\u00f3n sea real. Visita nuestro medio informativo publicado desde Hermosillo, Sonora. %","robots":{"index":"index","follow":"follow","max-snippet":"max-snippet:-1","max-image-preview":"max-image-preview:large","max-video-preview":"max-video-preview:-1"},"canonical":"https:\/\/www.sonoraenequipo.com.mx\/ucrania-confirma-ataque-a-dos-petroleros-rusos-en-el-mar-negro\/","og_locale":"es_ES","og_type":"article","og_title":"Sonora en Equipo. Ucrania confirma ataque a dos petroleros rusos en el mar Negro MUNDO","og_description":"Ucrania reivindic\u00f3 este s\u00e1bado (29.11.2025) el ataque exitoso contra dos barcos de la flota fantasma rusa en el mar Negro, de acuerdo con informaci\u00f3n En Sonora en Equipo publicamos toda la informaci\u00f3n de Sonora, M\u00e9xico y el Mundo de manera oportuna y busca que la libertad de expresi\u00f3n sea real. Visita nuestro medio informativo publicado desde Hermosillo, Sonora. %","og_url":"https:\/\/www.sonoraenequipo.com.mx\/ucrania-confirma-ataque-a-dos-petroleros-rusos-en-el-mar-negro\/","og_site_name":"Sonora en Equipo.","article_publisher":"https:\/\/www.facebook.com\/SonoraEE\/","article_author":"https:\/\/www.facebook.com\/SonoraEE","article_published_time":"2025-11-29T20:02:43+00:00","og_image":[{"width":600,"height":400,"url":"https:\/\/www.sonoraenequipo.com.mx\/storage\/2025\/11\/dron-marino-ucraniano-sea-baby.jpg","type":"image\/jpeg"}],"author":"enequipo","twitter_card":"summary_large_image","twitter_creator":"@sonoraenequipo","twitter_site":"@sonoraenequipo","twitter_misc":{"Escrito por":"enequipo","Tiempo de lectura":"2 minutos"},"schema":{"@context":"https:\/\/schema.org","@graph":[{"@type":"Article","@id":"https:\/\/www.sonoraenequipo.com.mx\/ucrania-confirma-ataque-a-dos-petroleros-rusos-en-el-mar-negro\/#article","isPartOf":{"@id":"https:\/\/www.sonoraenequipo.com.mx\/ucrania-confirma-ataque-a-dos-petroleros-rusos-en-el-mar-negro\/"},"author":{"name":"enequipo","@id":"https:\/\/www.sonoraenequipo.com.mx\/#\/schema\/person\/50102df0fb23a8fa9e8effad8fa81386"},"headline":"Ucrania confirma ataque a dos petroleros rusos en el mar Negro","datePublished":"2025-11-29T20:02:43+00:00","mainEntityOfPage":{"@id":"https:\/\/www.sonoraenequipo.com.mx\/ucrania-confirma-ataque-a-dos-petroleros-rusos-en-el-mar-negro\/"},"wordCount":395,"commentCount":0,"publisher":{"@id":"https:\/\/www.sonoraenequipo.com.mx\/#organization"},"image":{"@id":"https:\/\/www.sonoraenequipo.com.mx\/ucrania-confirma-ataque-a-dos-petroleros-rusos-en-el-mar-negro\/#primaryimage"},"thumbnailUrl":"https:\/\/www.sonoraenequipo.com.mx\/storage\/2025\/11\/dron-marino-ucraniano-sea-baby.jpg","keywords":["guerra","Rusia","ucrania"],"articleSection":["MUNDO"],"inLanguage":"es","potentialAction":[{"@type":"CommentAction","name":"Comment","target":["https:\/\/www.sonoraenequipo.com.mx\/ucrania-confirma-ataque-a-dos-petroleros-rusos-en-el-mar-negro\/#respond"]}]},{"@type":"WebPage","@id":"https:\/\/www.sonoraenequipo.com.mx\/ucrania-confirma-ataque-a-dos-petroleros-rusos-en-el-mar-negro\/","url":"https:\/\/www.sonoraenequipo.com.mx\/ucrania-confirma-ataque-a-dos-petroleros-rusos-en-el-mar-negro\/","name":"Sonora en Equipo. Ucrania confirma ataque a dos petroleros rusos en el mar Negro MUNDO","isPartOf":{"@id":"https:\/\/www.sonoraenequipo.com.mx\/#website"},"primaryImageOfPage":{"@id":"https:\/\/www.sonoraenequipo.com.mx\/ucrania-confirma-ataque-a-dos-petroleros-rusos-en-el-mar-negro\/#primaryimage"},"image":{"@id":"https:\/\/www.sonoraenequipo.com.mx\/ucrania-confirma-ataque-a-dos-petroleros-rusos-en-el-mar-negro\/#primaryimage"},"thumbnailUrl":"https:\/\/www.sonoraenequipo.com.mx\/storage\/2025\/11\/dron-marino-ucraniano-sea-baby.jpg","datePublished":"2025-11-29T20:02:43+00:00","description":"Ucrania reivindic\u00f3 este s\u00e1bado (29.11.2025) el ataque exitoso contra dos barcos de la flota fantasma rusa en el mar Negro, de acuerdo con informaci\u00f3n En Sonora en Equipo publicamos toda la informaci\u00f3n de Sonora, M\u00e9xico y el Mundo de manera oportuna y busca que la libertad de expresi\u00f3n sea real. Visita nuestro medio informativo publicado desde Hermosillo, Sonora. %","breadcrumb":{"@id":"https:\/\/www.sonoraenequipo.com.mx\/ucrania-confirma-ataque-a-dos-petroleros-rusos-en-el-mar-negro\/#breadcrumb"},"inLanguage":"es","potentialAction":[{"@type":"ReadAction","target":["https:\/\/www.sonoraenequipo.com.mx\/ucrania-confirma-ataque-a-dos-petroleros-rusos-en-el-mar-negro\/"]}]},{"@type":"ImageObject","inLanguage":"es","@id":"https:\/\/www.sonoraenequipo.com.mx\/ucrania-confirma-ataque-a-dos-petroleros-rusos-en-el-mar-negro\/#primaryimage","url":"https:\/\/www.sonoraenequipo.com.mx\/storage\/2025\/11\/dron-marino-ucraniano-sea-baby.jpg","contentUrl":"https:\/\/www.sonoraenequipo.com.mx\/storage\/2025\/11\/dron-marino-ucraniano-sea-baby.jpg","width":600,"height":400,"caption":"Dron marino ucraniano \"sea baby\""},{"@type":"BreadcrumbList","@id":"https:\/\/www.sonoraenequipo.com.mx\/ucrania-confirma-ataque-a-dos-petroleros-rusos-en-el-mar-negro\/#breadcrumb","itemListElement":[{"@type":"ListItem","position":1,"name":"Portada","item":"https:\/\/www.sonoraenequipo.com.mx\/"},{"@type":"ListItem","position":2,"name":"Ucrania confirma ataque a dos petroleros rusos en el mar Negro"}]},{"@type":"WebSite","@id":"https:\/\/www.sonoraenequipo.com.mx\/#website","url":"https:\/\/www.sonoraenequipo.com.mx\/","name":"Sonora en Equipo.","description":"Diario en l\u00ednea con Noticias desde Hermosillo, Sonora","publisher":{"@id":"https:\/\/www.sonoraenequipo.com.mx\/#organization"},"potentialAction":[{"@type":"SearchAction","target":{"@type":"EntryPoint","urlTemplate":"https:\/\/www.sonoraenequipo.com.mx\/?s={search_term_string}"},"query-input":{"@type":"PropertyValueSpecification","valueRequired":true,"valueName":"search_term_string"}}],"inLanguage":"es"},{"@type":"Organization","@id":"https:\/\/www.sonoraenequipo.com.mx\/#organization","name":"Sonoraenequipo.com.mx","url":"https:\/\/www.sonoraenequipo.com.mx\/","logo":{"@type":"ImageObject","inLanguage":"es","@id":"https:\/\/www.sonoraenequipo.com.mx\/#\/schema\/logo\/image\/","url":"https:\/\/www.sonoraenequipo.com.mx\/storage\/2019\/01\/sonoraenequipo_opt.png","contentUrl":"https:\/\/www.sonoraenequipo.com.mx\/storage\/2019\/01\/sonoraenequipo_opt.png","width":375,"height":125,"caption":"Sonoraenequipo.com.mx"},"image":{"@id":"https:\/\/www.sonoraenequipo.com.mx\/#\/schema\/logo\/image\/"},"sameAs":["https:\/\/www.facebook.com\/SonoraEE\/","https:\/\/x.com\/sonoraenequipo","https:\/\/www.youtube.com\/channel\/UC338nW-lPEYmJQs4ZABQ1SQ"]},{"@type":"Person","@id":"https:\/\/www.sonoraenequipo.com.mx\/#\/schema\/person\/50102df0fb23a8fa9e8effad8fa81386","name":"enequipo","image":{"@type":"ImageObject","inLanguage":"es","@id":"https:\/\/www.sonoraenequipo.com.mx\/#\/schema\/person\/image\/","url":"https:\/\/secure.gravatar.com\/avatar\/049821681b589dabc0bc20695993ccebb09f5b5d4d790cd9251b97faac7c652b?s=96&d=blank&r=g","contentUrl":"https:\/\/secure.gravatar.com\/avatar\/049821681b589dabc0bc20695993ccebb09f5b5d4d790cd9251b97faac7c652b?s=96&d=blank&r=g","caption":"enequipo"},"sameAs":["https:\/\/www.facebook.com\/SonoraEE"]}]}},"jetpack_featured_media_url":"https:\/\/www.sonoraenequipo.com.mx\/storage\/2025\/11\/dron-marino-ucraniano-sea-baby.jpg","_links":{"self":[{"href":"https:\/\/www.sonoraenequipo.com.mx\/api\/wp\/v2\/posts\/229727","targetHints":{"allow":["GET"]}}],"collection":[{"href":"https:\/\/www.sonoraenequipo.com.mx\/api\/wp\/v2\/posts"}],"about":[{"href":"https:\/\/www.sonoraenequipo.com.mx\/api\/wp\/v2\/types\/post"}],"author":[{"embeddable":true,"href":"https:\/\/www.sonoraenequipo.com.mx\/api\/wp\/v2\/users\/1"}],"replies":[{"embeddable":true,"href":"https:\/\/www.sonoraenequipo.com.mx\/api\/wp\/v2\/comments?post=229727"}],"version-history":[{"count":1,"href":"https:\/\/www.sonoraenequipo.com.mx\/api\/wp\/v2\/posts\/229727\/revisions"}],"predecessor-version":[{"id":229729,"href":"https:\/\/www.sonoraenequipo.com.mx\/api\/wp\/v2\/posts\/229727\/revisions\/229729"}],"wp:featuredmedia":[{"embeddable":true,"href":"https:\/\/www.sonoraenequipo.com.mx\/api\/wp\/v2\/media\/229728"}],"wp:attachment":[{"href":"https:\/\/www.sonoraenequipo.com.mx\/api\/wp\/v2\/media?parent=229727"}],"wp:term":[{"taxonomy":"category","embeddable":true,"href":"https:\/\/www.sonoraenequipo.com.mx\/api\/wp\/v2\/categories?post=229727"},{"taxonomy":"post_tag","embeddable":true,"href":"https:\/\/www.sonoraenequipo.com.mx\/api\/wp\/v2\/tags?post=229727"}],"curies":[{"name":"wp","href":"https:\/\/api.w.org\/{rel}","templated":true}]}}