{"id":233043,"date":"2026-01-13T17:07:08","date_gmt":"2026-01-14T00:07:08","guid":{"rendered":"https:\/\/www.sonoraenequipo.com.mx\/?p=233043"},"modified":"2026-01-13T17:11:11","modified_gmt":"2026-01-14T00:11:11","slug":"imtes-credencializa-a-mas-de-34-mil-personas-usuarias-del-transporte-urbano-en-hermosillo","status":"publish","type":"post","link":"https:\/\/www.sonoraenequipo.com.mx\/imtes-credencializa-a-mas-de-34-mil-personas-usuarias-del-transporte-urbano-en-hermosillo\/","title":{"rendered":"IMTES credencializa a m\u00e1s de 34 mil personas usuarias del transporte urbano en Hermosillo"},"content":{"rendered":"<p><strong>HERMOSILLO, SONORA.M<\/strong><strong>X.\u2014\u00a0\u00a0<\/strong> M\u00e1s de 34 mil personas usuarias ya cuentan con la nueva tarjeta de transporte urbano en Hermosillo, inform\u00f3 el Instituto de Movilidad y Transporte para el Estado de Sonora (IMTES).<\/p>\n<p>&nbsp;<\/p>\n<p>&nbsp;<\/p>\n<p>&nbsp;<\/p>\n<p> <\/p>\n<p>El coordinador ejecutivo del IMTES, Carlos Sosa Casta\u00f1eda, se\u00f1al\u00f3 que las nuevas credenciales comenzaron a utilizarse el pasado primero de enero en cuatro modalidades: prepago, estudiante, discapacidad y tercera edad.<\/p>\n<p>&nbsp;<\/p>\n<p>&nbsp;<\/p>\n<p>Indic\u00f3 que este lunes, con el regreso a clases en el nivel b\u00e1sico y en la Universidad de Sonora, la experiencia fue positiva, sin incidentes reportados. A la fecha, se han entregado m\u00e1s de 16 mil tarjetas a estudiantes de diversos niveles educativos.<\/p>\n<p>&nbsp;<\/p>\n<p>&nbsp;<\/p>\n<p>Asimismo, invit\u00f3 a las y los estudiantes de Educaci\u00f3n Media Superior y Superior que est\u00e1n por iniciar su nuevo ciclo escolar a tramitar su credencial, la cual les permitir\u00e1 acceder a la tarifa preferencial y a dos pasajes gratuitos.<\/p>\n<p>&nbsp;<\/p>\n<p>&nbsp;<\/p>\n<p>Las personas que a\u00fan no cuentan con la nueva tarjeta pueden tramitarla sin costo en las unidades m\u00f3viles o en cualquiera de los Centros de Atenci\u00f3n a Usuarios del Transporte (CAUT), ubicados estrat\u00e9gicamente en la ciudad.<\/p>\n<p>&nbsp;<\/p>\n<p>&nbsp;<\/p>\n<p>Las ventajas de utilizar la nueva tarjeta incluyen mayor comodidad, no batallar con el cambio, tarjetas recargables, acceso a la tarifa preferencial y dos pasajes gratuitos para estudiantes.<\/p>\n<p>&nbsp;<\/p>\n<p>&nbsp;<\/p>\n<p>La identificaci\u00f3n del total y tipo de usuarios, un acceso m\u00e1s \u00e1gil al abordar las unidades y un mayor control de ingresos para el mantenimiento y la adquisici\u00f3n de m\u00e1s unidades de transporte.<\/p>\n<p>&nbsp;<\/p>\n<p>&nbsp;<\/p>\n<p><img loading=\"lazy\" decoding=\"async\" class=\"x-left size-full \" src=\"https:\/\/www.sonoraenequipo.com.mx\/storage\/2026\/01\/IMTES-credencializa-a-mas-de-34-mil-personas-.-2.jpg\" alt=\"\" width=\"1034\" height=\"642\" \/>Para conocer m\u00e1s informaci\u00f3n, se invita a consultar las redes sociales de IMTESonora. Para sugerencias, reportes o seguimiento relacionado con el servicio, est\u00e1 disponible la L\u00ednea de Atenci\u00f3n 800-71-71-110 o el n\u00famero de WhatsApp 6624-70 -50-50.<\/p>\n<p>&nbsp;<\/p>\n<p>&nbsp;<\/p>\n<p>PUBLICADO EL 13 DE ENERO DE 2026 Con informaci\u00f3n de GOBSON 0126\/096)<\/p>\n","protected":false},"excerpt":{"rendered":"<p>HERMOSILLO, SONORA.MX.\u2014\u00a0\u00a0 M\u00e1s de 34 mil personas usuarias ya cuentan con la nueva tarjeta de&#8230;<\/p>\n","protected":false},"author":1,"featured_media":233048,"comment_status":"open","ping_status":"open","sticky":false,"template":"","format":"standard","meta":{"_monsterinsights_skip_tracking":false,"_monsterinsights_sitenote_active":false,"_monsterinsights_sitenote_note":"","_monsterinsights_sitenote_category":0,"footnotes":""},"categories":[22],"tags":[],"class_list":["post"],"yoast_head":" \n<title>Sonora en Equipo. IMTES credencializa a m\u00e1s de 34 mil personas usuarias del transporte urbano en Hermosillo Sonora<\/title>\n<meta name=\"description\" content=\"HERMOSILLO, SONORA.MX.\u2014\u00a0\u00a0 M\u00e1s de 34 mil personas usuarias ya cuentan con la nueva tarjeta de transporte urbano en Hermosillo, inform\u00f3 el Instituto de En Sonora en Equipo publicamos toda la informaci\u00f3n de Sonora, M\u00e9xico y el Mundo de manera oportuna y busca que la libertad de expresi\u00f3n sea real. Visita nuestro medio informativo publicado desde Hermosillo, Sonora. %\" \/>\n<meta name=\"robots\" content=\"index, follow, max-snippet:-1, max-image-preview:large, max-video-preview:-1\" \/>\n<link rel=\"canonical\" href=\"https:\/\/www.sonoraenequipo.com.mx\/imtes-credencializa-a-mas-de-34-mil-personas-usuarias-del-transporte-urbano-en-hermosillo\/\" \/>\n<meta property=\"og:locale\" content=\"es_ES\" \/>\n<meta property=\"og:type\" content=\"article\" \/>\n<meta property=\"og:title\" content=\"Sonora en Equipo. IMTES credencializa a m\u00e1s de 34 mil personas usuarias del transporte urbano en Hermosillo Sonora\" \/>\n<meta property=\"og:description\" content=\"HERMOSILLO, SONORA.MX.\u2014\u00a0\u00a0 M\u00e1s de 34 mil personas usuarias ya cuentan con la nueva tarjeta de transporte urbano en Hermosillo, inform\u00f3 el Instituto de En Sonora en Equipo publicamos toda la informaci\u00f3n de Sonora, M\u00e9xico y el Mundo de manera oportuna y busca que la libertad de expresi\u00f3n sea real. Visita nuestro medio informativo publicado desde Hermosillo, Sonora. %\" \/>\n<meta property=\"og:url\" content=\"https:\/\/www.sonoraenequipo.com.mx\/imtes-credencializa-a-mas-de-34-mil-personas-usuarias-del-transporte-urbano-en-hermosillo\/\" \/>\n<meta property=\"og:site_name\" content=\"Sonora en Equipo.\" \/>\n<meta property=\"article:publisher\" content=\"https:\/\/www.facebook.com\/SonoraEE\/\" \/>\n<meta property=\"article:author\" content=\"https:\/\/www.facebook.com\/SonoraEE\" \/>\n<meta property=\"article:published_time\" content=\"2026-01-14T00:07:08+00:00\" \/>\n<meta property=\"article:modified_time\" content=\"2026-01-14T00:11:11+00:00\" \/>\n<meta property=\"og:image\" content=\"https:\/\/www.sonoraenequipo.com.mx\/storage\/2026\/01\/unnamed-1.jpg\" \/>\n\t<meta property=\"og:image:width\" content=\"745\" \/>\n\t<meta property=\"og:image:height\" content=\"1280\" \/>\n\t<meta property=\"og:image:type\" content=\"image\/jpeg\" \/>\n<meta name=\"author\" content=\"enequipo\" \/>\n<meta name=\"twitter:card\" content=\"summary_large_image\" \/>\n<meta name=\"twitter:creator\" content=\"@sonoraenequipo\" \/>\n<meta name=\"twitter:site\" content=\"@sonoraenequipo\" \/>\n<meta name=\"twitter:label1\" content=\"Escrito por\" \/>\n\t<meta name=\"twitter:data1\" content=\"enequipo\" \/>\n\t<meta name=\"twitter:label2\" content=\"Tiempo de lectura\" \/>\n\t<meta name=\"twitter:data2\" content=\"2 minutos\" \/>\n<script type=\"application\/ld+json\" class=\"yoast-schema-graph\">{\"@context\":\"https:\/\/schema.org\",\"@graph\":[{\"@type\":\"Article\",\"@id\":\"https:\/\/www.sonoraenequipo.com.mx\/imtes-credencializa-a-mas-de-34-mil-personas-usuarias-del-transporte-urbano-en-hermosillo\/#article\",\"isPartOf\":{\"@id\":\"https:\/\/www.sonoraenequipo.com.mx\/imtes-credencializa-a-mas-de-34-mil-personas-usuarias-del-transporte-urbano-en-hermosillo\/\"},\"author\":{\"name\":\"enequipo\",\"@id\":\"https:\/\/www.sonoraenequipo.com.mx\/#\/schema\/person\/50102df0fb23a8fa9e8effad8fa81386\"},\"headline\":\"IMTES credencializa a m\u00e1s de 34 mil personas usuarias del transporte urbano en Hermosillo\",\"datePublished\":\"2026-01-14T00:07:08+00:00\",\"dateModified\":\"2026-01-14T00:11:11+00:00\",\"mainEntityOfPage\":{\"@id\":\"https:\/\/www.sonoraenequipo.com.mx\/imtes-credencializa-a-mas-de-34-mil-personas-usuarias-del-transporte-urbano-en-hermosillo\/\"},\"wordCount\":341,\"commentCount\":0,\"publisher\":{\"@id\":\"https:\/\/www.sonoraenequipo.com.mx\/#organization\"},\"image\":{\"@id\":\"https:\/\/www.sonoraenequipo.com.mx\/imtes-credencializa-a-mas-de-34-mil-personas-usuarias-del-transporte-urbano-en-hermosillo\/#primaryimage\"},\"thumbnailUrl\":\"https:\/\/www.sonoraenequipo.com.mx\/storage\/2026\/01\/unnamed-1.jpg\",\"articleSection\":[\"Sonora\"],\"inLanguage\":\"es\",\"potentialAction\":[{\"@type\":\"CommentAction\",\"name\":\"Comment\",\"target\":[\"https:\/\/www.sonoraenequipo.com.mx\/imtes-credencializa-a-mas-de-34-mil-personas-usuarias-del-transporte-urbano-en-hermosillo\/#respond\"]}]},{\"@type\":\"WebPage\",\"@id\":\"https:\/\/www.sonoraenequipo.com.mx\/imtes-credencializa-a-mas-de-34-mil-personas-usuarias-del-transporte-urbano-en-hermosillo\/\",\"url\":\"https:\/\/www.sonoraenequipo.com.mx\/imtes-credencializa-a-mas-de-34-mil-personas-usuarias-del-transporte-urbano-en-hermosillo\/\",\"name\":\"Sonora en Equipo. IMTES credencializa a m\u00e1s de 34 mil personas usuarias del transporte urbano en Hermosillo Sonora\",\"isPartOf\":{\"@id\":\"https:\/\/www.sonoraenequipo.com.mx\/#website\"},\"primaryImageOfPage\":{\"@id\":\"https:\/\/www.sonoraenequipo.com.mx\/imtes-credencializa-a-mas-de-34-mil-personas-usuarias-del-transporte-urbano-en-hermosillo\/#primaryimage\"},\"image\":{\"@id\":\"https:\/\/www.sonoraenequipo.com.mx\/imtes-credencializa-a-mas-de-34-mil-personas-usuarias-del-transporte-urbano-en-hermosillo\/#primaryimage\"},\"thumbnailUrl\":\"https:\/\/www.sonoraenequipo.com.mx\/storage\/2026\/01\/unnamed-1.jpg\",\"datePublished\":\"2026-01-14T00:07:08+00:00\",\"dateModified\":\"2026-01-14T00:11:11+00:00\",\"description\":\"HERMOSILLO, SONORA.MX.\u2014\u00a0\u00a0 M\u00e1s de 34 mil personas usuarias ya cuentan con la nueva tarjeta de transporte urbano en Hermosillo, inform\u00f3 el Instituto de En Sonora en Equipo publicamos toda la informaci\u00f3n de Sonora, M\u00e9xico y el Mundo de manera oportuna y busca que la libertad de expresi\u00f3n sea real. Visita nuestro medio informativo publicado desde Hermosillo, Sonora. %\",\"breadcrumb\":{\"@id\":\"https:\/\/www.sonoraenequipo.com.mx\/imtes-credencializa-a-mas-de-34-mil-personas-usuarias-del-transporte-urbano-en-hermosillo\/#breadcrumb\"},\"inLanguage\":\"es\",\"potentialAction\":[{\"@type\":\"ReadAction\",\"target\":[\"https:\/\/www.sonoraenequipo.com.mx\/imtes-credencializa-a-mas-de-34-mil-personas-usuarias-del-transporte-urbano-en-hermosillo\/\"]}]},{\"@type\":\"ImageObject\",\"inLanguage\":\"es\",\"@id\":\"https:\/\/www.sonoraenequipo.com.mx\/imtes-credencializa-a-mas-de-34-mil-personas-usuarias-del-transporte-urbano-en-hermosillo\/#primaryimage\",\"url\":\"https:\/\/www.sonoraenequipo.com.mx\/storage\/2026\/01\/unnamed-1.jpg\",\"contentUrl\":\"https:\/\/www.sonoraenequipo.com.mx\/storage\/2026\/01\/unnamed-1.jpg\",\"width\":745,\"height\":1280},{\"@type\":\"BreadcrumbList\",\"@id\":\"https:\/\/www.sonoraenequipo.com.mx\/imtes-credencializa-a-mas-de-34-mil-personas-usuarias-del-transporte-urbano-en-hermosillo\/#breadcrumb\",\"itemListElement\":[{\"@type\":\"ListItem\",\"position\":1,\"name\":\"Portada\",\"item\":\"https:\/\/www.sonoraenequipo.com.mx\/\"},{\"@type\":\"ListItem\",\"position\":2,\"name\":\"IMTES credencializa a m\u00e1s de 34 mil personas usuarias del transporte urbano en Hermosillo\"}]},{\"@type\":\"WebSite\",\"@id\":\"https:\/\/www.sonoraenequipo.com.mx\/#website\",\"url\":\"https:\/\/www.sonoraenequipo.com.mx\/\",\"name\":\"Sonora en Equipo.\",\"description\":\"Diario en l\u00ednea con Noticias desde Hermosillo, Sonora\",\"publisher\":{\"@id\":\"https:\/\/www.sonoraenequipo.com.mx\/#organization\"},\"potentialAction\":[{\"@type\":\"SearchAction\",\"target\":{\"@type\":\"EntryPoint\",\"urlTemplate\":\"https:\/\/www.sonoraenequipo.com.mx\/?s={search_term_string}\"},\"query-input\":{\"@type\":\"PropertyValueSpecification\",\"valueRequired\":true,\"valueName\":\"search_term_string\"}}],\"inLanguage\":\"es\"},{\"@type\":\"Organization\",\"@id\":\"https:\/\/www.sonoraenequipo.com.mx\/#organization\",\"name\":\"Sonoraenequipo.com.mx\",\"url\":\"https:\/\/www.sonoraenequipo.com.mx\/\",\"logo\":{\"@type\":\"ImageObject\",\"inLanguage\":\"es\",\"@id\":\"https:\/\/www.sonoraenequipo.com.mx\/#\/schema\/logo\/image\/\",\"url\":\"https:\/\/www.sonoraenequipo.com.mx\/storage\/2019\/01\/sonoraenequipo_opt.png\",\"contentUrl\":\"https:\/\/www.sonoraenequipo.com.mx\/storage\/2019\/01\/sonoraenequipo_opt.png\",\"width\":375,\"height\":125,\"caption\":\"Sonoraenequipo.com.mx\"},\"image\":{\"@id\":\"https:\/\/www.sonoraenequipo.com.mx\/#\/schema\/logo\/image\/\"},\"sameAs\":[\"https:\/\/www.facebook.com\/SonoraEE\/\",\"https:\/\/x.com\/sonoraenequipo\",\"https:\/\/www.youtube.com\/channel\/UC338nW-lPEYmJQs4ZABQ1SQ\"]},{\"@type\":\"Person\",\"@id\":\"https:\/\/www.sonoraenequipo.com.mx\/#\/schema\/person\/50102df0fb23a8fa9e8effad8fa81386\",\"name\":\"enequipo\",\"image\":{\"@type\":\"ImageObject\",\"inLanguage\":\"es\",\"@id\":\"https:\/\/www.sonoraenequipo.com.mx\/#\/schema\/person\/image\/\",\"url\":\"https:\/\/secure.gravatar.com\/avatar\/049821681b589dabc0bc20695993ccebb09f5b5d4d790cd9251b97faac7c652b?s=96&d=blank&r=g\",\"contentUrl\":\"https:\/\/secure.gravatar.com\/avatar\/049821681b589dabc0bc20695993ccebb09f5b5d4d790cd9251b97faac7c652b?s=96&d=blank&r=g\",\"caption\":\"enequipo\"},\"sameAs\":[\"https:\/\/www.facebook.com\/SonoraEE\"]}]}<\/script>\n ","yoast_head_json":{"title":"Sonora en Equipo. IMTES credencializa a m\u00e1s de 34 mil personas usuarias del transporte urbano en Hermosillo Sonora","description":"HERMOSILLO, SONORA.MX.\u2014\u00a0\u00a0 M\u00e1s de 34 mil personas usuarias ya cuentan con la nueva tarjeta de transporte urbano en Hermosillo, inform\u00f3 el Instituto de En Sonora en Equipo publicamos toda la informaci\u00f3n de Sonora, M\u00e9xico y el Mundo de manera oportuna y busca que la libertad de expresi\u00f3n sea real. Visita nuestro medio informativo publicado desde Hermosillo, Sonora. %","robots":{"index":"index","follow":"follow","max-snippet":"max-snippet:-1","max-image-preview":"max-image-preview:large","max-video-preview":"max-video-preview:-1"},"canonical":"https:\/\/www.sonoraenequipo.com.mx\/imtes-credencializa-a-mas-de-34-mil-personas-usuarias-del-transporte-urbano-en-hermosillo\/","og_locale":"es_ES","og_type":"article","og_title":"Sonora en Equipo. IMTES credencializa a m\u00e1s de 34 mil personas usuarias del transporte urbano en Hermosillo Sonora","og_description":"HERMOSILLO, SONORA.MX.\u2014\u00a0\u00a0 M\u00e1s de 34 mil personas usuarias ya cuentan con la nueva tarjeta de transporte urbano en Hermosillo, inform\u00f3 el Instituto de En Sonora en Equipo publicamos toda la informaci\u00f3n de Sonora, M\u00e9xico y el Mundo de manera oportuna y busca que la libertad de expresi\u00f3n sea real. Visita nuestro medio informativo publicado desde Hermosillo, Sonora. %","og_url":"https:\/\/www.sonoraenequipo.com.mx\/imtes-credencializa-a-mas-de-34-mil-personas-usuarias-del-transporte-urbano-en-hermosillo\/","og_site_name":"Sonora en Equipo.","article_publisher":"https:\/\/www.facebook.com\/SonoraEE\/","article_author":"https:\/\/www.facebook.com\/SonoraEE","article_published_time":"2026-01-14T00:07:08+00:00","article_modified_time":"2026-01-14T00:11:11+00:00","og_image":[{"width":745,"height":1280,"url":"https:\/\/www.sonoraenequipo.com.mx\/storage\/2026\/01\/unnamed-1.jpg","type":"image\/jpeg"}],"author":"enequipo","twitter_card":"summary_large_image","twitter_creator":"@sonoraenequipo","twitter_site":"@sonoraenequipo","twitter_misc":{"Escrito por":"enequipo","Tiempo de lectura":"2 minutos"},"schema":{"@context":"https:\/\/schema.org","@graph":[{"@type":"Article","@id":"https:\/\/www.sonoraenequipo.com.mx\/imtes-credencializa-a-mas-de-34-mil-personas-usuarias-del-transporte-urbano-en-hermosillo\/#article","isPartOf":{"@id":"https:\/\/www.sonoraenequipo.com.mx\/imtes-credencializa-a-mas-de-34-mil-personas-usuarias-del-transporte-urbano-en-hermosillo\/"},"author":{"name":"enequipo","@id":"https:\/\/www.sonoraenequipo.com.mx\/#\/schema\/person\/50102df0fb23a8fa9e8effad8fa81386"},"headline":"IMTES credencializa a m\u00e1s de 34 mil personas usuarias del transporte urbano en Hermosillo","datePublished":"2026-01-14T00:07:08+00:00","dateModified":"2026-01-14T00:11:11+00:00","mainEntityOfPage":{"@id":"https:\/\/www.sonoraenequipo.com.mx\/imtes-credencializa-a-mas-de-34-mil-personas-usuarias-del-transporte-urbano-en-hermosillo\/"},"wordCount":341,"commentCount":0,"publisher":{"@id":"https:\/\/www.sonoraenequipo.com.mx\/#organization"},"image":{"@id":"https:\/\/www.sonoraenequipo.com.mx\/imtes-credencializa-a-mas-de-34-mil-personas-usuarias-del-transporte-urbano-en-hermosillo\/#primaryimage"},"thumbnailUrl":"https:\/\/www.sonoraenequipo.com.mx\/storage\/2026\/01\/unnamed-1.jpg","articleSection":["Sonora"],"inLanguage":"es","potentialAction":[{"@type":"CommentAction","name":"Comment","target":["https:\/\/www.sonoraenequipo.com.mx\/imtes-credencializa-a-mas-de-34-mil-personas-usuarias-del-transporte-urbano-en-hermosillo\/#respond"]}]},{"@type":"WebPage","@id":"https:\/\/www.sonoraenequipo.com.mx\/imtes-credencializa-a-mas-de-34-mil-personas-usuarias-del-transporte-urbano-en-hermosillo\/","url":"https:\/\/www.sonoraenequipo.com.mx\/imtes-credencializa-a-mas-de-34-mil-personas-usuarias-del-transporte-urbano-en-hermosillo\/","name":"Sonora en Equipo. IMTES credencializa a m\u00e1s de 34 mil personas usuarias del transporte urbano en Hermosillo Sonora","isPartOf":{"@id":"https:\/\/www.sonoraenequipo.com.mx\/#website"},"primaryImageOfPage":{"@id":"https:\/\/www.sonoraenequipo.com.mx\/imtes-credencializa-a-mas-de-34-mil-personas-usuarias-del-transporte-urbano-en-hermosillo\/#primaryimage"},"image":{"@id":"https:\/\/www.sonoraenequipo.com.mx\/imtes-credencializa-a-mas-de-34-mil-personas-usuarias-del-transporte-urbano-en-hermosillo\/#primaryimage"},"thumbnailUrl":"https:\/\/www.sonoraenequipo.com.mx\/storage\/2026\/01\/unnamed-1.jpg","datePublished":"2026-01-14T00:07:08+00:00","dateModified":"2026-01-14T00:11:11+00:00","description":"HERMOSILLO, SONORA.MX.\u2014\u00a0\u00a0 M\u00e1s de 34 mil personas usuarias ya cuentan con la nueva tarjeta de transporte urbano en Hermosillo, inform\u00f3 el Instituto de En Sonora en Equipo publicamos toda la informaci\u00f3n de Sonora, M\u00e9xico y el Mundo de manera oportuna y busca que la libertad de expresi\u00f3n sea real. Visita nuestro medio informativo publicado desde Hermosillo, Sonora. %","breadcrumb":{"@id":"https:\/\/www.sonoraenequipo.com.mx\/imtes-credencializa-a-mas-de-34-mil-personas-usuarias-del-transporte-urbano-en-hermosillo\/#breadcrumb"},"inLanguage":"es","potentialAction":[{"@type":"ReadAction","target":["https:\/\/www.sonoraenequipo.com.mx\/imtes-credencializa-a-mas-de-34-mil-personas-usuarias-del-transporte-urbano-en-hermosillo\/"]}]},{"@type":"ImageObject","inLanguage":"es","@id":"https:\/\/www.sonoraenequipo.com.mx\/imtes-credencializa-a-mas-de-34-mil-personas-usuarias-del-transporte-urbano-en-hermosillo\/#primaryimage","url":"https:\/\/www.sonoraenequipo.com.mx\/storage\/2026\/01\/unnamed-1.jpg","contentUrl":"https:\/\/www.sonoraenequipo.com.mx\/storage\/2026\/01\/unnamed-1.jpg","width":745,"height":1280},{"@type":"BreadcrumbList","@id":"https:\/\/www.sonoraenequipo.com.mx\/imtes-credencializa-a-mas-de-34-mil-personas-usuarias-del-transporte-urbano-en-hermosillo\/#breadcrumb","itemListElement":[{"@type":"ListItem","position":1,"name":"Portada","item":"https:\/\/www.sonoraenequipo.com.mx\/"},{"@type":"ListItem","position":2,"name":"IMTES credencializa a m\u00e1s de 34 mil personas usuarias del transporte urbano en Hermosillo"}]},{"@type":"WebSite","@id":"https:\/\/www.sonoraenequipo.com.mx\/#website","url":"https:\/\/www.sonoraenequipo.com.mx\/","name":"Sonora en Equipo.","description":"Diario en l\u00ednea con Noticias desde Hermosillo, Sonora","publisher":{"@id":"https:\/\/www.sonoraenequipo.com.mx\/#organization"},"potentialAction":[{"@type":"SearchAction","target":{"@type":"EntryPoint","urlTemplate":"https:\/\/www.sonoraenequipo.com.mx\/?s={search_term_string}"},"query-input":{"@type":"PropertyValueSpecification","valueRequired":true,"valueName":"search_term_string"}}],"inLanguage":"es"},{"@type":"Organization","@id":"https:\/\/www.sonoraenequipo.com.mx\/#organization","name":"Sonoraenequipo.com.mx","url":"https:\/\/www.sonoraenequipo.com.mx\/","logo":{"@type":"ImageObject","inLanguage":"es","@id":"https:\/\/www.sonoraenequipo.com.mx\/#\/schema\/logo\/image\/","url":"https:\/\/www.sonoraenequipo.com.mx\/storage\/2019\/01\/sonoraenequipo_opt.png","contentUrl":"https:\/\/www.sonoraenequipo.com.mx\/storage\/2019\/01\/sonoraenequipo_opt.png","width":375,"height":125,"caption":"Sonoraenequipo.com.mx"},"image":{"@id":"https:\/\/www.sonoraenequipo.com.mx\/#\/schema\/logo\/image\/"},"sameAs":["https:\/\/www.facebook.com\/SonoraEE\/","https:\/\/x.com\/sonoraenequipo","https:\/\/www.youtube.com\/channel\/UC338nW-lPEYmJQs4ZABQ1SQ"]},{"@type":"Person","@id":"https:\/\/www.sonoraenequipo.com.mx\/#\/schema\/person\/50102df0fb23a8fa9e8effad8fa81386","name":"enequipo","image":{"@type":"ImageObject","inLanguage":"es","@id":"https:\/\/www.sonoraenequipo.com.mx\/#\/schema\/person\/image\/","url":"https:\/\/secure.gravatar.com\/avatar\/049821681b589dabc0bc20695993ccebb09f5b5d4d790cd9251b97faac7c652b?s=96&d=blank&r=g","contentUrl":"https:\/\/secure.gravatar.com\/avatar\/049821681b589dabc0bc20695993ccebb09f5b5d4d790cd9251b97faac7c652b?s=96&d=blank&r=g","caption":"enequipo"},"sameAs":["https:\/\/www.facebook.com\/SonoraEE"]}]}},"jetpack_featured_media_url":"https:\/\/www.sonoraenequipo.com.mx\/storage\/2026\/01\/unnamed-1.jpg","_links":{"self":[{"href":"https:\/\/www.sonoraenequipo.com.mx\/api\/wp\/v2\/posts\/233043","targetHints":{"allow":["GET"]}}],"collection":[{"href":"https:\/\/www.sonoraenequipo.com.mx\/api\/wp\/v2\/posts"}],"about":[{"href":"https:\/\/www.sonoraenequipo.com.mx\/api\/wp\/v2\/types\/post"}],"author":[{"embeddable":true,"href":"https:\/\/www.sonoraenequipo.com.mx\/api\/wp\/v2\/users\/1"}],"replies":[{"embeddable":true,"href":"https:\/\/www.sonoraenequipo.com.mx\/api\/wp\/v2\/comments?post=233043"}],"version-history":[{"count":1,"href":"https:\/\/www.sonoraenequipo.com.mx\/api\/wp\/v2\/posts\/233043\/revisions"}],"predecessor-version":[{"id":233062,"href":"https:\/\/www.sonoraenequipo.com.mx\/api\/wp\/v2\/posts\/233043\/revisions\/233062"}],"wp:featuredmedia":[{"embeddable":true,"href":"https:\/\/www.sonoraenequipo.com.mx\/api\/wp\/v2\/media\/233048"}],"wp:attachment":[{"href":"https:\/\/www.sonoraenequipo.com.mx\/api\/wp\/v2\/media?parent=233043"}],"wp:term":[{"taxonomy":"category","embeddable":true,"href":"https:\/\/www.sonoraenequipo.com.mx\/api\/wp\/v2\/categories?post=233043"},{"taxonomy":"post_tag","embeddable":true,"href":"https:\/\/www.sonoraenequipo.com.mx\/api\/wp\/v2\/tags?post=233043"}],"curies":[{"name":"wp","href":"https:\/\/api.w.org\/{rel}","templated":true}]}}