{"id":233063,"date":"2026-01-13T11:30:21","date_gmt":"2026-01-13T18:30:21","guid":{"rendered":"https:\/\/www.sonoraenequipo.com.mx\/?p=233063"},"modified":"2026-01-13T17:19:37","modified_gmt":"2026-01-14T00:19:37","slug":"brillan-pesistas-sonorenses-en-el-estatal-abierto-de-halterofilia","status":"publish","type":"post","link":"https:\/\/www.sonoraenequipo.com.mx\/brillan-pesistas-sonorenses-en-el-estatal-abierto-de-halterofilia\/","title":{"rendered":"Brillan pesistas sonorenses en el Estatal Abierto de Halterofilia"},"content":{"rendered":"<p><strong>HERMOSILLO, SONORA.MX. \u2014\u00a0<\/strong> El Campeonato Estatal Abierto de Levantamiento de Pesas se celebr\u00f3 el pasado fin de semana con la participaci\u00f3n de m\u00e1s de 80 halteristas de seis diferentes municipios que vieron acci\u00f3n en las instalaciones de la Unidad Deportiva del Noroeste.<\/p>\n<p>&nbsp;<\/p>\n<p>&nbsp;<\/p>\n<p>&nbsp;<\/p>\n<p>&nbsp;<\/p>\n<p> <br \/>\nEn el Centro Estatal de Halterofilia, el triple medallista dorado y campe\u00f3n de la Olimpiada Nacional 2025, Ihan Barreras, termin\u00f3 como el mejor levantador en la categor\u00eda Sub 23, pues en la divisi\u00f3n de los 94 kilogramos marc\u00f3 305 kilos: 140 en arranque y 165 en envi\u00f3n.<\/p>\n<p>&nbsp;<\/p>\n<p>&nbsp;<\/p>\n<p>&nbsp;<\/p>\n<p>Asimismo, el tambi\u00e9n monarca nacional, Daniel Vel\u00e1zquez, logr\u00f3 ubicarse como el l\u00edder de la Sub 17, tras izar un total de 180 (75 de arranque y 105 de envi\u00f3n) en la divisi\u00f3n de 56 kilos, otros que de igual manera dominaron sus categor\u00edas fueron: Santiago Jim\u00e9nez (Sub 12 en 48 con 117), \u00c9dgar Brise\u00f1o (Sub 15 en 65 mediante 151) y Brandon Arturo Rom\u00e1n Zagal (Sub 20 en 65 luego de sumar 200).<\/p>\n<p>&nbsp;<\/p>\n<p>&nbsp;<\/p>\n<p><img loading=\"lazy\" decoding=\"async\" class=\"x-left size-full \" src=\"https:\/\/www.sonoraenequipo.com.mx\/storage\/2026\/01\/pesistas-sonorenses-en-el-Estatal-Abierto-de-Halterofilia-1.jpg\" alt=\"\" width=\"1200\" height=\"800\" \/>Mientras que, en la rama femenina, destacaron al llevarse los primeros lugares en sus categor\u00edas: Danna Cristina Ripalda (Sub 23 en 63 con 140), Adriana Sof\u00eda Rivera (Sub 17 en 53 por levantar 130), C\u00e9lida Pi\u00f1a (Sub 20 en 69 gracias a un registro de 185) Triana Kimberly Henry Gonz\u00e1lez (Sub 15 en 53 al contabilizar 120) y Renata Sof\u00eda Miranda (Sub 12 en m\u00e1s de 63 despu\u00e9s de totalizar 112).<\/p>\n<p>&nbsp;<\/p>\n<p>&nbsp;<\/p>\n<p><img loading=\"lazy\" decoding=\"async\" class=\"x-left size-full \" src=\"https:\/\/www.sonoraenequipo.com.mx\/storage\/2026\/01\/pesistas-sonorenses-1-1.jpg\" alt=\"\" width=\"1200\" height=\"800\" \/>En el Campeonato Estatal Abierto de Halterofilia subieron a la tarima competidores de Hermosillo, Cajeme, Nogales, Navojoa, Guaymas y Santa Ana, en las categor\u00edas Sub 12, 15, 17, 20 y 23, tanto varoniles como femeniles, en el que fue el primer evento de cara al proceso de la Olimpiada Nacional 2026.<\/p>\n<p>&nbsp;<\/p>\n<p>&nbsp;<\/p>\n<p>&nbsp;<\/p>\n<p>PUBLICADO EL 13 DE ENERO DE 2026 Con informaci\u00f3n de GOBSON 0126\/090)<\/p>\n","protected":false},"excerpt":{"rendered":"<p>HERMOSILLO, SONORA.MX. \u2014\u00a0 El Campeonato Estatal Abierto de Levantamiento de Pesas se celebr\u00f3 el pasado&#8230;<\/p>\n","protected":false},"author":1,"featured_media":233060,"comment_status":"open","ping_status":"open","sticky":false,"template":"","format":"standard","meta":{"_monsterinsights_skip_tracking":false,"_monsterinsights_sitenote_active":false,"_monsterinsights_sitenote_note":"","_monsterinsights_sitenote_category":0,"footnotes":""},"categories":[10],"tags":[],"class_list":["post"],"yoast_head":" \n<title>Sonora en Equipo. Brillan pesistas sonorenses en el Estatal Abierto de Halterofilia Deportes<\/title>\n<meta name=\"description\" content=\"HERMOSILLO, SONORA.MX. \u2014\u00a0 El Campeonato Estatal Abierto de Levantamiento de Pesas se celebr\u00f3 el pasado fin de semana con la participaci\u00f3n de m\u00e1s de 80 En Sonora en Equipo publicamos toda la informaci\u00f3n de Sonora, M\u00e9xico y el Mundo de manera oportuna y busca que la libertad de expresi\u00f3n sea real. Visita nuestro medio informativo publicado desde Hermosillo, Sonora. %\" \/>\n<meta name=\"robots\" content=\"index, follow, max-snippet:-1, max-image-preview:large, max-video-preview:-1\" \/>\n<link rel=\"canonical\" href=\"https:\/\/www.sonoraenequipo.com.mx\/brillan-pesistas-sonorenses-en-el-estatal-abierto-de-halterofilia\/\" \/>\n<meta property=\"og:locale\" content=\"es_ES\" \/>\n<meta property=\"og:type\" content=\"article\" \/>\n<meta property=\"og:title\" content=\"Sonora en Equipo. Brillan pesistas sonorenses en el Estatal Abierto de Halterofilia Deportes\" \/>\n<meta property=\"og:description\" content=\"HERMOSILLO, SONORA.MX. \u2014\u00a0 El Campeonato Estatal Abierto de Levantamiento de Pesas se celebr\u00f3 el pasado fin de semana con la participaci\u00f3n de m\u00e1s de 80 En Sonora en Equipo publicamos toda la informaci\u00f3n de Sonora, M\u00e9xico y el Mundo de manera oportuna y busca que la libertad de expresi\u00f3n sea real. Visita nuestro medio informativo publicado desde Hermosillo, Sonora. %\" \/>\n<meta property=\"og:url\" content=\"https:\/\/www.sonoraenequipo.com.mx\/brillan-pesistas-sonorenses-en-el-estatal-abierto-de-halterofilia\/\" \/>\n<meta property=\"og:site_name\" content=\"Sonora en Equipo.\" \/>\n<meta property=\"article:publisher\" content=\"https:\/\/www.facebook.com\/SonoraEE\/\" \/>\n<meta property=\"article:author\" content=\"https:\/\/www.facebook.com\/SonoraEE\" \/>\n<meta property=\"article:published_time\" content=\"2026-01-13T18:30:21+00:00\" \/>\n<meta property=\"article:modified_time\" content=\"2026-01-14T00:19:37+00:00\" \/>\n<meta property=\"og:image\" content=\"https:\/\/www.sonoraenequipo.com.mx\/storage\/2026\/01\/brillan-pesistas-sonorenses-1.jpg\" \/>\n\t<meta property=\"og:image:width\" content=\"1200\" \/>\n\t<meta property=\"og:image:height\" content=\"800\" \/>\n\t<meta property=\"og:image:type\" content=\"image\/jpeg\" \/>\n<meta name=\"author\" content=\"enequipo\" \/>\n<meta name=\"twitter:card\" content=\"summary_large_image\" \/>\n<meta name=\"twitter:creator\" content=\"@sonoraenequipo\" \/>\n<meta name=\"twitter:site\" content=\"@sonoraenequipo\" \/>\n<meta name=\"twitter:label1\" content=\"Escrito por\" \/>\n\t<meta name=\"twitter:data1\" content=\"enequipo\" \/>\n\t<meta name=\"twitter:label2\" content=\"Tiempo de lectura\" \/>\n\t<meta name=\"twitter:data2\" content=\"1 minuto\" \/>\n<script type=\"application\/ld+json\" class=\"yoast-schema-graph\">{\"@context\":\"https:\/\/schema.org\",\"@graph\":[{\"@type\":\"Article\",\"@id\":\"https:\/\/www.sonoraenequipo.com.mx\/brillan-pesistas-sonorenses-en-el-estatal-abierto-de-halterofilia\/#article\",\"isPartOf\":{\"@id\":\"https:\/\/www.sonoraenequipo.com.mx\/brillan-pesistas-sonorenses-en-el-estatal-abierto-de-halterofilia\/\"},\"author\":{\"name\":\"enequipo\",\"@id\":\"https:\/\/www.sonoraenequipo.com.mx\/#\/schema\/person\/50102df0fb23a8fa9e8effad8fa81386\"},\"headline\":\"Brillan pesistas sonorenses en el Estatal Abierto de Halterofilia\",\"datePublished\":\"2026-01-13T18:30:21+00:00\",\"dateModified\":\"2026-01-14T00:19:37+00:00\",\"mainEntityOfPage\":{\"@id\":\"https:\/\/www.sonoraenequipo.com.mx\/brillan-pesistas-sonorenses-en-el-estatal-abierto-de-halterofilia\/\"},\"wordCount\":300,\"commentCount\":0,\"publisher\":{\"@id\":\"https:\/\/www.sonoraenequipo.com.mx\/#organization\"},\"image\":{\"@id\":\"https:\/\/www.sonoraenequipo.com.mx\/brillan-pesistas-sonorenses-en-el-estatal-abierto-de-halterofilia\/#primaryimage\"},\"thumbnailUrl\":\"https:\/\/www.sonoraenequipo.com.mx\/storage\/2026\/01\/brillan-pesistas-sonorenses-1.jpg\",\"articleSection\":[\"Deportes\"],\"inLanguage\":\"es\",\"potentialAction\":[{\"@type\":\"CommentAction\",\"name\":\"Comment\",\"target\":[\"https:\/\/www.sonoraenequipo.com.mx\/brillan-pesistas-sonorenses-en-el-estatal-abierto-de-halterofilia\/#respond\"]}]},{\"@type\":\"WebPage\",\"@id\":\"https:\/\/www.sonoraenequipo.com.mx\/brillan-pesistas-sonorenses-en-el-estatal-abierto-de-halterofilia\/\",\"url\":\"https:\/\/www.sonoraenequipo.com.mx\/brillan-pesistas-sonorenses-en-el-estatal-abierto-de-halterofilia\/\",\"name\":\"Sonora en Equipo. Brillan pesistas sonorenses en el Estatal Abierto de Halterofilia Deportes\",\"isPartOf\":{\"@id\":\"https:\/\/www.sonoraenequipo.com.mx\/#website\"},\"primaryImageOfPage\":{\"@id\":\"https:\/\/www.sonoraenequipo.com.mx\/brillan-pesistas-sonorenses-en-el-estatal-abierto-de-halterofilia\/#primaryimage\"},\"image\":{\"@id\":\"https:\/\/www.sonoraenequipo.com.mx\/brillan-pesistas-sonorenses-en-el-estatal-abierto-de-halterofilia\/#primaryimage\"},\"thumbnailUrl\":\"https:\/\/www.sonoraenequipo.com.mx\/storage\/2026\/01\/brillan-pesistas-sonorenses-1.jpg\",\"datePublished\":\"2026-01-13T18:30:21+00:00\",\"dateModified\":\"2026-01-14T00:19:37+00:00\",\"description\":\"HERMOSILLO, SONORA.MX. \u2014\u00a0 El Campeonato Estatal Abierto de Levantamiento de Pesas se celebr\u00f3 el pasado fin de semana con la participaci\u00f3n de m\u00e1s de 80 En Sonora en Equipo publicamos toda la informaci\u00f3n de Sonora, M\u00e9xico y el Mundo de manera oportuna y busca que la libertad de expresi\u00f3n sea real. Visita nuestro medio informativo publicado desde Hermosillo, Sonora. %\",\"breadcrumb\":{\"@id\":\"https:\/\/www.sonoraenequipo.com.mx\/brillan-pesistas-sonorenses-en-el-estatal-abierto-de-halterofilia\/#breadcrumb\"},\"inLanguage\":\"es\",\"potentialAction\":[{\"@type\":\"ReadAction\",\"target\":[\"https:\/\/www.sonoraenequipo.com.mx\/brillan-pesistas-sonorenses-en-el-estatal-abierto-de-halterofilia\/\"]}]},{\"@type\":\"ImageObject\",\"inLanguage\":\"es\",\"@id\":\"https:\/\/www.sonoraenequipo.com.mx\/brillan-pesistas-sonorenses-en-el-estatal-abierto-de-halterofilia\/#primaryimage\",\"url\":\"https:\/\/www.sonoraenequipo.com.mx\/storage\/2026\/01\/brillan-pesistas-sonorenses-1.jpg\",\"contentUrl\":\"https:\/\/www.sonoraenequipo.com.mx\/storage\/2026\/01\/brillan-pesistas-sonorenses-1.jpg\",\"width\":1200,\"height\":800},{\"@type\":\"BreadcrumbList\",\"@id\":\"https:\/\/www.sonoraenequipo.com.mx\/brillan-pesistas-sonorenses-en-el-estatal-abierto-de-halterofilia\/#breadcrumb\",\"itemListElement\":[{\"@type\":\"ListItem\",\"position\":1,\"name\":\"Portada\",\"item\":\"https:\/\/www.sonoraenequipo.com.mx\/\"},{\"@type\":\"ListItem\",\"position\":2,\"name\":\"Brillan pesistas sonorenses en el Estatal Abierto de Halterofilia\"}]},{\"@type\":\"WebSite\",\"@id\":\"https:\/\/www.sonoraenequipo.com.mx\/#website\",\"url\":\"https:\/\/www.sonoraenequipo.com.mx\/\",\"name\":\"Sonora en Equipo.\",\"description\":\"Diario en l\u00ednea con Noticias desde Hermosillo, Sonora\",\"publisher\":{\"@id\":\"https:\/\/www.sonoraenequipo.com.mx\/#organization\"},\"potentialAction\":[{\"@type\":\"SearchAction\",\"target\":{\"@type\":\"EntryPoint\",\"urlTemplate\":\"https:\/\/www.sonoraenequipo.com.mx\/?s={search_term_string}\"},\"query-input\":{\"@type\":\"PropertyValueSpecification\",\"valueRequired\":true,\"valueName\":\"search_term_string\"}}],\"inLanguage\":\"es\"},{\"@type\":\"Organization\",\"@id\":\"https:\/\/www.sonoraenequipo.com.mx\/#organization\",\"name\":\"Sonoraenequipo.com.mx\",\"url\":\"https:\/\/www.sonoraenequipo.com.mx\/\",\"logo\":{\"@type\":\"ImageObject\",\"inLanguage\":\"es\",\"@id\":\"https:\/\/www.sonoraenequipo.com.mx\/#\/schema\/logo\/image\/\",\"url\":\"https:\/\/www.sonoraenequipo.com.mx\/storage\/2019\/01\/sonoraenequipo_opt.png\",\"contentUrl\":\"https:\/\/www.sonoraenequipo.com.mx\/storage\/2019\/01\/sonoraenequipo_opt.png\",\"width\":375,\"height\":125,\"caption\":\"Sonoraenequipo.com.mx\"},\"image\":{\"@id\":\"https:\/\/www.sonoraenequipo.com.mx\/#\/schema\/logo\/image\/\"},\"sameAs\":[\"https:\/\/www.facebook.com\/SonoraEE\/\",\"https:\/\/x.com\/sonoraenequipo\",\"https:\/\/www.youtube.com\/channel\/UC338nW-lPEYmJQs4ZABQ1SQ\"]},{\"@type\":\"Person\",\"@id\":\"https:\/\/www.sonoraenequipo.com.mx\/#\/schema\/person\/50102df0fb23a8fa9e8effad8fa81386\",\"name\":\"enequipo\",\"image\":{\"@type\":\"ImageObject\",\"inLanguage\":\"es\",\"@id\":\"https:\/\/www.sonoraenequipo.com.mx\/#\/schema\/person\/image\/\",\"url\":\"https:\/\/secure.gravatar.com\/avatar\/049821681b589dabc0bc20695993ccebb09f5b5d4d790cd9251b97faac7c652b?s=96&d=blank&r=g\",\"contentUrl\":\"https:\/\/secure.gravatar.com\/avatar\/049821681b589dabc0bc20695993ccebb09f5b5d4d790cd9251b97faac7c652b?s=96&d=blank&r=g\",\"caption\":\"enequipo\"},\"sameAs\":[\"https:\/\/www.facebook.com\/SonoraEE\"]}]}<\/script>\n ","yoast_head_json":{"title":"Sonora en Equipo. Brillan pesistas sonorenses en el Estatal Abierto de Halterofilia Deportes","description":"HERMOSILLO, SONORA.MX. \u2014\u00a0 El Campeonato Estatal Abierto de Levantamiento de Pesas se celebr\u00f3 el pasado fin de semana con la participaci\u00f3n de m\u00e1s de 80 En Sonora en Equipo publicamos toda la informaci\u00f3n de Sonora, M\u00e9xico y el Mundo de manera oportuna y busca que la libertad de expresi\u00f3n sea real. Visita nuestro medio informativo publicado desde Hermosillo, Sonora. %","robots":{"index":"index","follow":"follow","max-snippet":"max-snippet:-1","max-image-preview":"max-image-preview:large","max-video-preview":"max-video-preview:-1"},"canonical":"https:\/\/www.sonoraenequipo.com.mx\/brillan-pesistas-sonorenses-en-el-estatal-abierto-de-halterofilia\/","og_locale":"es_ES","og_type":"article","og_title":"Sonora en Equipo. Brillan pesistas sonorenses en el Estatal Abierto de Halterofilia Deportes","og_description":"HERMOSILLO, SONORA.MX. \u2014\u00a0 El Campeonato Estatal Abierto de Levantamiento de Pesas se celebr\u00f3 el pasado fin de semana con la participaci\u00f3n de m\u00e1s de 80 En Sonora en Equipo publicamos toda la informaci\u00f3n de Sonora, M\u00e9xico y el Mundo de manera oportuna y busca que la libertad de expresi\u00f3n sea real. Visita nuestro medio informativo publicado desde Hermosillo, Sonora. %","og_url":"https:\/\/www.sonoraenequipo.com.mx\/brillan-pesistas-sonorenses-en-el-estatal-abierto-de-halterofilia\/","og_site_name":"Sonora en Equipo.","article_publisher":"https:\/\/www.facebook.com\/SonoraEE\/","article_author":"https:\/\/www.facebook.com\/SonoraEE","article_published_time":"2026-01-13T18:30:21+00:00","article_modified_time":"2026-01-14T00:19:37+00:00","og_image":[{"width":1200,"height":800,"url":"https:\/\/www.sonoraenequipo.com.mx\/storage\/2026\/01\/brillan-pesistas-sonorenses-1.jpg","type":"image\/jpeg"}],"author":"enequipo","twitter_card":"summary_large_image","twitter_creator":"@sonoraenequipo","twitter_site":"@sonoraenequipo","twitter_misc":{"Escrito por":"enequipo","Tiempo de lectura":"1 minuto"},"schema":{"@context":"https:\/\/schema.org","@graph":[{"@type":"Article","@id":"https:\/\/www.sonoraenequipo.com.mx\/brillan-pesistas-sonorenses-en-el-estatal-abierto-de-halterofilia\/#article","isPartOf":{"@id":"https:\/\/www.sonoraenequipo.com.mx\/brillan-pesistas-sonorenses-en-el-estatal-abierto-de-halterofilia\/"},"author":{"name":"enequipo","@id":"https:\/\/www.sonoraenequipo.com.mx\/#\/schema\/person\/50102df0fb23a8fa9e8effad8fa81386"},"headline":"Brillan pesistas sonorenses en el Estatal Abierto de Halterofilia","datePublished":"2026-01-13T18:30:21+00:00","dateModified":"2026-01-14T00:19:37+00:00","mainEntityOfPage":{"@id":"https:\/\/www.sonoraenequipo.com.mx\/brillan-pesistas-sonorenses-en-el-estatal-abierto-de-halterofilia\/"},"wordCount":300,"commentCount":0,"publisher":{"@id":"https:\/\/www.sonoraenequipo.com.mx\/#organization"},"image":{"@id":"https:\/\/www.sonoraenequipo.com.mx\/brillan-pesistas-sonorenses-en-el-estatal-abierto-de-halterofilia\/#primaryimage"},"thumbnailUrl":"https:\/\/www.sonoraenequipo.com.mx\/storage\/2026\/01\/brillan-pesistas-sonorenses-1.jpg","articleSection":["Deportes"],"inLanguage":"es","potentialAction":[{"@type":"CommentAction","name":"Comment","target":["https:\/\/www.sonoraenequipo.com.mx\/brillan-pesistas-sonorenses-en-el-estatal-abierto-de-halterofilia\/#respond"]}]},{"@type":"WebPage","@id":"https:\/\/www.sonoraenequipo.com.mx\/brillan-pesistas-sonorenses-en-el-estatal-abierto-de-halterofilia\/","url":"https:\/\/www.sonoraenequipo.com.mx\/brillan-pesistas-sonorenses-en-el-estatal-abierto-de-halterofilia\/","name":"Sonora en Equipo. Brillan pesistas sonorenses en el Estatal Abierto de Halterofilia Deportes","isPartOf":{"@id":"https:\/\/www.sonoraenequipo.com.mx\/#website"},"primaryImageOfPage":{"@id":"https:\/\/www.sonoraenequipo.com.mx\/brillan-pesistas-sonorenses-en-el-estatal-abierto-de-halterofilia\/#primaryimage"},"image":{"@id":"https:\/\/www.sonoraenequipo.com.mx\/brillan-pesistas-sonorenses-en-el-estatal-abierto-de-halterofilia\/#primaryimage"},"thumbnailUrl":"https:\/\/www.sonoraenequipo.com.mx\/storage\/2026\/01\/brillan-pesistas-sonorenses-1.jpg","datePublished":"2026-01-13T18:30:21+00:00","dateModified":"2026-01-14T00:19:37+00:00","description":"HERMOSILLO, SONORA.MX. \u2014\u00a0 El Campeonato Estatal Abierto de Levantamiento de Pesas se celebr\u00f3 el pasado fin de semana con la participaci\u00f3n de m\u00e1s de 80 En Sonora en Equipo publicamos toda la informaci\u00f3n de Sonora, M\u00e9xico y el Mundo de manera oportuna y busca que la libertad de expresi\u00f3n sea real. Visita nuestro medio informativo publicado desde Hermosillo, Sonora. %","breadcrumb":{"@id":"https:\/\/www.sonoraenequipo.com.mx\/brillan-pesistas-sonorenses-en-el-estatal-abierto-de-halterofilia\/#breadcrumb"},"inLanguage":"es","potentialAction":[{"@type":"ReadAction","target":["https:\/\/www.sonoraenequipo.com.mx\/brillan-pesistas-sonorenses-en-el-estatal-abierto-de-halterofilia\/"]}]},{"@type":"ImageObject","inLanguage":"es","@id":"https:\/\/www.sonoraenequipo.com.mx\/brillan-pesistas-sonorenses-en-el-estatal-abierto-de-halterofilia\/#primaryimage","url":"https:\/\/www.sonoraenequipo.com.mx\/storage\/2026\/01\/brillan-pesistas-sonorenses-1.jpg","contentUrl":"https:\/\/www.sonoraenequipo.com.mx\/storage\/2026\/01\/brillan-pesistas-sonorenses-1.jpg","width":1200,"height":800},{"@type":"BreadcrumbList","@id":"https:\/\/www.sonoraenequipo.com.mx\/brillan-pesistas-sonorenses-en-el-estatal-abierto-de-halterofilia\/#breadcrumb","itemListElement":[{"@type":"ListItem","position":1,"name":"Portada","item":"https:\/\/www.sonoraenequipo.com.mx\/"},{"@type":"ListItem","position":2,"name":"Brillan pesistas sonorenses en el Estatal Abierto de Halterofilia"}]},{"@type":"WebSite","@id":"https:\/\/www.sonoraenequipo.com.mx\/#website","url":"https:\/\/www.sonoraenequipo.com.mx\/","name":"Sonora en Equipo.","description":"Diario en l\u00ednea con Noticias desde Hermosillo, Sonora","publisher":{"@id":"https:\/\/www.sonoraenequipo.com.mx\/#organization"},"potentialAction":[{"@type":"SearchAction","target":{"@type":"EntryPoint","urlTemplate":"https:\/\/www.sonoraenequipo.com.mx\/?s={search_term_string}"},"query-input":{"@type":"PropertyValueSpecification","valueRequired":true,"valueName":"search_term_string"}}],"inLanguage":"es"},{"@type":"Organization","@id":"https:\/\/www.sonoraenequipo.com.mx\/#organization","name":"Sonoraenequipo.com.mx","url":"https:\/\/www.sonoraenequipo.com.mx\/","logo":{"@type":"ImageObject","inLanguage":"es","@id":"https:\/\/www.sonoraenequipo.com.mx\/#\/schema\/logo\/image\/","url":"https:\/\/www.sonoraenequipo.com.mx\/storage\/2019\/01\/sonoraenequipo_opt.png","contentUrl":"https:\/\/www.sonoraenequipo.com.mx\/storage\/2019\/01\/sonoraenequipo_opt.png","width":375,"height":125,"caption":"Sonoraenequipo.com.mx"},"image":{"@id":"https:\/\/www.sonoraenequipo.com.mx\/#\/schema\/logo\/image\/"},"sameAs":["https:\/\/www.facebook.com\/SonoraEE\/","https:\/\/x.com\/sonoraenequipo","https:\/\/www.youtube.com\/channel\/UC338nW-lPEYmJQs4ZABQ1SQ"]},{"@type":"Person","@id":"https:\/\/www.sonoraenequipo.com.mx\/#\/schema\/person\/50102df0fb23a8fa9e8effad8fa81386","name":"enequipo","image":{"@type":"ImageObject","inLanguage":"es","@id":"https:\/\/www.sonoraenequipo.com.mx\/#\/schema\/person\/image\/","url":"https:\/\/secure.gravatar.com\/avatar\/049821681b589dabc0bc20695993ccebb09f5b5d4d790cd9251b97faac7c652b?s=96&d=blank&r=g","contentUrl":"https:\/\/secure.gravatar.com\/avatar\/049821681b589dabc0bc20695993ccebb09f5b5d4d790cd9251b97faac7c652b?s=96&d=blank&r=g","caption":"enequipo"},"sameAs":["https:\/\/www.facebook.com\/SonoraEE"]}]}},"jetpack_featured_media_url":"https:\/\/www.sonoraenequipo.com.mx\/storage\/2026\/01\/brillan-pesistas-sonorenses-1.jpg","_links":{"self":[{"href":"https:\/\/www.sonoraenequipo.com.mx\/api\/wp\/v2\/posts\/233063","targetHints":{"allow":["GET"]}}],"collection":[{"href":"https:\/\/www.sonoraenequipo.com.mx\/api\/wp\/v2\/posts"}],"about":[{"href":"https:\/\/www.sonoraenequipo.com.mx\/api\/wp\/v2\/types\/post"}],"author":[{"embeddable":true,"href":"https:\/\/www.sonoraenequipo.com.mx\/api\/wp\/v2\/users\/1"}],"replies":[{"embeddable":true,"href":"https:\/\/www.sonoraenequipo.com.mx\/api\/wp\/v2\/comments?post=233063"}],"version-history":[{"count":2,"href":"https:\/\/www.sonoraenequipo.com.mx\/api\/wp\/v2\/posts\/233063\/revisions"}],"predecessor-version":[{"id":233065,"href":"https:\/\/www.sonoraenequipo.com.mx\/api\/wp\/v2\/posts\/233063\/revisions\/233065"}],"wp:featuredmedia":[{"embeddable":true,"href":"https:\/\/www.sonoraenequipo.com.mx\/api\/wp\/v2\/media\/233060"}],"wp:attachment":[{"href":"https:\/\/www.sonoraenequipo.com.mx\/api\/wp\/v2\/media?parent=233063"}],"wp:term":[{"taxonomy":"category","embeddable":true,"href":"https:\/\/www.sonoraenequipo.com.mx\/api\/wp\/v2\/categories?post=233063"},{"taxonomy":"post_tag","embeddable":true,"href":"https:\/\/www.sonoraenequipo.com.mx\/api\/wp\/v2\/tags?post=233063"}],"curies":[{"name":"wp","href":"https:\/\/api.w.org\/{rel}","templated":true}]}}