{"id":233070,"date":"2026-01-13T13:28:28","date_gmt":"2026-01-13T20:28:28","guid":{"rendered":"https:\/\/www.sonoraenequipo.com.mx\/?p=233070"},"modified":"2026-01-13T17:48:00","modified_gmt":"2026-01-14T00:48:00","slug":"conforma-itesca-comite-de-festejos-por-su-30-aniversario-gobierno-de-sonora","status":"publish","type":"post","link":"https:\/\/www.sonoraenequipo.com.mx\/conforma-itesca-comite-de-festejos-por-su-30-aniversario-gobierno-de-sonora\/","title":{"rendered":"Conforma Itesca Comit\u00e9 de Festejos por su 30 aniversario: Gobierno de Sonora"},"content":{"rendered":"<p><strong>CAJEME, SONORA.MX. \u2014\u00a0<\/strong> Con personal docente y administrativo, tanto activos como en retiro, qued\u00f3 formalmente integrado el Comit\u00e9 de Festejos con motivo del 30 aniversario del Instituto Tecnol\u00f3gico Superior de Cajeme (Itesca), inform\u00f3 el Gobierno de Sonora.<\/p>\n<p>&nbsp;<\/p>\n<p>&nbsp;<\/p>\n<p> <\/p>\n<p>Durante el acto protocolario, se estableci\u00f3 que el prop\u00f3sito de dicho Comit\u00e9 ser\u00e1 planear, coordinar y ejecutar una agenda conmemorativa que honre la historia de Itesca, fortalezca su sentido de pertenencia y proyecte hacia el futuro.<\/p>\n<p>&nbsp;<\/p>\n<p>&nbsp;<\/p>\n<p>La directora general del Itesca, Margarita V\u00e9lez de la Rocha, realiz\u00f3 la toma de protesta correspondiente y agradeci\u00f3 a quienes aceptaron integrar este equipo, cuya mirada ser\u00e1 br\u00fajula en cada decisi\u00f3n, asegurando calidad, inclusi\u00f3n e impacto institucional.<\/p>\n<p>&nbsp;<\/p>\n<p>&nbsp;<\/p>\n<p><em><strong>\u201cTreinta a\u00f1os se dicen f\u00e1cil, pero detr\u00e1s hay fundadoras y fundadores, personal acad\u00e9mico y administrativo, egresadas, egresados y generaciones de estudiantes que han hecho posible esta casa de estudios\u201d,<\/strong><\/em> manifest\u00f3.<\/p>\n<p>&nbsp;<\/p>\n<p><img loading=\"lazy\" decoding=\"async\" class=\"x-left size-full \" src=\"https:\/\/www.sonoraenequipo.com.mx\/storage\/2026\/01\/itesca-1.jpg\" alt=\"\" width=\"1200\" height=\"797\" \/>Acto seguido, la directora general tom\u00f3 protesta de rigor a Neptal\u00ed Marcial Ch\u00e1vez como presidente del comit\u00e9 y a Sonia Guadalupe Beltr\u00e1n Esparza como secretaria t\u00e9cnica.<\/p>\n<p>&nbsp;<\/p>\n<p>&nbsp;<\/p>\n<p>Otras diez personas integran subcomit\u00e9s, quienes habr\u00e1n de definir la visi\u00f3n y el calendario de actividades conmemorativas, proponer homenajes y reconocimientos a personas y proyectos emblem\u00e1ticos, cuidar que cada evento refleje los valores de Itesca y la historia compartida, y sumar aliados y respaldos que fortalezcan el alcance de los festejos.<\/p>\n<p>&nbsp;<\/p>\n<p>&nbsp;<\/p>\n<p>PUBLICADO EL 13 DE ENERO DE 2026 Con informaci\u00f3n de GOBSON 0126\/092)<\/p>\n","protected":false},"excerpt":{"rendered":"<p>CAJEME, SONORA.MX. \u2014\u00a0 Con personal docente y administrativo, tanto activos como en retiro, qued\u00f3 formalmente&#8230;<\/p>\n","protected":false},"author":1,"featured_media":233058,"comment_status":"open","ping_status":"open","sticky":false,"template":"","format":"standard","meta":{"_monsterinsights_skip_tracking":false,"_monsterinsights_sitenote_active":false,"_monsterinsights_sitenote_note":"","_monsterinsights_sitenote_category":0,"footnotes":""},"categories":[22],"tags":[],"class_list":["post"],"yoast_head":" \n<title>Sonora en Equipo. Conforma Itesca Comit\u00e9 de Festejos por su 30 aniversario: Gobierno de Sonora Sonora<\/title>\n<meta name=\"description\" content=\"CAJEME, SONORA.MX. \u2014\u00a0 Con personal docente y administrativo, tanto activos como en retiro, qued\u00f3 formalmente integrado el Comit\u00e9 de Festejos con motivo En Sonora en Equipo publicamos toda la informaci\u00f3n de Sonora, M\u00e9xico y el Mundo de manera oportuna y busca que la libertad de expresi\u00f3n sea real. Visita nuestro medio informativo publicado desde Hermosillo, Sonora. %\" \/>\n<meta name=\"robots\" content=\"index, follow, max-snippet:-1, max-image-preview:large, max-video-preview:-1\" \/>\n<link rel=\"canonical\" href=\"https:\/\/www.sonoraenequipo.com.mx\/conforma-itesca-comite-de-festejos-por-su-30-aniversario-gobierno-de-sonora\/\" \/>\n<meta property=\"og:locale\" content=\"es_ES\" \/>\n<meta property=\"og:type\" content=\"article\" \/>\n<meta property=\"og:title\" content=\"Sonora en Equipo. Conforma Itesca Comit\u00e9 de Festejos por su 30 aniversario: Gobierno de Sonora Sonora\" \/>\n<meta property=\"og:description\" content=\"CAJEME, SONORA.MX. \u2014\u00a0 Con personal docente y administrativo, tanto activos como en retiro, qued\u00f3 formalmente integrado el Comit\u00e9 de Festejos con motivo En Sonora en Equipo publicamos toda la informaci\u00f3n de Sonora, M\u00e9xico y el Mundo de manera oportuna y busca que la libertad de expresi\u00f3n sea real. Visita nuestro medio informativo publicado desde Hermosillo, Sonora. %\" \/>\n<meta property=\"og:url\" content=\"https:\/\/www.sonoraenequipo.com.mx\/conforma-itesca-comite-de-festejos-por-su-30-aniversario-gobierno-de-sonora\/\" \/>\n<meta property=\"og:site_name\" content=\"Sonora en Equipo.\" \/>\n<meta property=\"article:publisher\" content=\"https:\/\/www.facebook.com\/SonoraEE\/\" \/>\n<meta property=\"article:author\" content=\"https:\/\/www.facebook.com\/SonoraEE\" \/>\n<meta property=\"article:published_time\" content=\"2026-01-13T20:28:28+00:00\" \/>\n<meta property=\"article:modified_time\" content=\"2026-01-14T00:48:00+00:00\" \/>\n<meta property=\"og:image\" content=\"https:\/\/www.sonoraenequipo.com.mx\/storage\/2026\/01\/Conforma-Itesca-Comite-de-Festejos-por-su-30-aniversario-GobSon-1.jpg\" \/>\n\t<meta property=\"og:image:width\" content=\"1200\" \/>\n\t<meta property=\"og:image:height\" content=\"797\" \/>\n\t<meta property=\"og:image:type\" content=\"image\/jpeg\" \/>\n<meta name=\"author\" content=\"enequipo\" \/>\n<meta name=\"twitter:card\" content=\"summary_large_image\" \/>\n<meta name=\"twitter:creator\" content=\"@sonoraenequipo\" \/>\n<meta name=\"twitter:site\" content=\"@sonoraenequipo\" \/>\n<meta name=\"twitter:label1\" content=\"Escrito por\" \/>\n\t<meta name=\"twitter:data1\" content=\"enequipo\" \/>\n\t<meta name=\"twitter:label2\" content=\"Tiempo de lectura\" \/>\n\t<meta name=\"twitter:data2\" content=\"1 minuto\" \/>\n<script type=\"application\/ld+json\" class=\"yoast-schema-graph\">{\"@context\":\"https:\/\/schema.org\",\"@graph\":[{\"@type\":\"Article\",\"@id\":\"https:\/\/www.sonoraenequipo.com.mx\/conforma-itesca-comite-de-festejos-por-su-30-aniversario-gobierno-de-sonora\/#article\",\"isPartOf\":{\"@id\":\"https:\/\/www.sonoraenequipo.com.mx\/conforma-itesca-comite-de-festejos-por-su-30-aniversario-gobierno-de-sonora\/\"},\"author\":{\"name\":\"enequipo\",\"@id\":\"https:\/\/www.sonoraenequipo.com.mx\/#\/schema\/person\/50102df0fb23a8fa9e8effad8fa81386\"},\"headline\":\"Conforma Itesca Comit\u00e9 de Festejos por su 30 aniversario: Gobierno de Sonora\",\"datePublished\":\"2026-01-13T20:28:28+00:00\",\"dateModified\":\"2026-01-14T00:48:00+00:00\",\"mainEntityOfPage\":{\"@id\":\"https:\/\/www.sonoraenequipo.com.mx\/conforma-itesca-comite-de-festejos-por-su-30-aniversario-gobierno-de-sonora\/\"},\"wordCount\":265,\"commentCount\":0,\"publisher\":{\"@id\":\"https:\/\/www.sonoraenequipo.com.mx\/#organization\"},\"image\":{\"@id\":\"https:\/\/www.sonoraenequipo.com.mx\/conforma-itesca-comite-de-festejos-por-su-30-aniversario-gobierno-de-sonora\/#primaryimage\"},\"thumbnailUrl\":\"https:\/\/www.sonoraenequipo.com.mx\/storage\/2026\/01\/Conforma-Itesca-Comite-de-Festejos-por-su-30-aniversario-GobSon-1.jpg\",\"articleSection\":[\"Sonora\"],\"inLanguage\":\"es\",\"potentialAction\":[{\"@type\":\"CommentAction\",\"name\":\"Comment\",\"target\":[\"https:\/\/www.sonoraenequipo.com.mx\/conforma-itesca-comite-de-festejos-por-su-30-aniversario-gobierno-de-sonora\/#respond\"]}]},{\"@type\":\"WebPage\",\"@id\":\"https:\/\/www.sonoraenequipo.com.mx\/conforma-itesca-comite-de-festejos-por-su-30-aniversario-gobierno-de-sonora\/\",\"url\":\"https:\/\/www.sonoraenequipo.com.mx\/conforma-itesca-comite-de-festejos-por-su-30-aniversario-gobierno-de-sonora\/\",\"name\":\"Sonora en Equipo. Conforma Itesca Comit\u00e9 de Festejos por su 30 aniversario: Gobierno de Sonora Sonora\",\"isPartOf\":{\"@id\":\"https:\/\/www.sonoraenequipo.com.mx\/#website\"},\"primaryImageOfPage\":{\"@id\":\"https:\/\/www.sonoraenequipo.com.mx\/conforma-itesca-comite-de-festejos-por-su-30-aniversario-gobierno-de-sonora\/#primaryimage\"},\"image\":{\"@id\":\"https:\/\/www.sonoraenequipo.com.mx\/conforma-itesca-comite-de-festejos-por-su-30-aniversario-gobierno-de-sonora\/#primaryimage\"},\"thumbnailUrl\":\"https:\/\/www.sonoraenequipo.com.mx\/storage\/2026\/01\/Conforma-Itesca-Comite-de-Festejos-por-su-30-aniversario-GobSon-1.jpg\",\"datePublished\":\"2026-01-13T20:28:28+00:00\",\"dateModified\":\"2026-01-14T00:48:00+00:00\",\"description\":\"CAJEME, SONORA.MX. \u2014\u00a0 Con personal docente y administrativo, tanto activos como en retiro, qued\u00f3 formalmente integrado el Comit\u00e9 de Festejos con motivo En Sonora en Equipo publicamos toda la informaci\u00f3n de Sonora, M\u00e9xico y el Mundo de manera oportuna y busca que la libertad de expresi\u00f3n sea real. Visita nuestro medio informativo publicado desde Hermosillo, Sonora. %\",\"breadcrumb\":{\"@id\":\"https:\/\/www.sonoraenequipo.com.mx\/conforma-itesca-comite-de-festejos-por-su-30-aniversario-gobierno-de-sonora\/#breadcrumb\"},\"inLanguage\":\"es\",\"potentialAction\":[{\"@type\":\"ReadAction\",\"target\":[\"https:\/\/www.sonoraenequipo.com.mx\/conforma-itesca-comite-de-festejos-por-su-30-aniversario-gobierno-de-sonora\/\"]}]},{\"@type\":\"ImageObject\",\"inLanguage\":\"es\",\"@id\":\"https:\/\/www.sonoraenequipo.com.mx\/conforma-itesca-comite-de-festejos-por-su-30-aniversario-gobierno-de-sonora\/#primaryimage\",\"url\":\"https:\/\/www.sonoraenequipo.com.mx\/storage\/2026\/01\/Conforma-Itesca-Comite-de-Festejos-por-su-30-aniversario-GobSon-1.jpg\",\"contentUrl\":\"https:\/\/www.sonoraenequipo.com.mx\/storage\/2026\/01\/Conforma-Itesca-Comite-de-Festejos-por-su-30-aniversario-GobSon-1.jpg\",\"width\":1200,\"height\":797},{\"@type\":\"BreadcrumbList\",\"@id\":\"https:\/\/www.sonoraenequipo.com.mx\/conforma-itesca-comite-de-festejos-por-su-30-aniversario-gobierno-de-sonora\/#breadcrumb\",\"itemListElement\":[{\"@type\":\"ListItem\",\"position\":1,\"name\":\"Portada\",\"item\":\"https:\/\/www.sonoraenequipo.com.mx\/\"},{\"@type\":\"ListItem\",\"position\":2,\"name\":\"Conforma Itesca Comit\u00e9 de Festejos por su 30 aniversario: Gobierno de Sonora\"}]},{\"@type\":\"WebSite\",\"@id\":\"https:\/\/www.sonoraenequipo.com.mx\/#website\",\"url\":\"https:\/\/www.sonoraenequipo.com.mx\/\",\"name\":\"Sonora en Equipo.\",\"description\":\"Diario en l\u00ednea con Noticias desde Hermosillo, Sonora\",\"publisher\":{\"@id\":\"https:\/\/www.sonoraenequipo.com.mx\/#organization\"},\"potentialAction\":[{\"@type\":\"SearchAction\",\"target\":{\"@type\":\"EntryPoint\",\"urlTemplate\":\"https:\/\/www.sonoraenequipo.com.mx\/?s={search_term_string}\"},\"query-input\":{\"@type\":\"PropertyValueSpecification\",\"valueRequired\":true,\"valueName\":\"search_term_string\"}}],\"inLanguage\":\"es\"},{\"@type\":\"Organization\",\"@id\":\"https:\/\/www.sonoraenequipo.com.mx\/#organization\",\"name\":\"Sonoraenequipo.com.mx\",\"url\":\"https:\/\/www.sonoraenequipo.com.mx\/\",\"logo\":{\"@type\":\"ImageObject\",\"inLanguage\":\"es\",\"@id\":\"https:\/\/www.sonoraenequipo.com.mx\/#\/schema\/logo\/image\/\",\"url\":\"https:\/\/www.sonoraenequipo.com.mx\/storage\/2019\/01\/sonoraenequipo_opt.png\",\"contentUrl\":\"https:\/\/www.sonoraenequipo.com.mx\/storage\/2019\/01\/sonoraenequipo_opt.png\",\"width\":375,\"height\":125,\"caption\":\"Sonoraenequipo.com.mx\"},\"image\":{\"@id\":\"https:\/\/www.sonoraenequipo.com.mx\/#\/schema\/logo\/image\/\"},\"sameAs\":[\"https:\/\/www.facebook.com\/SonoraEE\/\",\"https:\/\/x.com\/sonoraenequipo\",\"https:\/\/www.youtube.com\/channel\/UC338nW-lPEYmJQs4ZABQ1SQ\"]},{\"@type\":\"Person\",\"@id\":\"https:\/\/www.sonoraenequipo.com.mx\/#\/schema\/person\/50102df0fb23a8fa9e8effad8fa81386\",\"name\":\"enequipo\",\"image\":{\"@type\":\"ImageObject\",\"inLanguage\":\"es\",\"@id\":\"https:\/\/www.sonoraenequipo.com.mx\/#\/schema\/person\/image\/\",\"url\":\"https:\/\/secure.gravatar.com\/avatar\/049821681b589dabc0bc20695993ccebb09f5b5d4d790cd9251b97faac7c652b?s=96&d=blank&r=g\",\"contentUrl\":\"https:\/\/secure.gravatar.com\/avatar\/049821681b589dabc0bc20695993ccebb09f5b5d4d790cd9251b97faac7c652b?s=96&d=blank&r=g\",\"caption\":\"enequipo\"},\"sameAs\":[\"https:\/\/www.facebook.com\/SonoraEE\"]}]}<\/script>\n ","yoast_head_json":{"title":"Sonora en Equipo. Conforma Itesca Comit\u00e9 de Festejos por su 30 aniversario: Gobierno de Sonora Sonora","description":"CAJEME, SONORA.MX. \u2014\u00a0 Con personal docente y administrativo, tanto activos como en retiro, qued\u00f3 formalmente integrado el Comit\u00e9 de Festejos con motivo En Sonora en Equipo publicamos toda la informaci\u00f3n de Sonora, M\u00e9xico y el Mundo de manera oportuna y busca que la libertad de expresi\u00f3n sea real. Visita nuestro medio informativo publicado desde Hermosillo, Sonora. %","robots":{"index":"index","follow":"follow","max-snippet":"max-snippet:-1","max-image-preview":"max-image-preview:large","max-video-preview":"max-video-preview:-1"},"canonical":"https:\/\/www.sonoraenequipo.com.mx\/conforma-itesca-comite-de-festejos-por-su-30-aniversario-gobierno-de-sonora\/","og_locale":"es_ES","og_type":"article","og_title":"Sonora en Equipo. Conforma Itesca Comit\u00e9 de Festejos por su 30 aniversario: Gobierno de Sonora Sonora","og_description":"CAJEME, SONORA.MX. \u2014\u00a0 Con personal docente y administrativo, tanto activos como en retiro, qued\u00f3 formalmente integrado el Comit\u00e9 de Festejos con motivo En Sonora en Equipo publicamos toda la informaci\u00f3n de Sonora, M\u00e9xico y el Mundo de manera oportuna y busca que la libertad de expresi\u00f3n sea real. Visita nuestro medio informativo publicado desde Hermosillo, Sonora. %","og_url":"https:\/\/www.sonoraenequipo.com.mx\/conforma-itesca-comite-de-festejos-por-su-30-aniversario-gobierno-de-sonora\/","og_site_name":"Sonora en Equipo.","article_publisher":"https:\/\/www.facebook.com\/SonoraEE\/","article_author":"https:\/\/www.facebook.com\/SonoraEE","article_published_time":"2026-01-13T20:28:28+00:00","article_modified_time":"2026-01-14T00:48:00+00:00","og_image":[{"width":1200,"height":797,"url":"https:\/\/www.sonoraenequipo.com.mx\/storage\/2026\/01\/Conforma-Itesca-Comite-de-Festejos-por-su-30-aniversario-GobSon-1.jpg","type":"image\/jpeg"}],"author":"enequipo","twitter_card":"summary_large_image","twitter_creator":"@sonoraenequipo","twitter_site":"@sonoraenequipo","twitter_misc":{"Escrito por":"enequipo","Tiempo de lectura":"1 minuto"},"schema":{"@context":"https:\/\/schema.org","@graph":[{"@type":"Article","@id":"https:\/\/www.sonoraenequipo.com.mx\/conforma-itesca-comite-de-festejos-por-su-30-aniversario-gobierno-de-sonora\/#article","isPartOf":{"@id":"https:\/\/www.sonoraenequipo.com.mx\/conforma-itesca-comite-de-festejos-por-su-30-aniversario-gobierno-de-sonora\/"},"author":{"name":"enequipo","@id":"https:\/\/www.sonoraenequipo.com.mx\/#\/schema\/person\/50102df0fb23a8fa9e8effad8fa81386"},"headline":"Conforma Itesca Comit\u00e9 de Festejos por su 30 aniversario: Gobierno de Sonora","datePublished":"2026-01-13T20:28:28+00:00","dateModified":"2026-01-14T00:48:00+00:00","mainEntityOfPage":{"@id":"https:\/\/www.sonoraenequipo.com.mx\/conforma-itesca-comite-de-festejos-por-su-30-aniversario-gobierno-de-sonora\/"},"wordCount":265,"commentCount":0,"publisher":{"@id":"https:\/\/www.sonoraenequipo.com.mx\/#organization"},"image":{"@id":"https:\/\/www.sonoraenequipo.com.mx\/conforma-itesca-comite-de-festejos-por-su-30-aniversario-gobierno-de-sonora\/#primaryimage"},"thumbnailUrl":"https:\/\/www.sonoraenequipo.com.mx\/storage\/2026\/01\/Conforma-Itesca-Comite-de-Festejos-por-su-30-aniversario-GobSon-1.jpg","articleSection":["Sonora"],"inLanguage":"es","potentialAction":[{"@type":"CommentAction","name":"Comment","target":["https:\/\/www.sonoraenequipo.com.mx\/conforma-itesca-comite-de-festejos-por-su-30-aniversario-gobierno-de-sonora\/#respond"]}]},{"@type":"WebPage","@id":"https:\/\/www.sonoraenequipo.com.mx\/conforma-itesca-comite-de-festejos-por-su-30-aniversario-gobierno-de-sonora\/","url":"https:\/\/www.sonoraenequipo.com.mx\/conforma-itesca-comite-de-festejos-por-su-30-aniversario-gobierno-de-sonora\/","name":"Sonora en Equipo. Conforma Itesca Comit\u00e9 de Festejos por su 30 aniversario: Gobierno de Sonora Sonora","isPartOf":{"@id":"https:\/\/www.sonoraenequipo.com.mx\/#website"},"primaryImageOfPage":{"@id":"https:\/\/www.sonoraenequipo.com.mx\/conforma-itesca-comite-de-festejos-por-su-30-aniversario-gobierno-de-sonora\/#primaryimage"},"image":{"@id":"https:\/\/www.sonoraenequipo.com.mx\/conforma-itesca-comite-de-festejos-por-su-30-aniversario-gobierno-de-sonora\/#primaryimage"},"thumbnailUrl":"https:\/\/www.sonoraenequipo.com.mx\/storage\/2026\/01\/Conforma-Itesca-Comite-de-Festejos-por-su-30-aniversario-GobSon-1.jpg","datePublished":"2026-01-13T20:28:28+00:00","dateModified":"2026-01-14T00:48:00+00:00","description":"CAJEME, SONORA.MX. \u2014\u00a0 Con personal docente y administrativo, tanto activos como en retiro, qued\u00f3 formalmente integrado el Comit\u00e9 de Festejos con motivo En Sonora en Equipo publicamos toda la informaci\u00f3n de Sonora, M\u00e9xico y el Mundo de manera oportuna y busca que la libertad de expresi\u00f3n sea real. Visita nuestro medio informativo publicado desde Hermosillo, Sonora. %","breadcrumb":{"@id":"https:\/\/www.sonoraenequipo.com.mx\/conforma-itesca-comite-de-festejos-por-su-30-aniversario-gobierno-de-sonora\/#breadcrumb"},"inLanguage":"es","potentialAction":[{"@type":"ReadAction","target":["https:\/\/www.sonoraenequipo.com.mx\/conforma-itesca-comite-de-festejos-por-su-30-aniversario-gobierno-de-sonora\/"]}]},{"@type":"ImageObject","inLanguage":"es","@id":"https:\/\/www.sonoraenequipo.com.mx\/conforma-itesca-comite-de-festejos-por-su-30-aniversario-gobierno-de-sonora\/#primaryimage","url":"https:\/\/www.sonoraenequipo.com.mx\/storage\/2026\/01\/Conforma-Itesca-Comite-de-Festejos-por-su-30-aniversario-GobSon-1.jpg","contentUrl":"https:\/\/www.sonoraenequipo.com.mx\/storage\/2026\/01\/Conforma-Itesca-Comite-de-Festejos-por-su-30-aniversario-GobSon-1.jpg","width":1200,"height":797},{"@type":"BreadcrumbList","@id":"https:\/\/www.sonoraenequipo.com.mx\/conforma-itesca-comite-de-festejos-por-su-30-aniversario-gobierno-de-sonora\/#breadcrumb","itemListElement":[{"@type":"ListItem","position":1,"name":"Portada","item":"https:\/\/www.sonoraenequipo.com.mx\/"},{"@type":"ListItem","position":2,"name":"Conforma Itesca Comit\u00e9 de Festejos por su 30 aniversario: Gobierno de Sonora"}]},{"@type":"WebSite","@id":"https:\/\/www.sonoraenequipo.com.mx\/#website","url":"https:\/\/www.sonoraenequipo.com.mx\/","name":"Sonora en Equipo.","description":"Diario en l\u00ednea con Noticias desde Hermosillo, Sonora","publisher":{"@id":"https:\/\/www.sonoraenequipo.com.mx\/#organization"},"potentialAction":[{"@type":"SearchAction","target":{"@type":"EntryPoint","urlTemplate":"https:\/\/www.sonoraenequipo.com.mx\/?s={search_term_string}"},"query-input":{"@type":"PropertyValueSpecification","valueRequired":true,"valueName":"search_term_string"}}],"inLanguage":"es"},{"@type":"Organization","@id":"https:\/\/www.sonoraenequipo.com.mx\/#organization","name":"Sonoraenequipo.com.mx","url":"https:\/\/www.sonoraenequipo.com.mx\/","logo":{"@type":"ImageObject","inLanguage":"es","@id":"https:\/\/www.sonoraenequipo.com.mx\/#\/schema\/logo\/image\/","url":"https:\/\/www.sonoraenequipo.com.mx\/storage\/2019\/01\/sonoraenequipo_opt.png","contentUrl":"https:\/\/www.sonoraenequipo.com.mx\/storage\/2019\/01\/sonoraenequipo_opt.png","width":375,"height":125,"caption":"Sonoraenequipo.com.mx"},"image":{"@id":"https:\/\/www.sonoraenequipo.com.mx\/#\/schema\/logo\/image\/"},"sameAs":["https:\/\/www.facebook.com\/SonoraEE\/","https:\/\/x.com\/sonoraenequipo","https:\/\/www.youtube.com\/channel\/UC338nW-lPEYmJQs4ZABQ1SQ"]},{"@type":"Person","@id":"https:\/\/www.sonoraenequipo.com.mx\/#\/schema\/person\/50102df0fb23a8fa9e8effad8fa81386","name":"enequipo","image":{"@type":"ImageObject","inLanguage":"es","@id":"https:\/\/www.sonoraenequipo.com.mx\/#\/schema\/person\/image\/","url":"https:\/\/secure.gravatar.com\/avatar\/049821681b589dabc0bc20695993ccebb09f5b5d4d790cd9251b97faac7c652b?s=96&d=blank&r=g","contentUrl":"https:\/\/secure.gravatar.com\/avatar\/049821681b589dabc0bc20695993ccebb09f5b5d4d790cd9251b97faac7c652b?s=96&d=blank&r=g","caption":"enequipo"},"sameAs":["https:\/\/www.facebook.com\/SonoraEE"]}]}},"jetpack_featured_media_url":"https:\/\/www.sonoraenequipo.com.mx\/storage\/2026\/01\/Conforma-Itesca-Comite-de-Festejos-por-su-30-aniversario-GobSon-1.jpg","_links":{"self":[{"href":"https:\/\/www.sonoraenequipo.com.mx\/api\/wp\/v2\/posts\/233070","targetHints":{"allow":["GET"]}}],"collection":[{"href":"https:\/\/www.sonoraenequipo.com.mx\/api\/wp\/v2\/posts"}],"about":[{"href":"https:\/\/www.sonoraenequipo.com.mx\/api\/wp\/v2\/types\/post"}],"author":[{"embeddable":true,"href":"https:\/\/www.sonoraenequipo.com.mx\/api\/wp\/v2\/users\/1"}],"replies":[{"embeddable":true,"href":"https:\/\/www.sonoraenequipo.com.mx\/api\/wp\/v2\/comments?post=233070"}],"version-history":[{"count":1,"href":"https:\/\/www.sonoraenequipo.com.mx\/api\/wp\/v2\/posts\/233070\/revisions"}],"predecessor-version":[{"id":233071,"href":"https:\/\/www.sonoraenequipo.com.mx\/api\/wp\/v2\/posts\/233070\/revisions\/233071"}],"wp:featuredmedia":[{"embeddable":true,"href":"https:\/\/www.sonoraenequipo.com.mx\/api\/wp\/v2\/media\/233058"}],"wp:attachment":[{"href":"https:\/\/www.sonoraenequipo.com.mx\/api\/wp\/v2\/media?parent=233070"}],"wp:term":[{"taxonomy":"category","embeddable":true,"href":"https:\/\/www.sonoraenequipo.com.mx\/api\/wp\/v2\/categories?post=233070"},{"taxonomy":"post_tag","embeddable":true,"href":"https:\/\/www.sonoraenequipo.com.mx\/api\/wp\/v2\/tags?post=233070"}],"curies":[{"name":"wp","href":"https:\/\/api.w.org\/{rel}","templated":true}]}}