{"id":233077,"date":"2026-01-14T12:09:42","date_gmt":"2026-01-14T19:09:42","guid":{"rendered":"https:\/\/www.sonoraenequipo.com.mx\/?p=233077"},"modified":"2026-01-14T12:09:42","modified_gmt":"2026-01-14T19:09:42","slug":"hombre-mata-a-su-pareja-y-luego-se-quita-la-vida-explica-fiscalia","status":"publish","type":"post","link":"https:\/\/www.sonoraenequipo.com.mx\/hombre-mata-a-su-pareja-y-luego-se-quita-la-vida-explica-fiscalia\/","title":{"rendered":"Hombre mata a su pareja y luego se quita la vida; explica Fiscal\u00eda"},"content":{"rendered":"<p><strong>HERMOSILLO, SONORA, MX.<\/strong> \u2014 Con relaci\u00f3n a las investigaciones del fallecimiento de dos personas, una mujer y un hombre, localizadas en un domicilio de la Privada Santa Clara, en la ciudad de Hermosillo, la Fiscal\u00eda General de Justicia del Estado de Sonora (FGJES) informa:<\/p>\n<p>&nbsp;<\/p>\n<p>De acuerdo con los dict\u00e1menes periciales realizados, se estableci\u00f3 que Karen Daniela \u201cN\u201d falleci\u00f3 a consecuencia de asfixia por estrangulamiento, mientras que Rafael Alberto \u201cN\u201d perdi\u00f3 la vida debido a\u00a0 asfixia por ahorcamiento, conforme a los resultados de las<\/p>\n<p>necropsias correspondientes.<\/p>\n<p>&nbsp;<\/p>\n<p>Como parte del an\u00e1lisis integral del caso, la Fiscal\u00eda confirm\u00f3 la existencia de antecedentes judiciales por el delito de violencia familiar por parte de Rafael Alberto \u201cN\u201d, en contra de la v\u00edctima, iniciados en el a\u00f1o 2024, ambos hab\u00edan procreado un hijo.<\/p>\n<p>&nbsp;<\/p>\n<p>Dicho proceso fue judicializado, se formul\u00f3 imputaci\u00f3n, se dict\u00f3 vinculaci\u00f3n a proceso y, posteriormente, fue autorizado por la autoridad judicial una suspensi\u00f3n condicional del proceso, con el consentimiento de la v\u00edctima ya que hab\u00edan vuelto a vivir juntos.<\/p>\n<p>&nbsp;<\/p>\n<p>Sin embargo el pasado 8 de enero, el hoy fallecido traslad\u00f3 al hijo de ambos al domicilio de los abuelos maternos, un d\u00eda despu\u00e9s del fallecimiento de la mujer, ocurrido el 7 de enero. Posteriormente, regres\u00f3 al inmueble donde m\u00e1s tarde fue localizado sin vida; los estudios forenses determinaron que su deceso por ahorcamiento (suicidio) ocurri\u00f3 el 10 de enero, adem\u00e1s de detectarse presencia de alcohol en sangre.<\/p>\n<p>&nbsp;<\/p>\n<p>Con base en los elementos recabados hasta el momento, la l\u00ednea de investigaci\u00f3n apunta a un hecho de feminicidio relacionado por celopat\u00eda, seguido de un suicidio, todo asociado al consumo de alcohol, no obstante, la carpeta de investigaci\u00f3n permanece abierta a fin de agotar todas las diligencias necesarias y confirmar plenamente las circunstancias de los hechos.<\/p>\n<p><strong>Fecha de publicaci\u00f3n mi\u00e9rcoles 14 de enero de 2026<\/strong><\/p>\n<p>&nbsp;<\/p>\n","protected":false},"excerpt":{"rendered":"<p>HERMOSILLO, SONORA, MX. \u2014 Con relaci\u00f3n a las investigaciones del fallecimiento de dos personas, una&#8230;<\/p>\n","protected":false},"author":1,"featured_media":178327,"comment_status":"open","ping_status":"open","sticky":false,"template":"","format":"standard","meta":{"_monsterinsights_skip_tracking":false,"_monsterinsights_sitenote_active":false,"_monsterinsights_sitenote_note":"","_monsterinsights_sitenote_category":0,"footnotes":""},"categories":[3144],"tags":[3823,369],"class_list":["post"],"yoast_head":" \n<title>Sonora en Equipo. Hombre mata a su pareja y luego se quita la vida; explica Fiscal\u00eda Polic\u00edaca<\/title>\n<meta name=\"description\" content=\"HERMOSILLO, SONORA, MX. \u2014 Con relaci\u00f3n a las investigaciones del fallecimiento de dos personas, una mujer y un hombre, localizadas en un domicilio de la En Sonora en Equipo publicamos toda la informaci\u00f3n de Sonora, M\u00e9xico y el Mundo de manera oportuna y busca que la libertad de expresi\u00f3n sea real. Visita nuestro medio informativo publicado desde Hermosillo, Sonora. %\" \/>\n<meta name=\"robots\" content=\"index, follow, max-snippet:-1, max-image-preview:large, max-video-preview:-1\" \/>\n<link rel=\"canonical\" href=\"https:\/\/www.sonoraenequipo.com.mx\/hombre-mata-a-su-pareja-y-luego-se-quita-la-vida-explica-fiscalia\/\" \/>\n<meta property=\"og:locale\" content=\"es_ES\" \/>\n<meta property=\"og:type\" content=\"article\" \/>\n<meta property=\"og:title\" content=\"Sonora en Equipo. Hombre mata a su pareja y luego se quita la vida; explica Fiscal\u00eda Polic\u00edaca\" \/>\n<meta property=\"og:description\" content=\"HERMOSILLO, SONORA, MX. \u2014 Con relaci\u00f3n a las investigaciones del fallecimiento de dos personas, una mujer y un hombre, localizadas en un domicilio de la En Sonora en Equipo publicamos toda la informaci\u00f3n de Sonora, M\u00e9xico y el Mundo de manera oportuna y busca que la libertad de expresi\u00f3n sea real. Visita nuestro medio informativo publicado desde Hermosillo, Sonora. %\" \/>\n<meta property=\"og:url\" content=\"https:\/\/www.sonoraenequipo.com.mx\/hombre-mata-a-su-pareja-y-luego-se-quita-la-vida-explica-fiscalia\/\" \/>\n<meta property=\"og:site_name\" content=\"Sonora en Equipo.\" \/>\n<meta property=\"article:publisher\" content=\"https:\/\/www.facebook.com\/SonoraEE\/\" \/>\n<meta property=\"article:author\" content=\"https:\/\/www.facebook.com\/SonoraEE\" \/>\n<meta property=\"article:published_time\" content=\"2026-01-14T19:09:42+00:00\" \/>\n<meta property=\"og:image\" content=\"https:\/\/www.sonoraenequipo.com.mx\/storage\/2023\/11\/logo-fgjes.jpg\" \/>\n\t<meta property=\"og:image:width\" content=\"900\" \/>\n\t<meta property=\"og:image:height\" content=\"600\" \/>\n\t<meta property=\"og:image:type\" content=\"image\/jpeg\" \/>\n<meta name=\"author\" content=\"enequipo\" \/>\n<meta name=\"twitter:card\" content=\"summary_large_image\" \/>\n<meta name=\"twitter:creator\" content=\"@sonoraenequipo\" \/>\n<meta name=\"twitter:site\" content=\"@sonoraenequipo\" \/>\n<meta name=\"twitter:label1\" content=\"Escrito por\" \/>\n\t<meta name=\"twitter:data1\" content=\"enequipo\" \/>\n\t<meta name=\"twitter:label2\" content=\"Tiempo de lectura\" \/>\n\t<meta name=\"twitter:data2\" content=\"2 minutos\" \/>\n<script type=\"application\/ld+json\" class=\"yoast-schema-graph\">{\"@context\":\"https:\/\/schema.org\",\"@graph\":[{\"@type\":\"Article\",\"@id\":\"https:\/\/www.sonoraenequipo.com.mx\/hombre-mata-a-su-pareja-y-luego-se-quita-la-vida-explica-fiscalia\/#article\",\"isPartOf\":{\"@id\":\"https:\/\/www.sonoraenequipo.com.mx\/hombre-mata-a-su-pareja-y-luego-se-quita-la-vida-explica-fiscalia\/\"},\"author\":{\"name\":\"enequipo\",\"@id\":\"https:\/\/www.sonoraenequipo.com.mx\/#\/schema\/person\/50102df0fb23a8fa9e8effad8fa81386\"},\"headline\":\"Hombre mata a su pareja y luego se quita la vida; explica Fiscal\u00eda\",\"datePublished\":\"2026-01-14T19:09:42+00:00\",\"mainEntityOfPage\":{\"@id\":\"https:\/\/www.sonoraenequipo.com.mx\/hombre-mata-a-su-pareja-y-luego-se-quita-la-vida-explica-fiscalia\/\"},\"wordCount\":334,\"commentCount\":0,\"publisher\":{\"@id\":\"https:\/\/www.sonoraenequipo.com.mx\/#organization\"},\"image\":{\"@id\":\"https:\/\/www.sonoraenequipo.com.mx\/hombre-mata-a-su-pareja-y-luego-se-quita-la-vida-explica-fiscalia\/#primaryimage\"},\"thumbnailUrl\":\"https:\/\/www.sonoraenequipo.com.mx\/storage\/2023\/11\/logo-fgjes.jpg\",\"keywords\":[\"familiar\",\"violencia\"],\"articleSection\":[\"Polic\u00edaca\"],\"inLanguage\":\"es\",\"potentialAction\":[{\"@type\":\"CommentAction\",\"name\":\"Comment\",\"target\":[\"https:\/\/www.sonoraenequipo.com.mx\/hombre-mata-a-su-pareja-y-luego-se-quita-la-vida-explica-fiscalia\/#respond\"]}]},{\"@type\":\"WebPage\",\"@id\":\"https:\/\/www.sonoraenequipo.com.mx\/hombre-mata-a-su-pareja-y-luego-se-quita-la-vida-explica-fiscalia\/\",\"url\":\"https:\/\/www.sonoraenequipo.com.mx\/hombre-mata-a-su-pareja-y-luego-se-quita-la-vida-explica-fiscalia\/\",\"name\":\"Sonora en Equipo. Hombre mata a su pareja y luego se quita la vida; explica Fiscal\u00eda Polic\u00edaca\",\"isPartOf\":{\"@id\":\"https:\/\/www.sonoraenequipo.com.mx\/#website\"},\"primaryImageOfPage\":{\"@id\":\"https:\/\/www.sonoraenequipo.com.mx\/hombre-mata-a-su-pareja-y-luego-se-quita-la-vida-explica-fiscalia\/#primaryimage\"},\"image\":{\"@id\":\"https:\/\/www.sonoraenequipo.com.mx\/hombre-mata-a-su-pareja-y-luego-se-quita-la-vida-explica-fiscalia\/#primaryimage\"},\"thumbnailUrl\":\"https:\/\/www.sonoraenequipo.com.mx\/storage\/2023\/11\/logo-fgjes.jpg\",\"datePublished\":\"2026-01-14T19:09:42+00:00\",\"description\":\"HERMOSILLO, SONORA, MX. \u2014 Con relaci\u00f3n a las investigaciones del fallecimiento de dos personas, una mujer y un hombre, localizadas en un domicilio de la En Sonora en Equipo publicamos toda la informaci\u00f3n de Sonora, M\u00e9xico y el Mundo de manera oportuna y busca que la libertad de expresi\u00f3n sea real. Visita nuestro medio informativo publicado desde Hermosillo, Sonora. %\",\"breadcrumb\":{\"@id\":\"https:\/\/www.sonoraenequipo.com.mx\/hombre-mata-a-su-pareja-y-luego-se-quita-la-vida-explica-fiscalia\/#breadcrumb\"},\"inLanguage\":\"es\",\"potentialAction\":[{\"@type\":\"ReadAction\",\"target\":[\"https:\/\/www.sonoraenequipo.com.mx\/hombre-mata-a-su-pareja-y-luego-se-quita-la-vida-explica-fiscalia\/\"]}]},{\"@type\":\"ImageObject\",\"inLanguage\":\"es\",\"@id\":\"https:\/\/www.sonoraenequipo.com.mx\/hombre-mata-a-su-pareja-y-luego-se-quita-la-vida-explica-fiscalia\/#primaryimage\",\"url\":\"https:\/\/www.sonoraenequipo.com.mx\/storage\/2023\/11\/logo-fgjes.jpg\",\"contentUrl\":\"https:\/\/www.sonoraenequipo.com.mx\/storage\/2023\/11\/logo-fgjes.jpg\",\"width\":900,\"height\":600},{\"@type\":\"BreadcrumbList\",\"@id\":\"https:\/\/www.sonoraenequipo.com.mx\/hombre-mata-a-su-pareja-y-luego-se-quita-la-vida-explica-fiscalia\/#breadcrumb\",\"itemListElement\":[{\"@type\":\"ListItem\",\"position\":1,\"name\":\"Portada\",\"item\":\"https:\/\/www.sonoraenequipo.com.mx\/\"},{\"@type\":\"ListItem\",\"position\":2,\"name\":\"Hombre mata a su pareja y luego se quita la vida; explica Fiscal\u00eda\"}]},{\"@type\":\"WebSite\",\"@id\":\"https:\/\/www.sonoraenequipo.com.mx\/#website\",\"url\":\"https:\/\/www.sonoraenequipo.com.mx\/\",\"name\":\"Sonora en Equipo.\",\"description\":\"Diario en l\u00ednea con Noticias desde Hermosillo, Sonora\",\"publisher\":{\"@id\":\"https:\/\/www.sonoraenequipo.com.mx\/#organization\"},\"potentialAction\":[{\"@type\":\"SearchAction\",\"target\":{\"@type\":\"EntryPoint\",\"urlTemplate\":\"https:\/\/www.sonoraenequipo.com.mx\/?s={search_term_string}\"},\"query-input\":{\"@type\":\"PropertyValueSpecification\",\"valueRequired\":true,\"valueName\":\"search_term_string\"}}],\"inLanguage\":\"es\"},{\"@type\":\"Organization\",\"@id\":\"https:\/\/www.sonoraenequipo.com.mx\/#organization\",\"name\":\"Sonoraenequipo.com.mx\",\"url\":\"https:\/\/www.sonoraenequipo.com.mx\/\",\"logo\":{\"@type\":\"ImageObject\",\"inLanguage\":\"es\",\"@id\":\"https:\/\/www.sonoraenequipo.com.mx\/#\/schema\/logo\/image\/\",\"url\":\"https:\/\/www.sonoraenequipo.com.mx\/storage\/2019\/01\/sonoraenequipo_opt.png\",\"contentUrl\":\"https:\/\/www.sonoraenequipo.com.mx\/storage\/2019\/01\/sonoraenequipo_opt.png\",\"width\":375,\"height\":125,\"caption\":\"Sonoraenequipo.com.mx\"},\"image\":{\"@id\":\"https:\/\/www.sonoraenequipo.com.mx\/#\/schema\/logo\/image\/\"},\"sameAs\":[\"https:\/\/www.facebook.com\/SonoraEE\/\",\"https:\/\/x.com\/sonoraenequipo\",\"https:\/\/www.youtube.com\/channel\/UC338nW-lPEYmJQs4ZABQ1SQ\"]},{\"@type\":\"Person\",\"@id\":\"https:\/\/www.sonoraenequipo.com.mx\/#\/schema\/person\/50102df0fb23a8fa9e8effad8fa81386\",\"name\":\"enequipo\",\"image\":{\"@type\":\"ImageObject\",\"inLanguage\":\"es\",\"@id\":\"https:\/\/www.sonoraenequipo.com.mx\/#\/schema\/person\/image\/\",\"url\":\"https:\/\/secure.gravatar.com\/avatar\/049821681b589dabc0bc20695993ccebb09f5b5d4d790cd9251b97faac7c652b?s=96&d=blank&r=g\",\"contentUrl\":\"https:\/\/secure.gravatar.com\/avatar\/049821681b589dabc0bc20695993ccebb09f5b5d4d790cd9251b97faac7c652b?s=96&d=blank&r=g\",\"caption\":\"enequipo\"},\"sameAs\":[\"https:\/\/www.facebook.com\/SonoraEE\"]}]}<\/script>\n ","yoast_head_json":{"title":"Sonora en Equipo. Hombre mata a su pareja y luego se quita la vida; explica Fiscal\u00eda Polic\u00edaca","description":"HERMOSILLO, SONORA, MX. \u2014 Con relaci\u00f3n a las investigaciones del fallecimiento de dos personas, una mujer y un hombre, localizadas en un domicilio de la En Sonora en Equipo publicamos toda la informaci\u00f3n de Sonora, M\u00e9xico y el Mundo de manera oportuna y busca que la libertad de expresi\u00f3n sea real. Visita nuestro medio informativo publicado desde Hermosillo, Sonora. %","robots":{"index":"index","follow":"follow","max-snippet":"max-snippet:-1","max-image-preview":"max-image-preview:large","max-video-preview":"max-video-preview:-1"},"canonical":"https:\/\/www.sonoraenequipo.com.mx\/hombre-mata-a-su-pareja-y-luego-se-quita-la-vida-explica-fiscalia\/","og_locale":"es_ES","og_type":"article","og_title":"Sonora en Equipo. Hombre mata a su pareja y luego se quita la vida; explica Fiscal\u00eda Polic\u00edaca","og_description":"HERMOSILLO, SONORA, MX. \u2014 Con relaci\u00f3n a las investigaciones del fallecimiento de dos personas, una mujer y un hombre, localizadas en un domicilio de la En Sonora en Equipo publicamos toda la informaci\u00f3n de Sonora, M\u00e9xico y el Mundo de manera oportuna y busca que la libertad de expresi\u00f3n sea real. Visita nuestro medio informativo publicado desde Hermosillo, Sonora. %","og_url":"https:\/\/www.sonoraenequipo.com.mx\/hombre-mata-a-su-pareja-y-luego-se-quita-la-vida-explica-fiscalia\/","og_site_name":"Sonora en Equipo.","article_publisher":"https:\/\/www.facebook.com\/SonoraEE\/","article_author":"https:\/\/www.facebook.com\/SonoraEE","article_published_time":"2026-01-14T19:09:42+00:00","og_image":[{"width":900,"height":600,"url":"https:\/\/www.sonoraenequipo.com.mx\/storage\/2023\/11\/logo-fgjes.jpg","type":"image\/jpeg"}],"author":"enequipo","twitter_card":"summary_large_image","twitter_creator":"@sonoraenequipo","twitter_site":"@sonoraenequipo","twitter_misc":{"Escrito por":"enequipo","Tiempo de lectura":"2 minutos"},"schema":{"@context":"https:\/\/schema.org","@graph":[{"@type":"Article","@id":"https:\/\/www.sonoraenequipo.com.mx\/hombre-mata-a-su-pareja-y-luego-se-quita-la-vida-explica-fiscalia\/#article","isPartOf":{"@id":"https:\/\/www.sonoraenequipo.com.mx\/hombre-mata-a-su-pareja-y-luego-se-quita-la-vida-explica-fiscalia\/"},"author":{"name":"enequipo","@id":"https:\/\/www.sonoraenequipo.com.mx\/#\/schema\/person\/50102df0fb23a8fa9e8effad8fa81386"},"headline":"Hombre mata a su pareja y luego se quita la vida; explica Fiscal\u00eda","datePublished":"2026-01-14T19:09:42+00:00","mainEntityOfPage":{"@id":"https:\/\/www.sonoraenequipo.com.mx\/hombre-mata-a-su-pareja-y-luego-se-quita-la-vida-explica-fiscalia\/"},"wordCount":334,"commentCount":0,"publisher":{"@id":"https:\/\/www.sonoraenequipo.com.mx\/#organization"},"image":{"@id":"https:\/\/www.sonoraenequipo.com.mx\/hombre-mata-a-su-pareja-y-luego-se-quita-la-vida-explica-fiscalia\/#primaryimage"},"thumbnailUrl":"https:\/\/www.sonoraenequipo.com.mx\/storage\/2023\/11\/logo-fgjes.jpg","keywords":["familiar","violencia"],"articleSection":["Polic\u00edaca"],"inLanguage":"es","potentialAction":[{"@type":"CommentAction","name":"Comment","target":["https:\/\/www.sonoraenequipo.com.mx\/hombre-mata-a-su-pareja-y-luego-se-quita-la-vida-explica-fiscalia\/#respond"]}]},{"@type":"WebPage","@id":"https:\/\/www.sonoraenequipo.com.mx\/hombre-mata-a-su-pareja-y-luego-se-quita-la-vida-explica-fiscalia\/","url":"https:\/\/www.sonoraenequipo.com.mx\/hombre-mata-a-su-pareja-y-luego-se-quita-la-vida-explica-fiscalia\/","name":"Sonora en Equipo. Hombre mata a su pareja y luego se quita la vida; explica Fiscal\u00eda Polic\u00edaca","isPartOf":{"@id":"https:\/\/www.sonoraenequipo.com.mx\/#website"},"primaryImageOfPage":{"@id":"https:\/\/www.sonoraenequipo.com.mx\/hombre-mata-a-su-pareja-y-luego-se-quita-la-vida-explica-fiscalia\/#primaryimage"},"image":{"@id":"https:\/\/www.sonoraenequipo.com.mx\/hombre-mata-a-su-pareja-y-luego-se-quita-la-vida-explica-fiscalia\/#primaryimage"},"thumbnailUrl":"https:\/\/www.sonoraenequipo.com.mx\/storage\/2023\/11\/logo-fgjes.jpg","datePublished":"2026-01-14T19:09:42+00:00","description":"HERMOSILLO, SONORA, MX. \u2014 Con relaci\u00f3n a las investigaciones del fallecimiento de dos personas, una mujer y un hombre, localizadas en un domicilio de la En Sonora en Equipo publicamos toda la informaci\u00f3n de Sonora, M\u00e9xico y el Mundo de manera oportuna y busca que la libertad de expresi\u00f3n sea real. Visita nuestro medio informativo publicado desde Hermosillo, Sonora. %","breadcrumb":{"@id":"https:\/\/www.sonoraenequipo.com.mx\/hombre-mata-a-su-pareja-y-luego-se-quita-la-vida-explica-fiscalia\/#breadcrumb"},"inLanguage":"es","potentialAction":[{"@type":"ReadAction","target":["https:\/\/www.sonoraenequipo.com.mx\/hombre-mata-a-su-pareja-y-luego-se-quita-la-vida-explica-fiscalia\/"]}]},{"@type":"ImageObject","inLanguage":"es","@id":"https:\/\/www.sonoraenequipo.com.mx\/hombre-mata-a-su-pareja-y-luego-se-quita-la-vida-explica-fiscalia\/#primaryimage","url":"https:\/\/www.sonoraenequipo.com.mx\/storage\/2023\/11\/logo-fgjes.jpg","contentUrl":"https:\/\/www.sonoraenequipo.com.mx\/storage\/2023\/11\/logo-fgjes.jpg","width":900,"height":600},{"@type":"BreadcrumbList","@id":"https:\/\/www.sonoraenequipo.com.mx\/hombre-mata-a-su-pareja-y-luego-se-quita-la-vida-explica-fiscalia\/#breadcrumb","itemListElement":[{"@type":"ListItem","position":1,"name":"Portada","item":"https:\/\/www.sonoraenequipo.com.mx\/"},{"@type":"ListItem","position":2,"name":"Hombre mata a su pareja y luego se quita la vida; explica Fiscal\u00eda"}]},{"@type":"WebSite","@id":"https:\/\/www.sonoraenequipo.com.mx\/#website","url":"https:\/\/www.sonoraenequipo.com.mx\/","name":"Sonora en Equipo.","description":"Diario en l\u00ednea con Noticias desde Hermosillo, Sonora","publisher":{"@id":"https:\/\/www.sonoraenequipo.com.mx\/#organization"},"potentialAction":[{"@type":"SearchAction","target":{"@type":"EntryPoint","urlTemplate":"https:\/\/www.sonoraenequipo.com.mx\/?s={search_term_string}"},"query-input":{"@type":"PropertyValueSpecification","valueRequired":true,"valueName":"search_term_string"}}],"inLanguage":"es"},{"@type":"Organization","@id":"https:\/\/www.sonoraenequipo.com.mx\/#organization","name":"Sonoraenequipo.com.mx","url":"https:\/\/www.sonoraenequipo.com.mx\/","logo":{"@type":"ImageObject","inLanguage":"es","@id":"https:\/\/www.sonoraenequipo.com.mx\/#\/schema\/logo\/image\/","url":"https:\/\/www.sonoraenequipo.com.mx\/storage\/2019\/01\/sonoraenequipo_opt.png","contentUrl":"https:\/\/www.sonoraenequipo.com.mx\/storage\/2019\/01\/sonoraenequipo_opt.png","width":375,"height":125,"caption":"Sonoraenequipo.com.mx"},"image":{"@id":"https:\/\/www.sonoraenequipo.com.mx\/#\/schema\/logo\/image\/"},"sameAs":["https:\/\/www.facebook.com\/SonoraEE\/","https:\/\/x.com\/sonoraenequipo","https:\/\/www.youtube.com\/channel\/UC338nW-lPEYmJQs4ZABQ1SQ"]},{"@type":"Person","@id":"https:\/\/www.sonoraenequipo.com.mx\/#\/schema\/person\/50102df0fb23a8fa9e8effad8fa81386","name":"enequipo","image":{"@type":"ImageObject","inLanguage":"es","@id":"https:\/\/www.sonoraenequipo.com.mx\/#\/schema\/person\/image\/","url":"https:\/\/secure.gravatar.com\/avatar\/049821681b589dabc0bc20695993ccebb09f5b5d4d790cd9251b97faac7c652b?s=96&d=blank&r=g","contentUrl":"https:\/\/secure.gravatar.com\/avatar\/049821681b589dabc0bc20695993ccebb09f5b5d4d790cd9251b97faac7c652b?s=96&d=blank&r=g","caption":"enequipo"},"sameAs":["https:\/\/www.facebook.com\/SonoraEE"]}]}},"jetpack_featured_media_url":"https:\/\/www.sonoraenequipo.com.mx\/storage\/2023\/11\/logo-fgjes.jpg","_links":{"self":[{"href":"https:\/\/www.sonoraenequipo.com.mx\/api\/wp\/v2\/posts\/233077","targetHints":{"allow":["GET"]}}],"collection":[{"href":"https:\/\/www.sonoraenequipo.com.mx\/api\/wp\/v2\/posts"}],"about":[{"href":"https:\/\/www.sonoraenequipo.com.mx\/api\/wp\/v2\/types\/post"}],"author":[{"embeddable":true,"href":"https:\/\/www.sonoraenequipo.com.mx\/api\/wp\/v2\/users\/1"}],"replies":[{"embeddable":true,"href":"https:\/\/www.sonoraenequipo.com.mx\/api\/wp\/v2\/comments?post=233077"}],"version-history":[{"count":1,"href":"https:\/\/www.sonoraenequipo.com.mx\/api\/wp\/v2\/posts\/233077\/revisions"}],"predecessor-version":[{"id":233078,"href":"https:\/\/www.sonoraenequipo.com.mx\/api\/wp\/v2\/posts\/233077\/revisions\/233078"}],"wp:featuredmedia":[{"embeddable":true,"href":"https:\/\/www.sonoraenequipo.com.mx\/api\/wp\/v2\/media\/178327"}],"wp:attachment":[{"href":"https:\/\/www.sonoraenequipo.com.mx\/api\/wp\/v2\/media?parent=233077"}],"wp:term":[{"taxonomy":"category","embeddable":true,"href":"https:\/\/www.sonoraenequipo.com.mx\/api\/wp\/v2\/categories?post=233077"},{"taxonomy":"post_tag","embeddable":true,"href":"https:\/\/www.sonoraenequipo.com.mx\/api\/wp\/v2\/tags?post=233077"}],"curies":[{"name":"wp","href":"https:\/\/api.w.org\/{rel}","templated":true}]}}