{"id":233089,"date":"2026-01-14T14:12:50","date_gmt":"2026-01-14T21:12:50","guid":{"rendered":"https:\/\/www.sonoraenequipo.com.mx\/?p=233089"},"modified":"2026-01-14T15:35:28","modified_gmt":"2026-01-14T22:35:28","slug":"imputan-a-8-personas-por-caso-waldos-representante-legal-realizo-tramites-con-documentos-falsos-pero-esta-amparado","status":"publish","type":"post","link":"https:\/\/www.sonoraenequipo.com.mx\/imputan-a-8-personas-por-caso-waldos-representante-legal-realizo-tramites-con-documentos-falsos-pero-esta-amparado\/","title":{"rendered":"Imputan a 8 personas por caso Waldo\u2019s"},"content":{"rendered":"<p><strong>HERMOSILLO, SONORA, MX.<\/strong> \u2014 Con relaci\u00f3n a la audiencia donde comparecieron ocho individuos, as\u00ed como la persona moral titular de la sucursal siniestrada por conducto de su representante legal, todos debido a su probable responsabilidad por los hechos ocurridos en el establecimiento comercial denominado Waldo\u00b4s, el 1 de noviembre de 2025, esta representaci\u00f3n social informa a la opini\u00f3n p\u00fablica lo siguiente:<\/p>\n<p>&nbsp;<\/p>\n<p>La audiencia inici\u00f3 a las 9:30 horas del 13 de enero, para concluir a las 03:20 horas del 14 de enero, siendo que tras una duraci\u00f3n de 17 horas y 50 minutos, se realiz\u00f3 por parte del Ministerio P\u00fablico la imputaci\u00f3n de manera diferenciada a ocho personas f\u00edsicas y a la persona moral, por los delitos de homicidio culposo, aborto, lesiones y da\u00f1os, adem\u00e1s, uso de documento falso e incumplimiento de un deber legal.<\/p>\n<p>&nbsp;<\/p>\n<p>El Juez resolvi\u00f3 medidas cautelares distintas a las de la prisi\u00f3n preventiva justificada para los imputados, al acreditarse en la audiencia la existencia de arraigo por parte de \u00e9stos; adem\u00e1s de haberse presentado voluntariamente a la audiencia; que no existe riesgo para las v\u00edctimas u ofendidos; ni la posibilidad de obstaculizar la investigaci\u00f3n, dictando las siguientes medidas cautelares:<\/p>\n<p>&nbsp;<\/p>\n<ol>\n<li>La presentaci\u00f3n peri\u00f3dica ante el juez o ante autoridad distinta que aquel designe;<\/li>\n<li>La exhibici\u00f3n de una garant\u00eda econ\u00f3mica, y<\/li>\n<li>La prohibici\u00f3n de salir sin autorizaci\u00f3n del \u00e1mbito territorial que fije el juez.<\/li>\n<\/ol>\n<p>&nbsp;<\/p>\n<p>Cabe destacar que en el caso de la persona de nombre Jose Luis \u00abN\u00bb, representante legal de la persona moral, a quien se le imput\u00f3 realizar tr\u00e1mites legales a nombre de la empresa ante las autoridades municipales utilizando documentos falsos para obtener permisos, cometiendo los delitos de uso de documentos falsos e incumplimiento de un deber legal, sumado a otras conductas omisas en las que en su car\u00e1cter de representante legal debi\u00f3 de haber observado para evitar el resultado que se present\u00f3, el juez a diferencia de otros imputados resolvi\u00f3 que se le impusiera prisi\u00f3n preventiva justificada, sin embargo, al contar con una suspensi\u00f3n de Amparo\u00a0 por el momento no fue posible ejecutar dicha medida cautelar.<\/p>\n<p>&nbsp;<\/p>\n<p>Por lo anterior, esta representaci\u00f3n social combatir\u00e1 el Amparo, a fin de que dicho imputado enfrente su juicio en prisi\u00f3n.<\/p>\n<p>&nbsp;<\/p>\n<p>Tras esto, la defensa de los imputados solicit\u00f3 la ampliaci\u00f3n de 144 horas del t\u00e9rmino constitucional, en donde deber\u00e1n quedar vinculados formalmente a proceso.<\/p>\n<p>&nbsp;<\/p>\n<p>En este asunto existen otras tres personas con \u00f3rdenes de aprehensi\u00f3n ejecutadas que deber\u00e1n comparecer en audiencia el pr\u00f3ximo 29 de enero.<\/p>\n<p>&nbsp;<\/p>\n<p>De igual forma, otros 12 individuos judicializados cuentan con suspensiones derivadas de juicios de amparo y que hasta el momento se encuentran en espera de que el juzgado los cite para la celebraci\u00f3n de la audiencia de formulaci\u00f3n de imputaci\u00f3n, a los que se suman dos personas que en este momento se encuentran evadidos de la acci\u00f3n de la justicia.<\/p>\n<p>&nbsp;<\/p>\n<p>Ante tales circunstancias, la Fiscal\u00eda General de Justicia del Estado de Sonora (FGJES) realiza las acciones correspondientes para llevar ante los tribunales, tanto a quienes cuentan con un amparo como a aquellos evadidos a fin de que enfrenten la acci\u00f3n de la justicia y respondan ante las v\u00edctimas.<\/p>\n<p>&nbsp;<\/p>\n<p>Cabe se\u00f1alar que, desde el 24 de diciembre de 2025, se remiti\u00f3 desglose a la Fiscal\u00eda General de la Rep\u00fablica (FGR) a fin de que esa autoridad investigue los delitos que pudieran actualizarse en el \u00e1mbito de su competencia, en contra quien o quienes resulten responsables.<\/p>\n<p>&nbsp;<\/p>\n<p>Por \u00faltimo, se informa que la siguiente audiencia en este proceso qued\u00f3 fijada por el \u00f3rgano jurisdiccional, para el 19 de enero en donde el Juez resolver\u00e1 la vinculaci\u00f3n a proceso de los que ya fueron imputados.<\/p>\n<p>&nbsp;<\/p>\n<p>La Fiscal\u00eda seguir\u00e1 informando\u00a0 conforme los tiempos procesales lo permitan dijo en el comunicado difundido v\u00eda X<\/p>\n<p><strong>Fecha de publicaci\u00f3n mi\u00e9rcoles 14 de enero de 2026<\/strong><\/p>\n","protected":false},"excerpt":{"rendered":"<p>HERMOSILLO, SONORA, MX. \u2014 Con relaci\u00f3n a la audiencia donde comparecieron ocho individuos, as\u00ed como&#8230;<\/p>\n","protected":false},"author":1,"featured_media":228153,"comment_status":"open","ping_status":"open","sticky":false,"template":"","format":"standard","meta":{"_monsterinsights_skip_tracking":false,"_monsterinsights_sitenote_active":false,"_monsterinsights_sitenote_note":"","_monsterinsights_sitenote_category":0,"footnotes":""},"categories":[3144],"tags":[12008],"class_list":["post"],"yoast_head":" \n<title>Sonora en Equipo. Imputan a 8 personas por caso Waldo\u2019s Polic\u00edaca<\/title>\n<meta name=\"description\" content=\"HERMOSILLO, SONORA, MX. \u2014 Con relaci\u00f3n a la audiencia donde comparecieron ocho individuos, as\u00ed como la persona moral titular de la sucursal siniestrada En Sonora en Equipo publicamos toda la informaci\u00f3n de Sonora, M\u00e9xico y el Mundo de manera oportuna y busca que la libertad de expresi\u00f3n sea real. Visita nuestro medio informativo publicado desde Hermosillo, Sonora. %\" \/>\n<meta name=\"robots\" content=\"index, follow, max-snippet:-1, max-image-preview:large, max-video-preview:-1\" \/>\n<link rel=\"canonical\" href=\"https:\/\/www.sonoraenequipo.com.mx\/imputan-a-8-personas-por-caso-waldos-representante-legal-realizo-tramites-con-documentos-falsos-pero-esta-amparado\/\" \/>\n<meta property=\"og:locale\" content=\"es_ES\" \/>\n<meta property=\"og:type\" content=\"article\" \/>\n<meta property=\"og:title\" content=\"Sonora en Equipo. Imputan a 8 personas por caso Waldo\u2019s Polic\u00edaca\" \/>\n<meta property=\"og:description\" content=\"HERMOSILLO, SONORA, MX. \u2014 Con relaci\u00f3n a la audiencia donde comparecieron ocho individuos, as\u00ed como la persona moral titular de la sucursal siniestrada En Sonora en Equipo publicamos toda la informaci\u00f3n de Sonora, M\u00e9xico y el Mundo de manera oportuna y busca que la libertad de expresi\u00f3n sea real. Visita nuestro medio informativo publicado desde Hermosillo, Sonora. %\" \/>\n<meta property=\"og:url\" content=\"https:\/\/www.sonoraenequipo.com.mx\/imputan-a-8-personas-por-caso-waldos-representante-legal-realizo-tramites-con-documentos-falsos-pero-esta-amparado\/\" \/>\n<meta property=\"og:site_name\" content=\"Sonora en Equipo.\" \/>\n<meta property=\"article:publisher\" content=\"https:\/\/www.facebook.com\/SonoraEE\/\" \/>\n<meta property=\"article:author\" content=\"https:\/\/www.facebook.com\/SonoraEE\" \/>\n<meta property=\"article:published_time\" content=\"2026-01-14T21:12:50+00:00\" \/>\n<meta property=\"article:modified_time\" content=\"2026-01-14T22:35:28+00:00\" \/>\n<meta property=\"og:image\" content=\"https:\/\/www.sonoraenequipo.com.mx\/storage\/2025\/11\/waldos-valla.jpg\" \/>\n\t<meta property=\"og:image:width\" content=\"600\" \/>\n\t<meta property=\"og:image:height\" content=\"400\" \/>\n\t<meta property=\"og:image:type\" content=\"image\/jpeg\" \/>\n<meta name=\"author\" content=\"enequipo\" \/>\n<meta name=\"twitter:card\" content=\"summary_large_image\" \/>\n<meta name=\"twitter:creator\" content=\"@sonoraenequipo\" \/>\n<meta name=\"twitter:site\" content=\"@sonoraenequipo\" \/>\n<meta name=\"twitter:label1\" content=\"Escrito por\" \/>\n\t<meta name=\"twitter:data1\" content=\"enequipo\" \/>\n\t<meta name=\"twitter:label2\" content=\"Tiempo de lectura\" \/>\n\t<meta name=\"twitter:data2\" content=\"3 minutos\" \/>\n<script type=\"application\/ld+json\" class=\"yoast-schema-graph\">{\"@context\":\"https:\/\/schema.org\",\"@graph\":[{\"@type\":\"Article\",\"@id\":\"https:\/\/www.sonoraenequipo.com.mx\/imputan-a-8-personas-por-caso-waldos-representante-legal-realizo-tramites-con-documentos-falsos-pero-esta-amparado\/#article\",\"isPartOf\":{\"@id\":\"https:\/\/www.sonoraenequipo.com.mx\/imputan-a-8-personas-por-caso-waldos-representante-legal-realizo-tramites-con-documentos-falsos-pero-esta-amparado\/\"},\"author\":{\"name\":\"enequipo\",\"@id\":\"https:\/\/www.sonoraenequipo.com.mx\/#\/schema\/person\/50102df0fb23a8fa9e8effad8fa81386\"},\"headline\":\"Imputan a 8 personas por caso Waldo\u2019s\",\"datePublished\":\"2026-01-14T21:12:50+00:00\",\"dateModified\":\"2026-01-14T22:35:28+00:00\",\"mainEntityOfPage\":{\"@id\":\"https:\/\/www.sonoraenequipo.com.mx\/imputan-a-8-personas-por-caso-waldos-representante-legal-realizo-tramites-con-documentos-falsos-pero-esta-amparado\/\"},\"wordCount\":676,\"commentCount\":0,\"publisher\":{\"@id\":\"https:\/\/www.sonoraenequipo.com.mx\/#organization\"},\"image\":{\"@id\":\"https:\/\/www.sonoraenequipo.com.mx\/imputan-a-8-personas-por-caso-waldos-representante-legal-realizo-tramites-con-documentos-falsos-pero-esta-amparado\/#primaryimage\"},\"thumbnailUrl\":\"https:\/\/www.sonoraenequipo.com.mx\/storage\/2025\/11\/waldos-valla.jpg\",\"keywords\":[\"waldo's\"],\"articleSection\":[\"Polic\u00edaca\"],\"inLanguage\":\"es\",\"potentialAction\":[{\"@type\":\"CommentAction\",\"name\":\"Comment\",\"target\":[\"https:\/\/www.sonoraenequipo.com.mx\/imputan-a-8-personas-por-caso-waldos-representante-legal-realizo-tramites-con-documentos-falsos-pero-esta-amparado\/#respond\"]}]},{\"@type\":\"WebPage\",\"@id\":\"https:\/\/www.sonoraenequipo.com.mx\/imputan-a-8-personas-por-caso-waldos-representante-legal-realizo-tramites-con-documentos-falsos-pero-esta-amparado\/\",\"url\":\"https:\/\/www.sonoraenequipo.com.mx\/imputan-a-8-personas-por-caso-waldos-representante-legal-realizo-tramites-con-documentos-falsos-pero-esta-amparado\/\",\"name\":\"Sonora en Equipo. Imputan a 8 personas por caso Waldo\u2019s Polic\u00edaca\",\"isPartOf\":{\"@id\":\"https:\/\/www.sonoraenequipo.com.mx\/#website\"},\"primaryImageOfPage\":{\"@id\":\"https:\/\/www.sonoraenequipo.com.mx\/imputan-a-8-personas-por-caso-waldos-representante-legal-realizo-tramites-con-documentos-falsos-pero-esta-amparado\/#primaryimage\"},\"image\":{\"@id\":\"https:\/\/www.sonoraenequipo.com.mx\/imputan-a-8-personas-por-caso-waldos-representante-legal-realizo-tramites-con-documentos-falsos-pero-esta-amparado\/#primaryimage\"},\"thumbnailUrl\":\"https:\/\/www.sonoraenequipo.com.mx\/storage\/2025\/11\/waldos-valla.jpg\",\"datePublished\":\"2026-01-14T21:12:50+00:00\",\"dateModified\":\"2026-01-14T22:35:28+00:00\",\"description\":\"HERMOSILLO, SONORA, MX. \u2014 Con relaci\u00f3n a la audiencia donde comparecieron ocho individuos, as\u00ed como la persona moral titular de la sucursal siniestrada En Sonora en Equipo publicamos toda la informaci\u00f3n de Sonora, M\u00e9xico y el Mundo de manera oportuna y busca que la libertad de expresi\u00f3n sea real. Visita nuestro medio informativo publicado desde Hermosillo, Sonora. %\",\"breadcrumb\":{\"@id\":\"https:\/\/www.sonoraenequipo.com.mx\/imputan-a-8-personas-por-caso-waldos-representante-legal-realizo-tramites-con-documentos-falsos-pero-esta-amparado\/#breadcrumb\"},\"inLanguage\":\"es\",\"potentialAction\":[{\"@type\":\"ReadAction\",\"target\":[\"https:\/\/www.sonoraenequipo.com.mx\/imputan-a-8-personas-por-caso-waldos-representante-legal-realizo-tramites-con-documentos-falsos-pero-esta-amparado\/\"]}]},{\"@type\":\"ImageObject\",\"inLanguage\":\"es\",\"@id\":\"https:\/\/www.sonoraenequipo.com.mx\/imputan-a-8-personas-por-caso-waldos-representante-legal-realizo-tramites-con-documentos-falsos-pero-esta-amparado\/#primaryimage\",\"url\":\"https:\/\/www.sonoraenequipo.com.mx\/storage\/2025\/11\/waldos-valla.jpg\",\"contentUrl\":\"https:\/\/www.sonoraenequipo.com.mx\/storage\/2025\/11\/waldos-valla.jpg\",\"width\":600,\"height\":400},{\"@type\":\"BreadcrumbList\",\"@id\":\"https:\/\/www.sonoraenequipo.com.mx\/imputan-a-8-personas-por-caso-waldos-representante-legal-realizo-tramites-con-documentos-falsos-pero-esta-amparado\/#breadcrumb\",\"itemListElement\":[{\"@type\":\"ListItem\",\"position\":1,\"name\":\"Portada\",\"item\":\"https:\/\/www.sonoraenequipo.com.mx\/\"},{\"@type\":\"ListItem\",\"position\":2,\"name\":\"Imputan a 8 personas por caso Waldo\u2019s\"}]},{\"@type\":\"WebSite\",\"@id\":\"https:\/\/www.sonoraenequipo.com.mx\/#website\",\"url\":\"https:\/\/www.sonoraenequipo.com.mx\/\",\"name\":\"Sonora en Equipo.\",\"description\":\"Diario en l\u00ednea con Noticias desde Hermosillo, Sonora\",\"publisher\":{\"@id\":\"https:\/\/www.sonoraenequipo.com.mx\/#organization\"},\"potentialAction\":[{\"@type\":\"SearchAction\",\"target\":{\"@type\":\"EntryPoint\",\"urlTemplate\":\"https:\/\/www.sonoraenequipo.com.mx\/?s={search_term_string}\"},\"query-input\":{\"@type\":\"PropertyValueSpecification\",\"valueRequired\":true,\"valueName\":\"search_term_string\"}}],\"inLanguage\":\"es\"},{\"@type\":\"Organization\",\"@id\":\"https:\/\/www.sonoraenequipo.com.mx\/#organization\",\"name\":\"Sonoraenequipo.com.mx\",\"url\":\"https:\/\/www.sonoraenequipo.com.mx\/\",\"logo\":{\"@type\":\"ImageObject\",\"inLanguage\":\"es\",\"@id\":\"https:\/\/www.sonoraenequipo.com.mx\/#\/schema\/logo\/image\/\",\"url\":\"https:\/\/www.sonoraenequipo.com.mx\/storage\/2019\/01\/sonoraenequipo_opt.png\",\"contentUrl\":\"https:\/\/www.sonoraenequipo.com.mx\/storage\/2019\/01\/sonoraenequipo_opt.png\",\"width\":375,\"height\":125,\"caption\":\"Sonoraenequipo.com.mx\"},\"image\":{\"@id\":\"https:\/\/www.sonoraenequipo.com.mx\/#\/schema\/logo\/image\/\"},\"sameAs\":[\"https:\/\/www.facebook.com\/SonoraEE\/\",\"https:\/\/x.com\/sonoraenequipo\",\"https:\/\/www.youtube.com\/channel\/UC338nW-lPEYmJQs4ZABQ1SQ\"]},{\"@type\":\"Person\",\"@id\":\"https:\/\/www.sonoraenequipo.com.mx\/#\/schema\/person\/50102df0fb23a8fa9e8effad8fa81386\",\"name\":\"enequipo\",\"image\":{\"@type\":\"ImageObject\",\"inLanguage\":\"es\",\"@id\":\"https:\/\/www.sonoraenequipo.com.mx\/#\/schema\/person\/image\/\",\"url\":\"https:\/\/secure.gravatar.com\/avatar\/049821681b589dabc0bc20695993ccebb09f5b5d4d790cd9251b97faac7c652b?s=96&d=blank&r=g\",\"contentUrl\":\"https:\/\/secure.gravatar.com\/avatar\/049821681b589dabc0bc20695993ccebb09f5b5d4d790cd9251b97faac7c652b?s=96&d=blank&r=g\",\"caption\":\"enequipo\"},\"sameAs\":[\"https:\/\/www.facebook.com\/SonoraEE\"]}]}<\/script>\n ","yoast_head_json":{"title":"Sonora en Equipo. Imputan a 8 personas por caso Waldo\u2019s Polic\u00edaca","description":"HERMOSILLO, SONORA, MX. \u2014 Con relaci\u00f3n a la audiencia donde comparecieron ocho individuos, as\u00ed como la persona moral titular de la sucursal siniestrada En Sonora en Equipo publicamos toda la informaci\u00f3n de Sonora, M\u00e9xico y el Mundo de manera oportuna y busca que la libertad de expresi\u00f3n sea real. Visita nuestro medio informativo publicado desde Hermosillo, Sonora. %","robots":{"index":"index","follow":"follow","max-snippet":"max-snippet:-1","max-image-preview":"max-image-preview:large","max-video-preview":"max-video-preview:-1"},"canonical":"https:\/\/www.sonoraenequipo.com.mx\/imputan-a-8-personas-por-caso-waldos-representante-legal-realizo-tramites-con-documentos-falsos-pero-esta-amparado\/","og_locale":"es_ES","og_type":"article","og_title":"Sonora en Equipo. Imputan a 8 personas por caso Waldo\u2019s Polic\u00edaca","og_description":"HERMOSILLO, SONORA, MX. \u2014 Con relaci\u00f3n a la audiencia donde comparecieron ocho individuos, as\u00ed como la persona moral titular de la sucursal siniestrada En Sonora en Equipo publicamos toda la informaci\u00f3n de Sonora, M\u00e9xico y el Mundo de manera oportuna y busca que la libertad de expresi\u00f3n sea real. Visita nuestro medio informativo publicado desde Hermosillo, Sonora. %","og_url":"https:\/\/www.sonoraenequipo.com.mx\/imputan-a-8-personas-por-caso-waldos-representante-legal-realizo-tramites-con-documentos-falsos-pero-esta-amparado\/","og_site_name":"Sonora en Equipo.","article_publisher":"https:\/\/www.facebook.com\/SonoraEE\/","article_author":"https:\/\/www.facebook.com\/SonoraEE","article_published_time":"2026-01-14T21:12:50+00:00","article_modified_time":"2026-01-14T22:35:28+00:00","og_image":[{"width":600,"height":400,"url":"https:\/\/www.sonoraenequipo.com.mx\/storage\/2025\/11\/waldos-valla.jpg","type":"image\/jpeg"}],"author":"enequipo","twitter_card":"summary_large_image","twitter_creator":"@sonoraenequipo","twitter_site":"@sonoraenequipo","twitter_misc":{"Escrito por":"enequipo","Tiempo de lectura":"3 minutos"},"schema":{"@context":"https:\/\/schema.org","@graph":[{"@type":"Article","@id":"https:\/\/www.sonoraenequipo.com.mx\/imputan-a-8-personas-por-caso-waldos-representante-legal-realizo-tramites-con-documentos-falsos-pero-esta-amparado\/#article","isPartOf":{"@id":"https:\/\/www.sonoraenequipo.com.mx\/imputan-a-8-personas-por-caso-waldos-representante-legal-realizo-tramites-con-documentos-falsos-pero-esta-amparado\/"},"author":{"name":"enequipo","@id":"https:\/\/www.sonoraenequipo.com.mx\/#\/schema\/person\/50102df0fb23a8fa9e8effad8fa81386"},"headline":"Imputan a 8 personas por caso Waldo\u2019s","datePublished":"2026-01-14T21:12:50+00:00","dateModified":"2026-01-14T22:35:28+00:00","mainEntityOfPage":{"@id":"https:\/\/www.sonoraenequipo.com.mx\/imputan-a-8-personas-por-caso-waldos-representante-legal-realizo-tramites-con-documentos-falsos-pero-esta-amparado\/"},"wordCount":676,"commentCount":0,"publisher":{"@id":"https:\/\/www.sonoraenequipo.com.mx\/#organization"},"image":{"@id":"https:\/\/www.sonoraenequipo.com.mx\/imputan-a-8-personas-por-caso-waldos-representante-legal-realizo-tramites-con-documentos-falsos-pero-esta-amparado\/#primaryimage"},"thumbnailUrl":"https:\/\/www.sonoraenequipo.com.mx\/storage\/2025\/11\/waldos-valla.jpg","keywords":["waldo's"],"articleSection":["Polic\u00edaca"],"inLanguage":"es","potentialAction":[{"@type":"CommentAction","name":"Comment","target":["https:\/\/www.sonoraenequipo.com.mx\/imputan-a-8-personas-por-caso-waldos-representante-legal-realizo-tramites-con-documentos-falsos-pero-esta-amparado\/#respond"]}]},{"@type":"WebPage","@id":"https:\/\/www.sonoraenequipo.com.mx\/imputan-a-8-personas-por-caso-waldos-representante-legal-realizo-tramites-con-documentos-falsos-pero-esta-amparado\/","url":"https:\/\/www.sonoraenequipo.com.mx\/imputan-a-8-personas-por-caso-waldos-representante-legal-realizo-tramites-con-documentos-falsos-pero-esta-amparado\/","name":"Sonora en Equipo. Imputan a 8 personas por caso Waldo\u2019s Polic\u00edaca","isPartOf":{"@id":"https:\/\/www.sonoraenequipo.com.mx\/#website"},"primaryImageOfPage":{"@id":"https:\/\/www.sonoraenequipo.com.mx\/imputan-a-8-personas-por-caso-waldos-representante-legal-realizo-tramites-con-documentos-falsos-pero-esta-amparado\/#primaryimage"},"image":{"@id":"https:\/\/www.sonoraenequipo.com.mx\/imputan-a-8-personas-por-caso-waldos-representante-legal-realizo-tramites-con-documentos-falsos-pero-esta-amparado\/#primaryimage"},"thumbnailUrl":"https:\/\/www.sonoraenequipo.com.mx\/storage\/2025\/11\/waldos-valla.jpg","datePublished":"2026-01-14T21:12:50+00:00","dateModified":"2026-01-14T22:35:28+00:00","description":"HERMOSILLO, SONORA, MX. \u2014 Con relaci\u00f3n a la audiencia donde comparecieron ocho individuos, as\u00ed como la persona moral titular de la sucursal siniestrada En Sonora en Equipo publicamos toda la informaci\u00f3n de Sonora, M\u00e9xico y el Mundo de manera oportuna y busca que la libertad de expresi\u00f3n sea real. Visita nuestro medio informativo publicado desde Hermosillo, Sonora. %","breadcrumb":{"@id":"https:\/\/www.sonoraenequipo.com.mx\/imputan-a-8-personas-por-caso-waldos-representante-legal-realizo-tramites-con-documentos-falsos-pero-esta-amparado\/#breadcrumb"},"inLanguage":"es","potentialAction":[{"@type":"ReadAction","target":["https:\/\/www.sonoraenequipo.com.mx\/imputan-a-8-personas-por-caso-waldos-representante-legal-realizo-tramites-con-documentos-falsos-pero-esta-amparado\/"]}]},{"@type":"ImageObject","inLanguage":"es","@id":"https:\/\/www.sonoraenequipo.com.mx\/imputan-a-8-personas-por-caso-waldos-representante-legal-realizo-tramites-con-documentos-falsos-pero-esta-amparado\/#primaryimage","url":"https:\/\/www.sonoraenequipo.com.mx\/storage\/2025\/11\/waldos-valla.jpg","contentUrl":"https:\/\/www.sonoraenequipo.com.mx\/storage\/2025\/11\/waldos-valla.jpg","width":600,"height":400},{"@type":"BreadcrumbList","@id":"https:\/\/www.sonoraenequipo.com.mx\/imputan-a-8-personas-por-caso-waldos-representante-legal-realizo-tramites-con-documentos-falsos-pero-esta-amparado\/#breadcrumb","itemListElement":[{"@type":"ListItem","position":1,"name":"Portada","item":"https:\/\/www.sonoraenequipo.com.mx\/"},{"@type":"ListItem","position":2,"name":"Imputan a 8 personas por caso Waldo\u2019s"}]},{"@type":"WebSite","@id":"https:\/\/www.sonoraenequipo.com.mx\/#website","url":"https:\/\/www.sonoraenequipo.com.mx\/","name":"Sonora en Equipo.","description":"Diario en l\u00ednea con Noticias desde Hermosillo, Sonora","publisher":{"@id":"https:\/\/www.sonoraenequipo.com.mx\/#organization"},"potentialAction":[{"@type":"SearchAction","target":{"@type":"EntryPoint","urlTemplate":"https:\/\/www.sonoraenequipo.com.mx\/?s={search_term_string}"},"query-input":{"@type":"PropertyValueSpecification","valueRequired":true,"valueName":"search_term_string"}}],"inLanguage":"es"},{"@type":"Organization","@id":"https:\/\/www.sonoraenequipo.com.mx\/#organization","name":"Sonoraenequipo.com.mx","url":"https:\/\/www.sonoraenequipo.com.mx\/","logo":{"@type":"ImageObject","inLanguage":"es","@id":"https:\/\/www.sonoraenequipo.com.mx\/#\/schema\/logo\/image\/","url":"https:\/\/www.sonoraenequipo.com.mx\/storage\/2019\/01\/sonoraenequipo_opt.png","contentUrl":"https:\/\/www.sonoraenequipo.com.mx\/storage\/2019\/01\/sonoraenequipo_opt.png","width":375,"height":125,"caption":"Sonoraenequipo.com.mx"},"image":{"@id":"https:\/\/www.sonoraenequipo.com.mx\/#\/schema\/logo\/image\/"},"sameAs":["https:\/\/www.facebook.com\/SonoraEE\/","https:\/\/x.com\/sonoraenequipo","https:\/\/www.youtube.com\/channel\/UC338nW-lPEYmJQs4ZABQ1SQ"]},{"@type":"Person","@id":"https:\/\/www.sonoraenequipo.com.mx\/#\/schema\/person\/50102df0fb23a8fa9e8effad8fa81386","name":"enequipo","image":{"@type":"ImageObject","inLanguage":"es","@id":"https:\/\/www.sonoraenequipo.com.mx\/#\/schema\/person\/image\/","url":"https:\/\/secure.gravatar.com\/avatar\/049821681b589dabc0bc20695993ccebb09f5b5d4d790cd9251b97faac7c652b?s=96&d=blank&r=g","contentUrl":"https:\/\/secure.gravatar.com\/avatar\/049821681b589dabc0bc20695993ccebb09f5b5d4d790cd9251b97faac7c652b?s=96&d=blank&r=g","caption":"enequipo"},"sameAs":["https:\/\/www.facebook.com\/SonoraEE"]}]}},"jetpack_featured_media_url":"https:\/\/www.sonoraenequipo.com.mx\/storage\/2025\/11\/waldos-valla.jpg","_links":{"self":[{"href":"https:\/\/www.sonoraenequipo.com.mx\/api\/wp\/v2\/posts\/233089","targetHints":{"allow":["GET"]}}],"collection":[{"href":"https:\/\/www.sonoraenequipo.com.mx\/api\/wp\/v2\/posts"}],"about":[{"href":"https:\/\/www.sonoraenequipo.com.mx\/api\/wp\/v2\/types\/post"}],"author":[{"embeddable":true,"href":"https:\/\/www.sonoraenequipo.com.mx\/api\/wp\/v2\/users\/1"}],"replies":[{"embeddable":true,"href":"https:\/\/www.sonoraenequipo.com.mx\/api\/wp\/v2\/comments?post=233089"}],"version-history":[{"count":4,"href":"https:\/\/www.sonoraenequipo.com.mx\/api\/wp\/v2\/posts\/233089\/revisions"}],"predecessor-version":[{"id":233105,"href":"https:\/\/www.sonoraenequipo.com.mx\/api\/wp\/v2\/posts\/233089\/revisions\/233105"}],"wp:featuredmedia":[{"embeddable":true,"href":"https:\/\/www.sonoraenequipo.com.mx\/api\/wp\/v2\/media\/228153"}],"wp:attachment":[{"href":"https:\/\/www.sonoraenequipo.com.mx\/api\/wp\/v2\/media?parent=233089"}],"wp:term":[{"taxonomy":"category","embeddable":true,"href":"https:\/\/www.sonoraenequipo.com.mx\/api\/wp\/v2\/categories?post=233089"},{"taxonomy":"post_tag","embeddable":true,"href":"https:\/\/www.sonoraenequipo.com.mx\/api\/wp\/v2\/tags?post=233089"}],"curies":[{"name":"wp","href":"https:\/\/api.w.org\/{rel}","templated":true}]}}