{"id":233094,"date":"2026-01-14T14:49:03","date_gmt":"2026-01-14T21:49:03","guid":{"rendered":"https:\/\/www.sonoraenequipo.com.mx\/?p=233094"},"modified":"2026-01-14T14:49:03","modified_gmt":"2026-01-14T21:49:03","slug":"refuerza-salud-sonora-atencion-y-prevencion-a-poblacion-migrante-de-campos-agricolas","status":"publish","type":"post","link":"https:\/\/www.sonoraenequipo.com.mx\/refuerza-salud-sonora-atencion-y-prevencion-a-poblacion-migrante-de-campos-agricolas\/","title":{"rendered":"Refuerza Salud Sonora atenci\u00f3n y prevenci\u00f3n a poblaci\u00f3n migrante de campos agr\u00edcolas"},"content":{"rendered":"<p><strong>HERMOSILLO, SONORA, MX.<\/strong> \u2014 .\u2013 Con el objetivo de proteger la salud de las personas trabajadoras y de las comunidades receptoras mediante vacunaci\u00f3n y cercos sanitarios oportunos, la Secretar\u00eda de Salud P\u00fablica (SSP) del Estado de Sonora fortalece de manera permanente las acciones de atenci\u00f3n, prevenci\u00f3n y vigilancia epidemiol\u00f3gica dirigidas a la poblaci\u00f3n migrante que labora en campos agr\u00edcolas.<\/p>\n<p>&nbsp;<\/p>\n<p>&nbsp;<\/p>\n<p>&nbsp;<\/p>\n<p>Como parte de estas estrategias, el pasado 10 de enero se visit\u00f3 el Campo Sonora, en el municipio de Guaymas, donde se realizaron actividades preventivas para reducir el riesgo de enfermedades prevenibles por vacunaci\u00f3n en contextos de alta movilidad poblacional.<\/p>\n<p>&nbsp;<\/p>\n<p>&nbsp;<\/p>\n<p>&nbsp;<\/p>\n<p>Durante la jornada se aplicaron dosis de SRP (sarampi\u00f3n, rub\u00e9ola y parotiditis), as\u00ed como vacunas contra influenza y COVID-19, reforzando la protecci\u00f3n individual y colectiva de las y los trabajadores agr\u00edcolas.<\/p>\n<p>&nbsp;<\/p>\n<p>&nbsp;<\/p>\n<p>&nbsp;<\/p>\n<p>De igual manera, el 24 de diciembre, personal de salud realiz\u00f3 acciones de promoci\u00f3n de la salud y prevenci\u00f3n de sarampi\u00f3n en el campo agr\u00edcola Maribel, ubicado en el municipio de Caborca. En esta intervenci\u00f3n se brind\u00f3 cobertura de vacunaci\u00f3n contra sarampi\u00f3n, se completaron esquemas, se ofrecieron pl\u00e1ticas informativas y se entregaron cubrebocas y Vida Suero Oral.<\/p>\n<p>&nbsp;<\/p>\n<p>&nbsp;<\/p>\n<p>&nbsp;<\/p>\n<p>De forma simult\u00e1nea, en Hermosillo se llevaron a cabo bloqueos vacunales en el Poblado Miguel Alem\u00e1n y en diferentes puntos de la ciudad, adem\u00e1s de continuar con visitas a campos agr\u00edcolas para ofrecer vacunaci\u00f3n contra el sarampi\u00f3n y completar esquemas pendientes.<\/p>\n<p>&nbsp;<\/p>\n<p>&nbsp;<\/p>\n<p>&nbsp;<\/p>\n<p>La Secretar\u00eda de Salud reiter\u00f3 que, debido a la temporada alta de enfermedades respiratorias, la vacunaci\u00f3n es fundamental para proteger a la poblaci\u00f3n, y subray\u00f3 que estas acciones de prevenci\u00f3n, vacunaci\u00f3n y vigilancia epidemiol\u00f3gica continuar\u00e1n realiz\u00e1ndose de manera permanente en comunidades migrantes y campos agr\u00edcolas en todo el estado.<\/p>\n<p><strong>Fecha de publicaci\u00f3n mi\u00e9rcoles 14 de enero de 2026<\/strong><\/p>\n<p>&nbsp;<\/p>\n","protected":false},"excerpt":{"rendered":"<p>HERMOSILLO, SONORA, MX. \u2014 .\u2013 Con el objetivo de proteger la salud de las personas&#8230;<\/p>\n","protected":false},"author":1,"featured_media":233095,"comment_status":"open","ping_status":"open","sticky":false,"template":"","format":"standard","meta":{"_monsterinsights_skip_tracking":false,"_monsterinsights_sitenote_active":false,"_monsterinsights_sitenote_note":"","_monsterinsights_sitenote_category":0,"footnotes":""},"categories":[22],"tags":[3219,8504,3851],"class_list":["post"],"yoast_head":" \n<title>Sonora en Equipo. Refuerza Salud Sonora atenci\u00f3n y prevenci\u00f3n a poblaci\u00f3n migrante de campos agr\u00edcolas Sonora<\/title>\n<meta name=\"description\" content=\"HERMOSILLO, SONORA, MX. \u2014 .\u2013 Con el objetivo de proteger la salud de las personas trabajadoras y de las comunidades receptoras mediante vacunaci\u00f3n y En Sonora en Equipo publicamos toda la informaci\u00f3n de Sonora, M\u00e9xico y el Mundo de manera oportuna y busca que la libertad de expresi\u00f3n sea real. Visita nuestro medio informativo publicado desde Hermosillo, Sonora. %\" \/>\n<meta name=\"robots\" content=\"index, follow, max-snippet:-1, max-image-preview:large, max-video-preview:-1\" \/>\n<link rel=\"canonical\" href=\"https:\/\/www.sonoraenequipo.com.mx\/refuerza-salud-sonora-atencion-y-prevencion-a-poblacion-migrante-de-campos-agricolas\/\" \/>\n<meta property=\"og:locale\" content=\"es_ES\" \/>\n<meta property=\"og:type\" content=\"article\" \/>\n<meta property=\"og:title\" content=\"Sonora en Equipo. Refuerza Salud Sonora atenci\u00f3n y prevenci\u00f3n a poblaci\u00f3n migrante de campos agr\u00edcolas Sonora\" \/>\n<meta property=\"og:description\" content=\"HERMOSILLO, SONORA, MX. \u2014 .\u2013 Con el objetivo de proteger la salud de las personas trabajadoras y de las comunidades receptoras mediante vacunaci\u00f3n y En Sonora en Equipo publicamos toda la informaci\u00f3n de Sonora, M\u00e9xico y el Mundo de manera oportuna y busca que la libertad de expresi\u00f3n sea real. Visita nuestro medio informativo publicado desde Hermosillo, Sonora. %\" \/>\n<meta property=\"og:url\" content=\"https:\/\/www.sonoraenequipo.com.mx\/refuerza-salud-sonora-atencion-y-prevencion-a-poblacion-migrante-de-campos-agricolas\/\" \/>\n<meta property=\"og:site_name\" content=\"Sonora en Equipo.\" \/>\n<meta property=\"article:publisher\" content=\"https:\/\/www.facebook.com\/SonoraEE\/\" \/>\n<meta property=\"article:author\" content=\"https:\/\/www.facebook.com\/SonoraEE\" \/>\n<meta property=\"article:published_time\" content=\"2026-01-14T21:49:03+00:00\" \/>\n<meta property=\"og:image\" content=\"https:\/\/www.sonoraenequipo.com.mx\/storage\/2026\/01\/vacunacion-migrante.jpg\" \/>\n\t<meta property=\"og:image:width\" content=\"600\" \/>\n\t<meta property=\"og:image:height\" content=\"400\" \/>\n\t<meta property=\"og:image:type\" content=\"image\/jpeg\" \/>\n<meta name=\"author\" content=\"enequipo\" \/>\n<meta name=\"twitter:card\" content=\"summary_large_image\" \/>\n<meta name=\"twitter:creator\" content=\"@sonoraenequipo\" \/>\n<meta name=\"twitter:site\" content=\"@sonoraenequipo\" \/>\n<meta name=\"twitter:label1\" content=\"Escrito por\" \/>\n\t<meta name=\"twitter:data1\" content=\"enequipo\" \/>\n\t<meta name=\"twitter:label2\" content=\"Tiempo de lectura\" \/>\n\t<meta name=\"twitter:data2\" content=\"2 minutos\" \/>\n<script type=\"application\/ld+json\" class=\"yoast-schema-graph\">{\"@context\":\"https:\/\/schema.org\",\"@graph\":[{\"@type\":\"Article\",\"@id\":\"https:\/\/www.sonoraenequipo.com.mx\/refuerza-salud-sonora-atencion-y-prevencion-a-poblacion-migrante-de-campos-agricolas\/#article\",\"isPartOf\":{\"@id\":\"https:\/\/www.sonoraenequipo.com.mx\/refuerza-salud-sonora-atencion-y-prevencion-a-poblacion-migrante-de-campos-agricolas\/\"},\"author\":{\"name\":\"enequipo\",\"@id\":\"https:\/\/www.sonoraenequipo.com.mx\/#\/schema\/person\/50102df0fb23a8fa9e8effad8fa81386\"},\"headline\":\"Refuerza Salud Sonora atenci\u00f3n y prevenci\u00f3n a poblaci\u00f3n migrante de campos agr\u00edcolas\",\"datePublished\":\"2026-01-14T21:49:03+00:00\",\"mainEntityOfPage\":{\"@id\":\"https:\/\/www.sonoraenequipo.com.mx\/refuerza-salud-sonora-atencion-y-prevencion-a-poblacion-migrante-de-campos-agricolas\/\"},\"wordCount\":350,\"commentCount\":0,\"publisher\":{\"@id\":\"https:\/\/www.sonoraenequipo.com.mx\/#organization\"},\"image\":{\"@id\":\"https:\/\/www.sonoraenequipo.com.mx\/refuerza-salud-sonora-atencion-y-prevencion-a-poblacion-migrante-de-campos-agricolas\/#primaryimage\"},\"thumbnailUrl\":\"https:\/\/www.sonoraenequipo.com.mx\/storage\/2026\/01\/vacunacion-migrante.jpg\",\"keywords\":[\"migrante\",\"poblaci\u00f3n\",\"vacunaci\u00f3n\"],\"articleSection\":[\"Sonora\"],\"inLanguage\":\"es\",\"potentialAction\":[{\"@type\":\"CommentAction\",\"name\":\"Comment\",\"target\":[\"https:\/\/www.sonoraenequipo.com.mx\/refuerza-salud-sonora-atencion-y-prevencion-a-poblacion-migrante-de-campos-agricolas\/#respond\"]}]},{\"@type\":\"WebPage\",\"@id\":\"https:\/\/www.sonoraenequipo.com.mx\/refuerza-salud-sonora-atencion-y-prevencion-a-poblacion-migrante-de-campos-agricolas\/\",\"url\":\"https:\/\/www.sonoraenequipo.com.mx\/refuerza-salud-sonora-atencion-y-prevencion-a-poblacion-migrante-de-campos-agricolas\/\",\"name\":\"Sonora en Equipo. Refuerza Salud Sonora atenci\u00f3n y prevenci\u00f3n a poblaci\u00f3n migrante de campos agr\u00edcolas Sonora\",\"isPartOf\":{\"@id\":\"https:\/\/www.sonoraenequipo.com.mx\/#website\"},\"primaryImageOfPage\":{\"@id\":\"https:\/\/www.sonoraenequipo.com.mx\/refuerza-salud-sonora-atencion-y-prevencion-a-poblacion-migrante-de-campos-agricolas\/#primaryimage\"},\"image\":{\"@id\":\"https:\/\/www.sonoraenequipo.com.mx\/refuerza-salud-sonora-atencion-y-prevencion-a-poblacion-migrante-de-campos-agricolas\/#primaryimage\"},\"thumbnailUrl\":\"https:\/\/www.sonoraenequipo.com.mx\/storage\/2026\/01\/vacunacion-migrante.jpg\",\"datePublished\":\"2026-01-14T21:49:03+00:00\",\"description\":\"HERMOSILLO, SONORA, MX. \u2014 .\u2013 Con el objetivo de proteger la salud de las personas trabajadoras y de las comunidades receptoras mediante vacunaci\u00f3n y En Sonora en Equipo publicamos toda la informaci\u00f3n de Sonora, M\u00e9xico y el Mundo de manera oportuna y busca que la libertad de expresi\u00f3n sea real. Visita nuestro medio informativo publicado desde Hermosillo, Sonora. %\",\"breadcrumb\":{\"@id\":\"https:\/\/www.sonoraenequipo.com.mx\/refuerza-salud-sonora-atencion-y-prevencion-a-poblacion-migrante-de-campos-agricolas\/#breadcrumb\"},\"inLanguage\":\"es\",\"potentialAction\":[{\"@type\":\"ReadAction\",\"target\":[\"https:\/\/www.sonoraenequipo.com.mx\/refuerza-salud-sonora-atencion-y-prevencion-a-poblacion-migrante-de-campos-agricolas\/\"]}]},{\"@type\":\"ImageObject\",\"inLanguage\":\"es\",\"@id\":\"https:\/\/www.sonoraenequipo.com.mx\/refuerza-salud-sonora-atencion-y-prevencion-a-poblacion-migrante-de-campos-agricolas\/#primaryimage\",\"url\":\"https:\/\/www.sonoraenequipo.com.mx\/storage\/2026\/01\/vacunacion-migrante.jpg\",\"contentUrl\":\"https:\/\/www.sonoraenequipo.com.mx\/storage\/2026\/01\/vacunacion-migrante.jpg\",\"width\":600,\"height\":400},{\"@type\":\"BreadcrumbList\",\"@id\":\"https:\/\/www.sonoraenequipo.com.mx\/refuerza-salud-sonora-atencion-y-prevencion-a-poblacion-migrante-de-campos-agricolas\/#breadcrumb\",\"itemListElement\":[{\"@type\":\"ListItem\",\"position\":1,\"name\":\"Portada\",\"item\":\"https:\/\/www.sonoraenequipo.com.mx\/\"},{\"@type\":\"ListItem\",\"position\":2,\"name\":\"Refuerza Salud Sonora atenci\u00f3n y prevenci\u00f3n a poblaci\u00f3n migrante de campos agr\u00edcolas\"}]},{\"@type\":\"WebSite\",\"@id\":\"https:\/\/www.sonoraenequipo.com.mx\/#website\",\"url\":\"https:\/\/www.sonoraenequipo.com.mx\/\",\"name\":\"Sonora en Equipo.\",\"description\":\"Diario en l\u00ednea con Noticias desde Hermosillo, Sonora\",\"publisher\":{\"@id\":\"https:\/\/www.sonoraenequipo.com.mx\/#organization\"},\"potentialAction\":[{\"@type\":\"SearchAction\",\"target\":{\"@type\":\"EntryPoint\",\"urlTemplate\":\"https:\/\/www.sonoraenequipo.com.mx\/?s={search_term_string}\"},\"query-input\":{\"@type\":\"PropertyValueSpecification\",\"valueRequired\":true,\"valueName\":\"search_term_string\"}}],\"inLanguage\":\"es\"},{\"@type\":\"Organization\",\"@id\":\"https:\/\/www.sonoraenequipo.com.mx\/#organization\",\"name\":\"Sonoraenequipo.com.mx\",\"url\":\"https:\/\/www.sonoraenequipo.com.mx\/\",\"logo\":{\"@type\":\"ImageObject\",\"inLanguage\":\"es\",\"@id\":\"https:\/\/www.sonoraenequipo.com.mx\/#\/schema\/logo\/image\/\",\"url\":\"https:\/\/www.sonoraenequipo.com.mx\/storage\/2019\/01\/sonoraenequipo_opt.png\",\"contentUrl\":\"https:\/\/www.sonoraenequipo.com.mx\/storage\/2019\/01\/sonoraenequipo_opt.png\",\"width\":375,\"height\":125,\"caption\":\"Sonoraenequipo.com.mx\"},\"image\":{\"@id\":\"https:\/\/www.sonoraenequipo.com.mx\/#\/schema\/logo\/image\/\"},\"sameAs\":[\"https:\/\/www.facebook.com\/SonoraEE\/\",\"https:\/\/x.com\/sonoraenequipo\",\"https:\/\/www.youtube.com\/channel\/UC338nW-lPEYmJQs4ZABQ1SQ\"]},{\"@type\":\"Person\",\"@id\":\"https:\/\/www.sonoraenequipo.com.mx\/#\/schema\/person\/50102df0fb23a8fa9e8effad8fa81386\",\"name\":\"enequipo\",\"image\":{\"@type\":\"ImageObject\",\"inLanguage\":\"es\",\"@id\":\"https:\/\/www.sonoraenequipo.com.mx\/#\/schema\/person\/image\/\",\"url\":\"https:\/\/secure.gravatar.com\/avatar\/049821681b589dabc0bc20695993ccebb09f5b5d4d790cd9251b97faac7c652b?s=96&d=blank&r=g\",\"contentUrl\":\"https:\/\/secure.gravatar.com\/avatar\/049821681b589dabc0bc20695993ccebb09f5b5d4d790cd9251b97faac7c652b?s=96&d=blank&r=g\",\"caption\":\"enequipo\"},\"sameAs\":[\"https:\/\/www.facebook.com\/SonoraEE\"]}]}<\/script>\n ","yoast_head_json":{"title":"Sonora en Equipo. Refuerza Salud Sonora atenci\u00f3n y prevenci\u00f3n a poblaci\u00f3n migrante de campos agr\u00edcolas Sonora","description":"HERMOSILLO, SONORA, MX. \u2014 .\u2013 Con el objetivo de proteger la salud de las personas trabajadoras y de las comunidades receptoras mediante vacunaci\u00f3n y En Sonora en Equipo publicamos toda la informaci\u00f3n de Sonora, M\u00e9xico y el Mundo de manera oportuna y busca que la libertad de expresi\u00f3n sea real. Visita nuestro medio informativo publicado desde Hermosillo, Sonora. %","robots":{"index":"index","follow":"follow","max-snippet":"max-snippet:-1","max-image-preview":"max-image-preview:large","max-video-preview":"max-video-preview:-1"},"canonical":"https:\/\/www.sonoraenequipo.com.mx\/refuerza-salud-sonora-atencion-y-prevencion-a-poblacion-migrante-de-campos-agricolas\/","og_locale":"es_ES","og_type":"article","og_title":"Sonora en Equipo. Refuerza Salud Sonora atenci\u00f3n y prevenci\u00f3n a poblaci\u00f3n migrante de campos agr\u00edcolas Sonora","og_description":"HERMOSILLO, SONORA, MX. \u2014 .\u2013 Con el objetivo de proteger la salud de las personas trabajadoras y de las comunidades receptoras mediante vacunaci\u00f3n y En Sonora en Equipo publicamos toda la informaci\u00f3n de Sonora, M\u00e9xico y el Mundo de manera oportuna y busca que la libertad de expresi\u00f3n sea real. Visita nuestro medio informativo publicado desde Hermosillo, Sonora. %","og_url":"https:\/\/www.sonoraenequipo.com.mx\/refuerza-salud-sonora-atencion-y-prevencion-a-poblacion-migrante-de-campos-agricolas\/","og_site_name":"Sonora en Equipo.","article_publisher":"https:\/\/www.facebook.com\/SonoraEE\/","article_author":"https:\/\/www.facebook.com\/SonoraEE","article_published_time":"2026-01-14T21:49:03+00:00","og_image":[{"width":600,"height":400,"url":"https:\/\/www.sonoraenequipo.com.mx\/storage\/2026\/01\/vacunacion-migrante.jpg","type":"image\/jpeg"}],"author":"enequipo","twitter_card":"summary_large_image","twitter_creator":"@sonoraenequipo","twitter_site":"@sonoraenequipo","twitter_misc":{"Escrito por":"enequipo","Tiempo de lectura":"2 minutos"},"schema":{"@context":"https:\/\/schema.org","@graph":[{"@type":"Article","@id":"https:\/\/www.sonoraenequipo.com.mx\/refuerza-salud-sonora-atencion-y-prevencion-a-poblacion-migrante-de-campos-agricolas\/#article","isPartOf":{"@id":"https:\/\/www.sonoraenequipo.com.mx\/refuerza-salud-sonora-atencion-y-prevencion-a-poblacion-migrante-de-campos-agricolas\/"},"author":{"name":"enequipo","@id":"https:\/\/www.sonoraenequipo.com.mx\/#\/schema\/person\/50102df0fb23a8fa9e8effad8fa81386"},"headline":"Refuerza Salud Sonora atenci\u00f3n y prevenci\u00f3n a poblaci\u00f3n migrante de campos agr\u00edcolas","datePublished":"2026-01-14T21:49:03+00:00","mainEntityOfPage":{"@id":"https:\/\/www.sonoraenequipo.com.mx\/refuerza-salud-sonora-atencion-y-prevencion-a-poblacion-migrante-de-campos-agricolas\/"},"wordCount":350,"commentCount":0,"publisher":{"@id":"https:\/\/www.sonoraenequipo.com.mx\/#organization"},"image":{"@id":"https:\/\/www.sonoraenequipo.com.mx\/refuerza-salud-sonora-atencion-y-prevencion-a-poblacion-migrante-de-campos-agricolas\/#primaryimage"},"thumbnailUrl":"https:\/\/www.sonoraenequipo.com.mx\/storage\/2026\/01\/vacunacion-migrante.jpg","keywords":["migrante","poblaci\u00f3n","vacunaci\u00f3n"],"articleSection":["Sonora"],"inLanguage":"es","potentialAction":[{"@type":"CommentAction","name":"Comment","target":["https:\/\/www.sonoraenequipo.com.mx\/refuerza-salud-sonora-atencion-y-prevencion-a-poblacion-migrante-de-campos-agricolas\/#respond"]}]},{"@type":"WebPage","@id":"https:\/\/www.sonoraenequipo.com.mx\/refuerza-salud-sonora-atencion-y-prevencion-a-poblacion-migrante-de-campos-agricolas\/","url":"https:\/\/www.sonoraenequipo.com.mx\/refuerza-salud-sonora-atencion-y-prevencion-a-poblacion-migrante-de-campos-agricolas\/","name":"Sonora en Equipo. Refuerza Salud Sonora atenci\u00f3n y prevenci\u00f3n a poblaci\u00f3n migrante de campos agr\u00edcolas Sonora","isPartOf":{"@id":"https:\/\/www.sonoraenequipo.com.mx\/#website"},"primaryImageOfPage":{"@id":"https:\/\/www.sonoraenequipo.com.mx\/refuerza-salud-sonora-atencion-y-prevencion-a-poblacion-migrante-de-campos-agricolas\/#primaryimage"},"image":{"@id":"https:\/\/www.sonoraenequipo.com.mx\/refuerza-salud-sonora-atencion-y-prevencion-a-poblacion-migrante-de-campos-agricolas\/#primaryimage"},"thumbnailUrl":"https:\/\/www.sonoraenequipo.com.mx\/storage\/2026\/01\/vacunacion-migrante.jpg","datePublished":"2026-01-14T21:49:03+00:00","description":"HERMOSILLO, SONORA, MX. \u2014 .\u2013 Con el objetivo de proteger la salud de las personas trabajadoras y de las comunidades receptoras mediante vacunaci\u00f3n y En Sonora en Equipo publicamos toda la informaci\u00f3n de Sonora, M\u00e9xico y el Mundo de manera oportuna y busca que la libertad de expresi\u00f3n sea real. Visita nuestro medio informativo publicado desde Hermosillo, Sonora. %","breadcrumb":{"@id":"https:\/\/www.sonoraenequipo.com.mx\/refuerza-salud-sonora-atencion-y-prevencion-a-poblacion-migrante-de-campos-agricolas\/#breadcrumb"},"inLanguage":"es","potentialAction":[{"@type":"ReadAction","target":["https:\/\/www.sonoraenequipo.com.mx\/refuerza-salud-sonora-atencion-y-prevencion-a-poblacion-migrante-de-campos-agricolas\/"]}]},{"@type":"ImageObject","inLanguage":"es","@id":"https:\/\/www.sonoraenequipo.com.mx\/refuerza-salud-sonora-atencion-y-prevencion-a-poblacion-migrante-de-campos-agricolas\/#primaryimage","url":"https:\/\/www.sonoraenequipo.com.mx\/storage\/2026\/01\/vacunacion-migrante.jpg","contentUrl":"https:\/\/www.sonoraenequipo.com.mx\/storage\/2026\/01\/vacunacion-migrante.jpg","width":600,"height":400},{"@type":"BreadcrumbList","@id":"https:\/\/www.sonoraenequipo.com.mx\/refuerza-salud-sonora-atencion-y-prevencion-a-poblacion-migrante-de-campos-agricolas\/#breadcrumb","itemListElement":[{"@type":"ListItem","position":1,"name":"Portada","item":"https:\/\/www.sonoraenequipo.com.mx\/"},{"@type":"ListItem","position":2,"name":"Refuerza Salud Sonora atenci\u00f3n y prevenci\u00f3n a poblaci\u00f3n migrante de campos agr\u00edcolas"}]},{"@type":"WebSite","@id":"https:\/\/www.sonoraenequipo.com.mx\/#website","url":"https:\/\/www.sonoraenequipo.com.mx\/","name":"Sonora en Equipo.","description":"Diario en l\u00ednea con Noticias desde Hermosillo, Sonora","publisher":{"@id":"https:\/\/www.sonoraenequipo.com.mx\/#organization"},"potentialAction":[{"@type":"SearchAction","target":{"@type":"EntryPoint","urlTemplate":"https:\/\/www.sonoraenequipo.com.mx\/?s={search_term_string}"},"query-input":{"@type":"PropertyValueSpecification","valueRequired":true,"valueName":"search_term_string"}}],"inLanguage":"es"},{"@type":"Organization","@id":"https:\/\/www.sonoraenequipo.com.mx\/#organization","name":"Sonoraenequipo.com.mx","url":"https:\/\/www.sonoraenequipo.com.mx\/","logo":{"@type":"ImageObject","inLanguage":"es","@id":"https:\/\/www.sonoraenequipo.com.mx\/#\/schema\/logo\/image\/","url":"https:\/\/www.sonoraenequipo.com.mx\/storage\/2019\/01\/sonoraenequipo_opt.png","contentUrl":"https:\/\/www.sonoraenequipo.com.mx\/storage\/2019\/01\/sonoraenequipo_opt.png","width":375,"height":125,"caption":"Sonoraenequipo.com.mx"},"image":{"@id":"https:\/\/www.sonoraenequipo.com.mx\/#\/schema\/logo\/image\/"},"sameAs":["https:\/\/www.facebook.com\/SonoraEE\/","https:\/\/x.com\/sonoraenequipo","https:\/\/www.youtube.com\/channel\/UC338nW-lPEYmJQs4ZABQ1SQ"]},{"@type":"Person","@id":"https:\/\/www.sonoraenequipo.com.mx\/#\/schema\/person\/50102df0fb23a8fa9e8effad8fa81386","name":"enequipo","image":{"@type":"ImageObject","inLanguage":"es","@id":"https:\/\/www.sonoraenequipo.com.mx\/#\/schema\/person\/image\/","url":"https:\/\/secure.gravatar.com\/avatar\/049821681b589dabc0bc20695993ccebb09f5b5d4d790cd9251b97faac7c652b?s=96&d=blank&r=g","contentUrl":"https:\/\/secure.gravatar.com\/avatar\/049821681b589dabc0bc20695993ccebb09f5b5d4d790cd9251b97faac7c652b?s=96&d=blank&r=g","caption":"enequipo"},"sameAs":["https:\/\/www.facebook.com\/SonoraEE"]}]}},"jetpack_featured_media_url":"https:\/\/www.sonoraenequipo.com.mx\/storage\/2026\/01\/vacunacion-migrante.jpg","_links":{"self":[{"href":"https:\/\/www.sonoraenequipo.com.mx\/api\/wp\/v2\/posts\/233094","targetHints":{"allow":["GET"]}}],"collection":[{"href":"https:\/\/www.sonoraenequipo.com.mx\/api\/wp\/v2\/posts"}],"about":[{"href":"https:\/\/www.sonoraenequipo.com.mx\/api\/wp\/v2\/types\/post"}],"author":[{"embeddable":true,"href":"https:\/\/www.sonoraenequipo.com.mx\/api\/wp\/v2\/users\/1"}],"replies":[{"embeddable":true,"href":"https:\/\/www.sonoraenequipo.com.mx\/api\/wp\/v2\/comments?post=233094"}],"version-history":[{"count":1,"href":"https:\/\/www.sonoraenequipo.com.mx\/api\/wp\/v2\/posts\/233094\/revisions"}],"predecessor-version":[{"id":233096,"href":"https:\/\/www.sonoraenequipo.com.mx\/api\/wp\/v2\/posts\/233094\/revisions\/233096"}],"wp:featuredmedia":[{"embeddable":true,"href":"https:\/\/www.sonoraenequipo.com.mx\/api\/wp\/v2\/media\/233095"}],"wp:attachment":[{"href":"https:\/\/www.sonoraenequipo.com.mx\/api\/wp\/v2\/media?parent=233094"}],"wp:term":[{"taxonomy":"category","embeddable":true,"href":"https:\/\/www.sonoraenequipo.com.mx\/api\/wp\/v2\/categories?post=233094"},{"taxonomy":"post_tag","embeddable":true,"href":"https:\/\/www.sonoraenequipo.com.mx\/api\/wp\/v2\/tags?post=233094"}],"curies":[{"name":"wp","href":"https:\/\/api.w.org\/{rel}","templated":true}]}}