{"id":233107,"date":"2026-01-14T16:14:58","date_gmt":"2026-01-14T23:14:58","guid":{"rendered":"https:\/\/www.sonoraenequipo.com.mx\/?p=233107"},"modified":"2026-01-14T16:14:58","modified_gmt":"2026-01-14T23:14:58","slug":"israel-defiende-ante-tribunal-veto-a-ingreso-de-prensa-extranjera-a-gaza","status":"publish","type":"post","link":"https:\/\/www.sonoraenequipo.com.mx\/israel-defiende-ante-tribunal-veto-a-ingreso-de-prensa-extranjera-a-gaza\/","title":{"rendered":"Israel defiende ante tribunal veto a ingreso de prensa extranjera a Gaza"},"content":{"rendered":"<p>Las autoridades de Israel consideran que el alto al fuego en la Franja de Gaza no justifica autorizar la entrada de periodistas extranjeros al territorio palestino, seg\u00fan la Fiscal\u00eda, que defendi\u00f3 este lunes (05.01.2026) ante el Tribunal Supremo el veto a la presencia de reporteros en la franja. El argumento es que existe un \u00abriesgo para la seguridad\u00bb porque persisten \u00ablas amenazas e incidentes\u00bb.<\/p>\n<p>&nbsp;<\/p>\n<p>La Asociaci\u00f3n de la Prensa Extranjera en Jerusal\u00e9n (FPA), que representa a los medios internacionales en Israel y en los Territorios Palestinos y cuenta con cientos de miembros, solicit\u00f3 en 2024 a la justicia israel\u00ed permitir un acceso inmediato a Gaza. Tras varios aplazamientos procesales, el gobierno ten\u00eda hasta el lunes para responder formalmente a esta petici\u00f3n, lo que ha realizado a trav\u00e9s de un escrito remitido al Supremo.<\/p>\n<p>&nbsp;<\/p>\n<p>\u00abA pesar de un cambio en la situaci\u00f3n factual sobre el terreno, la entrada de periodistas (tanto extranjeros como no extranjeros) en la Franja de Gaza sin escolta (&#8230;) no debe ser autorizada\u00bb, estima el fiscal, que representa al gobierno, en el documento. \u00abEsto se debe a motivos de seguridad, seg\u00fan la postura de las autoridades militares, que consideran que sigue existiendo un riesgo para la seguridad\u00bb, a\u00f1ade.<\/p>\n<p>&nbsp;<\/p>\n<p>\u00abDerecho a la informaci\u00f3n\u00bb<\/p>\n<p>Desde que en octubre de 2023 Israel comenz\u00f3 a bombardear Gaza tras los ataques de Ham\u00e1s -grupo considerado terrorista por la UE- en territorio israel\u00ed, ning\u00fan periodista ha podido acceder a la Franja si no es en compa\u00f1\u00eda del Ej\u00e9rcito israel\u00ed y a zonas donde no hay civiles, por lo que la informaci\u00f3n que sale de all\u00ed la recopilan los propios reporteros palestinos, que han sido objetivo de ataques de las fuerzas israel\u00edes. En 2025, al menos 29 periodistas murieron en ejercicio de sus funciones.<\/p>\n<p>&nbsp;<\/p>\n<p>Anteriormente, el tribunal se\u00f1al\u00f3 que permitir el ingreso de periodistas a Gaza podr\u00eda revelar detalles operativos del Ej\u00e9rcito, incluida la ubicaci\u00f3n de las tropas, lo que podr\u00eda poner en peligro a los soldados, pero abri\u00f3 la puerta a revisar su postura cuando la situaci\u00f3n en el terreno cambiase. Ahora que la situaci\u00f3n cambi\u00f3, el gobierno sigue sosteniendo que no se debe permitir el ingreso de periodistas.<\/p>\n<p>&nbsp;<\/p>\n<p>Seg\u00fan la FPA, Israel impide que los periodistas \u00abcumplan con sus deberes period\u00edsticos\u00bb y obstaculiza \u00abel derecho del p\u00fablico a la informaci\u00f3n\u00bb.<\/p>\n<p><strong>Fecha de publicaci\u00f3n mi\u00e9rcoles 14 de enero de 2026\/DW<\/strong><\/p>\n<p>&nbsp;<\/p>\n","protected":false},"excerpt":{"rendered":"<p>Las autoridades de Israel consideran que el alto al fuego en la Franja de Gaza&#8230;<\/p>\n","protected":false},"author":1,"featured_media":233108,"comment_status":"open","ping_status":"open","sticky":false,"template":"","format":"standard","meta":{"_monsterinsights_skip_tracking":false,"_monsterinsights_sitenote_active":false,"_monsterinsights_sitenote_note":"","_monsterinsights_sitenote_category":0,"footnotes":""},"categories":[3],"tags":[],"class_list":["post"],"yoast_head":" \n<title>Sonora en Equipo. Israel defiende ante tribunal veto a ingreso de prensa extranjera a Gaza MUNDO<\/title>\n<meta name=\"description\" content=\"Las autoridades de Israel consideran que el alto al fuego en la Franja de Gaza no justifica autorizar la entrada de periodistas extranjeros al territorio En Sonora en Equipo publicamos toda la informaci\u00f3n de Sonora, M\u00e9xico y el Mundo de manera oportuna y busca que la libertad de expresi\u00f3n sea real. Visita nuestro medio informativo publicado desde Hermosillo, Sonora. %\" \/>\n<meta name=\"robots\" content=\"index, follow, max-snippet:-1, max-image-preview:large, max-video-preview:-1\" \/>\n<link rel=\"canonical\" href=\"https:\/\/www.sonoraenequipo.com.mx\/israel-defiende-ante-tribunal-veto-a-ingreso-de-prensa-extranjera-a-gaza\/\" \/>\n<meta property=\"og:locale\" content=\"es_ES\" \/>\n<meta property=\"og:type\" content=\"article\" \/>\n<meta property=\"og:title\" content=\"Sonora en Equipo. Israel defiende ante tribunal veto a ingreso de prensa extranjera a Gaza MUNDO\" \/>\n<meta property=\"og:description\" content=\"Las autoridades de Israel consideran que el alto al fuego en la Franja de Gaza no justifica autorizar la entrada de periodistas extranjeros al territorio En Sonora en Equipo publicamos toda la informaci\u00f3n de Sonora, M\u00e9xico y el Mundo de manera oportuna y busca que la libertad de expresi\u00f3n sea real. Visita nuestro medio informativo publicado desde Hermosillo, Sonora. %\" \/>\n<meta property=\"og:url\" content=\"https:\/\/www.sonoraenequipo.com.mx\/israel-defiende-ante-tribunal-veto-a-ingreso-de-prensa-extranjera-a-gaza\/\" \/>\n<meta property=\"og:site_name\" content=\"Sonora en Equipo.\" \/>\n<meta property=\"article:publisher\" content=\"https:\/\/www.facebook.com\/SonoraEE\/\" \/>\n<meta property=\"article:author\" content=\"https:\/\/www.facebook.com\/SonoraEE\" \/>\n<meta property=\"article:published_time\" content=\"2026-01-14T23:14:58+00:00\" \/>\n<meta property=\"og:image\" content=\"https:\/\/www.sonoraenequipo.com.mx\/storage\/2026\/01\/press-gaza.jpg\" \/>\n\t<meta property=\"og:image:width\" content=\"600\" \/>\n\t<meta property=\"og:image:height\" content=\"400\" \/>\n\t<meta property=\"og:image:type\" content=\"image\/jpeg\" \/>\n<meta name=\"author\" content=\"enequipo\" \/>\n<meta name=\"twitter:card\" content=\"summary_large_image\" \/>\n<meta name=\"twitter:creator\" content=\"@sonoraenequipo\" \/>\n<meta name=\"twitter:site\" content=\"@sonoraenequipo\" \/>\n<meta name=\"twitter:label1\" content=\"Escrito por\" \/>\n\t<meta name=\"twitter:data1\" content=\"enequipo\" \/>\n\t<meta name=\"twitter:label2\" content=\"Tiempo de lectura\" \/>\n\t<meta name=\"twitter:data2\" content=\"2 minutos\" \/>\n<script type=\"application\/ld+json\" class=\"yoast-schema-graph\">{\"@context\":\"https:\/\/schema.org\",\"@graph\":[{\"@type\":\"Article\",\"@id\":\"https:\/\/www.sonoraenequipo.com.mx\/israel-defiende-ante-tribunal-veto-a-ingreso-de-prensa-extranjera-a-gaza\/#article\",\"isPartOf\":{\"@id\":\"https:\/\/www.sonoraenequipo.com.mx\/israel-defiende-ante-tribunal-veto-a-ingreso-de-prensa-extranjera-a-gaza\/\"},\"author\":{\"name\":\"enequipo\",\"@id\":\"https:\/\/www.sonoraenequipo.com.mx\/#\/schema\/person\/50102df0fb23a8fa9e8effad8fa81386\"},\"headline\":\"Israel defiende ante tribunal veto a ingreso de prensa extranjera a Gaza\",\"datePublished\":\"2026-01-14T23:14:58+00:00\",\"mainEntityOfPage\":{\"@id\":\"https:\/\/www.sonoraenequipo.com.mx\/israel-defiende-ante-tribunal-veto-a-ingreso-de-prensa-extranjera-a-gaza\/\"},\"wordCount\":428,\"commentCount\":0,\"publisher\":{\"@id\":\"https:\/\/www.sonoraenequipo.com.mx\/#organization\"},\"image\":{\"@id\":\"https:\/\/www.sonoraenequipo.com.mx\/israel-defiende-ante-tribunal-veto-a-ingreso-de-prensa-extranjera-a-gaza\/#primaryimage\"},\"thumbnailUrl\":\"https:\/\/www.sonoraenequipo.com.mx\/storage\/2026\/01\/press-gaza.jpg\",\"articleSection\":[\"MUNDO\"],\"inLanguage\":\"es\",\"potentialAction\":[{\"@type\":\"CommentAction\",\"name\":\"Comment\",\"target\":[\"https:\/\/www.sonoraenequipo.com.mx\/israel-defiende-ante-tribunal-veto-a-ingreso-de-prensa-extranjera-a-gaza\/#respond\"]}]},{\"@type\":\"WebPage\",\"@id\":\"https:\/\/www.sonoraenequipo.com.mx\/israel-defiende-ante-tribunal-veto-a-ingreso-de-prensa-extranjera-a-gaza\/\",\"url\":\"https:\/\/www.sonoraenequipo.com.mx\/israel-defiende-ante-tribunal-veto-a-ingreso-de-prensa-extranjera-a-gaza\/\",\"name\":\"Sonora en Equipo. Israel defiende ante tribunal veto a ingreso de prensa extranjera a Gaza MUNDO\",\"isPartOf\":{\"@id\":\"https:\/\/www.sonoraenequipo.com.mx\/#website\"},\"primaryImageOfPage\":{\"@id\":\"https:\/\/www.sonoraenequipo.com.mx\/israel-defiende-ante-tribunal-veto-a-ingreso-de-prensa-extranjera-a-gaza\/#primaryimage\"},\"image\":{\"@id\":\"https:\/\/www.sonoraenequipo.com.mx\/israel-defiende-ante-tribunal-veto-a-ingreso-de-prensa-extranjera-a-gaza\/#primaryimage\"},\"thumbnailUrl\":\"https:\/\/www.sonoraenequipo.com.mx\/storage\/2026\/01\/press-gaza.jpg\",\"datePublished\":\"2026-01-14T23:14:58+00:00\",\"description\":\"Las autoridades de Israel consideran que el alto al fuego en la Franja de Gaza no justifica autorizar la entrada de periodistas extranjeros al territorio En Sonora en Equipo publicamos toda la informaci\u00f3n de Sonora, M\u00e9xico y el Mundo de manera oportuna y busca que la libertad de expresi\u00f3n sea real. Visita nuestro medio informativo publicado desde Hermosillo, Sonora. %\",\"breadcrumb\":{\"@id\":\"https:\/\/www.sonoraenequipo.com.mx\/israel-defiende-ante-tribunal-veto-a-ingreso-de-prensa-extranjera-a-gaza\/#breadcrumb\"},\"inLanguage\":\"es\",\"potentialAction\":[{\"@type\":\"ReadAction\",\"target\":[\"https:\/\/www.sonoraenequipo.com.mx\/israel-defiende-ante-tribunal-veto-a-ingreso-de-prensa-extranjera-a-gaza\/\"]}]},{\"@type\":\"ImageObject\",\"inLanguage\":\"es\",\"@id\":\"https:\/\/www.sonoraenequipo.com.mx\/israel-defiende-ante-tribunal-veto-a-ingreso-de-prensa-extranjera-a-gaza\/#primaryimage\",\"url\":\"https:\/\/www.sonoraenequipo.com.mx\/storage\/2026\/01\/press-gaza.jpg\",\"contentUrl\":\"https:\/\/www.sonoraenequipo.com.mx\/storage\/2026\/01\/press-gaza.jpg\",\"width\":600,\"height\":400,\"caption\":\"Israel argumenta que la zona es peligrosa para civiles.Imagen Getty Images\"},{\"@type\":\"BreadcrumbList\",\"@id\":\"https:\/\/www.sonoraenequipo.com.mx\/israel-defiende-ante-tribunal-veto-a-ingreso-de-prensa-extranjera-a-gaza\/#breadcrumb\",\"itemListElement\":[{\"@type\":\"ListItem\",\"position\":1,\"name\":\"Portada\",\"item\":\"https:\/\/www.sonoraenequipo.com.mx\/\"},{\"@type\":\"ListItem\",\"position\":2,\"name\":\"Israel defiende ante tribunal veto a ingreso de prensa extranjera a Gaza\"}]},{\"@type\":\"WebSite\",\"@id\":\"https:\/\/www.sonoraenequipo.com.mx\/#website\",\"url\":\"https:\/\/www.sonoraenequipo.com.mx\/\",\"name\":\"Sonora en Equipo.\",\"description\":\"Diario en l\u00ednea con Noticias desde Hermosillo, Sonora\",\"publisher\":{\"@id\":\"https:\/\/www.sonoraenequipo.com.mx\/#organization\"},\"potentialAction\":[{\"@type\":\"SearchAction\",\"target\":{\"@type\":\"EntryPoint\",\"urlTemplate\":\"https:\/\/www.sonoraenequipo.com.mx\/?s={search_term_string}\"},\"query-input\":{\"@type\":\"PropertyValueSpecification\",\"valueRequired\":true,\"valueName\":\"search_term_string\"}}],\"inLanguage\":\"es\"},{\"@type\":\"Organization\",\"@id\":\"https:\/\/www.sonoraenequipo.com.mx\/#organization\",\"name\":\"Sonoraenequipo.com.mx\",\"url\":\"https:\/\/www.sonoraenequipo.com.mx\/\",\"logo\":{\"@type\":\"ImageObject\",\"inLanguage\":\"es\",\"@id\":\"https:\/\/www.sonoraenequipo.com.mx\/#\/schema\/logo\/image\/\",\"url\":\"https:\/\/www.sonoraenequipo.com.mx\/storage\/2019\/01\/sonoraenequipo_opt.png\",\"contentUrl\":\"https:\/\/www.sonoraenequipo.com.mx\/storage\/2019\/01\/sonoraenequipo_opt.png\",\"width\":375,\"height\":125,\"caption\":\"Sonoraenequipo.com.mx\"},\"image\":{\"@id\":\"https:\/\/www.sonoraenequipo.com.mx\/#\/schema\/logo\/image\/\"},\"sameAs\":[\"https:\/\/www.facebook.com\/SonoraEE\/\",\"https:\/\/x.com\/sonoraenequipo\",\"https:\/\/www.youtube.com\/channel\/UC338nW-lPEYmJQs4ZABQ1SQ\"]},{\"@type\":\"Person\",\"@id\":\"https:\/\/www.sonoraenequipo.com.mx\/#\/schema\/person\/50102df0fb23a8fa9e8effad8fa81386\",\"name\":\"enequipo\",\"image\":{\"@type\":\"ImageObject\",\"inLanguage\":\"es\",\"@id\":\"https:\/\/www.sonoraenequipo.com.mx\/#\/schema\/person\/image\/\",\"url\":\"https:\/\/secure.gravatar.com\/avatar\/049821681b589dabc0bc20695993ccebb09f5b5d4d790cd9251b97faac7c652b?s=96&d=blank&r=g\",\"contentUrl\":\"https:\/\/secure.gravatar.com\/avatar\/049821681b589dabc0bc20695993ccebb09f5b5d4d790cd9251b97faac7c652b?s=96&d=blank&r=g\",\"caption\":\"enequipo\"},\"sameAs\":[\"https:\/\/www.facebook.com\/SonoraEE\"]}]}<\/script>\n ","yoast_head_json":{"title":"Sonora en Equipo. Israel defiende ante tribunal veto a ingreso de prensa extranjera a Gaza MUNDO","description":"Las autoridades de Israel consideran que el alto al fuego en la Franja de Gaza no justifica autorizar la entrada de periodistas extranjeros al territorio En Sonora en Equipo publicamos toda la informaci\u00f3n de Sonora, M\u00e9xico y el Mundo de manera oportuna y busca que la libertad de expresi\u00f3n sea real. Visita nuestro medio informativo publicado desde Hermosillo, Sonora. %","robots":{"index":"index","follow":"follow","max-snippet":"max-snippet:-1","max-image-preview":"max-image-preview:large","max-video-preview":"max-video-preview:-1"},"canonical":"https:\/\/www.sonoraenequipo.com.mx\/israel-defiende-ante-tribunal-veto-a-ingreso-de-prensa-extranjera-a-gaza\/","og_locale":"es_ES","og_type":"article","og_title":"Sonora en Equipo. Israel defiende ante tribunal veto a ingreso de prensa extranjera a Gaza MUNDO","og_description":"Las autoridades de Israel consideran que el alto al fuego en la Franja de Gaza no justifica autorizar la entrada de periodistas extranjeros al territorio En Sonora en Equipo publicamos toda la informaci\u00f3n de Sonora, M\u00e9xico y el Mundo de manera oportuna y busca que la libertad de expresi\u00f3n sea real. Visita nuestro medio informativo publicado desde Hermosillo, Sonora. %","og_url":"https:\/\/www.sonoraenequipo.com.mx\/israel-defiende-ante-tribunal-veto-a-ingreso-de-prensa-extranjera-a-gaza\/","og_site_name":"Sonora en Equipo.","article_publisher":"https:\/\/www.facebook.com\/SonoraEE\/","article_author":"https:\/\/www.facebook.com\/SonoraEE","article_published_time":"2026-01-14T23:14:58+00:00","og_image":[{"width":600,"height":400,"url":"https:\/\/www.sonoraenequipo.com.mx\/storage\/2026\/01\/press-gaza.jpg","type":"image\/jpeg"}],"author":"enequipo","twitter_card":"summary_large_image","twitter_creator":"@sonoraenequipo","twitter_site":"@sonoraenequipo","twitter_misc":{"Escrito por":"enequipo","Tiempo de lectura":"2 minutos"},"schema":{"@context":"https:\/\/schema.org","@graph":[{"@type":"Article","@id":"https:\/\/www.sonoraenequipo.com.mx\/israel-defiende-ante-tribunal-veto-a-ingreso-de-prensa-extranjera-a-gaza\/#article","isPartOf":{"@id":"https:\/\/www.sonoraenequipo.com.mx\/israel-defiende-ante-tribunal-veto-a-ingreso-de-prensa-extranjera-a-gaza\/"},"author":{"name":"enequipo","@id":"https:\/\/www.sonoraenequipo.com.mx\/#\/schema\/person\/50102df0fb23a8fa9e8effad8fa81386"},"headline":"Israel defiende ante tribunal veto a ingreso de prensa extranjera a Gaza","datePublished":"2026-01-14T23:14:58+00:00","mainEntityOfPage":{"@id":"https:\/\/www.sonoraenequipo.com.mx\/israel-defiende-ante-tribunal-veto-a-ingreso-de-prensa-extranjera-a-gaza\/"},"wordCount":428,"commentCount":0,"publisher":{"@id":"https:\/\/www.sonoraenequipo.com.mx\/#organization"},"image":{"@id":"https:\/\/www.sonoraenequipo.com.mx\/israel-defiende-ante-tribunal-veto-a-ingreso-de-prensa-extranjera-a-gaza\/#primaryimage"},"thumbnailUrl":"https:\/\/www.sonoraenequipo.com.mx\/storage\/2026\/01\/press-gaza.jpg","articleSection":["MUNDO"],"inLanguage":"es","potentialAction":[{"@type":"CommentAction","name":"Comment","target":["https:\/\/www.sonoraenequipo.com.mx\/israel-defiende-ante-tribunal-veto-a-ingreso-de-prensa-extranjera-a-gaza\/#respond"]}]},{"@type":"WebPage","@id":"https:\/\/www.sonoraenequipo.com.mx\/israel-defiende-ante-tribunal-veto-a-ingreso-de-prensa-extranjera-a-gaza\/","url":"https:\/\/www.sonoraenequipo.com.mx\/israel-defiende-ante-tribunal-veto-a-ingreso-de-prensa-extranjera-a-gaza\/","name":"Sonora en Equipo. Israel defiende ante tribunal veto a ingreso de prensa extranjera a Gaza MUNDO","isPartOf":{"@id":"https:\/\/www.sonoraenequipo.com.mx\/#website"},"primaryImageOfPage":{"@id":"https:\/\/www.sonoraenequipo.com.mx\/israel-defiende-ante-tribunal-veto-a-ingreso-de-prensa-extranjera-a-gaza\/#primaryimage"},"image":{"@id":"https:\/\/www.sonoraenequipo.com.mx\/israel-defiende-ante-tribunal-veto-a-ingreso-de-prensa-extranjera-a-gaza\/#primaryimage"},"thumbnailUrl":"https:\/\/www.sonoraenequipo.com.mx\/storage\/2026\/01\/press-gaza.jpg","datePublished":"2026-01-14T23:14:58+00:00","description":"Las autoridades de Israel consideran que el alto al fuego en la Franja de Gaza no justifica autorizar la entrada de periodistas extranjeros al territorio En Sonora en Equipo publicamos toda la informaci\u00f3n de Sonora, M\u00e9xico y el Mundo de manera oportuna y busca que la libertad de expresi\u00f3n sea real. Visita nuestro medio informativo publicado desde Hermosillo, Sonora. %","breadcrumb":{"@id":"https:\/\/www.sonoraenequipo.com.mx\/israel-defiende-ante-tribunal-veto-a-ingreso-de-prensa-extranjera-a-gaza\/#breadcrumb"},"inLanguage":"es","potentialAction":[{"@type":"ReadAction","target":["https:\/\/www.sonoraenequipo.com.mx\/israel-defiende-ante-tribunal-veto-a-ingreso-de-prensa-extranjera-a-gaza\/"]}]},{"@type":"ImageObject","inLanguage":"es","@id":"https:\/\/www.sonoraenequipo.com.mx\/israel-defiende-ante-tribunal-veto-a-ingreso-de-prensa-extranjera-a-gaza\/#primaryimage","url":"https:\/\/www.sonoraenequipo.com.mx\/storage\/2026\/01\/press-gaza.jpg","contentUrl":"https:\/\/www.sonoraenequipo.com.mx\/storage\/2026\/01\/press-gaza.jpg","width":600,"height":400,"caption":"Israel argumenta que la zona es peligrosa para civiles.Imagen Getty Images"},{"@type":"BreadcrumbList","@id":"https:\/\/www.sonoraenequipo.com.mx\/israel-defiende-ante-tribunal-veto-a-ingreso-de-prensa-extranjera-a-gaza\/#breadcrumb","itemListElement":[{"@type":"ListItem","position":1,"name":"Portada","item":"https:\/\/www.sonoraenequipo.com.mx\/"},{"@type":"ListItem","position":2,"name":"Israel defiende ante tribunal veto a ingreso de prensa extranjera a Gaza"}]},{"@type":"WebSite","@id":"https:\/\/www.sonoraenequipo.com.mx\/#website","url":"https:\/\/www.sonoraenequipo.com.mx\/","name":"Sonora en Equipo.","description":"Diario en l\u00ednea con Noticias desde Hermosillo, Sonora","publisher":{"@id":"https:\/\/www.sonoraenequipo.com.mx\/#organization"},"potentialAction":[{"@type":"SearchAction","target":{"@type":"EntryPoint","urlTemplate":"https:\/\/www.sonoraenequipo.com.mx\/?s={search_term_string}"},"query-input":{"@type":"PropertyValueSpecification","valueRequired":true,"valueName":"search_term_string"}}],"inLanguage":"es"},{"@type":"Organization","@id":"https:\/\/www.sonoraenequipo.com.mx\/#organization","name":"Sonoraenequipo.com.mx","url":"https:\/\/www.sonoraenequipo.com.mx\/","logo":{"@type":"ImageObject","inLanguage":"es","@id":"https:\/\/www.sonoraenequipo.com.mx\/#\/schema\/logo\/image\/","url":"https:\/\/www.sonoraenequipo.com.mx\/storage\/2019\/01\/sonoraenequipo_opt.png","contentUrl":"https:\/\/www.sonoraenequipo.com.mx\/storage\/2019\/01\/sonoraenequipo_opt.png","width":375,"height":125,"caption":"Sonoraenequipo.com.mx"},"image":{"@id":"https:\/\/www.sonoraenequipo.com.mx\/#\/schema\/logo\/image\/"},"sameAs":["https:\/\/www.facebook.com\/SonoraEE\/","https:\/\/x.com\/sonoraenequipo","https:\/\/www.youtube.com\/channel\/UC338nW-lPEYmJQs4ZABQ1SQ"]},{"@type":"Person","@id":"https:\/\/www.sonoraenequipo.com.mx\/#\/schema\/person\/50102df0fb23a8fa9e8effad8fa81386","name":"enequipo","image":{"@type":"ImageObject","inLanguage":"es","@id":"https:\/\/www.sonoraenequipo.com.mx\/#\/schema\/person\/image\/","url":"https:\/\/secure.gravatar.com\/avatar\/049821681b589dabc0bc20695993ccebb09f5b5d4d790cd9251b97faac7c652b?s=96&d=blank&r=g","contentUrl":"https:\/\/secure.gravatar.com\/avatar\/049821681b589dabc0bc20695993ccebb09f5b5d4d790cd9251b97faac7c652b?s=96&d=blank&r=g","caption":"enequipo"},"sameAs":["https:\/\/www.facebook.com\/SonoraEE"]}]}},"jetpack_featured_media_url":"https:\/\/www.sonoraenequipo.com.mx\/storage\/2026\/01\/press-gaza.jpg","_links":{"self":[{"href":"https:\/\/www.sonoraenequipo.com.mx\/api\/wp\/v2\/posts\/233107","targetHints":{"allow":["GET"]}}],"collection":[{"href":"https:\/\/www.sonoraenequipo.com.mx\/api\/wp\/v2\/posts"}],"about":[{"href":"https:\/\/www.sonoraenequipo.com.mx\/api\/wp\/v2\/types\/post"}],"author":[{"embeddable":true,"href":"https:\/\/www.sonoraenequipo.com.mx\/api\/wp\/v2\/users\/1"}],"replies":[{"embeddable":true,"href":"https:\/\/www.sonoraenequipo.com.mx\/api\/wp\/v2\/comments?post=233107"}],"version-history":[{"count":1,"href":"https:\/\/www.sonoraenequipo.com.mx\/api\/wp\/v2\/posts\/233107\/revisions"}],"predecessor-version":[{"id":233109,"href":"https:\/\/www.sonoraenequipo.com.mx\/api\/wp\/v2\/posts\/233107\/revisions\/233109"}],"wp:featuredmedia":[{"embeddable":true,"href":"https:\/\/www.sonoraenequipo.com.mx\/api\/wp\/v2\/media\/233108"}],"wp:attachment":[{"href":"https:\/\/www.sonoraenequipo.com.mx\/api\/wp\/v2\/media?parent=233107"}],"wp:term":[{"taxonomy":"category","embeddable":true,"href":"https:\/\/www.sonoraenequipo.com.mx\/api\/wp\/v2\/categories?post=233107"},{"taxonomy":"post_tag","embeddable":true,"href":"https:\/\/www.sonoraenequipo.com.mx\/api\/wp\/v2\/tags?post=233107"}],"curies":[{"name":"wp","href":"https:\/\/api.w.org\/{rel}","templated":true}]}}