{"id":233113,"date":"2026-01-14T20:20:08","date_gmt":"2026-01-15T03:20:08","guid":{"rendered":"https:\/\/www.sonoraenequipo.com.mx\/?p=233113"},"modified":"2026-01-14T20:28:58","modified_gmt":"2026-01-15T03:28:58","slug":"gobernador-durazo-anuncia-reapertura-de-la-burbuja-y-reactivacion-del-lago-en-la-sauceda","status":"publish","type":"post","link":"https:\/\/www.sonoraenequipo.com.mx\/gobernador-durazo-anuncia-reapertura-de-la-burbuja-y-reactivacion-del-lago-en-la-sauceda\/","title":{"rendered":"Gobernador Durazo anuncia reapertura de La Burbuja y reactivaci\u00f3n del lago en La Sauceda"},"content":{"rendered":"<p><b>HERMOSILLO, SONORA.MX. \u2014 <\/b>El Bosque Urbano La Sauceda, tras su rescate en marzo de 2025 por parte del gobernador Alfonso Durazo Monta\u00f1o, se ha convertido en el punto de encuentro de preferencia para el sano esparcimiento y convivencia de las familias hermosillenses, consolidando su \u00e9xito en 2026 con el avance de la segunda etapa de rehabilitaci\u00f3n en las distintas \u00e1reas del parque.<\/p>\n<p>&nbsp;<\/p>\n<p>&nbsp;<\/p>\n<p>&nbsp;<\/p>\n<p> <\/p>\n<p>En un recorrido de supervisi\u00f3n por los trabajos de remodelaci\u00f3n, el mandatario estatal se\u00f1al\u00f3 que se registra un progreso significativo de este lugar reconocido como s\u00edmbolo de la identidad de la capital sonorense, adem\u00e1s explic\u00f3 que se llevan a cabo mejoras en diferentes puntos como el estanque para las lanchitas, la trotapista, as\u00ed como la rehabilitaci\u00f3n del Museo La Burbuja.<\/p>\n<p>&nbsp;<\/p>\n<p>&nbsp;<\/p>\n<p><img loading=\"lazy\" decoding=\"async\" class=\"x-left size-full \" src=\"https:\/\/www.sonoraenequipo.com.mx\/storage\/2026\/01\/unnamed-2-1.jpg\" alt=\"\" width=\"1000\" height=\"666\" \/>El gobernador Durazo precis\u00f3 que en la segunda etapa se destinar\u00e1 una inversi\u00f3n de 201 millones de pesos para intervenir 10 hect\u00e1reas, donde se contempla paisajismo y andadores, y \u00e1rea de juegos en zona norte, espacio de meditaci\u00f3n, \u00e1gora, pabell\u00f3n escult\u00f3rico, cafeter\u00eda, laboratorio de educaci\u00f3n ambiental, ba\u00f1os, edificio de taquilla acuafant\u00e1stico, edificio de acceso poniente, edificio tren oriente, arcade, oficinas administrativas, anfiteatro, skate park, r\u00edo lento, patinaje recreativo, m\u00f3dulo de comercio, andador principal, infraestructura de media tensi\u00f3n, estacionamiento norte, sistema fotovoltaico y el museo La Burbuja.<\/p>\n<p>&nbsp;<\/p>\n<p>&nbsp;<\/p>\n<p><em><strong>\u201cVamos a convertir a La Sauceda en un orgullo de las y los hermosillenses, en un espacio natural para el esparcimiento social y familiar gratuito, y en un punto de atracci\u00f3n incluso para quienes visiten la ciudad\u201d,<\/strong><\/em> indic\u00f3.<\/p>\n<p>&nbsp;<\/p>\n<p>&nbsp;<\/p>\n<p><img loading=\"lazy\" decoding=\"async\" class=\"x-left size-full \" src=\"https:\/\/www.sonoraenequipo.com.mx\/storage\/2026\/01\/unnamed-8-1.jpg\" alt=\"\" width=\"1000\" height=\"562\" \/>El Museo La Burbuja, con una inversi\u00f3n de 9.5 millones de pesos, presenta un avance del 11 por ciento. Ah\u00ed se llevan a cabo trabajos de limpieza, retiro de mobiliario existente en sanitarios y \u00e1reas interiores; se avanza en la demolici\u00f3n de muros interiores y adecuaciones en instalaciones hidrosanitarias.<\/p>\n<p>&nbsp;<\/p>\n<p>&nbsp;<\/p>\n<p>La rehabilitaci\u00f3n del estanque para lanchitas, que tiene una inversi\u00f3n de 6.5 millones de pesos, presenta un avance del 85 por ciento, el cual incorpora nueva infraestructura hidr\u00e1ulica para la recirculaci\u00f3n de agua, as\u00ed como sistemas de nebulizaci\u00f3n y aspersores que permitir\u00e1n mejorar la experiencia recreativa. Se instalar\u00e1n estructuras de sombra laterales y un semidomo que brindar\u00e1 mayor confort a las y los visitantes; tambi\u00e9n se construyen andadores de concreto, barandales, y pasamanos.<\/p>\n<p>&nbsp;<\/p>\n<p>&nbsp;<\/p>\n<p><img loading=\"lazy\" decoding=\"async\" class=\"x-left size-full \" src=\"https:\/\/www.sonoraenequipo.com.mx\/storage\/2026\/01\/unnamed-6-1.jpg\" alt=\"\" width=\"1000\" height=\"666\" \/>Con una inversi\u00f3n de 9.9 millones de pesos, la trotapista lleva un avance del 93 por ciento. Ah\u00ed se est\u00e1 terminando el suministro y colocaci\u00f3n de superficie de tart\u00e1n, se mejoran las condiciones para actividades deportivas, y se fabrica una cuneta para el desag\u00fce pluvial, fortaleciendo la durabilidad y funcionalidad de la pista.<\/p>\n<p>&nbsp;<\/p>\n<p>&nbsp;<\/p>\n<p>&nbsp;<\/p>\n<p>El gobernador Durazo Monta\u00f1o mencion\u00f3 que desde la reapertura del Bosque Urbano La Sauceda se han llevado a cabo acciones de forestaci\u00f3n, siendo que al momento se han plantado m\u00e1s de siete mil \u00e1rboles.<\/p>\n<p>&nbsp;<\/p>\n<p>&nbsp;<\/p>\n<p>&nbsp;<\/p>\n<p><img loading=\"lazy\" decoding=\"async\" class=\"x-left size-full \" src=\"https:\/\/www.sonoraenequipo.com.mx\/storage\/2026\/01\/unnamed-4-1.jpg\" alt=\"\" width=\"1000\" height=\"666\" \/>El avance de la segunda etapa de rehabilitaci\u00f3n representa otro de los compromisos cumplidos del gobernador Alfonso Durazo Monta\u00f1o para regresar a los hermosillenses espacios que forman parte de su esencia cultural y de su patrimonio para disfrute y sano desarrollo de adultos, j\u00f3venes y ni\u00f1os.<\/p>\n<p>&nbsp;<\/p>\n<p>&nbsp;<\/p>\n<p>&nbsp;<\/p>\n<p>PUBLICADO EL 14 DE ENERO DE 2026 Con informaci\u00f3n de GOBSON 0126\/108)<\/p>\n","protected":false},"excerpt":{"rendered":"<p>HERMOSILLO, SONORA.MX. \u2014 El Bosque Urbano La Sauceda, tras su rescate en marzo de 2025&#8230;<\/p>\n","protected":false},"author":1,"featured_media":233118,"comment_status":"open","ping_status":"open","sticky":false,"template":"","format":"standard","meta":{"_monsterinsights_skip_tracking":false,"_monsterinsights_sitenote_active":false,"_monsterinsights_sitenote_note":"","_monsterinsights_sitenote_category":0,"footnotes":""},"categories":[22],"tags":[],"class_list":["post"],"yoast_head":" \n<title>Sonora en Equipo. Gobernador Durazo anuncia reapertura de La Burbuja y reactivaci\u00f3n del lago en La Sauceda Sonora<\/title>\n<meta name=\"description\" content=\"HERMOSILLO, SONORA.MX. \u2014 El Bosque Urbano La Sauceda, tras su rescate en marzo de 2025 por parte del gobernador Alfonso Durazo Monta\u00f1o, se ha convertido En Sonora en Equipo publicamos toda la informaci\u00f3n de Sonora, M\u00e9xico y el Mundo de manera oportuna y busca que la libertad de expresi\u00f3n sea real. Visita nuestro medio informativo publicado desde Hermosillo, Sonora. %\" \/>\n<meta name=\"robots\" content=\"index, follow, max-snippet:-1, max-image-preview:large, max-video-preview:-1\" \/>\n<link rel=\"canonical\" href=\"https:\/\/www.sonoraenequipo.com.mx\/gobernador-durazo-anuncia-reapertura-de-la-burbuja-y-reactivacion-del-lago-en-la-sauceda\/\" \/>\n<meta property=\"og:locale\" content=\"es_ES\" \/>\n<meta property=\"og:type\" content=\"article\" \/>\n<meta property=\"og:title\" content=\"Sonora en Equipo. Gobernador Durazo anuncia reapertura de La Burbuja y reactivaci\u00f3n del lago en La Sauceda Sonora\" \/>\n<meta property=\"og:description\" content=\"HERMOSILLO, SONORA.MX. \u2014 El Bosque Urbano La Sauceda, tras su rescate en marzo de 2025 por parte del gobernador Alfonso Durazo Monta\u00f1o, se ha convertido En Sonora en Equipo publicamos toda la informaci\u00f3n de Sonora, M\u00e9xico y el Mundo de manera oportuna y busca que la libertad de expresi\u00f3n sea real. Visita nuestro medio informativo publicado desde Hermosillo, Sonora. %\" \/>\n<meta property=\"og:url\" content=\"https:\/\/www.sonoraenequipo.com.mx\/gobernador-durazo-anuncia-reapertura-de-la-burbuja-y-reactivacion-del-lago-en-la-sauceda\/\" \/>\n<meta property=\"og:site_name\" content=\"Sonora en Equipo.\" \/>\n<meta property=\"article:publisher\" content=\"https:\/\/www.facebook.com\/SonoraEE\/\" \/>\n<meta property=\"article:author\" content=\"https:\/\/www.facebook.com\/SonoraEE\" \/>\n<meta property=\"article:published_time\" content=\"2026-01-15T03:20:08+00:00\" \/>\n<meta property=\"article:modified_time\" content=\"2026-01-15T03:28:58+00:00\" \/>\n<meta property=\"og:image\" content=\"https:\/\/www.sonoraenequipo.com.mx\/storage\/2026\/01\/unnamed-3-1.jpg\" \/>\n\t<meta property=\"og:image:width\" content=\"1000\" \/>\n\t<meta property=\"og:image:height\" content=\"665\" \/>\n\t<meta property=\"og:image:type\" content=\"image\/jpeg\" \/>\n<meta name=\"author\" content=\"enequipo\" \/>\n<meta name=\"twitter:card\" content=\"summary_large_image\" \/>\n<meta name=\"twitter:creator\" content=\"@sonoraenequipo\" \/>\n<meta name=\"twitter:site\" content=\"@sonoraenequipo\" \/>\n<meta name=\"twitter:label1\" content=\"Escrito por\" \/>\n\t<meta name=\"twitter:data1\" content=\"enequipo\" \/>\n\t<meta name=\"twitter:label2\" content=\"Tiempo de lectura\" \/>\n\t<meta name=\"twitter:data2\" content=\"3 minutos\" \/>\n<script type=\"application\/ld+json\" class=\"yoast-schema-graph\">{\"@context\":\"https:\/\/schema.org\",\"@graph\":[{\"@type\":\"Article\",\"@id\":\"https:\/\/www.sonoraenequipo.com.mx\/gobernador-durazo-anuncia-reapertura-de-la-burbuja-y-reactivacion-del-lago-en-la-sauceda\/#article\",\"isPartOf\":{\"@id\":\"https:\/\/www.sonoraenequipo.com.mx\/gobernador-durazo-anuncia-reapertura-de-la-burbuja-y-reactivacion-del-lago-en-la-sauceda\/\"},\"author\":{\"name\":\"enequipo\",\"@id\":\"https:\/\/www.sonoraenequipo.com.mx\/#\/schema\/person\/50102df0fb23a8fa9e8effad8fa81386\"},\"headline\":\"Gobernador Durazo anuncia reapertura de La Burbuja y reactivaci\u00f3n del lago en La Sauceda\",\"datePublished\":\"2026-01-15T03:20:08+00:00\",\"dateModified\":\"2026-01-15T03:28:58+00:00\",\"mainEntityOfPage\":{\"@id\":\"https:\/\/www.sonoraenequipo.com.mx\/gobernador-durazo-anuncia-reapertura-de-la-burbuja-y-reactivacion-del-lago-en-la-sauceda\/\"},\"wordCount\":580,\"commentCount\":0,\"publisher\":{\"@id\":\"https:\/\/www.sonoraenequipo.com.mx\/#organization\"},\"image\":{\"@id\":\"https:\/\/www.sonoraenequipo.com.mx\/gobernador-durazo-anuncia-reapertura-de-la-burbuja-y-reactivacion-del-lago-en-la-sauceda\/#primaryimage\"},\"thumbnailUrl\":\"https:\/\/www.sonoraenequipo.com.mx\/storage\/2026\/01\/unnamed-3-1.jpg\",\"articleSection\":[\"Sonora\"],\"inLanguage\":\"es\",\"potentialAction\":[{\"@type\":\"CommentAction\",\"name\":\"Comment\",\"target\":[\"https:\/\/www.sonoraenequipo.com.mx\/gobernador-durazo-anuncia-reapertura-de-la-burbuja-y-reactivacion-del-lago-en-la-sauceda\/#respond\"]}]},{\"@type\":\"WebPage\",\"@id\":\"https:\/\/www.sonoraenequipo.com.mx\/gobernador-durazo-anuncia-reapertura-de-la-burbuja-y-reactivacion-del-lago-en-la-sauceda\/\",\"url\":\"https:\/\/www.sonoraenequipo.com.mx\/gobernador-durazo-anuncia-reapertura-de-la-burbuja-y-reactivacion-del-lago-en-la-sauceda\/\",\"name\":\"Sonora en Equipo. Gobernador Durazo anuncia reapertura de La Burbuja y reactivaci\u00f3n del lago en La Sauceda Sonora\",\"isPartOf\":{\"@id\":\"https:\/\/www.sonoraenequipo.com.mx\/#website\"},\"primaryImageOfPage\":{\"@id\":\"https:\/\/www.sonoraenequipo.com.mx\/gobernador-durazo-anuncia-reapertura-de-la-burbuja-y-reactivacion-del-lago-en-la-sauceda\/#primaryimage\"},\"image\":{\"@id\":\"https:\/\/www.sonoraenequipo.com.mx\/gobernador-durazo-anuncia-reapertura-de-la-burbuja-y-reactivacion-del-lago-en-la-sauceda\/#primaryimage\"},\"thumbnailUrl\":\"https:\/\/www.sonoraenequipo.com.mx\/storage\/2026\/01\/unnamed-3-1.jpg\",\"datePublished\":\"2026-01-15T03:20:08+00:00\",\"dateModified\":\"2026-01-15T03:28:58+00:00\",\"description\":\"HERMOSILLO, SONORA.MX. \u2014 El Bosque Urbano La Sauceda, tras su rescate en marzo de 2025 por parte del gobernador Alfonso Durazo Monta\u00f1o, se ha convertido En Sonora en Equipo publicamos toda la informaci\u00f3n de Sonora, M\u00e9xico y el Mundo de manera oportuna y busca que la libertad de expresi\u00f3n sea real. Visita nuestro medio informativo publicado desde Hermosillo, Sonora. %\",\"breadcrumb\":{\"@id\":\"https:\/\/www.sonoraenequipo.com.mx\/gobernador-durazo-anuncia-reapertura-de-la-burbuja-y-reactivacion-del-lago-en-la-sauceda\/#breadcrumb\"},\"inLanguage\":\"es\",\"potentialAction\":[{\"@type\":\"ReadAction\",\"target\":[\"https:\/\/www.sonoraenequipo.com.mx\/gobernador-durazo-anuncia-reapertura-de-la-burbuja-y-reactivacion-del-lago-en-la-sauceda\/\"]}]},{\"@type\":\"ImageObject\",\"inLanguage\":\"es\",\"@id\":\"https:\/\/www.sonoraenequipo.com.mx\/gobernador-durazo-anuncia-reapertura-de-la-burbuja-y-reactivacion-del-lago-en-la-sauceda\/#primaryimage\",\"url\":\"https:\/\/www.sonoraenequipo.com.mx\/storage\/2026\/01\/unnamed-3-1.jpg\",\"contentUrl\":\"https:\/\/www.sonoraenequipo.com.mx\/storage\/2026\/01\/unnamed-3-1.jpg\",\"width\":1000,\"height\":665},{\"@type\":\"BreadcrumbList\",\"@id\":\"https:\/\/www.sonoraenequipo.com.mx\/gobernador-durazo-anuncia-reapertura-de-la-burbuja-y-reactivacion-del-lago-en-la-sauceda\/#breadcrumb\",\"itemListElement\":[{\"@type\":\"ListItem\",\"position\":1,\"name\":\"Portada\",\"item\":\"https:\/\/www.sonoraenequipo.com.mx\/\"},{\"@type\":\"ListItem\",\"position\":2,\"name\":\"Gobernador Durazo anuncia reapertura de La Burbuja y reactivaci\u00f3n del lago en La Sauceda\"}]},{\"@type\":\"WebSite\",\"@id\":\"https:\/\/www.sonoraenequipo.com.mx\/#website\",\"url\":\"https:\/\/www.sonoraenequipo.com.mx\/\",\"name\":\"Sonora en Equipo.\",\"description\":\"Diario en l\u00ednea con Noticias desde Hermosillo, Sonora\",\"publisher\":{\"@id\":\"https:\/\/www.sonoraenequipo.com.mx\/#organization\"},\"potentialAction\":[{\"@type\":\"SearchAction\",\"target\":{\"@type\":\"EntryPoint\",\"urlTemplate\":\"https:\/\/www.sonoraenequipo.com.mx\/?s={search_term_string}\"},\"query-input\":{\"@type\":\"PropertyValueSpecification\",\"valueRequired\":true,\"valueName\":\"search_term_string\"}}],\"inLanguage\":\"es\"},{\"@type\":\"Organization\",\"@id\":\"https:\/\/www.sonoraenequipo.com.mx\/#organization\",\"name\":\"Sonoraenequipo.com.mx\",\"url\":\"https:\/\/www.sonoraenequipo.com.mx\/\",\"logo\":{\"@type\":\"ImageObject\",\"inLanguage\":\"es\",\"@id\":\"https:\/\/www.sonoraenequipo.com.mx\/#\/schema\/logo\/image\/\",\"url\":\"https:\/\/www.sonoraenequipo.com.mx\/storage\/2019\/01\/sonoraenequipo_opt.png\",\"contentUrl\":\"https:\/\/www.sonoraenequipo.com.mx\/storage\/2019\/01\/sonoraenequipo_opt.png\",\"width\":375,\"height\":125,\"caption\":\"Sonoraenequipo.com.mx\"},\"image\":{\"@id\":\"https:\/\/www.sonoraenequipo.com.mx\/#\/schema\/logo\/image\/\"},\"sameAs\":[\"https:\/\/www.facebook.com\/SonoraEE\/\",\"https:\/\/x.com\/sonoraenequipo\",\"https:\/\/www.youtube.com\/channel\/UC338nW-lPEYmJQs4ZABQ1SQ\"]},{\"@type\":\"Person\",\"@id\":\"https:\/\/www.sonoraenequipo.com.mx\/#\/schema\/person\/50102df0fb23a8fa9e8effad8fa81386\",\"name\":\"enequipo\",\"image\":{\"@type\":\"ImageObject\",\"inLanguage\":\"es\",\"@id\":\"https:\/\/www.sonoraenequipo.com.mx\/#\/schema\/person\/image\/\",\"url\":\"https:\/\/secure.gravatar.com\/avatar\/049821681b589dabc0bc20695993ccebb09f5b5d4d790cd9251b97faac7c652b?s=96&d=blank&r=g\",\"contentUrl\":\"https:\/\/secure.gravatar.com\/avatar\/049821681b589dabc0bc20695993ccebb09f5b5d4d790cd9251b97faac7c652b?s=96&d=blank&r=g\",\"caption\":\"enequipo\"},\"sameAs\":[\"https:\/\/www.facebook.com\/SonoraEE\"]}]}<\/script>\n ","yoast_head_json":{"title":"Sonora en Equipo. Gobernador Durazo anuncia reapertura de La Burbuja y reactivaci\u00f3n del lago en La Sauceda Sonora","description":"HERMOSILLO, SONORA.MX. \u2014 El Bosque Urbano La Sauceda, tras su rescate en marzo de 2025 por parte del gobernador Alfonso Durazo Monta\u00f1o, se ha convertido En Sonora en Equipo publicamos toda la informaci\u00f3n de Sonora, M\u00e9xico y el Mundo de manera oportuna y busca que la libertad de expresi\u00f3n sea real. Visita nuestro medio informativo publicado desde Hermosillo, Sonora. %","robots":{"index":"index","follow":"follow","max-snippet":"max-snippet:-1","max-image-preview":"max-image-preview:large","max-video-preview":"max-video-preview:-1"},"canonical":"https:\/\/www.sonoraenequipo.com.mx\/gobernador-durazo-anuncia-reapertura-de-la-burbuja-y-reactivacion-del-lago-en-la-sauceda\/","og_locale":"es_ES","og_type":"article","og_title":"Sonora en Equipo. Gobernador Durazo anuncia reapertura de La Burbuja y reactivaci\u00f3n del lago en La Sauceda Sonora","og_description":"HERMOSILLO, SONORA.MX. \u2014 El Bosque Urbano La Sauceda, tras su rescate en marzo de 2025 por parte del gobernador Alfonso Durazo Monta\u00f1o, se ha convertido En Sonora en Equipo publicamos toda la informaci\u00f3n de Sonora, M\u00e9xico y el Mundo de manera oportuna y busca que la libertad de expresi\u00f3n sea real. Visita nuestro medio informativo publicado desde Hermosillo, Sonora. %","og_url":"https:\/\/www.sonoraenequipo.com.mx\/gobernador-durazo-anuncia-reapertura-de-la-burbuja-y-reactivacion-del-lago-en-la-sauceda\/","og_site_name":"Sonora en Equipo.","article_publisher":"https:\/\/www.facebook.com\/SonoraEE\/","article_author":"https:\/\/www.facebook.com\/SonoraEE","article_published_time":"2026-01-15T03:20:08+00:00","article_modified_time":"2026-01-15T03:28:58+00:00","og_image":[{"width":1000,"height":665,"url":"https:\/\/www.sonoraenequipo.com.mx\/storage\/2026\/01\/unnamed-3-1.jpg","type":"image\/jpeg"}],"author":"enequipo","twitter_card":"summary_large_image","twitter_creator":"@sonoraenequipo","twitter_site":"@sonoraenequipo","twitter_misc":{"Escrito por":"enequipo","Tiempo de lectura":"3 minutos"},"schema":{"@context":"https:\/\/schema.org","@graph":[{"@type":"Article","@id":"https:\/\/www.sonoraenequipo.com.mx\/gobernador-durazo-anuncia-reapertura-de-la-burbuja-y-reactivacion-del-lago-en-la-sauceda\/#article","isPartOf":{"@id":"https:\/\/www.sonoraenequipo.com.mx\/gobernador-durazo-anuncia-reapertura-de-la-burbuja-y-reactivacion-del-lago-en-la-sauceda\/"},"author":{"name":"enequipo","@id":"https:\/\/www.sonoraenequipo.com.mx\/#\/schema\/person\/50102df0fb23a8fa9e8effad8fa81386"},"headline":"Gobernador Durazo anuncia reapertura de La Burbuja y reactivaci\u00f3n del lago en La Sauceda","datePublished":"2026-01-15T03:20:08+00:00","dateModified":"2026-01-15T03:28:58+00:00","mainEntityOfPage":{"@id":"https:\/\/www.sonoraenequipo.com.mx\/gobernador-durazo-anuncia-reapertura-de-la-burbuja-y-reactivacion-del-lago-en-la-sauceda\/"},"wordCount":580,"commentCount":0,"publisher":{"@id":"https:\/\/www.sonoraenequipo.com.mx\/#organization"},"image":{"@id":"https:\/\/www.sonoraenequipo.com.mx\/gobernador-durazo-anuncia-reapertura-de-la-burbuja-y-reactivacion-del-lago-en-la-sauceda\/#primaryimage"},"thumbnailUrl":"https:\/\/www.sonoraenequipo.com.mx\/storage\/2026\/01\/unnamed-3-1.jpg","articleSection":["Sonora"],"inLanguage":"es","potentialAction":[{"@type":"CommentAction","name":"Comment","target":["https:\/\/www.sonoraenequipo.com.mx\/gobernador-durazo-anuncia-reapertura-de-la-burbuja-y-reactivacion-del-lago-en-la-sauceda\/#respond"]}]},{"@type":"WebPage","@id":"https:\/\/www.sonoraenequipo.com.mx\/gobernador-durazo-anuncia-reapertura-de-la-burbuja-y-reactivacion-del-lago-en-la-sauceda\/","url":"https:\/\/www.sonoraenequipo.com.mx\/gobernador-durazo-anuncia-reapertura-de-la-burbuja-y-reactivacion-del-lago-en-la-sauceda\/","name":"Sonora en Equipo. Gobernador Durazo anuncia reapertura de La Burbuja y reactivaci\u00f3n del lago en La Sauceda Sonora","isPartOf":{"@id":"https:\/\/www.sonoraenequipo.com.mx\/#website"},"primaryImageOfPage":{"@id":"https:\/\/www.sonoraenequipo.com.mx\/gobernador-durazo-anuncia-reapertura-de-la-burbuja-y-reactivacion-del-lago-en-la-sauceda\/#primaryimage"},"image":{"@id":"https:\/\/www.sonoraenequipo.com.mx\/gobernador-durazo-anuncia-reapertura-de-la-burbuja-y-reactivacion-del-lago-en-la-sauceda\/#primaryimage"},"thumbnailUrl":"https:\/\/www.sonoraenequipo.com.mx\/storage\/2026\/01\/unnamed-3-1.jpg","datePublished":"2026-01-15T03:20:08+00:00","dateModified":"2026-01-15T03:28:58+00:00","description":"HERMOSILLO, SONORA.MX. \u2014 El Bosque Urbano La Sauceda, tras su rescate en marzo de 2025 por parte del gobernador Alfonso Durazo Monta\u00f1o, se ha convertido En Sonora en Equipo publicamos toda la informaci\u00f3n de Sonora, M\u00e9xico y el Mundo de manera oportuna y busca que la libertad de expresi\u00f3n sea real. Visita nuestro medio informativo publicado desde Hermosillo, Sonora. %","breadcrumb":{"@id":"https:\/\/www.sonoraenequipo.com.mx\/gobernador-durazo-anuncia-reapertura-de-la-burbuja-y-reactivacion-del-lago-en-la-sauceda\/#breadcrumb"},"inLanguage":"es","potentialAction":[{"@type":"ReadAction","target":["https:\/\/www.sonoraenequipo.com.mx\/gobernador-durazo-anuncia-reapertura-de-la-burbuja-y-reactivacion-del-lago-en-la-sauceda\/"]}]},{"@type":"ImageObject","inLanguage":"es","@id":"https:\/\/www.sonoraenequipo.com.mx\/gobernador-durazo-anuncia-reapertura-de-la-burbuja-y-reactivacion-del-lago-en-la-sauceda\/#primaryimage","url":"https:\/\/www.sonoraenequipo.com.mx\/storage\/2026\/01\/unnamed-3-1.jpg","contentUrl":"https:\/\/www.sonoraenequipo.com.mx\/storage\/2026\/01\/unnamed-3-1.jpg","width":1000,"height":665},{"@type":"BreadcrumbList","@id":"https:\/\/www.sonoraenequipo.com.mx\/gobernador-durazo-anuncia-reapertura-de-la-burbuja-y-reactivacion-del-lago-en-la-sauceda\/#breadcrumb","itemListElement":[{"@type":"ListItem","position":1,"name":"Portada","item":"https:\/\/www.sonoraenequipo.com.mx\/"},{"@type":"ListItem","position":2,"name":"Gobernador Durazo anuncia reapertura de La Burbuja y reactivaci\u00f3n del lago en La Sauceda"}]},{"@type":"WebSite","@id":"https:\/\/www.sonoraenequipo.com.mx\/#website","url":"https:\/\/www.sonoraenequipo.com.mx\/","name":"Sonora en Equipo.","description":"Diario en l\u00ednea con Noticias desde Hermosillo, Sonora","publisher":{"@id":"https:\/\/www.sonoraenequipo.com.mx\/#organization"},"potentialAction":[{"@type":"SearchAction","target":{"@type":"EntryPoint","urlTemplate":"https:\/\/www.sonoraenequipo.com.mx\/?s={search_term_string}"},"query-input":{"@type":"PropertyValueSpecification","valueRequired":true,"valueName":"search_term_string"}}],"inLanguage":"es"},{"@type":"Organization","@id":"https:\/\/www.sonoraenequipo.com.mx\/#organization","name":"Sonoraenequipo.com.mx","url":"https:\/\/www.sonoraenequipo.com.mx\/","logo":{"@type":"ImageObject","inLanguage":"es","@id":"https:\/\/www.sonoraenequipo.com.mx\/#\/schema\/logo\/image\/","url":"https:\/\/www.sonoraenequipo.com.mx\/storage\/2019\/01\/sonoraenequipo_opt.png","contentUrl":"https:\/\/www.sonoraenequipo.com.mx\/storage\/2019\/01\/sonoraenequipo_opt.png","width":375,"height":125,"caption":"Sonoraenequipo.com.mx"},"image":{"@id":"https:\/\/www.sonoraenequipo.com.mx\/#\/schema\/logo\/image\/"},"sameAs":["https:\/\/www.facebook.com\/SonoraEE\/","https:\/\/x.com\/sonoraenequipo","https:\/\/www.youtube.com\/channel\/UC338nW-lPEYmJQs4ZABQ1SQ"]},{"@type":"Person","@id":"https:\/\/www.sonoraenequipo.com.mx\/#\/schema\/person\/50102df0fb23a8fa9e8effad8fa81386","name":"enequipo","image":{"@type":"ImageObject","inLanguage":"es","@id":"https:\/\/www.sonoraenequipo.com.mx\/#\/schema\/person\/image\/","url":"https:\/\/secure.gravatar.com\/avatar\/049821681b589dabc0bc20695993ccebb09f5b5d4d790cd9251b97faac7c652b?s=96&d=blank&r=g","contentUrl":"https:\/\/secure.gravatar.com\/avatar\/049821681b589dabc0bc20695993ccebb09f5b5d4d790cd9251b97faac7c652b?s=96&d=blank&r=g","caption":"enequipo"},"sameAs":["https:\/\/www.facebook.com\/SonoraEE"]}]}},"jetpack_featured_media_url":"https:\/\/www.sonoraenequipo.com.mx\/storage\/2026\/01\/unnamed-3-1.jpg","_links":{"self":[{"href":"https:\/\/www.sonoraenequipo.com.mx\/api\/wp\/v2\/posts\/233113","targetHints":{"allow":["GET"]}}],"collection":[{"href":"https:\/\/www.sonoraenequipo.com.mx\/api\/wp\/v2\/posts"}],"about":[{"href":"https:\/\/www.sonoraenequipo.com.mx\/api\/wp\/v2\/types\/post"}],"author":[{"embeddable":true,"href":"https:\/\/www.sonoraenequipo.com.mx\/api\/wp\/v2\/users\/1"}],"replies":[{"embeddable":true,"href":"https:\/\/www.sonoraenequipo.com.mx\/api\/wp\/v2\/comments?post=233113"}],"version-history":[{"count":4,"href":"https:\/\/www.sonoraenequipo.com.mx\/api\/wp\/v2\/posts\/233113\/revisions"}],"predecessor-version":[{"id":233144,"href":"https:\/\/www.sonoraenequipo.com.mx\/api\/wp\/v2\/posts\/233113\/revisions\/233144"}],"wp:featuredmedia":[{"embeddable":true,"href":"https:\/\/www.sonoraenequipo.com.mx\/api\/wp\/v2\/media\/233118"}],"wp:attachment":[{"href":"https:\/\/www.sonoraenequipo.com.mx\/api\/wp\/v2\/media?parent=233113"}],"wp:term":[{"taxonomy":"category","embeddable":true,"href":"https:\/\/www.sonoraenequipo.com.mx\/api\/wp\/v2\/categories?post=233113"},{"taxonomy":"post_tag","embeddable":true,"href":"https:\/\/www.sonoraenequipo.com.mx\/api\/wp\/v2\/tags?post=233113"}],"curies":[{"name":"wp","href":"https:\/\/api.w.org\/{rel}","templated":true}]}}