{"id":233137,"date":"2026-01-14T17:35:14","date_gmt":"2026-01-15T00:35:14","guid":{"rendered":"https:\/\/www.sonoraenequipo.com.mx\/?p=233137"},"modified":"2026-01-14T20:22:56","modified_gmt":"2026-01-15T03:22:56","slug":"trump-dice-a-la-otan-que-marque-el-camino-en-su-campana-para-controlar-groenlandia","status":"publish","type":"post","link":"https:\/\/www.sonoraenequipo.com.mx\/trump-dice-a-la-otan-que-marque-el-camino-en-su-campana-para-controlar-groenlandia\/","title":{"rendered":"Trump dice a la OTAN que \u00abmarque el camino\u00bb en su campa\u00f1a para controlar Groenlandia"},"content":{"rendered":"<p><strong>ESTADOS UNIDOS DEL NORTE DE AM\u00c9RICA.<\/strong> \u2014 En v\u00edsperas de una reuni\u00f3n de alto nivel en la Casa Blanca con ministros de Dinamarca y Groenlandia, el presidente sigue insistiendo en que la propiedad de Groenlandia debe transferirse a Estados Unidos.<\/p>\n<p>&nbsp;<\/p>\n<p>&nbsp;<\/p>\n<p> <br \/>\nEl presidente de Estados Unidos, Donald Trump, ha dicho que es <strong>\u00abinaceptable\u00bb<\/strong> que Groenlandia siga siendo un territorio semiaut\u00f3nomo de Dinamarca y ha pedido a la OTAN que se ponga detr\u00e1s de sus demandas para que pase a ser propiedad de Estados Unidos. \u00ab<em><strong>La OTAN deber\u00eda liderar el camino para que lo consigamos. Si no lo hacemos nosotros, lo har\u00e1n Rusia o China, y eso no va a ocurrir\u00bb,<\/strong><\/em> public\u00f3 en su red social Truth Social.<\/p>\n<blockquote class=\"twitter-tweet\" data-width=\"550\" data-dnt=\"true\">\n<p lang=\"en\" dir=\"ltr\">I guess \ud83c\udde9\ud83c\uddf0\ud83c\uddec\ud83c\uddf1 agenda with the talks in DC today is to try to initiate a dialogue of substance on security, but JD Vance \ud83c\uddfa\ud83c\uddf8 has been given the task of securing surrender. That, of course, will not happen, and then the real phase of this crisis starts. Fasten seat belts. <a href=\"https:\/\/t.co\/JfGu1dF6i4\">pic.twitter.com\/JfGu1dF6i4<\/a><\/p>\n<p>&mdash; Carl Bildt (@carlbildt) <a href=\"https:\/\/twitter.com\/carlbildt\/status\/2011425653992587478?ref_src=twsrc%5Etfw\">January 14, 2026<\/a><\/p><\/blockquote>\n<p><script async src=\"https:\/\/platform.twitter.com\/widgets.js\" charset=\"utf-8\"><\/script><\/p>\n<p><em><strong>\u00abMilitarmente, sin el vasto poder de Estados Unidos, gran parte del cual constru\u00ed durante mi primer mandato, y que ahora estoy llevando a un nuevo e incluso m\u00e1s alto nivel, la OTAN no ser\u00eda una fuerza efectiva o disuasoria, \u00a1ni siquiera de cerca! Ellos lo saben, y yo tambi\u00e9n\u00bb,<\/strong><\/em> escribi\u00f3 Trump.<\/p>\n<p>&nbsp;<\/p>\n<p>&nbsp;<\/p>\n<p>La renovada amenaza del presidente estadounidense de adquirir Groenlandia por medios coercitivos se produjo horas antes de que los ministros de Asuntos Exteriores de Dinamarca y Groenlandia se reunieran con el vicepresidente estadounidense, J.D. Vance, y el secretario de Estado, Marco Rubio, en la Casa Blanca*<strong>*. La reuni\u00f3n se celebra a petici\u00f3n de los europeos**,<\/strong> pero la \u00faltima salva de Trump indica que es improbable que se materialice un encuentro de mentes.<\/p>\n<p>&nbsp;<\/p>\n<p>&nbsp;<\/p>\n<p><strong><em>\u00abSupongo que la agenda de Dinamarca y Groenlandia con las conversaciones de hoy en DC es intentar iniciar un di\u00e1logo de fondo sobre seguridad\u00bb<\/em><\/strong>, escribi\u00f3 en X el ex primer ministro sueco Carl Bildt,<em><strong> \u00abpero a J.D. Vance se le ha encomendado la tarea de asegurar la rendici\u00f3n. Eso, por supuesto, no ocurrir\u00e1, y entonces empezar\u00e1 la verdadera fase de esta crisis. Abr\u00f3chense los cinturones\u00bb.<\/strong><\/em><\/p>\n<p>&nbsp;<\/p>\n<p>&nbsp;<\/p>\n<p>&nbsp;<\/p>\n<p>Los gobiernos tanto de Copenhague como de Nuuk han afirmado sistem\u00e1ticamente que Groenlandia, la isla m\u00e1s grande del mundo, <em><strong>\u00abno est\u00e1 en venta\u00bb<\/strong><\/em>. El martes, el primer ministro groenland\u00e9s, Jens-Frederik Nielsen, insisti\u00f3 en que si se viera obligado a elegir entre ser un protectorado de Dinamarca y Europa o una posesi\u00f3n de Estados Unidos, Groenlandia elegir\u00eda Europa.<\/p>\n<p>&nbsp;<\/p>\n<p>&nbsp;<\/p>\n<p>&nbsp;<\/p>\n<p><em><strong>\u00abUna cosa debe quedar clara para todos: Groenlandia no quiere ser posesi\u00f3n de Estados Unidos\u00bb,<\/strong><\/em> dijo Nielsen. \u00ab<em><strong>Groenlandia no quiere ser gobernada por Estados Unidos. Groenlandia no quiere formar parte de Estados Unidos. Elegimos Groenlandia como la conocemos ahora y eso es como parte de la comunidad del Reino de Dinamarca.\u00bb<\/strong><\/em><\/p>\n<p>&nbsp;<\/p>\n<p>&nbsp;<\/p>\n<p>Trump respondi\u00f3 al rechazo de Nielsen a su propuesta de toma de posesi\u00f3n diciendo: \u00abEso va a ser un gran problema para \u00e9l\u00bb. Mientras tanto, Europa se apresura a responder a las cambiantes exigencias de la Casa Blanca.<\/p>\n<p>&nbsp;<\/p>\n<p>&nbsp;<\/p>\n<p>En caso de que Trump siga adelante con su ret\u00f3rica belicosa de \u00abtener\u00bb Groenlandia ya sea de una forma monetaria o de otra manera, ser\u00eda una sentencia de muerte tanto para la amplia alianza transatl\u00e1ntica como para la OTAN espec\u00edficamente.<\/p>\n<p>&nbsp;<\/p>\n<p>&nbsp;<\/p>\n<p>Fuentes de la OTAN han declarado a &#8216;Euronews&#8217; su <strong>\u00abdesesperaci\u00f3n\u00bb<\/strong> ante la posibilidad de que los aliados se vuelvan unos contra otros en medio de la inestabilidad mundial, sobre todo con la guerra en Ucrania todav\u00eda en marcha.<\/p>\n<p>&nbsp;<\/p>\n<p>&nbsp;<\/p>\n<p>Mientras que la Administraci\u00f3n Trump afirma que Groenlandia es un eslab\u00f3n d\u00e9bil en la arquitectura de seguridad de Estados Unidos, este pa\u00eds ha reducido significativamente su presencia militar all\u00ed desde el final de la Guerra Fr\u00eda y ahora opera solo un sitio en la isla, la Base Espacial Pituffik que a\u00fan funciona.<\/p>\n<p>&nbsp;<\/p>\n<p>&nbsp;<\/p>\n<p>Los aliados de la OTAN dicen estar de acuerdo con las afirmaciones de Estados Unidos de que el \u00c1rtico requiere una mayor seguridad para salvaguardarlo de los intereses rusos y chinos, mientras que el calentamiento global y el deshielo de los casquetes polares presentan nuevas oportunidades comerciales y de transporte en la regi\u00f3n del Alto Norte.<\/p>\n<p>&nbsp;<\/p>\n<p>&nbsp;<\/p>\n<p><strong><em>\u00abCon la apertura de las rutas mar\u00edtimas, existe el riesgo de que los rusos y los chinos sean m\u00e1s activos\u00bb,<\/em> <\/strong>declar\u00f3 el martes en Zagreb el Secretario General de la OTAN, Mark Rutte.<\/p>\n<p>&nbsp;<\/p>\n<p>&nbsp;<\/p>\n<p>En un intento de disipar las preocupaciones de Estados Unidos, los gobiernos de Dinamarca, Alemania, Reino Unido y Francia se han declarado dispuestos a participar en una vigilancia reforzada de la regi\u00f3n por mar, tierra y aire, que podr\u00eda incluir ejercicios militares.<\/p>\n<p>&nbsp;<\/p>\n<p>Por su parte, el ministro de Defensa dan\u00e9s, Troels Lund Poulsen, confirm\u00f3 el mi\u00e9rcoles que Copenhague se dispone a ampliar su presencia militar permanente en Groenlandia con la participaci\u00f3n de otros pa\u00edses.<\/p>\n<p>&nbsp;<\/p>\n<p>&nbsp;<\/p>\n<p><em><strong>\u00abLas tensiones geopol\u00edticas se han extendido al \u00c1rtico\u00bb,<\/strong><\/em> declar\u00f3 el Ministerio en un comunicado.<em><strong> \u00abA partir de hoy, habr\u00e1 una presencia militar ampliada en Groenlandia y sus alrededores, en estrecha cooperaci\u00f3n con los aliados de la OTAN\u00bb.<\/strong><\/em><\/p>\n<p>&nbsp;<\/p>\n<p>&nbsp;<\/p>\n<p><em><strong>\u00abEl objetivo es entrenar la capacidad de operar en las condiciones \u00fanicas del \u00c1rtico y reforzar la huella de la alianza en el \u00c1rtico, beneficiando tanto a la seguridad europea como a la transatl\u00e1ntica\u00bb.<\/strong><\/em><\/p>\n<p>&nbsp;<\/p>\n<p>&nbsp;<\/p>\n<p>A principios de semana, el Ministro de Asuntos Exteriores alem\u00e1n, Johann Wadephul, declar\u00f3 que los aliados estaban \u00abdebatiendo lo que se necesita\u00bb en el \u00c1rtico. <strong><em>\u00abNo s\u00f3lo interesa a Estados Unidos que Groenlandia y el \u00c1rtico sigan siendo seguros, sino que interesa a la OTAN y a Europa en su conjunto\u00bb,<\/em><\/strong> afirm\u00f3.<\/p>\n<p>&nbsp;<\/p>\n<p>&nbsp;<\/p>\n<p><strong><em>\u00abLa ruta del Atl\u00e1ntico Norte es absolutamente esencial para la transferencia de mercanc\u00edas entre EE.UU. y la UE y para nuestras relaciones. Alemania participa en estas discusiones y estamos en estrecha coordinaci\u00f3n con Dinamarca\u00bb.<\/em><\/strong><\/p>\n<p>&nbsp;<\/p>\n<p>&nbsp;<\/p>\n<p>\u00abAhora mismo ser\u00eda demasiado pronto para decir qu\u00e9 va a pasar exactamente\u00bb, a\u00f1adi\u00f3. Por su parte, la presidenta de la Comisi\u00f3n Europea, Ursula von der Leyen, se pronunci\u00f3 sobre el apoyo de la UE a la soberan\u00eda de Dinamarca y Groenlandia.<\/p>\n<p>&nbsp;<\/p>\n<p>&nbsp;<\/p>\n<p><strong><em>\u00abPara m\u00ed es importante que los groenlandeses sepan, y lo saben por los hechos, no s\u00f3lo por las palabras, que respetamos los deseos de los groenlandeses y sus intereses y que pueden contar con nosotros\u00bb,<\/em><\/strong> declar\u00f3 el mi\u00e9rcoles a los periodistas en una conferencia en Bruselas.<\/p>\n<p>&nbsp;<\/p>\n<p>&nbsp;<\/p>\n<p>PUBLICADO EL 14 ENERO DE 2026 Con informaci\u00f3n de AP)<\/p>\n","protected":false},"excerpt":{"rendered":"<p>ESTADOS UNIDOS DEL NORTE DE AM\u00c9RICA. \u2014 En v\u00edsperas de una reuni\u00f3n de alto nivel&#8230;<\/p>\n","protected":false},"author":1,"featured_media":233140,"comment_status":"open","ping_status":"open","sticky":false,"template":"","format":"standard","meta":{"_monsterinsights_skip_tracking":false,"_monsterinsights_sitenote_active":false,"_monsterinsights_sitenote_note":"","_monsterinsights_sitenote_category":0,"footnotes":""},"categories":[3],"tags":[],"class_list":["post"],"yoast_head":" \n<title>Sonora en Equipo. Trump dice a la OTAN que &quot;marque el camino&quot; en su campa\u00f1a para controlar Groenlandia MUNDO<\/title>\n<meta name=\"description\" content=\"ESTADOS UNIDOS DEL NORTE DE AM\u00c9RICA. \u2014 En v\u00edsperas de una reuni\u00f3n de alto nivel en la Casa Blanca con ministros de Dinamarca y Groenlandia, el presidente En Sonora en Equipo publicamos toda la informaci\u00f3n de Sonora, M\u00e9xico y el Mundo de manera oportuna y busca que la libertad de expresi\u00f3n sea real. Visita nuestro medio informativo publicado desde Hermosillo, Sonora. %\" \/>\n<meta name=\"robots\" content=\"index, follow, max-snippet:-1, max-image-preview:large, max-video-preview:-1\" \/>\n<link rel=\"canonical\" href=\"https:\/\/www.sonoraenequipo.com.mx\/trump-dice-a-la-otan-que-marque-el-camino-en-su-campana-para-controlar-groenlandia\/\" \/>\n<meta property=\"og:locale\" content=\"es_ES\" \/>\n<meta property=\"og:type\" content=\"article\" \/>\n<meta property=\"og:title\" content=\"Sonora en Equipo. Trump dice a la OTAN que &quot;marque el camino&quot; en su campa\u00f1a para controlar Groenlandia MUNDO\" \/>\n<meta property=\"og:description\" content=\"ESTADOS UNIDOS DEL NORTE DE AM\u00c9RICA. \u2014 En v\u00edsperas de una reuni\u00f3n de alto nivel en la Casa Blanca con ministros de Dinamarca y Groenlandia, el presidente En Sonora en Equipo publicamos toda la informaci\u00f3n de Sonora, M\u00e9xico y el Mundo de manera oportuna y busca que la libertad de expresi\u00f3n sea real. Visita nuestro medio informativo publicado desde Hermosillo, Sonora. %\" \/>\n<meta property=\"og:url\" content=\"https:\/\/www.sonoraenequipo.com.mx\/trump-dice-a-la-otan-que-marque-el-camino-en-su-campana-para-controlar-groenlandia\/\" \/>\n<meta property=\"og:site_name\" content=\"Sonora en Equipo.\" \/>\n<meta property=\"article:publisher\" content=\"https:\/\/www.facebook.com\/SonoraEE\/\" \/>\n<meta property=\"article:author\" content=\"https:\/\/www.facebook.com\/SonoraEE\" \/>\n<meta property=\"article:published_time\" content=\"2026-01-15T00:35:14+00:00\" \/>\n<meta property=\"article:modified_time\" content=\"2026-01-15T03:22:56+00:00\" \/>\n<meta property=\"og:image\" content=\"https:\/\/www.sonoraenequipo.com.mx\/storage\/2026\/01\/groelandia-1.jpg\" \/>\n\t<meta property=\"og:image:width\" content=\"1000\" \/>\n\t<meta property=\"og:image:height\" content=\"666\" \/>\n\t<meta property=\"og:image:type\" content=\"image\/jpeg\" \/>\n<meta name=\"author\" content=\"enequipo\" \/>\n<meta name=\"twitter:card\" content=\"summary_large_image\" \/>\n<meta name=\"twitter:creator\" content=\"@sonoraenequipo\" \/>\n<meta name=\"twitter:site\" content=\"@sonoraenequipo\" \/>\n<meta name=\"twitter:label1\" content=\"Escrito por\" \/>\n\t<meta name=\"twitter:data1\" content=\"enequipo\" \/>\n\t<meta name=\"twitter:label2\" content=\"Tiempo de lectura\" \/>\n\t<meta name=\"twitter:data2\" content=\"6 minutos\" \/>\n<script type=\"application\/ld+json\" class=\"yoast-schema-graph\">{\"@context\":\"https:\/\/schema.org\",\"@graph\":[{\"@type\":\"Article\",\"@id\":\"https:\/\/www.sonoraenequipo.com.mx\/trump-dice-a-la-otan-que-marque-el-camino-en-su-campana-para-controlar-groenlandia\/#article\",\"isPartOf\":{\"@id\":\"https:\/\/www.sonoraenequipo.com.mx\/trump-dice-a-la-otan-que-marque-el-camino-en-su-campana-para-controlar-groenlandia\/\"},\"author\":{\"name\":\"enequipo\",\"@id\":\"https:\/\/www.sonoraenequipo.com.mx\/#\/schema\/person\/50102df0fb23a8fa9e8effad8fa81386\"},\"headline\":\"Trump dice a la OTAN que \u00abmarque el camino\u00bb en su campa\u00f1a para controlar Groenlandia\",\"datePublished\":\"2026-01-15T00:35:14+00:00\",\"dateModified\":\"2026-01-15T03:22:56+00:00\",\"mainEntityOfPage\":{\"@id\":\"https:\/\/www.sonoraenequipo.com.mx\/trump-dice-a-la-otan-que-marque-el-camino-en-su-campana-para-controlar-groenlandia\/\"},\"wordCount\":1117,\"commentCount\":0,\"publisher\":{\"@id\":\"https:\/\/www.sonoraenequipo.com.mx\/#organization\"},\"image\":{\"@id\":\"https:\/\/www.sonoraenequipo.com.mx\/trump-dice-a-la-otan-que-marque-el-camino-en-su-campana-para-controlar-groenlandia\/#primaryimage\"},\"thumbnailUrl\":\"https:\/\/www.sonoraenequipo.com.mx\/storage\/2026\/01\/groelandia-1.jpg\",\"articleSection\":[\"MUNDO\"],\"inLanguage\":\"es\",\"potentialAction\":[{\"@type\":\"CommentAction\",\"name\":\"Comment\",\"target\":[\"https:\/\/www.sonoraenequipo.com.mx\/trump-dice-a-la-otan-que-marque-el-camino-en-su-campana-para-controlar-groenlandia\/#respond\"]}]},{\"@type\":\"WebPage\",\"@id\":\"https:\/\/www.sonoraenequipo.com.mx\/trump-dice-a-la-otan-que-marque-el-camino-en-su-campana-para-controlar-groenlandia\/\",\"url\":\"https:\/\/www.sonoraenequipo.com.mx\/trump-dice-a-la-otan-que-marque-el-camino-en-su-campana-para-controlar-groenlandia\/\",\"name\":\"Sonora en Equipo. Trump dice a la OTAN que \\\"marque el camino\\\" en su campa\u00f1a para controlar Groenlandia MUNDO\",\"isPartOf\":{\"@id\":\"https:\/\/www.sonoraenequipo.com.mx\/#website\"},\"primaryImageOfPage\":{\"@id\":\"https:\/\/www.sonoraenequipo.com.mx\/trump-dice-a-la-otan-que-marque-el-camino-en-su-campana-para-controlar-groenlandia\/#primaryimage\"},\"image\":{\"@id\":\"https:\/\/www.sonoraenequipo.com.mx\/trump-dice-a-la-otan-que-marque-el-camino-en-su-campana-para-controlar-groenlandia\/#primaryimage\"},\"thumbnailUrl\":\"https:\/\/www.sonoraenequipo.com.mx\/storage\/2026\/01\/groelandia-1.jpg\",\"datePublished\":\"2026-01-15T00:35:14+00:00\",\"dateModified\":\"2026-01-15T03:22:56+00:00\",\"description\":\"ESTADOS UNIDOS DEL NORTE DE AM\u00c9RICA. \u2014 En v\u00edsperas de una reuni\u00f3n de alto nivel en la Casa Blanca con ministros de Dinamarca y Groenlandia, el presidente En Sonora en Equipo publicamos toda la informaci\u00f3n de Sonora, M\u00e9xico y el Mundo de manera oportuna y busca que la libertad de expresi\u00f3n sea real. Visita nuestro medio informativo publicado desde Hermosillo, Sonora. %\",\"breadcrumb\":{\"@id\":\"https:\/\/www.sonoraenequipo.com.mx\/trump-dice-a-la-otan-que-marque-el-camino-en-su-campana-para-controlar-groenlandia\/#breadcrumb\"},\"inLanguage\":\"es\",\"potentialAction\":[{\"@type\":\"ReadAction\",\"target\":[\"https:\/\/www.sonoraenequipo.com.mx\/trump-dice-a-la-otan-que-marque-el-camino-en-su-campana-para-controlar-groenlandia\/\"]}]},{\"@type\":\"ImageObject\",\"inLanguage\":\"es\",\"@id\":\"https:\/\/www.sonoraenequipo.com.mx\/trump-dice-a-la-otan-que-marque-el-camino-en-su-campana-para-controlar-groenlandia\/#primaryimage\",\"url\":\"https:\/\/www.sonoraenequipo.com.mx\/storage\/2026\/01\/groelandia-1.jpg\",\"contentUrl\":\"https:\/\/www.sonoraenequipo.com.mx\/storage\/2026\/01\/groelandia-1.jpg\",\"width\":1000,\"height\":666},{\"@type\":\"BreadcrumbList\",\"@id\":\"https:\/\/www.sonoraenequipo.com.mx\/trump-dice-a-la-otan-que-marque-el-camino-en-su-campana-para-controlar-groenlandia\/#breadcrumb\",\"itemListElement\":[{\"@type\":\"ListItem\",\"position\":1,\"name\":\"Portada\",\"item\":\"https:\/\/www.sonoraenequipo.com.mx\/\"},{\"@type\":\"ListItem\",\"position\":2,\"name\":\"Trump dice a la OTAN que \u00abmarque el camino\u00bb en su campa\u00f1a para controlar Groenlandia\"}]},{\"@type\":\"WebSite\",\"@id\":\"https:\/\/www.sonoraenequipo.com.mx\/#website\",\"url\":\"https:\/\/www.sonoraenequipo.com.mx\/\",\"name\":\"Sonora en Equipo.\",\"description\":\"Diario en l\u00ednea con Noticias desde Hermosillo, Sonora\",\"publisher\":{\"@id\":\"https:\/\/www.sonoraenequipo.com.mx\/#organization\"},\"potentialAction\":[{\"@type\":\"SearchAction\",\"target\":{\"@type\":\"EntryPoint\",\"urlTemplate\":\"https:\/\/www.sonoraenequipo.com.mx\/?s={search_term_string}\"},\"query-input\":{\"@type\":\"PropertyValueSpecification\",\"valueRequired\":true,\"valueName\":\"search_term_string\"}}],\"inLanguage\":\"es\"},{\"@type\":\"Organization\",\"@id\":\"https:\/\/www.sonoraenequipo.com.mx\/#organization\",\"name\":\"Sonoraenequipo.com.mx\",\"url\":\"https:\/\/www.sonoraenequipo.com.mx\/\",\"logo\":{\"@type\":\"ImageObject\",\"inLanguage\":\"es\",\"@id\":\"https:\/\/www.sonoraenequipo.com.mx\/#\/schema\/logo\/image\/\",\"url\":\"https:\/\/www.sonoraenequipo.com.mx\/storage\/2019\/01\/sonoraenequipo_opt.png\",\"contentUrl\":\"https:\/\/www.sonoraenequipo.com.mx\/storage\/2019\/01\/sonoraenequipo_opt.png\",\"width\":375,\"height\":125,\"caption\":\"Sonoraenequipo.com.mx\"},\"image\":{\"@id\":\"https:\/\/www.sonoraenequipo.com.mx\/#\/schema\/logo\/image\/\"},\"sameAs\":[\"https:\/\/www.facebook.com\/SonoraEE\/\",\"https:\/\/x.com\/sonoraenequipo\",\"https:\/\/www.youtube.com\/channel\/UC338nW-lPEYmJQs4ZABQ1SQ\"]},{\"@type\":\"Person\",\"@id\":\"https:\/\/www.sonoraenequipo.com.mx\/#\/schema\/person\/50102df0fb23a8fa9e8effad8fa81386\",\"name\":\"enequipo\",\"image\":{\"@type\":\"ImageObject\",\"inLanguage\":\"es\",\"@id\":\"https:\/\/www.sonoraenequipo.com.mx\/#\/schema\/person\/image\/\",\"url\":\"https:\/\/secure.gravatar.com\/avatar\/049821681b589dabc0bc20695993ccebb09f5b5d4d790cd9251b97faac7c652b?s=96&d=blank&r=g\",\"contentUrl\":\"https:\/\/secure.gravatar.com\/avatar\/049821681b589dabc0bc20695993ccebb09f5b5d4d790cd9251b97faac7c652b?s=96&d=blank&r=g\",\"caption\":\"enequipo\"},\"sameAs\":[\"https:\/\/www.facebook.com\/SonoraEE\"]}]}<\/script>\n ","yoast_head_json":{"title":"Sonora en Equipo. Trump dice a la OTAN que \"marque el camino\" en su campa\u00f1a para controlar Groenlandia MUNDO","description":"ESTADOS UNIDOS DEL NORTE DE AM\u00c9RICA. \u2014 En v\u00edsperas de una reuni\u00f3n de alto nivel en la Casa Blanca con ministros de Dinamarca y Groenlandia, el presidente En Sonora en Equipo publicamos toda la informaci\u00f3n de Sonora, M\u00e9xico y el Mundo de manera oportuna y busca que la libertad de expresi\u00f3n sea real. Visita nuestro medio informativo publicado desde Hermosillo, Sonora. %","robots":{"index":"index","follow":"follow","max-snippet":"max-snippet:-1","max-image-preview":"max-image-preview:large","max-video-preview":"max-video-preview:-1"},"canonical":"https:\/\/www.sonoraenequipo.com.mx\/trump-dice-a-la-otan-que-marque-el-camino-en-su-campana-para-controlar-groenlandia\/","og_locale":"es_ES","og_type":"article","og_title":"Sonora en Equipo. Trump dice a la OTAN que \"marque el camino\" en su campa\u00f1a para controlar Groenlandia MUNDO","og_description":"ESTADOS UNIDOS DEL NORTE DE AM\u00c9RICA. \u2014 En v\u00edsperas de una reuni\u00f3n de alto nivel en la Casa Blanca con ministros de Dinamarca y Groenlandia, el presidente En Sonora en Equipo publicamos toda la informaci\u00f3n de Sonora, M\u00e9xico y el Mundo de manera oportuna y busca que la libertad de expresi\u00f3n sea real. Visita nuestro medio informativo publicado desde Hermosillo, Sonora. %","og_url":"https:\/\/www.sonoraenequipo.com.mx\/trump-dice-a-la-otan-que-marque-el-camino-en-su-campana-para-controlar-groenlandia\/","og_site_name":"Sonora en Equipo.","article_publisher":"https:\/\/www.facebook.com\/SonoraEE\/","article_author":"https:\/\/www.facebook.com\/SonoraEE","article_published_time":"2026-01-15T00:35:14+00:00","article_modified_time":"2026-01-15T03:22:56+00:00","og_image":[{"width":1000,"height":666,"url":"https:\/\/www.sonoraenequipo.com.mx\/storage\/2026\/01\/groelandia-1.jpg","type":"image\/jpeg"}],"author":"enequipo","twitter_card":"summary_large_image","twitter_creator":"@sonoraenequipo","twitter_site":"@sonoraenequipo","twitter_misc":{"Escrito por":"enequipo","Tiempo de lectura":"6 minutos"},"schema":{"@context":"https:\/\/schema.org","@graph":[{"@type":"Article","@id":"https:\/\/www.sonoraenequipo.com.mx\/trump-dice-a-la-otan-que-marque-el-camino-en-su-campana-para-controlar-groenlandia\/#article","isPartOf":{"@id":"https:\/\/www.sonoraenequipo.com.mx\/trump-dice-a-la-otan-que-marque-el-camino-en-su-campana-para-controlar-groenlandia\/"},"author":{"name":"enequipo","@id":"https:\/\/www.sonoraenequipo.com.mx\/#\/schema\/person\/50102df0fb23a8fa9e8effad8fa81386"},"headline":"Trump dice a la OTAN que \u00abmarque el camino\u00bb en su campa\u00f1a para controlar Groenlandia","datePublished":"2026-01-15T00:35:14+00:00","dateModified":"2026-01-15T03:22:56+00:00","mainEntityOfPage":{"@id":"https:\/\/www.sonoraenequipo.com.mx\/trump-dice-a-la-otan-que-marque-el-camino-en-su-campana-para-controlar-groenlandia\/"},"wordCount":1117,"commentCount":0,"publisher":{"@id":"https:\/\/www.sonoraenequipo.com.mx\/#organization"},"image":{"@id":"https:\/\/www.sonoraenequipo.com.mx\/trump-dice-a-la-otan-que-marque-el-camino-en-su-campana-para-controlar-groenlandia\/#primaryimage"},"thumbnailUrl":"https:\/\/www.sonoraenequipo.com.mx\/storage\/2026\/01\/groelandia-1.jpg","articleSection":["MUNDO"],"inLanguage":"es","potentialAction":[{"@type":"CommentAction","name":"Comment","target":["https:\/\/www.sonoraenequipo.com.mx\/trump-dice-a-la-otan-que-marque-el-camino-en-su-campana-para-controlar-groenlandia\/#respond"]}]},{"@type":"WebPage","@id":"https:\/\/www.sonoraenequipo.com.mx\/trump-dice-a-la-otan-que-marque-el-camino-en-su-campana-para-controlar-groenlandia\/","url":"https:\/\/www.sonoraenequipo.com.mx\/trump-dice-a-la-otan-que-marque-el-camino-en-su-campana-para-controlar-groenlandia\/","name":"Sonora en Equipo. Trump dice a la OTAN que \"marque el camino\" en su campa\u00f1a para controlar Groenlandia MUNDO","isPartOf":{"@id":"https:\/\/www.sonoraenequipo.com.mx\/#website"},"primaryImageOfPage":{"@id":"https:\/\/www.sonoraenequipo.com.mx\/trump-dice-a-la-otan-que-marque-el-camino-en-su-campana-para-controlar-groenlandia\/#primaryimage"},"image":{"@id":"https:\/\/www.sonoraenequipo.com.mx\/trump-dice-a-la-otan-que-marque-el-camino-en-su-campana-para-controlar-groenlandia\/#primaryimage"},"thumbnailUrl":"https:\/\/www.sonoraenequipo.com.mx\/storage\/2026\/01\/groelandia-1.jpg","datePublished":"2026-01-15T00:35:14+00:00","dateModified":"2026-01-15T03:22:56+00:00","description":"ESTADOS UNIDOS DEL NORTE DE AM\u00c9RICA. \u2014 En v\u00edsperas de una reuni\u00f3n de alto nivel en la Casa Blanca con ministros de Dinamarca y Groenlandia, el presidente En Sonora en Equipo publicamos toda la informaci\u00f3n de Sonora, M\u00e9xico y el Mundo de manera oportuna y busca que la libertad de expresi\u00f3n sea real. Visita nuestro medio informativo publicado desde Hermosillo, Sonora. %","breadcrumb":{"@id":"https:\/\/www.sonoraenequipo.com.mx\/trump-dice-a-la-otan-que-marque-el-camino-en-su-campana-para-controlar-groenlandia\/#breadcrumb"},"inLanguage":"es","potentialAction":[{"@type":"ReadAction","target":["https:\/\/www.sonoraenequipo.com.mx\/trump-dice-a-la-otan-que-marque-el-camino-en-su-campana-para-controlar-groenlandia\/"]}]},{"@type":"ImageObject","inLanguage":"es","@id":"https:\/\/www.sonoraenequipo.com.mx\/trump-dice-a-la-otan-que-marque-el-camino-en-su-campana-para-controlar-groenlandia\/#primaryimage","url":"https:\/\/www.sonoraenequipo.com.mx\/storage\/2026\/01\/groelandia-1.jpg","contentUrl":"https:\/\/www.sonoraenequipo.com.mx\/storage\/2026\/01\/groelandia-1.jpg","width":1000,"height":666},{"@type":"BreadcrumbList","@id":"https:\/\/www.sonoraenequipo.com.mx\/trump-dice-a-la-otan-que-marque-el-camino-en-su-campana-para-controlar-groenlandia\/#breadcrumb","itemListElement":[{"@type":"ListItem","position":1,"name":"Portada","item":"https:\/\/www.sonoraenequipo.com.mx\/"},{"@type":"ListItem","position":2,"name":"Trump dice a la OTAN que \u00abmarque el camino\u00bb en su campa\u00f1a para controlar Groenlandia"}]},{"@type":"WebSite","@id":"https:\/\/www.sonoraenequipo.com.mx\/#website","url":"https:\/\/www.sonoraenequipo.com.mx\/","name":"Sonora en Equipo.","description":"Diario en l\u00ednea con Noticias desde Hermosillo, Sonora","publisher":{"@id":"https:\/\/www.sonoraenequipo.com.mx\/#organization"},"potentialAction":[{"@type":"SearchAction","target":{"@type":"EntryPoint","urlTemplate":"https:\/\/www.sonoraenequipo.com.mx\/?s={search_term_string}"},"query-input":{"@type":"PropertyValueSpecification","valueRequired":true,"valueName":"search_term_string"}}],"inLanguage":"es"},{"@type":"Organization","@id":"https:\/\/www.sonoraenequipo.com.mx\/#organization","name":"Sonoraenequipo.com.mx","url":"https:\/\/www.sonoraenequipo.com.mx\/","logo":{"@type":"ImageObject","inLanguage":"es","@id":"https:\/\/www.sonoraenequipo.com.mx\/#\/schema\/logo\/image\/","url":"https:\/\/www.sonoraenequipo.com.mx\/storage\/2019\/01\/sonoraenequipo_opt.png","contentUrl":"https:\/\/www.sonoraenequipo.com.mx\/storage\/2019\/01\/sonoraenequipo_opt.png","width":375,"height":125,"caption":"Sonoraenequipo.com.mx"},"image":{"@id":"https:\/\/www.sonoraenequipo.com.mx\/#\/schema\/logo\/image\/"},"sameAs":["https:\/\/www.facebook.com\/SonoraEE\/","https:\/\/x.com\/sonoraenequipo","https:\/\/www.youtube.com\/channel\/UC338nW-lPEYmJQs4ZABQ1SQ"]},{"@type":"Person","@id":"https:\/\/www.sonoraenequipo.com.mx\/#\/schema\/person\/50102df0fb23a8fa9e8effad8fa81386","name":"enequipo","image":{"@type":"ImageObject","inLanguage":"es","@id":"https:\/\/www.sonoraenequipo.com.mx\/#\/schema\/person\/image\/","url":"https:\/\/secure.gravatar.com\/avatar\/049821681b589dabc0bc20695993ccebb09f5b5d4d790cd9251b97faac7c652b?s=96&d=blank&r=g","contentUrl":"https:\/\/secure.gravatar.com\/avatar\/049821681b589dabc0bc20695993ccebb09f5b5d4d790cd9251b97faac7c652b?s=96&d=blank&r=g","caption":"enequipo"},"sameAs":["https:\/\/www.facebook.com\/SonoraEE"]}]}},"jetpack_featured_media_url":"https:\/\/www.sonoraenequipo.com.mx\/storage\/2026\/01\/groelandia-1.jpg","_links":{"self":[{"href":"https:\/\/www.sonoraenequipo.com.mx\/api\/wp\/v2\/posts\/233137","targetHints":{"allow":["GET"]}}],"collection":[{"href":"https:\/\/www.sonoraenequipo.com.mx\/api\/wp\/v2\/posts"}],"about":[{"href":"https:\/\/www.sonoraenequipo.com.mx\/api\/wp\/v2\/types\/post"}],"author":[{"embeddable":true,"href":"https:\/\/www.sonoraenequipo.com.mx\/api\/wp\/v2\/users\/1"}],"replies":[{"embeddable":true,"href":"https:\/\/www.sonoraenequipo.com.mx\/api\/wp\/v2\/comments?post=233137"}],"version-history":[{"count":1,"href":"https:\/\/www.sonoraenequipo.com.mx\/api\/wp\/v2\/posts\/233137\/revisions"}],"predecessor-version":[{"id":233141,"href":"https:\/\/www.sonoraenequipo.com.mx\/api\/wp\/v2\/posts\/233137\/revisions\/233141"}],"wp:featuredmedia":[{"embeddable":true,"href":"https:\/\/www.sonoraenequipo.com.mx\/api\/wp\/v2\/media\/233140"}],"wp:attachment":[{"href":"https:\/\/www.sonoraenequipo.com.mx\/api\/wp\/v2\/media?parent=233137"}],"wp:term":[{"taxonomy":"category","embeddable":true,"href":"https:\/\/www.sonoraenequipo.com.mx\/api\/wp\/v2\/categories?post=233137"},{"taxonomy":"post_tag","embeddable":true,"href":"https:\/\/www.sonoraenequipo.com.mx\/api\/wp\/v2\/tags?post=233137"}],"curies":[{"name":"wp","href":"https:\/\/api.w.org\/{rel}","templated":true}]}}