{"id":233236,"date":"2026-01-17T15:35:15","date_gmt":"2026-01-17T22:35:15","guid":{"rendered":"https:\/\/www.sonoraenequipo.com.mx\/?p=233236"},"modified":"2026-01-17T15:35:42","modified_gmt":"2026-01-17T22:35:42","slug":"alejandra-valencia-a-punto-de-iniciar-temporada-2026","status":"publish","type":"post","link":"https:\/\/www.sonoraenequipo.com.mx\/alejandra-valencia-a-punto-de-iniciar-temporada-2026\/","title":{"rendered":"Alejandra Valencia a punto de iniciar temporada 2026"},"content":{"rendered":"<p><strong>HERMOSILLO, SONORA, MX.<\/strong> \u2014La arquera ol\u00edmpica sonorense Alejandra Valencia iniciar\u00e1 muy pronto su temporada del 2026, la cual incluir\u00e1 eventos importantes, entre los que destacan las etapas de la vig\u00e9sima edici\u00f3n de la Copa del Mundo de Tiro con Arco, adem\u00e1s de los Juegos Centroamericanos y del Caribe.<\/p>\n<p>&nbsp;<\/p>\n<p>&nbsp;<\/p>\n<p>&nbsp;<\/p>\n<p>&nbsp;<\/p>\n<p>&nbsp;<\/p>\n<p>A finales de este mes de enero, la doble medallista de Juegos Ol\u00edmpicos tendr\u00e1 un campamento de una semana en Suiza, posteriormente, al concluir esa estancia, regresar\u00e1 unos d\u00edas a Hermosillo para despu\u00e9s partir, a mediados de febrero, a su primer compromiso del a\u00f1o a celebrarse en M\u00e9rida, Yucat\u00e1n, en el arranque de la Archery Indoor World Series.<\/p>\n<p>&nbsp;<\/p>\n<p>&nbsp;<\/p>\n<p>&nbsp;<\/p>\n<p>&nbsp;<\/p>\n<p>&nbsp;<\/p>\n<p>Tras culminar esa parada del serial de la modalidad bajo techo, seguir\u00e1 un selectivo nacional \u2013pendiente la sede y fecha- de donde saldr\u00e1n las cuatro representantes mexicanas de arco recurvo que estar\u00e1n portando los colores de nuestro pa\u00eds en la Copa del Mundo de Arquer\u00eda Hyundai 2026, programada de abril a septiembre.<\/p>\n<p>&nbsp;<\/p>\n<p>&nbsp;<\/p>\n<p>&nbsp;<\/p>\n<p>&nbsp;<\/p>\n<p>&nbsp;<\/p>\n<p>El evento selectivo nacional es clave, pues, adem\u00e1s, las tres mejores arqueras de ese mismo proceso, llevar\u00e1n el estandarte azteca en los Juegos Centroamericanos y del Caribe que recibir\u00e1 Santo Domingo, Rep\u00fablica Dominicana, entre el 24 de julio y el 8 de agosto.<\/p>\n<p>&nbsp;<\/p>\n<p>&nbsp;<\/p>\n<p>&nbsp;<\/p>\n<p>&nbsp;<\/p>\n<p>&nbsp;<\/p>\n<p>Sobre la Copa del Mundo de Arquer\u00eda, en donde la sonorense tiene acumuladas m\u00e1s de 20 medallas en su trayectoria, la eliminatoria 2026 empezar\u00e1 en tierra azteca, ya que Puebla (7-12 abril) abrir\u00e1 las hostilidades para continuar en Shangh\u00e1i, China (5-10 mayo), despu\u00e9s vendr\u00e1 Antalya, Turqu\u00eda (9-14 junio) y el cierre ser\u00e1 en Madrid, Espa\u00f1a (7-12 julio). La Final tambi\u00e9n tendr\u00e1 lugar en suelo mexicano, con Saltillo, Coahuila, como anfitri\u00f3n, entre el 12 y 13 de septiembre.<\/p>\n<p><strong>Fecha de publicaci\u00f3n s\u00e1bado 17 de enero de 2026<\/strong><\/p>\n","protected":false},"excerpt":{"rendered":"<p>HERMOSILLO, SONORA, MX. \u2014La arquera ol\u00edmpica sonorense Alejandra Valencia iniciar\u00e1 muy pronto su temporada del&#8230;<\/p>\n","protected":false},"author":1,"featured_media":233237,"comment_status":"open","ping_status":"open","sticky":false,"template":"","format":"standard","meta":{"_monsterinsights_skip_tracking":false,"_monsterinsights_sitenote_active":false,"_monsterinsights_sitenote_note":"","_monsterinsights_sitenote_category":0,"footnotes":""},"categories":[10],"tags":[5936],"class_list":["post"],"yoast_head":" \n<title>Sonora en Equipo. Alejandra Valencia a punto de iniciar temporada 2026 Deportes<\/title>\n<meta name=\"description\" content=\"HERMOSILLO, SONORA, MX. \u2014La arquera ol\u00edmpica sonorense Alejandra Valencia iniciar\u00e1 muy pronto su temporada del 2026, la cual incluir\u00e1 eventos importantes, En Sonora en Equipo publicamos toda la informaci\u00f3n de Sonora, M\u00e9xico y el Mundo de manera oportuna y busca que la libertad de expresi\u00f3n sea real. Visita nuestro medio informativo publicado desde Hermosillo, Sonora. %\" \/>\n<meta name=\"robots\" content=\"index, follow, max-snippet:-1, max-image-preview:large, max-video-preview:-1\" \/>\n<link rel=\"canonical\" href=\"https:\/\/www.sonoraenequipo.com.mx\/alejandra-valencia-a-punto-de-iniciar-temporada-2026\/\" \/>\n<meta property=\"og:locale\" content=\"es_ES\" \/>\n<meta property=\"og:type\" content=\"article\" \/>\n<meta property=\"og:title\" content=\"Sonora en Equipo. Alejandra Valencia a punto de iniciar temporada 2026 Deportes\" \/>\n<meta property=\"og:description\" content=\"HERMOSILLO, SONORA, MX. \u2014La arquera ol\u00edmpica sonorense Alejandra Valencia iniciar\u00e1 muy pronto su temporada del 2026, la cual incluir\u00e1 eventos importantes, En Sonora en Equipo publicamos toda la informaci\u00f3n de Sonora, M\u00e9xico y el Mundo de manera oportuna y busca que la libertad de expresi\u00f3n sea real. Visita nuestro medio informativo publicado desde Hermosillo, Sonora. %\" \/>\n<meta property=\"og:url\" content=\"https:\/\/www.sonoraenequipo.com.mx\/alejandra-valencia-a-punto-de-iniciar-temporada-2026\/\" \/>\n<meta property=\"og:site_name\" content=\"Sonora en Equipo.\" \/>\n<meta property=\"article:publisher\" content=\"https:\/\/www.facebook.com\/SonoraEE\/\" \/>\n<meta property=\"article:author\" content=\"https:\/\/www.facebook.com\/SonoraEE\" \/>\n<meta property=\"article:published_time\" content=\"2026-01-17T22:35:15+00:00\" \/>\n<meta property=\"article:modified_time\" content=\"2026-01-17T22:35:42+00:00\" \/>\n<meta property=\"og:image\" content=\"https:\/\/www.sonoraenequipo.com.mx\/storage\/2026\/01\/alejandra-valencia.jpg\" \/>\n\t<meta property=\"og:image:width\" content=\"600\" \/>\n\t<meta property=\"og:image:height\" content=\"400\" \/>\n\t<meta property=\"og:image:type\" content=\"image\/jpeg\" \/>\n<meta name=\"author\" content=\"enequipo\" \/>\n<meta name=\"twitter:card\" content=\"summary_large_image\" \/>\n<meta name=\"twitter:creator\" content=\"@sonoraenequipo\" \/>\n<meta name=\"twitter:site\" content=\"@sonoraenequipo\" \/>\n<meta name=\"twitter:label1\" content=\"Escrito por\" \/>\n\t<meta name=\"twitter:data1\" content=\"enequipo\" \/>\n\t<meta name=\"twitter:label2\" content=\"Tiempo de lectura\" \/>\n\t<meta name=\"twitter:data2\" content=\"2 minutos\" \/>\n<script type=\"application\/ld+json\" class=\"yoast-schema-graph\">{\"@context\":\"https:\/\/schema.org\",\"@graph\":[{\"@type\":\"Article\",\"@id\":\"https:\/\/www.sonoraenequipo.com.mx\/alejandra-valencia-a-punto-de-iniciar-temporada-2026\/#article\",\"isPartOf\":{\"@id\":\"https:\/\/www.sonoraenequipo.com.mx\/alejandra-valencia-a-punto-de-iniciar-temporada-2026\/\"},\"author\":{\"name\":\"enequipo\",\"@id\":\"https:\/\/www.sonoraenequipo.com.mx\/#\/schema\/person\/50102df0fb23a8fa9e8effad8fa81386\"},\"headline\":\"Alejandra Valencia a punto de iniciar temporada 2026\",\"datePublished\":\"2026-01-17T22:35:15+00:00\",\"dateModified\":\"2026-01-17T22:35:42+00:00\",\"mainEntityOfPage\":{\"@id\":\"https:\/\/www.sonoraenequipo.com.mx\/alejandra-valencia-a-punto-de-iniciar-temporada-2026\/\"},\"wordCount\":331,\"commentCount\":0,\"publisher\":{\"@id\":\"https:\/\/www.sonoraenequipo.com.mx\/#organization\"},\"image\":{\"@id\":\"https:\/\/www.sonoraenequipo.com.mx\/alejandra-valencia-a-punto-de-iniciar-temporada-2026\/#primaryimage\"},\"thumbnailUrl\":\"https:\/\/www.sonoraenequipo.com.mx\/storage\/2026\/01\/alejandra-valencia.jpg\",\"keywords\":[\"alejandra valencia\"],\"articleSection\":[\"Deportes\"],\"inLanguage\":\"es\",\"potentialAction\":[{\"@type\":\"CommentAction\",\"name\":\"Comment\",\"target\":[\"https:\/\/www.sonoraenequipo.com.mx\/alejandra-valencia-a-punto-de-iniciar-temporada-2026\/#respond\"]}]},{\"@type\":\"WebPage\",\"@id\":\"https:\/\/www.sonoraenequipo.com.mx\/alejandra-valencia-a-punto-de-iniciar-temporada-2026\/\",\"url\":\"https:\/\/www.sonoraenequipo.com.mx\/alejandra-valencia-a-punto-de-iniciar-temporada-2026\/\",\"name\":\"Sonora en Equipo. Alejandra Valencia a punto de iniciar temporada 2026 Deportes\",\"isPartOf\":{\"@id\":\"https:\/\/www.sonoraenequipo.com.mx\/#website\"},\"primaryImageOfPage\":{\"@id\":\"https:\/\/www.sonoraenequipo.com.mx\/alejandra-valencia-a-punto-de-iniciar-temporada-2026\/#primaryimage\"},\"image\":{\"@id\":\"https:\/\/www.sonoraenequipo.com.mx\/alejandra-valencia-a-punto-de-iniciar-temporada-2026\/#primaryimage\"},\"thumbnailUrl\":\"https:\/\/www.sonoraenequipo.com.mx\/storage\/2026\/01\/alejandra-valencia.jpg\",\"datePublished\":\"2026-01-17T22:35:15+00:00\",\"dateModified\":\"2026-01-17T22:35:42+00:00\",\"description\":\"HERMOSILLO, SONORA, MX. \u2014La arquera ol\u00edmpica sonorense Alejandra Valencia iniciar\u00e1 muy pronto su temporada del 2026, la cual incluir\u00e1 eventos importantes, En Sonora en Equipo publicamos toda la informaci\u00f3n de Sonora, M\u00e9xico y el Mundo de manera oportuna y busca que la libertad de expresi\u00f3n sea real. Visita nuestro medio informativo publicado desde Hermosillo, Sonora. %\",\"breadcrumb\":{\"@id\":\"https:\/\/www.sonoraenequipo.com.mx\/alejandra-valencia-a-punto-de-iniciar-temporada-2026\/#breadcrumb\"},\"inLanguage\":\"es\",\"potentialAction\":[{\"@type\":\"ReadAction\",\"target\":[\"https:\/\/www.sonoraenequipo.com.mx\/alejandra-valencia-a-punto-de-iniciar-temporada-2026\/\"]}]},{\"@type\":\"ImageObject\",\"inLanguage\":\"es\",\"@id\":\"https:\/\/www.sonoraenequipo.com.mx\/alejandra-valencia-a-punto-de-iniciar-temporada-2026\/#primaryimage\",\"url\":\"https:\/\/www.sonoraenequipo.com.mx\/storage\/2026\/01\/alejandra-valencia.jpg\",\"contentUrl\":\"https:\/\/www.sonoraenequipo.com.mx\/storage\/2026\/01\/alejandra-valencia.jpg\",\"width\":600,\"height\":400},{\"@type\":\"BreadcrumbList\",\"@id\":\"https:\/\/www.sonoraenequipo.com.mx\/alejandra-valencia-a-punto-de-iniciar-temporada-2026\/#breadcrumb\",\"itemListElement\":[{\"@type\":\"ListItem\",\"position\":1,\"name\":\"Portada\",\"item\":\"https:\/\/www.sonoraenequipo.com.mx\/\"},{\"@type\":\"ListItem\",\"position\":2,\"name\":\"Alejandra Valencia a punto de iniciar temporada 2026\"}]},{\"@type\":\"WebSite\",\"@id\":\"https:\/\/www.sonoraenequipo.com.mx\/#website\",\"url\":\"https:\/\/www.sonoraenequipo.com.mx\/\",\"name\":\"Sonora en Equipo.\",\"description\":\"Diario en l\u00ednea con Noticias desde Hermosillo, Sonora\",\"publisher\":{\"@id\":\"https:\/\/www.sonoraenequipo.com.mx\/#organization\"},\"potentialAction\":[{\"@type\":\"SearchAction\",\"target\":{\"@type\":\"EntryPoint\",\"urlTemplate\":\"https:\/\/www.sonoraenequipo.com.mx\/?s={search_term_string}\"},\"query-input\":{\"@type\":\"PropertyValueSpecification\",\"valueRequired\":true,\"valueName\":\"search_term_string\"}}],\"inLanguage\":\"es\"},{\"@type\":\"Organization\",\"@id\":\"https:\/\/www.sonoraenequipo.com.mx\/#organization\",\"name\":\"Sonoraenequipo.com.mx\",\"url\":\"https:\/\/www.sonoraenequipo.com.mx\/\",\"logo\":{\"@type\":\"ImageObject\",\"inLanguage\":\"es\",\"@id\":\"https:\/\/www.sonoraenequipo.com.mx\/#\/schema\/logo\/image\/\",\"url\":\"https:\/\/www.sonoraenequipo.com.mx\/storage\/2019\/01\/sonoraenequipo_opt.png\",\"contentUrl\":\"https:\/\/www.sonoraenequipo.com.mx\/storage\/2019\/01\/sonoraenequipo_opt.png\",\"width\":375,\"height\":125,\"caption\":\"Sonoraenequipo.com.mx\"},\"image\":{\"@id\":\"https:\/\/www.sonoraenequipo.com.mx\/#\/schema\/logo\/image\/\"},\"sameAs\":[\"https:\/\/www.facebook.com\/SonoraEE\/\",\"https:\/\/x.com\/sonoraenequipo\",\"https:\/\/www.youtube.com\/channel\/UC338nW-lPEYmJQs4ZABQ1SQ\"]},{\"@type\":\"Person\",\"@id\":\"https:\/\/www.sonoraenequipo.com.mx\/#\/schema\/person\/50102df0fb23a8fa9e8effad8fa81386\",\"name\":\"enequipo\",\"image\":{\"@type\":\"ImageObject\",\"inLanguage\":\"es\",\"@id\":\"https:\/\/www.sonoraenequipo.com.mx\/#\/schema\/person\/image\/\",\"url\":\"https:\/\/secure.gravatar.com\/avatar\/049821681b589dabc0bc20695993ccebb09f5b5d4d790cd9251b97faac7c652b?s=96&d=blank&r=g\",\"contentUrl\":\"https:\/\/secure.gravatar.com\/avatar\/049821681b589dabc0bc20695993ccebb09f5b5d4d790cd9251b97faac7c652b?s=96&d=blank&r=g\",\"caption\":\"enequipo\"},\"sameAs\":[\"https:\/\/www.facebook.com\/SonoraEE\"]}]}<\/script>\n ","yoast_head_json":{"title":"Sonora en Equipo. Alejandra Valencia a punto de iniciar temporada 2026 Deportes","description":"HERMOSILLO, SONORA, MX. \u2014La arquera ol\u00edmpica sonorense Alejandra Valencia iniciar\u00e1 muy pronto su temporada del 2026, la cual incluir\u00e1 eventos importantes, En Sonora en Equipo publicamos toda la informaci\u00f3n de Sonora, M\u00e9xico y el Mundo de manera oportuna y busca que la libertad de expresi\u00f3n sea real. Visita nuestro medio informativo publicado desde Hermosillo, Sonora. %","robots":{"index":"index","follow":"follow","max-snippet":"max-snippet:-1","max-image-preview":"max-image-preview:large","max-video-preview":"max-video-preview:-1"},"canonical":"https:\/\/www.sonoraenequipo.com.mx\/alejandra-valencia-a-punto-de-iniciar-temporada-2026\/","og_locale":"es_ES","og_type":"article","og_title":"Sonora en Equipo. Alejandra Valencia a punto de iniciar temporada 2026 Deportes","og_description":"HERMOSILLO, SONORA, MX. \u2014La arquera ol\u00edmpica sonorense Alejandra Valencia iniciar\u00e1 muy pronto su temporada del 2026, la cual incluir\u00e1 eventos importantes, En Sonora en Equipo publicamos toda la informaci\u00f3n de Sonora, M\u00e9xico y el Mundo de manera oportuna y busca que la libertad de expresi\u00f3n sea real. Visita nuestro medio informativo publicado desde Hermosillo, Sonora. %","og_url":"https:\/\/www.sonoraenequipo.com.mx\/alejandra-valencia-a-punto-de-iniciar-temporada-2026\/","og_site_name":"Sonora en Equipo.","article_publisher":"https:\/\/www.facebook.com\/SonoraEE\/","article_author":"https:\/\/www.facebook.com\/SonoraEE","article_published_time":"2026-01-17T22:35:15+00:00","article_modified_time":"2026-01-17T22:35:42+00:00","og_image":[{"width":600,"height":400,"url":"https:\/\/www.sonoraenequipo.com.mx\/storage\/2026\/01\/alejandra-valencia.jpg","type":"image\/jpeg"}],"author":"enequipo","twitter_card":"summary_large_image","twitter_creator":"@sonoraenequipo","twitter_site":"@sonoraenequipo","twitter_misc":{"Escrito por":"enequipo","Tiempo de lectura":"2 minutos"},"schema":{"@context":"https:\/\/schema.org","@graph":[{"@type":"Article","@id":"https:\/\/www.sonoraenequipo.com.mx\/alejandra-valencia-a-punto-de-iniciar-temporada-2026\/#article","isPartOf":{"@id":"https:\/\/www.sonoraenequipo.com.mx\/alejandra-valencia-a-punto-de-iniciar-temporada-2026\/"},"author":{"name":"enequipo","@id":"https:\/\/www.sonoraenequipo.com.mx\/#\/schema\/person\/50102df0fb23a8fa9e8effad8fa81386"},"headline":"Alejandra Valencia a punto de iniciar temporada 2026","datePublished":"2026-01-17T22:35:15+00:00","dateModified":"2026-01-17T22:35:42+00:00","mainEntityOfPage":{"@id":"https:\/\/www.sonoraenequipo.com.mx\/alejandra-valencia-a-punto-de-iniciar-temporada-2026\/"},"wordCount":331,"commentCount":0,"publisher":{"@id":"https:\/\/www.sonoraenequipo.com.mx\/#organization"},"image":{"@id":"https:\/\/www.sonoraenequipo.com.mx\/alejandra-valencia-a-punto-de-iniciar-temporada-2026\/#primaryimage"},"thumbnailUrl":"https:\/\/www.sonoraenequipo.com.mx\/storage\/2026\/01\/alejandra-valencia.jpg","keywords":["alejandra valencia"],"articleSection":["Deportes"],"inLanguage":"es","potentialAction":[{"@type":"CommentAction","name":"Comment","target":["https:\/\/www.sonoraenequipo.com.mx\/alejandra-valencia-a-punto-de-iniciar-temporada-2026\/#respond"]}]},{"@type":"WebPage","@id":"https:\/\/www.sonoraenequipo.com.mx\/alejandra-valencia-a-punto-de-iniciar-temporada-2026\/","url":"https:\/\/www.sonoraenequipo.com.mx\/alejandra-valencia-a-punto-de-iniciar-temporada-2026\/","name":"Sonora en Equipo. Alejandra Valencia a punto de iniciar temporada 2026 Deportes","isPartOf":{"@id":"https:\/\/www.sonoraenequipo.com.mx\/#website"},"primaryImageOfPage":{"@id":"https:\/\/www.sonoraenequipo.com.mx\/alejandra-valencia-a-punto-de-iniciar-temporada-2026\/#primaryimage"},"image":{"@id":"https:\/\/www.sonoraenequipo.com.mx\/alejandra-valencia-a-punto-de-iniciar-temporada-2026\/#primaryimage"},"thumbnailUrl":"https:\/\/www.sonoraenequipo.com.mx\/storage\/2026\/01\/alejandra-valencia.jpg","datePublished":"2026-01-17T22:35:15+00:00","dateModified":"2026-01-17T22:35:42+00:00","description":"HERMOSILLO, SONORA, MX. \u2014La arquera ol\u00edmpica sonorense Alejandra Valencia iniciar\u00e1 muy pronto su temporada del 2026, la cual incluir\u00e1 eventos importantes, En Sonora en Equipo publicamos toda la informaci\u00f3n de Sonora, M\u00e9xico y el Mundo de manera oportuna y busca que la libertad de expresi\u00f3n sea real. Visita nuestro medio informativo publicado desde Hermosillo, Sonora. %","breadcrumb":{"@id":"https:\/\/www.sonoraenequipo.com.mx\/alejandra-valencia-a-punto-de-iniciar-temporada-2026\/#breadcrumb"},"inLanguage":"es","potentialAction":[{"@type":"ReadAction","target":["https:\/\/www.sonoraenequipo.com.mx\/alejandra-valencia-a-punto-de-iniciar-temporada-2026\/"]}]},{"@type":"ImageObject","inLanguage":"es","@id":"https:\/\/www.sonoraenequipo.com.mx\/alejandra-valencia-a-punto-de-iniciar-temporada-2026\/#primaryimage","url":"https:\/\/www.sonoraenequipo.com.mx\/storage\/2026\/01\/alejandra-valencia.jpg","contentUrl":"https:\/\/www.sonoraenequipo.com.mx\/storage\/2026\/01\/alejandra-valencia.jpg","width":600,"height":400},{"@type":"BreadcrumbList","@id":"https:\/\/www.sonoraenequipo.com.mx\/alejandra-valencia-a-punto-de-iniciar-temporada-2026\/#breadcrumb","itemListElement":[{"@type":"ListItem","position":1,"name":"Portada","item":"https:\/\/www.sonoraenequipo.com.mx\/"},{"@type":"ListItem","position":2,"name":"Alejandra Valencia a punto de iniciar temporada 2026"}]},{"@type":"WebSite","@id":"https:\/\/www.sonoraenequipo.com.mx\/#website","url":"https:\/\/www.sonoraenequipo.com.mx\/","name":"Sonora en Equipo.","description":"Diario en l\u00ednea con Noticias desde Hermosillo, Sonora","publisher":{"@id":"https:\/\/www.sonoraenequipo.com.mx\/#organization"},"potentialAction":[{"@type":"SearchAction","target":{"@type":"EntryPoint","urlTemplate":"https:\/\/www.sonoraenequipo.com.mx\/?s={search_term_string}"},"query-input":{"@type":"PropertyValueSpecification","valueRequired":true,"valueName":"search_term_string"}}],"inLanguage":"es"},{"@type":"Organization","@id":"https:\/\/www.sonoraenequipo.com.mx\/#organization","name":"Sonoraenequipo.com.mx","url":"https:\/\/www.sonoraenequipo.com.mx\/","logo":{"@type":"ImageObject","inLanguage":"es","@id":"https:\/\/www.sonoraenequipo.com.mx\/#\/schema\/logo\/image\/","url":"https:\/\/www.sonoraenequipo.com.mx\/storage\/2019\/01\/sonoraenequipo_opt.png","contentUrl":"https:\/\/www.sonoraenequipo.com.mx\/storage\/2019\/01\/sonoraenequipo_opt.png","width":375,"height":125,"caption":"Sonoraenequipo.com.mx"},"image":{"@id":"https:\/\/www.sonoraenequipo.com.mx\/#\/schema\/logo\/image\/"},"sameAs":["https:\/\/www.facebook.com\/SonoraEE\/","https:\/\/x.com\/sonoraenequipo","https:\/\/www.youtube.com\/channel\/UC338nW-lPEYmJQs4ZABQ1SQ"]},{"@type":"Person","@id":"https:\/\/www.sonoraenequipo.com.mx\/#\/schema\/person\/50102df0fb23a8fa9e8effad8fa81386","name":"enequipo","image":{"@type":"ImageObject","inLanguage":"es","@id":"https:\/\/www.sonoraenequipo.com.mx\/#\/schema\/person\/image\/","url":"https:\/\/secure.gravatar.com\/avatar\/049821681b589dabc0bc20695993ccebb09f5b5d4d790cd9251b97faac7c652b?s=96&d=blank&r=g","contentUrl":"https:\/\/secure.gravatar.com\/avatar\/049821681b589dabc0bc20695993ccebb09f5b5d4d790cd9251b97faac7c652b?s=96&d=blank&r=g","caption":"enequipo"},"sameAs":["https:\/\/www.facebook.com\/SonoraEE"]}]}},"jetpack_featured_media_url":"https:\/\/www.sonoraenequipo.com.mx\/storage\/2026\/01\/alejandra-valencia.jpg","_links":{"self":[{"href":"https:\/\/www.sonoraenequipo.com.mx\/api\/wp\/v2\/posts\/233236","targetHints":{"allow":["GET"]}}],"collection":[{"href":"https:\/\/www.sonoraenequipo.com.mx\/api\/wp\/v2\/posts"}],"about":[{"href":"https:\/\/www.sonoraenequipo.com.mx\/api\/wp\/v2\/types\/post"}],"author":[{"embeddable":true,"href":"https:\/\/www.sonoraenequipo.com.mx\/api\/wp\/v2\/users\/1"}],"replies":[{"embeddable":true,"href":"https:\/\/www.sonoraenequipo.com.mx\/api\/wp\/v2\/comments?post=233236"}],"version-history":[{"count":1,"href":"https:\/\/www.sonoraenequipo.com.mx\/api\/wp\/v2\/posts\/233236\/revisions"}],"predecessor-version":[{"id":233238,"href":"https:\/\/www.sonoraenequipo.com.mx\/api\/wp\/v2\/posts\/233236\/revisions\/233238"}],"wp:featuredmedia":[{"embeddable":true,"href":"https:\/\/www.sonoraenequipo.com.mx\/api\/wp\/v2\/media\/233237"}],"wp:attachment":[{"href":"https:\/\/www.sonoraenequipo.com.mx\/api\/wp\/v2\/media?parent=233236"}],"wp:term":[{"taxonomy":"category","embeddable":true,"href":"https:\/\/www.sonoraenequipo.com.mx\/api\/wp\/v2\/categories?post=233236"},{"taxonomy":"post_tag","embeddable":true,"href":"https:\/\/www.sonoraenequipo.com.mx\/api\/wp\/v2\/tags?post=233236"}],"curies":[{"name":"wp","href":"https:\/\/api.w.org\/{rel}","templated":true}]}}