{"id":233363,"date":"2026-01-18T16:20:07","date_gmt":"2026-01-18T23:20:07","guid":{"rendered":"https:\/\/www.sonoraenequipo.com.mx\/?p=233363"},"modified":"2026-01-19T13:31:41","modified_gmt":"2026-01-19T20:31:41","slug":"descarta-sheinbaum-sobrevuelos-militares-de-eu-sobre-mexico","status":"publish","type":"post","link":"https:\/\/www.sonoraenequipo.com.mx\/descarta-sheinbaum-sobrevuelos-militares-de-eu-sobre-mexico\/","title":{"rendered":"Descarta Sheinbaum sobrevuelos militares de EU sobre M\u00e9xico"},"content":{"rendered":"<p><strong>LA CRUZ DEL PALMAR, GUANAJUATO. MX. \u2014<\/strong> La presidenta Claudia Sheinbaum Pardo descart\u00f3 este domingo que el gobierno federal tenga registro de sobrevuelos militares estadunidenses en espacio a\u00e9reo mexicano, pese a la alerta que emiti\u00f3 el pasado viernes la Administraci\u00f3n Federal de Aviaci\u00f3n de Estados Unidos (FAA, por sus siglas en ingl\u00e9s) sobre eventuales <em><strong>\u201coperaciones militares\u201d<\/strong> <\/em>en el Pac\u00edfico mexicano.<\/p>\n<p>&nbsp;<\/p>\n<p>&nbsp;<\/p>\n<p> <\/p>\n<p>La advertencia de la FAA fue dirigida a las aerol\u00edneas que operan vuelos sobre M\u00e9xico, Centroam\u00e9rica y partes de Sudam\u00e9rica, pues se\u00f1al\u00f3 que dichas operaciones militares pudieran causar interferencias en sistemas GPS.<\/p>\n<p>&nbsp;<\/p>\n<p>&nbsp;<\/p>\n<p><strong><em>\u201cNada, no hay nada&#8230;.En territorio nacional no. \u201d,<\/em> <\/strong>dijo al ser cuestionada por la prensa durante su llegada al Pueblo La Cruz del Palmar, en San Miguel de Allende, Guanajuato.<\/p>\n<p>&nbsp;<\/p>\n<p>&nbsp;<\/p>\n<p>La mandataria mexicana visit\u00f3 dicha comunidad, a 12 kil\u00f3metros del centro de San Miguel de Allende, para encabezar el acto del \u201cPlan de Justicia de los Puebl os Chichimeca y Otom\u00ed del Noreste de Guanajuato y del Semidesierto de Quer\u00e9taro\u201d.<\/p>\n<p>&nbsp;<\/p>\n<p>&nbsp;<\/p>\n<p>PUBLICADO EL 18 ENERO DE 2026 Con informaci\u00f3n de Iv\u00e1n Evair Salda\u00f1a,<\/p>\n","protected":false},"excerpt":{"rendered":"<p>LA CRUZ DEL PALMAR, GUANAJUATO. MX. \u2014 La presidenta Claudia Sheinbaum Pardo descart\u00f3 este domingo&#8230;<\/p>\n","protected":false},"author":1,"featured_media":233364,"comment_status":"open","ping_status":"open","sticky":false,"template":"","format":"standard","meta":{"_monsterinsights_skip_tracking":false,"_monsterinsights_sitenote_active":false,"_monsterinsights_sitenote_note":"","_monsterinsights_sitenote_category":0,"footnotes":""},"categories":[5],"tags":[],"class_list":["post"],"yoast_head":" \n<title>Sonora en Equipo. Descarta Sheinbaum sobrevuelos militares de EU sobre M\u00e9xico Rep\u00fablica<\/title>\n<meta name=\"description\" content=\"LA CRUZ DEL PALMAR, GUANAJUATO. MX. \u2014 La presidenta Claudia Sheinbaum Pardo descart\u00f3 este domingo que el gobierno federal tenga registro de sobrevuelos En Sonora en Equipo publicamos toda la informaci\u00f3n de Sonora, M\u00e9xico y el Mundo de manera oportuna y busca que la libertad de expresi\u00f3n sea real. Visita nuestro medio informativo publicado desde Hermosillo, Sonora. %\" \/>\n<meta name=\"robots\" content=\"index, follow, max-snippet:-1, max-image-preview:large, max-video-preview:-1\" \/>\n<link rel=\"canonical\" href=\"https:\/\/www.sonoraenequipo.com.mx\/descarta-sheinbaum-sobrevuelos-militares-de-eu-sobre-mexico\/\" \/>\n<meta property=\"og:locale\" content=\"es_ES\" \/>\n<meta property=\"og:type\" content=\"article\" \/>\n<meta property=\"og:title\" content=\"Sonora en Equipo. Descarta Sheinbaum sobrevuelos militares de EU sobre M\u00e9xico Rep\u00fablica\" \/>\n<meta property=\"og:description\" content=\"LA CRUZ DEL PALMAR, GUANAJUATO. MX. \u2014 La presidenta Claudia Sheinbaum Pardo descart\u00f3 este domingo que el gobierno federal tenga registro de sobrevuelos En Sonora en Equipo publicamos toda la informaci\u00f3n de Sonora, M\u00e9xico y el Mundo de manera oportuna y busca que la libertad de expresi\u00f3n sea real. Visita nuestro medio informativo publicado desde Hermosillo, Sonora. %\" \/>\n<meta property=\"og:url\" content=\"https:\/\/www.sonoraenequipo.com.mx\/descarta-sheinbaum-sobrevuelos-militares-de-eu-sobre-mexico\/\" \/>\n<meta property=\"og:site_name\" content=\"Sonora en Equipo.\" \/>\n<meta property=\"article:publisher\" content=\"https:\/\/www.facebook.com\/SonoraEE\/\" \/>\n<meta property=\"article:author\" content=\"https:\/\/www.facebook.com\/SonoraEE\" \/>\n<meta property=\"article:published_time\" content=\"2026-01-18T23:20:07+00:00\" \/>\n<meta property=\"article:modified_time\" content=\"2026-01-19T20:31:41+00:00\" \/>\n<meta property=\"og:image\" content=\"https:\/\/www.sonoraenequipo.com.mx\/storage\/2026\/01\/claudia-Sheinbaum.1801.2025.jpeg\" \/>\n\t<meta property=\"og:image:width\" content=\"580\" \/>\n\t<meta property=\"og:image:height\" content=\"387\" \/>\n\t<meta property=\"og:image:type\" content=\"image\/jpeg\" \/>\n<meta name=\"author\" content=\"enequipo\" \/>\n<meta name=\"twitter:card\" content=\"summary_large_image\" \/>\n<meta name=\"twitter:creator\" content=\"@sonoraenequipo\" \/>\n<meta name=\"twitter:site\" content=\"@sonoraenequipo\" \/>\n<meta name=\"twitter:label1\" content=\"Escrito por\" \/>\n\t<meta name=\"twitter:data1\" content=\"enequipo\" \/>\n\t<meta name=\"twitter:label2\" content=\"Tiempo de lectura\" \/>\n\t<meta name=\"twitter:data2\" content=\"1 minuto\" \/>\n<script type=\"application\/ld+json\" class=\"yoast-schema-graph\">{\"@context\":\"https:\/\/schema.org\",\"@graph\":[{\"@type\":\"Article\",\"@id\":\"https:\/\/www.sonoraenequipo.com.mx\/descarta-sheinbaum-sobrevuelos-militares-de-eu-sobre-mexico\/#article\",\"isPartOf\":{\"@id\":\"https:\/\/www.sonoraenequipo.com.mx\/descarta-sheinbaum-sobrevuelos-militares-de-eu-sobre-mexico\/\"},\"author\":{\"name\":\"enequipo\",\"@id\":\"https:\/\/www.sonoraenequipo.com.mx\/#\/schema\/person\/50102df0fb23a8fa9e8effad8fa81386\"},\"headline\":\"Descarta Sheinbaum sobrevuelos militares de EU sobre M\u00e9xico\",\"datePublished\":\"2026-01-18T23:20:07+00:00\",\"dateModified\":\"2026-01-19T20:31:41+00:00\",\"mainEntityOfPage\":{\"@id\":\"https:\/\/www.sonoraenequipo.com.mx\/descarta-sheinbaum-sobrevuelos-militares-de-eu-sobre-mexico\/\"},\"wordCount\":202,\"commentCount\":0,\"publisher\":{\"@id\":\"https:\/\/www.sonoraenequipo.com.mx\/#organization\"},\"image\":{\"@id\":\"https:\/\/www.sonoraenequipo.com.mx\/descarta-sheinbaum-sobrevuelos-militares-de-eu-sobre-mexico\/#primaryimage\"},\"thumbnailUrl\":\"https:\/\/www.sonoraenequipo.com.mx\/storage\/2026\/01\/claudia-Sheinbaum.1801.2025.jpeg\",\"articleSection\":[\"Rep\u00fablica\"],\"inLanguage\":\"es\",\"potentialAction\":[{\"@type\":\"CommentAction\",\"name\":\"Comment\",\"target\":[\"https:\/\/www.sonoraenequipo.com.mx\/descarta-sheinbaum-sobrevuelos-militares-de-eu-sobre-mexico\/#respond\"]}]},{\"@type\":\"WebPage\",\"@id\":\"https:\/\/www.sonoraenequipo.com.mx\/descarta-sheinbaum-sobrevuelos-militares-de-eu-sobre-mexico\/\",\"url\":\"https:\/\/www.sonoraenequipo.com.mx\/descarta-sheinbaum-sobrevuelos-militares-de-eu-sobre-mexico\/\",\"name\":\"Sonora en Equipo. Descarta Sheinbaum sobrevuelos militares de EU sobre M\u00e9xico Rep\u00fablica\",\"isPartOf\":{\"@id\":\"https:\/\/www.sonoraenequipo.com.mx\/#website\"},\"primaryImageOfPage\":{\"@id\":\"https:\/\/www.sonoraenequipo.com.mx\/descarta-sheinbaum-sobrevuelos-militares-de-eu-sobre-mexico\/#primaryimage\"},\"image\":{\"@id\":\"https:\/\/www.sonoraenequipo.com.mx\/descarta-sheinbaum-sobrevuelos-militares-de-eu-sobre-mexico\/#primaryimage\"},\"thumbnailUrl\":\"https:\/\/www.sonoraenequipo.com.mx\/storage\/2026\/01\/claudia-Sheinbaum.1801.2025.jpeg\",\"datePublished\":\"2026-01-18T23:20:07+00:00\",\"dateModified\":\"2026-01-19T20:31:41+00:00\",\"description\":\"LA CRUZ DEL PALMAR, GUANAJUATO. MX. \u2014 La presidenta Claudia Sheinbaum Pardo descart\u00f3 este domingo que el gobierno federal tenga registro de sobrevuelos En Sonora en Equipo publicamos toda la informaci\u00f3n de Sonora, M\u00e9xico y el Mundo de manera oportuna y busca que la libertad de expresi\u00f3n sea real. Visita nuestro medio informativo publicado desde Hermosillo, Sonora. %\",\"breadcrumb\":{\"@id\":\"https:\/\/www.sonoraenequipo.com.mx\/descarta-sheinbaum-sobrevuelos-militares-de-eu-sobre-mexico\/#breadcrumb\"},\"inLanguage\":\"es\",\"potentialAction\":[{\"@type\":\"ReadAction\",\"target\":[\"https:\/\/www.sonoraenequipo.com.mx\/descarta-sheinbaum-sobrevuelos-militares-de-eu-sobre-mexico\/\"]}]},{\"@type\":\"ImageObject\",\"inLanguage\":\"es\",\"@id\":\"https:\/\/www.sonoraenequipo.com.mx\/descarta-sheinbaum-sobrevuelos-militares-de-eu-sobre-mexico\/#primaryimage\",\"url\":\"https:\/\/www.sonoraenequipo.com.mx\/storage\/2026\/01\/claudia-Sheinbaum.1801.2025.jpeg\",\"contentUrl\":\"https:\/\/www.sonoraenequipo.com.mx\/storage\/2026\/01\/claudia-Sheinbaum.1801.2025.jpeg\",\"width\":580,\"height\":387},{\"@type\":\"BreadcrumbList\",\"@id\":\"https:\/\/www.sonoraenequipo.com.mx\/descarta-sheinbaum-sobrevuelos-militares-de-eu-sobre-mexico\/#breadcrumb\",\"itemListElement\":[{\"@type\":\"ListItem\",\"position\":1,\"name\":\"Portada\",\"item\":\"https:\/\/www.sonoraenequipo.com.mx\/\"},{\"@type\":\"ListItem\",\"position\":2,\"name\":\"Descarta Sheinbaum sobrevuelos militares de EU sobre M\u00e9xico\"}]},{\"@type\":\"WebSite\",\"@id\":\"https:\/\/www.sonoraenequipo.com.mx\/#website\",\"url\":\"https:\/\/www.sonoraenequipo.com.mx\/\",\"name\":\"Sonora en Equipo.\",\"description\":\"Diario en l\u00ednea con Noticias desde Hermosillo, Sonora\",\"publisher\":{\"@id\":\"https:\/\/www.sonoraenequipo.com.mx\/#organization\"},\"potentialAction\":[{\"@type\":\"SearchAction\",\"target\":{\"@type\":\"EntryPoint\",\"urlTemplate\":\"https:\/\/www.sonoraenequipo.com.mx\/?s={search_term_string}\"},\"query-input\":{\"@type\":\"PropertyValueSpecification\",\"valueRequired\":true,\"valueName\":\"search_term_string\"}}],\"inLanguage\":\"es\"},{\"@type\":\"Organization\",\"@id\":\"https:\/\/www.sonoraenequipo.com.mx\/#organization\",\"name\":\"Sonoraenequipo.com.mx\",\"url\":\"https:\/\/www.sonoraenequipo.com.mx\/\",\"logo\":{\"@type\":\"ImageObject\",\"inLanguage\":\"es\",\"@id\":\"https:\/\/www.sonoraenequipo.com.mx\/#\/schema\/logo\/image\/\",\"url\":\"https:\/\/www.sonoraenequipo.com.mx\/storage\/2019\/01\/sonoraenequipo_opt.png\",\"contentUrl\":\"https:\/\/www.sonoraenequipo.com.mx\/storage\/2019\/01\/sonoraenequipo_opt.png\",\"width\":375,\"height\":125,\"caption\":\"Sonoraenequipo.com.mx\"},\"image\":{\"@id\":\"https:\/\/www.sonoraenequipo.com.mx\/#\/schema\/logo\/image\/\"},\"sameAs\":[\"https:\/\/www.facebook.com\/SonoraEE\/\",\"https:\/\/x.com\/sonoraenequipo\",\"https:\/\/www.youtube.com\/channel\/UC338nW-lPEYmJQs4ZABQ1SQ\"]},{\"@type\":\"Person\",\"@id\":\"https:\/\/www.sonoraenequipo.com.mx\/#\/schema\/person\/50102df0fb23a8fa9e8effad8fa81386\",\"name\":\"enequipo\",\"image\":{\"@type\":\"ImageObject\",\"inLanguage\":\"es\",\"@id\":\"https:\/\/www.sonoraenequipo.com.mx\/#\/schema\/person\/image\/\",\"url\":\"https:\/\/secure.gravatar.com\/avatar\/049821681b589dabc0bc20695993ccebb09f5b5d4d790cd9251b97faac7c652b?s=96&d=blank&r=g\",\"contentUrl\":\"https:\/\/secure.gravatar.com\/avatar\/049821681b589dabc0bc20695993ccebb09f5b5d4d790cd9251b97faac7c652b?s=96&d=blank&r=g\",\"caption\":\"enequipo\"},\"sameAs\":[\"https:\/\/www.facebook.com\/SonoraEE\"]}]}<\/script>\n ","yoast_head_json":{"title":"Sonora en Equipo. Descarta Sheinbaum sobrevuelos militares de EU sobre M\u00e9xico Rep\u00fablica","description":"LA CRUZ DEL PALMAR, GUANAJUATO. MX. \u2014 La presidenta Claudia Sheinbaum Pardo descart\u00f3 este domingo que el gobierno federal tenga registro de sobrevuelos En Sonora en Equipo publicamos toda la informaci\u00f3n de Sonora, M\u00e9xico y el Mundo de manera oportuna y busca que la libertad de expresi\u00f3n sea real. Visita nuestro medio informativo publicado desde Hermosillo, Sonora. %","robots":{"index":"index","follow":"follow","max-snippet":"max-snippet:-1","max-image-preview":"max-image-preview:large","max-video-preview":"max-video-preview:-1"},"canonical":"https:\/\/www.sonoraenequipo.com.mx\/descarta-sheinbaum-sobrevuelos-militares-de-eu-sobre-mexico\/","og_locale":"es_ES","og_type":"article","og_title":"Sonora en Equipo. Descarta Sheinbaum sobrevuelos militares de EU sobre M\u00e9xico Rep\u00fablica","og_description":"LA CRUZ DEL PALMAR, GUANAJUATO. MX. \u2014 La presidenta Claudia Sheinbaum Pardo descart\u00f3 este domingo que el gobierno federal tenga registro de sobrevuelos En Sonora en Equipo publicamos toda la informaci\u00f3n de Sonora, M\u00e9xico y el Mundo de manera oportuna y busca que la libertad de expresi\u00f3n sea real. Visita nuestro medio informativo publicado desde Hermosillo, Sonora. %","og_url":"https:\/\/www.sonoraenequipo.com.mx\/descarta-sheinbaum-sobrevuelos-militares-de-eu-sobre-mexico\/","og_site_name":"Sonora en Equipo.","article_publisher":"https:\/\/www.facebook.com\/SonoraEE\/","article_author":"https:\/\/www.facebook.com\/SonoraEE","article_published_time":"2026-01-18T23:20:07+00:00","article_modified_time":"2026-01-19T20:31:41+00:00","og_image":[{"width":580,"height":387,"url":"https:\/\/www.sonoraenequipo.com.mx\/storage\/2026\/01\/claudia-Sheinbaum.1801.2025.jpeg","type":"image\/jpeg"}],"author":"enequipo","twitter_card":"summary_large_image","twitter_creator":"@sonoraenequipo","twitter_site":"@sonoraenequipo","twitter_misc":{"Escrito por":"enequipo","Tiempo de lectura":"1 minuto"},"schema":{"@context":"https:\/\/schema.org","@graph":[{"@type":"Article","@id":"https:\/\/www.sonoraenequipo.com.mx\/descarta-sheinbaum-sobrevuelos-militares-de-eu-sobre-mexico\/#article","isPartOf":{"@id":"https:\/\/www.sonoraenequipo.com.mx\/descarta-sheinbaum-sobrevuelos-militares-de-eu-sobre-mexico\/"},"author":{"name":"enequipo","@id":"https:\/\/www.sonoraenequipo.com.mx\/#\/schema\/person\/50102df0fb23a8fa9e8effad8fa81386"},"headline":"Descarta Sheinbaum sobrevuelos militares de EU sobre M\u00e9xico","datePublished":"2026-01-18T23:20:07+00:00","dateModified":"2026-01-19T20:31:41+00:00","mainEntityOfPage":{"@id":"https:\/\/www.sonoraenequipo.com.mx\/descarta-sheinbaum-sobrevuelos-militares-de-eu-sobre-mexico\/"},"wordCount":202,"commentCount":0,"publisher":{"@id":"https:\/\/www.sonoraenequipo.com.mx\/#organization"},"image":{"@id":"https:\/\/www.sonoraenequipo.com.mx\/descarta-sheinbaum-sobrevuelos-militares-de-eu-sobre-mexico\/#primaryimage"},"thumbnailUrl":"https:\/\/www.sonoraenequipo.com.mx\/storage\/2026\/01\/claudia-Sheinbaum.1801.2025.jpeg","articleSection":["Rep\u00fablica"],"inLanguage":"es","potentialAction":[{"@type":"CommentAction","name":"Comment","target":["https:\/\/www.sonoraenequipo.com.mx\/descarta-sheinbaum-sobrevuelos-militares-de-eu-sobre-mexico\/#respond"]}]},{"@type":"WebPage","@id":"https:\/\/www.sonoraenequipo.com.mx\/descarta-sheinbaum-sobrevuelos-militares-de-eu-sobre-mexico\/","url":"https:\/\/www.sonoraenequipo.com.mx\/descarta-sheinbaum-sobrevuelos-militares-de-eu-sobre-mexico\/","name":"Sonora en Equipo. Descarta Sheinbaum sobrevuelos militares de EU sobre M\u00e9xico Rep\u00fablica","isPartOf":{"@id":"https:\/\/www.sonoraenequipo.com.mx\/#website"},"primaryImageOfPage":{"@id":"https:\/\/www.sonoraenequipo.com.mx\/descarta-sheinbaum-sobrevuelos-militares-de-eu-sobre-mexico\/#primaryimage"},"image":{"@id":"https:\/\/www.sonoraenequipo.com.mx\/descarta-sheinbaum-sobrevuelos-militares-de-eu-sobre-mexico\/#primaryimage"},"thumbnailUrl":"https:\/\/www.sonoraenequipo.com.mx\/storage\/2026\/01\/claudia-Sheinbaum.1801.2025.jpeg","datePublished":"2026-01-18T23:20:07+00:00","dateModified":"2026-01-19T20:31:41+00:00","description":"LA CRUZ DEL PALMAR, GUANAJUATO. MX. \u2014 La presidenta Claudia Sheinbaum Pardo descart\u00f3 este domingo que el gobierno federal tenga registro de sobrevuelos En Sonora en Equipo publicamos toda la informaci\u00f3n de Sonora, M\u00e9xico y el Mundo de manera oportuna y busca que la libertad de expresi\u00f3n sea real. Visita nuestro medio informativo publicado desde Hermosillo, Sonora. %","breadcrumb":{"@id":"https:\/\/www.sonoraenequipo.com.mx\/descarta-sheinbaum-sobrevuelos-militares-de-eu-sobre-mexico\/#breadcrumb"},"inLanguage":"es","potentialAction":[{"@type":"ReadAction","target":["https:\/\/www.sonoraenequipo.com.mx\/descarta-sheinbaum-sobrevuelos-militares-de-eu-sobre-mexico\/"]}]},{"@type":"ImageObject","inLanguage":"es","@id":"https:\/\/www.sonoraenequipo.com.mx\/descarta-sheinbaum-sobrevuelos-militares-de-eu-sobre-mexico\/#primaryimage","url":"https:\/\/www.sonoraenequipo.com.mx\/storage\/2026\/01\/claudia-Sheinbaum.1801.2025.jpeg","contentUrl":"https:\/\/www.sonoraenequipo.com.mx\/storage\/2026\/01\/claudia-Sheinbaum.1801.2025.jpeg","width":580,"height":387},{"@type":"BreadcrumbList","@id":"https:\/\/www.sonoraenequipo.com.mx\/descarta-sheinbaum-sobrevuelos-militares-de-eu-sobre-mexico\/#breadcrumb","itemListElement":[{"@type":"ListItem","position":1,"name":"Portada","item":"https:\/\/www.sonoraenequipo.com.mx\/"},{"@type":"ListItem","position":2,"name":"Descarta Sheinbaum sobrevuelos militares de EU sobre M\u00e9xico"}]},{"@type":"WebSite","@id":"https:\/\/www.sonoraenequipo.com.mx\/#website","url":"https:\/\/www.sonoraenequipo.com.mx\/","name":"Sonora en Equipo.","description":"Diario en l\u00ednea con Noticias desde Hermosillo, Sonora","publisher":{"@id":"https:\/\/www.sonoraenequipo.com.mx\/#organization"},"potentialAction":[{"@type":"SearchAction","target":{"@type":"EntryPoint","urlTemplate":"https:\/\/www.sonoraenequipo.com.mx\/?s={search_term_string}"},"query-input":{"@type":"PropertyValueSpecification","valueRequired":true,"valueName":"search_term_string"}}],"inLanguage":"es"},{"@type":"Organization","@id":"https:\/\/www.sonoraenequipo.com.mx\/#organization","name":"Sonoraenequipo.com.mx","url":"https:\/\/www.sonoraenequipo.com.mx\/","logo":{"@type":"ImageObject","inLanguage":"es","@id":"https:\/\/www.sonoraenequipo.com.mx\/#\/schema\/logo\/image\/","url":"https:\/\/www.sonoraenequipo.com.mx\/storage\/2019\/01\/sonoraenequipo_opt.png","contentUrl":"https:\/\/www.sonoraenequipo.com.mx\/storage\/2019\/01\/sonoraenequipo_opt.png","width":375,"height":125,"caption":"Sonoraenequipo.com.mx"},"image":{"@id":"https:\/\/www.sonoraenequipo.com.mx\/#\/schema\/logo\/image\/"},"sameAs":["https:\/\/www.facebook.com\/SonoraEE\/","https:\/\/x.com\/sonoraenequipo","https:\/\/www.youtube.com\/channel\/UC338nW-lPEYmJQs4ZABQ1SQ"]},{"@type":"Person","@id":"https:\/\/www.sonoraenequipo.com.mx\/#\/schema\/person\/50102df0fb23a8fa9e8effad8fa81386","name":"enequipo","image":{"@type":"ImageObject","inLanguage":"es","@id":"https:\/\/www.sonoraenequipo.com.mx\/#\/schema\/person\/image\/","url":"https:\/\/secure.gravatar.com\/avatar\/049821681b589dabc0bc20695993ccebb09f5b5d4d790cd9251b97faac7c652b?s=96&d=blank&r=g","contentUrl":"https:\/\/secure.gravatar.com\/avatar\/049821681b589dabc0bc20695993ccebb09f5b5d4d790cd9251b97faac7c652b?s=96&d=blank&r=g","caption":"enequipo"},"sameAs":["https:\/\/www.facebook.com\/SonoraEE"]}]}},"jetpack_featured_media_url":"https:\/\/www.sonoraenequipo.com.mx\/storage\/2026\/01\/claudia-Sheinbaum.1801.2025.jpeg","_links":{"self":[{"href":"https:\/\/www.sonoraenequipo.com.mx\/api\/wp\/v2\/posts\/233363","targetHints":{"allow":["GET"]}}],"collection":[{"href":"https:\/\/www.sonoraenequipo.com.mx\/api\/wp\/v2\/posts"}],"about":[{"href":"https:\/\/www.sonoraenequipo.com.mx\/api\/wp\/v2\/types\/post"}],"author":[{"embeddable":true,"href":"https:\/\/www.sonoraenequipo.com.mx\/api\/wp\/v2\/users\/1"}],"replies":[{"embeddable":true,"href":"https:\/\/www.sonoraenequipo.com.mx\/api\/wp\/v2\/comments?post=233363"}],"version-history":[{"count":1,"href":"https:\/\/www.sonoraenequipo.com.mx\/api\/wp\/v2\/posts\/233363\/revisions"}],"predecessor-version":[{"id":233365,"href":"https:\/\/www.sonoraenequipo.com.mx\/api\/wp\/v2\/posts\/233363\/revisions\/233365"}],"wp:featuredmedia":[{"embeddable":true,"href":"https:\/\/www.sonoraenequipo.com.mx\/api\/wp\/v2\/media\/233364"}],"wp:attachment":[{"href":"https:\/\/www.sonoraenequipo.com.mx\/api\/wp\/v2\/media?parent=233363"}],"wp:term":[{"taxonomy":"category","embeddable":true,"href":"https:\/\/www.sonoraenequipo.com.mx\/api\/wp\/v2\/categories?post=233363"},{"taxonomy":"post_tag","embeddable":true,"href":"https:\/\/www.sonoraenequipo.com.mx\/api\/wp\/v2\/tags?post=233363"}],"curies":[{"name":"wp","href":"https:\/\/api.w.org\/{rel}","templated":true}]}}