{"id":233371,"date":"2026-01-19T14:17:10","date_gmt":"2026-01-19T21:17:10","guid":{"rendered":"https:\/\/www.sonoraenequipo.com.mx\/?p=233371"},"modified":"2026-01-19T14:17:10","modified_gmt":"2026-01-19T21:17:10","slug":"cierra-con-gran-exito-iv-festival-del-globo-hermosillo-2026","status":"publish","type":"post","link":"https:\/\/www.sonoraenequipo.com.mx\/cierra-con-gran-exito-iv-festival-del-globo-hermosillo-2026\/","title":{"rendered":"Cierra con gran \u00e9xito IV Festival del Globo Hermosillo 2026"},"content":{"rendered":"<p><strong>HERMOSILLO, SONORA, MX.<\/strong> \u2014 Ante miles de asistentes, el Cuarto Festival del Globo impulsado por el presidente municipal Antonio Astiazar\u00e1n se consolid\u00f3 como uno de los eventos m\u00e1s exitosos de Hermosillo al reunir a miles de personas durante tres d\u00edas de celebraci\u00f3n donde el desierto y el cielo se llenaron de color con la presencia de 20 globos aerost\u00e1ticos.<\/p>\n<p>&nbsp;<\/p>\n<p>&nbsp;<\/p>\n<p>&nbsp;<\/p>\n<p>Durante tres d\u00edas, personas de todas las edades disfrutaron la experiencia de distintas maneras como amaneceres a bordo de un globo aerost\u00e1tico, tardes de convivencia y noches m\u00e1gicas llenas de luces, selfies, videos y conciertos de tanto artistas locales como presentaciones estelares de Moenia y Los Apson.<\/p>\n<p>&nbsp;<\/p>\n<p>&nbsp;<\/p>\n<p>&nbsp;<\/p>\n<p>\u201cEs muy bonito ambiente, mi esposa Patty y yo hemos estado saludando a las familias que se tomaban fotos y videos con los globos como fondo, no es una cosa que estemos acostumbrados a tenerlos todos los d\u00edas, el Festival del Globo de Hermosillo ya se convirti\u00f3 en el segundo m\u00e1s grande de M\u00e9xico, despu\u00e9s de Le\u00f3n, Guanajuato, lo cual es una muy buena noticia\u201d, expres\u00f3 To\u00f1o Astiazar\u00e1n.<\/p>\n<p>&nbsp;<\/p>\n<p>&nbsp;<\/p>\n<p>&nbsp;<\/p>\n<p>Adem\u00e1s de los globos aerost\u00e1ticos, el festival ofreci\u00f3 actividades para todas las edades como corredor gastron\u00f3mico, \u00e1rea infantil y la tradicional noche m\u00e1gica, adem\u00e1s de un espectacular show de drones que hizo detenerse a familias enteras para contemplar el cielo convertido en un lienzo de luces, figuras y animaciones que cerraron la jornada con asombro.<\/p>\n<p>&nbsp;<\/p>\n<p>&nbsp;<\/p>\n<p>&nbsp;<\/p>\n<p>La m\u00fasica uni\u00f3 generaciones cuando Los Apson subieron al escenario para cerrar con broche de oro el Cuarto Festival del Globo, donde abuelos, madres, padres, hijas e hijos compartieron una noche llena de recuerdos, cantando y celebrando juntos tras tres d\u00edas de fiesta en Hermosillo.<\/p>\n<p>&nbsp;<\/p>\n<p>&nbsp;<\/p>\n<p>&nbsp;<\/p>\n<p>La legendaria agrupaci\u00f3n originaria de Agua Prieta, Sonora, puso a corear al p\u00fablico con temas que han marcado \u00e9poca como \u201cFue en un caf\u00e9\u201d, \u201cAnoche me enamor\u00e9\u201d y \u201cSue\u00f1a dulce nena\u201d, creando un momento especial que conect\u00f3 historias, emociones y generaciones.<\/p>\n<p>&nbsp;<\/p>\n<p>&nbsp;<\/p>\n<p>&nbsp;<\/p>\n<p>Este domingo con su propuesta art\u00edstica, a la que definen como sonido Latino Mach\u00edn, los integrantes de la banda Toque y Tono llenaron de m\u00fasica bullanguera el Cuarto Festival del Globo de Hermosillo, poniendo a bailar y disfrutar al p\u00fablico con su energ\u00eda y estilo propio.<\/p>\n<p>&nbsp;<\/p>\n<p>&nbsp;<\/p>\n<p>&nbsp;<\/p>\n<p>Las y los asistentes del domingo en el Festival del Globo disfrutaron tambi\u00e9n de un espectacular show protagonizado por 200 drones que iluminaron el cielo con figuras representativas de la identidad de Hermosillo.<\/p>\n<p>&nbsp;<\/p>\n<p>&nbsp;<\/p>\n<p>&nbsp;<\/p>\n<p>En las actividades del festival, familias y visitantes disfrutaron de vuelos libres en globos aerost\u00e1ticos en Econatura, de la Noche M\u00e1gica con 20 globos aerost\u00e1ticos que incluyeron tres globos de figuras, el de Elvis Presley el Puerco Ara\u00f1a.<\/p>\n<p>&nbsp;<\/p>\n<p>&nbsp;<\/p>\n<p>&nbsp;<\/p>\n<p>Entre las novedades de esta edici\u00f3n destaca el \u00e1rea \u201cAlgo Chilo\u201d, con sets fotogr\u00e1ficos para el p\u00fablico, adem\u00e1s del \u201cPabell\u00f3n de La H\u201d y el \u201cMercado de Rancho\u201d, enfocado en productos regionales, as\u00ed como tambi\u00e9n, Sky Kids Mega, el corredor gastron\u00f3mico que ofrece variedad de productos, el bazar de emprendimiento y el \u00e1rea de globos que transformaron el Festival del Globo en una experiencia memorable.<\/p>\n<p>&nbsp;<\/p>\n<p>&nbsp;<\/p>\n<p>&nbsp;<\/p>\n<p>Con esta cuarta edici\u00f3n, el Festival del Globo reafirma su lugar como un punto de encuentro para la convivencia familiar, el disfrute y la creaci\u00f3n de recuerdos, evento que nace en la administraci\u00f3n encabezada por Antonio Astiazar\u00e1n y que a\u00f1o con a\u00f1o se consolida como una celebraci\u00f3n que une a Hermosillo.<\/p>\n<p><strong>Fecha de publicaci\u00f3n lunes 19 de enero de 2026<\/strong><\/p>\n<p>&nbsp;<\/p>\n","protected":false},"excerpt":{"rendered":"<p>HERMOSILLO, SONORA, MX. \u2014 Ante miles de asistentes, el Cuarto Festival del Globo impulsado por&#8230;<\/p>\n","protected":false},"author":1,"featured_media":233381,"comment_status":"open","ping_status":"open","sticky":false,"template":"","format":"standard","meta":{"_monsterinsights_skip_tracking":false,"_monsterinsights_sitenote_active":false,"_monsterinsights_sitenote_note":"","_monsterinsights_sitenote_category":0,"footnotes":""},"categories":[4],"tags":[10966,12244,35],"class_list":["post"],"yoast_head":" \n<title>Sonora en Equipo. Cierra con gran \u00e9xito IV Festival del Globo Hermosillo 2026 Municipios<\/title>\n<meta name=\"description\" content=\"HERMOSILLO, SONORA, MX. \u2014 Ante miles de asistentes, el Cuarto Festival del Globo impulsado por el presidente municipal Antonio Astiazar\u00e1n se consolid\u00f3 En Sonora en Equipo publicamos toda la informaci\u00f3n de Sonora, M\u00e9xico y el Mundo de manera oportuna y busca que la libertad de expresi\u00f3n sea real. Visita nuestro medio informativo publicado desde Hermosillo, Sonora. %\" \/>\n<meta name=\"robots\" content=\"index, follow, max-snippet:-1, max-image-preview:large, max-video-preview:-1\" \/>\n<link rel=\"canonical\" href=\"https:\/\/www.sonoraenequipo.com.mx\/cierra-con-gran-exito-iv-festival-del-globo-hermosillo-2026\/\" \/>\n<meta property=\"og:locale\" content=\"es_ES\" \/>\n<meta property=\"og:type\" content=\"article\" \/>\n<meta property=\"og:title\" content=\"Sonora en Equipo. Cierra con gran \u00e9xito IV Festival del Globo Hermosillo 2026 Municipios\" \/>\n<meta property=\"og:description\" content=\"HERMOSILLO, SONORA, MX. \u2014 Ante miles de asistentes, el Cuarto Festival del Globo impulsado por el presidente municipal Antonio Astiazar\u00e1n se consolid\u00f3 En Sonora en Equipo publicamos toda la informaci\u00f3n de Sonora, M\u00e9xico y el Mundo de manera oportuna y busca que la libertad de expresi\u00f3n sea real. Visita nuestro medio informativo publicado desde Hermosillo, Sonora. %\" \/>\n<meta property=\"og:url\" content=\"https:\/\/www.sonoraenequipo.com.mx\/cierra-con-gran-exito-iv-festival-del-globo-hermosillo-2026\/\" \/>\n<meta property=\"og:site_name\" content=\"Sonora en Equipo.\" \/>\n<meta property=\"article:publisher\" content=\"https:\/\/www.facebook.com\/SonoraEE\/\" \/>\n<meta property=\"article:author\" content=\"https:\/\/www.facebook.com\/SonoraEE\" \/>\n<meta property=\"article:published_time\" content=\"2026-01-19T21:17:10+00:00\" \/>\n<meta property=\"og:image\" content=\"https:\/\/www.sonoraenequipo.com.mx\/storage\/2026\/01\/festival-globo-hmo-2026.jpg\" \/>\n\t<meta property=\"og:image:width\" content=\"603\" \/>\n\t<meta property=\"og:image:height\" content=\"402\" \/>\n\t<meta property=\"og:image:type\" content=\"image\/jpeg\" \/>\n<meta name=\"author\" content=\"enequipo\" \/>\n<meta name=\"twitter:card\" content=\"summary_large_image\" \/>\n<meta name=\"twitter:creator\" content=\"@sonoraenequipo\" \/>\n<meta name=\"twitter:site\" content=\"@sonoraenequipo\" \/>\n<meta name=\"twitter:label1\" content=\"Escrito por\" \/>\n\t<meta name=\"twitter:data1\" content=\"enequipo\" \/>\n\t<meta name=\"twitter:label2\" content=\"Tiempo de lectura\" \/>\n\t<meta name=\"twitter:data2\" content=\"3 minutos\" \/>\n<script type=\"application\/ld+json\" class=\"yoast-schema-graph\">{\"@context\":\"https:\/\/schema.org\",\"@graph\":[{\"@type\":\"Article\",\"@id\":\"https:\/\/www.sonoraenequipo.com.mx\/cierra-con-gran-exito-iv-festival-del-globo-hermosillo-2026\/#article\",\"isPartOf\":{\"@id\":\"https:\/\/www.sonoraenequipo.com.mx\/cierra-con-gran-exito-iv-festival-del-globo-hermosillo-2026\/\"},\"author\":{\"name\":\"enequipo\",\"@id\":\"https:\/\/www.sonoraenequipo.com.mx\/#\/schema\/person\/50102df0fb23a8fa9e8effad8fa81386\"},\"headline\":\"Cierra con gran \u00e9xito IV Festival del Globo Hermosillo 2026\",\"datePublished\":\"2026-01-19T21:17:10+00:00\",\"mainEntityOfPage\":{\"@id\":\"https:\/\/www.sonoraenequipo.com.mx\/cierra-con-gran-exito-iv-festival-del-globo-hermosillo-2026\/\"},\"wordCount\":641,\"commentCount\":0,\"publisher\":{\"@id\":\"https:\/\/www.sonoraenequipo.com.mx\/#organization\"},\"image\":{\"@id\":\"https:\/\/www.sonoraenequipo.com.mx\/cierra-con-gran-exito-iv-festival-del-globo-hermosillo-2026\/#primaryimage\"},\"thumbnailUrl\":\"https:\/\/www.sonoraenequipo.com.mx\/storage\/2026\/01\/festival-globo-hmo-2026.jpg\",\"keywords\":[\"2026\",\"festival globo\",\"hermosillo\"],\"articleSection\":[\"Municipios\"],\"inLanguage\":\"es\",\"potentialAction\":[{\"@type\":\"CommentAction\",\"name\":\"Comment\",\"target\":[\"https:\/\/www.sonoraenequipo.com.mx\/cierra-con-gran-exito-iv-festival-del-globo-hermosillo-2026\/#respond\"]}]},{\"@type\":\"WebPage\",\"@id\":\"https:\/\/www.sonoraenequipo.com.mx\/cierra-con-gran-exito-iv-festival-del-globo-hermosillo-2026\/\",\"url\":\"https:\/\/www.sonoraenequipo.com.mx\/cierra-con-gran-exito-iv-festival-del-globo-hermosillo-2026\/\",\"name\":\"Sonora en Equipo. Cierra con gran \u00e9xito IV Festival del Globo Hermosillo 2026 Municipios\",\"isPartOf\":{\"@id\":\"https:\/\/www.sonoraenequipo.com.mx\/#website\"},\"primaryImageOfPage\":{\"@id\":\"https:\/\/www.sonoraenequipo.com.mx\/cierra-con-gran-exito-iv-festival-del-globo-hermosillo-2026\/#primaryimage\"},\"image\":{\"@id\":\"https:\/\/www.sonoraenequipo.com.mx\/cierra-con-gran-exito-iv-festival-del-globo-hermosillo-2026\/#primaryimage\"},\"thumbnailUrl\":\"https:\/\/www.sonoraenequipo.com.mx\/storage\/2026\/01\/festival-globo-hmo-2026.jpg\",\"datePublished\":\"2026-01-19T21:17:10+00:00\",\"description\":\"HERMOSILLO, SONORA, MX. \u2014 Ante miles de asistentes, el Cuarto Festival del Globo impulsado por el presidente municipal Antonio Astiazar\u00e1n se consolid\u00f3 En Sonora en Equipo publicamos toda la informaci\u00f3n de Sonora, M\u00e9xico y el Mundo de manera oportuna y busca que la libertad de expresi\u00f3n sea real. Visita nuestro medio informativo publicado desde Hermosillo, Sonora. %\",\"breadcrumb\":{\"@id\":\"https:\/\/www.sonoraenequipo.com.mx\/cierra-con-gran-exito-iv-festival-del-globo-hermosillo-2026\/#breadcrumb\"},\"inLanguage\":\"es\",\"potentialAction\":[{\"@type\":\"ReadAction\",\"target\":[\"https:\/\/www.sonoraenequipo.com.mx\/cierra-con-gran-exito-iv-festival-del-globo-hermosillo-2026\/\"]}]},{\"@type\":\"ImageObject\",\"inLanguage\":\"es\",\"@id\":\"https:\/\/www.sonoraenequipo.com.mx\/cierra-con-gran-exito-iv-festival-del-globo-hermosillo-2026\/#primaryimage\",\"url\":\"https:\/\/www.sonoraenequipo.com.mx\/storage\/2026\/01\/festival-globo-hmo-2026.jpg\",\"contentUrl\":\"https:\/\/www.sonoraenequipo.com.mx\/storage\/2026\/01\/festival-globo-hmo-2026.jpg\",\"width\":603,\"height\":402},{\"@type\":\"BreadcrumbList\",\"@id\":\"https:\/\/www.sonoraenequipo.com.mx\/cierra-con-gran-exito-iv-festival-del-globo-hermosillo-2026\/#breadcrumb\",\"itemListElement\":[{\"@type\":\"ListItem\",\"position\":1,\"name\":\"Portada\",\"item\":\"https:\/\/www.sonoraenequipo.com.mx\/\"},{\"@type\":\"ListItem\",\"position\":2,\"name\":\"Cierra con gran \u00e9xito IV Festival del Globo Hermosillo 2026\"}]},{\"@type\":\"WebSite\",\"@id\":\"https:\/\/www.sonoraenequipo.com.mx\/#website\",\"url\":\"https:\/\/www.sonoraenequipo.com.mx\/\",\"name\":\"Sonora en Equipo.\",\"description\":\"Diario en l\u00ednea con Noticias desde Hermosillo, Sonora\",\"publisher\":{\"@id\":\"https:\/\/www.sonoraenequipo.com.mx\/#organization\"},\"potentialAction\":[{\"@type\":\"SearchAction\",\"target\":{\"@type\":\"EntryPoint\",\"urlTemplate\":\"https:\/\/www.sonoraenequipo.com.mx\/?s={search_term_string}\"},\"query-input\":{\"@type\":\"PropertyValueSpecification\",\"valueRequired\":true,\"valueName\":\"search_term_string\"}}],\"inLanguage\":\"es\"},{\"@type\":\"Organization\",\"@id\":\"https:\/\/www.sonoraenequipo.com.mx\/#organization\",\"name\":\"Sonoraenequipo.com.mx\",\"url\":\"https:\/\/www.sonoraenequipo.com.mx\/\",\"logo\":{\"@type\":\"ImageObject\",\"inLanguage\":\"es\",\"@id\":\"https:\/\/www.sonoraenequipo.com.mx\/#\/schema\/logo\/image\/\",\"url\":\"https:\/\/www.sonoraenequipo.com.mx\/storage\/2019\/01\/sonoraenequipo_opt.png\",\"contentUrl\":\"https:\/\/www.sonoraenequipo.com.mx\/storage\/2019\/01\/sonoraenequipo_opt.png\",\"width\":375,\"height\":125,\"caption\":\"Sonoraenequipo.com.mx\"},\"image\":{\"@id\":\"https:\/\/www.sonoraenequipo.com.mx\/#\/schema\/logo\/image\/\"},\"sameAs\":[\"https:\/\/www.facebook.com\/SonoraEE\/\",\"https:\/\/x.com\/sonoraenequipo\",\"https:\/\/www.youtube.com\/channel\/UC338nW-lPEYmJQs4ZABQ1SQ\"]},{\"@type\":\"Person\",\"@id\":\"https:\/\/www.sonoraenequipo.com.mx\/#\/schema\/person\/50102df0fb23a8fa9e8effad8fa81386\",\"name\":\"enequipo\",\"image\":{\"@type\":\"ImageObject\",\"inLanguage\":\"es\",\"@id\":\"https:\/\/www.sonoraenequipo.com.mx\/#\/schema\/person\/image\/\",\"url\":\"https:\/\/secure.gravatar.com\/avatar\/049821681b589dabc0bc20695993ccebb09f5b5d4d790cd9251b97faac7c652b?s=96&d=blank&r=g\",\"contentUrl\":\"https:\/\/secure.gravatar.com\/avatar\/049821681b589dabc0bc20695993ccebb09f5b5d4d790cd9251b97faac7c652b?s=96&d=blank&r=g\",\"caption\":\"enequipo\"},\"sameAs\":[\"https:\/\/www.facebook.com\/SonoraEE\"]}]}<\/script>\n ","yoast_head_json":{"title":"Sonora en Equipo. Cierra con gran \u00e9xito IV Festival del Globo Hermosillo 2026 Municipios","description":"HERMOSILLO, SONORA, MX. \u2014 Ante miles de asistentes, el Cuarto Festival del Globo impulsado por el presidente municipal Antonio Astiazar\u00e1n se consolid\u00f3 En Sonora en Equipo publicamos toda la informaci\u00f3n de Sonora, M\u00e9xico y el Mundo de manera oportuna y busca que la libertad de expresi\u00f3n sea real. Visita nuestro medio informativo publicado desde Hermosillo, Sonora. %","robots":{"index":"index","follow":"follow","max-snippet":"max-snippet:-1","max-image-preview":"max-image-preview:large","max-video-preview":"max-video-preview:-1"},"canonical":"https:\/\/www.sonoraenequipo.com.mx\/cierra-con-gran-exito-iv-festival-del-globo-hermosillo-2026\/","og_locale":"es_ES","og_type":"article","og_title":"Sonora en Equipo. Cierra con gran \u00e9xito IV Festival del Globo Hermosillo 2026 Municipios","og_description":"HERMOSILLO, SONORA, MX. \u2014 Ante miles de asistentes, el Cuarto Festival del Globo impulsado por el presidente municipal Antonio Astiazar\u00e1n se consolid\u00f3 En Sonora en Equipo publicamos toda la informaci\u00f3n de Sonora, M\u00e9xico y el Mundo de manera oportuna y busca que la libertad de expresi\u00f3n sea real. Visita nuestro medio informativo publicado desde Hermosillo, Sonora. %","og_url":"https:\/\/www.sonoraenequipo.com.mx\/cierra-con-gran-exito-iv-festival-del-globo-hermosillo-2026\/","og_site_name":"Sonora en Equipo.","article_publisher":"https:\/\/www.facebook.com\/SonoraEE\/","article_author":"https:\/\/www.facebook.com\/SonoraEE","article_published_time":"2026-01-19T21:17:10+00:00","og_image":[{"width":603,"height":402,"url":"https:\/\/www.sonoraenequipo.com.mx\/storage\/2026\/01\/festival-globo-hmo-2026.jpg","type":"image\/jpeg"}],"author":"enequipo","twitter_card":"summary_large_image","twitter_creator":"@sonoraenequipo","twitter_site":"@sonoraenequipo","twitter_misc":{"Escrito por":"enequipo","Tiempo de lectura":"3 minutos"},"schema":{"@context":"https:\/\/schema.org","@graph":[{"@type":"Article","@id":"https:\/\/www.sonoraenequipo.com.mx\/cierra-con-gran-exito-iv-festival-del-globo-hermosillo-2026\/#article","isPartOf":{"@id":"https:\/\/www.sonoraenequipo.com.mx\/cierra-con-gran-exito-iv-festival-del-globo-hermosillo-2026\/"},"author":{"name":"enequipo","@id":"https:\/\/www.sonoraenequipo.com.mx\/#\/schema\/person\/50102df0fb23a8fa9e8effad8fa81386"},"headline":"Cierra con gran \u00e9xito IV Festival del Globo Hermosillo 2026","datePublished":"2026-01-19T21:17:10+00:00","mainEntityOfPage":{"@id":"https:\/\/www.sonoraenequipo.com.mx\/cierra-con-gran-exito-iv-festival-del-globo-hermosillo-2026\/"},"wordCount":641,"commentCount":0,"publisher":{"@id":"https:\/\/www.sonoraenequipo.com.mx\/#organization"},"image":{"@id":"https:\/\/www.sonoraenequipo.com.mx\/cierra-con-gran-exito-iv-festival-del-globo-hermosillo-2026\/#primaryimage"},"thumbnailUrl":"https:\/\/www.sonoraenequipo.com.mx\/storage\/2026\/01\/festival-globo-hmo-2026.jpg","keywords":["2026","festival globo","hermosillo"],"articleSection":["Municipios"],"inLanguage":"es","potentialAction":[{"@type":"CommentAction","name":"Comment","target":["https:\/\/www.sonoraenequipo.com.mx\/cierra-con-gran-exito-iv-festival-del-globo-hermosillo-2026\/#respond"]}]},{"@type":"WebPage","@id":"https:\/\/www.sonoraenequipo.com.mx\/cierra-con-gran-exito-iv-festival-del-globo-hermosillo-2026\/","url":"https:\/\/www.sonoraenequipo.com.mx\/cierra-con-gran-exito-iv-festival-del-globo-hermosillo-2026\/","name":"Sonora en Equipo. Cierra con gran \u00e9xito IV Festival del Globo Hermosillo 2026 Municipios","isPartOf":{"@id":"https:\/\/www.sonoraenequipo.com.mx\/#website"},"primaryImageOfPage":{"@id":"https:\/\/www.sonoraenequipo.com.mx\/cierra-con-gran-exito-iv-festival-del-globo-hermosillo-2026\/#primaryimage"},"image":{"@id":"https:\/\/www.sonoraenequipo.com.mx\/cierra-con-gran-exito-iv-festival-del-globo-hermosillo-2026\/#primaryimage"},"thumbnailUrl":"https:\/\/www.sonoraenequipo.com.mx\/storage\/2026\/01\/festival-globo-hmo-2026.jpg","datePublished":"2026-01-19T21:17:10+00:00","description":"HERMOSILLO, SONORA, MX. \u2014 Ante miles de asistentes, el Cuarto Festival del Globo impulsado por el presidente municipal Antonio Astiazar\u00e1n se consolid\u00f3 En Sonora en Equipo publicamos toda la informaci\u00f3n de Sonora, M\u00e9xico y el Mundo de manera oportuna y busca que la libertad de expresi\u00f3n sea real. Visita nuestro medio informativo publicado desde Hermosillo, Sonora. %","breadcrumb":{"@id":"https:\/\/www.sonoraenequipo.com.mx\/cierra-con-gran-exito-iv-festival-del-globo-hermosillo-2026\/#breadcrumb"},"inLanguage":"es","potentialAction":[{"@type":"ReadAction","target":["https:\/\/www.sonoraenequipo.com.mx\/cierra-con-gran-exito-iv-festival-del-globo-hermosillo-2026\/"]}]},{"@type":"ImageObject","inLanguage":"es","@id":"https:\/\/www.sonoraenequipo.com.mx\/cierra-con-gran-exito-iv-festival-del-globo-hermosillo-2026\/#primaryimage","url":"https:\/\/www.sonoraenequipo.com.mx\/storage\/2026\/01\/festival-globo-hmo-2026.jpg","contentUrl":"https:\/\/www.sonoraenequipo.com.mx\/storage\/2026\/01\/festival-globo-hmo-2026.jpg","width":603,"height":402},{"@type":"BreadcrumbList","@id":"https:\/\/www.sonoraenequipo.com.mx\/cierra-con-gran-exito-iv-festival-del-globo-hermosillo-2026\/#breadcrumb","itemListElement":[{"@type":"ListItem","position":1,"name":"Portada","item":"https:\/\/www.sonoraenequipo.com.mx\/"},{"@type":"ListItem","position":2,"name":"Cierra con gran \u00e9xito IV Festival del Globo Hermosillo 2026"}]},{"@type":"WebSite","@id":"https:\/\/www.sonoraenequipo.com.mx\/#website","url":"https:\/\/www.sonoraenequipo.com.mx\/","name":"Sonora en Equipo.","description":"Diario en l\u00ednea con Noticias desde Hermosillo, Sonora","publisher":{"@id":"https:\/\/www.sonoraenequipo.com.mx\/#organization"},"potentialAction":[{"@type":"SearchAction","target":{"@type":"EntryPoint","urlTemplate":"https:\/\/www.sonoraenequipo.com.mx\/?s={search_term_string}"},"query-input":{"@type":"PropertyValueSpecification","valueRequired":true,"valueName":"search_term_string"}}],"inLanguage":"es"},{"@type":"Organization","@id":"https:\/\/www.sonoraenequipo.com.mx\/#organization","name":"Sonoraenequipo.com.mx","url":"https:\/\/www.sonoraenequipo.com.mx\/","logo":{"@type":"ImageObject","inLanguage":"es","@id":"https:\/\/www.sonoraenequipo.com.mx\/#\/schema\/logo\/image\/","url":"https:\/\/www.sonoraenequipo.com.mx\/storage\/2019\/01\/sonoraenequipo_opt.png","contentUrl":"https:\/\/www.sonoraenequipo.com.mx\/storage\/2019\/01\/sonoraenequipo_opt.png","width":375,"height":125,"caption":"Sonoraenequipo.com.mx"},"image":{"@id":"https:\/\/www.sonoraenequipo.com.mx\/#\/schema\/logo\/image\/"},"sameAs":["https:\/\/www.facebook.com\/SonoraEE\/","https:\/\/x.com\/sonoraenequipo","https:\/\/www.youtube.com\/channel\/UC338nW-lPEYmJQs4ZABQ1SQ"]},{"@type":"Person","@id":"https:\/\/www.sonoraenequipo.com.mx\/#\/schema\/person\/50102df0fb23a8fa9e8effad8fa81386","name":"enequipo","image":{"@type":"ImageObject","inLanguage":"es","@id":"https:\/\/www.sonoraenequipo.com.mx\/#\/schema\/person\/image\/","url":"https:\/\/secure.gravatar.com\/avatar\/049821681b589dabc0bc20695993ccebb09f5b5d4d790cd9251b97faac7c652b?s=96&d=blank&r=g","contentUrl":"https:\/\/secure.gravatar.com\/avatar\/049821681b589dabc0bc20695993ccebb09f5b5d4d790cd9251b97faac7c652b?s=96&d=blank&r=g","caption":"enequipo"},"sameAs":["https:\/\/www.facebook.com\/SonoraEE"]}]}},"jetpack_featured_media_url":"https:\/\/www.sonoraenequipo.com.mx\/storage\/2026\/01\/festival-globo-hmo-2026.jpg","_links":{"self":[{"href":"https:\/\/www.sonoraenequipo.com.mx\/api\/wp\/v2\/posts\/233371","targetHints":{"allow":["GET"]}}],"collection":[{"href":"https:\/\/www.sonoraenequipo.com.mx\/api\/wp\/v2\/posts"}],"about":[{"href":"https:\/\/www.sonoraenequipo.com.mx\/api\/wp\/v2\/types\/post"}],"author":[{"embeddable":true,"href":"https:\/\/www.sonoraenequipo.com.mx\/api\/wp\/v2\/users\/1"}],"replies":[{"embeddable":true,"href":"https:\/\/www.sonoraenequipo.com.mx\/api\/wp\/v2\/comments?post=233371"}],"version-history":[{"count":1,"href":"https:\/\/www.sonoraenequipo.com.mx\/api\/wp\/v2\/posts\/233371\/revisions"}],"predecessor-version":[{"id":233382,"href":"https:\/\/www.sonoraenequipo.com.mx\/api\/wp\/v2\/posts\/233371\/revisions\/233382"}],"wp:featuredmedia":[{"embeddable":true,"href":"https:\/\/www.sonoraenequipo.com.mx\/api\/wp\/v2\/media\/233381"}],"wp:attachment":[{"href":"https:\/\/www.sonoraenequipo.com.mx\/api\/wp\/v2\/media?parent=233371"}],"wp:term":[{"taxonomy":"category","embeddable":true,"href":"https:\/\/www.sonoraenequipo.com.mx\/api\/wp\/v2\/categories?post=233371"},{"taxonomy":"post_tag","embeddable":true,"href":"https:\/\/www.sonoraenequipo.com.mx\/api\/wp\/v2\/tags?post=233371"}],"curies":[{"name":"wp","href":"https:\/\/api.w.org\/{rel}","templated":true}]}}