{"id":233389,"date":"2026-01-19T14:57:47","date_gmt":"2026-01-19T21:57:47","guid":{"rendered":"https:\/\/www.sonoraenequipo.com.mx\/?p=233389"},"modified":"2026-01-19T14:57:47","modified_gmt":"2026-01-19T21:57:47","slug":"desnivel-colosio-soli-tiene-fecha-de-apertura-25-de-enero-anuncio-tono-astiazaran","status":"publish","type":"post","link":"https:\/\/www.sonoraenequipo.com.mx\/desnivel-colosio-soli-tiene-fecha-de-apertura-25-de-enero-anuncio-tono-astiazaran\/","title":{"rendered":"Desnivel Colosio -Soli tiene fecha de apertura 25 de enero: anunci\u00f3 To\u00f1o Astiazar\u00e1n"},"content":{"rendered":"<p>&nbsp;<\/p>\n<p><strong>HERMOSILLO, SONORA, MX.<\/strong> \u2014 El presidente municipal Antonio Astiazar\u00e1n cumplir\u00e1 el pr\u00f3ximo domingo 25 de enero con la entrega formal del paso a desnivel de los bulevares Colosio y Solidaridad, que posibilitar\u00e1 el desplazamiento m\u00e1s r\u00e1pido y seguro de un promedio de 74 mil veh\u00edculos diariamente.<\/p>\n<p>&nbsp;<\/p>\n<p>&nbsp;<\/p>\n<p>&nbsp;<\/p>\n<p>Como lo anticip\u00f3 durante el m\u00e1s reciente recorrido de supervisi\u00f3n, dicha infraestructura urbana entrar\u00e1 en operaciones antes del 14 de febrero del presente a\u00f1o, como hab\u00eda sido el compromiso desde el arranque de los trabajos el 2 de enero de 2025.<\/p>\n<figure id=\"attachment_233391\" aria-describedby=\"caption-attachment-233391\" style=\"width: 711px\" class=\"wp-caption x-none\"><img loading=\"lazy\" decoding=\"async\" class=\"size-full \" src=\"https:\/\/www.sonoraenequipo.com.mx\/storage\/2026\/01\/desnivel-Colosio-Soli-2.jpg\" alt=\"\" width=\"711\" height=\"400\" \/><figcaption id=\"caption-attachment-233391\" class=\"wp-caption-text\">\u00a0 \u00a0 \u00a0 \u00a0 \u00a0 \u00a0 \u00a0 \u00a0 \u00a0 \u00a0 \u00a0 \u00a0 \u00a0 \u00a0 \u00a0 \u00a0 \u00a0 \u00a0 \u00a0 \u00a0 \u00a0 \u00a0 \u00a0 \u00a0 \u00a0 \u00a0 \u00a0 \u00a0 \u00a0 \u00a0 \u00a0 \u00a0 Al inicio de los trabajos as\u00ed luc\u00eda la obra<\/figcaption><\/figure>\n<p>&nbsp;<\/p>\n<p>&nbsp;<\/p>\n<p>To\u00f1o Astiazar\u00e1n hizo notar que Hermosillo est\u00e1 abriendo brecha en el pa\u00eds al ser el primer municipio que emprende un proyecto de esta magnitud con inversi\u00f3n 100% municipal y sin endeudamiento para la ciudad, dise\u00f1ado para responder a los retos propios de un incremento vehicular que pas\u00f3 de 376 mil 820 en 2018 a 595 mil 628 para el 2022.<\/p>\n<p>&nbsp;<\/p>\n<p>&nbsp;<\/p>\n<p>&nbsp;<\/p>\n<p>Dicho dise\u00f1o, aclar\u00f3, no se hizo con base en ocurrencias sino en proyectos ejecutivos sustentados en estudios especializados y antecedentes del comportamiento de las lluvias, de forma que la ciudadan\u00eda puede tener la tranquilidad de que no se generar\u00e1n inundaciones.<\/p>\n<p>&nbsp;<\/p>\n<p>&nbsp;<\/p>\n<p>&nbsp;<\/p>\n<p>Coment\u00f3 que el de Colosio y Solidaridad ser\u00e1 el paso a desnivel n\u00famero 14 de Hermosillo y el primero en la historia de la ciudad ejecutado con inversi\u00f3n exclusivamente municipal, a la vez que agradeci\u00f3 a las ciudadanas y ciudadanos que lo hicieron posible al confiar en la administraci\u00f3n municipal y manifestarlo con el pago de su predial.<\/p>\n<p><strong>Fecha de publicaci\u00f3n lunes 19 de enero de 2026<\/strong><\/p>\n<p>&nbsp;<\/p>\n","protected":false},"excerpt":{"rendered":"<p>&nbsp; HERMOSILLO, SONORA, MX. \u2014 El presidente municipal Antonio Astiazar\u00e1n cumplir\u00e1 el pr\u00f3ximo domingo 25&#8230;<\/p>\n","protected":false},"author":1,"featured_media":233390,"comment_status":"open","ping_status":"open","sticky":false,"template":"","format":"standard","meta":{"_monsterinsights_skip_tracking":false,"_monsterinsights_sitenote_active":false,"_monsterinsights_sitenote_note":"","_monsterinsights_sitenote_category":0,"footnotes":""},"categories":[4],"tags":[12079],"class_list":["post"],"yoast_head":" \n<title>Sonora en Equipo. Desnivel Colosio -Soli tiene fecha de apertura 25 de enero: anunci\u00f3 To\u00f1o Astiazar\u00e1n Municipios<\/title>\n<meta name=\"description\" content=\"&nbsp; HERMOSILLO, SONORA, MX. \u2014 El presidente municipal Antonio Astiazar\u00e1n cumplir\u00e1 el pr\u00f3ximo domingo 25 de enero con la entrega formal del paso a En Sonora en Equipo publicamos toda la informaci\u00f3n de Sonora, M\u00e9xico y el Mundo de manera oportuna y busca que la libertad de expresi\u00f3n sea real. Visita nuestro medio informativo publicado desde Hermosillo, Sonora. %\" \/>\n<meta name=\"robots\" content=\"index, follow, max-snippet:-1, max-image-preview:large, max-video-preview:-1\" \/>\n<link rel=\"canonical\" href=\"https:\/\/www.sonoraenequipo.com.mx\/desnivel-colosio-soli-tiene-fecha-de-apertura-25-de-enero-anuncio-tono-astiazaran\/\" \/>\n<meta property=\"og:locale\" content=\"es_ES\" \/>\n<meta property=\"og:type\" content=\"article\" \/>\n<meta property=\"og:title\" content=\"Sonora en Equipo. Desnivel Colosio -Soli tiene fecha de apertura 25 de enero: anunci\u00f3 To\u00f1o Astiazar\u00e1n Municipios\" \/>\n<meta property=\"og:description\" content=\"&nbsp; HERMOSILLO, SONORA, MX. \u2014 El presidente municipal Antonio Astiazar\u00e1n cumplir\u00e1 el pr\u00f3ximo domingo 25 de enero con la entrega formal del paso a En Sonora en Equipo publicamos toda la informaci\u00f3n de Sonora, M\u00e9xico y el Mundo de manera oportuna y busca que la libertad de expresi\u00f3n sea real. Visita nuestro medio informativo publicado desde Hermosillo, Sonora. %\" \/>\n<meta property=\"og:url\" content=\"https:\/\/www.sonoraenequipo.com.mx\/desnivel-colosio-soli-tiene-fecha-de-apertura-25-de-enero-anuncio-tono-astiazaran\/\" \/>\n<meta property=\"og:site_name\" content=\"Sonora en Equipo.\" \/>\n<meta property=\"article:publisher\" content=\"https:\/\/www.facebook.com\/SonoraEE\/\" \/>\n<meta property=\"article:author\" content=\"https:\/\/www.facebook.com\/SonoraEE\" \/>\n<meta property=\"article:published_time\" content=\"2026-01-19T21:57:47+00:00\" \/>\n<meta property=\"og:image\" content=\"https:\/\/www.sonoraenequipo.com.mx\/storage\/2026\/01\/desnivel-colosio-soli-1.jpg\" \/>\n\t<meta property=\"og:image:width\" content=\"600\" \/>\n\t<meta property=\"og:image:height\" content=\"400\" \/>\n\t<meta property=\"og:image:type\" content=\"image\/jpeg\" \/>\n<meta name=\"author\" content=\"enequipo\" \/>\n<meta name=\"twitter:card\" content=\"summary_large_image\" \/>\n<meta name=\"twitter:creator\" content=\"@sonoraenequipo\" \/>\n<meta name=\"twitter:site\" content=\"@sonoraenequipo\" \/>\n<meta name=\"twitter:label1\" content=\"Escrito por\" \/>\n\t<meta name=\"twitter:data1\" content=\"enequipo\" \/>\n\t<meta name=\"twitter:label2\" content=\"Tiempo de lectura\" \/>\n\t<meta name=\"twitter:data2\" content=\"1 minuto\" \/>\n<script type=\"application\/ld+json\" class=\"yoast-schema-graph\">{\"@context\":\"https:\/\/schema.org\",\"@graph\":[{\"@type\":\"Article\",\"@id\":\"https:\/\/www.sonoraenequipo.com.mx\/desnivel-colosio-soli-tiene-fecha-de-apertura-25-de-enero-anuncio-tono-astiazaran\/#article\",\"isPartOf\":{\"@id\":\"https:\/\/www.sonoraenequipo.com.mx\/desnivel-colosio-soli-tiene-fecha-de-apertura-25-de-enero-anuncio-tono-astiazaran\/\"},\"author\":{\"name\":\"enequipo\",\"@id\":\"https:\/\/www.sonoraenequipo.com.mx\/#\/schema\/person\/50102df0fb23a8fa9e8effad8fa81386\"},\"headline\":\"Desnivel Colosio -Soli tiene fecha de apertura 25 de enero: anunci\u00f3 To\u00f1o Astiazar\u00e1n\",\"datePublished\":\"2026-01-19T21:57:47+00:00\",\"mainEntityOfPage\":{\"@id\":\"https:\/\/www.sonoraenequipo.com.mx\/desnivel-colosio-soli-tiene-fecha-de-apertura-25-de-enero-anuncio-tono-astiazaran\/\"},\"wordCount\":303,\"commentCount\":0,\"publisher\":{\"@id\":\"https:\/\/www.sonoraenequipo.com.mx\/#organization\"},\"image\":{\"@id\":\"https:\/\/www.sonoraenequipo.com.mx\/desnivel-colosio-soli-tiene-fecha-de-apertura-25-de-enero-anuncio-tono-astiazaran\/#primaryimage\"},\"thumbnailUrl\":\"https:\/\/www.sonoraenequipo.com.mx\/storage\/2026\/01\/desnivel-colosio-soli-1.jpg\",\"keywords\":[\"desnivel colosio soli\"],\"articleSection\":[\"Municipios\"],\"inLanguage\":\"es\",\"potentialAction\":[{\"@type\":\"CommentAction\",\"name\":\"Comment\",\"target\":[\"https:\/\/www.sonoraenequipo.com.mx\/desnivel-colosio-soli-tiene-fecha-de-apertura-25-de-enero-anuncio-tono-astiazaran\/#respond\"]}]},{\"@type\":\"WebPage\",\"@id\":\"https:\/\/www.sonoraenequipo.com.mx\/desnivel-colosio-soli-tiene-fecha-de-apertura-25-de-enero-anuncio-tono-astiazaran\/\",\"url\":\"https:\/\/www.sonoraenequipo.com.mx\/desnivel-colosio-soli-tiene-fecha-de-apertura-25-de-enero-anuncio-tono-astiazaran\/\",\"name\":\"Sonora en Equipo. Desnivel Colosio -Soli tiene fecha de apertura 25 de enero: anunci\u00f3 To\u00f1o Astiazar\u00e1n Municipios\",\"isPartOf\":{\"@id\":\"https:\/\/www.sonoraenequipo.com.mx\/#website\"},\"primaryImageOfPage\":{\"@id\":\"https:\/\/www.sonoraenequipo.com.mx\/desnivel-colosio-soli-tiene-fecha-de-apertura-25-de-enero-anuncio-tono-astiazaran\/#primaryimage\"},\"image\":{\"@id\":\"https:\/\/www.sonoraenequipo.com.mx\/desnivel-colosio-soli-tiene-fecha-de-apertura-25-de-enero-anuncio-tono-astiazaran\/#primaryimage\"},\"thumbnailUrl\":\"https:\/\/www.sonoraenequipo.com.mx\/storage\/2026\/01\/desnivel-colosio-soli-1.jpg\",\"datePublished\":\"2026-01-19T21:57:47+00:00\",\"description\":\"&nbsp; HERMOSILLO, SONORA, MX. \u2014 El presidente municipal Antonio Astiazar\u00e1n cumplir\u00e1 el pr\u00f3ximo domingo 25 de enero con la entrega formal del paso a En Sonora en Equipo publicamos toda la informaci\u00f3n de Sonora, M\u00e9xico y el Mundo de manera oportuna y busca que la libertad de expresi\u00f3n sea real. Visita nuestro medio informativo publicado desde Hermosillo, Sonora. %\",\"breadcrumb\":{\"@id\":\"https:\/\/www.sonoraenequipo.com.mx\/desnivel-colosio-soli-tiene-fecha-de-apertura-25-de-enero-anuncio-tono-astiazaran\/#breadcrumb\"},\"inLanguage\":\"es\",\"potentialAction\":[{\"@type\":\"ReadAction\",\"target\":[\"https:\/\/www.sonoraenequipo.com.mx\/desnivel-colosio-soli-tiene-fecha-de-apertura-25-de-enero-anuncio-tono-astiazaran\/\"]}]},{\"@type\":\"ImageObject\",\"inLanguage\":\"es\",\"@id\":\"https:\/\/www.sonoraenequipo.com.mx\/desnivel-colosio-soli-tiene-fecha-de-apertura-25-de-enero-anuncio-tono-astiazaran\/#primaryimage\",\"url\":\"https:\/\/www.sonoraenequipo.com.mx\/storage\/2026\/01\/desnivel-colosio-soli-1.jpg\",\"contentUrl\":\"https:\/\/www.sonoraenequipo.com.mx\/storage\/2026\/01\/desnivel-colosio-soli-1.jpg\",\"width\":600,\"height\":400},{\"@type\":\"BreadcrumbList\",\"@id\":\"https:\/\/www.sonoraenequipo.com.mx\/desnivel-colosio-soli-tiene-fecha-de-apertura-25-de-enero-anuncio-tono-astiazaran\/#breadcrumb\",\"itemListElement\":[{\"@type\":\"ListItem\",\"position\":1,\"name\":\"Portada\",\"item\":\"https:\/\/www.sonoraenequipo.com.mx\/\"},{\"@type\":\"ListItem\",\"position\":2,\"name\":\"Desnivel Colosio -Soli tiene fecha de apertura 25 de enero: anunci\u00f3 To\u00f1o Astiazar\u00e1n\"}]},{\"@type\":\"WebSite\",\"@id\":\"https:\/\/www.sonoraenequipo.com.mx\/#website\",\"url\":\"https:\/\/www.sonoraenequipo.com.mx\/\",\"name\":\"Sonora en Equipo.\",\"description\":\"Diario en l\u00ednea con Noticias desde Hermosillo, Sonora\",\"publisher\":{\"@id\":\"https:\/\/www.sonoraenequipo.com.mx\/#organization\"},\"potentialAction\":[{\"@type\":\"SearchAction\",\"target\":{\"@type\":\"EntryPoint\",\"urlTemplate\":\"https:\/\/www.sonoraenequipo.com.mx\/?s={search_term_string}\"},\"query-input\":{\"@type\":\"PropertyValueSpecification\",\"valueRequired\":true,\"valueName\":\"search_term_string\"}}],\"inLanguage\":\"es\"},{\"@type\":\"Organization\",\"@id\":\"https:\/\/www.sonoraenequipo.com.mx\/#organization\",\"name\":\"Sonoraenequipo.com.mx\",\"url\":\"https:\/\/www.sonoraenequipo.com.mx\/\",\"logo\":{\"@type\":\"ImageObject\",\"inLanguage\":\"es\",\"@id\":\"https:\/\/www.sonoraenequipo.com.mx\/#\/schema\/logo\/image\/\",\"url\":\"https:\/\/www.sonoraenequipo.com.mx\/storage\/2019\/01\/sonoraenequipo_opt.png\",\"contentUrl\":\"https:\/\/www.sonoraenequipo.com.mx\/storage\/2019\/01\/sonoraenequipo_opt.png\",\"width\":375,\"height\":125,\"caption\":\"Sonoraenequipo.com.mx\"},\"image\":{\"@id\":\"https:\/\/www.sonoraenequipo.com.mx\/#\/schema\/logo\/image\/\"},\"sameAs\":[\"https:\/\/www.facebook.com\/SonoraEE\/\",\"https:\/\/x.com\/sonoraenequipo\",\"https:\/\/www.youtube.com\/channel\/UC338nW-lPEYmJQs4ZABQ1SQ\"]},{\"@type\":\"Person\",\"@id\":\"https:\/\/www.sonoraenequipo.com.mx\/#\/schema\/person\/50102df0fb23a8fa9e8effad8fa81386\",\"name\":\"enequipo\",\"image\":{\"@type\":\"ImageObject\",\"inLanguage\":\"es\",\"@id\":\"https:\/\/www.sonoraenequipo.com.mx\/#\/schema\/person\/image\/\",\"url\":\"https:\/\/secure.gravatar.com\/avatar\/049821681b589dabc0bc20695993ccebb09f5b5d4d790cd9251b97faac7c652b?s=96&d=blank&r=g\",\"contentUrl\":\"https:\/\/secure.gravatar.com\/avatar\/049821681b589dabc0bc20695993ccebb09f5b5d4d790cd9251b97faac7c652b?s=96&d=blank&r=g\",\"caption\":\"enequipo\"},\"sameAs\":[\"https:\/\/www.facebook.com\/SonoraEE\"]}]}<\/script>\n ","yoast_head_json":{"title":"Sonora en Equipo. Desnivel Colosio -Soli tiene fecha de apertura 25 de enero: anunci\u00f3 To\u00f1o Astiazar\u00e1n Municipios","description":"&nbsp; HERMOSILLO, SONORA, MX. \u2014 El presidente municipal Antonio Astiazar\u00e1n cumplir\u00e1 el pr\u00f3ximo domingo 25 de enero con la entrega formal del paso a En Sonora en Equipo publicamos toda la informaci\u00f3n de Sonora, M\u00e9xico y el Mundo de manera oportuna y busca que la libertad de expresi\u00f3n sea real. Visita nuestro medio informativo publicado desde Hermosillo, Sonora. %","robots":{"index":"index","follow":"follow","max-snippet":"max-snippet:-1","max-image-preview":"max-image-preview:large","max-video-preview":"max-video-preview:-1"},"canonical":"https:\/\/www.sonoraenequipo.com.mx\/desnivel-colosio-soli-tiene-fecha-de-apertura-25-de-enero-anuncio-tono-astiazaran\/","og_locale":"es_ES","og_type":"article","og_title":"Sonora en Equipo. Desnivel Colosio -Soli tiene fecha de apertura 25 de enero: anunci\u00f3 To\u00f1o Astiazar\u00e1n Municipios","og_description":"&nbsp; HERMOSILLO, SONORA, MX. \u2014 El presidente municipal Antonio Astiazar\u00e1n cumplir\u00e1 el pr\u00f3ximo domingo 25 de enero con la entrega formal del paso a En Sonora en Equipo publicamos toda la informaci\u00f3n de Sonora, M\u00e9xico y el Mundo de manera oportuna y busca que la libertad de expresi\u00f3n sea real. Visita nuestro medio informativo publicado desde Hermosillo, Sonora. %","og_url":"https:\/\/www.sonoraenequipo.com.mx\/desnivel-colosio-soli-tiene-fecha-de-apertura-25-de-enero-anuncio-tono-astiazaran\/","og_site_name":"Sonora en Equipo.","article_publisher":"https:\/\/www.facebook.com\/SonoraEE\/","article_author":"https:\/\/www.facebook.com\/SonoraEE","article_published_time":"2026-01-19T21:57:47+00:00","og_image":[{"width":600,"height":400,"url":"https:\/\/www.sonoraenequipo.com.mx\/storage\/2026\/01\/desnivel-colosio-soli-1.jpg","type":"image\/jpeg"}],"author":"enequipo","twitter_card":"summary_large_image","twitter_creator":"@sonoraenequipo","twitter_site":"@sonoraenequipo","twitter_misc":{"Escrito por":"enequipo","Tiempo de lectura":"1 minuto"},"schema":{"@context":"https:\/\/schema.org","@graph":[{"@type":"Article","@id":"https:\/\/www.sonoraenequipo.com.mx\/desnivel-colosio-soli-tiene-fecha-de-apertura-25-de-enero-anuncio-tono-astiazaran\/#article","isPartOf":{"@id":"https:\/\/www.sonoraenequipo.com.mx\/desnivel-colosio-soli-tiene-fecha-de-apertura-25-de-enero-anuncio-tono-astiazaran\/"},"author":{"name":"enequipo","@id":"https:\/\/www.sonoraenequipo.com.mx\/#\/schema\/person\/50102df0fb23a8fa9e8effad8fa81386"},"headline":"Desnivel Colosio -Soli tiene fecha de apertura 25 de enero: anunci\u00f3 To\u00f1o Astiazar\u00e1n","datePublished":"2026-01-19T21:57:47+00:00","mainEntityOfPage":{"@id":"https:\/\/www.sonoraenequipo.com.mx\/desnivel-colosio-soli-tiene-fecha-de-apertura-25-de-enero-anuncio-tono-astiazaran\/"},"wordCount":303,"commentCount":0,"publisher":{"@id":"https:\/\/www.sonoraenequipo.com.mx\/#organization"},"image":{"@id":"https:\/\/www.sonoraenequipo.com.mx\/desnivel-colosio-soli-tiene-fecha-de-apertura-25-de-enero-anuncio-tono-astiazaran\/#primaryimage"},"thumbnailUrl":"https:\/\/www.sonoraenequipo.com.mx\/storage\/2026\/01\/desnivel-colosio-soli-1.jpg","keywords":["desnivel colosio soli"],"articleSection":["Municipios"],"inLanguage":"es","potentialAction":[{"@type":"CommentAction","name":"Comment","target":["https:\/\/www.sonoraenequipo.com.mx\/desnivel-colosio-soli-tiene-fecha-de-apertura-25-de-enero-anuncio-tono-astiazaran\/#respond"]}]},{"@type":"WebPage","@id":"https:\/\/www.sonoraenequipo.com.mx\/desnivel-colosio-soli-tiene-fecha-de-apertura-25-de-enero-anuncio-tono-astiazaran\/","url":"https:\/\/www.sonoraenequipo.com.mx\/desnivel-colosio-soli-tiene-fecha-de-apertura-25-de-enero-anuncio-tono-astiazaran\/","name":"Sonora en Equipo. Desnivel Colosio -Soli tiene fecha de apertura 25 de enero: anunci\u00f3 To\u00f1o Astiazar\u00e1n Municipios","isPartOf":{"@id":"https:\/\/www.sonoraenequipo.com.mx\/#website"},"primaryImageOfPage":{"@id":"https:\/\/www.sonoraenequipo.com.mx\/desnivel-colosio-soli-tiene-fecha-de-apertura-25-de-enero-anuncio-tono-astiazaran\/#primaryimage"},"image":{"@id":"https:\/\/www.sonoraenequipo.com.mx\/desnivel-colosio-soli-tiene-fecha-de-apertura-25-de-enero-anuncio-tono-astiazaran\/#primaryimage"},"thumbnailUrl":"https:\/\/www.sonoraenequipo.com.mx\/storage\/2026\/01\/desnivel-colosio-soli-1.jpg","datePublished":"2026-01-19T21:57:47+00:00","description":"&nbsp; HERMOSILLO, SONORA, MX. \u2014 El presidente municipal Antonio Astiazar\u00e1n cumplir\u00e1 el pr\u00f3ximo domingo 25 de enero con la entrega formal del paso a En Sonora en Equipo publicamos toda la informaci\u00f3n de Sonora, M\u00e9xico y el Mundo de manera oportuna y busca que la libertad de expresi\u00f3n sea real. Visita nuestro medio informativo publicado desde Hermosillo, Sonora. %","breadcrumb":{"@id":"https:\/\/www.sonoraenequipo.com.mx\/desnivel-colosio-soli-tiene-fecha-de-apertura-25-de-enero-anuncio-tono-astiazaran\/#breadcrumb"},"inLanguage":"es","potentialAction":[{"@type":"ReadAction","target":["https:\/\/www.sonoraenequipo.com.mx\/desnivel-colosio-soli-tiene-fecha-de-apertura-25-de-enero-anuncio-tono-astiazaran\/"]}]},{"@type":"ImageObject","inLanguage":"es","@id":"https:\/\/www.sonoraenequipo.com.mx\/desnivel-colosio-soli-tiene-fecha-de-apertura-25-de-enero-anuncio-tono-astiazaran\/#primaryimage","url":"https:\/\/www.sonoraenequipo.com.mx\/storage\/2026\/01\/desnivel-colosio-soli-1.jpg","contentUrl":"https:\/\/www.sonoraenequipo.com.mx\/storage\/2026\/01\/desnivel-colosio-soli-1.jpg","width":600,"height":400},{"@type":"BreadcrumbList","@id":"https:\/\/www.sonoraenequipo.com.mx\/desnivel-colosio-soli-tiene-fecha-de-apertura-25-de-enero-anuncio-tono-astiazaran\/#breadcrumb","itemListElement":[{"@type":"ListItem","position":1,"name":"Portada","item":"https:\/\/www.sonoraenequipo.com.mx\/"},{"@type":"ListItem","position":2,"name":"Desnivel Colosio -Soli tiene fecha de apertura 25 de enero: anunci\u00f3 To\u00f1o Astiazar\u00e1n"}]},{"@type":"WebSite","@id":"https:\/\/www.sonoraenequipo.com.mx\/#website","url":"https:\/\/www.sonoraenequipo.com.mx\/","name":"Sonora en Equipo.","description":"Diario en l\u00ednea con Noticias desde Hermosillo, Sonora","publisher":{"@id":"https:\/\/www.sonoraenequipo.com.mx\/#organization"},"potentialAction":[{"@type":"SearchAction","target":{"@type":"EntryPoint","urlTemplate":"https:\/\/www.sonoraenequipo.com.mx\/?s={search_term_string}"},"query-input":{"@type":"PropertyValueSpecification","valueRequired":true,"valueName":"search_term_string"}}],"inLanguage":"es"},{"@type":"Organization","@id":"https:\/\/www.sonoraenequipo.com.mx\/#organization","name":"Sonoraenequipo.com.mx","url":"https:\/\/www.sonoraenequipo.com.mx\/","logo":{"@type":"ImageObject","inLanguage":"es","@id":"https:\/\/www.sonoraenequipo.com.mx\/#\/schema\/logo\/image\/","url":"https:\/\/www.sonoraenequipo.com.mx\/storage\/2019\/01\/sonoraenequipo_opt.png","contentUrl":"https:\/\/www.sonoraenequipo.com.mx\/storage\/2019\/01\/sonoraenequipo_opt.png","width":375,"height":125,"caption":"Sonoraenequipo.com.mx"},"image":{"@id":"https:\/\/www.sonoraenequipo.com.mx\/#\/schema\/logo\/image\/"},"sameAs":["https:\/\/www.facebook.com\/SonoraEE\/","https:\/\/x.com\/sonoraenequipo","https:\/\/www.youtube.com\/channel\/UC338nW-lPEYmJQs4ZABQ1SQ"]},{"@type":"Person","@id":"https:\/\/www.sonoraenequipo.com.mx\/#\/schema\/person\/50102df0fb23a8fa9e8effad8fa81386","name":"enequipo","image":{"@type":"ImageObject","inLanguage":"es","@id":"https:\/\/www.sonoraenequipo.com.mx\/#\/schema\/person\/image\/","url":"https:\/\/secure.gravatar.com\/avatar\/049821681b589dabc0bc20695993ccebb09f5b5d4d790cd9251b97faac7c652b?s=96&d=blank&r=g","contentUrl":"https:\/\/secure.gravatar.com\/avatar\/049821681b589dabc0bc20695993ccebb09f5b5d4d790cd9251b97faac7c652b?s=96&d=blank&r=g","caption":"enequipo"},"sameAs":["https:\/\/www.facebook.com\/SonoraEE"]}]}},"jetpack_featured_media_url":"https:\/\/www.sonoraenequipo.com.mx\/storage\/2026\/01\/desnivel-colosio-soli-1.jpg","_links":{"self":[{"href":"https:\/\/www.sonoraenequipo.com.mx\/api\/wp\/v2\/posts\/233389","targetHints":{"allow":["GET"]}}],"collection":[{"href":"https:\/\/www.sonoraenequipo.com.mx\/api\/wp\/v2\/posts"}],"about":[{"href":"https:\/\/www.sonoraenequipo.com.mx\/api\/wp\/v2\/types\/post"}],"author":[{"embeddable":true,"href":"https:\/\/www.sonoraenequipo.com.mx\/api\/wp\/v2\/users\/1"}],"replies":[{"embeddable":true,"href":"https:\/\/www.sonoraenequipo.com.mx\/api\/wp\/v2\/comments?post=233389"}],"version-history":[{"count":1,"href":"https:\/\/www.sonoraenequipo.com.mx\/api\/wp\/v2\/posts\/233389\/revisions"}],"predecessor-version":[{"id":233392,"href":"https:\/\/www.sonoraenequipo.com.mx\/api\/wp\/v2\/posts\/233389\/revisions\/233392"}],"wp:featuredmedia":[{"embeddable":true,"href":"https:\/\/www.sonoraenequipo.com.mx\/api\/wp\/v2\/media\/233390"}],"wp:attachment":[{"href":"https:\/\/www.sonoraenequipo.com.mx\/api\/wp\/v2\/media?parent=233389"}],"wp:term":[{"taxonomy":"category","embeddable":true,"href":"https:\/\/www.sonoraenequipo.com.mx\/api\/wp\/v2\/categories?post=233389"},{"taxonomy":"post_tag","embeddable":true,"href":"https:\/\/www.sonoraenequipo.com.mx\/api\/wp\/v2\/tags?post=233389"}],"curies":[{"name":"wp","href":"https:\/\/api.w.org\/{rel}","templated":true}]}}