{"id":233405,"date":"2026-01-19T17:22:59","date_gmt":"2026-01-20T00:22:59","guid":{"rendered":"https:\/\/www.sonoraenequipo.com.mx\/?p=233405"},"modified":"2026-01-19T17:22:59","modified_gmt":"2026-01-20T00:22:59","slug":"proteccion-civil-alerta-por-lluvias-y-frio-en-sonora","status":"publish","type":"post","link":"https:\/\/www.sonoraenequipo.com.mx\/proteccion-civil-alerta-por-lluvias-y-frio-en-sonora\/","title":{"rendered":"Protecci\u00f3n Civil alerta por lluvias y fr\u00edo en Sonora"},"content":{"rendered":"<p>&nbsp;<\/p>\n<p><strong>HERMOSILLO, SONORA, MX.<\/strong> \u2014 La Coordinaci\u00f3n Estatal de Protecci\u00f3n Civil (CEPC) informa que durante esta semana se presentar\u00e1n probabilidades de precipitaciones pluviales.<\/p>\n<p>&nbsp;<\/p>\n<p>&nbsp;<\/p>\n<p>&nbsp;<\/p>\n<p>Durante la primera mitad de la semana, un canal de baja presi\u00f3n, en combinaci\u00f3n con la corriente en chorro subtropical, generar\u00e1 cielos parcialmente nublados con probabilidad de lluvias ligeras a moderadas para los municipios del sur del estado.<\/p>\n<p>&nbsp;<\/p>\n<p>&nbsp;<\/p>\n<p>&nbsp;<\/p>\n<p>Asimismo, continuar\u00e1 un ambiente fr\u00edo a muy fr\u00edo sobre municipios de la sierra, con temperaturas de -5 \u00b0C a 0 \u00b0C, con posibles heladas. Por su parte, para el resto del estado, las temperaturas m\u00ednimas oscilar\u00e1n entre los 7 \u00b0C y los 15 \u00b0C.<\/p>\n<p>&nbsp;<\/p>\n<p>&nbsp;<\/p>\n<p>&nbsp;<\/p>\n<p>Durante la segunda mitad de la semana, el viernes, un nuevo frente fr\u00edo ingresar\u00e1 sobre el noroeste del pa\u00eds; dicho sistema, en combinaci\u00f3n con una vaguada en altura, ocasionar\u00e1 un descenso notorio de temperaturas en todo el territorio, y simult\u00e1neamente generar\u00e1 lluvias de moderadas a fuertes durante el fin de semana sobre la mayor parte de Sonora.<\/p>\n<p>&nbsp;<\/p>\n<p>&nbsp;<\/p>\n<p>&nbsp;<\/p>\n<p>Finalmente, dicho sistema mantiene la posibilidad de ca\u00edda de nieve y aguanieve sobre los puntos m\u00e1s altos de la sierra para el domingo.<\/p>\n<p>&nbsp;<\/p>\n<p>&nbsp;<\/p>\n<p>&nbsp;<\/p>\n<p>Durante los pr\u00f3ximos d\u00edas se esperan temperaturas bajas, principalmente durante las noches y las ma\u00f1anas, por lo que se recomienda a la poblaci\u00f3n abrigarse bien y evitar largas exposiciones a las bajas temperaturas.<\/p>\n<p>&nbsp;<\/p>\n<p>&nbsp;<\/p>\n<p>&nbsp;<\/p>\n<p>Tambi\u00e9n se recomienda revisar el correcto funcionamiento de los calentadores de ambiente y evitar utilizar aquellos que puedan generar mon\u00f3xido de carbono en el interior del hogar.<\/p>\n<p>&nbsp;<\/p>\n<p>&nbsp;<\/p>\n<p>&nbsp;<\/p>\n<p>Bajas temperaturas y frentes fr\u00edos<\/p>\n<p>&nbsp;<\/p>\n<ul>\n<li>Abrigarse adecuadamente, cubriendo cabeza, manos y pies.<\/li>\n<\/ul>\n<p>&nbsp;<\/p>\n<ul>\n<li>Evitar cambios bruscos de temperatura.<\/li>\n<\/ul>\n<p>&nbsp;<\/p>\n<ul>\n<li>Consumir alimentos ricos en vitamina C y mantenerse hidratado.<\/li>\n<\/ul>\n<p>&nbsp;<\/p>\n<ul>\n<li>Poner especial atenci\u00f3n a ni\u00f1as, ni\u00f1os, adultos mayores y personas enfermas.<\/li>\n<\/ul>\n<p>&nbsp;<\/p>\n<ul>\n<li>No automedicarse; acudir al centro de salud ante s\u00edntomas respiratorios.<\/li>\n<\/ul>\n<p>Uso seguro de calentadores y fogones<\/p>\n<p>&nbsp;<\/p>\n<ul>\n<li>No usar anafres, braseros o carb\u00f3n dentro de espacios cerrados.<\/li>\n<\/ul>\n<p>&nbsp;<\/p>\n<ul>\n<li>Mantener ventilaci\u00f3n adecuada si se usan calentadores.<\/li>\n<\/ul>\n<p>&nbsp;<\/p>\n<ul>\n<li>Revisar que estufas y calentadores est\u00e9n en buen estado.<\/li>\n<\/ul>\n<p>&nbsp;<\/p>\n<ul>\n<li>Apagar calentadores antes de dormir o salir de casa.<\/li>\n<\/ul>\n<p>&nbsp;<\/p>\n<ul>\n<li>Instalar detectores de mon\u00f3xido de carbono si es posible.<\/li>\n<\/ul>\n<p><strong>Fecha de publicaci\u00f3n lunes 19 de enero de 2026<\/strong><\/p>\n","protected":false},"excerpt":{"rendered":"<p>&nbsp; HERMOSILLO, SONORA, MX. \u2014 La Coordinaci\u00f3n Estatal de Protecci\u00f3n Civil (CEPC) informa que durante&#8230;<\/p>\n","protected":false},"author":1,"featured_media":233406,"comment_status":"open","ping_status":"open","sticky":false,"template":"","format":"standard","meta":{"_monsterinsights_skip_tracking":false,"_monsterinsights_sitenote_active":false,"_monsterinsights_sitenote_note":"","_monsterinsights_sitenote_category":0,"footnotes":""},"categories":[22],"tags":[12266],"class_list":["post"],"yoast_head":" \n<title>Sonora en Equipo. Protecci\u00f3n Civil alerta por lluvias y fr\u00edo en Sonora Sonora<\/title>\n<meta name=\"description\" content=\"&nbsp; HERMOSILLO, SONORA, MX. \u2014 La Coordinaci\u00f3n Estatal de Protecci\u00f3n Civil (CEPC) informa que durante esta semana se presentar\u00e1n probabilidades de En Sonora en Equipo publicamos toda la informaci\u00f3n de Sonora, M\u00e9xico y el Mundo de manera oportuna y busca que la libertad de expresi\u00f3n sea real. Visita nuestro medio informativo publicado desde Hermosillo, Sonora. %\" \/>\n<meta name=\"robots\" content=\"index, follow, max-snippet:-1, max-image-preview:large, max-video-preview:-1\" \/>\n<link rel=\"canonical\" href=\"https:\/\/www.sonoraenequipo.com.mx\/proteccion-civil-alerta-por-lluvias-y-frio-en-sonora\/\" \/>\n<meta property=\"og:locale\" content=\"es_ES\" \/>\n<meta property=\"og:type\" content=\"article\" \/>\n<meta property=\"og:title\" content=\"Sonora en Equipo. Protecci\u00f3n Civil alerta por lluvias y fr\u00edo en Sonora Sonora\" \/>\n<meta property=\"og:description\" content=\"&nbsp; HERMOSILLO, SONORA, MX. \u2014 La Coordinaci\u00f3n Estatal de Protecci\u00f3n Civil (CEPC) informa que durante esta semana se presentar\u00e1n probabilidades de En Sonora en Equipo publicamos toda la informaci\u00f3n de Sonora, M\u00e9xico y el Mundo de manera oportuna y busca que la libertad de expresi\u00f3n sea real. Visita nuestro medio informativo publicado desde Hermosillo, Sonora. %\" \/>\n<meta property=\"og:url\" content=\"https:\/\/www.sonoraenequipo.com.mx\/proteccion-civil-alerta-por-lluvias-y-frio-en-sonora\/\" \/>\n<meta property=\"og:site_name\" content=\"Sonora en Equipo.\" \/>\n<meta property=\"article:publisher\" content=\"https:\/\/www.facebook.com\/SonoraEE\/\" \/>\n<meta property=\"article:author\" content=\"https:\/\/www.facebook.com\/SonoraEE\" \/>\n<meta property=\"article:published_time\" content=\"2026-01-20T00:22:59+00:00\" \/>\n<meta property=\"og:image\" content=\"https:\/\/www.sonoraenequipo.com.mx\/storage\/2026\/01\/lluvia-frio.jpg\" \/>\n\t<meta property=\"og:image:width\" content=\"600\" \/>\n\t<meta property=\"og:image:height\" content=\"400\" \/>\n\t<meta property=\"og:image:type\" content=\"image\/jpeg\" \/>\n<meta name=\"author\" content=\"enequipo\" \/>\n<meta name=\"twitter:card\" content=\"summary_large_image\" \/>\n<meta name=\"twitter:creator\" content=\"@sonoraenequipo\" \/>\n<meta name=\"twitter:site\" content=\"@sonoraenequipo\" \/>\n<meta name=\"twitter:label1\" content=\"Escrito por\" \/>\n\t<meta name=\"twitter:data1\" content=\"enequipo\" \/>\n\t<meta name=\"twitter:label2\" content=\"Tiempo de lectura\" \/>\n\t<meta name=\"twitter:data2\" content=\"2 minutos\" \/>\n<script type=\"application\/ld+json\" class=\"yoast-schema-graph\">{\"@context\":\"https:\/\/schema.org\",\"@graph\":[{\"@type\":\"Article\",\"@id\":\"https:\/\/www.sonoraenequipo.com.mx\/proteccion-civil-alerta-por-lluvias-y-frio-en-sonora\/#article\",\"isPartOf\":{\"@id\":\"https:\/\/www.sonoraenequipo.com.mx\/proteccion-civil-alerta-por-lluvias-y-frio-en-sonora\/\"},\"author\":{\"name\":\"enequipo\",\"@id\":\"https:\/\/www.sonoraenequipo.com.mx\/#\/schema\/person\/50102df0fb23a8fa9e8effad8fa81386\"},\"headline\":\"Protecci\u00f3n Civil alerta por lluvias y fr\u00edo en Sonora\",\"datePublished\":\"2026-01-20T00:22:59+00:00\",\"mainEntityOfPage\":{\"@id\":\"https:\/\/www.sonoraenequipo.com.mx\/proteccion-civil-alerta-por-lluvias-y-frio-en-sonora\/\"},\"wordCount\":418,\"commentCount\":0,\"publisher\":{\"@id\":\"https:\/\/www.sonoraenequipo.com.mx\/#organization\"},\"image\":{\"@id\":\"https:\/\/www.sonoraenequipo.com.mx\/proteccion-civil-alerta-por-lluvias-y-frio-en-sonora\/#primaryimage\"},\"thumbnailUrl\":\"https:\/\/www.sonoraenequipo.com.mx\/storage\/2026\/01\/lluvia-frio.jpg\",\"keywords\":[\"lluvias y fr\u00edo\"],\"articleSection\":[\"Sonora\"],\"inLanguage\":\"es\",\"potentialAction\":[{\"@type\":\"CommentAction\",\"name\":\"Comment\",\"target\":[\"https:\/\/www.sonoraenequipo.com.mx\/proteccion-civil-alerta-por-lluvias-y-frio-en-sonora\/#respond\"]}]},{\"@type\":\"WebPage\",\"@id\":\"https:\/\/www.sonoraenequipo.com.mx\/proteccion-civil-alerta-por-lluvias-y-frio-en-sonora\/\",\"url\":\"https:\/\/www.sonoraenequipo.com.mx\/proteccion-civil-alerta-por-lluvias-y-frio-en-sonora\/\",\"name\":\"Sonora en Equipo. Protecci\u00f3n Civil alerta por lluvias y fr\u00edo en Sonora Sonora\",\"isPartOf\":{\"@id\":\"https:\/\/www.sonoraenequipo.com.mx\/#website\"},\"primaryImageOfPage\":{\"@id\":\"https:\/\/www.sonoraenequipo.com.mx\/proteccion-civil-alerta-por-lluvias-y-frio-en-sonora\/#primaryimage\"},\"image\":{\"@id\":\"https:\/\/www.sonoraenequipo.com.mx\/proteccion-civil-alerta-por-lluvias-y-frio-en-sonora\/#primaryimage\"},\"thumbnailUrl\":\"https:\/\/www.sonoraenequipo.com.mx\/storage\/2026\/01\/lluvia-frio.jpg\",\"datePublished\":\"2026-01-20T00:22:59+00:00\",\"description\":\"&nbsp; HERMOSILLO, SONORA, MX. \u2014 La Coordinaci\u00f3n Estatal de Protecci\u00f3n Civil (CEPC) informa que durante esta semana se presentar\u00e1n probabilidades de En Sonora en Equipo publicamos toda la informaci\u00f3n de Sonora, M\u00e9xico y el Mundo de manera oportuna y busca que la libertad de expresi\u00f3n sea real. Visita nuestro medio informativo publicado desde Hermosillo, Sonora. %\",\"breadcrumb\":{\"@id\":\"https:\/\/www.sonoraenequipo.com.mx\/proteccion-civil-alerta-por-lluvias-y-frio-en-sonora\/#breadcrumb\"},\"inLanguage\":\"es\",\"potentialAction\":[{\"@type\":\"ReadAction\",\"target\":[\"https:\/\/www.sonoraenequipo.com.mx\/proteccion-civil-alerta-por-lluvias-y-frio-en-sonora\/\"]}]},{\"@type\":\"ImageObject\",\"inLanguage\":\"es\",\"@id\":\"https:\/\/www.sonoraenequipo.com.mx\/proteccion-civil-alerta-por-lluvias-y-frio-en-sonora\/#primaryimage\",\"url\":\"https:\/\/www.sonoraenequipo.com.mx\/storage\/2026\/01\/lluvia-frio.jpg\",\"contentUrl\":\"https:\/\/www.sonoraenequipo.com.mx\/storage\/2026\/01\/lluvia-frio.jpg\",\"width\":600,\"height\":400,\"caption\":\"joven con fr\u00edo en la lluvia. Imagen Istock\"},{\"@type\":\"BreadcrumbList\",\"@id\":\"https:\/\/www.sonoraenequipo.com.mx\/proteccion-civil-alerta-por-lluvias-y-frio-en-sonora\/#breadcrumb\",\"itemListElement\":[{\"@type\":\"ListItem\",\"position\":1,\"name\":\"Portada\",\"item\":\"https:\/\/www.sonoraenequipo.com.mx\/\"},{\"@type\":\"ListItem\",\"position\":2,\"name\":\"Protecci\u00f3n Civil alerta por lluvias y fr\u00edo en Sonora\"}]},{\"@type\":\"WebSite\",\"@id\":\"https:\/\/www.sonoraenequipo.com.mx\/#website\",\"url\":\"https:\/\/www.sonoraenequipo.com.mx\/\",\"name\":\"Sonora en Equipo.\",\"description\":\"Diario en l\u00ednea con Noticias desde Hermosillo, Sonora\",\"publisher\":{\"@id\":\"https:\/\/www.sonoraenequipo.com.mx\/#organization\"},\"potentialAction\":[{\"@type\":\"SearchAction\",\"target\":{\"@type\":\"EntryPoint\",\"urlTemplate\":\"https:\/\/www.sonoraenequipo.com.mx\/?s={search_term_string}\"},\"query-input\":{\"@type\":\"PropertyValueSpecification\",\"valueRequired\":true,\"valueName\":\"search_term_string\"}}],\"inLanguage\":\"es\"},{\"@type\":\"Organization\",\"@id\":\"https:\/\/www.sonoraenequipo.com.mx\/#organization\",\"name\":\"Sonoraenequipo.com.mx\",\"url\":\"https:\/\/www.sonoraenequipo.com.mx\/\",\"logo\":{\"@type\":\"ImageObject\",\"inLanguage\":\"es\",\"@id\":\"https:\/\/www.sonoraenequipo.com.mx\/#\/schema\/logo\/image\/\",\"url\":\"https:\/\/www.sonoraenequipo.com.mx\/storage\/2019\/01\/sonoraenequipo_opt.png\",\"contentUrl\":\"https:\/\/www.sonoraenequipo.com.mx\/storage\/2019\/01\/sonoraenequipo_opt.png\",\"width\":375,\"height\":125,\"caption\":\"Sonoraenequipo.com.mx\"},\"image\":{\"@id\":\"https:\/\/www.sonoraenequipo.com.mx\/#\/schema\/logo\/image\/\"},\"sameAs\":[\"https:\/\/www.facebook.com\/SonoraEE\/\",\"https:\/\/x.com\/sonoraenequipo\",\"https:\/\/www.youtube.com\/channel\/UC338nW-lPEYmJQs4ZABQ1SQ\"]},{\"@type\":\"Person\",\"@id\":\"https:\/\/www.sonoraenequipo.com.mx\/#\/schema\/person\/50102df0fb23a8fa9e8effad8fa81386\",\"name\":\"enequipo\",\"image\":{\"@type\":\"ImageObject\",\"inLanguage\":\"es\",\"@id\":\"https:\/\/www.sonoraenequipo.com.mx\/#\/schema\/person\/image\/\",\"url\":\"https:\/\/secure.gravatar.com\/avatar\/049821681b589dabc0bc20695993ccebb09f5b5d4d790cd9251b97faac7c652b?s=96&d=blank&r=g\",\"contentUrl\":\"https:\/\/secure.gravatar.com\/avatar\/049821681b589dabc0bc20695993ccebb09f5b5d4d790cd9251b97faac7c652b?s=96&d=blank&r=g\",\"caption\":\"enequipo\"},\"sameAs\":[\"https:\/\/www.facebook.com\/SonoraEE\"]}]}<\/script>\n ","yoast_head_json":{"title":"Sonora en Equipo. Protecci\u00f3n Civil alerta por lluvias y fr\u00edo en Sonora Sonora","description":"&nbsp; HERMOSILLO, SONORA, MX. \u2014 La Coordinaci\u00f3n Estatal de Protecci\u00f3n Civil (CEPC) informa que durante esta semana se presentar\u00e1n probabilidades de En Sonora en Equipo publicamos toda la informaci\u00f3n de Sonora, M\u00e9xico y el Mundo de manera oportuna y busca que la libertad de expresi\u00f3n sea real. Visita nuestro medio informativo publicado desde Hermosillo, Sonora. %","robots":{"index":"index","follow":"follow","max-snippet":"max-snippet:-1","max-image-preview":"max-image-preview:large","max-video-preview":"max-video-preview:-1"},"canonical":"https:\/\/www.sonoraenequipo.com.mx\/proteccion-civil-alerta-por-lluvias-y-frio-en-sonora\/","og_locale":"es_ES","og_type":"article","og_title":"Sonora en Equipo. Protecci\u00f3n Civil alerta por lluvias y fr\u00edo en Sonora Sonora","og_description":"&nbsp; HERMOSILLO, SONORA, MX. \u2014 La Coordinaci\u00f3n Estatal de Protecci\u00f3n Civil (CEPC) informa que durante esta semana se presentar\u00e1n probabilidades de En Sonora en Equipo publicamos toda la informaci\u00f3n de Sonora, M\u00e9xico y el Mundo de manera oportuna y busca que la libertad de expresi\u00f3n sea real. Visita nuestro medio informativo publicado desde Hermosillo, Sonora. %","og_url":"https:\/\/www.sonoraenequipo.com.mx\/proteccion-civil-alerta-por-lluvias-y-frio-en-sonora\/","og_site_name":"Sonora en Equipo.","article_publisher":"https:\/\/www.facebook.com\/SonoraEE\/","article_author":"https:\/\/www.facebook.com\/SonoraEE","article_published_time":"2026-01-20T00:22:59+00:00","og_image":[{"width":600,"height":400,"url":"https:\/\/www.sonoraenequipo.com.mx\/storage\/2026\/01\/lluvia-frio.jpg","type":"image\/jpeg"}],"author":"enequipo","twitter_card":"summary_large_image","twitter_creator":"@sonoraenequipo","twitter_site":"@sonoraenequipo","twitter_misc":{"Escrito por":"enequipo","Tiempo de lectura":"2 minutos"},"schema":{"@context":"https:\/\/schema.org","@graph":[{"@type":"Article","@id":"https:\/\/www.sonoraenequipo.com.mx\/proteccion-civil-alerta-por-lluvias-y-frio-en-sonora\/#article","isPartOf":{"@id":"https:\/\/www.sonoraenequipo.com.mx\/proteccion-civil-alerta-por-lluvias-y-frio-en-sonora\/"},"author":{"name":"enequipo","@id":"https:\/\/www.sonoraenequipo.com.mx\/#\/schema\/person\/50102df0fb23a8fa9e8effad8fa81386"},"headline":"Protecci\u00f3n Civil alerta por lluvias y fr\u00edo en Sonora","datePublished":"2026-01-20T00:22:59+00:00","mainEntityOfPage":{"@id":"https:\/\/www.sonoraenequipo.com.mx\/proteccion-civil-alerta-por-lluvias-y-frio-en-sonora\/"},"wordCount":418,"commentCount":0,"publisher":{"@id":"https:\/\/www.sonoraenequipo.com.mx\/#organization"},"image":{"@id":"https:\/\/www.sonoraenequipo.com.mx\/proteccion-civil-alerta-por-lluvias-y-frio-en-sonora\/#primaryimage"},"thumbnailUrl":"https:\/\/www.sonoraenequipo.com.mx\/storage\/2026\/01\/lluvia-frio.jpg","keywords":["lluvias y fr\u00edo"],"articleSection":["Sonora"],"inLanguage":"es","potentialAction":[{"@type":"CommentAction","name":"Comment","target":["https:\/\/www.sonoraenequipo.com.mx\/proteccion-civil-alerta-por-lluvias-y-frio-en-sonora\/#respond"]}]},{"@type":"WebPage","@id":"https:\/\/www.sonoraenequipo.com.mx\/proteccion-civil-alerta-por-lluvias-y-frio-en-sonora\/","url":"https:\/\/www.sonoraenequipo.com.mx\/proteccion-civil-alerta-por-lluvias-y-frio-en-sonora\/","name":"Sonora en Equipo. Protecci\u00f3n Civil alerta por lluvias y fr\u00edo en Sonora Sonora","isPartOf":{"@id":"https:\/\/www.sonoraenequipo.com.mx\/#website"},"primaryImageOfPage":{"@id":"https:\/\/www.sonoraenequipo.com.mx\/proteccion-civil-alerta-por-lluvias-y-frio-en-sonora\/#primaryimage"},"image":{"@id":"https:\/\/www.sonoraenequipo.com.mx\/proteccion-civil-alerta-por-lluvias-y-frio-en-sonora\/#primaryimage"},"thumbnailUrl":"https:\/\/www.sonoraenequipo.com.mx\/storage\/2026\/01\/lluvia-frio.jpg","datePublished":"2026-01-20T00:22:59+00:00","description":"&nbsp; HERMOSILLO, SONORA, MX. \u2014 La Coordinaci\u00f3n Estatal de Protecci\u00f3n Civil (CEPC) informa que durante esta semana se presentar\u00e1n probabilidades de En Sonora en Equipo publicamos toda la informaci\u00f3n de Sonora, M\u00e9xico y el Mundo de manera oportuna y busca que la libertad de expresi\u00f3n sea real. Visita nuestro medio informativo publicado desde Hermosillo, Sonora. %","breadcrumb":{"@id":"https:\/\/www.sonoraenequipo.com.mx\/proteccion-civil-alerta-por-lluvias-y-frio-en-sonora\/#breadcrumb"},"inLanguage":"es","potentialAction":[{"@type":"ReadAction","target":["https:\/\/www.sonoraenequipo.com.mx\/proteccion-civil-alerta-por-lluvias-y-frio-en-sonora\/"]}]},{"@type":"ImageObject","inLanguage":"es","@id":"https:\/\/www.sonoraenequipo.com.mx\/proteccion-civil-alerta-por-lluvias-y-frio-en-sonora\/#primaryimage","url":"https:\/\/www.sonoraenequipo.com.mx\/storage\/2026\/01\/lluvia-frio.jpg","contentUrl":"https:\/\/www.sonoraenequipo.com.mx\/storage\/2026\/01\/lluvia-frio.jpg","width":600,"height":400,"caption":"joven con fr\u00edo en la lluvia. Imagen Istock"},{"@type":"BreadcrumbList","@id":"https:\/\/www.sonoraenequipo.com.mx\/proteccion-civil-alerta-por-lluvias-y-frio-en-sonora\/#breadcrumb","itemListElement":[{"@type":"ListItem","position":1,"name":"Portada","item":"https:\/\/www.sonoraenequipo.com.mx\/"},{"@type":"ListItem","position":2,"name":"Protecci\u00f3n Civil alerta por lluvias y fr\u00edo en Sonora"}]},{"@type":"WebSite","@id":"https:\/\/www.sonoraenequipo.com.mx\/#website","url":"https:\/\/www.sonoraenequipo.com.mx\/","name":"Sonora en Equipo.","description":"Diario en l\u00ednea con Noticias desde Hermosillo, Sonora","publisher":{"@id":"https:\/\/www.sonoraenequipo.com.mx\/#organization"},"potentialAction":[{"@type":"SearchAction","target":{"@type":"EntryPoint","urlTemplate":"https:\/\/www.sonoraenequipo.com.mx\/?s={search_term_string}"},"query-input":{"@type":"PropertyValueSpecification","valueRequired":true,"valueName":"search_term_string"}}],"inLanguage":"es"},{"@type":"Organization","@id":"https:\/\/www.sonoraenequipo.com.mx\/#organization","name":"Sonoraenequipo.com.mx","url":"https:\/\/www.sonoraenequipo.com.mx\/","logo":{"@type":"ImageObject","inLanguage":"es","@id":"https:\/\/www.sonoraenequipo.com.mx\/#\/schema\/logo\/image\/","url":"https:\/\/www.sonoraenequipo.com.mx\/storage\/2019\/01\/sonoraenequipo_opt.png","contentUrl":"https:\/\/www.sonoraenequipo.com.mx\/storage\/2019\/01\/sonoraenequipo_opt.png","width":375,"height":125,"caption":"Sonoraenequipo.com.mx"},"image":{"@id":"https:\/\/www.sonoraenequipo.com.mx\/#\/schema\/logo\/image\/"},"sameAs":["https:\/\/www.facebook.com\/SonoraEE\/","https:\/\/x.com\/sonoraenequipo","https:\/\/www.youtube.com\/channel\/UC338nW-lPEYmJQs4ZABQ1SQ"]},{"@type":"Person","@id":"https:\/\/www.sonoraenequipo.com.mx\/#\/schema\/person\/50102df0fb23a8fa9e8effad8fa81386","name":"enequipo","image":{"@type":"ImageObject","inLanguage":"es","@id":"https:\/\/www.sonoraenequipo.com.mx\/#\/schema\/person\/image\/","url":"https:\/\/secure.gravatar.com\/avatar\/049821681b589dabc0bc20695993ccebb09f5b5d4d790cd9251b97faac7c652b?s=96&d=blank&r=g","contentUrl":"https:\/\/secure.gravatar.com\/avatar\/049821681b589dabc0bc20695993ccebb09f5b5d4d790cd9251b97faac7c652b?s=96&d=blank&r=g","caption":"enequipo"},"sameAs":["https:\/\/www.facebook.com\/SonoraEE"]}]}},"jetpack_featured_media_url":"https:\/\/www.sonoraenequipo.com.mx\/storage\/2026\/01\/lluvia-frio.jpg","_links":{"self":[{"href":"https:\/\/www.sonoraenequipo.com.mx\/api\/wp\/v2\/posts\/233405","targetHints":{"allow":["GET"]}}],"collection":[{"href":"https:\/\/www.sonoraenequipo.com.mx\/api\/wp\/v2\/posts"}],"about":[{"href":"https:\/\/www.sonoraenequipo.com.mx\/api\/wp\/v2\/types\/post"}],"author":[{"embeddable":true,"href":"https:\/\/www.sonoraenequipo.com.mx\/api\/wp\/v2\/users\/1"}],"replies":[{"embeddable":true,"href":"https:\/\/www.sonoraenequipo.com.mx\/api\/wp\/v2\/comments?post=233405"}],"version-history":[{"count":1,"href":"https:\/\/www.sonoraenequipo.com.mx\/api\/wp\/v2\/posts\/233405\/revisions"}],"predecessor-version":[{"id":233407,"href":"https:\/\/www.sonoraenequipo.com.mx\/api\/wp\/v2\/posts\/233405\/revisions\/233407"}],"wp:featuredmedia":[{"embeddable":true,"href":"https:\/\/www.sonoraenequipo.com.mx\/api\/wp\/v2\/media\/233406"}],"wp:attachment":[{"href":"https:\/\/www.sonoraenequipo.com.mx\/api\/wp\/v2\/media?parent=233405"}],"wp:term":[{"taxonomy":"category","embeddable":true,"href":"https:\/\/www.sonoraenequipo.com.mx\/api\/wp\/v2\/categories?post=233405"},{"taxonomy":"post_tag","embeddable":true,"href":"https:\/\/www.sonoraenequipo.com.mx\/api\/wp\/v2\/tags?post=233405"}],"curies":[{"name":"wp","href":"https:\/\/api.w.org\/{rel}","templated":true}]}}