{"id":233424,"date":"2026-01-19T21:36:20","date_gmt":"2026-01-20T04:36:20","guid":{"rendered":"https:\/\/www.sonoraenequipo.com.mx\/?p=233424"},"modified":"2026-01-20T10:55:29","modified_gmt":"2026-01-20T17:55:29","slug":"acciones-preventivas-logran-reduccion-del-6-en-consumo-de-alcohol-en-adolescentes-ssp","status":"publish","type":"post","link":"https:\/\/www.sonoraenequipo.com.mx\/acciones-preventivas-logran-reduccion-del-6-en-consumo-de-alcohol-en-adolescentes-ssp\/","title":{"rendered":"Acciones preventivas logran reducci\u00f3n del 6 % en consumo de alcohol en adolescentes: SSP"},"content":{"rendered":"<p><strong>HERMOSILLO, SONORA. MX. \u2014\u00a0<\/strong> La Secretar\u00eda de Salud P\u00fablica (SSP) del Gobierno de Sonora inform\u00f3 que, de acuerdo con la m\u00e1s reciente Encuesta Nacional de Consumo de Drogas, Alcohol y Tabaco, el consumo recurrente de alcohol en adolescentes en la regi\u00f3n Pen\u00ednsula Norte, que incluye a Sonora, registr\u00f3 una disminuci\u00f3n aproximada del seis por ciento en los \u00faltimos a\u00f1os, como reflejo de los avances en las acciones de prevenci\u00f3n implementadas en el estado.<\/p>\n<p>&nbsp;<\/p>\n<p>&nbsp;<\/p>\n<p> <\/p>\n<p>La misma encuesta se\u00f1ala que, en un periodo de ocho a\u00f1os, el consumo de alcohol en la poblaci\u00f3n general de la regi\u00f3n aument\u00f3 solo un uno por ciento; sin embargo, entre las mujeres se observ\u00f3 una reducci\u00f3n del dos por ciento en la poblaci\u00f3n general y de alrededor del ocho por ciento en adolescentes, lo que evidencia resultados positivos derivados del trabajo preventivo sostenido.<\/p>\n<p>&nbsp;<\/p>\n<p>&nbsp;<\/p>\n<p>El director de Salud Mental del estado, doctor Jos\u00e9 Luis Garibaldi Zamora, explic\u00f3 que Sonora cuenta con un sistema de vigilancia epidemiol\u00f3gica en adicciones que permite dar seguimiento puntual a estos comportamientos. Indic\u00f3 que, seg\u00fan este sistema, el consumo de alcohol es la tercera causa por la que las personas acuden a recibir tratamiento, despu\u00e9s del consumo de metanfetaminas o cristal y de cannabis.<\/p>\n<p>&nbsp;<\/p>\n<p>&nbsp;<\/p>\n<p>Detall\u00f3 que aproximadamente el seis punto ocho por ciento de las personas que acuden a instancias gubernamentales y no gubernamentales para recibir atenci\u00f3n lo hacen por consumo de alcohol, una cifra que se ha mantenido constante en los \u00faltimos a\u00f1os y que coincide con los resultados de las encuestas nacionales en materia de adicciones.<\/p>\n<p><img loading=\"lazy\" decoding=\"async\" class=\"x-left size-full \" src=\"https:\/\/www.sonoraenequipo.com.mx\/storage\/2026\/01\/Baja-consumo-de-alcohol-1.jpg\" alt=\"\" width=\"1000\" height=\"993\" \/>La SSP record\u00f3 que el alcohol es una sustancia psicoactiva que puede generar dependencia y cuyo consumo representa un riesgo importante para la salud p\u00fablica. De acuerdo con la Organizaci\u00f3n Panamericana de la Salud (OPS), su consumo se asocia con m\u00e1s de 200 afecciones, entre ellas enfermedades cardiacas y hep\u00e1ticas, traumatismos, trastornos mentales, dependencia y diversos tipos de violencia.<\/p>\n<p>&nbsp;<\/p>\n<p>&nbsp;<\/p>\n<p>Finalmente, la Secretar\u00eda de Salud reiter\u00f3 que el consumo de alcohol, especialmente cuando inicia en la adolescencia, incrementa el riesgo de otras adicciones, accidentes, violencia y problemas escolares, por lo que se trabaja de manera conjunta en estrategias de prevenci\u00f3n. \u201cNosotros trabajamos mucho de manera coordinada en la estrategia de prevenci\u00f3n y pretendemos llegar a las personas para fortalecer los factores protectores en el tema del consumo de alcohol\u201d, enfatiz\u00f3 el director de Salud Mental.<\/p>\n<p>&nbsp;<\/p>\n<p>&nbsp;<\/p>\n<p>PUBLICADO EL 19 DE ENERO DE 2026 Con informaci\u00f3n de GOBSON 0126154)<\/p>\n","protected":false},"excerpt":{"rendered":"<p>HERMOSILLO, SONORA. MX. \u2014\u00a0 La Secretar\u00eda de Salud P\u00fablica (SSP) del Gobierno de Sonora inform\u00f3&#8230;<\/p>\n","protected":false},"author":1,"featured_media":233428,"comment_status":"open","ping_status":"open","sticky":false,"template":"","format":"standard","meta":{"_monsterinsights_skip_tracking":false,"_monsterinsights_sitenote_active":false,"_monsterinsights_sitenote_note":"","_monsterinsights_sitenote_category":0,"footnotes":""},"categories":[22],"tags":[],"class_list":["post"],"yoast_head":" \n<title>Sonora en Equipo. Acciones preventivas logran reducci\u00f3n del 6 % en consumo de alcohol en adolescentes: SSP Sonora<\/title>\n<meta name=\"description\" content=\"HERMOSILLO, SONORA. MX. \u2014\u00a0 La Secretar\u00eda de Salud P\u00fablica (SSP) del Gobierno de Sonora inform\u00f3 que, de acuerdo con la m\u00e1s reciente Encuesta Nacional de En Sonora en Equipo publicamos toda la informaci\u00f3n de Sonora, M\u00e9xico y el Mundo de manera oportuna y busca que la libertad de expresi\u00f3n sea real. Visita nuestro medio informativo publicado desde Hermosillo, Sonora. %\" \/>\n<meta name=\"robots\" content=\"index, follow, max-snippet:-1, max-image-preview:large, max-video-preview:-1\" \/>\n<link rel=\"canonical\" href=\"https:\/\/www.sonoraenequipo.com.mx\/acciones-preventivas-logran-reduccion-del-6-en-consumo-de-alcohol-en-adolescentes-ssp\/\" \/>\n<meta property=\"og:locale\" content=\"es_ES\" \/>\n<meta property=\"og:type\" content=\"article\" \/>\n<meta property=\"og:title\" content=\"Sonora en Equipo. Acciones preventivas logran reducci\u00f3n del 6 % en consumo de alcohol en adolescentes: SSP Sonora\" \/>\n<meta property=\"og:description\" content=\"HERMOSILLO, SONORA. MX. \u2014\u00a0 La Secretar\u00eda de Salud P\u00fablica (SSP) del Gobierno de Sonora inform\u00f3 que, de acuerdo con la m\u00e1s reciente Encuesta Nacional de En Sonora en Equipo publicamos toda la informaci\u00f3n de Sonora, M\u00e9xico y el Mundo de manera oportuna y busca que la libertad de expresi\u00f3n sea real. Visita nuestro medio informativo publicado desde Hermosillo, Sonora. %\" \/>\n<meta property=\"og:url\" content=\"https:\/\/www.sonoraenequipo.com.mx\/acciones-preventivas-logran-reduccion-del-6-en-consumo-de-alcohol-en-adolescentes-ssp\/\" \/>\n<meta property=\"og:site_name\" content=\"Sonora en Equipo.\" \/>\n<meta property=\"article:publisher\" content=\"https:\/\/www.facebook.com\/SonoraEE\/\" \/>\n<meta property=\"article:author\" content=\"https:\/\/www.facebook.com\/SonoraEE\" \/>\n<meta property=\"article:published_time\" content=\"2026-01-20T04:36:20+00:00\" \/>\n<meta property=\"article:modified_time\" content=\"2026-01-20T17:55:29+00:00\" \/>\n<meta property=\"og:image\" content=\"https:\/\/www.sonoraenequipo.com.mx\/storage\/2026\/01\/relacion-entre-el-alcoho-y-la-depresion-1.jpg\" \/>\n\t<meta property=\"og:image:width\" content=\"1000\" \/>\n\t<meta property=\"og:image:height\" content=\"608\" \/>\n\t<meta property=\"og:image:type\" content=\"image\/jpeg\" \/>\n<meta name=\"author\" content=\"enequipo\" \/>\n<meta name=\"twitter:card\" content=\"summary_large_image\" \/>\n<meta name=\"twitter:creator\" content=\"@sonoraenequipo\" \/>\n<meta name=\"twitter:site\" content=\"@sonoraenequipo\" \/>\n<meta name=\"twitter:label1\" content=\"Escrito por\" \/>\n\t<meta name=\"twitter:data1\" content=\"enequipo\" \/>\n\t<meta name=\"twitter:label2\" content=\"Tiempo de lectura\" \/>\n\t<meta name=\"twitter:data2\" content=\"2 minutos\" \/>\n<script type=\"application\/ld+json\" class=\"yoast-schema-graph\">{\"@context\":\"https:\/\/schema.org\",\"@graph\":[{\"@type\":\"Article\",\"@id\":\"https:\/\/www.sonoraenequipo.com.mx\/acciones-preventivas-logran-reduccion-del-6-en-consumo-de-alcohol-en-adolescentes-ssp\/#article\",\"isPartOf\":{\"@id\":\"https:\/\/www.sonoraenequipo.com.mx\/acciones-preventivas-logran-reduccion-del-6-en-consumo-de-alcohol-en-adolescentes-ssp\/\"},\"author\":{\"name\":\"enequipo\",\"@id\":\"https:\/\/www.sonoraenequipo.com.mx\/#\/schema\/person\/50102df0fb23a8fa9e8effad8fa81386\"},\"headline\":\"Acciones preventivas logran reducci\u00f3n del 6 % en consumo de alcohol en adolescentes: SSP\",\"datePublished\":\"2026-01-20T04:36:20+00:00\",\"dateModified\":\"2026-01-20T17:55:29+00:00\",\"mainEntityOfPage\":{\"@id\":\"https:\/\/www.sonoraenequipo.com.mx\/acciones-preventivas-logran-reduccion-del-6-en-consumo-de-alcohol-en-adolescentes-ssp\/\"},\"wordCount\":446,\"commentCount\":0,\"publisher\":{\"@id\":\"https:\/\/www.sonoraenequipo.com.mx\/#organization\"},\"image\":{\"@id\":\"https:\/\/www.sonoraenequipo.com.mx\/acciones-preventivas-logran-reduccion-del-6-en-consumo-de-alcohol-en-adolescentes-ssp\/#primaryimage\"},\"thumbnailUrl\":\"https:\/\/www.sonoraenequipo.com.mx\/storage\/2026\/01\/relacion-entre-el-alcoho-y-la-depresion-1.jpg\",\"articleSection\":[\"Sonora\"],\"inLanguage\":\"es\",\"potentialAction\":[{\"@type\":\"CommentAction\",\"name\":\"Comment\",\"target\":[\"https:\/\/www.sonoraenequipo.com.mx\/acciones-preventivas-logran-reduccion-del-6-en-consumo-de-alcohol-en-adolescentes-ssp\/#respond\"]}]},{\"@type\":\"WebPage\",\"@id\":\"https:\/\/www.sonoraenequipo.com.mx\/acciones-preventivas-logran-reduccion-del-6-en-consumo-de-alcohol-en-adolescentes-ssp\/\",\"url\":\"https:\/\/www.sonoraenequipo.com.mx\/acciones-preventivas-logran-reduccion-del-6-en-consumo-de-alcohol-en-adolescentes-ssp\/\",\"name\":\"Sonora en Equipo. Acciones preventivas logran reducci\u00f3n del 6 % en consumo de alcohol en adolescentes: SSP Sonora\",\"isPartOf\":{\"@id\":\"https:\/\/www.sonoraenequipo.com.mx\/#website\"},\"primaryImageOfPage\":{\"@id\":\"https:\/\/www.sonoraenequipo.com.mx\/acciones-preventivas-logran-reduccion-del-6-en-consumo-de-alcohol-en-adolescentes-ssp\/#primaryimage\"},\"image\":{\"@id\":\"https:\/\/www.sonoraenequipo.com.mx\/acciones-preventivas-logran-reduccion-del-6-en-consumo-de-alcohol-en-adolescentes-ssp\/#primaryimage\"},\"thumbnailUrl\":\"https:\/\/www.sonoraenequipo.com.mx\/storage\/2026\/01\/relacion-entre-el-alcoho-y-la-depresion-1.jpg\",\"datePublished\":\"2026-01-20T04:36:20+00:00\",\"dateModified\":\"2026-01-20T17:55:29+00:00\",\"description\":\"HERMOSILLO, SONORA. MX. \u2014\u00a0 La Secretar\u00eda de Salud P\u00fablica (SSP) del Gobierno de Sonora inform\u00f3 que, de acuerdo con la m\u00e1s reciente Encuesta Nacional de En Sonora en Equipo publicamos toda la informaci\u00f3n de Sonora, M\u00e9xico y el Mundo de manera oportuna y busca que la libertad de expresi\u00f3n sea real. Visita nuestro medio informativo publicado desde Hermosillo, Sonora. %\",\"breadcrumb\":{\"@id\":\"https:\/\/www.sonoraenequipo.com.mx\/acciones-preventivas-logran-reduccion-del-6-en-consumo-de-alcohol-en-adolescentes-ssp\/#breadcrumb\"},\"inLanguage\":\"es\",\"potentialAction\":[{\"@type\":\"ReadAction\",\"target\":[\"https:\/\/www.sonoraenequipo.com.mx\/acciones-preventivas-logran-reduccion-del-6-en-consumo-de-alcohol-en-adolescentes-ssp\/\"]}]},{\"@type\":\"ImageObject\",\"inLanguage\":\"es\",\"@id\":\"https:\/\/www.sonoraenequipo.com.mx\/acciones-preventivas-logran-reduccion-del-6-en-consumo-de-alcohol-en-adolescentes-ssp\/#primaryimage\",\"url\":\"https:\/\/www.sonoraenequipo.com.mx\/storage\/2026\/01\/relacion-entre-el-alcoho-y-la-depresion-1.jpg\",\"contentUrl\":\"https:\/\/www.sonoraenequipo.com.mx\/storage\/2026\/01\/relacion-entre-el-alcoho-y-la-depresion-1.jpg\",\"width\":1000,\"height\":608},{\"@type\":\"BreadcrumbList\",\"@id\":\"https:\/\/www.sonoraenequipo.com.mx\/acciones-preventivas-logran-reduccion-del-6-en-consumo-de-alcohol-en-adolescentes-ssp\/#breadcrumb\",\"itemListElement\":[{\"@type\":\"ListItem\",\"position\":1,\"name\":\"Portada\",\"item\":\"https:\/\/www.sonoraenequipo.com.mx\/\"},{\"@type\":\"ListItem\",\"position\":2,\"name\":\"Acciones preventivas logran reducci\u00f3n del 6 % en consumo de alcohol en adolescentes: SSP\"}]},{\"@type\":\"WebSite\",\"@id\":\"https:\/\/www.sonoraenequipo.com.mx\/#website\",\"url\":\"https:\/\/www.sonoraenequipo.com.mx\/\",\"name\":\"Sonora en Equipo.\",\"description\":\"Diario en l\u00ednea con Noticias desde Hermosillo, Sonora\",\"publisher\":{\"@id\":\"https:\/\/www.sonoraenequipo.com.mx\/#organization\"},\"potentialAction\":[{\"@type\":\"SearchAction\",\"target\":{\"@type\":\"EntryPoint\",\"urlTemplate\":\"https:\/\/www.sonoraenequipo.com.mx\/?s={search_term_string}\"},\"query-input\":{\"@type\":\"PropertyValueSpecification\",\"valueRequired\":true,\"valueName\":\"search_term_string\"}}],\"inLanguage\":\"es\"},{\"@type\":\"Organization\",\"@id\":\"https:\/\/www.sonoraenequipo.com.mx\/#organization\",\"name\":\"Sonoraenequipo.com.mx\",\"url\":\"https:\/\/www.sonoraenequipo.com.mx\/\",\"logo\":{\"@type\":\"ImageObject\",\"inLanguage\":\"es\",\"@id\":\"https:\/\/www.sonoraenequipo.com.mx\/#\/schema\/logo\/image\/\",\"url\":\"https:\/\/www.sonoraenequipo.com.mx\/storage\/2019\/01\/sonoraenequipo_opt.png\",\"contentUrl\":\"https:\/\/www.sonoraenequipo.com.mx\/storage\/2019\/01\/sonoraenequipo_opt.png\",\"width\":375,\"height\":125,\"caption\":\"Sonoraenequipo.com.mx\"},\"image\":{\"@id\":\"https:\/\/www.sonoraenequipo.com.mx\/#\/schema\/logo\/image\/\"},\"sameAs\":[\"https:\/\/www.facebook.com\/SonoraEE\/\",\"https:\/\/x.com\/sonoraenequipo\",\"https:\/\/www.youtube.com\/channel\/UC338nW-lPEYmJQs4ZABQ1SQ\"]},{\"@type\":\"Person\",\"@id\":\"https:\/\/www.sonoraenequipo.com.mx\/#\/schema\/person\/50102df0fb23a8fa9e8effad8fa81386\",\"name\":\"enequipo\",\"image\":{\"@type\":\"ImageObject\",\"inLanguage\":\"es\",\"@id\":\"https:\/\/www.sonoraenequipo.com.mx\/#\/schema\/person\/image\/\",\"url\":\"https:\/\/secure.gravatar.com\/avatar\/049821681b589dabc0bc20695993ccebb09f5b5d4d790cd9251b97faac7c652b?s=96&d=blank&r=g\",\"contentUrl\":\"https:\/\/secure.gravatar.com\/avatar\/049821681b589dabc0bc20695993ccebb09f5b5d4d790cd9251b97faac7c652b?s=96&d=blank&r=g\",\"caption\":\"enequipo\"},\"sameAs\":[\"https:\/\/www.facebook.com\/SonoraEE\"]}]}<\/script>\n ","yoast_head_json":{"title":"Sonora en Equipo. Acciones preventivas logran reducci\u00f3n del 6 % en consumo de alcohol en adolescentes: SSP Sonora","description":"HERMOSILLO, SONORA. MX. \u2014\u00a0 La Secretar\u00eda de Salud P\u00fablica (SSP) del Gobierno de Sonora inform\u00f3 que, de acuerdo con la m\u00e1s reciente Encuesta Nacional de En Sonora en Equipo publicamos toda la informaci\u00f3n de Sonora, M\u00e9xico y el Mundo de manera oportuna y busca que la libertad de expresi\u00f3n sea real. Visita nuestro medio informativo publicado desde Hermosillo, Sonora. %","robots":{"index":"index","follow":"follow","max-snippet":"max-snippet:-1","max-image-preview":"max-image-preview:large","max-video-preview":"max-video-preview:-1"},"canonical":"https:\/\/www.sonoraenequipo.com.mx\/acciones-preventivas-logran-reduccion-del-6-en-consumo-de-alcohol-en-adolescentes-ssp\/","og_locale":"es_ES","og_type":"article","og_title":"Sonora en Equipo. Acciones preventivas logran reducci\u00f3n del 6 % en consumo de alcohol en adolescentes: SSP Sonora","og_description":"HERMOSILLO, SONORA. MX. \u2014\u00a0 La Secretar\u00eda de Salud P\u00fablica (SSP) del Gobierno de Sonora inform\u00f3 que, de acuerdo con la m\u00e1s reciente Encuesta Nacional de En Sonora en Equipo publicamos toda la informaci\u00f3n de Sonora, M\u00e9xico y el Mundo de manera oportuna y busca que la libertad de expresi\u00f3n sea real. Visita nuestro medio informativo publicado desde Hermosillo, Sonora. %","og_url":"https:\/\/www.sonoraenequipo.com.mx\/acciones-preventivas-logran-reduccion-del-6-en-consumo-de-alcohol-en-adolescentes-ssp\/","og_site_name":"Sonora en Equipo.","article_publisher":"https:\/\/www.facebook.com\/SonoraEE\/","article_author":"https:\/\/www.facebook.com\/SonoraEE","article_published_time":"2026-01-20T04:36:20+00:00","article_modified_time":"2026-01-20T17:55:29+00:00","og_image":[{"width":1000,"height":608,"url":"https:\/\/www.sonoraenequipo.com.mx\/storage\/2026\/01\/relacion-entre-el-alcoho-y-la-depresion-1.jpg","type":"image\/jpeg"}],"author":"enequipo","twitter_card":"summary_large_image","twitter_creator":"@sonoraenequipo","twitter_site":"@sonoraenequipo","twitter_misc":{"Escrito por":"enequipo","Tiempo de lectura":"2 minutos"},"schema":{"@context":"https:\/\/schema.org","@graph":[{"@type":"Article","@id":"https:\/\/www.sonoraenequipo.com.mx\/acciones-preventivas-logran-reduccion-del-6-en-consumo-de-alcohol-en-adolescentes-ssp\/#article","isPartOf":{"@id":"https:\/\/www.sonoraenequipo.com.mx\/acciones-preventivas-logran-reduccion-del-6-en-consumo-de-alcohol-en-adolescentes-ssp\/"},"author":{"name":"enequipo","@id":"https:\/\/www.sonoraenequipo.com.mx\/#\/schema\/person\/50102df0fb23a8fa9e8effad8fa81386"},"headline":"Acciones preventivas logran reducci\u00f3n del 6 % en consumo de alcohol en adolescentes: SSP","datePublished":"2026-01-20T04:36:20+00:00","dateModified":"2026-01-20T17:55:29+00:00","mainEntityOfPage":{"@id":"https:\/\/www.sonoraenequipo.com.mx\/acciones-preventivas-logran-reduccion-del-6-en-consumo-de-alcohol-en-adolescentes-ssp\/"},"wordCount":446,"commentCount":0,"publisher":{"@id":"https:\/\/www.sonoraenequipo.com.mx\/#organization"},"image":{"@id":"https:\/\/www.sonoraenequipo.com.mx\/acciones-preventivas-logran-reduccion-del-6-en-consumo-de-alcohol-en-adolescentes-ssp\/#primaryimage"},"thumbnailUrl":"https:\/\/www.sonoraenequipo.com.mx\/storage\/2026\/01\/relacion-entre-el-alcoho-y-la-depresion-1.jpg","articleSection":["Sonora"],"inLanguage":"es","potentialAction":[{"@type":"CommentAction","name":"Comment","target":["https:\/\/www.sonoraenequipo.com.mx\/acciones-preventivas-logran-reduccion-del-6-en-consumo-de-alcohol-en-adolescentes-ssp\/#respond"]}]},{"@type":"WebPage","@id":"https:\/\/www.sonoraenequipo.com.mx\/acciones-preventivas-logran-reduccion-del-6-en-consumo-de-alcohol-en-adolescentes-ssp\/","url":"https:\/\/www.sonoraenequipo.com.mx\/acciones-preventivas-logran-reduccion-del-6-en-consumo-de-alcohol-en-adolescentes-ssp\/","name":"Sonora en Equipo. Acciones preventivas logran reducci\u00f3n del 6 % en consumo de alcohol en adolescentes: SSP Sonora","isPartOf":{"@id":"https:\/\/www.sonoraenequipo.com.mx\/#website"},"primaryImageOfPage":{"@id":"https:\/\/www.sonoraenequipo.com.mx\/acciones-preventivas-logran-reduccion-del-6-en-consumo-de-alcohol-en-adolescentes-ssp\/#primaryimage"},"image":{"@id":"https:\/\/www.sonoraenequipo.com.mx\/acciones-preventivas-logran-reduccion-del-6-en-consumo-de-alcohol-en-adolescentes-ssp\/#primaryimage"},"thumbnailUrl":"https:\/\/www.sonoraenequipo.com.mx\/storage\/2026\/01\/relacion-entre-el-alcoho-y-la-depresion-1.jpg","datePublished":"2026-01-20T04:36:20+00:00","dateModified":"2026-01-20T17:55:29+00:00","description":"HERMOSILLO, SONORA. MX. \u2014\u00a0 La Secretar\u00eda de Salud P\u00fablica (SSP) del Gobierno de Sonora inform\u00f3 que, de acuerdo con la m\u00e1s reciente Encuesta Nacional de En Sonora en Equipo publicamos toda la informaci\u00f3n de Sonora, M\u00e9xico y el Mundo de manera oportuna y busca que la libertad de expresi\u00f3n sea real. Visita nuestro medio informativo publicado desde Hermosillo, Sonora. %","breadcrumb":{"@id":"https:\/\/www.sonoraenequipo.com.mx\/acciones-preventivas-logran-reduccion-del-6-en-consumo-de-alcohol-en-adolescentes-ssp\/#breadcrumb"},"inLanguage":"es","potentialAction":[{"@type":"ReadAction","target":["https:\/\/www.sonoraenequipo.com.mx\/acciones-preventivas-logran-reduccion-del-6-en-consumo-de-alcohol-en-adolescentes-ssp\/"]}]},{"@type":"ImageObject","inLanguage":"es","@id":"https:\/\/www.sonoraenequipo.com.mx\/acciones-preventivas-logran-reduccion-del-6-en-consumo-de-alcohol-en-adolescentes-ssp\/#primaryimage","url":"https:\/\/www.sonoraenequipo.com.mx\/storage\/2026\/01\/relacion-entre-el-alcoho-y-la-depresion-1.jpg","contentUrl":"https:\/\/www.sonoraenequipo.com.mx\/storage\/2026\/01\/relacion-entre-el-alcoho-y-la-depresion-1.jpg","width":1000,"height":608},{"@type":"BreadcrumbList","@id":"https:\/\/www.sonoraenequipo.com.mx\/acciones-preventivas-logran-reduccion-del-6-en-consumo-de-alcohol-en-adolescentes-ssp\/#breadcrumb","itemListElement":[{"@type":"ListItem","position":1,"name":"Portada","item":"https:\/\/www.sonoraenequipo.com.mx\/"},{"@type":"ListItem","position":2,"name":"Acciones preventivas logran reducci\u00f3n del 6 % en consumo de alcohol en adolescentes: SSP"}]},{"@type":"WebSite","@id":"https:\/\/www.sonoraenequipo.com.mx\/#website","url":"https:\/\/www.sonoraenequipo.com.mx\/","name":"Sonora en Equipo.","description":"Diario en l\u00ednea con Noticias desde Hermosillo, Sonora","publisher":{"@id":"https:\/\/www.sonoraenequipo.com.mx\/#organization"},"potentialAction":[{"@type":"SearchAction","target":{"@type":"EntryPoint","urlTemplate":"https:\/\/www.sonoraenequipo.com.mx\/?s={search_term_string}"},"query-input":{"@type":"PropertyValueSpecification","valueRequired":true,"valueName":"search_term_string"}}],"inLanguage":"es"},{"@type":"Organization","@id":"https:\/\/www.sonoraenequipo.com.mx\/#organization","name":"Sonoraenequipo.com.mx","url":"https:\/\/www.sonoraenequipo.com.mx\/","logo":{"@type":"ImageObject","inLanguage":"es","@id":"https:\/\/www.sonoraenequipo.com.mx\/#\/schema\/logo\/image\/","url":"https:\/\/www.sonoraenequipo.com.mx\/storage\/2019\/01\/sonoraenequipo_opt.png","contentUrl":"https:\/\/www.sonoraenequipo.com.mx\/storage\/2019\/01\/sonoraenequipo_opt.png","width":375,"height":125,"caption":"Sonoraenequipo.com.mx"},"image":{"@id":"https:\/\/www.sonoraenequipo.com.mx\/#\/schema\/logo\/image\/"},"sameAs":["https:\/\/www.facebook.com\/SonoraEE\/","https:\/\/x.com\/sonoraenequipo","https:\/\/www.youtube.com\/channel\/UC338nW-lPEYmJQs4ZABQ1SQ"]},{"@type":"Person","@id":"https:\/\/www.sonoraenequipo.com.mx\/#\/schema\/person\/50102df0fb23a8fa9e8effad8fa81386","name":"enequipo","image":{"@type":"ImageObject","inLanguage":"es","@id":"https:\/\/www.sonoraenequipo.com.mx\/#\/schema\/person\/image\/","url":"https:\/\/secure.gravatar.com\/avatar\/049821681b589dabc0bc20695993ccebb09f5b5d4d790cd9251b97faac7c652b?s=96&d=blank&r=g","contentUrl":"https:\/\/secure.gravatar.com\/avatar\/049821681b589dabc0bc20695993ccebb09f5b5d4d790cd9251b97faac7c652b?s=96&d=blank&r=g","caption":"enequipo"},"sameAs":["https:\/\/www.facebook.com\/SonoraEE"]}]}},"jetpack_featured_media_url":"https:\/\/www.sonoraenequipo.com.mx\/storage\/2026\/01\/relacion-entre-el-alcoho-y-la-depresion-1.jpg","_links":{"self":[{"href":"https:\/\/www.sonoraenequipo.com.mx\/api\/wp\/v2\/posts\/233424","targetHints":{"allow":["GET"]}}],"collection":[{"href":"https:\/\/www.sonoraenequipo.com.mx\/api\/wp\/v2\/posts"}],"about":[{"href":"https:\/\/www.sonoraenequipo.com.mx\/api\/wp\/v2\/types\/post"}],"author":[{"embeddable":true,"href":"https:\/\/www.sonoraenequipo.com.mx\/api\/wp\/v2\/users\/1"}],"replies":[{"embeddable":true,"href":"https:\/\/www.sonoraenequipo.com.mx\/api\/wp\/v2\/comments?post=233424"}],"version-history":[{"count":1,"href":"https:\/\/www.sonoraenequipo.com.mx\/api\/wp\/v2\/posts\/233424\/revisions"}],"predecessor-version":[{"id":233429,"href":"https:\/\/www.sonoraenequipo.com.mx\/api\/wp\/v2\/posts\/233424\/revisions\/233429"}],"wp:featuredmedia":[{"embeddable":true,"href":"https:\/\/www.sonoraenequipo.com.mx\/api\/wp\/v2\/media\/233428"}],"wp:attachment":[{"href":"https:\/\/www.sonoraenequipo.com.mx\/api\/wp\/v2\/media?parent=233424"}],"wp:term":[{"taxonomy":"category","embeddable":true,"href":"https:\/\/www.sonoraenequipo.com.mx\/api\/wp\/v2\/categories?post=233424"},{"taxonomy":"post_tag","embeddable":true,"href":"https:\/\/www.sonoraenequipo.com.mx\/api\/wp\/v2\/tags?post=233424"}],"curies":[{"name":"wp","href":"https:\/\/api.w.org\/{rel}","templated":true}]}}