{"id":233440,"date":"2026-01-19T20:38:26","date_gmt":"2026-01-20T03:38:26","guid":{"rendered":"https:\/\/www.sonoraenequipo.com.mx\/?p=233440"},"modified":"2026-01-20T11:35:02","modified_gmt":"2026-01-20T18:35:02","slug":"sonora-inicia-su-participacion-en-la-feria-internacional-de-turismo-fitur-en-madrid-espana","status":"publish","type":"post","link":"https:\/\/www.sonoraenequipo.com.mx\/sonora-inicia-su-participacion-en-la-feria-internacional-de-turismo-fitur-en-madrid-espana\/","title":{"rendered":"Sonora inicia su participaci\u00f3n en la Feria Internacional de Turismo (FITUR) en Madrid, Espa\u00f1a"},"content":{"rendered":"<p><b>MADRID, ESPA\u00d1A. \u2014 <\/b>El Gobierno de Sonora, a trav\u00e9s de la Secretar\u00eda de Econom\u00eda y Turismo (SETUR), dio inicio a su participaci\u00f3n en el marco de la Feria Internacional de Turismo (FITUR) 2026, con una importante reuni\u00f3n de la Asociaci\u00f3n de Secretarios de Turismo de M\u00e9xico (Asetur) en Madrid, Espa\u00f1a, y la presentaci\u00f3n de Sonora ante inversionistas de Santander.<\/p>\n<p>&nbsp;<\/p>\n<p>&nbsp;<\/p>\n<p>&nbsp;<\/p>\n<p> <\/p>\n<p>El compromiso y respaldo del gobernador Alfonso Durazo ha permitido que Sonora participe de manera activa en uno de los encuentros tur\u00edsticos m\u00e1s importantes a nivel global, como la Representaci\u00f3n del A\u00f1o Nuevo Seri, buscando proyectar las riquezas culturales que son el orgullo de miles de familias sonorenses.<\/p>\n<p>&nbsp;<\/p>\n<p>&nbsp;<\/p>\n<p>FITUR celebrar\u00e1 su edici\u00f3n 46\u00b0 del 21 al 25 de enero, con M\u00e9xico como pa\u00eds invitado, con el objetivo de impulsar el turismo global, fomentar el intercambio de conocimiento, generar oportunidades de negocio y servir de plataforma para las tendencias m\u00e1s innovadoras en la industria.<\/p>\n<p>&nbsp;<\/p>\n<p>&nbsp;<\/p>\n<p>El secretario de Econom\u00eda y Turismo del Estado, Roberto Gradillas Pineda, destac\u00f3 que la presencia de Sonora en FITUR 2026 representa una oportunidad clave para fortalecer su proyecci\u00f3n nacional e internacional, concretar alianzas estrat\u00e9gicas y reactivar la cadena de valor del sector tur\u00edstico.<\/p>\n<p>&nbsp;<\/p>\n<p>&nbsp;<\/p>\n<p><em><strong><img loading=\"lazy\" decoding=\"async\" class=\"x-left size-full \" src=\"https:\/\/www.sonoraenequipo.com.mx\/storage\/2026\/01\/Sonora-inicia-su-participacion-en-la-Feria-Internacional-de-Turismo-1.jpg\" alt=\"\" width=\"1000\" height=\"612\" \/>\u201cGracias a la visi\u00f3n y liderazgo del gobernador Alfonso Durazo, hoy Sonora es un estado pujante, competitivo, s\u00f3lido y comprometido con el impulso al desarrollo econ\u00f3mico y tur\u00edstico que nos caracteriza como sonorenses\u201d,<\/strong><\/em> expres\u00f3 Gradillas Pineda.<\/p>\n<p>&nbsp;<\/p>\n<p>&nbsp;<\/p>\n<p>Con estas acciones, el Gobierno de Sonora reitera su compromiso para fortalecer la imagen del estado como un destino tur\u00edstico de primer nivel, generando mayores beneficios, oportunidades y crecimiento para las familias sonorenses.<\/p>\n<p>&nbsp;<\/p>\n<p>&nbsp;<\/p>\n<p>&nbsp;<\/p>\n<p>PUBLICADO EL 19 DE ENERO DE 2026 Con informaci\u00f3n de GOBSON 0126150)<\/p>\n","protected":false},"excerpt":{"rendered":"<p>MADRID, ESPA\u00d1A. \u2014 El Gobierno de Sonora, a trav\u00e9s de la Secretar\u00eda de Econom\u00eda y&#8230;<\/p>\n","protected":false},"author":1,"featured_media":233437,"comment_status":"open","ping_status":"open","sticky":false,"template":"","format":"standard","meta":{"_monsterinsights_skip_tracking":false,"_monsterinsights_sitenote_active":false,"_monsterinsights_sitenote_note":"","_monsterinsights_sitenote_category":0,"footnotes":""},"categories":[3,22],"tags":[],"class_list":["post"],"yoast_head":" \n<title>Sonora en Equipo. Sonora inicia su participaci\u00f3n en la Feria Internacional de Turismo (FITUR) en Madrid, Espa\u00f1a MUNDO<\/title>\n<meta name=\"description\" content=\"MADRID, ESPA\u00d1A. \u2014 El Gobierno de Sonora, a trav\u00e9s de la Secretar\u00eda de Econom\u00eda y Turismo (SETUR), dio inicio a su participaci\u00f3n en el marco de la Feria En Sonora en Equipo publicamos toda la informaci\u00f3n de Sonora, M\u00e9xico y el Mundo de manera oportuna y busca que la libertad de expresi\u00f3n sea real. Visita nuestro medio informativo publicado desde Hermosillo, Sonora. %\" \/>\n<meta name=\"robots\" content=\"index, follow, max-snippet:-1, max-image-preview:large, max-video-preview:-1\" \/>\n<link rel=\"canonical\" href=\"https:\/\/www.sonoraenequipo.com.mx\/sonora-inicia-su-participacion-en-la-feria-internacional-de-turismo-fitur-en-madrid-espana\/\" \/>\n<meta property=\"og:locale\" content=\"es_ES\" \/>\n<meta property=\"og:type\" content=\"article\" \/>\n<meta property=\"og:title\" content=\"Sonora en Equipo. Sonora inicia su participaci\u00f3n en la Feria Internacional de Turismo (FITUR) en Madrid, Espa\u00f1a MUNDO\" \/>\n<meta property=\"og:description\" content=\"MADRID, ESPA\u00d1A. \u2014 El Gobierno de Sonora, a trav\u00e9s de la Secretar\u00eda de Econom\u00eda y Turismo (SETUR), dio inicio a su participaci\u00f3n en el marco de la Feria En Sonora en Equipo publicamos toda la informaci\u00f3n de Sonora, M\u00e9xico y el Mundo de manera oportuna y busca que la libertad de expresi\u00f3n sea real. Visita nuestro medio informativo publicado desde Hermosillo, Sonora. %\" \/>\n<meta property=\"og:url\" content=\"https:\/\/www.sonoraenequipo.com.mx\/sonora-inicia-su-participacion-en-la-feria-internacional-de-turismo-fitur-en-madrid-espana\/\" \/>\n<meta property=\"og:site_name\" content=\"Sonora en Equipo.\" \/>\n<meta property=\"article:publisher\" content=\"https:\/\/www.facebook.com\/SonoraEE\/\" \/>\n<meta property=\"article:author\" content=\"https:\/\/www.facebook.com\/SonoraEE\" \/>\n<meta property=\"article:published_time\" content=\"2026-01-20T03:38:26+00:00\" \/>\n<meta property=\"article:modified_time\" content=\"2026-01-20T18:35:02+00:00\" \/>\n<meta property=\"og:image\" content=\"https:\/\/www.sonoraenequipo.com.mx\/storage\/2026\/01\/Sonora-inicia-su-participacion-en-la-FITUR-en-Espana-1.jpg\" \/>\n\t<meta property=\"og:image:width\" content=\"993\" \/>\n\t<meta property=\"og:image:height\" content=\"544\" \/>\n\t<meta property=\"og:image:type\" content=\"image\/jpeg\" \/>\n<meta name=\"author\" content=\"enequipo\" \/>\n<meta name=\"twitter:card\" content=\"summary_large_image\" \/>\n<meta name=\"twitter:creator\" content=\"@sonoraenequipo\" \/>\n<meta name=\"twitter:site\" content=\"@sonoraenequipo\" \/>\n<meta name=\"twitter:label1\" content=\"Escrito por\" \/>\n\t<meta name=\"twitter:data1\" content=\"enequipo\" \/>\n\t<meta name=\"twitter:label2\" content=\"Tiempo de lectura\" \/>\n\t<meta name=\"twitter:data2\" content=\"2 minutos\" \/>\n<script type=\"application\/ld+json\" class=\"yoast-schema-graph\">{\"@context\":\"https:\/\/schema.org\",\"@graph\":[{\"@type\":\"Article\",\"@id\":\"https:\/\/www.sonoraenequipo.com.mx\/sonora-inicia-su-participacion-en-la-feria-internacional-de-turismo-fitur-en-madrid-espana\/#article\",\"isPartOf\":{\"@id\":\"https:\/\/www.sonoraenequipo.com.mx\/sonora-inicia-su-participacion-en-la-feria-internacional-de-turismo-fitur-en-madrid-espana\/\"},\"author\":{\"name\":\"enequipo\",\"@id\":\"https:\/\/www.sonoraenequipo.com.mx\/#\/schema\/person\/50102df0fb23a8fa9e8effad8fa81386\"},\"headline\":\"Sonora inicia su participaci\u00f3n en la Feria Internacional de Turismo (FITUR) en Madrid, Espa\u00f1a\",\"datePublished\":\"2026-01-20T03:38:26+00:00\",\"dateModified\":\"2026-01-20T18:35:02+00:00\",\"mainEntityOfPage\":{\"@id\":\"https:\/\/www.sonoraenequipo.com.mx\/sonora-inicia-su-participacion-en-la-feria-internacional-de-turismo-fitur-en-madrid-espana\/\"},\"wordCount\":325,\"commentCount\":0,\"publisher\":{\"@id\":\"https:\/\/www.sonoraenequipo.com.mx\/#organization\"},\"image\":{\"@id\":\"https:\/\/www.sonoraenequipo.com.mx\/sonora-inicia-su-participacion-en-la-feria-internacional-de-turismo-fitur-en-madrid-espana\/#primaryimage\"},\"thumbnailUrl\":\"https:\/\/www.sonoraenequipo.com.mx\/storage\/2026\/01\/Sonora-inicia-su-participacion-en-la-FITUR-en-Espana-1.jpg\",\"articleSection\":[\"MUNDO\",\"Sonora\"],\"inLanguage\":\"es\",\"potentialAction\":[{\"@type\":\"CommentAction\",\"name\":\"Comment\",\"target\":[\"https:\/\/www.sonoraenequipo.com.mx\/sonora-inicia-su-participacion-en-la-feria-internacional-de-turismo-fitur-en-madrid-espana\/#respond\"]}]},{\"@type\":\"WebPage\",\"@id\":\"https:\/\/www.sonoraenequipo.com.mx\/sonora-inicia-su-participacion-en-la-feria-internacional-de-turismo-fitur-en-madrid-espana\/\",\"url\":\"https:\/\/www.sonoraenequipo.com.mx\/sonora-inicia-su-participacion-en-la-feria-internacional-de-turismo-fitur-en-madrid-espana\/\",\"name\":\"Sonora en Equipo. Sonora inicia su participaci\u00f3n en la Feria Internacional de Turismo (FITUR) en Madrid, Espa\u00f1a MUNDO\",\"isPartOf\":{\"@id\":\"https:\/\/www.sonoraenequipo.com.mx\/#website\"},\"primaryImageOfPage\":{\"@id\":\"https:\/\/www.sonoraenequipo.com.mx\/sonora-inicia-su-participacion-en-la-feria-internacional-de-turismo-fitur-en-madrid-espana\/#primaryimage\"},\"image\":{\"@id\":\"https:\/\/www.sonoraenequipo.com.mx\/sonora-inicia-su-participacion-en-la-feria-internacional-de-turismo-fitur-en-madrid-espana\/#primaryimage\"},\"thumbnailUrl\":\"https:\/\/www.sonoraenequipo.com.mx\/storage\/2026\/01\/Sonora-inicia-su-participacion-en-la-FITUR-en-Espana-1.jpg\",\"datePublished\":\"2026-01-20T03:38:26+00:00\",\"dateModified\":\"2026-01-20T18:35:02+00:00\",\"description\":\"MADRID, ESPA\u00d1A. \u2014 El Gobierno de Sonora, a trav\u00e9s de la Secretar\u00eda de Econom\u00eda y Turismo (SETUR), dio inicio a su participaci\u00f3n en el marco de la Feria En Sonora en Equipo publicamos toda la informaci\u00f3n de Sonora, M\u00e9xico y el Mundo de manera oportuna y busca que la libertad de expresi\u00f3n sea real. Visita nuestro medio informativo publicado desde Hermosillo, Sonora. %\",\"breadcrumb\":{\"@id\":\"https:\/\/www.sonoraenequipo.com.mx\/sonora-inicia-su-participacion-en-la-feria-internacional-de-turismo-fitur-en-madrid-espana\/#breadcrumb\"},\"inLanguage\":\"es\",\"potentialAction\":[{\"@type\":\"ReadAction\",\"target\":[\"https:\/\/www.sonoraenequipo.com.mx\/sonora-inicia-su-participacion-en-la-feria-internacional-de-turismo-fitur-en-madrid-espana\/\"]}]},{\"@type\":\"ImageObject\",\"inLanguage\":\"es\",\"@id\":\"https:\/\/www.sonoraenequipo.com.mx\/sonora-inicia-su-participacion-en-la-feria-internacional-de-turismo-fitur-en-madrid-espana\/#primaryimage\",\"url\":\"https:\/\/www.sonoraenequipo.com.mx\/storage\/2026\/01\/Sonora-inicia-su-participacion-en-la-FITUR-en-Espana-1.jpg\",\"contentUrl\":\"https:\/\/www.sonoraenequipo.com.mx\/storage\/2026\/01\/Sonora-inicia-su-participacion-en-la-FITUR-en-Espana-1.jpg\",\"width\":993,\"height\":544},{\"@type\":\"BreadcrumbList\",\"@id\":\"https:\/\/www.sonoraenequipo.com.mx\/sonora-inicia-su-participacion-en-la-feria-internacional-de-turismo-fitur-en-madrid-espana\/#breadcrumb\",\"itemListElement\":[{\"@type\":\"ListItem\",\"position\":1,\"name\":\"Portada\",\"item\":\"https:\/\/www.sonoraenequipo.com.mx\/\"},{\"@type\":\"ListItem\",\"position\":2,\"name\":\"Sonora inicia su participaci\u00f3n en la Feria Internacional de Turismo (FITUR) en Madrid, Espa\u00f1a\"}]},{\"@type\":\"WebSite\",\"@id\":\"https:\/\/www.sonoraenequipo.com.mx\/#website\",\"url\":\"https:\/\/www.sonoraenequipo.com.mx\/\",\"name\":\"Sonora en Equipo.\",\"description\":\"Diario en l\u00ednea con Noticias desde Hermosillo, Sonora\",\"publisher\":{\"@id\":\"https:\/\/www.sonoraenequipo.com.mx\/#organization\"},\"potentialAction\":[{\"@type\":\"SearchAction\",\"target\":{\"@type\":\"EntryPoint\",\"urlTemplate\":\"https:\/\/www.sonoraenequipo.com.mx\/?s={search_term_string}\"},\"query-input\":{\"@type\":\"PropertyValueSpecification\",\"valueRequired\":true,\"valueName\":\"search_term_string\"}}],\"inLanguage\":\"es\"},{\"@type\":\"Organization\",\"@id\":\"https:\/\/www.sonoraenequipo.com.mx\/#organization\",\"name\":\"Sonoraenequipo.com.mx\",\"url\":\"https:\/\/www.sonoraenequipo.com.mx\/\",\"logo\":{\"@type\":\"ImageObject\",\"inLanguage\":\"es\",\"@id\":\"https:\/\/www.sonoraenequipo.com.mx\/#\/schema\/logo\/image\/\",\"url\":\"https:\/\/www.sonoraenequipo.com.mx\/storage\/2019\/01\/sonoraenequipo_opt.png\",\"contentUrl\":\"https:\/\/www.sonoraenequipo.com.mx\/storage\/2019\/01\/sonoraenequipo_opt.png\",\"width\":375,\"height\":125,\"caption\":\"Sonoraenequipo.com.mx\"},\"image\":{\"@id\":\"https:\/\/www.sonoraenequipo.com.mx\/#\/schema\/logo\/image\/\"},\"sameAs\":[\"https:\/\/www.facebook.com\/SonoraEE\/\",\"https:\/\/x.com\/sonoraenequipo\",\"https:\/\/www.youtube.com\/channel\/UC338nW-lPEYmJQs4ZABQ1SQ\"]},{\"@type\":\"Person\",\"@id\":\"https:\/\/www.sonoraenequipo.com.mx\/#\/schema\/person\/50102df0fb23a8fa9e8effad8fa81386\",\"name\":\"enequipo\",\"image\":{\"@type\":\"ImageObject\",\"inLanguage\":\"es\",\"@id\":\"https:\/\/www.sonoraenequipo.com.mx\/#\/schema\/person\/image\/\",\"url\":\"https:\/\/secure.gravatar.com\/avatar\/049821681b589dabc0bc20695993ccebb09f5b5d4d790cd9251b97faac7c652b?s=96&d=blank&r=g\",\"contentUrl\":\"https:\/\/secure.gravatar.com\/avatar\/049821681b589dabc0bc20695993ccebb09f5b5d4d790cd9251b97faac7c652b?s=96&d=blank&r=g\",\"caption\":\"enequipo\"},\"sameAs\":[\"https:\/\/www.facebook.com\/SonoraEE\"]}]}<\/script>\n ","yoast_head_json":{"title":"Sonora en Equipo. Sonora inicia su participaci\u00f3n en la Feria Internacional de Turismo (FITUR) en Madrid, Espa\u00f1a MUNDO","description":"MADRID, ESPA\u00d1A. \u2014 El Gobierno de Sonora, a trav\u00e9s de la Secretar\u00eda de Econom\u00eda y Turismo (SETUR), dio inicio a su participaci\u00f3n en el marco de la Feria En Sonora en Equipo publicamos toda la informaci\u00f3n de Sonora, M\u00e9xico y el Mundo de manera oportuna y busca que la libertad de expresi\u00f3n sea real. Visita nuestro medio informativo publicado desde Hermosillo, Sonora. %","robots":{"index":"index","follow":"follow","max-snippet":"max-snippet:-1","max-image-preview":"max-image-preview:large","max-video-preview":"max-video-preview:-1"},"canonical":"https:\/\/www.sonoraenequipo.com.mx\/sonora-inicia-su-participacion-en-la-feria-internacional-de-turismo-fitur-en-madrid-espana\/","og_locale":"es_ES","og_type":"article","og_title":"Sonora en Equipo. Sonora inicia su participaci\u00f3n en la Feria Internacional de Turismo (FITUR) en Madrid, Espa\u00f1a MUNDO","og_description":"MADRID, ESPA\u00d1A. \u2014 El Gobierno de Sonora, a trav\u00e9s de la Secretar\u00eda de Econom\u00eda y Turismo (SETUR), dio inicio a su participaci\u00f3n en el marco de la Feria En Sonora en Equipo publicamos toda la informaci\u00f3n de Sonora, M\u00e9xico y el Mundo de manera oportuna y busca que la libertad de expresi\u00f3n sea real. Visita nuestro medio informativo publicado desde Hermosillo, Sonora. %","og_url":"https:\/\/www.sonoraenequipo.com.mx\/sonora-inicia-su-participacion-en-la-feria-internacional-de-turismo-fitur-en-madrid-espana\/","og_site_name":"Sonora en Equipo.","article_publisher":"https:\/\/www.facebook.com\/SonoraEE\/","article_author":"https:\/\/www.facebook.com\/SonoraEE","article_published_time":"2026-01-20T03:38:26+00:00","article_modified_time":"2026-01-20T18:35:02+00:00","og_image":[{"width":993,"height":544,"url":"https:\/\/www.sonoraenequipo.com.mx\/storage\/2026\/01\/Sonora-inicia-su-participacion-en-la-FITUR-en-Espana-1.jpg","type":"image\/jpeg"}],"author":"enequipo","twitter_card":"summary_large_image","twitter_creator":"@sonoraenequipo","twitter_site":"@sonoraenequipo","twitter_misc":{"Escrito por":"enequipo","Tiempo de lectura":"2 minutos"},"schema":{"@context":"https:\/\/schema.org","@graph":[{"@type":"Article","@id":"https:\/\/www.sonoraenequipo.com.mx\/sonora-inicia-su-participacion-en-la-feria-internacional-de-turismo-fitur-en-madrid-espana\/#article","isPartOf":{"@id":"https:\/\/www.sonoraenequipo.com.mx\/sonora-inicia-su-participacion-en-la-feria-internacional-de-turismo-fitur-en-madrid-espana\/"},"author":{"name":"enequipo","@id":"https:\/\/www.sonoraenequipo.com.mx\/#\/schema\/person\/50102df0fb23a8fa9e8effad8fa81386"},"headline":"Sonora inicia su participaci\u00f3n en la Feria Internacional de Turismo (FITUR) en Madrid, Espa\u00f1a","datePublished":"2026-01-20T03:38:26+00:00","dateModified":"2026-01-20T18:35:02+00:00","mainEntityOfPage":{"@id":"https:\/\/www.sonoraenequipo.com.mx\/sonora-inicia-su-participacion-en-la-feria-internacional-de-turismo-fitur-en-madrid-espana\/"},"wordCount":325,"commentCount":0,"publisher":{"@id":"https:\/\/www.sonoraenequipo.com.mx\/#organization"},"image":{"@id":"https:\/\/www.sonoraenequipo.com.mx\/sonora-inicia-su-participacion-en-la-feria-internacional-de-turismo-fitur-en-madrid-espana\/#primaryimage"},"thumbnailUrl":"https:\/\/www.sonoraenequipo.com.mx\/storage\/2026\/01\/Sonora-inicia-su-participacion-en-la-FITUR-en-Espana-1.jpg","articleSection":["MUNDO","Sonora"],"inLanguage":"es","potentialAction":[{"@type":"CommentAction","name":"Comment","target":["https:\/\/www.sonoraenequipo.com.mx\/sonora-inicia-su-participacion-en-la-feria-internacional-de-turismo-fitur-en-madrid-espana\/#respond"]}]},{"@type":"WebPage","@id":"https:\/\/www.sonoraenequipo.com.mx\/sonora-inicia-su-participacion-en-la-feria-internacional-de-turismo-fitur-en-madrid-espana\/","url":"https:\/\/www.sonoraenequipo.com.mx\/sonora-inicia-su-participacion-en-la-feria-internacional-de-turismo-fitur-en-madrid-espana\/","name":"Sonora en Equipo. Sonora inicia su participaci\u00f3n en la Feria Internacional de Turismo (FITUR) en Madrid, Espa\u00f1a MUNDO","isPartOf":{"@id":"https:\/\/www.sonoraenequipo.com.mx\/#website"},"primaryImageOfPage":{"@id":"https:\/\/www.sonoraenequipo.com.mx\/sonora-inicia-su-participacion-en-la-feria-internacional-de-turismo-fitur-en-madrid-espana\/#primaryimage"},"image":{"@id":"https:\/\/www.sonoraenequipo.com.mx\/sonora-inicia-su-participacion-en-la-feria-internacional-de-turismo-fitur-en-madrid-espana\/#primaryimage"},"thumbnailUrl":"https:\/\/www.sonoraenequipo.com.mx\/storage\/2026\/01\/Sonora-inicia-su-participacion-en-la-FITUR-en-Espana-1.jpg","datePublished":"2026-01-20T03:38:26+00:00","dateModified":"2026-01-20T18:35:02+00:00","description":"MADRID, ESPA\u00d1A. \u2014 El Gobierno de Sonora, a trav\u00e9s de la Secretar\u00eda de Econom\u00eda y Turismo (SETUR), dio inicio a su participaci\u00f3n en el marco de la Feria En Sonora en Equipo publicamos toda la informaci\u00f3n de Sonora, M\u00e9xico y el Mundo de manera oportuna y busca que la libertad de expresi\u00f3n sea real. Visita nuestro medio informativo publicado desde Hermosillo, Sonora. %","breadcrumb":{"@id":"https:\/\/www.sonoraenequipo.com.mx\/sonora-inicia-su-participacion-en-la-feria-internacional-de-turismo-fitur-en-madrid-espana\/#breadcrumb"},"inLanguage":"es","potentialAction":[{"@type":"ReadAction","target":["https:\/\/www.sonoraenequipo.com.mx\/sonora-inicia-su-participacion-en-la-feria-internacional-de-turismo-fitur-en-madrid-espana\/"]}]},{"@type":"ImageObject","inLanguage":"es","@id":"https:\/\/www.sonoraenequipo.com.mx\/sonora-inicia-su-participacion-en-la-feria-internacional-de-turismo-fitur-en-madrid-espana\/#primaryimage","url":"https:\/\/www.sonoraenequipo.com.mx\/storage\/2026\/01\/Sonora-inicia-su-participacion-en-la-FITUR-en-Espana-1.jpg","contentUrl":"https:\/\/www.sonoraenequipo.com.mx\/storage\/2026\/01\/Sonora-inicia-su-participacion-en-la-FITUR-en-Espana-1.jpg","width":993,"height":544},{"@type":"BreadcrumbList","@id":"https:\/\/www.sonoraenequipo.com.mx\/sonora-inicia-su-participacion-en-la-feria-internacional-de-turismo-fitur-en-madrid-espana\/#breadcrumb","itemListElement":[{"@type":"ListItem","position":1,"name":"Portada","item":"https:\/\/www.sonoraenequipo.com.mx\/"},{"@type":"ListItem","position":2,"name":"Sonora inicia su participaci\u00f3n en la Feria Internacional de Turismo (FITUR) en Madrid, Espa\u00f1a"}]},{"@type":"WebSite","@id":"https:\/\/www.sonoraenequipo.com.mx\/#website","url":"https:\/\/www.sonoraenequipo.com.mx\/","name":"Sonora en Equipo.","description":"Diario en l\u00ednea con Noticias desde Hermosillo, Sonora","publisher":{"@id":"https:\/\/www.sonoraenequipo.com.mx\/#organization"},"potentialAction":[{"@type":"SearchAction","target":{"@type":"EntryPoint","urlTemplate":"https:\/\/www.sonoraenequipo.com.mx\/?s={search_term_string}"},"query-input":{"@type":"PropertyValueSpecification","valueRequired":true,"valueName":"search_term_string"}}],"inLanguage":"es"},{"@type":"Organization","@id":"https:\/\/www.sonoraenequipo.com.mx\/#organization","name":"Sonoraenequipo.com.mx","url":"https:\/\/www.sonoraenequipo.com.mx\/","logo":{"@type":"ImageObject","inLanguage":"es","@id":"https:\/\/www.sonoraenequipo.com.mx\/#\/schema\/logo\/image\/","url":"https:\/\/www.sonoraenequipo.com.mx\/storage\/2019\/01\/sonoraenequipo_opt.png","contentUrl":"https:\/\/www.sonoraenequipo.com.mx\/storage\/2019\/01\/sonoraenequipo_opt.png","width":375,"height":125,"caption":"Sonoraenequipo.com.mx"},"image":{"@id":"https:\/\/www.sonoraenequipo.com.mx\/#\/schema\/logo\/image\/"},"sameAs":["https:\/\/www.facebook.com\/SonoraEE\/","https:\/\/x.com\/sonoraenequipo","https:\/\/www.youtube.com\/channel\/UC338nW-lPEYmJQs4ZABQ1SQ"]},{"@type":"Person","@id":"https:\/\/www.sonoraenequipo.com.mx\/#\/schema\/person\/50102df0fb23a8fa9e8effad8fa81386","name":"enequipo","image":{"@type":"ImageObject","inLanguage":"es","@id":"https:\/\/www.sonoraenequipo.com.mx\/#\/schema\/person\/image\/","url":"https:\/\/secure.gravatar.com\/avatar\/049821681b589dabc0bc20695993ccebb09f5b5d4d790cd9251b97faac7c652b?s=96&d=blank&r=g","contentUrl":"https:\/\/secure.gravatar.com\/avatar\/049821681b589dabc0bc20695993ccebb09f5b5d4d790cd9251b97faac7c652b?s=96&d=blank&r=g","caption":"enequipo"},"sameAs":["https:\/\/www.facebook.com\/SonoraEE"]}]}},"jetpack_featured_media_url":"https:\/\/www.sonoraenequipo.com.mx\/storage\/2026\/01\/Sonora-inicia-su-participacion-en-la-FITUR-en-Espana-1.jpg","_links":{"self":[{"href":"https:\/\/www.sonoraenequipo.com.mx\/api\/wp\/v2\/posts\/233440","targetHints":{"allow":["GET"]}}],"collection":[{"href":"https:\/\/www.sonoraenequipo.com.mx\/api\/wp\/v2\/posts"}],"about":[{"href":"https:\/\/www.sonoraenequipo.com.mx\/api\/wp\/v2\/types\/post"}],"author":[{"embeddable":true,"href":"https:\/\/www.sonoraenequipo.com.mx\/api\/wp\/v2\/users\/1"}],"replies":[{"embeddable":true,"href":"https:\/\/www.sonoraenequipo.com.mx\/api\/wp\/v2\/comments?post=233440"}],"version-history":[{"count":1,"href":"https:\/\/www.sonoraenequipo.com.mx\/api\/wp\/v2\/posts\/233440\/revisions"}],"predecessor-version":[{"id":233441,"href":"https:\/\/www.sonoraenequipo.com.mx\/api\/wp\/v2\/posts\/233440\/revisions\/233441"}],"wp:featuredmedia":[{"embeddable":true,"href":"https:\/\/www.sonoraenequipo.com.mx\/api\/wp\/v2\/media\/233437"}],"wp:attachment":[{"href":"https:\/\/www.sonoraenequipo.com.mx\/api\/wp\/v2\/media?parent=233440"}],"wp:term":[{"taxonomy":"category","embeddable":true,"href":"https:\/\/www.sonoraenequipo.com.mx\/api\/wp\/v2\/categories?post=233440"},{"taxonomy":"post_tag","embeddable":true,"href":"https:\/\/www.sonoraenequipo.com.mx\/api\/wp\/v2\/tags?post=233440"}],"curies":[{"name":"wp","href":"https:\/\/api.w.org\/{rel}","templated":true}]}}