{"id":233446,"date":"2026-01-20T08:00:34","date_gmt":"2026-01-20T15:00:34","guid":{"rendered":"https:\/\/www.sonoraenequipo.com.mx\/?p=233446"},"modified":"2026-01-20T14:04:13","modified_gmt":"2026-01-20T21:04:13","slug":"emmanuel-macron-en-davos-2026-groenlandia-y-aranceles-de-trump-los-temas-de-su-discurso","status":"publish","type":"post","link":"https:\/\/www.sonoraenequipo.com.mx\/emmanuel-macron-en-davos-2026-groenlandia-y-aranceles-de-trump-los-temas-de-su-discurso\/","title":{"rendered":"Emmanuel Macron en Davos 2026: Groenlandia y Aranceles de Trump, los temas de su Discurso"},"content":{"rendered":"<p><strong>PAR\u00cdS, FRANCIA. \u2014E<\/strong>l presidente franc\u00e9s Emmanuel Macron, afirm\u00f3 el Foro Econ\u00f3mico Mundial de Davos que los pa\u00edses europeos solo se han limitado a defender a un aliado, Dinamarca, frente a las ansias del presidente de Estados Unidos de Am\u00e9rica (EUA), Donald Trump, de anexionarse Groenlandia.<\/p>\n<p>&nbsp;<\/p>\n<p>&nbsp;<\/p>\n<p> <br \/>\nDurante su discurso el Foro de Davos, Emmanuel Macron asegur\u00f3 que \u00ab<em><strong>con Groenlandia, no hemos amenazado a nadie\u00bb. <\/strong><\/em>\u00a0hemos apoyado a un aliado, Dinamarca.<\/p>\n<p>&nbsp;<\/p>\n<p>&nbsp;<\/p>\n<p>&nbsp;<\/p>\n<h3>Macron critica aranceles de Trump<\/h3>\n<p>&nbsp;<\/p>\n<p>&nbsp;<\/p>\n<p>El mandatario franc\u00e9s tambi\u00e9n dijo a Trump que los aranceles con los que ha amenazado a los pa\u00edses que se oponen a su ambici\u00f3n son <strong><em>\u00abinaceptables, sobre todo si se usan (por parte de Washington) para sacar una ventaja territorial\u00bb.<\/em><\/strong><\/p>\n<p>&nbsp;<\/p>\n<p>&nbsp;<\/p>\n<p>Macron \u200bllev\u00f3 gafas de sol de aviador durante su discurso, que el Palacio del El\u00edseo dijo que era para proteger sus ojos debido a la rotura de un vaso sangu\u00edneo.<\/p>\n<p>&nbsp;<\/p>\n<p>&nbsp;<\/p>\n<p>El mandatario franc\u00e9s pronunci\u00f3 el discurso despu\u00e9s de que Trump amenaz\u00f3 con imponer enormes aranceles contra el vino y el champ\u00e1n franceses y public\u00f3 mensajes privados de \u200dMacron, una inusual violaci\u00f3n de la discreci\u00f3n diplom\u00e1tica.<\/p>\n<p>&nbsp;<\/p>\n<p>&nbsp;<\/p>\n<p><em><strong>\u00abNo debemos tener dudas\u00bb<\/strong> <\/em>en usar el mecanismo anticoerci\u00f3n europeo: Macron<\/p>\n<p>&nbsp;<\/p>\n<p>&nbsp;<\/p>\n<p>El presidente franc\u00e9s, Emmanuel Macron, inst\u00f3 este martes a sus socios de la Uni\u00f3n Europea a no dudar en aplicar el mecanismo anticoerci\u00f3n cuando <strong><em>\u00abno somos respetados y no se respetan las reglas del juego\u00bb.<\/em><\/strong><\/p>\n<p>&nbsp;<\/p>\n<p>&nbsp;<\/p>\n<p>&nbsp;<\/p>\n<p><em><strong>\u00abNo debemos dudar tener dudas en usarlo\u00bb<\/strong><\/em>, dijo Macron en su discurso en el Foro de Davos al referirse al mecanismo anticoerci\u00f3n, conocido como<em><strong> \u00abbazuca comercial\u00bb,<\/strong> <\/em>del que la UE se dot\u00f3 a finales de 2023 y a\u00fan no ha sido estrenado.<\/p>\n<p>&nbsp;<\/p>\n<p>&nbsp;<\/p>\n<p>&nbsp;<\/p>\n<p>Europa tiene herramientas muy poderosas y debemos utilizarlas cuando no se nos respeta y cuando no se respetan las reglas del juego.<\/p>\n<p>&nbsp;<\/p>\n<p>&nbsp;<\/p>\n<p><em><strong>\u00abNo hay que dejarse impresionar\u00bb<\/strong> <\/em>por las amenazas de Estados Unidos: Macron<\/p>\n<p>&nbsp;<\/p>\n<p>&nbsp;<\/p>\n<p>Emmanuel Macron dijo que \u00abno hay que dejarse impresionar\u00bb y que \u00abhay que mantener la calma\u00bb frente a las amenazas del presidente de Estados Unidos, Donald Trump, y a lo que parece el derrumbe del sistema multilateral que ha permitido mantener cierto orden en el mundo desde la Segunda Guerra Mundial.<\/p>\n<p>&nbsp;<\/p>\n<p>&nbsp;<\/p>\n<p>A su salida del auditorio en el que momentos antes se hab\u00eda dirigido a los l\u00edderes que participan en el Foro Econ\u00f3mico Mundial de Davos (Suiza), pidi\u00f3 calma y no ceder ante <strong><em>\u00abuna t\u00e9cnica de intimidaci\u00f3n\u00bb.<\/em><\/strong><\/p>\n<p>&nbsp;<\/p>\n<p>&nbsp;<\/p>\n<p>Hay que estar calmados, hay que mantenernos en nuestros principios, no hay que bajar los ojos, no hay que ceder a la ley del m\u00e1s fuerte ni a una t\u00e9cnica de intimidaci\u00f3n.<\/p>\n<p>&nbsp;<\/p>\n<p>&nbsp;<\/p>\n<p>En una atropellada caminata por los pasillos del Centro de Congresos donde se celebra esta cumbre de l\u00edderes, perseguido por decenas de periodistas, Macron se\u00f1al\u00f3 que \u00abhay que defender nuestros intereses, de Francia y de los europeos, y tambi\u00e9n nuestros principios y la paz\u00bb.<\/p>\n<p>&nbsp;<\/p>\n<p>&nbsp;<\/p>\n<p>Preguntado sobre si todav\u00eda se puede considerar a Trump \u00abun aliado\u00bb cuando cada d\u00eda lanza amenazas contra Europa, Macron se\u00f1al\u00f3:<\/p>\n<p>&nbsp;<\/p>\n<p>&nbsp;<\/p>\n<p><em><strong>Le corresponde a \u00e9l dar la respuesta, aunque en efecto no es un comportamiento que corresponde a esa calificaci\u00f3n\u00bb.<\/strong><\/em><\/p>\n<p>&nbsp;<\/p>\n<p>&nbsp;<\/p>\n<p>El mandatario franc\u00e9s reconoci\u00f3 que la OTAN <strong><em>\u00abes una instancia debilitada si no somos coherentes\u00bb.<\/em><\/strong><\/p>\n<p>&nbsp;<\/p>\n<p>&nbsp;<\/p>\n<p>&nbsp;<\/p>\n<p>PUBLICADO EL 20 ENERO DE 2026 Con informaci\u00f3n de AFP)<\/p>\n","protected":false},"excerpt":{"rendered":"<p>PAR\u00cdS, FRANCIA. \u2014El presidente franc\u00e9s Emmanuel Macron, afirm\u00f3 el Foro Econ\u00f3mico Mundial de Davos que&#8230;<\/p>\n","protected":false},"author":1,"featured_media":233460,"comment_status":"open","ping_status":"open","sticky":false,"template":"","format":"standard","meta":{"_monsterinsights_skip_tracking":false,"_monsterinsights_sitenote_active":false,"_monsterinsights_sitenote_note":"","_monsterinsights_sitenote_category":0,"footnotes":""},"categories":[3],"tags":[],"class_list":["post"],"yoast_head":" \n<title>Sonora en Equipo. Emmanuel Macron en Davos 2026: Groenlandia y Aranceles de Trump, los temas de su Discurso MUNDO<\/title>\n<meta name=\"description\" content=\"PAR\u00cdS, FRANCIA. \u2014El presidente franc\u00e9s Emmanuel Macron, afirm\u00f3 el Foro Econ\u00f3mico Mundial de Davos que los pa\u00edses europeos solo se han limitado a defender En Sonora en Equipo publicamos toda la informaci\u00f3n de Sonora, M\u00e9xico y el Mundo de manera oportuna y busca que la libertad de expresi\u00f3n sea real. Visita nuestro medio informativo publicado desde Hermosillo, Sonora. %\" \/>\n<meta name=\"robots\" content=\"index, follow, max-snippet:-1, max-image-preview:large, max-video-preview:-1\" \/>\n<link rel=\"canonical\" href=\"https:\/\/www.sonoraenequipo.com.mx\/emmanuel-macron-en-davos-2026-groenlandia-y-aranceles-de-trump-los-temas-de-su-discurso\/\" \/>\n<meta property=\"og:locale\" content=\"es_ES\" \/>\n<meta property=\"og:type\" content=\"article\" \/>\n<meta property=\"og:title\" content=\"Sonora en Equipo. Emmanuel Macron en Davos 2026: Groenlandia y Aranceles de Trump, los temas de su Discurso MUNDO\" \/>\n<meta property=\"og:description\" content=\"PAR\u00cdS, FRANCIA. \u2014El presidente franc\u00e9s Emmanuel Macron, afirm\u00f3 el Foro Econ\u00f3mico Mundial de Davos que los pa\u00edses europeos solo se han limitado a defender En Sonora en Equipo publicamos toda la informaci\u00f3n de Sonora, M\u00e9xico y el Mundo de manera oportuna y busca que la libertad de expresi\u00f3n sea real. Visita nuestro medio informativo publicado desde Hermosillo, Sonora. %\" \/>\n<meta property=\"og:url\" content=\"https:\/\/www.sonoraenequipo.com.mx\/emmanuel-macron-en-davos-2026-groenlandia-y-aranceles-de-trump-los-temas-de-su-discurso\/\" \/>\n<meta property=\"og:site_name\" content=\"Sonora en Equipo.\" \/>\n<meta property=\"article:publisher\" content=\"https:\/\/www.facebook.com\/SonoraEE\/\" \/>\n<meta property=\"article:author\" content=\"https:\/\/www.facebook.com\/SonoraEE\" \/>\n<meta property=\"article:published_time\" content=\"2026-01-20T15:00:34+00:00\" \/>\n<meta property=\"article:modified_time\" content=\"2026-01-20T21:04:13+00:00\" \/>\n<meta property=\"og:image\" content=\"https:\/\/www.sonoraenequipo.com.mx\/storage\/2026\/01\/Macron-critica-a-Trump-1.jpg\" \/>\n\t<meta property=\"og:image:width\" content=\"1000\" \/>\n\t<meta property=\"og:image:height\" content=\"562\" \/>\n\t<meta property=\"og:image:type\" content=\"image\/jpeg\" \/>\n<meta name=\"author\" content=\"enequipo\" \/>\n<meta name=\"twitter:card\" content=\"summary_large_image\" \/>\n<meta name=\"twitter:creator\" content=\"@sonoraenequipo\" \/>\n<meta name=\"twitter:site\" content=\"@sonoraenequipo\" \/>\n<meta name=\"twitter:label1\" content=\"Escrito por\" \/>\n\t<meta name=\"twitter:data1\" content=\"enequipo\" \/>\n\t<meta name=\"twitter:label2\" content=\"Tiempo de lectura\" \/>\n\t<meta name=\"twitter:data2\" content=\"3 minutos\" \/>\n<script type=\"application\/ld+json\" class=\"yoast-schema-graph\">{\"@context\":\"https:\/\/schema.org\",\"@graph\":[{\"@type\":\"Article\",\"@id\":\"https:\/\/www.sonoraenequipo.com.mx\/emmanuel-macron-en-davos-2026-groenlandia-y-aranceles-de-trump-los-temas-de-su-discurso\/#article\",\"isPartOf\":{\"@id\":\"https:\/\/www.sonoraenequipo.com.mx\/emmanuel-macron-en-davos-2026-groenlandia-y-aranceles-de-trump-los-temas-de-su-discurso\/\"},\"author\":{\"name\":\"enequipo\",\"@id\":\"https:\/\/www.sonoraenequipo.com.mx\/#\/schema\/person\/50102df0fb23a8fa9e8effad8fa81386\"},\"headline\":\"Emmanuel Macron en Davos 2026: Groenlandia y Aranceles de Trump, los temas de su Discurso\",\"datePublished\":\"2026-01-20T15:00:34+00:00\",\"dateModified\":\"2026-01-20T21:04:13+00:00\",\"mainEntityOfPage\":{\"@id\":\"https:\/\/www.sonoraenequipo.com.mx\/emmanuel-macron-en-davos-2026-groenlandia-y-aranceles-de-trump-los-temas-de-su-discurso\/\"},\"wordCount\":619,\"commentCount\":0,\"publisher\":{\"@id\":\"https:\/\/www.sonoraenequipo.com.mx\/#organization\"},\"image\":{\"@id\":\"https:\/\/www.sonoraenequipo.com.mx\/emmanuel-macron-en-davos-2026-groenlandia-y-aranceles-de-trump-los-temas-de-su-discurso\/#primaryimage\"},\"thumbnailUrl\":\"https:\/\/www.sonoraenequipo.com.mx\/storage\/2026\/01\/Macron-critica-a-Trump-1.jpg\",\"articleSection\":[\"MUNDO\"],\"inLanguage\":\"es\",\"potentialAction\":[{\"@type\":\"CommentAction\",\"name\":\"Comment\",\"target\":[\"https:\/\/www.sonoraenequipo.com.mx\/emmanuel-macron-en-davos-2026-groenlandia-y-aranceles-de-trump-los-temas-de-su-discurso\/#respond\"]}]},{\"@type\":\"WebPage\",\"@id\":\"https:\/\/www.sonoraenequipo.com.mx\/emmanuel-macron-en-davos-2026-groenlandia-y-aranceles-de-trump-los-temas-de-su-discurso\/\",\"url\":\"https:\/\/www.sonoraenequipo.com.mx\/emmanuel-macron-en-davos-2026-groenlandia-y-aranceles-de-trump-los-temas-de-su-discurso\/\",\"name\":\"Sonora en Equipo. Emmanuel Macron en Davos 2026: Groenlandia y Aranceles de Trump, los temas de su Discurso MUNDO\",\"isPartOf\":{\"@id\":\"https:\/\/www.sonoraenequipo.com.mx\/#website\"},\"primaryImageOfPage\":{\"@id\":\"https:\/\/www.sonoraenequipo.com.mx\/emmanuel-macron-en-davos-2026-groenlandia-y-aranceles-de-trump-los-temas-de-su-discurso\/#primaryimage\"},\"image\":{\"@id\":\"https:\/\/www.sonoraenequipo.com.mx\/emmanuel-macron-en-davos-2026-groenlandia-y-aranceles-de-trump-los-temas-de-su-discurso\/#primaryimage\"},\"thumbnailUrl\":\"https:\/\/www.sonoraenequipo.com.mx\/storage\/2026\/01\/Macron-critica-a-Trump-1.jpg\",\"datePublished\":\"2026-01-20T15:00:34+00:00\",\"dateModified\":\"2026-01-20T21:04:13+00:00\",\"description\":\"PAR\u00cdS, FRANCIA. \u2014El presidente franc\u00e9s Emmanuel Macron, afirm\u00f3 el Foro Econ\u00f3mico Mundial de Davos que los pa\u00edses europeos solo se han limitado a defender En Sonora en Equipo publicamos toda la informaci\u00f3n de Sonora, M\u00e9xico y el Mundo de manera oportuna y busca que la libertad de expresi\u00f3n sea real. Visita nuestro medio informativo publicado desde Hermosillo, Sonora. %\",\"breadcrumb\":{\"@id\":\"https:\/\/www.sonoraenequipo.com.mx\/emmanuel-macron-en-davos-2026-groenlandia-y-aranceles-de-trump-los-temas-de-su-discurso\/#breadcrumb\"},\"inLanguage\":\"es\",\"potentialAction\":[{\"@type\":\"ReadAction\",\"target\":[\"https:\/\/www.sonoraenequipo.com.mx\/emmanuel-macron-en-davos-2026-groenlandia-y-aranceles-de-trump-los-temas-de-su-discurso\/\"]}]},{\"@type\":\"ImageObject\",\"inLanguage\":\"es\",\"@id\":\"https:\/\/www.sonoraenequipo.com.mx\/emmanuel-macron-en-davos-2026-groenlandia-y-aranceles-de-trump-los-temas-de-su-discurso\/#primaryimage\",\"url\":\"https:\/\/www.sonoraenequipo.com.mx\/storage\/2026\/01\/Macron-critica-a-Trump-1.jpg\",\"contentUrl\":\"https:\/\/www.sonoraenequipo.com.mx\/storage\/2026\/01\/Macron-critica-a-Trump-1.jpg\",\"width\":1000,\"height\":562},{\"@type\":\"BreadcrumbList\",\"@id\":\"https:\/\/www.sonoraenequipo.com.mx\/emmanuel-macron-en-davos-2026-groenlandia-y-aranceles-de-trump-los-temas-de-su-discurso\/#breadcrumb\",\"itemListElement\":[{\"@type\":\"ListItem\",\"position\":1,\"name\":\"Portada\",\"item\":\"https:\/\/www.sonoraenequipo.com.mx\/\"},{\"@type\":\"ListItem\",\"position\":2,\"name\":\"Emmanuel Macron en Davos 2026: Groenlandia y Aranceles de Trump, los temas de su Discurso\"}]},{\"@type\":\"WebSite\",\"@id\":\"https:\/\/www.sonoraenequipo.com.mx\/#website\",\"url\":\"https:\/\/www.sonoraenequipo.com.mx\/\",\"name\":\"Sonora en Equipo.\",\"description\":\"Diario en l\u00ednea con Noticias desde Hermosillo, Sonora\",\"publisher\":{\"@id\":\"https:\/\/www.sonoraenequipo.com.mx\/#organization\"},\"potentialAction\":[{\"@type\":\"SearchAction\",\"target\":{\"@type\":\"EntryPoint\",\"urlTemplate\":\"https:\/\/www.sonoraenequipo.com.mx\/?s={search_term_string}\"},\"query-input\":{\"@type\":\"PropertyValueSpecification\",\"valueRequired\":true,\"valueName\":\"search_term_string\"}}],\"inLanguage\":\"es\"},{\"@type\":\"Organization\",\"@id\":\"https:\/\/www.sonoraenequipo.com.mx\/#organization\",\"name\":\"Sonoraenequipo.com.mx\",\"url\":\"https:\/\/www.sonoraenequipo.com.mx\/\",\"logo\":{\"@type\":\"ImageObject\",\"inLanguage\":\"es\",\"@id\":\"https:\/\/www.sonoraenequipo.com.mx\/#\/schema\/logo\/image\/\",\"url\":\"https:\/\/www.sonoraenequipo.com.mx\/storage\/2019\/01\/sonoraenequipo_opt.png\",\"contentUrl\":\"https:\/\/www.sonoraenequipo.com.mx\/storage\/2019\/01\/sonoraenequipo_opt.png\",\"width\":375,\"height\":125,\"caption\":\"Sonoraenequipo.com.mx\"},\"image\":{\"@id\":\"https:\/\/www.sonoraenequipo.com.mx\/#\/schema\/logo\/image\/\"},\"sameAs\":[\"https:\/\/www.facebook.com\/SonoraEE\/\",\"https:\/\/x.com\/sonoraenequipo\",\"https:\/\/www.youtube.com\/channel\/UC338nW-lPEYmJQs4ZABQ1SQ\"]},{\"@type\":\"Person\",\"@id\":\"https:\/\/www.sonoraenequipo.com.mx\/#\/schema\/person\/50102df0fb23a8fa9e8effad8fa81386\",\"name\":\"enequipo\",\"image\":{\"@type\":\"ImageObject\",\"inLanguage\":\"es\",\"@id\":\"https:\/\/www.sonoraenequipo.com.mx\/#\/schema\/person\/image\/\",\"url\":\"https:\/\/secure.gravatar.com\/avatar\/049821681b589dabc0bc20695993ccebb09f5b5d4d790cd9251b97faac7c652b?s=96&d=blank&r=g\",\"contentUrl\":\"https:\/\/secure.gravatar.com\/avatar\/049821681b589dabc0bc20695993ccebb09f5b5d4d790cd9251b97faac7c652b?s=96&d=blank&r=g\",\"caption\":\"enequipo\"},\"sameAs\":[\"https:\/\/www.facebook.com\/SonoraEE\"]}]}<\/script>\n ","yoast_head_json":{"title":"Sonora en Equipo. Emmanuel Macron en Davos 2026: Groenlandia y Aranceles de Trump, los temas de su Discurso MUNDO","description":"PAR\u00cdS, FRANCIA. \u2014El presidente franc\u00e9s Emmanuel Macron, afirm\u00f3 el Foro Econ\u00f3mico Mundial de Davos que los pa\u00edses europeos solo se han limitado a defender En Sonora en Equipo publicamos toda la informaci\u00f3n de Sonora, M\u00e9xico y el Mundo de manera oportuna y busca que la libertad de expresi\u00f3n sea real. Visita nuestro medio informativo publicado desde Hermosillo, Sonora. %","robots":{"index":"index","follow":"follow","max-snippet":"max-snippet:-1","max-image-preview":"max-image-preview:large","max-video-preview":"max-video-preview:-1"},"canonical":"https:\/\/www.sonoraenequipo.com.mx\/emmanuel-macron-en-davos-2026-groenlandia-y-aranceles-de-trump-los-temas-de-su-discurso\/","og_locale":"es_ES","og_type":"article","og_title":"Sonora en Equipo. Emmanuel Macron en Davos 2026: Groenlandia y Aranceles de Trump, los temas de su Discurso MUNDO","og_description":"PAR\u00cdS, FRANCIA. \u2014El presidente franc\u00e9s Emmanuel Macron, afirm\u00f3 el Foro Econ\u00f3mico Mundial de Davos que los pa\u00edses europeos solo se han limitado a defender En Sonora en Equipo publicamos toda la informaci\u00f3n de Sonora, M\u00e9xico y el Mundo de manera oportuna y busca que la libertad de expresi\u00f3n sea real. Visita nuestro medio informativo publicado desde Hermosillo, Sonora. %","og_url":"https:\/\/www.sonoraenequipo.com.mx\/emmanuel-macron-en-davos-2026-groenlandia-y-aranceles-de-trump-los-temas-de-su-discurso\/","og_site_name":"Sonora en Equipo.","article_publisher":"https:\/\/www.facebook.com\/SonoraEE\/","article_author":"https:\/\/www.facebook.com\/SonoraEE","article_published_time":"2026-01-20T15:00:34+00:00","article_modified_time":"2026-01-20T21:04:13+00:00","og_image":[{"width":1000,"height":562,"url":"https:\/\/www.sonoraenequipo.com.mx\/storage\/2026\/01\/Macron-critica-a-Trump-1.jpg","type":"image\/jpeg"}],"author":"enequipo","twitter_card":"summary_large_image","twitter_creator":"@sonoraenequipo","twitter_site":"@sonoraenequipo","twitter_misc":{"Escrito por":"enequipo","Tiempo de lectura":"3 minutos"},"schema":{"@context":"https:\/\/schema.org","@graph":[{"@type":"Article","@id":"https:\/\/www.sonoraenequipo.com.mx\/emmanuel-macron-en-davos-2026-groenlandia-y-aranceles-de-trump-los-temas-de-su-discurso\/#article","isPartOf":{"@id":"https:\/\/www.sonoraenequipo.com.mx\/emmanuel-macron-en-davos-2026-groenlandia-y-aranceles-de-trump-los-temas-de-su-discurso\/"},"author":{"name":"enequipo","@id":"https:\/\/www.sonoraenequipo.com.mx\/#\/schema\/person\/50102df0fb23a8fa9e8effad8fa81386"},"headline":"Emmanuel Macron en Davos 2026: Groenlandia y Aranceles de Trump, los temas de su Discurso","datePublished":"2026-01-20T15:00:34+00:00","dateModified":"2026-01-20T21:04:13+00:00","mainEntityOfPage":{"@id":"https:\/\/www.sonoraenequipo.com.mx\/emmanuel-macron-en-davos-2026-groenlandia-y-aranceles-de-trump-los-temas-de-su-discurso\/"},"wordCount":619,"commentCount":0,"publisher":{"@id":"https:\/\/www.sonoraenequipo.com.mx\/#organization"},"image":{"@id":"https:\/\/www.sonoraenequipo.com.mx\/emmanuel-macron-en-davos-2026-groenlandia-y-aranceles-de-trump-los-temas-de-su-discurso\/#primaryimage"},"thumbnailUrl":"https:\/\/www.sonoraenequipo.com.mx\/storage\/2026\/01\/Macron-critica-a-Trump-1.jpg","articleSection":["MUNDO"],"inLanguage":"es","potentialAction":[{"@type":"CommentAction","name":"Comment","target":["https:\/\/www.sonoraenequipo.com.mx\/emmanuel-macron-en-davos-2026-groenlandia-y-aranceles-de-trump-los-temas-de-su-discurso\/#respond"]}]},{"@type":"WebPage","@id":"https:\/\/www.sonoraenequipo.com.mx\/emmanuel-macron-en-davos-2026-groenlandia-y-aranceles-de-trump-los-temas-de-su-discurso\/","url":"https:\/\/www.sonoraenequipo.com.mx\/emmanuel-macron-en-davos-2026-groenlandia-y-aranceles-de-trump-los-temas-de-su-discurso\/","name":"Sonora en Equipo. Emmanuel Macron en Davos 2026: Groenlandia y Aranceles de Trump, los temas de su Discurso MUNDO","isPartOf":{"@id":"https:\/\/www.sonoraenequipo.com.mx\/#website"},"primaryImageOfPage":{"@id":"https:\/\/www.sonoraenequipo.com.mx\/emmanuel-macron-en-davos-2026-groenlandia-y-aranceles-de-trump-los-temas-de-su-discurso\/#primaryimage"},"image":{"@id":"https:\/\/www.sonoraenequipo.com.mx\/emmanuel-macron-en-davos-2026-groenlandia-y-aranceles-de-trump-los-temas-de-su-discurso\/#primaryimage"},"thumbnailUrl":"https:\/\/www.sonoraenequipo.com.mx\/storage\/2026\/01\/Macron-critica-a-Trump-1.jpg","datePublished":"2026-01-20T15:00:34+00:00","dateModified":"2026-01-20T21:04:13+00:00","description":"PAR\u00cdS, FRANCIA. \u2014El presidente franc\u00e9s Emmanuel Macron, afirm\u00f3 el Foro Econ\u00f3mico Mundial de Davos que los pa\u00edses europeos solo se han limitado a defender En Sonora en Equipo publicamos toda la informaci\u00f3n de Sonora, M\u00e9xico y el Mundo de manera oportuna y busca que la libertad de expresi\u00f3n sea real. Visita nuestro medio informativo publicado desde Hermosillo, Sonora. %","breadcrumb":{"@id":"https:\/\/www.sonoraenequipo.com.mx\/emmanuel-macron-en-davos-2026-groenlandia-y-aranceles-de-trump-los-temas-de-su-discurso\/#breadcrumb"},"inLanguage":"es","potentialAction":[{"@type":"ReadAction","target":["https:\/\/www.sonoraenequipo.com.mx\/emmanuel-macron-en-davos-2026-groenlandia-y-aranceles-de-trump-los-temas-de-su-discurso\/"]}]},{"@type":"ImageObject","inLanguage":"es","@id":"https:\/\/www.sonoraenequipo.com.mx\/emmanuel-macron-en-davos-2026-groenlandia-y-aranceles-de-trump-los-temas-de-su-discurso\/#primaryimage","url":"https:\/\/www.sonoraenequipo.com.mx\/storage\/2026\/01\/Macron-critica-a-Trump-1.jpg","contentUrl":"https:\/\/www.sonoraenequipo.com.mx\/storage\/2026\/01\/Macron-critica-a-Trump-1.jpg","width":1000,"height":562},{"@type":"BreadcrumbList","@id":"https:\/\/www.sonoraenequipo.com.mx\/emmanuel-macron-en-davos-2026-groenlandia-y-aranceles-de-trump-los-temas-de-su-discurso\/#breadcrumb","itemListElement":[{"@type":"ListItem","position":1,"name":"Portada","item":"https:\/\/www.sonoraenequipo.com.mx\/"},{"@type":"ListItem","position":2,"name":"Emmanuel Macron en Davos 2026: Groenlandia y Aranceles de Trump, los temas de su Discurso"}]},{"@type":"WebSite","@id":"https:\/\/www.sonoraenequipo.com.mx\/#website","url":"https:\/\/www.sonoraenequipo.com.mx\/","name":"Sonora en Equipo.","description":"Diario en l\u00ednea con Noticias desde Hermosillo, Sonora","publisher":{"@id":"https:\/\/www.sonoraenequipo.com.mx\/#organization"},"potentialAction":[{"@type":"SearchAction","target":{"@type":"EntryPoint","urlTemplate":"https:\/\/www.sonoraenequipo.com.mx\/?s={search_term_string}"},"query-input":{"@type":"PropertyValueSpecification","valueRequired":true,"valueName":"search_term_string"}}],"inLanguage":"es"},{"@type":"Organization","@id":"https:\/\/www.sonoraenequipo.com.mx\/#organization","name":"Sonoraenequipo.com.mx","url":"https:\/\/www.sonoraenequipo.com.mx\/","logo":{"@type":"ImageObject","inLanguage":"es","@id":"https:\/\/www.sonoraenequipo.com.mx\/#\/schema\/logo\/image\/","url":"https:\/\/www.sonoraenequipo.com.mx\/storage\/2019\/01\/sonoraenequipo_opt.png","contentUrl":"https:\/\/www.sonoraenequipo.com.mx\/storage\/2019\/01\/sonoraenequipo_opt.png","width":375,"height":125,"caption":"Sonoraenequipo.com.mx"},"image":{"@id":"https:\/\/www.sonoraenequipo.com.mx\/#\/schema\/logo\/image\/"},"sameAs":["https:\/\/www.facebook.com\/SonoraEE\/","https:\/\/x.com\/sonoraenequipo","https:\/\/www.youtube.com\/channel\/UC338nW-lPEYmJQs4ZABQ1SQ"]},{"@type":"Person","@id":"https:\/\/www.sonoraenequipo.com.mx\/#\/schema\/person\/50102df0fb23a8fa9e8effad8fa81386","name":"enequipo","image":{"@type":"ImageObject","inLanguage":"es","@id":"https:\/\/www.sonoraenequipo.com.mx\/#\/schema\/person\/image\/","url":"https:\/\/secure.gravatar.com\/avatar\/049821681b589dabc0bc20695993ccebb09f5b5d4d790cd9251b97faac7c652b?s=96&d=blank&r=g","contentUrl":"https:\/\/secure.gravatar.com\/avatar\/049821681b589dabc0bc20695993ccebb09f5b5d4d790cd9251b97faac7c652b?s=96&d=blank&r=g","caption":"enequipo"},"sameAs":["https:\/\/www.facebook.com\/SonoraEE"]}]}},"jetpack_featured_media_url":"https:\/\/www.sonoraenequipo.com.mx\/storage\/2026\/01\/Macron-critica-a-Trump-1.jpg","_links":{"self":[{"href":"https:\/\/www.sonoraenequipo.com.mx\/api\/wp\/v2\/posts\/233446","targetHints":{"allow":["GET"]}}],"collection":[{"href":"https:\/\/www.sonoraenequipo.com.mx\/api\/wp\/v2\/posts"}],"about":[{"href":"https:\/\/www.sonoraenequipo.com.mx\/api\/wp\/v2\/types\/post"}],"author":[{"embeddable":true,"href":"https:\/\/www.sonoraenequipo.com.mx\/api\/wp\/v2\/users\/1"}],"replies":[{"embeddable":true,"href":"https:\/\/www.sonoraenequipo.com.mx\/api\/wp\/v2\/comments?post=233446"}],"version-history":[{"count":1,"href":"https:\/\/www.sonoraenequipo.com.mx\/api\/wp\/v2\/posts\/233446\/revisions"}],"predecessor-version":[{"id":233461,"href":"https:\/\/www.sonoraenequipo.com.mx\/api\/wp\/v2\/posts\/233446\/revisions\/233461"}],"wp:featuredmedia":[{"embeddable":true,"href":"https:\/\/www.sonoraenequipo.com.mx\/api\/wp\/v2\/media\/233460"}],"wp:attachment":[{"href":"https:\/\/www.sonoraenequipo.com.mx\/api\/wp\/v2\/media?parent=233446"}],"wp:term":[{"taxonomy":"category","embeddable":true,"href":"https:\/\/www.sonoraenequipo.com.mx\/api\/wp\/v2\/categories?post=233446"},{"taxonomy":"post_tag","embeddable":true,"href":"https:\/\/www.sonoraenequipo.com.mx\/api\/wp\/v2\/tags?post=233446"}],"curies":[{"name":"wp","href":"https:\/\/api.w.org\/{rel}","templated":true}]}}