{"id":233450,"date":"2026-01-20T13:17:52","date_gmt":"2026-01-20T20:17:52","guid":{"rendered":"https:\/\/www.sonoraenequipo.com.mx\/?p=233450"},"modified":"2026-01-20T13:17:52","modified_gmt":"2026-01-20T20:17:52","slug":"no-estaba-muerto-andaba-de-parranda-reaparece-tras-tres-dias-de-fiesta","status":"publish","type":"post","link":"https:\/\/www.sonoraenequipo.com.mx\/no-estaba-muerto-andaba-de-parranda-reaparece-tras-tres-dias-de-fiesta\/","title":{"rendered":"No estaba muerto andaba de parranda; reaparece tras tres d\u00edas\u00a0 de fiesta"},"content":{"rendered":"<p>No estaba muerto andaba de parranda; reaparece tras tres d\u00edas\u00a0 de fiesta<\/p>\n<p>&nbsp;<\/p>\n<p><strong>HERMOSILLO, SONORA, MX.<\/strong> \u2014 La Fiscal\u00eda General de Justicia del Estado de Sonora (FGJES) informa la localizaci\u00f3n con vida de V\u00edctor Hugo de 39 a\u00f1os, quien hab\u00eda sido reportado como desaparecido desde el pasado 12 de enero.<\/p>\n<p>&nbsp;<\/p>\n<p>La localizaci\u00f3n se registr\u00f3 a las 21:20 horas de este viernes (16\/01\/2026), luego de que \u00e9l regresara por sus propios medios a la zona urbana de Puerto Pe\u00f1asco.<\/p>\n<p>&nbsp;<\/p>\n<p>En la entrevista inicial, V\u00edctor Hugo manifest\u00f3 que el pasado lunes 12 de enero se traslad\u00f3 a un rancho ubicado en el ejido Y Griega, en el municipio de Caborca, en compa\u00f1\u00eda de dos mujeres, a quienes s\u00f3lo conoce con los nombres de \u201cMar\u00eda\u201d y \u201cLupita\u201dy de un amigo, Jes\u00fas \u201cN\u201d, con el fin de ingerir bebidas embriagantes.<\/p>\n<p>&nbsp;<\/p>\n<p>El hombre relat\u00f3 que, tras suscitarse una ri\u00f1a en el lugar, con su compa\u00f1ero, decidi\u00f3 retirarse y regresar a Puerto Pe\u00f1asco solicitando transporte (raite), dejando a sus acompa\u00f1antes en el sitio.<\/p>\n<p>&nbsp;<\/p>\n<p>Cabe destacar que, desde el momento del reporte, la FGJES inici\u00f3 las labores de localizaci\u00f3n hasta el mismo d\u00eda de su regreso, el viernes 16 de enero, fecha en que personal de la Agencia Ministerial de Investigaci\u00f3n Criminal (AMIC), la Polic\u00eda Estatal de Seguridad P\u00fablica (PESP) y la Comisi\u00f3n Estatal de B\u00fasqueda realizaban un operativo de acompa\u00f1amiento y protecci\u00f3n al colectivo \u201cBusc\u00e1ndote Luis Alan SM\u201d.<\/p>\n<p>&nbsp;<\/p>\n<p>La Fiscal\u00eda General de Justicia del Estado de Sonora reitera su compromiso, con atender todas las denuncias relacionadas con la posible desaparici\u00f3n de personas.<\/p>\n<p><strong>Fecha de publicaci\u00f3n martes 20 de enero de 2026<\/strong><\/p>\n","protected":false},"excerpt":{"rendered":"<p>No estaba muerto andaba de parranda; reaparece tras tres d\u00edas\u00a0 de fiesta &nbsp; HERMOSILLO, SONORA,&#8230;<\/p>\n","protected":false},"author":1,"featured_media":233451,"comment_status":"open","ping_status":"open","sticky":false,"template":"","format":"standard","meta":{"_monsterinsights_skip_tracking":false,"_monsterinsights_sitenote_active":false,"_monsterinsights_sitenote_note":"","_monsterinsights_sitenote_category":0,"footnotes":""},"categories":[3144],"tags":[3128,12267,12268],"class_list":["post"],"yoast_head":" \n<title>Sonora en Equipo. No estaba muerto andaba de parranda; reaparece tras tres d\u00edas\u00a0 de fiesta Polic\u00edaca<\/title>\n<meta name=\"description\" content=\"No estaba muerto andaba de parranda; reaparece tras tres d\u00edas\u00a0 de fiesta &nbsp; HERMOSILLO, SONORA, MX. \u2014 La Fiscal\u00eda General de Justicia del Estado de En Sonora en Equipo publicamos toda la informaci\u00f3n de Sonora, M\u00e9xico y el Mundo de manera oportuna y busca que la libertad de expresi\u00f3n sea real. Visita nuestro medio informativo publicado desde Hermosillo, Sonora. %\" \/>\n<meta name=\"robots\" content=\"index, follow, max-snippet:-1, max-image-preview:large, max-video-preview:-1\" \/>\n<link rel=\"canonical\" href=\"https:\/\/www.sonoraenequipo.com.mx\/no-estaba-muerto-andaba-de-parranda-reaparece-tras-tres-dias-de-fiesta\/\" \/>\n<meta property=\"og:locale\" content=\"es_ES\" \/>\n<meta property=\"og:type\" content=\"article\" \/>\n<meta property=\"og:title\" content=\"Sonora en Equipo. No estaba muerto andaba de parranda; reaparece tras tres d\u00edas\u00a0 de fiesta Polic\u00edaca\" \/>\n<meta property=\"og:description\" content=\"No estaba muerto andaba de parranda; reaparece tras tres d\u00edas\u00a0 de fiesta &nbsp; HERMOSILLO, SONORA, MX. \u2014 La Fiscal\u00eda General de Justicia del Estado de En Sonora en Equipo publicamos toda la informaci\u00f3n de Sonora, M\u00e9xico y el Mundo de manera oportuna y busca que la libertad de expresi\u00f3n sea real. Visita nuestro medio informativo publicado desde Hermosillo, Sonora. %\" \/>\n<meta property=\"og:url\" content=\"https:\/\/www.sonoraenequipo.com.mx\/no-estaba-muerto-andaba-de-parranda-reaparece-tras-tres-dias-de-fiesta\/\" \/>\n<meta property=\"og:site_name\" content=\"Sonora en Equipo.\" \/>\n<meta property=\"article:publisher\" content=\"https:\/\/www.facebook.com\/SonoraEE\/\" \/>\n<meta property=\"article:author\" content=\"https:\/\/www.facebook.com\/SonoraEE\" \/>\n<meta property=\"article:published_time\" content=\"2026-01-20T20:17:52+00:00\" \/>\n<meta property=\"og:image\" content=\"https:\/\/www.sonoraenequipo.com.mx\/storage\/2026\/01\/victor-hugo.jpg\" \/>\n\t<meta property=\"og:image:width\" content=\"600\" \/>\n\t<meta property=\"og:image:height\" content=\"400\" \/>\n\t<meta property=\"og:image:type\" content=\"image\/jpeg\" \/>\n<meta name=\"author\" content=\"enequipo\" \/>\n<meta name=\"twitter:card\" content=\"summary_large_image\" \/>\n<meta name=\"twitter:creator\" content=\"@sonoraenequipo\" \/>\n<meta name=\"twitter:site\" content=\"@sonoraenequipo\" \/>\n<meta name=\"twitter:label1\" content=\"Escrito por\" \/>\n\t<meta name=\"twitter:data1\" content=\"enequipo\" \/>\n\t<meta name=\"twitter:label2\" content=\"Tiempo de lectura\" \/>\n\t<meta name=\"twitter:data2\" content=\"1 minuto\" \/>\n<script type=\"application\/ld+json\" class=\"yoast-schema-graph\">{\"@context\":\"https:\/\/schema.org\",\"@graph\":[{\"@type\":\"Article\",\"@id\":\"https:\/\/www.sonoraenequipo.com.mx\/no-estaba-muerto-andaba-de-parranda-reaparece-tras-tres-dias-de-fiesta\/#article\",\"isPartOf\":{\"@id\":\"https:\/\/www.sonoraenequipo.com.mx\/no-estaba-muerto-andaba-de-parranda-reaparece-tras-tres-dias-de-fiesta\/\"},\"author\":{\"name\":\"enequipo\",\"@id\":\"https:\/\/www.sonoraenequipo.com.mx\/#\/schema\/person\/50102df0fb23a8fa9e8effad8fa81386\"},\"headline\":\"No estaba muerto andaba de parranda; reaparece tras tres d\u00edas\u00a0 de fiesta\",\"datePublished\":\"2026-01-20T20:17:52+00:00\",\"mainEntityOfPage\":{\"@id\":\"https:\/\/www.sonoraenequipo.com.mx\/no-estaba-muerto-andaba-de-parranda-reaparece-tras-tres-dias-de-fiesta\/\"},\"wordCount\":305,\"commentCount\":0,\"publisher\":{\"@id\":\"https:\/\/www.sonoraenequipo.com.mx\/#organization\"},\"image\":{\"@id\":\"https:\/\/www.sonoraenequipo.com.mx\/no-estaba-muerto-andaba-de-parranda-reaparece-tras-tres-dias-de-fiesta\/#primaryimage\"},\"thumbnailUrl\":\"https:\/\/www.sonoraenequipo.com.mx\/storage\/2026\/01\/victor-hugo.jpg\",\"keywords\":[\"fgje\",\"localizacion\",\"persona con vida\"],\"articleSection\":[\"Polic\u00edaca\"],\"inLanguage\":\"es\",\"potentialAction\":[{\"@type\":\"CommentAction\",\"name\":\"Comment\",\"target\":[\"https:\/\/www.sonoraenequipo.com.mx\/no-estaba-muerto-andaba-de-parranda-reaparece-tras-tres-dias-de-fiesta\/#respond\"]}]},{\"@type\":\"WebPage\",\"@id\":\"https:\/\/www.sonoraenequipo.com.mx\/no-estaba-muerto-andaba-de-parranda-reaparece-tras-tres-dias-de-fiesta\/\",\"url\":\"https:\/\/www.sonoraenequipo.com.mx\/no-estaba-muerto-andaba-de-parranda-reaparece-tras-tres-dias-de-fiesta\/\",\"name\":\"Sonora en Equipo. No estaba muerto andaba de parranda; reaparece tras tres d\u00edas\u00a0 de fiesta Polic\u00edaca\",\"isPartOf\":{\"@id\":\"https:\/\/www.sonoraenequipo.com.mx\/#website\"},\"primaryImageOfPage\":{\"@id\":\"https:\/\/www.sonoraenequipo.com.mx\/no-estaba-muerto-andaba-de-parranda-reaparece-tras-tres-dias-de-fiesta\/#primaryimage\"},\"image\":{\"@id\":\"https:\/\/www.sonoraenequipo.com.mx\/no-estaba-muerto-andaba-de-parranda-reaparece-tras-tres-dias-de-fiesta\/#primaryimage\"},\"thumbnailUrl\":\"https:\/\/www.sonoraenequipo.com.mx\/storage\/2026\/01\/victor-hugo.jpg\",\"datePublished\":\"2026-01-20T20:17:52+00:00\",\"description\":\"No estaba muerto andaba de parranda; reaparece tras tres d\u00edas\u00a0 de fiesta &nbsp; HERMOSILLO, SONORA, MX. \u2014 La Fiscal\u00eda General de Justicia del Estado de En Sonora en Equipo publicamos toda la informaci\u00f3n de Sonora, M\u00e9xico y el Mundo de manera oportuna y busca que la libertad de expresi\u00f3n sea real. Visita nuestro medio informativo publicado desde Hermosillo, Sonora. %\",\"breadcrumb\":{\"@id\":\"https:\/\/www.sonoraenequipo.com.mx\/no-estaba-muerto-andaba-de-parranda-reaparece-tras-tres-dias-de-fiesta\/#breadcrumb\"},\"inLanguage\":\"es\",\"potentialAction\":[{\"@type\":\"ReadAction\",\"target\":[\"https:\/\/www.sonoraenequipo.com.mx\/no-estaba-muerto-andaba-de-parranda-reaparece-tras-tres-dias-de-fiesta\/\"]}]},{\"@type\":\"ImageObject\",\"inLanguage\":\"es\",\"@id\":\"https:\/\/www.sonoraenequipo.com.mx\/no-estaba-muerto-andaba-de-parranda-reaparece-tras-tres-dias-de-fiesta\/#primaryimage\",\"url\":\"https:\/\/www.sonoraenequipo.com.mx\/storage\/2026\/01\/victor-hugo.jpg\",\"contentUrl\":\"https:\/\/www.sonoraenequipo.com.mx\/storage\/2026\/01\/victor-hugo.jpg\",\"width\":600,\"height\":400,\"caption\":\"Imagen: Ficha de b\u00fasqueda emitida por la Fiscal\u00eda.\"},{\"@type\":\"BreadcrumbList\",\"@id\":\"https:\/\/www.sonoraenequipo.com.mx\/no-estaba-muerto-andaba-de-parranda-reaparece-tras-tres-dias-de-fiesta\/#breadcrumb\",\"itemListElement\":[{\"@type\":\"ListItem\",\"position\":1,\"name\":\"Portada\",\"item\":\"https:\/\/www.sonoraenequipo.com.mx\/\"},{\"@type\":\"ListItem\",\"position\":2,\"name\":\"No estaba muerto andaba de parranda; reaparece tras tres d\u00edas\u00a0 de fiesta\"}]},{\"@type\":\"WebSite\",\"@id\":\"https:\/\/www.sonoraenequipo.com.mx\/#website\",\"url\":\"https:\/\/www.sonoraenequipo.com.mx\/\",\"name\":\"Sonora en Equipo.\",\"description\":\"Diario en l\u00ednea con Noticias desde Hermosillo, Sonora\",\"publisher\":{\"@id\":\"https:\/\/www.sonoraenequipo.com.mx\/#organization\"},\"potentialAction\":[{\"@type\":\"SearchAction\",\"target\":{\"@type\":\"EntryPoint\",\"urlTemplate\":\"https:\/\/www.sonoraenequipo.com.mx\/?s={search_term_string}\"},\"query-input\":{\"@type\":\"PropertyValueSpecification\",\"valueRequired\":true,\"valueName\":\"search_term_string\"}}],\"inLanguage\":\"es\"},{\"@type\":\"Organization\",\"@id\":\"https:\/\/www.sonoraenequipo.com.mx\/#organization\",\"name\":\"Sonoraenequipo.com.mx\",\"url\":\"https:\/\/www.sonoraenequipo.com.mx\/\",\"logo\":{\"@type\":\"ImageObject\",\"inLanguage\":\"es\",\"@id\":\"https:\/\/www.sonoraenequipo.com.mx\/#\/schema\/logo\/image\/\",\"url\":\"https:\/\/www.sonoraenequipo.com.mx\/storage\/2019\/01\/sonoraenequipo_opt.png\",\"contentUrl\":\"https:\/\/www.sonoraenequipo.com.mx\/storage\/2019\/01\/sonoraenequipo_opt.png\",\"width\":375,\"height\":125,\"caption\":\"Sonoraenequipo.com.mx\"},\"image\":{\"@id\":\"https:\/\/www.sonoraenequipo.com.mx\/#\/schema\/logo\/image\/\"},\"sameAs\":[\"https:\/\/www.facebook.com\/SonoraEE\/\",\"https:\/\/x.com\/sonoraenequipo\",\"https:\/\/www.youtube.com\/channel\/UC338nW-lPEYmJQs4ZABQ1SQ\"]},{\"@type\":\"Person\",\"@id\":\"https:\/\/www.sonoraenequipo.com.mx\/#\/schema\/person\/50102df0fb23a8fa9e8effad8fa81386\",\"name\":\"enequipo\",\"image\":{\"@type\":\"ImageObject\",\"inLanguage\":\"es\",\"@id\":\"https:\/\/www.sonoraenequipo.com.mx\/#\/schema\/person\/image\/\",\"url\":\"https:\/\/secure.gravatar.com\/avatar\/049821681b589dabc0bc20695993ccebb09f5b5d4d790cd9251b97faac7c652b?s=96&d=blank&r=g\",\"contentUrl\":\"https:\/\/secure.gravatar.com\/avatar\/049821681b589dabc0bc20695993ccebb09f5b5d4d790cd9251b97faac7c652b?s=96&d=blank&r=g\",\"caption\":\"enequipo\"},\"sameAs\":[\"https:\/\/www.facebook.com\/SonoraEE\"]}]}<\/script>\n ","yoast_head_json":{"title":"Sonora en Equipo. No estaba muerto andaba de parranda; reaparece tras tres d\u00edas\u00a0 de fiesta Polic\u00edaca","description":"No estaba muerto andaba de parranda; reaparece tras tres d\u00edas\u00a0 de fiesta &nbsp; HERMOSILLO, SONORA, MX. \u2014 La Fiscal\u00eda General de Justicia del Estado de En Sonora en Equipo publicamos toda la informaci\u00f3n de Sonora, M\u00e9xico y el Mundo de manera oportuna y busca que la libertad de expresi\u00f3n sea real. Visita nuestro medio informativo publicado desde Hermosillo, Sonora. %","robots":{"index":"index","follow":"follow","max-snippet":"max-snippet:-1","max-image-preview":"max-image-preview:large","max-video-preview":"max-video-preview:-1"},"canonical":"https:\/\/www.sonoraenequipo.com.mx\/no-estaba-muerto-andaba-de-parranda-reaparece-tras-tres-dias-de-fiesta\/","og_locale":"es_ES","og_type":"article","og_title":"Sonora en Equipo. No estaba muerto andaba de parranda; reaparece tras tres d\u00edas\u00a0 de fiesta Polic\u00edaca","og_description":"No estaba muerto andaba de parranda; reaparece tras tres d\u00edas\u00a0 de fiesta &nbsp; HERMOSILLO, SONORA, MX. \u2014 La Fiscal\u00eda General de Justicia del Estado de En Sonora en Equipo publicamos toda la informaci\u00f3n de Sonora, M\u00e9xico y el Mundo de manera oportuna y busca que la libertad de expresi\u00f3n sea real. Visita nuestro medio informativo publicado desde Hermosillo, Sonora. %","og_url":"https:\/\/www.sonoraenequipo.com.mx\/no-estaba-muerto-andaba-de-parranda-reaparece-tras-tres-dias-de-fiesta\/","og_site_name":"Sonora en Equipo.","article_publisher":"https:\/\/www.facebook.com\/SonoraEE\/","article_author":"https:\/\/www.facebook.com\/SonoraEE","article_published_time":"2026-01-20T20:17:52+00:00","og_image":[{"width":600,"height":400,"url":"https:\/\/www.sonoraenequipo.com.mx\/storage\/2026\/01\/victor-hugo.jpg","type":"image\/jpeg"}],"author":"enequipo","twitter_card":"summary_large_image","twitter_creator":"@sonoraenequipo","twitter_site":"@sonoraenequipo","twitter_misc":{"Escrito por":"enequipo","Tiempo de lectura":"1 minuto"},"schema":{"@context":"https:\/\/schema.org","@graph":[{"@type":"Article","@id":"https:\/\/www.sonoraenequipo.com.mx\/no-estaba-muerto-andaba-de-parranda-reaparece-tras-tres-dias-de-fiesta\/#article","isPartOf":{"@id":"https:\/\/www.sonoraenequipo.com.mx\/no-estaba-muerto-andaba-de-parranda-reaparece-tras-tres-dias-de-fiesta\/"},"author":{"name":"enequipo","@id":"https:\/\/www.sonoraenequipo.com.mx\/#\/schema\/person\/50102df0fb23a8fa9e8effad8fa81386"},"headline":"No estaba muerto andaba de parranda; reaparece tras tres d\u00edas\u00a0 de fiesta","datePublished":"2026-01-20T20:17:52+00:00","mainEntityOfPage":{"@id":"https:\/\/www.sonoraenequipo.com.mx\/no-estaba-muerto-andaba-de-parranda-reaparece-tras-tres-dias-de-fiesta\/"},"wordCount":305,"commentCount":0,"publisher":{"@id":"https:\/\/www.sonoraenequipo.com.mx\/#organization"},"image":{"@id":"https:\/\/www.sonoraenequipo.com.mx\/no-estaba-muerto-andaba-de-parranda-reaparece-tras-tres-dias-de-fiesta\/#primaryimage"},"thumbnailUrl":"https:\/\/www.sonoraenequipo.com.mx\/storage\/2026\/01\/victor-hugo.jpg","keywords":["fgje","localizacion","persona con vida"],"articleSection":["Polic\u00edaca"],"inLanguage":"es","potentialAction":[{"@type":"CommentAction","name":"Comment","target":["https:\/\/www.sonoraenequipo.com.mx\/no-estaba-muerto-andaba-de-parranda-reaparece-tras-tres-dias-de-fiesta\/#respond"]}]},{"@type":"WebPage","@id":"https:\/\/www.sonoraenequipo.com.mx\/no-estaba-muerto-andaba-de-parranda-reaparece-tras-tres-dias-de-fiesta\/","url":"https:\/\/www.sonoraenequipo.com.mx\/no-estaba-muerto-andaba-de-parranda-reaparece-tras-tres-dias-de-fiesta\/","name":"Sonora en Equipo. No estaba muerto andaba de parranda; reaparece tras tres d\u00edas\u00a0 de fiesta Polic\u00edaca","isPartOf":{"@id":"https:\/\/www.sonoraenequipo.com.mx\/#website"},"primaryImageOfPage":{"@id":"https:\/\/www.sonoraenequipo.com.mx\/no-estaba-muerto-andaba-de-parranda-reaparece-tras-tres-dias-de-fiesta\/#primaryimage"},"image":{"@id":"https:\/\/www.sonoraenequipo.com.mx\/no-estaba-muerto-andaba-de-parranda-reaparece-tras-tres-dias-de-fiesta\/#primaryimage"},"thumbnailUrl":"https:\/\/www.sonoraenequipo.com.mx\/storage\/2026\/01\/victor-hugo.jpg","datePublished":"2026-01-20T20:17:52+00:00","description":"No estaba muerto andaba de parranda; reaparece tras tres d\u00edas\u00a0 de fiesta &nbsp; HERMOSILLO, SONORA, MX. \u2014 La Fiscal\u00eda General de Justicia del Estado de En Sonora en Equipo publicamos toda la informaci\u00f3n de Sonora, M\u00e9xico y el Mundo de manera oportuna y busca que la libertad de expresi\u00f3n sea real. Visita nuestro medio informativo publicado desde Hermosillo, Sonora. %","breadcrumb":{"@id":"https:\/\/www.sonoraenequipo.com.mx\/no-estaba-muerto-andaba-de-parranda-reaparece-tras-tres-dias-de-fiesta\/#breadcrumb"},"inLanguage":"es","potentialAction":[{"@type":"ReadAction","target":["https:\/\/www.sonoraenequipo.com.mx\/no-estaba-muerto-andaba-de-parranda-reaparece-tras-tres-dias-de-fiesta\/"]}]},{"@type":"ImageObject","inLanguage":"es","@id":"https:\/\/www.sonoraenequipo.com.mx\/no-estaba-muerto-andaba-de-parranda-reaparece-tras-tres-dias-de-fiesta\/#primaryimage","url":"https:\/\/www.sonoraenequipo.com.mx\/storage\/2026\/01\/victor-hugo.jpg","contentUrl":"https:\/\/www.sonoraenequipo.com.mx\/storage\/2026\/01\/victor-hugo.jpg","width":600,"height":400,"caption":"Imagen: Ficha de b\u00fasqueda emitida por la Fiscal\u00eda."},{"@type":"BreadcrumbList","@id":"https:\/\/www.sonoraenequipo.com.mx\/no-estaba-muerto-andaba-de-parranda-reaparece-tras-tres-dias-de-fiesta\/#breadcrumb","itemListElement":[{"@type":"ListItem","position":1,"name":"Portada","item":"https:\/\/www.sonoraenequipo.com.mx\/"},{"@type":"ListItem","position":2,"name":"No estaba muerto andaba de parranda; reaparece tras tres d\u00edas\u00a0 de fiesta"}]},{"@type":"WebSite","@id":"https:\/\/www.sonoraenequipo.com.mx\/#website","url":"https:\/\/www.sonoraenequipo.com.mx\/","name":"Sonora en Equipo.","description":"Diario en l\u00ednea con Noticias desde Hermosillo, Sonora","publisher":{"@id":"https:\/\/www.sonoraenequipo.com.mx\/#organization"},"potentialAction":[{"@type":"SearchAction","target":{"@type":"EntryPoint","urlTemplate":"https:\/\/www.sonoraenequipo.com.mx\/?s={search_term_string}"},"query-input":{"@type":"PropertyValueSpecification","valueRequired":true,"valueName":"search_term_string"}}],"inLanguage":"es"},{"@type":"Organization","@id":"https:\/\/www.sonoraenequipo.com.mx\/#organization","name":"Sonoraenequipo.com.mx","url":"https:\/\/www.sonoraenequipo.com.mx\/","logo":{"@type":"ImageObject","inLanguage":"es","@id":"https:\/\/www.sonoraenequipo.com.mx\/#\/schema\/logo\/image\/","url":"https:\/\/www.sonoraenequipo.com.mx\/storage\/2019\/01\/sonoraenequipo_opt.png","contentUrl":"https:\/\/www.sonoraenequipo.com.mx\/storage\/2019\/01\/sonoraenequipo_opt.png","width":375,"height":125,"caption":"Sonoraenequipo.com.mx"},"image":{"@id":"https:\/\/www.sonoraenequipo.com.mx\/#\/schema\/logo\/image\/"},"sameAs":["https:\/\/www.facebook.com\/SonoraEE\/","https:\/\/x.com\/sonoraenequipo","https:\/\/www.youtube.com\/channel\/UC338nW-lPEYmJQs4ZABQ1SQ"]},{"@type":"Person","@id":"https:\/\/www.sonoraenequipo.com.mx\/#\/schema\/person\/50102df0fb23a8fa9e8effad8fa81386","name":"enequipo","image":{"@type":"ImageObject","inLanguage":"es","@id":"https:\/\/www.sonoraenequipo.com.mx\/#\/schema\/person\/image\/","url":"https:\/\/secure.gravatar.com\/avatar\/049821681b589dabc0bc20695993ccebb09f5b5d4d790cd9251b97faac7c652b?s=96&d=blank&r=g","contentUrl":"https:\/\/secure.gravatar.com\/avatar\/049821681b589dabc0bc20695993ccebb09f5b5d4d790cd9251b97faac7c652b?s=96&d=blank&r=g","caption":"enequipo"},"sameAs":["https:\/\/www.facebook.com\/SonoraEE"]}]}},"jetpack_featured_media_url":"https:\/\/www.sonoraenequipo.com.mx\/storage\/2026\/01\/victor-hugo.jpg","_links":{"self":[{"href":"https:\/\/www.sonoraenequipo.com.mx\/api\/wp\/v2\/posts\/233450","targetHints":{"allow":["GET"]}}],"collection":[{"href":"https:\/\/www.sonoraenequipo.com.mx\/api\/wp\/v2\/posts"}],"about":[{"href":"https:\/\/www.sonoraenequipo.com.mx\/api\/wp\/v2\/types\/post"}],"author":[{"embeddable":true,"href":"https:\/\/www.sonoraenequipo.com.mx\/api\/wp\/v2\/users\/1"}],"replies":[{"embeddable":true,"href":"https:\/\/www.sonoraenequipo.com.mx\/api\/wp\/v2\/comments?post=233450"}],"version-history":[{"count":1,"href":"https:\/\/www.sonoraenequipo.com.mx\/api\/wp\/v2\/posts\/233450\/revisions"}],"predecessor-version":[{"id":233452,"href":"https:\/\/www.sonoraenequipo.com.mx\/api\/wp\/v2\/posts\/233450\/revisions\/233452"}],"wp:featuredmedia":[{"embeddable":true,"href":"https:\/\/www.sonoraenequipo.com.mx\/api\/wp\/v2\/media\/233451"}],"wp:attachment":[{"href":"https:\/\/www.sonoraenequipo.com.mx\/api\/wp\/v2\/media?parent=233450"}],"wp:term":[{"taxonomy":"category","embeddable":true,"href":"https:\/\/www.sonoraenequipo.com.mx\/api\/wp\/v2\/categories?post=233450"},{"taxonomy":"post_tag","embeddable":true,"href":"https:\/\/www.sonoraenequipo.com.mx\/api\/wp\/v2\/tags?post=233450"}],"curies":[{"name":"wp","href":"https:\/\/api.w.org\/{rel}","templated":true}]}}