{"id":233453,"date":"2026-01-20T14:31:19","date_gmt":"2026-01-20T21:31:19","guid":{"rendered":"https:\/\/www.sonoraenequipo.com.mx\/?p=233453"},"modified":"2026-01-20T14:31:19","modified_gmt":"2026-01-20T21:31:19","slug":"detiene-amic-en-hermosillo-a-sujeto-buscado-en-bcs-por-homicidio-de-jefe-policiaco","status":"publish","type":"post","link":"https:\/\/www.sonoraenequipo.com.mx\/detiene-amic-en-hermosillo-a-sujeto-buscado-en-bcs-por-homicidio-de-jefe-policiaco\/","title":{"rendered":"Detiene AMIC en Hermosillo a sujeto buscado en BCS por homicidio de\u00a0 jefe policiaco"},"content":{"rendered":"<p><strong>HERMOSILLO, SONORA, MX.<\/strong> \u2014 La Fiscal\u00eda General de Justicia del Estado de Sonora (FGJES), a trav\u00e9s de la Agencia Ministerial de Investigaci\u00f3n Criminal (AMIC), informa que, como resultado de un operativo interinstitucional, en Hermosillo se ejecut\u00f3 orden de aprehensi\u00f3n a Jos\u00e9 Ahu\u00edtzotl \u201cN\u201d, de 43 a\u00f1os de edad, por el delito de homicidio calificado con ventaja y alevos\u00eda, derivada de una colaboraci\u00f3n interinstitucional.<\/p>\n<p>&nbsp;<\/p>\n<p>Dicha orden de aprehensi\u00f3n se encuentra relacionada con el homicidio de \u00c1ngeles Ojeda de Jes\u00fas, quien se desempe\u00f1aba como Director de Administraci\u00f3n de Seguridad P\u00fablica Municipal de San Jos\u00e9 del Cabo, Baja California Sur(BCS).<\/p>\n<p>&nbsp;<\/p>\n<p>El operativo se desarroll\u00f3 en coordinaci\u00f3n con la AMIC, Agencia Estatal de Investigaci\u00f3n Criminal (AEIC) de Baja California Sur, Secretar\u00eda de Marina Armada de M\u00e9xico (SEMAR) y la Secretar\u00eda de la Defensa Nacional (DEFENSA), consolidando un cerco t\u00e1ctico que permiti\u00f3 la neutralizaci\u00f3n del objetivo sin riesgo para la poblaci\u00f3n ni para las fuerzas operativas<\/p>\n<p>&nbsp;<\/p>\n<p>Jos\u00e9 Ahu\u00edtzotl \u201cN\u201d fue asegurado en el Aeropuerto Internacional General Ignacio Pesqueira Garc\u00eda, ubicado sobre el bulevar Jes\u00fas Garc\u00eda Morales, al arribar en un vuelo procedente del Aeropuerto Internacional Felipe \u00c1ngeles (AIFA), procedente de la Ciudad de M\u00e9xico<\/p>\n<p>&nbsp;<\/p>\n<p>Los hechos ocurrieron el 7 de septiembre de 2025, cuando \u00c1ngeles Ojeda de Jes\u00fas fue privado de la vida mediante agresi\u00f3n con arma de fuego al interior de un veh\u00edculo tipo SUV.<\/p>\n<p>&nbsp;<\/p>\n<p>La captura fue posible gracias al intercambio efectivo de informaci\u00f3n de inteligencia, labores de an\u00e1lisis t\u00e1ctico y seguimiento operativo entre autoridades estatales y federales, lo que permiti\u00f3 localizar, identificar y asegurar al imputado en un punto estrat\u00e9gico de tr\u00e1nsito nacional<\/p>\n<p>&nbsp;<\/p>\n<p>Con esta acci\u00f3n, la Fiscal\u00eda General de Justicia del Estado de Sonora (FGJES) refrenda que no habr\u00e1 refugio ni margen de impunidad para quienes atenten contra la vida, la seguridad p\u00fablica y las instituciones, y ratifica su compromiso de perseguir y llevar ante la justicia a los responsables de delitos de alto impacto, mediante el uso leg\u00edtimo de la fuerza del Estado y la coordinaci\u00f3n interinstitucional permanente.<\/p>\n<p><strong>Fecha de publicaci\u00f3n martes 20 de enero de 2026<\/strong><\/p>\n<p>&nbsp;<\/p>\n","protected":false},"excerpt":{"rendered":"<p>HERMOSILLO, SONORA, MX. \u2014 La Fiscal\u00eda General de Justicia del Estado de Sonora (FGJES), a&#8230;<\/p>\n","protected":false},"author":1,"featured_media":233463,"comment_status":"open","ping_status":"open","sticky":false,"template":"","format":"standard","meta":{"_monsterinsights_skip_tracking":false,"_monsterinsights_sitenote_active":false,"_monsterinsights_sitenote_note":"","_monsterinsights_sitenote_category":0,"footnotes":""},"categories":[3144],"tags":[],"class_list":["post"],"yoast_head":" \n<title>Sonora en Equipo. Detiene AMIC en Hermosillo a sujeto buscado en BCS por homicidio de\u00a0 jefe policiaco Polic\u00edaca<\/title>\n<meta name=\"description\" content=\"HERMOSILLO, SONORA, MX. \u2014 La Fiscal\u00eda General de Justicia del Estado de Sonora (FGJES), a trav\u00e9s de la Agencia Ministerial de Investigaci\u00f3n Criminal En Sonora en Equipo publicamos toda la informaci\u00f3n de Sonora, M\u00e9xico y el Mundo de manera oportuna y busca que la libertad de expresi\u00f3n sea real. Visita nuestro medio informativo publicado desde Hermosillo, Sonora. %\" \/>\n<meta name=\"robots\" content=\"index, follow, max-snippet:-1, max-image-preview:large, max-video-preview:-1\" \/>\n<link rel=\"canonical\" href=\"https:\/\/www.sonoraenequipo.com.mx\/detiene-amic-en-hermosillo-a-sujeto-buscado-en-bcs-por-homicidio-de-jefe-policiaco\/\" \/>\n<meta property=\"og:locale\" content=\"es_ES\" \/>\n<meta property=\"og:type\" content=\"article\" \/>\n<meta property=\"og:title\" content=\"Sonora en Equipo. Detiene AMIC en Hermosillo a sujeto buscado en BCS por homicidio de\u00a0 jefe policiaco Polic\u00edaca\" \/>\n<meta property=\"og:description\" content=\"HERMOSILLO, SONORA, MX. \u2014 La Fiscal\u00eda General de Justicia del Estado de Sonora (FGJES), a trav\u00e9s de la Agencia Ministerial de Investigaci\u00f3n Criminal En Sonora en Equipo publicamos toda la informaci\u00f3n de Sonora, M\u00e9xico y el Mundo de manera oportuna y busca que la libertad de expresi\u00f3n sea real. Visita nuestro medio informativo publicado desde Hermosillo, Sonora. %\" \/>\n<meta property=\"og:url\" content=\"https:\/\/www.sonoraenequipo.com.mx\/detiene-amic-en-hermosillo-a-sujeto-buscado-en-bcs-por-homicidio-de-jefe-policiaco\/\" \/>\n<meta property=\"og:site_name\" content=\"Sonora en Equipo.\" \/>\n<meta property=\"article:publisher\" content=\"https:\/\/www.facebook.com\/SonoraEE\/\" \/>\n<meta property=\"article:author\" content=\"https:\/\/www.facebook.com\/SonoraEE\" \/>\n<meta property=\"article:published_time\" content=\"2026-01-20T21:31:19+00:00\" \/>\n<meta property=\"og:image\" content=\"https:\/\/www.sonoraenequipo.com.mx\/storage\/2026\/01\/bcs.jpg\" \/>\n\t<meta property=\"og:image:width\" content=\"600\" \/>\n\t<meta property=\"og:image:height\" content=\"400\" \/>\n\t<meta property=\"og:image:type\" content=\"image\/jpeg\" \/>\n<meta name=\"author\" content=\"enequipo\" \/>\n<meta name=\"twitter:card\" content=\"summary_large_image\" \/>\n<meta name=\"twitter:creator\" content=\"@sonoraenequipo\" \/>\n<meta name=\"twitter:site\" content=\"@sonoraenequipo\" \/>\n<meta name=\"twitter:label1\" content=\"Escrito por\" \/>\n\t<meta name=\"twitter:data1\" content=\"enequipo\" \/>\n\t<meta name=\"twitter:label2\" content=\"Tiempo de lectura\" \/>\n\t<meta name=\"twitter:data2\" content=\"2 minutos\" \/>\n<script type=\"application\/ld+json\" class=\"yoast-schema-graph\">{\"@context\":\"https:\/\/schema.org\",\"@graph\":[{\"@type\":\"Article\",\"@id\":\"https:\/\/www.sonoraenequipo.com.mx\/detiene-amic-en-hermosillo-a-sujeto-buscado-en-bcs-por-homicidio-de-jefe-policiaco\/#article\",\"isPartOf\":{\"@id\":\"https:\/\/www.sonoraenequipo.com.mx\/detiene-amic-en-hermosillo-a-sujeto-buscado-en-bcs-por-homicidio-de-jefe-policiaco\/\"},\"author\":{\"name\":\"enequipo\",\"@id\":\"https:\/\/www.sonoraenequipo.com.mx\/#\/schema\/person\/50102df0fb23a8fa9e8effad8fa81386\"},\"headline\":\"Detiene AMIC en Hermosillo a sujeto buscado en BCS por homicidio de\u00a0 jefe policiaco\",\"datePublished\":\"2026-01-20T21:31:19+00:00\",\"mainEntityOfPage\":{\"@id\":\"https:\/\/www.sonoraenequipo.com.mx\/detiene-amic-en-hermosillo-a-sujeto-buscado-en-bcs-por-homicidio-de-jefe-policiaco\/\"},\"wordCount\":393,\"commentCount\":0,\"publisher\":{\"@id\":\"https:\/\/www.sonoraenequipo.com.mx\/#organization\"},\"image\":{\"@id\":\"https:\/\/www.sonoraenequipo.com.mx\/detiene-amic-en-hermosillo-a-sujeto-buscado-en-bcs-por-homicidio-de-jefe-policiaco\/#primaryimage\"},\"thumbnailUrl\":\"https:\/\/www.sonoraenequipo.com.mx\/storage\/2026\/01\/bcs.jpg\",\"articleSection\":[\"Polic\u00edaca\"],\"inLanguage\":\"es\",\"potentialAction\":[{\"@type\":\"CommentAction\",\"name\":\"Comment\",\"target\":[\"https:\/\/www.sonoraenequipo.com.mx\/detiene-amic-en-hermosillo-a-sujeto-buscado-en-bcs-por-homicidio-de-jefe-policiaco\/#respond\"]}]},{\"@type\":\"WebPage\",\"@id\":\"https:\/\/www.sonoraenequipo.com.mx\/detiene-amic-en-hermosillo-a-sujeto-buscado-en-bcs-por-homicidio-de-jefe-policiaco\/\",\"url\":\"https:\/\/www.sonoraenequipo.com.mx\/detiene-amic-en-hermosillo-a-sujeto-buscado-en-bcs-por-homicidio-de-jefe-policiaco\/\",\"name\":\"Sonora en Equipo. Detiene AMIC en Hermosillo a sujeto buscado en BCS por homicidio de\u00a0 jefe policiaco Polic\u00edaca\",\"isPartOf\":{\"@id\":\"https:\/\/www.sonoraenequipo.com.mx\/#website\"},\"primaryImageOfPage\":{\"@id\":\"https:\/\/www.sonoraenequipo.com.mx\/detiene-amic-en-hermosillo-a-sujeto-buscado-en-bcs-por-homicidio-de-jefe-policiaco\/#primaryimage\"},\"image\":{\"@id\":\"https:\/\/www.sonoraenequipo.com.mx\/detiene-amic-en-hermosillo-a-sujeto-buscado-en-bcs-por-homicidio-de-jefe-policiaco\/#primaryimage\"},\"thumbnailUrl\":\"https:\/\/www.sonoraenequipo.com.mx\/storage\/2026\/01\/bcs.jpg\",\"datePublished\":\"2026-01-20T21:31:19+00:00\",\"description\":\"HERMOSILLO, SONORA, MX. \u2014 La Fiscal\u00eda General de Justicia del Estado de Sonora (FGJES), a trav\u00e9s de la Agencia Ministerial de Investigaci\u00f3n Criminal En Sonora en Equipo publicamos toda la informaci\u00f3n de Sonora, M\u00e9xico y el Mundo de manera oportuna y busca que la libertad de expresi\u00f3n sea real. Visita nuestro medio informativo publicado desde Hermosillo, Sonora. %\",\"breadcrumb\":{\"@id\":\"https:\/\/www.sonoraenequipo.com.mx\/detiene-amic-en-hermosillo-a-sujeto-buscado-en-bcs-por-homicidio-de-jefe-policiaco\/#breadcrumb\"},\"inLanguage\":\"es\",\"potentialAction\":[{\"@type\":\"ReadAction\",\"target\":[\"https:\/\/www.sonoraenequipo.com.mx\/detiene-amic-en-hermosillo-a-sujeto-buscado-en-bcs-por-homicidio-de-jefe-policiaco\/\"]}]},{\"@type\":\"ImageObject\",\"inLanguage\":\"es\",\"@id\":\"https:\/\/www.sonoraenequipo.com.mx\/detiene-amic-en-hermosillo-a-sujeto-buscado-en-bcs-por-homicidio-de-jefe-policiaco\/#primaryimage\",\"url\":\"https:\/\/www.sonoraenequipo.com.mx\/storage\/2026\/01\/bcs.jpg\",\"contentUrl\":\"https:\/\/www.sonoraenequipo.com.mx\/storage\/2026\/01\/bcs.jpg\",\"width\":600,\"height\":400},{\"@type\":\"BreadcrumbList\",\"@id\":\"https:\/\/www.sonoraenequipo.com.mx\/detiene-amic-en-hermosillo-a-sujeto-buscado-en-bcs-por-homicidio-de-jefe-policiaco\/#breadcrumb\",\"itemListElement\":[{\"@type\":\"ListItem\",\"position\":1,\"name\":\"Portada\",\"item\":\"https:\/\/www.sonoraenequipo.com.mx\/\"},{\"@type\":\"ListItem\",\"position\":2,\"name\":\"Detiene AMIC en Hermosillo a sujeto buscado en BCS por homicidio de\u00a0 jefe policiaco\"}]},{\"@type\":\"WebSite\",\"@id\":\"https:\/\/www.sonoraenequipo.com.mx\/#website\",\"url\":\"https:\/\/www.sonoraenequipo.com.mx\/\",\"name\":\"Sonora en Equipo.\",\"description\":\"Diario en l\u00ednea con Noticias desde Hermosillo, Sonora\",\"publisher\":{\"@id\":\"https:\/\/www.sonoraenequipo.com.mx\/#organization\"},\"potentialAction\":[{\"@type\":\"SearchAction\",\"target\":{\"@type\":\"EntryPoint\",\"urlTemplate\":\"https:\/\/www.sonoraenequipo.com.mx\/?s={search_term_string}\"},\"query-input\":{\"@type\":\"PropertyValueSpecification\",\"valueRequired\":true,\"valueName\":\"search_term_string\"}}],\"inLanguage\":\"es\"},{\"@type\":\"Organization\",\"@id\":\"https:\/\/www.sonoraenequipo.com.mx\/#organization\",\"name\":\"Sonoraenequipo.com.mx\",\"url\":\"https:\/\/www.sonoraenequipo.com.mx\/\",\"logo\":{\"@type\":\"ImageObject\",\"inLanguage\":\"es\",\"@id\":\"https:\/\/www.sonoraenequipo.com.mx\/#\/schema\/logo\/image\/\",\"url\":\"https:\/\/www.sonoraenequipo.com.mx\/storage\/2019\/01\/sonoraenequipo_opt.png\",\"contentUrl\":\"https:\/\/www.sonoraenequipo.com.mx\/storage\/2019\/01\/sonoraenequipo_opt.png\",\"width\":375,\"height\":125,\"caption\":\"Sonoraenequipo.com.mx\"},\"image\":{\"@id\":\"https:\/\/www.sonoraenequipo.com.mx\/#\/schema\/logo\/image\/\"},\"sameAs\":[\"https:\/\/www.facebook.com\/SonoraEE\/\",\"https:\/\/x.com\/sonoraenequipo\",\"https:\/\/www.youtube.com\/channel\/UC338nW-lPEYmJQs4ZABQ1SQ\"]},{\"@type\":\"Person\",\"@id\":\"https:\/\/www.sonoraenequipo.com.mx\/#\/schema\/person\/50102df0fb23a8fa9e8effad8fa81386\",\"name\":\"enequipo\",\"image\":{\"@type\":\"ImageObject\",\"inLanguage\":\"es\",\"@id\":\"https:\/\/www.sonoraenequipo.com.mx\/#\/schema\/person\/image\/\",\"url\":\"https:\/\/secure.gravatar.com\/avatar\/049821681b589dabc0bc20695993ccebb09f5b5d4d790cd9251b97faac7c652b?s=96&d=blank&r=g\",\"contentUrl\":\"https:\/\/secure.gravatar.com\/avatar\/049821681b589dabc0bc20695993ccebb09f5b5d4d790cd9251b97faac7c652b?s=96&d=blank&r=g\",\"caption\":\"enequipo\"},\"sameAs\":[\"https:\/\/www.facebook.com\/SonoraEE\"]}]}<\/script>\n ","yoast_head_json":{"title":"Sonora en Equipo. Detiene AMIC en Hermosillo a sujeto buscado en BCS por homicidio de\u00a0 jefe policiaco Polic\u00edaca","description":"HERMOSILLO, SONORA, MX. \u2014 La Fiscal\u00eda General de Justicia del Estado de Sonora (FGJES), a trav\u00e9s de la Agencia Ministerial de Investigaci\u00f3n Criminal En Sonora en Equipo publicamos toda la informaci\u00f3n de Sonora, M\u00e9xico y el Mundo de manera oportuna y busca que la libertad de expresi\u00f3n sea real. Visita nuestro medio informativo publicado desde Hermosillo, Sonora. %","robots":{"index":"index","follow":"follow","max-snippet":"max-snippet:-1","max-image-preview":"max-image-preview:large","max-video-preview":"max-video-preview:-1"},"canonical":"https:\/\/www.sonoraenequipo.com.mx\/detiene-amic-en-hermosillo-a-sujeto-buscado-en-bcs-por-homicidio-de-jefe-policiaco\/","og_locale":"es_ES","og_type":"article","og_title":"Sonora en Equipo. Detiene AMIC en Hermosillo a sujeto buscado en BCS por homicidio de\u00a0 jefe policiaco Polic\u00edaca","og_description":"HERMOSILLO, SONORA, MX. \u2014 La Fiscal\u00eda General de Justicia del Estado de Sonora (FGJES), a trav\u00e9s de la Agencia Ministerial de Investigaci\u00f3n Criminal En Sonora en Equipo publicamos toda la informaci\u00f3n de Sonora, M\u00e9xico y el Mundo de manera oportuna y busca que la libertad de expresi\u00f3n sea real. Visita nuestro medio informativo publicado desde Hermosillo, Sonora. %","og_url":"https:\/\/www.sonoraenequipo.com.mx\/detiene-amic-en-hermosillo-a-sujeto-buscado-en-bcs-por-homicidio-de-jefe-policiaco\/","og_site_name":"Sonora en Equipo.","article_publisher":"https:\/\/www.facebook.com\/SonoraEE\/","article_author":"https:\/\/www.facebook.com\/SonoraEE","article_published_time":"2026-01-20T21:31:19+00:00","og_image":[{"width":600,"height":400,"url":"https:\/\/www.sonoraenequipo.com.mx\/storage\/2026\/01\/bcs.jpg","type":"image\/jpeg"}],"author":"enequipo","twitter_card":"summary_large_image","twitter_creator":"@sonoraenequipo","twitter_site":"@sonoraenequipo","twitter_misc":{"Escrito por":"enequipo","Tiempo de lectura":"2 minutos"},"schema":{"@context":"https:\/\/schema.org","@graph":[{"@type":"Article","@id":"https:\/\/www.sonoraenequipo.com.mx\/detiene-amic-en-hermosillo-a-sujeto-buscado-en-bcs-por-homicidio-de-jefe-policiaco\/#article","isPartOf":{"@id":"https:\/\/www.sonoraenequipo.com.mx\/detiene-amic-en-hermosillo-a-sujeto-buscado-en-bcs-por-homicidio-de-jefe-policiaco\/"},"author":{"name":"enequipo","@id":"https:\/\/www.sonoraenequipo.com.mx\/#\/schema\/person\/50102df0fb23a8fa9e8effad8fa81386"},"headline":"Detiene AMIC en Hermosillo a sujeto buscado en BCS por homicidio de\u00a0 jefe policiaco","datePublished":"2026-01-20T21:31:19+00:00","mainEntityOfPage":{"@id":"https:\/\/www.sonoraenequipo.com.mx\/detiene-amic-en-hermosillo-a-sujeto-buscado-en-bcs-por-homicidio-de-jefe-policiaco\/"},"wordCount":393,"commentCount":0,"publisher":{"@id":"https:\/\/www.sonoraenequipo.com.mx\/#organization"},"image":{"@id":"https:\/\/www.sonoraenequipo.com.mx\/detiene-amic-en-hermosillo-a-sujeto-buscado-en-bcs-por-homicidio-de-jefe-policiaco\/#primaryimage"},"thumbnailUrl":"https:\/\/www.sonoraenequipo.com.mx\/storage\/2026\/01\/bcs.jpg","articleSection":["Polic\u00edaca"],"inLanguage":"es","potentialAction":[{"@type":"CommentAction","name":"Comment","target":["https:\/\/www.sonoraenequipo.com.mx\/detiene-amic-en-hermosillo-a-sujeto-buscado-en-bcs-por-homicidio-de-jefe-policiaco\/#respond"]}]},{"@type":"WebPage","@id":"https:\/\/www.sonoraenequipo.com.mx\/detiene-amic-en-hermosillo-a-sujeto-buscado-en-bcs-por-homicidio-de-jefe-policiaco\/","url":"https:\/\/www.sonoraenequipo.com.mx\/detiene-amic-en-hermosillo-a-sujeto-buscado-en-bcs-por-homicidio-de-jefe-policiaco\/","name":"Sonora en Equipo. Detiene AMIC en Hermosillo a sujeto buscado en BCS por homicidio de\u00a0 jefe policiaco Polic\u00edaca","isPartOf":{"@id":"https:\/\/www.sonoraenequipo.com.mx\/#website"},"primaryImageOfPage":{"@id":"https:\/\/www.sonoraenequipo.com.mx\/detiene-amic-en-hermosillo-a-sujeto-buscado-en-bcs-por-homicidio-de-jefe-policiaco\/#primaryimage"},"image":{"@id":"https:\/\/www.sonoraenequipo.com.mx\/detiene-amic-en-hermosillo-a-sujeto-buscado-en-bcs-por-homicidio-de-jefe-policiaco\/#primaryimage"},"thumbnailUrl":"https:\/\/www.sonoraenequipo.com.mx\/storage\/2026\/01\/bcs.jpg","datePublished":"2026-01-20T21:31:19+00:00","description":"HERMOSILLO, SONORA, MX. \u2014 La Fiscal\u00eda General de Justicia del Estado de Sonora (FGJES), a trav\u00e9s de la Agencia Ministerial de Investigaci\u00f3n Criminal En Sonora en Equipo publicamos toda la informaci\u00f3n de Sonora, M\u00e9xico y el Mundo de manera oportuna y busca que la libertad de expresi\u00f3n sea real. Visita nuestro medio informativo publicado desde Hermosillo, Sonora. %","breadcrumb":{"@id":"https:\/\/www.sonoraenequipo.com.mx\/detiene-amic-en-hermosillo-a-sujeto-buscado-en-bcs-por-homicidio-de-jefe-policiaco\/#breadcrumb"},"inLanguage":"es","potentialAction":[{"@type":"ReadAction","target":["https:\/\/www.sonoraenequipo.com.mx\/detiene-amic-en-hermosillo-a-sujeto-buscado-en-bcs-por-homicidio-de-jefe-policiaco\/"]}]},{"@type":"ImageObject","inLanguage":"es","@id":"https:\/\/www.sonoraenequipo.com.mx\/detiene-amic-en-hermosillo-a-sujeto-buscado-en-bcs-por-homicidio-de-jefe-policiaco\/#primaryimage","url":"https:\/\/www.sonoraenequipo.com.mx\/storage\/2026\/01\/bcs.jpg","contentUrl":"https:\/\/www.sonoraenequipo.com.mx\/storage\/2026\/01\/bcs.jpg","width":600,"height":400},{"@type":"BreadcrumbList","@id":"https:\/\/www.sonoraenequipo.com.mx\/detiene-amic-en-hermosillo-a-sujeto-buscado-en-bcs-por-homicidio-de-jefe-policiaco\/#breadcrumb","itemListElement":[{"@type":"ListItem","position":1,"name":"Portada","item":"https:\/\/www.sonoraenequipo.com.mx\/"},{"@type":"ListItem","position":2,"name":"Detiene AMIC en Hermosillo a sujeto buscado en BCS por homicidio de\u00a0 jefe policiaco"}]},{"@type":"WebSite","@id":"https:\/\/www.sonoraenequipo.com.mx\/#website","url":"https:\/\/www.sonoraenequipo.com.mx\/","name":"Sonora en Equipo.","description":"Diario en l\u00ednea con Noticias desde Hermosillo, Sonora","publisher":{"@id":"https:\/\/www.sonoraenequipo.com.mx\/#organization"},"potentialAction":[{"@type":"SearchAction","target":{"@type":"EntryPoint","urlTemplate":"https:\/\/www.sonoraenequipo.com.mx\/?s={search_term_string}"},"query-input":{"@type":"PropertyValueSpecification","valueRequired":true,"valueName":"search_term_string"}}],"inLanguage":"es"},{"@type":"Organization","@id":"https:\/\/www.sonoraenequipo.com.mx\/#organization","name":"Sonoraenequipo.com.mx","url":"https:\/\/www.sonoraenequipo.com.mx\/","logo":{"@type":"ImageObject","inLanguage":"es","@id":"https:\/\/www.sonoraenequipo.com.mx\/#\/schema\/logo\/image\/","url":"https:\/\/www.sonoraenequipo.com.mx\/storage\/2019\/01\/sonoraenequipo_opt.png","contentUrl":"https:\/\/www.sonoraenequipo.com.mx\/storage\/2019\/01\/sonoraenequipo_opt.png","width":375,"height":125,"caption":"Sonoraenequipo.com.mx"},"image":{"@id":"https:\/\/www.sonoraenequipo.com.mx\/#\/schema\/logo\/image\/"},"sameAs":["https:\/\/www.facebook.com\/SonoraEE\/","https:\/\/x.com\/sonoraenequipo","https:\/\/www.youtube.com\/channel\/UC338nW-lPEYmJQs4ZABQ1SQ"]},{"@type":"Person","@id":"https:\/\/www.sonoraenequipo.com.mx\/#\/schema\/person\/50102df0fb23a8fa9e8effad8fa81386","name":"enequipo","image":{"@type":"ImageObject","inLanguage":"es","@id":"https:\/\/www.sonoraenequipo.com.mx\/#\/schema\/person\/image\/","url":"https:\/\/secure.gravatar.com\/avatar\/049821681b589dabc0bc20695993ccebb09f5b5d4d790cd9251b97faac7c652b?s=96&d=blank&r=g","contentUrl":"https:\/\/secure.gravatar.com\/avatar\/049821681b589dabc0bc20695993ccebb09f5b5d4d790cd9251b97faac7c652b?s=96&d=blank&r=g","caption":"enequipo"},"sameAs":["https:\/\/www.facebook.com\/SonoraEE"]}]}},"jetpack_featured_media_url":"https:\/\/www.sonoraenequipo.com.mx\/storage\/2026\/01\/bcs.jpg","_links":{"self":[{"href":"https:\/\/www.sonoraenequipo.com.mx\/api\/wp\/v2\/posts\/233453","targetHints":{"allow":["GET"]}}],"collection":[{"href":"https:\/\/www.sonoraenequipo.com.mx\/api\/wp\/v2\/posts"}],"about":[{"href":"https:\/\/www.sonoraenequipo.com.mx\/api\/wp\/v2\/types\/post"}],"author":[{"embeddable":true,"href":"https:\/\/www.sonoraenequipo.com.mx\/api\/wp\/v2\/users\/1"}],"replies":[{"embeddable":true,"href":"https:\/\/www.sonoraenequipo.com.mx\/api\/wp\/v2\/comments?post=233453"}],"version-history":[{"count":1,"href":"https:\/\/www.sonoraenequipo.com.mx\/api\/wp\/v2\/posts\/233453\/revisions"}],"predecessor-version":[{"id":233464,"href":"https:\/\/www.sonoraenequipo.com.mx\/api\/wp\/v2\/posts\/233453\/revisions\/233464"}],"wp:featuredmedia":[{"embeddable":true,"href":"https:\/\/www.sonoraenequipo.com.mx\/api\/wp\/v2\/media\/233463"}],"wp:attachment":[{"href":"https:\/\/www.sonoraenequipo.com.mx\/api\/wp\/v2\/media?parent=233453"}],"wp:term":[{"taxonomy":"category","embeddable":true,"href":"https:\/\/www.sonoraenequipo.com.mx\/api\/wp\/v2\/categories?post=233453"},{"taxonomy":"post_tag","embeddable":true,"href":"https:\/\/www.sonoraenequipo.com.mx\/api\/wp\/v2\/tags?post=233453"}],"curies":[{"name":"wp","href":"https:\/\/api.w.org\/{rel}","templated":true}]}}