{"id":233477,"date":"2026-01-20T15:27:31","date_gmt":"2026-01-20T22:27:31","guid":{"rendered":"https:\/\/www.sonoraenequipo.com.mx\/?p=233477"},"modified":"2026-01-20T15:27:31","modified_gmt":"2026-01-20T22:27:31","slug":"visitan-miles-el-centro-ecologico-de-sonora-para-conocer-al-carpincho","status":"publish","type":"post","link":"https:\/\/www.sonoraenequipo.com.mx\/visitan-miles-el-centro-ecologico-de-sonora-para-conocer-al-carpincho\/","title":{"rendered":"Visitan miles el Centro Ecol\u00f3gico de Sonora para conocer al carpincho"},"content":{"rendered":"<p><strong>HERMOSILLO, SONORA, MX.<\/strong> \u2014 \u00a0El Centro Ecol\u00f3gico de Sonora \u201cSamuel Oca\u00f1a Garc\u00eda\u201d luci\u00f3 abarrotado durante la semana pasada al registrarse m\u00e1s de 16 mil visitantes que acudieron a conocer al nuevo inquilino; un ejemplar de Capibara o carpincho que rob\u00f3 la atenci\u00f3n de familias enteras que se dieron cita en el lugar desde temprana hora.<\/p>\n<p>&nbsp;<\/p>\n<p>De acuerdo con informaci\u00f3n del Gobierno de Sonora encabezado por el gobernador Alfonso Durazo Monta\u00f1o, el Centro Ecol\u00f3gico de Sonora tuvo una importante afluencia de visitantes, impulsada por el inter\u00e9s de la poblaci\u00f3n en conocer al nuevo capibara, recientemente integrado a este espacio de conservaci\u00f3n.<\/p>\n<p>&nbsp;<\/p>\n<p>El mandatario estatal dio a conocer que del mi\u00e9rcoles 14 al domingo 18 de enero, el Centro Ecol\u00f3gico recibi\u00f3 un total de 16 mil 954 visitantes.<\/p>\n<p>&nbsp;<\/p>\n<p>El notable inter\u00e9s generado por el capibara reafirma el papel del Centro Ecol\u00f3gico como un espacio de encuentro familiar y aprendizaje, donde se promueve el respeto por la biodiversidad y el cuidado de la fauna.<\/p>\n<p>&nbsp;<\/p>\n<p>\u201cEsta cifra refleja el entusiasmo de las familias sonorenses y visitantes por este nuevo habitante, as\u00ed como por las acciones de conservaci\u00f3n, educaci\u00f3n ambiental y bienestar animal que se desarrollan en el recinto\u201d, indic\u00f3.<\/p>\n<p>&nbsp;<\/p>\n<p>El gobernador Durazo Monta\u00f1o refrend\u00f3\u00a0 su compromiso de seguir fortaleciendo al Centro Ecol\u00f3gico de Sonora mediante acciones orientadas a la conservaci\u00f3n de la vida silvestre, la educaci\u00f3n ambiental y la mejora continua de la experiencia para las y los visitantes.<\/p>\n<p><strong>Fecha de publicaci\u00f3n martes 20 de enero de 2026<\/strong><\/p>\n","protected":false},"excerpt":{"rendered":"<p>HERMOSILLO, SONORA, MX. \u2014 \u00a0El Centro Ecol\u00f3gico de Sonora \u201cSamuel Oca\u00f1a Garc\u00eda\u201d luci\u00f3 abarrotado durante&#8230;<\/p>\n","protected":false},"author":1,"featured_media":233480,"comment_status":"open","ping_status":"open","sticky":false,"template":"","format":"standard","meta":{"_monsterinsights_skip_tracking":false,"_monsterinsights_sitenote_active":false,"_monsterinsights_sitenote_note":"","_monsterinsights_sitenote_category":0,"footnotes":""},"categories":[22],"tags":[12270,12271],"class_list":["post"],"yoast_head":" \n<title>Sonora en Equipo. Visitan miles el Centro Ecol\u00f3gico de Sonora para conocer al carpincho Sonora<\/title>\n<meta name=\"description\" content=\"HERMOSILLO, SONORA, MX. \u2014 \u00a0El Centro Ecol\u00f3gico de Sonora \u201cSamuel Oca\u00f1a Garc\u00eda\u201d luci\u00f3 abarrotado durante la semana pasada al registrarse m\u00e1s de 16 mil En Sonora en Equipo publicamos toda la informaci\u00f3n de Sonora, M\u00e9xico y el Mundo de manera oportuna y busca que la libertad de expresi\u00f3n sea real. Visita nuestro medio informativo publicado desde Hermosillo, Sonora. %\" \/>\n<meta name=\"robots\" content=\"index, follow, max-snippet:-1, max-image-preview:large, max-video-preview:-1\" \/>\n<link rel=\"canonical\" href=\"https:\/\/www.sonoraenequipo.com.mx\/visitan-miles-el-centro-ecologico-de-sonora-para-conocer-al-carpincho\/\" \/>\n<meta property=\"og:locale\" content=\"es_ES\" \/>\n<meta property=\"og:type\" content=\"article\" \/>\n<meta property=\"og:title\" content=\"Sonora en Equipo. Visitan miles el Centro Ecol\u00f3gico de Sonora para conocer al carpincho Sonora\" \/>\n<meta property=\"og:description\" content=\"HERMOSILLO, SONORA, MX. \u2014 \u00a0El Centro Ecol\u00f3gico de Sonora \u201cSamuel Oca\u00f1a Garc\u00eda\u201d luci\u00f3 abarrotado durante la semana pasada al registrarse m\u00e1s de 16 mil En Sonora en Equipo publicamos toda la informaci\u00f3n de Sonora, M\u00e9xico y el Mundo de manera oportuna y busca que la libertad de expresi\u00f3n sea real. Visita nuestro medio informativo publicado desde Hermosillo, Sonora. %\" \/>\n<meta property=\"og:url\" content=\"https:\/\/www.sonoraenequipo.com.mx\/visitan-miles-el-centro-ecologico-de-sonora-para-conocer-al-carpincho\/\" \/>\n<meta property=\"og:site_name\" content=\"Sonora en Equipo.\" \/>\n<meta property=\"article:publisher\" content=\"https:\/\/www.facebook.com\/SonoraEE\/\" \/>\n<meta property=\"article:author\" content=\"https:\/\/www.facebook.com\/SonoraEE\" \/>\n<meta property=\"article:published_time\" content=\"2026-01-20T22:27:31+00:00\" \/>\n<meta property=\"og:image\" content=\"https:\/\/www.sonoraenequipo.com.mx\/storage\/2026\/01\/capibara.jpg\" \/>\n\t<meta property=\"og:image:width\" content=\"600\" \/>\n\t<meta property=\"og:image:height\" content=\"399\" \/>\n\t<meta property=\"og:image:type\" content=\"image\/jpeg\" \/>\n<meta name=\"author\" content=\"enequipo\" \/>\n<meta name=\"twitter:card\" content=\"summary_large_image\" \/>\n<meta name=\"twitter:creator\" content=\"@sonoraenequipo\" \/>\n<meta name=\"twitter:site\" content=\"@sonoraenequipo\" \/>\n<meta name=\"twitter:label1\" content=\"Escrito por\" \/>\n\t<meta name=\"twitter:data1\" content=\"enequipo\" \/>\n\t<meta name=\"twitter:label2\" content=\"Tiempo de lectura\" \/>\n\t<meta name=\"twitter:data2\" content=\"1 minuto\" \/>\n<script type=\"application\/ld+json\" class=\"yoast-schema-graph\">{\"@context\":\"https:\/\/schema.org\",\"@graph\":[{\"@type\":\"Article\",\"@id\":\"https:\/\/www.sonoraenequipo.com.mx\/visitan-miles-el-centro-ecologico-de-sonora-para-conocer-al-carpincho\/#article\",\"isPartOf\":{\"@id\":\"https:\/\/www.sonoraenequipo.com.mx\/visitan-miles-el-centro-ecologico-de-sonora-para-conocer-al-carpincho\/\"},\"author\":{\"name\":\"enequipo\",\"@id\":\"https:\/\/www.sonoraenequipo.com.mx\/#\/schema\/person\/50102df0fb23a8fa9e8effad8fa81386\"},\"headline\":\"Visitan miles el Centro Ecol\u00f3gico de Sonora para conocer al carpincho\",\"datePublished\":\"2026-01-20T22:27:31+00:00\",\"mainEntityOfPage\":{\"@id\":\"https:\/\/www.sonoraenequipo.com.mx\/visitan-miles-el-centro-ecologico-de-sonora-para-conocer-al-carpincho\/\"},\"wordCount\":275,\"commentCount\":0,\"publisher\":{\"@id\":\"https:\/\/www.sonoraenequipo.com.mx\/#organization\"},\"image\":{\"@id\":\"https:\/\/www.sonoraenequipo.com.mx\/visitan-miles-el-centro-ecologico-de-sonora-para-conocer-al-carpincho\/#primaryimage\"},\"thumbnailUrl\":\"https:\/\/www.sonoraenequipo.com.mx\/storage\/2026\/01\/capibara.jpg\",\"keywords\":[\"capibara\",\"carpincho\"],\"articleSection\":[\"Sonora\"],\"inLanguage\":\"es\",\"potentialAction\":[{\"@type\":\"CommentAction\",\"name\":\"Comment\",\"target\":[\"https:\/\/www.sonoraenequipo.com.mx\/visitan-miles-el-centro-ecologico-de-sonora-para-conocer-al-carpincho\/#respond\"]}]},{\"@type\":\"WebPage\",\"@id\":\"https:\/\/www.sonoraenequipo.com.mx\/visitan-miles-el-centro-ecologico-de-sonora-para-conocer-al-carpincho\/\",\"url\":\"https:\/\/www.sonoraenequipo.com.mx\/visitan-miles-el-centro-ecologico-de-sonora-para-conocer-al-carpincho\/\",\"name\":\"Sonora en Equipo. Visitan miles el Centro Ecol\u00f3gico de Sonora para conocer al carpincho Sonora\",\"isPartOf\":{\"@id\":\"https:\/\/www.sonoraenequipo.com.mx\/#website\"},\"primaryImageOfPage\":{\"@id\":\"https:\/\/www.sonoraenequipo.com.mx\/visitan-miles-el-centro-ecologico-de-sonora-para-conocer-al-carpincho\/#primaryimage\"},\"image\":{\"@id\":\"https:\/\/www.sonoraenequipo.com.mx\/visitan-miles-el-centro-ecologico-de-sonora-para-conocer-al-carpincho\/#primaryimage\"},\"thumbnailUrl\":\"https:\/\/www.sonoraenequipo.com.mx\/storage\/2026\/01\/capibara.jpg\",\"datePublished\":\"2026-01-20T22:27:31+00:00\",\"description\":\"HERMOSILLO, SONORA, MX. \u2014 \u00a0El Centro Ecol\u00f3gico de Sonora \u201cSamuel Oca\u00f1a Garc\u00eda\u201d luci\u00f3 abarrotado durante la semana pasada al registrarse m\u00e1s de 16 mil En Sonora en Equipo publicamos toda la informaci\u00f3n de Sonora, M\u00e9xico y el Mundo de manera oportuna y busca que la libertad de expresi\u00f3n sea real. Visita nuestro medio informativo publicado desde Hermosillo, Sonora. %\",\"breadcrumb\":{\"@id\":\"https:\/\/www.sonoraenequipo.com.mx\/visitan-miles-el-centro-ecologico-de-sonora-para-conocer-al-carpincho\/#breadcrumb\"},\"inLanguage\":\"es\",\"potentialAction\":[{\"@type\":\"ReadAction\",\"target\":[\"https:\/\/www.sonoraenequipo.com.mx\/visitan-miles-el-centro-ecologico-de-sonora-para-conocer-al-carpincho\/\"]}]},{\"@type\":\"ImageObject\",\"inLanguage\":\"es\",\"@id\":\"https:\/\/www.sonoraenequipo.com.mx\/visitan-miles-el-centro-ecologico-de-sonora-para-conocer-al-carpincho\/#primaryimage\",\"url\":\"https:\/\/www.sonoraenequipo.com.mx\/storage\/2026\/01\/capibara.jpg\",\"contentUrl\":\"https:\/\/www.sonoraenequipo.com.mx\/storage\/2026\/01\/capibara.jpg\",\"width\":600,\"height\":399,\"caption\":\"capibara o carpincho\"},{\"@type\":\"BreadcrumbList\",\"@id\":\"https:\/\/www.sonoraenequipo.com.mx\/visitan-miles-el-centro-ecologico-de-sonora-para-conocer-al-carpincho\/#breadcrumb\",\"itemListElement\":[{\"@type\":\"ListItem\",\"position\":1,\"name\":\"Portada\",\"item\":\"https:\/\/www.sonoraenequipo.com.mx\/\"},{\"@type\":\"ListItem\",\"position\":2,\"name\":\"Visitan miles el Centro Ecol\u00f3gico de Sonora para conocer al carpincho\"}]},{\"@type\":\"WebSite\",\"@id\":\"https:\/\/www.sonoraenequipo.com.mx\/#website\",\"url\":\"https:\/\/www.sonoraenequipo.com.mx\/\",\"name\":\"Sonora en Equipo.\",\"description\":\"Diario en l\u00ednea con Noticias desde Hermosillo, Sonora\",\"publisher\":{\"@id\":\"https:\/\/www.sonoraenequipo.com.mx\/#organization\"},\"potentialAction\":[{\"@type\":\"SearchAction\",\"target\":{\"@type\":\"EntryPoint\",\"urlTemplate\":\"https:\/\/www.sonoraenequipo.com.mx\/?s={search_term_string}\"},\"query-input\":{\"@type\":\"PropertyValueSpecification\",\"valueRequired\":true,\"valueName\":\"search_term_string\"}}],\"inLanguage\":\"es\"},{\"@type\":\"Organization\",\"@id\":\"https:\/\/www.sonoraenequipo.com.mx\/#organization\",\"name\":\"Sonoraenequipo.com.mx\",\"url\":\"https:\/\/www.sonoraenequipo.com.mx\/\",\"logo\":{\"@type\":\"ImageObject\",\"inLanguage\":\"es\",\"@id\":\"https:\/\/www.sonoraenequipo.com.mx\/#\/schema\/logo\/image\/\",\"url\":\"https:\/\/www.sonoraenequipo.com.mx\/storage\/2019\/01\/sonoraenequipo_opt.png\",\"contentUrl\":\"https:\/\/www.sonoraenequipo.com.mx\/storage\/2019\/01\/sonoraenequipo_opt.png\",\"width\":375,\"height\":125,\"caption\":\"Sonoraenequipo.com.mx\"},\"image\":{\"@id\":\"https:\/\/www.sonoraenequipo.com.mx\/#\/schema\/logo\/image\/\"},\"sameAs\":[\"https:\/\/www.facebook.com\/SonoraEE\/\",\"https:\/\/x.com\/sonoraenequipo\",\"https:\/\/www.youtube.com\/channel\/UC338nW-lPEYmJQs4ZABQ1SQ\"]},{\"@type\":\"Person\",\"@id\":\"https:\/\/www.sonoraenequipo.com.mx\/#\/schema\/person\/50102df0fb23a8fa9e8effad8fa81386\",\"name\":\"enequipo\",\"image\":{\"@type\":\"ImageObject\",\"inLanguage\":\"es\",\"@id\":\"https:\/\/www.sonoraenequipo.com.mx\/#\/schema\/person\/image\/\",\"url\":\"https:\/\/secure.gravatar.com\/avatar\/049821681b589dabc0bc20695993ccebb09f5b5d4d790cd9251b97faac7c652b?s=96&d=blank&r=g\",\"contentUrl\":\"https:\/\/secure.gravatar.com\/avatar\/049821681b589dabc0bc20695993ccebb09f5b5d4d790cd9251b97faac7c652b?s=96&d=blank&r=g\",\"caption\":\"enequipo\"},\"sameAs\":[\"https:\/\/www.facebook.com\/SonoraEE\"]}]}<\/script>\n ","yoast_head_json":{"title":"Sonora en Equipo. Visitan miles el Centro Ecol\u00f3gico de Sonora para conocer al carpincho Sonora","description":"HERMOSILLO, SONORA, MX. \u2014 \u00a0El Centro Ecol\u00f3gico de Sonora \u201cSamuel Oca\u00f1a Garc\u00eda\u201d luci\u00f3 abarrotado durante la semana pasada al registrarse m\u00e1s de 16 mil En Sonora en Equipo publicamos toda la informaci\u00f3n de Sonora, M\u00e9xico y el Mundo de manera oportuna y busca que la libertad de expresi\u00f3n sea real. Visita nuestro medio informativo publicado desde Hermosillo, Sonora. %","robots":{"index":"index","follow":"follow","max-snippet":"max-snippet:-1","max-image-preview":"max-image-preview:large","max-video-preview":"max-video-preview:-1"},"canonical":"https:\/\/www.sonoraenequipo.com.mx\/visitan-miles-el-centro-ecologico-de-sonora-para-conocer-al-carpincho\/","og_locale":"es_ES","og_type":"article","og_title":"Sonora en Equipo. Visitan miles el Centro Ecol\u00f3gico de Sonora para conocer al carpincho Sonora","og_description":"HERMOSILLO, SONORA, MX. \u2014 \u00a0El Centro Ecol\u00f3gico de Sonora \u201cSamuel Oca\u00f1a Garc\u00eda\u201d luci\u00f3 abarrotado durante la semana pasada al registrarse m\u00e1s de 16 mil En Sonora en Equipo publicamos toda la informaci\u00f3n de Sonora, M\u00e9xico y el Mundo de manera oportuna y busca que la libertad de expresi\u00f3n sea real. Visita nuestro medio informativo publicado desde Hermosillo, Sonora. %","og_url":"https:\/\/www.sonoraenequipo.com.mx\/visitan-miles-el-centro-ecologico-de-sonora-para-conocer-al-carpincho\/","og_site_name":"Sonora en Equipo.","article_publisher":"https:\/\/www.facebook.com\/SonoraEE\/","article_author":"https:\/\/www.facebook.com\/SonoraEE","article_published_time":"2026-01-20T22:27:31+00:00","og_image":[{"width":600,"height":399,"url":"https:\/\/www.sonoraenequipo.com.mx\/storage\/2026\/01\/capibara.jpg","type":"image\/jpeg"}],"author":"enequipo","twitter_card":"summary_large_image","twitter_creator":"@sonoraenequipo","twitter_site":"@sonoraenequipo","twitter_misc":{"Escrito por":"enequipo","Tiempo de lectura":"1 minuto"},"schema":{"@context":"https:\/\/schema.org","@graph":[{"@type":"Article","@id":"https:\/\/www.sonoraenequipo.com.mx\/visitan-miles-el-centro-ecologico-de-sonora-para-conocer-al-carpincho\/#article","isPartOf":{"@id":"https:\/\/www.sonoraenequipo.com.mx\/visitan-miles-el-centro-ecologico-de-sonora-para-conocer-al-carpincho\/"},"author":{"name":"enequipo","@id":"https:\/\/www.sonoraenequipo.com.mx\/#\/schema\/person\/50102df0fb23a8fa9e8effad8fa81386"},"headline":"Visitan miles el Centro Ecol\u00f3gico de Sonora para conocer al carpincho","datePublished":"2026-01-20T22:27:31+00:00","mainEntityOfPage":{"@id":"https:\/\/www.sonoraenequipo.com.mx\/visitan-miles-el-centro-ecologico-de-sonora-para-conocer-al-carpincho\/"},"wordCount":275,"commentCount":0,"publisher":{"@id":"https:\/\/www.sonoraenequipo.com.mx\/#organization"},"image":{"@id":"https:\/\/www.sonoraenequipo.com.mx\/visitan-miles-el-centro-ecologico-de-sonora-para-conocer-al-carpincho\/#primaryimage"},"thumbnailUrl":"https:\/\/www.sonoraenequipo.com.mx\/storage\/2026\/01\/capibara.jpg","keywords":["capibara","carpincho"],"articleSection":["Sonora"],"inLanguage":"es","potentialAction":[{"@type":"CommentAction","name":"Comment","target":["https:\/\/www.sonoraenequipo.com.mx\/visitan-miles-el-centro-ecologico-de-sonora-para-conocer-al-carpincho\/#respond"]}]},{"@type":"WebPage","@id":"https:\/\/www.sonoraenequipo.com.mx\/visitan-miles-el-centro-ecologico-de-sonora-para-conocer-al-carpincho\/","url":"https:\/\/www.sonoraenequipo.com.mx\/visitan-miles-el-centro-ecologico-de-sonora-para-conocer-al-carpincho\/","name":"Sonora en Equipo. Visitan miles el Centro Ecol\u00f3gico de Sonora para conocer al carpincho Sonora","isPartOf":{"@id":"https:\/\/www.sonoraenequipo.com.mx\/#website"},"primaryImageOfPage":{"@id":"https:\/\/www.sonoraenequipo.com.mx\/visitan-miles-el-centro-ecologico-de-sonora-para-conocer-al-carpincho\/#primaryimage"},"image":{"@id":"https:\/\/www.sonoraenequipo.com.mx\/visitan-miles-el-centro-ecologico-de-sonora-para-conocer-al-carpincho\/#primaryimage"},"thumbnailUrl":"https:\/\/www.sonoraenequipo.com.mx\/storage\/2026\/01\/capibara.jpg","datePublished":"2026-01-20T22:27:31+00:00","description":"HERMOSILLO, SONORA, MX. \u2014 \u00a0El Centro Ecol\u00f3gico de Sonora \u201cSamuel Oca\u00f1a Garc\u00eda\u201d luci\u00f3 abarrotado durante la semana pasada al registrarse m\u00e1s de 16 mil En Sonora en Equipo publicamos toda la informaci\u00f3n de Sonora, M\u00e9xico y el Mundo de manera oportuna y busca que la libertad de expresi\u00f3n sea real. Visita nuestro medio informativo publicado desde Hermosillo, Sonora. %","breadcrumb":{"@id":"https:\/\/www.sonoraenequipo.com.mx\/visitan-miles-el-centro-ecologico-de-sonora-para-conocer-al-carpincho\/#breadcrumb"},"inLanguage":"es","potentialAction":[{"@type":"ReadAction","target":["https:\/\/www.sonoraenequipo.com.mx\/visitan-miles-el-centro-ecologico-de-sonora-para-conocer-al-carpincho\/"]}]},{"@type":"ImageObject","inLanguage":"es","@id":"https:\/\/www.sonoraenequipo.com.mx\/visitan-miles-el-centro-ecologico-de-sonora-para-conocer-al-carpincho\/#primaryimage","url":"https:\/\/www.sonoraenequipo.com.mx\/storage\/2026\/01\/capibara.jpg","contentUrl":"https:\/\/www.sonoraenequipo.com.mx\/storage\/2026\/01\/capibara.jpg","width":600,"height":399,"caption":"capibara o carpincho"},{"@type":"BreadcrumbList","@id":"https:\/\/www.sonoraenequipo.com.mx\/visitan-miles-el-centro-ecologico-de-sonora-para-conocer-al-carpincho\/#breadcrumb","itemListElement":[{"@type":"ListItem","position":1,"name":"Portada","item":"https:\/\/www.sonoraenequipo.com.mx\/"},{"@type":"ListItem","position":2,"name":"Visitan miles el Centro Ecol\u00f3gico de Sonora para conocer al carpincho"}]},{"@type":"WebSite","@id":"https:\/\/www.sonoraenequipo.com.mx\/#website","url":"https:\/\/www.sonoraenequipo.com.mx\/","name":"Sonora en Equipo.","description":"Diario en l\u00ednea con Noticias desde Hermosillo, Sonora","publisher":{"@id":"https:\/\/www.sonoraenequipo.com.mx\/#organization"},"potentialAction":[{"@type":"SearchAction","target":{"@type":"EntryPoint","urlTemplate":"https:\/\/www.sonoraenequipo.com.mx\/?s={search_term_string}"},"query-input":{"@type":"PropertyValueSpecification","valueRequired":true,"valueName":"search_term_string"}}],"inLanguage":"es"},{"@type":"Organization","@id":"https:\/\/www.sonoraenequipo.com.mx\/#organization","name":"Sonoraenequipo.com.mx","url":"https:\/\/www.sonoraenequipo.com.mx\/","logo":{"@type":"ImageObject","inLanguage":"es","@id":"https:\/\/www.sonoraenequipo.com.mx\/#\/schema\/logo\/image\/","url":"https:\/\/www.sonoraenequipo.com.mx\/storage\/2019\/01\/sonoraenequipo_opt.png","contentUrl":"https:\/\/www.sonoraenequipo.com.mx\/storage\/2019\/01\/sonoraenequipo_opt.png","width":375,"height":125,"caption":"Sonoraenequipo.com.mx"},"image":{"@id":"https:\/\/www.sonoraenequipo.com.mx\/#\/schema\/logo\/image\/"},"sameAs":["https:\/\/www.facebook.com\/SonoraEE\/","https:\/\/x.com\/sonoraenequipo","https:\/\/www.youtube.com\/channel\/UC338nW-lPEYmJQs4ZABQ1SQ"]},{"@type":"Person","@id":"https:\/\/www.sonoraenequipo.com.mx\/#\/schema\/person\/50102df0fb23a8fa9e8effad8fa81386","name":"enequipo","image":{"@type":"ImageObject","inLanguage":"es","@id":"https:\/\/www.sonoraenequipo.com.mx\/#\/schema\/person\/image\/","url":"https:\/\/secure.gravatar.com\/avatar\/049821681b589dabc0bc20695993ccebb09f5b5d4d790cd9251b97faac7c652b?s=96&d=blank&r=g","contentUrl":"https:\/\/secure.gravatar.com\/avatar\/049821681b589dabc0bc20695993ccebb09f5b5d4d790cd9251b97faac7c652b?s=96&d=blank&r=g","caption":"enequipo"},"sameAs":["https:\/\/www.facebook.com\/SonoraEE"]}]}},"jetpack_featured_media_url":"https:\/\/www.sonoraenequipo.com.mx\/storage\/2026\/01\/capibara.jpg","_links":{"self":[{"href":"https:\/\/www.sonoraenequipo.com.mx\/api\/wp\/v2\/posts\/233477","targetHints":{"allow":["GET"]}}],"collection":[{"href":"https:\/\/www.sonoraenequipo.com.mx\/api\/wp\/v2\/posts"}],"about":[{"href":"https:\/\/www.sonoraenequipo.com.mx\/api\/wp\/v2\/types\/post"}],"author":[{"embeddable":true,"href":"https:\/\/www.sonoraenequipo.com.mx\/api\/wp\/v2\/users\/1"}],"replies":[{"embeddable":true,"href":"https:\/\/www.sonoraenequipo.com.mx\/api\/wp\/v2\/comments?post=233477"}],"version-history":[{"count":1,"href":"https:\/\/www.sonoraenequipo.com.mx\/api\/wp\/v2\/posts\/233477\/revisions"}],"predecessor-version":[{"id":233481,"href":"https:\/\/www.sonoraenequipo.com.mx\/api\/wp\/v2\/posts\/233477\/revisions\/233481"}],"wp:featuredmedia":[{"embeddable":true,"href":"https:\/\/www.sonoraenequipo.com.mx\/api\/wp\/v2\/media\/233480"}],"wp:attachment":[{"href":"https:\/\/www.sonoraenequipo.com.mx\/api\/wp\/v2\/media?parent=233477"}],"wp:term":[{"taxonomy":"category","embeddable":true,"href":"https:\/\/www.sonoraenequipo.com.mx\/api\/wp\/v2\/categories?post=233477"},{"taxonomy":"post_tag","embeddable":true,"href":"https:\/\/www.sonoraenequipo.com.mx\/api\/wp\/v2\/tags?post=233477"}],"curies":[{"name":"wp","href":"https:\/\/api.w.org\/{rel}","templated":true}]}}