{"id":233489,"date":"2026-01-20T17:47:28","date_gmt":"2026-01-21T00:47:28","guid":{"rendered":"https:\/\/www.sonoraenequipo.com.mx\/?p=233489"},"modified":"2026-01-20T17:47:28","modified_gmt":"2026-01-21T00:47:28","slug":"canada-expresa-su-firme-apoyo-a-groenlandia-y-dinamarca","status":"publish","type":"post","link":"https:\/\/www.sonoraenequipo.com.mx\/canada-expresa-su-firme-apoyo-a-groenlandia-y-dinamarca\/","title":{"rendered":"Canad\u00e1 expresa su firme apoyo a Groenlandia y Dinamarca"},"content":{"rendered":"<p>Canad\u00e1 \u00abapoya firmemente\u00bb a Groenlandia y Dinamarca, subray\u00f3 este martes (20.01.2026) en el Foro de Davos Mark Carney, el primer ministro del pa\u00eds norteamericano, tras las continuas amenazas del presidente estadounidense Donald Trump de hacerse con este territorio aut\u00f3nomo dan\u00e9s del \u00c1rtico. El pol\u00edtico tambi\u00e9n advirti\u00f3 que el mundo est\u00e1 viviendo \u00abuna ruptura\u00bb.<\/p>\n<p>&nbsp;<\/p>\n<p>\u00abCanad\u00e1 apoya firmemente a Groenlandia y Dinamarca, y apoya plenamente su derecho exclusivo a decidir el futuro de Groenlandia\u00bb, declar\u00f3 Carney en su presentaci\u00f3n ante el Foro Econ\u00f3mico Mundial que se celebra en Davos, Suiza. \u00abNuestro compromiso con el art\u00edculo 5 de la OTAN es inquebrantable\u00bb, agreg\u00f3, se\u00f1alando que su pa\u00eds \u00abse opone de forma rotunda a los aranceles sobre Groenlandia\u00bb.<\/p>\n<p>&nbsp;<\/p>\n<p>Para encontrar una salida a la crisis, Carney pidi\u00f3 \u00abconversaciones enfocadas en alcanzar los objetivos comunes de seguridad y prosperidad en el \u00c1rtico\u00bb. Tambi\u00e9n se refiri\u00f3 a su mirada de la pol\u00edtica global, que de acuerdo con el primer ministro canadiense no volver\u00e1 a la normalidad que exist\u00eda antes de que asumiera Donald Trump su segundo mandato en Estados Unidos.<\/p>\n<p>&nbsp;<\/p>\n<p><strong>Recalibrando relaciones<\/strong><\/p>\n<p>Canad\u00e1 fue uno de los primeros pa\u00edses en \u00abescuchar el llamado de atenci\u00f3n\u00bb que mostraba que se estaba produciendo un cambio. Carney afirm\u00f3 que su pa\u00eds se hab\u00eda beneficiado de una era de \u00abhegemon\u00eda estadounidense\u00bb, pero que ahora ten\u00eda que dar un giro, pues cada vez m\u00e1s las grandes potencias usan su poder econ\u00f3mico para conseguir sus objetivos.<\/p>\n<p>&nbsp;<\/p>\n<p>Por ello, inst\u00f3 a las potencias medias, como Canad\u00e1, a trabajar juntas para defender un orden internacional basado en normas. \u00abLas potencias medias debemos actuar juntas, porque si no estamos en la mesa, estamos en el men\u00fa\u00bb, indic\u00f3, recalcando que el mundo vive \u00abuna ruptura\u00bb y no \u00abuna transici\u00f3n\u00bb, en la que \u00ablas grandes potencias\u201d est\u00e1n utilizando la \u00abintegraci\u00f3n econ\u00f3mica como un arma\u00bb.<\/p>\n<p>&nbsp;<\/p>\n<p>\u00abNo se puede vivir con la mentira del beneficio mutuo a trav\u00e9s de la integraci\u00f3n cuando la integraci\u00f3n se convierte en la fuente de la subordinaci\u00f3n\u00bb, continu\u00f3 Carney en su intervenci\u00f3n, en la que indic\u00f3 que Canad\u00e1 est\u00e1 recalibrando sus relaciones.<\/p>\n<p><strong>Fecha de publicaci\u00f3n martes 20 de enero de 2026\/DW<\/strong><\/p>\n","protected":false},"excerpt":{"rendered":"<p>Canad\u00e1 \u00abapoya firmemente\u00bb a Groenlandia y Dinamarca, subray\u00f3 este martes (20.01.2026) en el Foro de&#8230;<\/p>\n","protected":false},"author":1,"featured_media":211740,"comment_status":"open","ping_status":"open","sticky":false,"template":"","format":"standard","meta":{"_monsterinsights_skip_tracking":false,"_monsterinsights_sitenote_active":false,"_monsterinsights_sitenote_note":"","_monsterinsights_sitenote_category":0,"footnotes":""},"categories":[3],"tags":[5123,1916,3390],"class_list":["post"],"yoast_head":" \n<title>Sonora en Equipo. Canad\u00e1 expresa su firme apoyo a Groenlandia y Dinamarca MUNDO<\/title>\n<meta name=\"description\" content=\"Canad\u00e1 &quot;apoya firmemente&quot; a Groenlandia y Dinamarca, subray\u00f3 este martes (20.01.2026) en el Foro de Davos Mark Carney, el primer ministro del pa\u00eds En Sonora en Equipo publicamos toda la informaci\u00f3n de Sonora, M\u00e9xico y el Mundo de manera oportuna y busca que la libertad de expresi\u00f3n sea real. Visita nuestro medio informativo publicado desde Hermosillo, Sonora. %\" \/>\n<meta name=\"robots\" content=\"index, follow, max-snippet:-1, max-image-preview:large, max-video-preview:-1\" \/>\n<link rel=\"canonical\" href=\"https:\/\/www.sonoraenequipo.com.mx\/canada-expresa-su-firme-apoyo-a-groenlandia-y-dinamarca\/\" \/>\n<meta property=\"og:locale\" content=\"es_ES\" \/>\n<meta property=\"og:type\" content=\"article\" \/>\n<meta property=\"og:title\" content=\"Sonora en Equipo. Canad\u00e1 expresa su firme apoyo a Groenlandia y Dinamarca MUNDO\" \/>\n<meta property=\"og:description\" content=\"Canad\u00e1 &quot;apoya firmemente&quot; a Groenlandia y Dinamarca, subray\u00f3 este martes (20.01.2026) en el Foro de Davos Mark Carney, el primer ministro del pa\u00eds En Sonora en Equipo publicamos toda la informaci\u00f3n de Sonora, M\u00e9xico y el Mundo de manera oportuna y busca que la libertad de expresi\u00f3n sea real. Visita nuestro medio informativo publicado desde Hermosillo, Sonora. %\" \/>\n<meta property=\"og:url\" content=\"https:\/\/www.sonoraenequipo.com.mx\/canada-expresa-su-firme-apoyo-a-groenlandia-y-dinamarca\/\" \/>\n<meta property=\"og:site_name\" content=\"Sonora en Equipo.\" \/>\n<meta property=\"article:publisher\" content=\"https:\/\/www.facebook.com\/SonoraEE\/\" \/>\n<meta property=\"article:author\" content=\"https:\/\/www.facebook.com\/SonoraEE\" \/>\n<meta property=\"article:published_time\" content=\"2026-01-21T00:47:28+00:00\" \/>\n<meta property=\"og:image\" content=\"https:\/\/www.sonoraenequipo.com.mx\/storage\/2025\/03\/mark-carney-1.jpg\" \/>\n\t<meta property=\"og:image:width\" content=\"600\" \/>\n\t<meta property=\"og:image:height\" content=\"400\" \/>\n\t<meta property=\"og:image:type\" content=\"image\/jpeg\" \/>\n<meta name=\"author\" content=\"enequipo\" \/>\n<meta name=\"twitter:card\" content=\"summary_large_image\" \/>\n<meta name=\"twitter:creator\" content=\"@sonoraenequipo\" \/>\n<meta name=\"twitter:site\" content=\"@sonoraenequipo\" \/>\n<meta name=\"twitter:label1\" content=\"Escrito por\" \/>\n\t<meta name=\"twitter:data1\" content=\"enequipo\" \/>\n\t<meta name=\"twitter:label2\" content=\"Tiempo de lectura\" \/>\n\t<meta name=\"twitter:data2\" content=\"2 minutos\" \/>\n<script type=\"application\/ld+json\" class=\"yoast-schema-graph\">{\"@context\":\"https:\/\/schema.org\",\"@graph\":[{\"@type\":\"Article\",\"@id\":\"https:\/\/www.sonoraenequipo.com.mx\/canada-expresa-su-firme-apoyo-a-groenlandia-y-dinamarca\/#article\",\"isPartOf\":{\"@id\":\"https:\/\/www.sonoraenequipo.com.mx\/canada-expresa-su-firme-apoyo-a-groenlandia-y-dinamarca\/\"},\"author\":{\"name\":\"enequipo\",\"@id\":\"https:\/\/www.sonoraenequipo.com.mx\/#\/schema\/person\/50102df0fb23a8fa9e8effad8fa81386\"},\"headline\":\"Canad\u00e1 expresa su firme apoyo a Groenlandia y Dinamarca\",\"datePublished\":\"2026-01-21T00:47:28+00:00\",\"mainEntityOfPage\":{\"@id\":\"https:\/\/www.sonoraenequipo.com.mx\/canada-expresa-su-firme-apoyo-a-groenlandia-y-dinamarca\/\"},\"wordCount\":389,\"commentCount\":0,\"publisher\":{\"@id\":\"https:\/\/www.sonoraenequipo.com.mx\/#organization\"},\"image\":{\"@id\":\"https:\/\/www.sonoraenequipo.com.mx\/canada-expresa-su-firme-apoyo-a-groenlandia-y-dinamarca\/#primaryimage\"},\"thumbnailUrl\":\"https:\/\/www.sonoraenequipo.com.mx\/storage\/2025\/03\/mark-carney-1.jpg\",\"keywords\":[\"dinamarca\",\"EE UU\",\"Groenlandia\"],\"articleSection\":[\"MUNDO\"],\"inLanguage\":\"es\",\"potentialAction\":[{\"@type\":\"CommentAction\",\"name\":\"Comment\",\"target\":[\"https:\/\/www.sonoraenequipo.com.mx\/canada-expresa-su-firme-apoyo-a-groenlandia-y-dinamarca\/#respond\"]}]},{\"@type\":\"WebPage\",\"@id\":\"https:\/\/www.sonoraenequipo.com.mx\/canada-expresa-su-firme-apoyo-a-groenlandia-y-dinamarca\/\",\"url\":\"https:\/\/www.sonoraenequipo.com.mx\/canada-expresa-su-firme-apoyo-a-groenlandia-y-dinamarca\/\",\"name\":\"Sonora en Equipo. Canad\u00e1 expresa su firme apoyo a Groenlandia y Dinamarca MUNDO\",\"isPartOf\":{\"@id\":\"https:\/\/www.sonoraenequipo.com.mx\/#website\"},\"primaryImageOfPage\":{\"@id\":\"https:\/\/www.sonoraenequipo.com.mx\/canada-expresa-su-firme-apoyo-a-groenlandia-y-dinamarca\/#primaryimage\"},\"image\":{\"@id\":\"https:\/\/www.sonoraenequipo.com.mx\/canada-expresa-su-firme-apoyo-a-groenlandia-y-dinamarca\/#primaryimage\"},\"thumbnailUrl\":\"https:\/\/www.sonoraenequipo.com.mx\/storage\/2025\/03\/mark-carney-1.jpg\",\"datePublished\":\"2026-01-21T00:47:28+00:00\",\"description\":\"Canad\u00e1 \\\"apoya firmemente\\\" a Groenlandia y Dinamarca, subray\u00f3 este martes (20.01.2026) en el Foro de Davos Mark Carney, el primer ministro del pa\u00eds En Sonora en Equipo publicamos toda la informaci\u00f3n de Sonora, M\u00e9xico y el Mundo de manera oportuna y busca que la libertad de expresi\u00f3n sea real. Visita nuestro medio informativo publicado desde Hermosillo, Sonora. %\",\"breadcrumb\":{\"@id\":\"https:\/\/www.sonoraenequipo.com.mx\/canada-expresa-su-firme-apoyo-a-groenlandia-y-dinamarca\/#breadcrumb\"},\"inLanguage\":\"es\",\"potentialAction\":[{\"@type\":\"ReadAction\",\"target\":[\"https:\/\/www.sonoraenequipo.com.mx\/canada-expresa-su-firme-apoyo-a-groenlandia-y-dinamarca\/\"]}]},{\"@type\":\"ImageObject\",\"inLanguage\":\"es\",\"@id\":\"https:\/\/www.sonoraenequipo.com.mx\/canada-expresa-su-firme-apoyo-a-groenlandia-y-dinamarca\/#primaryimage\",\"url\":\"https:\/\/www.sonoraenequipo.com.mx\/storage\/2025\/03\/mark-carney-1.jpg\",\"contentUrl\":\"https:\/\/www.sonoraenequipo.com.mx\/storage\/2025\/03\/mark-carney-1.jpg\",\"width\":600,\"height\":400,\"caption\":\"Mark Carney,Primer ministro de Canad\u00e1. Archivo\"},{\"@type\":\"BreadcrumbList\",\"@id\":\"https:\/\/www.sonoraenequipo.com.mx\/canada-expresa-su-firme-apoyo-a-groenlandia-y-dinamarca\/#breadcrumb\",\"itemListElement\":[{\"@type\":\"ListItem\",\"position\":1,\"name\":\"Portada\",\"item\":\"https:\/\/www.sonoraenequipo.com.mx\/\"},{\"@type\":\"ListItem\",\"position\":2,\"name\":\"Canad\u00e1 expresa su firme apoyo a Groenlandia y Dinamarca\"}]},{\"@type\":\"WebSite\",\"@id\":\"https:\/\/www.sonoraenequipo.com.mx\/#website\",\"url\":\"https:\/\/www.sonoraenequipo.com.mx\/\",\"name\":\"Sonora en Equipo.\",\"description\":\"Diario en l\u00ednea con Noticias desde Hermosillo, Sonora\",\"publisher\":{\"@id\":\"https:\/\/www.sonoraenequipo.com.mx\/#organization\"},\"potentialAction\":[{\"@type\":\"SearchAction\",\"target\":{\"@type\":\"EntryPoint\",\"urlTemplate\":\"https:\/\/www.sonoraenequipo.com.mx\/?s={search_term_string}\"},\"query-input\":{\"@type\":\"PropertyValueSpecification\",\"valueRequired\":true,\"valueName\":\"search_term_string\"}}],\"inLanguage\":\"es\"},{\"@type\":\"Organization\",\"@id\":\"https:\/\/www.sonoraenequipo.com.mx\/#organization\",\"name\":\"Sonoraenequipo.com.mx\",\"url\":\"https:\/\/www.sonoraenequipo.com.mx\/\",\"logo\":{\"@type\":\"ImageObject\",\"inLanguage\":\"es\",\"@id\":\"https:\/\/www.sonoraenequipo.com.mx\/#\/schema\/logo\/image\/\",\"url\":\"https:\/\/www.sonoraenequipo.com.mx\/storage\/2019\/01\/sonoraenequipo_opt.png\",\"contentUrl\":\"https:\/\/www.sonoraenequipo.com.mx\/storage\/2019\/01\/sonoraenequipo_opt.png\",\"width\":375,\"height\":125,\"caption\":\"Sonoraenequipo.com.mx\"},\"image\":{\"@id\":\"https:\/\/www.sonoraenequipo.com.mx\/#\/schema\/logo\/image\/\"},\"sameAs\":[\"https:\/\/www.facebook.com\/SonoraEE\/\",\"https:\/\/x.com\/sonoraenequipo\",\"https:\/\/www.youtube.com\/channel\/UC338nW-lPEYmJQs4ZABQ1SQ\"]},{\"@type\":\"Person\",\"@id\":\"https:\/\/www.sonoraenequipo.com.mx\/#\/schema\/person\/50102df0fb23a8fa9e8effad8fa81386\",\"name\":\"enequipo\",\"image\":{\"@type\":\"ImageObject\",\"inLanguage\":\"es\",\"@id\":\"https:\/\/www.sonoraenequipo.com.mx\/#\/schema\/person\/image\/\",\"url\":\"https:\/\/secure.gravatar.com\/avatar\/049821681b589dabc0bc20695993ccebb09f5b5d4d790cd9251b97faac7c652b?s=96&d=blank&r=g\",\"contentUrl\":\"https:\/\/secure.gravatar.com\/avatar\/049821681b589dabc0bc20695993ccebb09f5b5d4d790cd9251b97faac7c652b?s=96&d=blank&r=g\",\"caption\":\"enequipo\"},\"sameAs\":[\"https:\/\/www.facebook.com\/SonoraEE\"]}]}<\/script>\n ","yoast_head_json":{"title":"Sonora en Equipo. Canad\u00e1 expresa su firme apoyo a Groenlandia y Dinamarca MUNDO","description":"Canad\u00e1 \"apoya firmemente\" a Groenlandia y Dinamarca, subray\u00f3 este martes (20.01.2026) en el Foro de Davos Mark Carney, el primer ministro del pa\u00eds En Sonora en Equipo publicamos toda la informaci\u00f3n de Sonora, M\u00e9xico y el Mundo de manera oportuna y busca que la libertad de expresi\u00f3n sea real. Visita nuestro medio informativo publicado desde Hermosillo, Sonora. %","robots":{"index":"index","follow":"follow","max-snippet":"max-snippet:-1","max-image-preview":"max-image-preview:large","max-video-preview":"max-video-preview:-1"},"canonical":"https:\/\/www.sonoraenequipo.com.mx\/canada-expresa-su-firme-apoyo-a-groenlandia-y-dinamarca\/","og_locale":"es_ES","og_type":"article","og_title":"Sonora en Equipo. Canad\u00e1 expresa su firme apoyo a Groenlandia y Dinamarca MUNDO","og_description":"Canad\u00e1 \"apoya firmemente\" a Groenlandia y Dinamarca, subray\u00f3 este martes (20.01.2026) en el Foro de Davos Mark Carney, el primer ministro del pa\u00eds En Sonora en Equipo publicamos toda la informaci\u00f3n de Sonora, M\u00e9xico y el Mundo de manera oportuna y busca que la libertad de expresi\u00f3n sea real. Visita nuestro medio informativo publicado desde Hermosillo, Sonora. %","og_url":"https:\/\/www.sonoraenequipo.com.mx\/canada-expresa-su-firme-apoyo-a-groenlandia-y-dinamarca\/","og_site_name":"Sonora en Equipo.","article_publisher":"https:\/\/www.facebook.com\/SonoraEE\/","article_author":"https:\/\/www.facebook.com\/SonoraEE","article_published_time":"2026-01-21T00:47:28+00:00","og_image":[{"width":600,"height":400,"url":"https:\/\/www.sonoraenequipo.com.mx\/storage\/2025\/03\/mark-carney-1.jpg","type":"image\/jpeg"}],"author":"enequipo","twitter_card":"summary_large_image","twitter_creator":"@sonoraenequipo","twitter_site":"@sonoraenequipo","twitter_misc":{"Escrito por":"enequipo","Tiempo de lectura":"2 minutos"},"schema":{"@context":"https:\/\/schema.org","@graph":[{"@type":"Article","@id":"https:\/\/www.sonoraenequipo.com.mx\/canada-expresa-su-firme-apoyo-a-groenlandia-y-dinamarca\/#article","isPartOf":{"@id":"https:\/\/www.sonoraenequipo.com.mx\/canada-expresa-su-firme-apoyo-a-groenlandia-y-dinamarca\/"},"author":{"name":"enequipo","@id":"https:\/\/www.sonoraenequipo.com.mx\/#\/schema\/person\/50102df0fb23a8fa9e8effad8fa81386"},"headline":"Canad\u00e1 expresa su firme apoyo a Groenlandia y Dinamarca","datePublished":"2026-01-21T00:47:28+00:00","mainEntityOfPage":{"@id":"https:\/\/www.sonoraenequipo.com.mx\/canada-expresa-su-firme-apoyo-a-groenlandia-y-dinamarca\/"},"wordCount":389,"commentCount":0,"publisher":{"@id":"https:\/\/www.sonoraenequipo.com.mx\/#organization"},"image":{"@id":"https:\/\/www.sonoraenequipo.com.mx\/canada-expresa-su-firme-apoyo-a-groenlandia-y-dinamarca\/#primaryimage"},"thumbnailUrl":"https:\/\/www.sonoraenequipo.com.mx\/storage\/2025\/03\/mark-carney-1.jpg","keywords":["dinamarca","EE UU","Groenlandia"],"articleSection":["MUNDO"],"inLanguage":"es","potentialAction":[{"@type":"CommentAction","name":"Comment","target":["https:\/\/www.sonoraenequipo.com.mx\/canada-expresa-su-firme-apoyo-a-groenlandia-y-dinamarca\/#respond"]}]},{"@type":"WebPage","@id":"https:\/\/www.sonoraenequipo.com.mx\/canada-expresa-su-firme-apoyo-a-groenlandia-y-dinamarca\/","url":"https:\/\/www.sonoraenequipo.com.mx\/canada-expresa-su-firme-apoyo-a-groenlandia-y-dinamarca\/","name":"Sonora en Equipo. Canad\u00e1 expresa su firme apoyo a Groenlandia y Dinamarca MUNDO","isPartOf":{"@id":"https:\/\/www.sonoraenequipo.com.mx\/#website"},"primaryImageOfPage":{"@id":"https:\/\/www.sonoraenequipo.com.mx\/canada-expresa-su-firme-apoyo-a-groenlandia-y-dinamarca\/#primaryimage"},"image":{"@id":"https:\/\/www.sonoraenequipo.com.mx\/canada-expresa-su-firme-apoyo-a-groenlandia-y-dinamarca\/#primaryimage"},"thumbnailUrl":"https:\/\/www.sonoraenequipo.com.mx\/storage\/2025\/03\/mark-carney-1.jpg","datePublished":"2026-01-21T00:47:28+00:00","description":"Canad\u00e1 \"apoya firmemente\" a Groenlandia y Dinamarca, subray\u00f3 este martes (20.01.2026) en el Foro de Davos Mark Carney, el primer ministro del pa\u00eds En Sonora en Equipo publicamos toda la informaci\u00f3n de Sonora, M\u00e9xico y el Mundo de manera oportuna y busca que la libertad de expresi\u00f3n sea real. Visita nuestro medio informativo publicado desde Hermosillo, Sonora. %","breadcrumb":{"@id":"https:\/\/www.sonoraenequipo.com.mx\/canada-expresa-su-firme-apoyo-a-groenlandia-y-dinamarca\/#breadcrumb"},"inLanguage":"es","potentialAction":[{"@type":"ReadAction","target":["https:\/\/www.sonoraenequipo.com.mx\/canada-expresa-su-firme-apoyo-a-groenlandia-y-dinamarca\/"]}]},{"@type":"ImageObject","inLanguage":"es","@id":"https:\/\/www.sonoraenequipo.com.mx\/canada-expresa-su-firme-apoyo-a-groenlandia-y-dinamarca\/#primaryimage","url":"https:\/\/www.sonoraenequipo.com.mx\/storage\/2025\/03\/mark-carney-1.jpg","contentUrl":"https:\/\/www.sonoraenequipo.com.mx\/storage\/2025\/03\/mark-carney-1.jpg","width":600,"height":400,"caption":"Mark Carney,Primer ministro de Canad\u00e1. Archivo"},{"@type":"BreadcrumbList","@id":"https:\/\/www.sonoraenequipo.com.mx\/canada-expresa-su-firme-apoyo-a-groenlandia-y-dinamarca\/#breadcrumb","itemListElement":[{"@type":"ListItem","position":1,"name":"Portada","item":"https:\/\/www.sonoraenequipo.com.mx\/"},{"@type":"ListItem","position":2,"name":"Canad\u00e1 expresa su firme apoyo a Groenlandia y Dinamarca"}]},{"@type":"WebSite","@id":"https:\/\/www.sonoraenequipo.com.mx\/#website","url":"https:\/\/www.sonoraenequipo.com.mx\/","name":"Sonora en Equipo.","description":"Diario en l\u00ednea con Noticias desde Hermosillo, Sonora","publisher":{"@id":"https:\/\/www.sonoraenequipo.com.mx\/#organization"},"potentialAction":[{"@type":"SearchAction","target":{"@type":"EntryPoint","urlTemplate":"https:\/\/www.sonoraenequipo.com.mx\/?s={search_term_string}"},"query-input":{"@type":"PropertyValueSpecification","valueRequired":true,"valueName":"search_term_string"}}],"inLanguage":"es"},{"@type":"Organization","@id":"https:\/\/www.sonoraenequipo.com.mx\/#organization","name":"Sonoraenequipo.com.mx","url":"https:\/\/www.sonoraenequipo.com.mx\/","logo":{"@type":"ImageObject","inLanguage":"es","@id":"https:\/\/www.sonoraenequipo.com.mx\/#\/schema\/logo\/image\/","url":"https:\/\/www.sonoraenequipo.com.mx\/storage\/2019\/01\/sonoraenequipo_opt.png","contentUrl":"https:\/\/www.sonoraenequipo.com.mx\/storage\/2019\/01\/sonoraenequipo_opt.png","width":375,"height":125,"caption":"Sonoraenequipo.com.mx"},"image":{"@id":"https:\/\/www.sonoraenequipo.com.mx\/#\/schema\/logo\/image\/"},"sameAs":["https:\/\/www.facebook.com\/SonoraEE\/","https:\/\/x.com\/sonoraenequipo","https:\/\/www.youtube.com\/channel\/UC338nW-lPEYmJQs4ZABQ1SQ"]},{"@type":"Person","@id":"https:\/\/www.sonoraenequipo.com.mx\/#\/schema\/person\/50102df0fb23a8fa9e8effad8fa81386","name":"enequipo","image":{"@type":"ImageObject","inLanguage":"es","@id":"https:\/\/www.sonoraenequipo.com.mx\/#\/schema\/person\/image\/","url":"https:\/\/secure.gravatar.com\/avatar\/049821681b589dabc0bc20695993ccebb09f5b5d4d790cd9251b97faac7c652b?s=96&d=blank&r=g","contentUrl":"https:\/\/secure.gravatar.com\/avatar\/049821681b589dabc0bc20695993ccebb09f5b5d4d790cd9251b97faac7c652b?s=96&d=blank&r=g","caption":"enequipo"},"sameAs":["https:\/\/www.facebook.com\/SonoraEE"]}]}},"jetpack_featured_media_url":"https:\/\/www.sonoraenequipo.com.mx\/storage\/2025\/03\/mark-carney-1.jpg","_links":{"self":[{"href":"https:\/\/www.sonoraenequipo.com.mx\/api\/wp\/v2\/posts\/233489","targetHints":{"allow":["GET"]}}],"collection":[{"href":"https:\/\/www.sonoraenequipo.com.mx\/api\/wp\/v2\/posts"}],"about":[{"href":"https:\/\/www.sonoraenequipo.com.mx\/api\/wp\/v2\/types\/post"}],"author":[{"embeddable":true,"href":"https:\/\/www.sonoraenequipo.com.mx\/api\/wp\/v2\/users\/1"}],"replies":[{"embeddable":true,"href":"https:\/\/www.sonoraenequipo.com.mx\/api\/wp\/v2\/comments?post=233489"}],"version-history":[{"count":1,"href":"https:\/\/www.sonoraenequipo.com.mx\/api\/wp\/v2\/posts\/233489\/revisions"}],"predecessor-version":[{"id":233490,"href":"https:\/\/www.sonoraenequipo.com.mx\/api\/wp\/v2\/posts\/233489\/revisions\/233490"}],"wp:featuredmedia":[{"embeddable":true,"href":"https:\/\/www.sonoraenequipo.com.mx\/api\/wp\/v2\/media\/211740"}],"wp:attachment":[{"href":"https:\/\/www.sonoraenequipo.com.mx\/api\/wp\/v2\/media?parent=233489"}],"wp:term":[{"taxonomy":"category","embeddable":true,"href":"https:\/\/www.sonoraenequipo.com.mx\/api\/wp\/v2\/categories?post=233489"},{"taxonomy":"post_tag","embeddable":true,"href":"https:\/\/www.sonoraenequipo.com.mx\/api\/wp\/v2\/tags?post=233489"}],"curies":[{"name":"wp","href":"https:\/\/api.w.org\/{rel}","templated":true}]}}