{"id":233509,"date":"2026-01-20T09:23:43","date_gmt":"2026-01-20T16:23:43","guid":{"rendered":"https:\/\/www.sonoraenequipo.com.mx\/?p=233509"},"modified":"2026-01-20T19:03:17","modified_gmt":"2026-01-21T02:03:17","slug":"gobierno-traslada-a-eu-a-37-operadores-de-organizaciones-criminales","status":"publish","type":"post","link":"https:\/\/www.sonoraenequipo.com.mx\/gobierno-traslada-a-eu-a-37-operadores-de-organizaciones-criminales\/","title":{"rendered":"Gobierno traslada a EU a 37 operadores de organizaciones criminales"},"content":{"rendered":"<p><b>CIUDAD DE M\u00c9XICO. MX. \u2014 <\/b>El gobierno mexicano realiz\u00f3 la tercer entrega masiva de reos solicitados por Estados Unidos. Las autoridades informaron que esta ma\u00f1ana se entregaron a autoridades estadunidenses \u00aba 37 operadores de organizaciones criminales que representaban una amenaza real para la seguridad del pa\u00eds\u00bb, esto ocurre cuando se cumple el primer a\u00f1o de gobierno de Donald Trump.<\/p>\n<p>&nbsp;<\/p>\n<p>&nbsp;<\/p>\n<p>&nbsp;<\/p>\n<p> <\/p>\n<p>El titular de la Decretar\u00eda de Seguridad y Protecci\u00f3n Ciudadana (SSPC), Omar Garc\u00eda Harfuch, inform\u00f3 a trav\u00e9s de su cuenta en \u00abX\u00bb que \u00abla acci\u00f3n se ejecut\u00f3 conforme a la Ley de Seguridad Nacional y bajo mecanismos de cooperaci\u00f3n bilateral, con pleno respeto a la soberan\u00eda nacional.<\/p>\n<p>&nbsp;<\/p>\n<p>A \u00ab<strong><em>solicitud de @TheJusticeDept, se estableci\u00f3 el compromiso de no solicitar la pena de muerte.<\/em><\/strong><\/p>\n<p><strong><em>Dichas personas fueron llevadas a las ciudades de Washington, Houston, Nueva York, Pensilvania, San Antonio y San Diego, a bordo de siete aeronaves de las Fuerzas Armadas.<\/em><\/strong><\/p>\n<p><strong><em>Con este traslado, ya son 92 criminales de alto impacto enviados a EU en esta administraci\u00f3n que ya no podr\u00e1n generar violencia en nuestro pa\u00eds\u00bb.<\/em><\/strong><\/p>\n<p>&nbsp;<\/p>\n<p>&nbsp;<\/p>\n<p>Entre las personas trasladadas se encuentran: Ricardo Gonz\u00e1lez Sauceda, El Ricky, l\u00edder regional del C\u00e1rtel del Noreste con zona de operaci\u00f3n en los estados de Coahuila, Nuevo Le\u00f3n y Tamaulipas. Fue trasladado a San Antonio, Texas.<\/p>\n<p>&nbsp;<\/p>\n<p>&nbsp;<\/p>\n<p>Asimismo, Pedro Inzunza Noriega, El Se\u00f1or de la Silla, padre de Pedro Inzunza Coronel, segundo al mando del c\u00e1rtel de Los Beltr\u00e1n Leyva, detenido hace unos d\u00edas. Fue trasladado a San Diego, California.<\/p>\n<p>&nbsp;<\/p>\n<p>&nbsp;<\/p>\n<p>Juan Pablo Bastidas Erenas, El Payo Zurita, operador log\u00edstico del c\u00e1rtel de Los Beltr\u00e1n Leyva. Colabor\u00f3 con Fausto Isidro Meza Flores, Chapo Isidro y \u00d3scar Manuel Gast\u00e9lum, alias El M\u00fasico, l\u00edder y lugarteniente de dicha organizaci\u00f3n. Fue trasladado a San Diego, California.<\/p>\n<p>&nbsp;<\/p>\n<p>&nbsp;<\/p>\n<p>Armando G\u00f3mez N\u00fa\u00f1ez, Delta1, l\u00edder de Los Deltas, perteneciente al C\u00e1rtel Jalisco Nueva Generaci\u00f3n. Fue trasladado a Dulles, Washington.<\/p>\n<p>&nbsp;<\/p>\n<p>&nbsp;<\/p>\n<p>Daniel Alfredo Blanco Joo, El Cubano, operador log\u00edstico del C\u00e1rtel del Pac\u00edfico, encargado del tr\u00e1fico de estupefacientes a Estados Unidos, es considerado objetivo prioritario del FBI. Fue trasladado a Houston, Texas.<\/p>\n<p>&nbsp;<\/p>\n<p>&nbsp;<\/p>\n<p>PUBLICADO EL 20 ENERO DE 2026 Con informaci\u00f3n de SSPC\/Gustavo Castillo\/ La Jornada)<\/p>\n","protected":false},"excerpt":{"rendered":"<p>CIUDAD DE M\u00c9XICO. MX. \u2014 El gobierno mexicano realiz\u00f3 la tercer entrega masiva de reos&#8230;<\/p>\n","protected":false},"author":1,"featured_media":233510,"comment_status":"open","ping_status":"open","sticky":false,"template":"","format":"standard","meta":{"_monsterinsights_skip_tracking":false,"_monsterinsights_sitenote_active":false,"_monsterinsights_sitenote_note":"","_monsterinsights_sitenote_category":0,"footnotes":""},"categories":[5],"tags":[],"class_list":["post"],"yoast_head":" \n<title>Sonora en Equipo. Gobierno traslada a EU a 37 operadores de organizaciones criminales Rep\u00fablica<\/title>\n<meta name=\"description\" content=\"CIUDAD DE M\u00c9XICO. MX. \u2014 El gobierno mexicano realiz\u00f3 la tercer entrega masiva de reos solicitados por Estados Unidos. Las autoridades informaron que esta En Sonora en Equipo publicamos toda la informaci\u00f3n de Sonora, M\u00e9xico y el Mundo de manera oportuna y busca que la libertad de expresi\u00f3n sea real. Visita nuestro medio informativo publicado desde Hermosillo, Sonora. %\" \/>\n<meta name=\"robots\" content=\"index, follow, max-snippet:-1, max-image-preview:large, max-video-preview:-1\" \/>\n<link rel=\"canonical\" href=\"https:\/\/www.sonoraenequipo.com.mx\/gobierno-traslada-a-eu-a-37-operadores-de-organizaciones-criminales\/\" \/>\n<meta property=\"og:locale\" content=\"es_ES\" \/>\n<meta property=\"og:type\" content=\"article\" \/>\n<meta property=\"og:title\" content=\"Sonora en Equipo. Gobierno traslada a EU a 37 operadores de organizaciones criminales Rep\u00fablica\" \/>\n<meta property=\"og:description\" content=\"CIUDAD DE M\u00c9XICO. MX. \u2014 El gobierno mexicano realiz\u00f3 la tercer entrega masiva de reos solicitados por Estados Unidos. Las autoridades informaron que esta En Sonora en Equipo publicamos toda la informaci\u00f3n de Sonora, M\u00e9xico y el Mundo de manera oportuna y busca que la libertad de expresi\u00f3n sea real. Visita nuestro medio informativo publicado desde Hermosillo, Sonora. %\" \/>\n<meta property=\"og:url\" content=\"https:\/\/www.sonoraenequipo.com.mx\/gobierno-traslada-a-eu-a-37-operadores-de-organizaciones-criminales\/\" \/>\n<meta property=\"og:site_name\" content=\"Sonora en Equipo.\" \/>\n<meta property=\"article:publisher\" content=\"https:\/\/www.facebook.com\/SonoraEE\/\" \/>\n<meta property=\"article:author\" content=\"https:\/\/www.facebook.com\/SonoraEE\" \/>\n<meta property=\"article:published_time\" content=\"2026-01-20T16:23:43+00:00\" \/>\n<meta property=\"article:modified_time\" content=\"2026-01-21T02:03:17+00:00\" \/>\n<meta property=\"og:image\" content=\"https:\/\/www.sonoraenequipo.com.mx\/storage\/2026\/01\/gobierno-traslada-a-eu-a-37-operadores-de-organizaciones-criminales.webp\" \/>\n\t<meta property=\"og:image:width\" content=\"1200\" \/>\n\t<meta property=\"og:image:height\" content=\"800\" \/>\n\t<meta property=\"og:image:type\" content=\"image\/webp\" \/>\n<meta name=\"author\" content=\"enequipo\" \/>\n<meta name=\"twitter:card\" content=\"summary_large_image\" \/>\n<meta name=\"twitter:creator\" content=\"@sonoraenequipo\" \/>\n<meta name=\"twitter:site\" content=\"@sonoraenequipo\" \/>\n<meta name=\"twitter:label1\" content=\"Escrito por\" \/>\n\t<meta name=\"twitter:data1\" content=\"enequipo\" \/>\n\t<meta name=\"twitter:label2\" content=\"Tiempo de lectura\" \/>\n\t<meta name=\"twitter:data2\" content=\"2 minutos\" \/>\n<script type=\"application\/ld+json\" class=\"yoast-schema-graph\">{\"@context\":\"https:\/\/schema.org\",\"@graph\":[{\"@type\":\"Article\",\"@id\":\"https:\/\/www.sonoraenequipo.com.mx\/gobierno-traslada-a-eu-a-37-operadores-de-organizaciones-criminales\/#article\",\"isPartOf\":{\"@id\":\"https:\/\/www.sonoraenequipo.com.mx\/gobierno-traslada-a-eu-a-37-operadores-de-organizaciones-criminales\/\"},\"author\":{\"name\":\"enequipo\",\"@id\":\"https:\/\/www.sonoraenequipo.com.mx\/#\/schema\/person\/50102df0fb23a8fa9e8effad8fa81386\"},\"headline\":\"Gobierno traslada a EU a 37 operadores de organizaciones criminales\",\"datePublished\":\"2026-01-20T16:23:43+00:00\",\"dateModified\":\"2026-01-21T02:03:17+00:00\",\"mainEntityOfPage\":{\"@id\":\"https:\/\/www.sonoraenequipo.com.mx\/gobierno-traslada-a-eu-a-37-operadores-de-organizaciones-criminales\/\"},\"wordCount\":408,\"commentCount\":0,\"publisher\":{\"@id\":\"https:\/\/www.sonoraenequipo.com.mx\/#organization\"},\"image\":{\"@id\":\"https:\/\/www.sonoraenequipo.com.mx\/gobierno-traslada-a-eu-a-37-operadores-de-organizaciones-criminales\/#primaryimage\"},\"thumbnailUrl\":\"https:\/\/www.sonoraenequipo.com.mx\/storage\/2026\/01\/gobierno-traslada-a-eu-a-37-operadores-de-organizaciones-criminales.webp\",\"articleSection\":[\"Rep\u00fablica\"],\"inLanguage\":\"es\",\"potentialAction\":[{\"@type\":\"CommentAction\",\"name\":\"Comment\",\"target\":[\"https:\/\/www.sonoraenequipo.com.mx\/gobierno-traslada-a-eu-a-37-operadores-de-organizaciones-criminales\/#respond\"]}]},{\"@type\":\"WebPage\",\"@id\":\"https:\/\/www.sonoraenequipo.com.mx\/gobierno-traslada-a-eu-a-37-operadores-de-organizaciones-criminales\/\",\"url\":\"https:\/\/www.sonoraenequipo.com.mx\/gobierno-traslada-a-eu-a-37-operadores-de-organizaciones-criminales\/\",\"name\":\"Sonora en Equipo. Gobierno traslada a EU a 37 operadores de organizaciones criminales Rep\u00fablica\",\"isPartOf\":{\"@id\":\"https:\/\/www.sonoraenequipo.com.mx\/#website\"},\"primaryImageOfPage\":{\"@id\":\"https:\/\/www.sonoraenequipo.com.mx\/gobierno-traslada-a-eu-a-37-operadores-de-organizaciones-criminales\/#primaryimage\"},\"image\":{\"@id\":\"https:\/\/www.sonoraenequipo.com.mx\/gobierno-traslada-a-eu-a-37-operadores-de-organizaciones-criminales\/#primaryimage\"},\"thumbnailUrl\":\"https:\/\/www.sonoraenequipo.com.mx\/storage\/2026\/01\/gobierno-traslada-a-eu-a-37-operadores-de-organizaciones-criminales.webp\",\"datePublished\":\"2026-01-20T16:23:43+00:00\",\"dateModified\":\"2026-01-21T02:03:17+00:00\",\"description\":\"CIUDAD DE M\u00c9XICO. MX. \u2014 El gobierno mexicano realiz\u00f3 la tercer entrega masiva de reos solicitados por Estados Unidos. Las autoridades informaron que esta En Sonora en Equipo publicamos toda la informaci\u00f3n de Sonora, M\u00e9xico y el Mundo de manera oportuna y busca que la libertad de expresi\u00f3n sea real. Visita nuestro medio informativo publicado desde Hermosillo, Sonora. %\",\"breadcrumb\":{\"@id\":\"https:\/\/www.sonoraenequipo.com.mx\/gobierno-traslada-a-eu-a-37-operadores-de-organizaciones-criminales\/#breadcrumb\"},\"inLanguage\":\"es\",\"potentialAction\":[{\"@type\":\"ReadAction\",\"target\":[\"https:\/\/www.sonoraenequipo.com.mx\/gobierno-traslada-a-eu-a-37-operadores-de-organizaciones-criminales\/\"]}]},{\"@type\":\"ImageObject\",\"inLanguage\":\"es\",\"@id\":\"https:\/\/www.sonoraenequipo.com.mx\/gobierno-traslada-a-eu-a-37-operadores-de-organizaciones-criminales\/#primaryimage\",\"url\":\"https:\/\/www.sonoraenequipo.com.mx\/storage\/2026\/01\/gobierno-traslada-a-eu-a-37-operadores-de-organizaciones-criminales.webp\",\"contentUrl\":\"https:\/\/www.sonoraenequipo.com.mx\/storage\/2026\/01\/gobierno-traslada-a-eu-a-37-operadores-de-organizaciones-criminales.webp\",\"width\":1200,\"height\":800},{\"@type\":\"BreadcrumbList\",\"@id\":\"https:\/\/www.sonoraenequipo.com.mx\/gobierno-traslada-a-eu-a-37-operadores-de-organizaciones-criminales\/#breadcrumb\",\"itemListElement\":[{\"@type\":\"ListItem\",\"position\":1,\"name\":\"Portada\",\"item\":\"https:\/\/www.sonoraenequipo.com.mx\/\"},{\"@type\":\"ListItem\",\"position\":2,\"name\":\"Gobierno traslada a EU a 37 operadores de organizaciones criminales\"}]},{\"@type\":\"WebSite\",\"@id\":\"https:\/\/www.sonoraenequipo.com.mx\/#website\",\"url\":\"https:\/\/www.sonoraenequipo.com.mx\/\",\"name\":\"Sonora en Equipo.\",\"description\":\"Diario en l\u00ednea con Noticias desde Hermosillo, Sonora\",\"publisher\":{\"@id\":\"https:\/\/www.sonoraenequipo.com.mx\/#organization\"},\"potentialAction\":[{\"@type\":\"SearchAction\",\"target\":{\"@type\":\"EntryPoint\",\"urlTemplate\":\"https:\/\/www.sonoraenequipo.com.mx\/?s={search_term_string}\"},\"query-input\":{\"@type\":\"PropertyValueSpecification\",\"valueRequired\":true,\"valueName\":\"search_term_string\"}}],\"inLanguage\":\"es\"},{\"@type\":\"Organization\",\"@id\":\"https:\/\/www.sonoraenequipo.com.mx\/#organization\",\"name\":\"Sonoraenequipo.com.mx\",\"url\":\"https:\/\/www.sonoraenequipo.com.mx\/\",\"logo\":{\"@type\":\"ImageObject\",\"inLanguage\":\"es\",\"@id\":\"https:\/\/www.sonoraenequipo.com.mx\/#\/schema\/logo\/image\/\",\"url\":\"https:\/\/www.sonoraenequipo.com.mx\/storage\/2019\/01\/sonoraenequipo_opt.png\",\"contentUrl\":\"https:\/\/www.sonoraenequipo.com.mx\/storage\/2019\/01\/sonoraenequipo_opt.png\",\"width\":375,\"height\":125,\"caption\":\"Sonoraenequipo.com.mx\"},\"image\":{\"@id\":\"https:\/\/www.sonoraenequipo.com.mx\/#\/schema\/logo\/image\/\"},\"sameAs\":[\"https:\/\/www.facebook.com\/SonoraEE\/\",\"https:\/\/x.com\/sonoraenequipo\",\"https:\/\/www.youtube.com\/channel\/UC338nW-lPEYmJQs4ZABQ1SQ\"]},{\"@type\":\"Person\",\"@id\":\"https:\/\/www.sonoraenequipo.com.mx\/#\/schema\/person\/50102df0fb23a8fa9e8effad8fa81386\",\"name\":\"enequipo\",\"image\":{\"@type\":\"ImageObject\",\"inLanguage\":\"es\",\"@id\":\"https:\/\/www.sonoraenequipo.com.mx\/#\/schema\/person\/image\/\",\"url\":\"https:\/\/secure.gravatar.com\/avatar\/049821681b589dabc0bc20695993ccebb09f5b5d4d790cd9251b97faac7c652b?s=96&d=blank&r=g\",\"contentUrl\":\"https:\/\/secure.gravatar.com\/avatar\/049821681b589dabc0bc20695993ccebb09f5b5d4d790cd9251b97faac7c652b?s=96&d=blank&r=g\",\"caption\":\"enequipo\"},\"sameAs\":[\"https:\/\/www.facebook.com\/SonoraEE\"]}]}<\/script>\n ","yoast_head_json":{"title":"Sonora en Equipo. Gobierno traslada a EU a 37 operadores de organizaciones criminales Rep\u00fablica","description":"CIUDAD DE M\u00c9XICO. MX. \u2014 El gobierno mexicano realiz\u00f3 la tercer entrega masiva de reos solicitados por Estados Unidos. Las autoridades informaron que esta En Sonora en Equipo publicamos toda la informaci\u00f3n de Sonora, M\u00e9xico y el Mundo de manera oportuna y busca que la libertad de expresi\u00f3n sea real. Visita nuestro medio informativo publicado desde Hermosillo, Sonora. %","robots":{"index":"index","follow":"follow","max-snippet":"max-snippet:-1","max-image-preview":"max-image-preview:large","max-video-preview":"max-video-preview:-1"},"canonical":"https:\/\/www.sonoraenequipo.com.mx\/gobierno-traslada-a-eu-a-37-operadores-de-organizaciones-criminales\/","og_locale":"es_ES","og_type":"article","og_title":"Sonora en Equipo. Gobierno traslada a EU a 37 operadores de organizaciones criminales Rep\u00fablica","og_description":"CIUDAD DE M\u00c9XICO. MX. \u2014 El gobierno mexicano realiz\u00f3 la tercer entrega masiva de reos solicitados por Estados Unidos. Las autoridades informaron que esta En Sonora en Equipo publicamos toda la informaci\u00f3n de Sonora, M\u00e9xico y el Mundo de manera oportuna y busca que la libertad de expresi\u00f3n sea real. Visita nuestro medio informativo publicado desde Hermosillo, Sonora. %","og_url":"https:\/\/www.sonoraenequipo.com.mx\/gobierno-traslada-a-eu-a-37-operadores-de-organizaciones-criminales\/","og_site_name":"Sonora en Equipo.","article_publisher":"https:\/\/www.facebook.com\/SonoraEE\/","article_author":"https:\/\/www.facebook.com\/SonoraEE","article_published_time":"2026-01-20T16:23:43+00:00","article_modified_time":"2026-01-21T02:03:17+00:00","og_image":[{"width":1200,"height":800,"url":"https:\/\/www.sonoraenequipo.com.mx\/storage\/2026\/01\/gobierno-traslada-a-eu-a-37-operadores-de-organizaciones-criminales.webp","type":"image\/webp"}],"author":"enequipo","twitter_card":"summary_large_image","twitter_creator":"@sonoraenequipo","twitter_site":"@sonoraenequipo","twitter_misc":{"Escrito por":"enequipo","Tiempo de lectura":"2 minutos"},"schema":{"@context":"https:\/\/schema.org","@graph":[{"@type":"Article","@id":"https:\/\/www.sonoraenequipo.com.mx\/gobierno-traslada-a-eu-a-37-operadores-de-organizaciones-criminales\/#article","isPartOf":{"@id":"https:\/\/www.sonoraenequipo.com.mx\/gobierno-traslada-a-eu-a-37-operadores-de-organizaciones-criminales\/"},"author":{"name":"enequipo","@id":"https:\/\/www.sonoraenequipo.com.mx\/#\/schema\/person\/50102df0fb23a8fa9e8effad8fa81386"},"headline":"Gobierno traslada a EU a 37 operadores de organizaciones criminales","datePublished":"2026-01-20T16:23:43+00:00","dateModified":"2026-01-21T02:03:17+00:00","mainEntityOfPage":{"@id":"https:\/\/www.sonoraenequipo.com.mx\/gobierno-traslada-a-eu-a-37-operadores-de-organizaciones-criminales\/"},"wordCount":408,"commentCount":0,"publisher":{"@id":"https:\/\/www.sonoraenequipo.com.mx\/#organization"},"image":{"@id":"https:\/\/www.sonoraenequipo.com.mx\/gobierno-traslada-a-eu-a-37-operadores-de-organizaciones-criminales\/#primaryimage"},"thumbnailUrl":"https:\/\/www.sonoraenequipo.com.mx\/storage\/2026\/01\/gobierno-traslada-a-eu-a-37-operadores-de-organizaciones-criminales.webp","articleSection":["Rep\u00fablica"],"inLanguage":"es","potentialAction":[{"@type":"CommentAction","name":"Comment","target":["https:\/\/www.sonoraenequipo.com.mx\/gobierno-traslada-a-eu-a-37-operadores-de-organizaciones-criminales\/#respond"]}]},{"@type":"WebPage","@id":"https:\/\/www.sonoraenequipo.com.mx\/gobierno-traslada-a-eu-a-37-operadores-de-organizaciones-criminales\/","url":"https:\/\/www.sonoraenequipo.com.mx\/gobierno-traslada-a-eu-a-37-operadores-de-organizaciones-criminales\/","name":"Sonora en Equipo. Gobierno traslada a EU a 37 operadores de organizaciones criminales Rep\u00fablica","isPartOf":{"@id":"https:\/\/www.sonoraenequipo.com.mx\/#website"},"primaryImageOfPage":{"@id":"https:\/\/www.sonoraenequipo.com.mx\/gobierno-traslada-a-eu-a-37-operadores-de-organizaciones-criminales\/#primaryimage"},"image":{"@id":"https:\/\/www.sonoraenequipo.com.mx\/gobierno-traslada-a-eu-a-37-operadores-de-organizaciones-criminales\/#primaryimage"},"thumbnailUrl":"https:\/\/www.sonoraenequipo.com.mx\/storage\/2026\/01\/gobierno-traslada-a-eu-a-37-operadores-de-organizaciones-criminales.webp","datePublished":"2026-01-20T16:23:43+00:00","dateModified":"2026-01-21T02:03:17+00:00","description":"CIUDAD DE M\u00c9XICO. MX. \u2014 El gobierno mexicano realiz\u00f3 la tercer entrega masiva de reos solicitados por Estados Unidos. Las autoridades informaron que esta En Sonora en Equipo publicamos toda la informaci\u00f3n de Sonora, M\u00e9xico y el Mundo de manera oportuna y busca que la libertad de expresi\u00f3n sea real. Visita nuestro medio informativo publicado desde Hermosillo, Sonora. %","breadcrumb":{"@id":"https:\/\/www.sonoraenequipo.com.mx\/gobierno-traslada-a-eu-a-37-operadores-de-organizaciones-criminales\/#breadcrumb"},"inLanguage":"es","potentialAction":[{"@type":"ReadAction","target":["https:\/\/www.sonoraenequipo.com.mx\/gobierno-traslada-a-eu-a-37-operadores-de-organizaciones-criminales\/"]}]},{"@type":"ImageObject","inLanguage":"es","@id":"https:\/\/www.sonoraenequipo.com.mx\/gobierno-traslada-a-eu-a-37-operadores-de-organizaciones-criminales\/#primaryimage","url":"https:\/\/www.sonoraenequipo.com.mx\/storage\/2026\/01\/gobierno-traslada-a-eu-a-37-operadores-de-organizaciones-criminales.webp","contentUrl":"https:\/\/www.sonoraenequipo.com.mx\/storage\/2026\/01\/gobierno-traslada-a-eu-a-37-operadores-de-organizaciones-criminales.webp","width":1200,"height":800},{"@type":"BreadcrumbList","@id":"https:\/\/www.sonoraenequipo.com.mx\/gobierno-traslada-a-eu-a-37-operadores-de-organizaciones-criminales\/#breadcrumb","itemListElement":[{"@type":"ListItem","position":1,"name":"Portada","item":"https:\/\/www.sonoraenequipo.com.mx\/"},{"@type":"ListItem","position":2,"name":"Gobierno traslada a EU a 37 operadores de organizaciones criminales"}]},{"@type":"WebSite","@id":"https:\/\/www.sonoraenequipo.com.mx\/#website","url":"https:\/\/www.sonoraenequipo.com.mx\/","name":"Sonora en Equipo.","description":"Diario en l\u00ednea con Noticias desde Hermosillo, Sonora","publisher":{"@id":"https:\/\/www.sonoraenequipo.com.mx\/#organization"},"potentialAction":[{"@type":"SearchAction","target":{"@type":"EntryPoint","urlTemplate":"https:\/\/www.sonoraenequipo.com.mx\/?s={search_term_string}"},"query-input":{"@type":"PropertyValueSpecification","valueRequired":true,"valueName":"search_term_string"}}],"inLanguage":"es"},{"@type":"Organization","@id":"https:\/\/www.sonoraenequipo.com.mx\/#organization","name":"Sonoraenequipo.com.mx","url":"https:\/\/www.sonoraenequipo.com.mx\/","logo":{"@type":"ImageObject","inLanguage":"es","@id":"https:\/\/www.sonoraenequipo.com.mx\/#\/schema\/logo\/image\/","url":"https:\/\/www.sonoraenequipo.com.mx\/storage\/2019\/01\/sonoraenequipo_opt.png","contentUrl":"https:\/\/www.sonoraenequipo.com.mx\/storage\/2019\/01\/sonoraenequipo_opt.png","width":375,"height":125,"caption":"Sonoraenequipo.com.mx"},"image":{"@id":"https:\/\/www.sonoraenequipo.com.mx\/#\/schema\/logo\/image\/"},"sameAs":["https:\/\/www.facebook.com\/SonoraEE\/","https:\/\/x.com\/sonoraenequipo","https:\/\/www.youtube.com\/channel\/UC338nW-lPEYmJQs4ZABQ1SQ"]},{"@type":"Person","@id":"https:\/\/www.sonoraenequipo.com.mx\/#\/schema\/person\/50102df0fb23a8fa9e8effad8fa81386","name":"enequipo","image":{"@type":"ImageObject","inLanguage":"es","@id":"https:\/\/www.sonoraenequipo.com.mx\/#\/schema\/person\/image\/","url":"https:\/\/secure.gravatar.com\/avatar\/049821681b589dabc0bc20695993ccebb09f5b5d4d790cd9251b97faac7c652b?s=96&d=blank&r=g","contentUrl":"https:\/\/secure.gravatar.com\/avatar\/049821681b589dabc0bc20695993ccebb09f5b5d4d790cd9251b97faac7c652b?s=96&d=blank&r=g","caption":"enequipo"},"sameAs":["https:\/\/www.facebook.com\/SonoraEE"]}]}},"jetpack_featured_media_url":"https:\/\/www.sonoraenequipo.com.mx\/storage\/2026\/01\/gobierno-traslada-a-eu-a-37-operadores-de-organizaciones-criminales.webp","_links":{"self":[{"href":"https:\/\/www.sonoraenequipo.com.mx\/api\/wp\/v2\/posts\/233509","targetHints":{"allow":["GET"]}}],"collection":[{"href":"https:\/\/www.sonoraenequipo.com.mx\/api\/wp\/v2\/posts"}],"about":[{"href":"https:\/\/www.sonoraenequipo.com.mx\/api\/wp\/v2\/types\/post"}],"author":[{"embeddable":true,"href":"https:\/\/www.sonoraenequipo.com.mx\/api\/wp\/v2\/users\/1"}],"replies":[{"embeddable":true,"href":"https:\/\/www.sonoraenequipo.com.mx\/api\/wp\/v2\/comments?post=233509"}],"version-history":[{"count":1,"href":"https:\/\/www.sonoraenequipo.com.mx\/api\/wp\/v2\/posts\/233509\/revisions"}],"predecessor-version":[{"id":233511,"href":"https:\/\/www.sonoraenequipo.com.mx\/api\/wp\/v2\/posts\/233509\/revisions\/233511"}],"wp:featuredmedia":[{"embeddable":true,"href":"https:\/\/www.sonoraenequipo.com.mx\/api\/wp\/v2\/media\/233510"}],"wp:attachment":[{"href":"https:\/\/www.sonoraenequipo.com.mx\/api\/wp\/v2\/media?parent=233509"}],"wp:term":[{"taxonomy":"category","embeddable":true,"href":"https:\/\/www.sonoraenequipo.com.mx\/api\/wp\/v2\/categories?post=233509"},{"taxonomy":"post_tag","embeddable":true,"href":"https:\/\/www.sonoraenequipo.com.mx\/api\/wp\/v2\/tags?post=233509"}],"curies":[{"name":"wp","href":"https:\/\/api.w.org\/{rel}","templated":true}]}}