{"id":233537,"date":"2026-01-21T10:57:31","date_gmt":"2026-01-21T17:57:31","guid":{"rendered":"https:\/\/www.sonoraenequipo.com.mx\/?p=233537"},"modified":"2026-01-21T13:04:57","modified_gmt":"2026-01-21T20:04:57","slug":"sonora-avanza-en-la-estrategia-nacional-vive-saludable-vive-feliz-para-fortalecer-la-alimentacion-y-la-salud-infantil","status":"publish","type":"post","link":"https:\/\/www.sonoraenequipo.com.mx\/sonora-avanza-en-la-estrategia-nacional-vive-saludable-vive-feliz-para-fortalecer-la-alimentacion-y-la-salud-infantil\/","title":{"rendered":"Sonora avanza en la estrategia nacional \u201cVive saludable, vive feliz\u201d para fortalecer la alimentaci\u00f3n y la salud infantil"},"content":{"rendered":"<p><strong>HERMOSILLO, SONORA. MX. \u2014 <\/strong>\u00a0En el marco de la estrategia nacional \u201cVive saludable, vive feliz\u201d, impulsada por el Gobierno de M\u00e9xico para garantizar el bienestar y el desarrollo integral de ni\u00f1as y ni\u00f1os, en Sonora se refuerzan acciones orientadas a la prevenci\u00f3n, el autocuidado y la promoci\u00f3n de h\u00e1bitos alimenticios saludables desde la infancia.<\/p>\n<p>&nbsp;<\/p>\n<p>&nbsp;<\/p>\n<p> <\/p>\n<p>Con el respaldo del gobernador Alfonso Durazo Monta\u00f1o, el Gobierno de Sonora se suma a esta iniciativa nacional a trav\u00e9s del Sistema DIF Sonora, fortaleciendo las estrategias de salud en los planteles educativos del estado mediante jornadas de medici\u00f3n de peso y talla, as\u00ed como actividades de orientaci\u00f3n nutricional.<\/p>\n<p>&nbsp;<\/p>\n<p>&nbsp;<\/p>\n<p>Como parte de estas acciones, personal del DIF Sonora acudi\u00f3 a la escuela primaria Jos\u00e9 Manuel Valdez Valdez, donde se supervisaron las jornadas de pesaje y medici\u00f3n de ni\u00f1as y ni\u00f1os, con el objetivo de dar seguimiento a su estado nutricional y contribuir a la construcci\u00f3n de entornos escolares m\u00e1s saludables.<\/p>\n<p>&nbsp;<\/p>\n<p>&nbsp;<\/p>\n<p>La directora general del Sistema DIF Sonora, Lizeth V\u00e1squez Ochoa, destac\u00f3 que estas actividades se realizar\u00e1n en distintos municipios de la entidad, como parte de una estrategia integral para fortalecer la prevenci\u00f3n de enfermedades y fomentar una cultura de autocuidado desde las primeras etapas de la vida.<\/p>\n<p>&nbsp;<\/p>\n<p>&nbsp;<\/p>\n<p><strong><em>\u201cPromover una alimentaci\u00f3n saludable y el bienestar integral de nuestras ni\u00f1as y ni\u00f1os es una prioridad. Estas acciones nos permiten generar conciencia, prevenir enfermedades y sentar las bases de una vida m\u00e1s sana\u201d, s<\/em><\/strong>e\u00f1al\u00f3.<\/p>\n<p>&nbsp;<\/p>\n<p>&nbsp;<\/p>\n<p>Durante las jornadas de salud escolar, brigadistas de la Autoridad Educativa Local, la Secretar\u00eda de Salud, el IMSS y el DIF Sonora llevar\u00e1n a cabo revisiones de salud visual y bucal, as\u00ed como din\u00e1micas educativas enfocadas en estilos de vida saludables, contribuyendo adem\u00e1s al registro nacional de salud infantil.<\/p>\n<p>&nbsp;<\/p>\n<p>&nbsp;<\/p>\n<p>Con estas acciones, el Gobierno de Sonora refrenda su compromiso con la ni\u00f1ez, impulsando pol\u00edticas p\u00fablicas que priorizan la salud, la prevenci\u00f3n y el bienestar de las familias sonorenses.<\/p>\n<p>&nbsp;<\/p>\n<p>&nbsp;<\/p>\n<p>PUBLICADO EL 21 ENERO DE 2026 Con informaci\u00f3n de GOBSON 0126171)<\/p>\n","protected":false},"excerpt":{"rendered":"<p>HERMOSILLO, SONORA. MX. \u2014 \u00a0En el marco de la estrategia nacional \u201cVive saludable, vive feliz\u201d,&#8230;<\/p>\n","protected":false},"author":1,"featured_media":233538,"comment_status":"open","ping_status":"open","sticky":false,"template":"","format":"standard","meta":{"_monsterinsights_skip_tracking":false,"_monsterinsights_sitenote_active":false,"_monsterinsights_sitenote_note":"","_monsterinsights_sitenote_category":0,"footnotes":""},"categories":[22],"tags":[],"class_list":["post"],"yoast_head":" \n<title>Sonora en Equipo. Sonora avanza en la estrategia nacional \u201cVive saludable, vive feliz\u201d para fortalecer la alimentaci\u00f3n y la salud infantil Sonora<\/title>\n<meta name=\"description\" content=\"HERMOSILLO, SONORA. MX. \u2014 \u00a0En el marco de la estrategia nacional \u201cVive saludable, vive feliz\u201d, impulsada por el Gobierno de M\u00e9xico para garantizar el En Sonora en Equipo publicamos toda la informaci\u00f3n de Sonora, M\u00e9xico y el Mundo de manera oportuna y busca que la libertad de expresi\u00f3n sea real. Visita nuestro medio informativo publicado desde Hermosillo, Sonora. %\" \/>\n<meta name=\"robots\" content=\"index, follow, max-snippet:-1, max-image-preview:large, max-video-preview:-1\" \/>\n<link rel=\"canonical\" href=\"https:\/\/www.sonoraenequipo.com.mx\/sonora-avanza-en-la-estrategia-nacional-vive-saludable-vive-feliz-para-fortalecer-la-alimentacion-y-la-salud-infantil\/\" \/>\n<meta property=\"og:locale\" content=\"es_ES\" \/>\n<meta property=\"og:type\" content=\"article\" \/>\n<meta property=\"og:title\" content=\"Sonora en Equipo. Sonora avanza en la estrategia nacional \u201cVive saludable, vive feliz\u201d para fortalecer la alimentaci\u00f3n y la salud infantil Sonora\" \/>\n<meta property=\"og:description\" content=\"HERMOSILLO, SONORA. MX. \u2014 \u00a0En el marco de la estrategia nacional \u201cVive saludable, vive feliz\u201d, impulsada por el Gobierno de M\u00e9xico para garantizar el En Sonora en Equipo publicamos toda la informaci\u00f3n de Sonora, M\u00e9xico y el Mundo de manera oportuna y busca que la libertad de expresi\u00f3n sea real. Visita nuestro medio informativo publicado desde Hermosillo, Sonora. %\" \/>\n<meta property=\"og:url\" content=\"https:\/\/www.sonoraenequipo.com.mx\/sonora-avanza-en-la-estrategia-nacional-vive-saludable-vive-feliz-para-fortalecer-la-alimentacion-y-la-salud-infantil\/\" \/>\n<meta property=\"og:site_name\" content=\"Sonora en Equipo.\" \/>\n<meta property=\"article:publisher\" content=\"https:\/\/www.facebook.com\/SonoraEE\/\" \/>\n<meta property=\"article:author\" content=\"https:\/\/www.facebook.com\/SonoraEE\" \/>\n<meta property=\"article:published_time\" content=\"2026-01-21T17:57:31+00:00\" \/>\n<meta property=\"article:modified_time\" content=\"2026-01-21T20:04:57+00:00\" \/>\n<meta property=\"og:image\" content=\"https:\/\/www.sonoraenequipo.com.mx\/storage\/2026\/01\/Vive-saludable-vive-feliz-para-fortalecer-la-alimentacion-y-la-salud-infantil-1.jpg\" \/>\n\t<meta property=\"og:image:width\" content=\"1000\" \/>\n\t<meta property=\"og:image:height\" content=\"667\" \/>\n\t<meta property=\"og:image:type\" content=\"image\/jpeg\" \/>\n<meta name=\"author\" content=\"enequipo\" \/>\n<meta name=\"twitter:card\" content=\"summary_large_image\" \/>\n<meta name=\"twitter:creator\" content=\"@sonoraenequipo\" \/>\n<meta name=\"twitter:site\" content=\"@sonoraenequipo\" \/>\n<meta name=\"twitter:label1\" content=\"Escrito por\" \/>\n\t<meta name=\"twitter:data1\" content=\"enequipo\" \/>\n\t<meta name=\"twitter:label2\" content=\"Tiempo de lectura\" \/>\n\t<meta name=\"twitter:data2\" content=\"2 minutos\" \/>\n<script type=\"application\/ld+json\" class=\"yoast-schema-graph\">{\"@context\":\"https:\/\/schema.org\",\"@graph\":[{\"@type\":\"Article\",\"@id\":\"https:\/\/www.sonoraenequipo.com.mx\/sonora-avanza-en-la-estrategia-nacional-vive-saludable-vive-feliz-para-fortalecer-la-alimentacion-y-la-salud-infantil\/#article\",\"isPartOf\":{\"@id\":\"https:\/\/www.sonoraenequipo.com.mx\/sonora-avanza-en-la-estrategia-nacional-vive-saludable-vive-feliz-para-fortalecer-la-alimentacion-y-la-salud-infantil\/\"},\"author\":{\"name\":\"enequipo\",\"@id\":\"https:\/\/www.sonoraenequipo.com.mx\/#\/schema\/person\/50102df0fb23a8fa9e8effad8fa81386\"},\"headline\":\"Sonora avanza en la estrategia nacional \u201cVive saludable, vive feliz\u201d para fortalecer la alimentaci\u00f3n y la salud infantil\",\"datePublished\":\"2026-01-21T17:57:31+00:00\",\"dateModified\":\"2026-01-21T20:04:57+00:00\",\"mainEntityOfPage\":{\"@id\":\"https:\/\/www.sonoraenequipo.com.mx\/sonora-avanza-en-la-estrategia-nacional-vive-saludable-vive-feliz-para-fortalecer-la-alimentacion-y-la-salud-infantil\/\"},\"wordCount\":386,\"commentCount\":0,\"publisher\":{\"@id\":\"https:\/\/www.sonoraenequipo.com.mx\/#organization\"},\"image\":{\"@id\":\"https:\/\/www.sonoraenequipo.com.mx\/sonora-avanza-en-la-estrategia-nacional-vive-saludable-vive-feliz-para-fortalecer-la-alimentacion-y-la-salud-infantil\/#primaryimage\"},\"thumbnailUrl\":\"https:\/\/www.sonoraenequipo.com.mx\/storage\/2026\/01\/Vive-saludable-vive-feliz-para-fortalecer-la-alimentacion-y-la-salud-infantil-1.jpg\",\"articleSection\":[\"Sonora\"],\"inLanguage\":\"es\",\"potentialAction\":[{\"@type\":\"CommentAction\",\"name\":\"Comment\",\"target\":[\"https:\/\/www.sonoraenequipo.com.mx\/sonora-avanza-en-la-estrategia-nacional-vive-saludable-vive-feliz-para-fortalecer-la-alimentacion-y-la-salud-infantil\/#respond\"]}]},{\"@type\":\"WebPage\",\"@id\":\"https:\/\/www.sonoraenequipo.com.mx\/sonora-avanza-en-la-estrategia-nacional-vive-saludable-vive-feliz-para-fortalecer-la-alimentacion-y-la-salud-infantil\/\",\"url\":\"https:\/\/www.sonoraenequipo.com.mx\/sonora-avanza-en-la-estrategia-nacional-vive-saludable-vive-feliz-para-fortalecer-la-alimentacion-y-la-salud-infantil\/\",\"name\":\"Sonora en Equipo. Sonora avanza en la estrategia nacional \u201cVive saludable, vive feliz\u201d para fortalecer la alimentaci\u00f3n y la salud infantil Sonora\",\"isPartOf\":{\"@id\":\"https:\/\/www.sonoraenequipo.com.mx\/#website\"},\"primaryImageOfPage\":{\"@id\":\"https:\/\/www.sonoraenequipo.com.mx\/sonora-avanza-en-la-estrategia-nacional-vive-saludable-vive-feliz-para-fortalecer-la-alimentacion-y-la-salud-infantil\/#primaryimage\"},\"image\":{\"@id\":\"https:\/\/www.sonoraenequipo.com.mx\/sonora-avanza-en-la-estrategia-nacional-vive-saludable-vive-feliz-para-fortalecer-la-alimentacion-y-la-salud-infantil\/#primaryimage\"},\"thumbnailUrl\":\"https:\/\/www.sonoraenequipo.com.mx\/storage\/2026\/01\/Vive-saludable-vive-feliz-para-fortalecer-la-alimentacion-y-la-salud-infantil-1.jpg\",\"datePublished\":\"2026-01-21T17:57:31+00:00\",\"dateModified\":\"2026-01-21T20:04:57+00:00\",\"description\":\"HERMOSILLO, SONORA. MX. \u2014 \u00a0En el marco de la estrategia nacional \u201cVive saludable, vive feliz\u201d, impulsada por el Gobierno de M\u00e9xico para garantizar el En Sonora en Equipo publicamos toda la informaci\u00f3n de Sonora, M\u00e9xico y el Mundo de manera oportuna y busca que la libertad de expresi\u00f3n sea real. Visita nuestro medio informativo publicado desde Hermosillo, Sonora. %\",\"breadcrumb\":{\"@id\":\"https:\/\/www.sonoraenequipo.com.mx\/sonora-avanza-en-la-estrategia-nacional-vive-saludable-vive-feliz-para-fortalecer-la-alimentacion-y-la-salud-infantil\/#breadcrumb\"},\"inLanguage\":\"es\",\"potentialAction\":[{\"@type\":\"ReadAction\",\"target\":[\"https:\/\/www.sonoraenequipo.com.mx\/sonora-avanza-en-la-estrategia-nacional-vive-saludable-vive-feliz-para-fortalecer-la-alimentacion-y-la-salud-infantil\/\"]}]},{\"@type\":\"ImageObject\",\"inLanguage\":\"es\",\"@id\":\"https:\/\/www.sonoraenequipo.com.mx\/sonora-avanza-en-la-estrategia-nacional-vive-saludable-vive-feliz-para-fortalecer-la-alimentacion-y-la-salud-infantil\/#primaryimage\",\"url\":\"https:\/\/www.sonoraenequipo.com.mx\/storage\/2026\/01\/Vive-saludable-vive-feliz-para-fortalecer-la-alimentacion-y-la-salud-infantil-1.jpg\",\"contentUrl\":\"https:\/\/www.sonoraenequipo.com.mx\/storage\/2026\/01\/Vive-saludable-vive-feliz-para-fortalecer-la-alimentacion-y-la-salud-infantil-1.jpg\",\"width\":1000,\"height\":667},{\"@type\":\"BreadcrumbList\",\"@id\":\"https:\/\/www.sonoraenequipo.com.mx\/sonora-avanza-en-la-estrategia-nacional-vive-saludable-vive-feliz-para-fortalecer-la-alimentacion-y-la-salud-infantil\/#breadcrumb\",\"itemListElement\":[{\"@type\":\"ListItem\",\"position\":1,\"name\":\"Portada\",\"item\":\"https:\/\/www.sonoraenequipo.com.mx\/\"},{\"@type\":\"ListItem\",\"position\":2,\"name\":\"Sonora avanza en la estrategia nacional \u201cVive saludable, vive feliz\u201d para fortalecer la alimentaci\u00f3n y la salud infantil\"}]},{\"@type\":\"WebSite\",\"@id\":\"https:\/\/www.sonoraenequipo.com.mx\/#website\",\"url\":\"https:\/\/www.sonoraenequipo.com.mx\/\",\"name\":\"Sonora en Equipo.\",\"description\":\"Diario en l\u00ednea con Noticias desde Hermosillo, Sonora\",\"publisher\":{\"@id\":\"https:\/\/www.sonoraenequipo.com.mx\/#organization\"},\"potentialAction\":[{\"@type\":\"SearchAction\",\"target\":{\"@type\":\"EntryPoint\",\"urlTemplate\":\"https:\/\/www.sonoraenequipo.com.mx\/?s={search_term_string}\"},\"query-input\":{\"@type\":\"PropertyValueSpecification\",\"valueRequired\":true,\"valueName\":\"search_term_string\"}}],\"inLanguage\":\"es\"},{\"@type\":\"Organization\",\"@id\":\"https:\/\/www.sonoraenequipo.com.mx\/#organization\",\"name\":\"Sonoraenequipo.com.mx\",\"url\":\"https:\/\/www.sonoraenequipo.com.mx\/\",\"logo\":{\"@type\":\"ImageObject\",\"inLanguage\":\"es\",\"@id\":\"https:\/\/www.sonoraenequipo.com.mx\/#\/schema\/logo\/image\/\",\"url\":\"https:\/\/www.sonoraenequipo.com.mx\/storage\/2019\/01\/sonoraenequipo_opt.png\",\"contentUrl\":\"https:\/\/www.sonoraenequipo.com.mx\/storage\/2019\/01\/sonoraenequipo_opt.png\",\"width\":375,\"height\":125,\"caption\":\"Sonoraenequipo.com.mx\"},\"image\":{\"@id\":\"https:\/\/www.sonoraenequipo.com.mx\/#\/schema\/logo\/image\/\"},\"sameAs\":[\"https:\/\/www.facebook.com\/SonoraEE\/\",\"https:\/\/x.com\/sonoraenequipo\",\"https:\/\/www.youtube.com\/channel\/UC338nW-lPEYmJQs4ZABQ1SQ\"]},{\"@type\":\"Person\",\"@id\":\"https:\/\/www.sonoraenequipo.com.mx\/#\/schema\/person\/50102df0fb23a8fa9e8effad8fa81386\",\"name\":\"enequipo\",\"image\":{\"@type\":\"ImageObject\",\"inLanguage\":\"es\",\"@id\":\"https:\/\/www.sonoraenequipo.com.mx\/#\/schema\/person\/image\/\",\"url\":\"https:\/\/secure.gravatar.com\/avatar\/049821681b589dabc0bc20695993ccebb09f5b5d4d790cd9251b97faac7c652b?s=96&d=blank&r=g\",\"contentUrl\":\"https:\/\/secure.gravatar.com\/avatar\/049821681b589dabc0bc20695993ccebb09f5b5d4d790cd9251b97faac7c652b?s=96&d=blank&r=g\",\"caption\":\"enequipo\"},\"sameAs\":[\"https:\/\/www.facebook.com\/SonoraEE\"]}]}<\/script>\n ","yoast_head_json":{"title":"Sonora en Equipo. Sonora avanza en la estrategia nacional \u201cVive saludable, vive feliz\u201d para fortalecer la alimentaci\u00f3n y la salud infantil Sonora","description":"HERMOSILLO, SONORA. MX. \u2014 \u00a0En el marco de la estrategia nacional \u201cVive saludable, vive feliz\u201d, impulsada por el Gobierno de M\u00e9xico para garantizar el En Sonora en Equipo publicamos toda la informaci\u00f3n de Sonora, M\u00e9xico y el Mundo de manera oportuna y busca que la libertad de expresi\u00f3n sea real. Visita nuestro medio informativo publicado desde Hermosillo, Sonora. %","robots":{"index":"index","follow":"follow","max-snippet":"max-snippet:-1","max-image-preview":"max-image-preview:large","max-video-preview":"max-video-preview:-1"},"canonical":"https:\/\/www.sonoraenequipo.com.mx\/sonora-avanza-en-la-estrategia-nacional-vive-saludable-vive-feliz-para-fortalecer-la-alimentacion-y-la-salud-infantil\/","og_locale":"es_ES","og_type":"article","og_title":"Sonora en Equipo. Sonora avanza en la estrategia nacional \u201cVive saludable, vive feliz\u201d para fortalecer la alimentaci\u00f3n y la salud infantil Sonora","og_description":"HERMOSILLO, SONORA. MX. \u2014 \u00a0En el marco de la estrategia nacional \u201cVive saludable, vive feliz\u201d, impulsada por el Gobierno de M\u00e9xico para garantizar el En Sonora en Equipo publicamos toda la informaci\u00f3n de Sonora, M\u00e9xico y el Mundo de manera oportuna y busca que la libertad de expresi\u00f3n sea real. Visita nuestro medio informativo publicado desde Hermosillo, Sonora. %","og_url":"https:\/\/www.sonoraenequipo.com.mx\/sonora-avanza-en-la-estrategia-nacional-vive-saludable-vive-feliz-para-fortalecer-la-alimentacion-y-la-salud-infantil\/","og_site_name":"Sonora en Equipo.","article_publisher":"https:\/\/www.facebook.com\/SonoraEE\/","article_author":"https:\/\/www.facebook.com\/SonoraEE","article_published_time":"2026-01-21T17:57:31+00:00","article_modified_time":"2026-01-21T20:04:57+00:00","og_image":[{"width":1000,"height":667,"url":"https:\/\/www.sonoraenequipo.com.mx\/storage\/2026\/01\/Vive-saludable-vive-feliz-para-fortalecer-la-alimentacion-y-la-salud-infantil-1.jpg","type":"image\/jpeg"}],"author":"enequipo","twitter_card":"summary_large_image","twitter_creator":"@sonoraenequipo","twitter_site":"@sonoraenequipo","twitter_misc":{"Escrito por":"enequipo","Tiempo de lectura":"2 minutos"},"schema":{"@context":"https:\/\/schema.org","@graph":[{"@type":"Article","@id":"https:\/\/www.sonoraenequipo.com.mx\/sonora-avanza-en-la-estrategia-nacional-vive-saludable-vive-feliz-para-fortalecer-la-alimentacion-y-la-salud-infantil\/#article","isPartOf":{"@id":"https:\/\/www.sonoraenequipo.com.mx\/sonora-avanza-en-la-estrategia-nacional-vive-saludable-vive-feliz-para-fortalecer-la-alimentacion-y-la-salud-infantil\/"},"author":{"name":"enequipo","@id":"https:\/\/www.sonoraenequipo.com.mx\/#\/schema\/person\/50102df0fb23a8fa9e8effad8fa81386"},"headline":"Sonora avanza en la estrategia nacional \u201cVive saludable, vive feliz\u201d para fortalecer la alimentaci\u00f3n y la salud infantil","datePublished":"2026-01-21T17:57:31+00:00","dateModified":"2026-01-21T20:04:57+00:00","mainEntityOfPage":{"@id":"https:\/\/www.sonoraenequipo.com.mx\/sonora-avanza-en-la-estrategia-nacional-vive-saludable-vive-feliz-para-fortalecer-la-alimentacion-y-la-salud-infantil\/"},"wordCount":386,"commentCount":0,"publisher":{"@id":"https:\/\/www.sonoraenequipo.com.mx\/#organization"},"image":{"@id":"https:\/\/www.sonoraenequipo.com.mx\/sonora-avanza-en-la-estrategia-nacional-vive-saludable-vive-feliz-para-fortalecer-la-alimentacion-y-la-salud-infantil\/#primaryimage"},"thumbnailUrl":"https:\/\/www.sonoraenequipo.com.mx\/storage\/2026\/01\/Vive-saludable-vive-feliz-para-fortalecer-la-alimentacion-y-la-salud-infantil-1.jpg","articleSection":["Sonora"],"inLanguage":"es","potentialAction":[{"@type":"CommentAction","name":"Comment","target":["https:\/\/www.sonoraenequipo.com.mx\/sonora-avanza-en-la-estrategia-nacional-vive-saludable-vive-feliz-para-fortalecer-la-alimentacion-y-la-salud-infantil\/#respond"]}]},{"@type":"WebPage","@id":"https:\/\/www.sonoraenequipo.com.mx\/sonora-avanza-en-la-estrategia-nacional-vive-saludable-vive-feliz-para-fortalecer-la-alimentacion-y-la-salud-infantil\/","url":"https:\/\/www.sonoraenequipo.com.mx\/sonora-avanza-en-la-estrategia-nacional-vive-saludable-vive-feliz-para-fortalecer-la-alimentacion-y-la-salud-infantil\/","name":"Sonora en Equipo. Sonora avanza en la estrategia nacional \u201cVive saludable, vive feliz\u201d para fortalecer la alimentaci\u00f3n y la salud infantil Sonora","isPartOf":{"@id":"https:\/\/www.sonoraenequipo.com.mx\/#website"},"primaryImageOfPage":{"@id":"https:\/\/www.sonoraenequipo.com.mx\/sonora-avanza-en-la-estrategia-nacional-vive-saludable-vive-feliz-para-fortalecer-la-alimentacion-y-la-salud-infantil\/#primaryimage"},"image":{"@id":"https:\/\/www.sonoraenequipo.com.mx\/sonora-avanza-en-la-estrategia-nacional-vive-saludable-vive-feliz-para-fortalecer-la-alimentacion-y-la-salud-infantil\/#primaryimage"},"thumbnailUrl":"https:\/\/www.sonoraenequipo.com.mx\/storage\/2026\/01\/Vive-saludable-vive-feliz-para-fortalecer-la-alimentacion-y-la-salud-infantil-1.jpg","datePublished":"2026-01-21T17:57:31+00:00","dateModified":"2026-01-21T20:04:57+00:00","description":"HERMOSILLO, SONORA. MX. \u2014 \u00a0En el marco de la estrategia nacional \u201cVive saludable, vive feliz\u201d, impulsada por el Gobierno de M\u00e9xico para garantizar el En Sonora en Equipo publicamos toda la informaci\u00f3n de Sonora, M\u00e9xico y el Mundo de manera oportuna y busca que la libertad de expresi\u00f3n sea real. Visita nuestro medio informativo publicado desde Hermosillo, Sonora. %","breadcrumb":{"@id":"https:\/\/www.sonoraenequipo.com.mx\/sonora-avanza-en-la-estrategia-nacional-vive-saludable-vive-feliz-para-fortalecer-la-alimentacion-y-la-salud-infantil\/#breadcrumb"},"inLanguage":"es","potentialAction":[{"@type":"ReadAction","target":["https:\/\/www.sonoraenequipo.com.mx\/sonora-avanza-en-la-estrategia-nacional-vive-saludable-vive-feliz-para-fortalecer-la-alimentacion-y-la-salud-infantil\/"]}]},{"@type":"ImageObject","inLanguage":"es","@id":"https:\/\/www.sonoraenequipo.com.mx\/sonora-avanza-en-la-estrategia-nacional-vive-saludable-vive-feliz-para-fortalecer-la-alimentacion-y-la-salud-infantil\/#primaryimage","url":"https:\/\/www.sonoraenequipo.com.mx\/storage\/2026\/01\/Vive-saludable-vive-feliz-para-fortalecer-la-alimentacion-y-la-salud-infantil-1.jpg","contentUrl":"https:\/\/www.sonoraenequipo.com.mx\/storage\/2026\/01\/Vive-saludable-vive-feliz-para-fortalecer-la-alimentacion-y-la-salud-infantil-1.jpg","width":1000,"height":667},{"@type":"BreadcrumbList","@id":"https:\/\/www.sonoraenequipo.com.mx\/sonora-avanza-en-la-estrategia-nacional-vive-saludable-vive-feliz-para-fortalecer-la-alimentacion-y-la-salud-infantil\/#breadcrumb","itemListElement":[{"@type":"ListItem","position":1,"name":"Portada","item":"https:\/\/www.sonoraenequipo.com.mx\/"},{"@type":"ListItem","position":2,"name":"Sonora avanza en la estrategia nacional \u201cVive saludable, vive feliz\u201d para fortalecer la alimentaci\u00f3n y la salud infantil"}]},{"@type":"WebSite","@id":"https:\/\/www.sonoraenequipo.com.mx\/#website","url":"https:\/\/www.sonoraenequipo.com.mx\/","name":"Sonora en Equipo.","description":"Diario en l\u00ednea con Noticias desde Hermosillo, Sonora","publisher":{"@id":"https:\/\/www.sonoraenequipo.com.mx\/#organization"},"potentialAction":[{"@type":"SearchAction","target":{"@type":"EntryPoint","urlTemplate":"https:\/\/www.sonoraenequipo.com.mx\/?s={search_term_string}"},"query-input":{"@type":"PropertyValueSpecification","valueRequired":true,"valueName":"search_term_string"}}],"inLanguage":"es"},{"@type":"Organization","@id":"https:\/\/www.sonoraenequipo.com.mx\/#organization","name":"Sonoraenequipo.com.mx","url":"https:\/\/www.sonoraenequipo.com.mx\/","logo":{"@type":"ImageObject","inLanguage":"es","@id":"https:\/\/www.sonoraenequipo.com.mx\/#\/schema\/logo\/image\/","url":"https:\/\/www.sonoraenequipo.com.mx\/storage\/2019\/01\/sonoraenequipo_opt.png","contentUrl":"https:\/\/www.sonoraenequipo.com.mx\/storage\/2019\/01\/sonoraenequipo_opt.png","width":375,"height":125,"caption":"Sonoraenequipo.com.mx"},"image":{"@id":"https:\/\/www.sonoraenequipo.com.mx\/#\/schema\/logo\/image\/"},"sameAs":["https:\/\/www.facebook.com\/SonoraEE\/","https:\/\/x.com\/sonoraenequipo","https:\/\/www.youtube.com\/channel\/UC338nW-lPEYmJQs4ZABQ1SQ"]},{"@type":"Person","@id":"https:\/\/www.sonoraenequipo.com.mx\/#\/schema\/person\/50102df0fb23a8fa9e8effad8fa81386","name":"enequipo","image":{"@type":"ImageObject","inLanguage":"es","@id":"https:\/\/www.sonoraenequipo.com.mx\/#\/schema\/person\/image\/","url":"https:\/\/secure.gravatar.com\/avatar\/049821681b589dabc0bc20695993ccebb09f5b5d4d790cd9251b97faac7c652b?s=96&d=blank&r=g","contentUrl":"https:\/\/secure.gravatar.com\/avatar\/049821681b589dabc0bc20695993ccebb09f5b5d4d790cd9251b97faac7c652b?s=96&d=blank&r=g","caption":"enequipo"},"sameAs":["https:\/\/www.facebook.com\/SonoraEE"]}]}},"jetpack_featured_media_url":"https:\/\/www.sonoraenequipo.com.mx\/storage\/2026\/01\/Vive-saludable-vive-feliz-para-fortalecer-la-alimentacion-y-la-salud-infantil-1.jpg","_links":{"self":[{"href":"https:\/\/www.sonoraenequipo.com.mx\/api\/wp\/v2\/posts\/233537","targetHints":{"allow":["GET"]}}],"collection":[{"href":"https:\/\/www.sonoraenequipo.com.mx\/api\/wp\/v2\/posts"}],"about":[{"href":"https:\/\/www.sonoraenequipo.com.mx\/api\/wp\/v2\/types\/post"}],"author":[{"embeddable":true,"href":"https:\/\/www.sonoraenequipo.com.mx\/api\/wp\/v2\/users\/1"}],"replies":[{"embeddable":true,"href":"https:\/\/www.sonoraenequipo.com.mx\/api\/wp\/v2\/comments?post=233537"}],"version-history":[{"count":1,"href":"https:\/\/www.sonoraenequipo.com.mx\/api\/wp\/v2\/posts\/233537\/revisions"}],"predecessor-version":[{"id":233546,"href":"https:\/\/www.sonoraenequipo.com.mx\/api\/wp\/v2\/posts\/233537\/revisions\/233546"}],"wp:featuredmedia":[{"embeddable":true,"href":"https:\/\/www.sonoraenequipo.com.mx\/api\/wp\/v2\/media\/233538"}],"wp:attachment":[{"href":"https:\/\/www.sonoraenequipo.com.mx\/api\/wp\/v2\/media?parent=233537"}],"wp:term":[{"taxonomy":"category","embeddable":true,"href":"https:\/\/www.sonoraenequipo.com.mx\/api\/wp\/v2\/categories?post=233537"},{"taxonomy":"post_tag","embeddable":true,"href":"https:\/\/www.sonoraenequipo.com.mx\/api\/wp\/v2\/tags?post=233537"}],"curies":[{"name":"wp","href":"https:\/\/api.w.org\/{rel}","templated":true}]}}