{"id":233550,"date":"2026-01-21T15:59:39","date_gmt":"2026-01-21T22:59:39","guid":{"rendered":"https:\/\/www.sonoraenequipo.com.mx\/?p=233550"},"modified":"2026-01-21T17:15:44","modified_gmt":"2026-01-22T00:15:44","slug":"trump-tendria-demencia-frontemporal-y-podria-ser-destituido-advierte-neurologo","status":"publish","type":"post","link":"https:\/\/www.sonoraenequipo.com.mx\/trump-tendria-demencia-frontemporal-y-podria-ser-destituido-advierte-neurologo\/","title":{"rendered":"Trump tendr\u00eda demencia frontemporal y ser destituido, advierte neur\u00f3logo"},"content":{"rendered":"<p>Durante su participaci\u00f3n ayer (20\/01\/2026) en el programa \u201cAstillero\u201d de Julio Astillero. El neur\u00f3logo doctor H\u00e9ctor L. \u00a0Frisbie aborda el tema sobre la salud mental del expresidente de los Estados Unidos, Donald Trump, analizando evidencias que sugieren una posible demencia frontemporal. El especialista inicia la conversaci\u00f3n con una referencia a la regla Goldwater, que proh\u00edbe a los psiquiatras en Estados Unidos, emitir juicios diagn\u00f3sticos sobre figuras pol\u00edticas sin haber evaluado al paciente en persona. A medida que avanza la charla, se describen cambios en el comportamiento, la cognici\u00f3n y las habilidades motoras de Trump, sugiriendo la posibilidad de un deterioro neurodegenerativo. Se citan ejemplos de comportamientos y declaraciones del expresidente que respaldan esta evaluaci\u00f3n, junto con un an\u00e1lisis del deterioro cerebral en base a ejemplos de resonancias magn\u00e9ticas. Finalmente, se proponen las implicaciones pol\u00edticas de su condici\u00f3n de salud, explora la posibilidad de su destituci\u00f3n y compara su estado con el de otros presidentes.<\/p>\n<p>El especialista, Incluso consider\u00f3 la posibilidad de que Trump no llegue a julio como presidente dado la rapidez de ese trastorno degenerativo que es muy agresivo y de mantenerse este en el poder podr\u00eda tomar decisiones peligrosas para miles de personas.<\/p>\n<p>Confabulaci\u00f3n t\u00e9rmino cl\u00ednico: Se define el t\u00e9rmino confabulaci\u00f3n en el contexto cl\u00ednico, describiendo c\u00f3mo esto se puede aplicar a ciertos comportamientos de Trump que son interpretados como mentiras. Pero que en su cerebro son verdad agrado tal que por ello podr\u00eda ser capaz de pasar una prueba en un detector de mentiras.<\/p>\n<p>Tambi\u00e9n observa Frisbie p\u00e9rdida del autocontrol que da lugar a comportamientos inapropiados o impulsivos. Como cuando ha insultado a periodistas luego de hacerle cuestionamientos inc\u00f3modos.<\/p>\n<p><iframe loading=\"lazy\" title=\"Cambios en comportamiento de Trump hacen suponer que padece demencia frontotemporal: Frisbie\" width=\"640\" height=\"360\" src=\"https:\/\/www.youtube.com\/embed\/JedD1Xhn0Bs?feature=oembed\" frameborder=\"0\" allow=\"accelerometer; autoplay; clipboard-write; encrypted-media; gyroscope; picture-in-picture; web-share\" referrerpolicy=\"strict-origin-when-cross-origin\" allowfullscreen><\/iframe><\/p>\n<p><strong>Fecha de publicaci\u00f3n mi\u00e9rcoles 21 de enero de 2026<\/strong><\/p>\n","protected":false},"excerpt":{"rendered":"<p>Durante su participaci\u00f3n ayer (20\/01\/2026) en el programa \u201cAstillero\u201d de Julio Astillero. El neur\u00f3logo doctor&#8230;<\/p>\n","protected":false},"author":6,"featured_media":233553,"comment_status":"open","ping_status":"open","sticky":false,"template":"","format":"standard","meta":{"_monsterinsights_skip_tracking":false,"_monsterinsights_sitenote_active":false,"_monsterinsights_sitenote_note":"","_monsterinsights_sitenote_category":0,"footnotes":""},"categories":[3],"tags":[1898],"class_list":["post"],"yoast_head":" \n<title>Sonora en Equipo. Trump tendr\u00eda demencia frontemporal y ser destituido, advierte neur\u00f3logo MUNDO<\/title>\n<meta name=\"description\" content=\"Durante su participaci\u00f3n ayer (20\/01\/2026) en el programa \u201cAstillero\u201d de Julio Astillero. El neur\u00f3logo doctor H\u00e9ctor L. \u00a0Frisbie aborda el tema sobre la En Sonora en Equipo publicamos toda la informaci\u00f3n de Sonora, M\u00e9xico y el Mundo de manera oportuna y busca que la libertad de expresi\u00f3n sea real. Visita nuestro medio informativo publicado desde Hermosillo, Sonora. %\" \/>\n<meta name=\"robots\" content=\"index, follow, max-snippet:-1, max-image-preview:large, max-video-preview:-1\" \/>\n<link rel=\"canonical\" href=\"https:\/\/www.sonoraenequipo.com.mx\/trump-tendria-demencia-frontemporal-y-podria-ser-destituido-advierte-neurologo\/\" \/>\n<meta property=\"og:locale\" content=\"es_ES\" \/>\n<meta property=\"og:type\" content=\"article\" \/>\n<meta property=\"og:title\" content=\"Sonora en Equipo. Trump tendr\u00eda demencia frontemporal y ser destituido, advierte neur\u00f3logo MUNDO\" \/>\n<meta property=\"og:description\" content=\"Durante su participaci\u00f3n ayer (20\/01\/2026) en el programa \u201cAstillero\u201d de Julio Astillero. El neur\u00f3logo doctor H\u00e9ctor L. \u00a0Frisbie aborda el tema sobre la En Sonora en Equipo publicamos toda la informaci\u00f3n de Sonora, M\u00e9xico y el Mundo de manera oportuna y busca que la libertad de expresi\u00f3n sea real. Visita nuestro medio informativo publicado desde Hermosillo, Sonora. %\" \/>\n<meta property=\"og:url\" content=\"https:\/\/www.sonoraenequipo.com.mx\/trump-tendria-demencia-frontemporal-y-podria-ser-destituido-advierte-neurologo\/\" \/>\n<meta property=\"og:site_name\" content=\"Sonora en Equipo.\" \/>\n<meta property=\"article:publisher\" content=\"https:\/\/www.facebook.com\/SonoraEE\/\" \/>\n<meta property=\"article:published_time\" content=\"2026-01-21T22:59:39+00:00\" \/>\n<meta property=\"article:modified_time\" content=\"2026-01-22T00:15:44+00:00\" \/>\n<meta property=\"og:image\" content=\"https:\/\/www.sonoraenequipo.com.mx\/storage\/2026\/01\/frisbie.jpg\" \/>\n\t<meta property=\"og:image:width\" content=\"600\" \/>\n\t<meta property=\"og:image:height\" content=\"400\" \/>\n\t<meta property=\"og:image:type\" content=\"image\/jpeg\" \/>\n<meta name=\"author\" content=\"Nacho Bandin\" \/>\n<meta name=\"twitter:card\" content=\"summary_large_image\" \/>\n<meta name=\"twitter:creator\" content=\"@sonoraenequipo\" \/>\n<meta name=\"twitter:site\" content=\"@sonoraenequipo\" \/>\n<meta name=\"twitter:label1\" content=\"Escrito por\" \/>\n\t<meta name=\"twitter:data1\" content=\"Nacho Bandin\" \/>\n\t<meta name=\"twitter:label2\" content=\"Tiempo de lectura\" \/>\n\t<meta name=\"twitter:data2\" content=\"2 minutos\" \/>\n<script type=\"application\/ld+json\" class=\"yoast-schema-graph\">{\"@context\":\"https:\/\/schema.org\",\"@graph\":[{\"@type\":\"Article\",\"@id\":\"https:\/\/www.sonoraenequipo.com.mx\/trump-tendria-demencia-frontemporal-y-podria-ser-destituido-advierte-neurologo\/#article\",\"isPartOf\":{\"@id\":\"https:\/\/www.sonoraenequipo.com.mx\/trump-tendria-demencia-frontemporal-y-podria-ser-destituido-advierte-neurologo\/\"},\"author\":{\"name\":\"Nacho Bandin\",\"@id\":\"https:\/\/www.sonoraenequipo.com.mx\/#\/schema\/person\/fbd9952aca28efec00f1fb7fa9428cad\"},\"headline\":\"Trump tendr\u00eda demencia frontemporal y ser destituido, advierte neur\u00f3logo\",\"datePublished\":\"2026-01-21T22:59:39+00:00\",\"dateModified\":\"2026-01-22T00:15:44+00:00\",\"mainEntityOfPage\":{\"@id\":\"https:\/\/www.sonoraenequipo.com.mx\/trump-tendria-demencia-frontemporal-y-podria-ser-destituido-advierte-neurologo\/\"},\"wordCount\":323,\"commentCount\":0,\"publisher\":{\"@id\":\"https:\/\/www.sonoraenequipo.com.mx\/#organization\"},\"image\":{\"@id\":\"https:\/\/www.sonoraenequipo.com.mx\/trump-tendria-demencia-frontemporal-y-podria-ser-destituido-advierte-neurologo\/#primaryimage\"},\"thumbnailUrl\":\"https:\/\/www.sonoraenequipo.com.mx\/storage\/2026\/01\/frisbie.jpg\",\"keywords\":[\"Trump\"],\"articleSection\":[\"MUNDO\"],\"inLanguage\":\"es\",\"potentialAction\":[{\"@type\":\"CommentAction\",\"name\":\"Comment\",\"target\":[\"https:\/\/www.sonoraenequipo.com.mx\/trump-tendria-demencia-frontemporal-y-podria-ser-destituido-advierte-neurologo\/#respond\"]}]},{\"@type\":\"WebPage\",\"@id\":\"https:\/\/www.sonoraenequipo.com.mx\/trump-tendria-demencia-frontemporal-y-podria-ser-destituido-advierte-neurologo\/\",\"url\":\"https:\/\/www.sonoraenequipo.com.mx\/trump-tendria-demencia-frontemporal-y-podria-ser-destituido-advierte-neurologo\/\",\"name\":\"Sonora en Equipo. Trump tendr\u00eda demencia frontemporal y ser destituido, advierte neur\u00f3logo MUNDO\",\"isPartOf\":{\"@id\":\"https:\/\/www.sonoraenequipo.com.mx\/#website\"},\"primaryImageOfPage\":{\"@id\":\"https:\/\/www.sonoraenequipo.com.mx\/trump-tendria-demencia-frontemporal-y-podria-ser-destituido-advierte-neurologo\/#primaryimage\"},\"image\":{\"@id\":\"https:\/\/www.sonoraenequipo.com.mx\/trump-tendria-demencia-frontemporal-y-podria-ser-destituido-advierte-neurologo\/#primaryimage\"},\"thumbnailUrl\":\"https:\/\/www.sonoraenequipo.com.mx\/storage\/2026\/01\/frisbie.jpg\",\"datePublished\":\"2026-01-21T22:59:39+00:00\",\"dateModified\":\"2026-01-22T00:15:44+00:00\",\"description\":\"Durante su participaci\u00f3n ayer (20\/01\/2026) en el programa \u201cAstillero\u201d de Julio Astillero. El neur\u00f3logo doctor H\u00e9ctor L. \u00a0Frisbie aborda el tema sobre la En Sonora en Equipo publicamos toda la informaci\u00f3n de Sonora, M\u00e9xico y el Mundo de manera oportuna y busca que la libertad de expresi\u00f3n sea real. Visita nuestro medio informativo publicado desde Hermosillo, Sonora. %\",\"breadcrumb\":{\"@id\":\"https:\/\/www.sonoraenequipo.com.mx\/trump-tendria-demencia-frontemporal-y-podria-ser-destituido-advierte-neurologo\/#breadcrumb\"},\"inLanguage\":\"es\",\"potentialAction\":[{\"@type\":\"ReadAction\",\"target\":[\"https:\/\/www.sonoraenequipo.com.mx\/trump-tendria-demencia-frontemporal-y-podria-ser-destituido-advierte-neurologo\/\"]}]},{\"@type\":\"ImageObject\",\"inLanguage\":\"es\",\"@id\":\"https:\/\/www.sonoraenequipo.com.mx\/trump-tendria-demencia-frontemporal-y-podria-ser-destituido-advierte-neurologo\/#primaryimage\",\"url\":\"https:\/\/www.sonoraenequipo.com.mx\/storage\/2026\/01\/frisbie.jpg\",\"contentUrl\":\"https:\/\/www.sonoraenequipo.com.mx\/storage\/2026\/01\/frisbie.jpg\",\"width\":600,\"height\":400},{\"@type\":\"BreadcrumbList\",\"@id\":\"https:\/\/www.sonoraenequipo.com.mx\/trump-tendria-demencia-frontemporal-y-podria-ser-destituido-advierte-neurologo\/#breadcrumb\",\"itemListElement\":[{\"@type\":\"ListItem\",\"position\":1,\"name\":\"Portada\",\"item\":\"https:\/\/www.sonoraenequipo.com.mx\/\"},{\"@type\":\"ListItem\",\"position\":2,\"name\":\"Trump tendr\u00eda demencia frontemporal y ser destituido, advierte neur\u00f3logo\"}]},{\"@type\":\"WebSite\",\"@id\":\"https:\/\/www.sonoraenequipo.com.mx\/#website\",\"url\":\"https:\/\/www.sonoraenequipo.com.mx\/\",\"name\":\"Sonora en Equipo.\",\"description\":\"Diario en l\u00ednea con Noticias desde Hermosillo, Sonora\",\"publisher\":{\"@id\":\"https:\/\/www.sonoraenequipo.com.mx\/#organization\"},\"potentialAction\":[{\"@type\":\"SearchAction\",\"target\":{\"@type\":\"EntryPoint\",\"urlTemplate\":\"https:\/\/www.sonoraenequipo.com.mx\/?s={search_term_string}\"},\"query-input\":{\"@type\":\"PropertyValueSpecification\",\"valueRequired\":true,\"valueName\":\"search_term_string\"}}],\"inLanguage\":\"es\"},{\"@type\":\"Organization\",\"@id\":\"https:\/\/www.sonoraenequipo.com.mx\/#organization\",\"name\":\"Sonoraenequipo.com.mx\",\"url\":\"https:\/\/www.sonoraenequipo.com.mx\/\",\"logo\":{\"@type\":\"ImageObject\",\"inLanguage\":\"es\",\"@id\":\"https:\/\/www.sonoraenequipo.com.mx\/#\/schema\/logo\/image\/\",\"url\":\"https:\/\/www.sonoraenequipo.com.mx\/storage\/2019\/01\/sonoraenequipo_opt.png\",\"contentUrl\":\"https:\/\/www.sonoraenequipo.com.mx\/storage\/2019\/01\/sonoraenequipo_opt.png\",\"width\":375,\"height\":125,\"caption\":\"Sonoraenequipo.com.mx\"},\"image\":{\"@id\":\"https:\/\/www.sonoraenequipo.com.mx\/#\/schema\/logo\/image\/\"},\"sameAs\":[\"https:\/\/www.facebook.com\/SonoraEE\/\",\"https:\/\/x.com\/sonoraenequipo\",\"https:\/\/www.youtube.com\/channel\/UC338nW-lPEYmJQs4ZABQ1SQ\"]},{\"@type\":\"Person\",\"@id\":\"https:\/\/www.sonoraenequipo.com.mx\/#\/schema\/person\/fbd9952aca28efec00f1fb7fa9428cad\",\"name\":\"Nacho Bandin\",\"image\":{\"@type\":\"ImageObject\",\"inLanguage\":\"es\",\"@id\":\"https:\/\/www.sonoraenequipo.com.mx\/#\/schema\/person\/image\/\",\"url\":\"https:\/\/secure.gravatar.com\/avatar\/aa8b9910cb9aca6bb907bea274a87d80d1290d00069310f251740e3ee0bf15f1?s=96&d=blank&r=g\",\"contentUrl\":\"https:\/\/secure.gravatar.com\/avatar\/aa8b9910cb9aca6bb907bea274a87d80d1290d00069310f251740e3ee0bf15f1?s=96&d=blank&r=g\",\"caption\":\"Nacho Bandin\"},\"sameAs\":[\"http:\/\/sonoraenequipo.com.mx\"]}]}<\/script>\n ","yoast_head_json":{"title":"Sonora en Equipo. Trump tendr\u00eda demencia frontemporal y ser destituido, advierte neur\u00f3logo MUNDO","description":"Durante su participaci\u00f3n ayer (20\/01\/2026) en el programa \u201cAstillero\u201d de Julio Astillero. El neur\u00f3logo doctor H\u00e9ctor L. \u00a0Frisbie aborda el tema sobre la En Sonora en Equipo publicamos toda la informaci\u00f3n de Sonora, M\u00e9xico y el Mundo de manera oportuna y busca que la libertad de expresi\u00f3n sea real. Visita nuestro medio informativo publicado desde Hermosillo, Sonora. %","robots":{"index":"index","follow":"follow","max-snippet":"max-snippet:-1","max-image-preview":"max-image-preview:large","max-video-preview":"max-video-preview:-1"},"canonical":"https:\/\/www.sonoraenequipo.com.mx\/trump-tendria-demencia-frontemporal-y-podria-ser-destituido-advierte-neurologo\/","og_locale":"es_ES","og_type":"article","og_title":"Sonora en Equipo. Trump tendr\u00eda demencia frontemporal y ser destituido, advierte neur\u00f3logo MUNDO","og_description":"Durante su participaci\u00f3n ayer (20\/01\/2026) en el programa \u201cAstillero\u201d de Julio Astillero. El neur\u00f3logo doctor H\u00e9ctor L. \u00a0Frisbie aborda el tema sobre la En Sonora en Equipo publicamos toda la informaci\u00f3n de Sonora, M\u00e9xico y el Mundo de manera oportuna y busca que la libertad de expresi\u00f3n sea real. Visita nuestro medio informativo publicado desde Hermosillo, Sonora. %","og_url":"https:\/\/www.sonoraenequipo.com.mx\/trump-tendria-demencia-frontemporal-y-podria-ser-destituido-advierte-neurologo\/","og_site_name":"Sonora en Equipo.","article_publisher":"https:\/\/www.facebook.com\/SonoraEE\/","article_published_time":"2026-01-21T22:59:39+00:00","article_modified_time":"2026-01-22T00:15:44+00:00","og_image":[{"width":600,"height":400,"url":"https:\/\/www.sonoraenequipo.com.mx\/storage\/2026\/01\/frisbie.jpg","type":"image\/jpeg"}],"author":"Nacho Bandin","twitter_card":"summary_large_image","twitter_creator":"@sonoraenequipo","twitter_site":"@sonoraenequipo","twitter_misc":{"Escrito por":"Nacho Bandin","Tiempo de lectura":"2 minutos"},"schema":{"@context":"https:\/\/schema.org","@graph":[{"@type":"Article","@id":"https:\/\/www.sonoraenequipo.com.mx\/trump-tendria-demencia-frontemporal-y-podria-ser-destituido-advierte-neurologo\/#article","isPartOf":{"@id":"https:\/\/www.sonoraenequipo.com.mx\/trump-tendria-demencia-frontemporal-y-podria-ser-destituido-advierte-neurologo\/"},"author":{"name":"Nacho Bandin","@id":"https:\/\/www.sonoraenequipo.com.mx\/#\/schema\/person\/fbd9952aca28efec00f1fb7fa9428cad"},"headline":"Trump tendr\u00eda demencia frontemporal y ser destituido, advierte neur\u00f3logo","datePublished":"2026-01-21T22:59:39+00:00","dateModified":"2026-01-22T00:15:44+00:00","mainEntityOfPage":{"@id":"https:\/\/www.sonoraenequipo.com.mx\/trump-tendria-demencia-frontemporal-y-podria-ser-destituido-advierte-neurologo\/"},"wordCount":323,"commentCount":0,"publisher":{"@id":"https:\/\/www.sonoraenequipo.com.mx\/#organization"},"image":{"@id":"https:\/\/www.sonoraenequipo.com.mx\/trump-tendria-demencia-frontemporal-y-podria-ser-destituido-advierte-neurologo\/#primaryimage"},"thumbnailUrl":"https:\/\/www.sonoraenequipo.com.mx\/storage\/2026\/01\/frisbie.jpg","keywords":["Trump"],"articleSection":["MUNDO"],"inLanguage":"es","potentialAction":[{"@type":"CommentAction","name":"Comment","target":["https:\/\/www.sonoraenequipo.com.mx\/trump-tendria-demencia-frontemporal-y-podria-ser-destituido-advierte-neurologo\/#respond"]}]},{"@type":"WebPage","@id":"https:\/\/www.sonoraenequipo.com.mx\/trump-tendria-demencia-frontemporal-y-podria-ser-destituido-advierte-neurologo\/","url":"https:\/\/www.sonoraenequipo.com.mx\/trump-tendria-demencia-frontemporal-y-podria-ser-destituido-advierte-neurologo\/","name":"Sonora en Equipo. Trump tendr\u00eda demencia frontemporal y ser destituido, advierte neur\u00f3logo MUNDO","isPartOf":{"@id":"https:\/\/www.sonoraenequipo.com.mx\/#website"},"primaryImageOfPage":{"@id":"https:\/\/www.sonoraenequipo.com.mx\/trump-tendria-demencia-frontemporal-y-podria-ser-destituido-advierte-neurologo\/#primaryimage"},"image":{"@id":"https:\/\/www.sonoraenequipo.com.mx\/trump-tendria-demencia-frontemporal-y-podria-ser-destituido-advierte-neurologo\/#primaryimage"},"thumbnailUrl":"https:\/\/www.sonoraenequipo.com.mx\/storage\/2026\/01\/frisbie.jpg","datePublished":"2026-01-21T22:59:39+00:00","dateModified":"2026-01-22T00:15:44+00:00","description":"Durante su participaci\u00f3n ayer (20\/01\/2026) en el programa \u201cAstillero\u201d de Julio Astillero. El neur\u00f3logo doctor H\u00e9ctor L. \u00a0Frisbie aborda el tema sobre la En Sonora en Equipo publicamos toda la informaci\u00f3n de Sonora, M\u00e9xico y el Mundo de manera oportuna y busca que la libertad de expresi\u00f3n sea real. Visita nuestro medio informativo publicado desde Hermosillo, Sonora. %","breadcrumb":{"@id":"https:\/\/www.sonoraenequipo.com.mx\/trump-tendria-demencia-frontemporal-y-podria-ser-destituido-advierte-neurologo\/#breadcrumb"},"inLanguage":"es","potentialAction":[{"@type":"ReadAction","target":["https:\/\/www.sonoraenequipo.com.mx\/trump-tendria-demencia-frontemporal-y-podria-ser-destituido-advierte-neurologo\/"]}]},{"@type":"ImageObject","inLanguage":"es","@id":"https:\/\/www.sonoraenequipo.com.mx\/trump-tendria-demencia-frontemporal-y-podria-ser-destituido-advierte-neurologo\/#primaryimage","url":"https:\/\/www.sonoraenequipo.com.mx\/storage\/2026\/01\/frisbie.jpg","contentUrl":"https:\/\/www.sonoraenequipo.com.mx\/storage\/2026\/01\/frisbie.jpg","width":600,"height":400},{"@type":"BreadcrumbList","@id":"https:\/\/www.sonoraenequipo.com.mx\/trump-tendria-demencia-frontemporal-y-podria-ser-destituido-advierte-neurologo\/#breadcrumb","itemListElement":[{"@type":"ListItem","position":1,"name":"Portada","item":"https:\/\/www.sonoraenequipo.com.mx\/"},{"@type":"ListItem","position":2,"name":"Trump tendr\u00eda demencia frontemporal y ser destituido, advierte neur\u00f3logo"}]},{"@type":"WebSite","@id":"https:\/\/www.sonoraenequipo.com.mx\/#website","url":"https:\/\/www.sonoraenequipo.com.mx\/","name":"Sonora en Equipo.","description":"Diario en l\u00ednea con Noticias desde Hermosillo, Sonora","publisher":{"@id":"https:\/\/www.sonoraenequipo.com.mx\/#organization"},"potentialAction":[{"@type":"SearchAction","target":{"@type":"EntryPoint","urlTemplate":"https:\/\/www.sonoraenequipo.com.mx\/?s={search_term_string}"},"query-input":{"@type":"PropertyValueSpecification","valueRequired":true,"valueName":"search_term_string"}}],"inLanguage":"es"},{"@type":"Organization","@id":"https:\/\/www.sonoraenequipo.com.mx\/#organization","name":"Sonoraenequipo.com.mx","url":"https:\/\/www.sonoraenequipo.com.mx\/","logo":{"@type":"ImageObject","inLanguage":"es","@id":"https:\/\/www.sonoraenequipo.com.mx\/#\/schema\/logo\/image\/","url":"https:\/\/www.sonoraenequipo.com.mx\/storage\/2019\/01\/sonoraenequipo_opt.png","contentUrl":"https:\/\/www.sonoraenequipo.com.mx\/storage\/2019\/01\/sonoraenequipo_opt.png","width":375,"height":125,"caption":"Sonoraenequipo.com.mx"},"image":{"@id":"https:\/\/www.sonoraenequipo.com.mx\/#\/schema\/logo\/image\/"},"sameAs":["https:\/\/www.facebook.com\/SonoraEE\/","https:\/\/x.com\/sonoraenequipo","https:\/\/www.youtube.com\/channel\/UC338nW-lPEYmJQs4ZABQ1SQ"]},{"@type":"Person","@id":"https:\/\/www.sonoraenequipo.com.mx\/#\/schema\/person\/fbd9952aca28efec00f1fb7fa9428cad","name":"Nacho Bandin","image":{"@type":"ImageObject","inLanguage":"es","@id":"https:\/\/www.sonoraenequipo.com.mx\/#\/schema\/person\/image\/","url":"https:\/\/secure.gravatar.com\/avatar\/aa8b9910cb9aca6bb907bea274a87d80d1290d00069310f251740e3ee0bf15f1?s=96&d=blank&r=g","contentUrl":"https:\/\/secure.gravatar.com\/avatar\/aa8b9910cb9aca6bb907bea274a87d80d1290d00069310f251740e3ee0bf15f1?s=96&d=blank&r=g","caption":"Nacho Bandin"},"sameAs":["http:\/\/sonoraenequipo.com.mx"]}]}},"jetpack_featured_media_url":"https:\/\/www.sonoraenequipo.com.mx\/storage\/2026\/01\/frisbie.jpg","_links":{"self":[{"href":"https:\/\/www.sonoraenequipo.com.mx\/api\/wp\/v2\/posts\/233550","targetHints":{"allow":["GET"]}}],"collection":[{"href":"https:\/\/www.sonoraenequipo.com.mx\/api\/wp\/v2\/posts"}],"about":[{"href":"https:\/\/www.sonoraenequipo.com.mx\/api\/wp\/v2\/types\/post"}],"author":[{"embeddable":true,"href":"https:\/\/www.sonoraenequipo.com.mx\/api\/wp\/v2\/users\/6"}],"replies":[{"embeddable":true,"href":"https:\/\/www.sonoraenequipo.com.mx\/api\/wp\/v2\/comments?post=233550"}],"version-history":[{"count":3,"href":"https:\/\/www.sonoraenequipo.com.mx\/api\/wp\/v2\/posts\/233550\/revisions"}],"predecessor-version":[{"id":233579,"href":"https:\/\/www.sonoraenequipo.com.mx\/api\/wp\/v2\/posts\/233550\/revisions\/233579"}],"wp:featuredmedia":[{"embeddable":true,"href":"https:\/\/www.sonoraenequipo.com.mx\/api\/wp\/v2\/media\/233553"}],"wp:attachment":[{"href":"https:\/\/www.sonoraenequipo.com.mx\/api\/wp\/v2\/media?parent=233550"}],"wp:term":[{"taxonomy":"category","embeddable":true,"href":"https:\/\/www.sonoraenequipo.com.mx\/api\/wp\/v2\/categories?post=233550"},{"taxonomy":"post_tag","embeddable":true,"href":"https:\/\/www.sonoraenequipo.com.mx\/api\/wp\/v2\/tags?post=233550"}],"curies":[{"name":"wp","href":"https:\/\/api.w.org\/{rel}","templated":true}]}}