{"id":233571,"date":"2026-01-21T12:32:26","date_gmt":"2026-01-21T19:32:26","guid":{"rendered":"https:\/\/www.sonoraenequipo.com.mx\/?p=233571"},"modified":"2026-01-21T17:11:59","modified_gmt":"2026-01-22T00:11:59","slug":"delcy-rodriguez-pactara-en-washington-la-nueva-era-de-venezuela-con-trump","status":"publish","type":"post","link":"https:\/\/www.sonoraenequipo.com.mx\/delcy-rodriguez-pactara-en-washington-la-nueva-era-de-venezuela-con-trump\/","title":{"rendered":"Delcy Rodr\u00edguez pactar\u00e1 en Washington la nueva era de Venezuela con Trump"},"content":{"rendered":"<p><strong>CARACAS, VENEZUELA. \u2014<\/strong> La presidenta encargada de Venezuela, Delcy Rodr\u00edguez, tiene previsto visitar Washington tras la captura y deposici\u00f3n del ex presidente Nicol\u00e1s Maduro por fuerzas de Estados Unidos, inform\u00f3 este mi\u00e9rcoles un funcionario de la Casa Blanca, sin detallar fechas o agenda de la l\u00edder chavista.<\/p>\n<p>&nbsp;<\/p>\n<p>&nbsp;<\/p>\n<p>&nbsp;<\/p>\n<p> <\/p>\n<p>El anuncio sobre el viaje de Rodr\u00edguez se produce d\u00edas despu\u00e9s de una reuni\u00f3n entre Donald Trump y la l\u00edder opositora venezolana y Premio Nobel de la Paz, Mar\u00eda Corina Machado, a la que el mandatario estadunidense ha excluido de momento del proceso de transici\u00f3n en ese pa\u00eds por considerar que no cuenta con suficientes apoyos.<\/p>\n<p>&nbsp;<\/p>\n<p>&nbsp;<\/p>\n<p>En su lugar, Trump ha respaldado al nuevo Gobierno de Rodr\u00edguez, al asegurar que este funciona bajo tutela de su Administraci\u00f3n y est\u00e1 cumpliendo con todas las exigencias de Washington, incluido el acceso al sector petrolero venezolano y el env\u00edo de millones de barriles de crudo hacia Estados Unidos para su comercializaci\u00f3n.<\/p>\n<p>&nbsp;<\/p>\n<p>&nbsp;<\/p>\n<p>Sin embargo, el martes el republicano afirm\u00f3 que podr\u00eda <em><strong>\u00abinvolucrar\u00bb<\/strong><\/em> de alguna manera a Machado en el futuro de Venezuela y declar\u00f3 que era una mujer <em><strong>\u00abincre\u00edble\u00bb<\/strong><\/em> que <em><strong>\u00abhizo algo extraordinario\u00bb<\/strong><\/em>, en referencia al gesto de la activista, que le obsequi\u00f3 la medalla de su Premio Nobel de la Paz durante su visita a la Casa Blanca.<\/p>\n<p>&nbsp;<\/p>\n<p>&nbsp;<\/p>\n<p>&nbsp;<\/p>\n<p><em><strong>\u00abEstaba en contra de Venezuela, pero ahora me encanta Venezuela\u00bb,<\/strong><\/em> dijo Trump en la misma rueda de prensa, donde agreg\u00f3 que ha estado <em><strong>\u00abtrabajando muy bien\u00bb con la nueva Administraci\u00f3n de Rodr\u00edguez y asegur\u00f3 que la ex vicepresidenta de Maduro ha liberado a \u00abmuchos presos pol\u00edticos\u00bb.<\/strong><\/em><\/p>\n<p>&nbsp;<\/p>\n<p>&nbsp;<\/p>\n<p>&nbsp;<\/p>\n<p>El mismo d\u00eda del encuentro entre Trump y Machado, el pasado jueves, la presidenta encargada venezolana se reuni\u00f3 en Caracas con el director de la CIA, John Ratcliffe con quien abord\u00f3 temas de seguridad y oportunidades de cooperaci\u00f3n econ\u00f3mica en un esfuerzo por acercar<\/p>\n<p>&nbsp;<\/p>\n<p>&nbsp;<\/p>\n<p>Ratcliffe es el funcionario estadunidense de m\u00e1s alto rango y el primer miembro del Gabinete de Trump que visita Venezuela tras la operaci\u00f3n militar del 3 de enero que result\u00f3 en la captura y traslado de Maduro y su esposa a Nueva York para ser enjuiciados por narcoterrorismo.<\/p>\n<p>&nbsp;<\/p>\n<p>&nbsp;<\/p>\n<p>Rodr\u00edguez ha dicho que si le tocara visitar Washington como l\u00edder de Venezuela lo har\u00eda <strong><em>\u00abde pie, caminando, no arrastrada\u00bb.<\/em><\/strong><\/p>\n<p>&nbsp;<\/p>\n<p>&nbsp;<\/p>\n<p>Machado, por su parte, ha asegurado que la gobernante chavista no representa al pueblo de su pa\u00eds, afirm\u00f3 que el Gobierno interino venezolano est\u00e1 \u00abhaciendo parte del trabajo sucio\u00bb de \u00abesta fase compleja\u00bb, y asegur\u00f3 confiar en que habr\u00e1 una \u00abtransici\u00f3n ordenada\u00bb en Venezuela.<\/p>\n<p>&nbsp;<\/p>\n<p>&nbsp;<\/p>\n<p>PUBLICADO EL 21 ENERO DE 2026 Con informaci\u00f3n de Agencias)<\/p>\n","protected":false},"excerpt":{"rendered":"<p>CARACAS, VENEZUELA. \u2014 La presidenta encargada de Venezuela, Delcy Rodr\u00edguez, tiene previsto visitar Washington tras&#8230;<\/p>\n","protected":false},"author":1,"featured_media":233568,"comment_status":"open","ping_status":"open","sticky":false,"template":"","format":"standard","meta":{"_monsterinsights_skip_tracking":false,"_monsterinsights_sitenote_active":false,"_monsterinsights_sitenote_note":"","_monsterinsights_sitenote_category":0,"footnotes":""},"categories":[3],"tags":[],"class_list":["post"],"yoast_head":" \n<title>Sonora en Equipo. Delcy Rodr\u00edguez pactar\u00e1 en Washington la nueva era de Venezuela con Trump MUNDO<\/title>\n<meta name=\"description\" content=\"CARACAS, VENEZUELA. \u2014 La presidenta encargada de Venezuela, Delcy Rodr\u00edguez, tiene previsto visitar Washington tras la captura y deposici\u00f3n del ex En Sonora en Equipo publicamos toda la informaci\u00f3n de Sonora, M\u00e9xico y el Mundo de manera oportuna y busca que la libertad de expresi\u00f3n sea real. Visita nuestro medio informativo publicado desde Hermosillo, Sonora. %\" \/>\n<meta name=\"robots\" content=\"index, follow, max-snippet:-1, max-image-preview:large, max-video-preview:-1\" \/>\n<link rel=\"canonical\" href=\"https:\/\/www.sonoraenequipo.com.mx\/delcy-rodriguez-pactara-en-washington-la-nueva-era-de-venezuela-con-trump\/\" \/>\n<meta property=\"og:locale\" content=\"es_ES\" \/>\n<meta property=\"og:type\" content=\"article\" \/>\n<meta property=\"og:title\" content=\"Sonora en Equipo. Delcy Rodr\u00edguez pactar\u00e1 en Washington la nueva era de Venezuela con Trump MUNDO\" \/>\n<meta property=\"og:description\" content=\"CARACAS, VENEZUELA. \u2014 La presidenta encargada de Venezuela, Delcy Rodr\u00edguez, tiene previsto visitar Washington tras la captura y deposici\u00f3n del ex En Sonora en Equipo publicamos toda la informaci\u00f3n de Sonora, M\u00e9xico y el Mundo de manera oportuna y busca que la libertad de expresi\u00f3n sea real. Visita nuestro medio informativo publicado desde Hermosillo, Sonora. %\" \/>\n<meta property=\"og:url\" content=\"https:\/\/www.sonoraenequipo.com.mx\/delcy-rodriguez-pactara-en-washington-la-nueva-era-de-venezuela-con-trump\/\" \/>\n<meta property=\"og:site_name\" content=\"Sonora en Equipo.\" \/>\n<meta property=\"article:publisher\" content=\"https:\/\/www.facebook.com\/SonoraEE\/\" \/>\n<meta property=\"article:author\" content=\"https:\/\/www.facebook.com\/SonoraEE\" \/>\n<meta property=\"article:published_time\" content=\"2026-01-21T19:32:26+00:00\" \/>\n<meta property=\"article:modified_time\" content=\"2026-01-22T00:11:59+00:00\" \/>\n<meta property=\"og:image\" content=\"https:\/\/www.sonoraenequipo.com.mx\/storage\/2026\/01\/nancy-rodriguez-1.jpg\" \/>\n\t<meta property=\"og:image:width\" content=\"1000\" \/>\n\t<meta property=\"og:image:height\" content=\"666\" \/>\n\t<meta property=\"og:image:type\" content=\"image\/jpeg\" \/>\n<meta name=\"author\" content=\"enequipo\" \/>\n<meta name=\"twitter:card\" content=\"summary_large_image\" \/>\n<meta name=\"twitter:creator\" content=\"@sonoraenequipo\" \/>\n<meta name=\"twitter:site\" content=\"@sonoraenequipo\" \/>\n<meta name=\"twitter:label1\" content=\"Escrito por\" \/>\n\t<meta name=\"twitter:data1\" content=\"enequipo\" \/>\n\t<meta name=\"twitter:label2\" content=\"Tiempo de lectura\" \/>\n\t<meta name=\"twitter:data2\" content=\"2 minutos\" \/>\n<script type=\"application\/ld+json\" class=\"yoast-schema-graph\">{\"@context\":\"https:\/\/schema.org\",\"@graph\":[{\"@type\":\"Article\",\"@id\":\"https:\/\/www.sonoraenequipo.com.mx\/delcy-rodriguez-pactara-en-washington-la-nueva-era-de-venezuela-con-trump\/#article\",\"isPartOf\":{\"@id\":\"https:\/\/www.sonoraenequipo.com.mx\/delcy-rodriguez-pactara-en-washington-la-nueva-era-de-venezuela-con-trump\/\"},\"author\":{\"name\":\"enequipo\",\"@id\":\"https:\/\/www.sonoraenequipo.com.mx\/#\/schema\/person\/50102df0fb23a8fa9e8effad8fa81386\"},\"headline\":\"Delcy Rodr\u00edguez pactar\u00e1 en Washington la nueva era de Venezuela con Trump\",\"datePublished\":\"2026-01-21T19:32:26+00:00\",\"dateModified\":\"2026-01-22T00:11:59+00:00\",\"mainEntityOfPage\":{\"@id\":\"https:\/\/www.sonoraenequipo.com.mx\/delcy-rodriguez-pactara-en-washington-la-nueva-era-de-venezuela-con-trump\/\"},\"wordCount\":487,\"commentCount\":0,\"publisher\":{\"@id\":\"https:\/\/www.sonoraenequipo.com.mx\/#organization\"},\"image\":{\"@id\":\"https:\/\/www.sonoraenequipo.com.mx\/delcy-rodriguez-pactara-en-washington-la-nueva-era-de-venezuela-con-trump\/#primaryimage\"},\"thumbnailUrl\":\"https:\/\/www.sonoraenequipo.com.mx\/storage\/2026\/01\/nancy-rodriguez-1.jpg\",\"articleSection\":[\"MUNDO\"],\"inLanguage\":\"es\",\"potentialAction\":[{\"@type\":\"CommentAction\",\"name\":\"Comment\",\"target\":[\"https:\/\/www.sonoraenequipo.com.mx\/delcy-rodriguez-pactara-en-washington-la-nueva-era-de-venezuela-con-trump\/#respond\"]}]},{\"@type\":\"WebPage\",\"@id\":\"https:\/\/www.sonoraenequipo.com.mx\/delcy-rodriguez-pactara-en-washington-la-nueva-era-de-venezuela-con-trump\/\",\"url\":\"https:\/\/www.sonoraenequipo.com.mx\/delcy-rodriguez-pactara-en-washington-la-nueva-era-de-venezuela-con-trump\/\",\"name\":\"Sonora en Equipo. Delcy Rodr\u00edguez pactar\u00e1 en Washington la nueva era de Venezuela con Trump MUNDO\",\"isPartOf\":{\"@id\":\"https:\/\/www.sonoraenequipo.com.mx\/#website\"},\"primaryImageOfPage\":{\"@id\":\"https:\/\/www.sonoraenequipo.com.mx\/delcy-rodriguez-pactara-en-washington-la-nueva-era-de-venezuela-con-trump\/#primaryimage\"},\"image\":{\"@id\":\"https:\/\/www.sonoraenequipo.com.mx\/delcy-rodriguez-pactara-en-washington-la-nueva-era-de-venezuela-con-trump\/#primaryimage\"},\"thumbnailUrl\":\"https:\/\/www.sonoraenequipo.com.mx\/storage\/2026\/01\/nancy-rodriguez-1.jpg\",\"datePublished\":\"2026-01-21T19:32:26+00:00\",\"dateModified\":\"2026-01-22T00:11:59+00:00\",\"description\":\"CARACAS, VENEZUELA. \u2014 La presidenta encargada de Venezuela, Delcy Rodr\u00edguez, tiene previsto visitar Washington tras la captura y deposici\u00f3n del ex En Sonora en Equipo publicamos toda la informaci\u00f3n de Sonora, M\u00e9xico y el Mundo de manera oportuna y busca que la libertad de expresi\u00f3n sea real. Visita nuestro medio informativo publicado desde Hermosillo, Sonora. %\",\"breadcrumb\":{\"@id\":\"https:\/\/www.sonoraenequipo.com.mx\/delcy-rodriguez-pactara-en-washington-la-nueva-era-de-venezuela-con-trump\/#breadcrumb\"},\"inLanguage\":\"es\",\"potentialAction\":[{\"@type\":\"ReadAction\",\"target\":[\"https:\/\/www.sonoraenequipo.com.mx\/delcy-rodriguez-pactara-en-washington-la-nueva-era-de-venezuela-con-trump\/\"]}]},{\"@type\":\"ImageObject\",\"inLanguage\":\"es\",\"@id\":\"https:\/\/www.sonoraenequipo.com.mx\/delcy-rodriguez-pactara-en-washington-la-nueva-era-de-venezuela-con-trump\/#primaryimage\",\"url\":\"https:\/\/www.sonoraenequipo.com.mx\/storage\/2026\/01\/nancy-rodriguez-1.jpg\",\"contentUrl\":\"https:\/\/www.sonoraenequipo.com.mx\/storage\/2026\/01\/nancy-rodriguez-1.jpg\",\"width\":1000,\"height\":666},{\"@type\":\"BreadcrumbList\",\"@id\":\"https:\/\/www.sonoraenequipo.com.mx\/delcy-rodriguez-pactara-en-washington-la-nueva-era-de-venezuela-con-trump\/#breadcrumb\",\"itemListElement\":[{\"@type\":\"ListItem\",\"position\":1,\"name\":\"Portada\",\"item\":\"https:\/\/www.sonoraenequipo.com.mx\/\"},{\"@type\":\"ListItem\",\"position\":2,\"name\":\"Delcy Rodr\u00edguez pactar\u00e1 en Washington la nueva era de Venezuela con Trump\"}]},{\"@type\":\"WebSite\",\"@id\":\"https:\/\/www.sonoraenequipo.com.mx\/#website\",\"url\":\"https:\/\/www.sonoraenequipo.com.mx\/\",\"name\":\"Sonora en Equipo.\",\"description\":\"Diario en l\u00ednea con Noticias desde Hermosillo, Sonora\",\"publisher\":{\"@id\":\"https:\/\/www.sonoraenequipo.com.mx\/#organization\"},\"potentialAction\":[{\"@type\":\"SearchAction\",\"target\":{\"@type\":\"EntryPoint\",\"urlTemplate\":\"https:\/\/www.sonoraenequipo.com.mx\/?s={search_term_string}\"},\"query-input\":{\"@type\":\"PropertyValueSpecification\",\"valueRequired\":true,\"valueName\":\"search_term_string\"}}],\"inLanguage\":\"es\"},{\"@type\":\"Organization\",\"@id\":\"https:\/\/www.sonoraenequipo.com.mx\/#organization\",\"name\":\"Sonoraenequipo.com.mx\",\"url\":\"https:\/\/www.sonoraenequipo.com.mx\/\",\"logo\":{\"@type\":\"ImageObject\",\"inLanguage\":\"es\",\"@id\":\"https:\/\/www.sonoraenequipo.com.mx\/#\/schema\/logo\/image\/\",\"url\":\"https:\/\/www.sonoraenequipo.com.mx\/storage\/2019\/01\/sonoraenequipo_opt.png\",\"contentUrl\":\"https:\/\/www.sonoraenequipo.com.mx\/storage\/2019\/01\/sonoraenequipo_opt.png\",\"width\":375,\"height\":125,\"caption\":\"Sonoraenequipo.com.mx\"},\"image\":{\"@id\":\"https:\/\/www.sonoraenequipo.com.mx\/#\/schema\/logo\/image\/\"},\"sameAs\":[\"https:\/\/www.facebook.com\/SonoraEE\/\",\"https:\/\/x.com\/sonoraenequipo\",\"https:\/\/www.youtube.com\/channel\/UC338nW-lPEYmJQs4ZABQ1SQ\"]},{\"@type\":\"Person\",\"@id\":\"https:\/\/www.sonoraenequipo.com.mx\/#\/schema\/person\/50102df0fb23a8fa9e8effad8fa81386\",\"name\":\"enequipo\",\"image\":{\"@type\":\"ImageObject\",\"inLanguage\":\"es\",\"@id\":\"https:\/\/www.sonoraenequipo.com.mx\/#\/schema\/person\/image\/\",\"url\":\"https:\/\/secure.gravatar.com\/avatar\/049821681b589dabc0bc20695993ccebb09f5b5d4d790cd9251b97faac7c652b?s=96&d=blank&r=g\",\"contentUrl\":\"https:\/\/secure.gravatar.com\/avatar\/049821681b589dabc0bc20695993ccebb09f5b5d4d790cd9251b97faac7c652b?s=96&d=blank&r=g\",\"caption\":\"enequipo\"},\"sameAs\":[\"https:\/\/www.facebook.com\/SonoraEE\"]}]}<\/script>\n ","yoast_head_json":{"title":"Sonora en Equipo. Delcy Rodr\u00edguez pactar\u00e1 en Washington la nueva era de Venezuela con Trump MUNDO","description":"CARACAS, VENEZUELA. \u2014 La presidenta encargada de Venezuela, Delcy Rodr\u00edguez, tiene previsto visitar Washington tras la captura y deposici\u00f3n del ex En Sonora en Equipo publicamos toda la informaci\u00f3n de Sonora, M\u00e9xico y el Mundo de manera oportuna y busca que la libertad de expresi\u00f3n sea real. Visita nuestro medio informativo publicado desde Hermosillo, Sonora. %","robots":{"index":"index","follow":"follow","max-snippet":"max-snippet:-1","max-image-preview":"max-image-preview:large","max-video-preview":"max-video-preview:-1"},"canonical":"https:\/\/www.sonoraenequipo.com.mx\/delcy-rodriguez-pactara-en-washington-la-nueva-era-de-venezuela-con-trump\/","og_locale":"es_ES","og_type":"article","og_title":"Sonora en Equipo. Delcy Rodr\u00edguez pactar\u00e1 en Washington la nueva era de Venezuela con Trump MUNDO","og_description":"CARACAS, VENEZUELA. \u2014 La presidenta encargada de Venezuela, Delcy Rodr\u00edguez, tiene previsto visitar Washington tras la captura y deposici\u00f3n del ex En Sonora en Equipo publicamos toda la informaci\u00f3n de Sonora, M\u00e9xico y el Mundo de manera oportuna y busca que la libertad de expresi\u00f3n sea real. Visita nuestro medio informativo publicado desde Hermosillo, Sonora. %","og_url":"https:\/\/www.sonoraenequipo.com.mx\/delcy-rodriguez-pactara-en-washington-la-nueva-era-de-venezuela-con-trump\/","og_site_name":"Sonora en Equipo.","article_publisher":"https:\/\/www.facebook.com\/SonoraEE\/","article_author":"https:\/\/www.facebook.com\/SonoraEE","article_published_time":"2026-01-21T19:32:26+00:00","article_modified_time":"2026-01-22T00:11:59+00:00","og_image":[{"width":1000,"height":666,"url":"https:\/\/www.sonoraenequipo.com.mx\/storage\/2026\/01\/nancy-rodriguez-1.jpg","type":"image\/jpeg"}],"author":"enequipo","twitter_card":"summary_large_image","twitter_creator":"@sonoraenequipo","twitter_site":"@sonoraenequipo","twitter_misc":{"Escrito por":"enequipo","Tiempo de lectura":"2 minutos"},"schema":{"@context":"https:\/\/schema.org","@graph":[{"@type":"Article","@id":"https:\/\/www.sonoraenequipo.com.mx\/delcy-rodriguez-pactara-en-washington-la-nueva-era-de-venezuela-con-trump\/#article","isPartOf":{"@id":"https:\/\/www.sonoraenequipo.com.mx\/delcy-rodriguez-pactara-en-washington-la-nueva-era-de-venezuela-con-trump\/"},"author":{"name":"enequipo","@id":"https:\/\/www.sonoraenequipo.com.mx\/#\/schema\/person\/50102df0fb23a8fa9e8effad8fa81386"},"headline":"Delcy Rodr\u00edguez pactar\u00e1 en Washington la nueva era de Venezuela con Trump","datePublished":"2026-01-21T19:32:26+00:00","dateModified":"2026-01-22T00:11:59+00:00","mainEntityOfPage":{"@id":"https:\/\/www.sonoraenequipo.com.mx\/delcy-rodriguez-pactara-en-washington-la-nueva-era-de-venezuela-con-trump\/"},"wordCount":487,"commentCount":0,"publisher":{"@id":"https:\/\/www.sonoraenequipo.com.mx\/#organization"},"image":{"@id":"https:\/\/www.sonoraenequipo.com.mx\/delcy-rodriguez-pactara-en-washington-la-nueva-era-de-venezuela-con-trump\/#primaryimage"},"thumbnailUrl":"https:\/\/www.sonoraenequipo.com.mx\/storage\/2026\/01\/nancy-rodriguez-1.jpg","articleSection":["MUNDO"],"inLanguage":"es","potentialAction":[{"@type":"CommentAction","name":"Comment","target":["https:\/\/www.sonoraenequipo.com.mx\/delcy-rodriguez-pactara-en-washington-la-nueva-era-de-venezuela-con-trump\/#respond"]}]},{"@type":"WebPage","@id":"https:\/\/www.sonoraenequipo.com.mx\/delcy-rodriguez-pactara-en-washington-la-nueva-era-de-venezuela-con-trump\/","url":"https:\/\/www.sonoraenequipo.com.mx\/delcy-rodriguez-pactara-en-washington-la-nueva-era-de-venezuela-con-trump\/","name":"Sonora en Equipo. Delcy Rodr\u00edguez pactar\u00e1 en Washington la nueva era de Venezuela con Trump MUNDO","isPartOf":{"@id":"https:\/\/www.sonoraenequipo.com.mx\/#website"},"primaryImageOfPage":{"@id":"https:\/\/www.sonoraenequipo.com.mx\/delcy-rodriguez-pactara-en-washington-la-nueva-era-de-venezuela-con-trump\/#primaryimage"},"image":{"@id":"https:\/\/www.sonoraenequipo.com.mx\/delcy-rodriguez-pactara-en-washington-la-nueva-era-de-venezuela-con-trump\/#primaryimage"},"thumbnailUrl":"https:\/\/www.sonoraenequipo.com.mx\/storage\/2026\/01\/nancy-rodriguez-1.jpg","datePublished":"2026-01-21T19:32:26+00:00","dateModified":"2026-01-22T00:11:59+00:00","description":"CARACAS, VENEZUELA. \u2014 La presidenta encargada de Venezuela, Delcy Rodr\u00edguez, tiene previsto visitar Washington tras la captura y deposici\u00f3n del ex En Sonora en Equipo publicamos toda la informaci\u00f3n de Sonora, M\u00e9xico y el Mundo de manera oportuna y busca que la libertad de expresi\u00f3n sea real. Visita nuestro medio informativo publicado desde Hermosillo, Sonora. %","breadcrumb":{"@id":"https:\/\/www.sonoraenequipo.com.mx\/delcy-rodriguez-pactara-en-washington-la-nueva-era-de-venezuela-con-trump\/#breadcrumb"},"inLanguage":"es","potentialAction":[{"@type":"ReadAction","target":["https:\/\/www.sonoraenequipo.com.mx\/delcy-rodriguez-pactara-en-washington-la-nueva-era-de-venezuela-con-trump\/"]}]},{"@type":"ImageObject","inLanguage":"es","@id":"https:\/\/www.sonoraenequipo.com.mx\/delcy-rodriguez-pactara-en-washington-la-nueva-era-de-venezuela-con-trump\/#primaryimage","url":"https:\/\/www.sonoraenequipo.com.mx\/storage\/2026\/01\/nancy-rodriguez-1.jpg","contentUrl":"https:\/\/www.sonoraenequipo.com.mx\/storage\/2026\/01\/nancy-rodriguez-1.jpg","width":1000,"height":666},{"@type":"BreadcrumbList","@id":"https:\/\/www.sonoraenequipo.com.mx\/delcy-rodriguez-pactara-en-washington-la-nueva-era-de-venezuela-con-trump\/#breadcrumb","itemListElement":[{"@type":"ListItem","position":1,"name":"Portada","item":"https:\/\/www.sonoraenequipo.com.mx\/"},{"@type":"ListItem","position":2,"name":"Delcy Rodr\u00edguez pactar\u00e1 en Washington la nueva era de Venezuela con Trump"}]},{"@type":"WebSite","@id":"https:\/\/www.sonoraenequipo.com.mx\/#website","url":"https:\/\/www.sonoraenequipo.com.mx\/","name":"Sonora en Equipo.","description":"Diario en l\u00ednea con Noticias desde Hermosillo, Sonora","publisher":{"@id":"https:\/\/www.sonoraenequipo.com.mx\/#organization"},"potentialAction":[{"@type":"SearchAction","target":{"@type":"EntryPoint","urlTemplate":"https:\/\/www.sonoraenequipo.com.mx\/?s={search_term_string}"},"query-input":{"@type":"PropertyValueSpecification","valueRequired":true,"valueName":"search_term_string"}}],"inLanguage":"es"},{"@type":"Organization","@id":"https:\/\/www.sonoraenequipo.com.mx\/#organization","name":"Sonoraenequipo.com.mx","url":"https:\/\/www.sonoraenequipo.com.mx\/","logo":{"@type":"ImageObject","inLanguage":"es","@id":"https:\/\/www.sonoraenequipo.com.mx\/#\/schema\/logo\/image\/","url":"https:\/\/www.sonoraenequipo.com.mx\/storage\/2019\/01\/sonoraenequipo_opt.png","contentUrl":"https:\/\/www.sonoraenequipo.com.mx\/storage\/2019\/01\/sonoraenequipo_opt.png","width":375,"height":125,"caption":"Sonoraenequipo.com.mx"},"image":{"@id":"https:\/\/www.sonoraenequipo.com.mx\/#\/schema\/logo\/image\/"},"sameAs":["https:\/\/www.facebook.com\/SonoraEE\/","https:\/\/x.com\/sonoraenequipo","https:\/\/www.youtube.com\/channel\/UC338nW-lPEYmJQs4ZABQ1SQ"]},{"@type":"Person","@id":"https:\/\/www.sonoraenequipo.com.mx\/#\/schema\/person\/50102df0fb23a8fa9e8effad8fa81386","name":"enequipo","image":{"@type":"ImageObject","inLanguage":"es","@id":"https:\/\/www.sonoraenequipo.com.mx\/#\/schema\/person\/image\/","url":"https:\/\/secure.gravatar.com\/avatar\/049821681b589dabc0bc20695993ccebb09f5b5d4d790cd9251b97faac7c652b?s=96&d=blank&r=g","contentUrl":"https:\/\/secure.gravatar.com\/avatar\/049821681b589dabc0bc20695993ccebb09f5b5d4d790cd9251b97faac7c652b?s=96&d=blank&r=g","caption":"enequipo"},"sameAs":["https:\/\/www.facebook.com\/SonoraEE"]}]}},"jetpack_featured_media_url":"https:\/\/www.sonoraenequipo.com.mx\/storage\/2026\/01\/nancy-rodriguez-1.jpg","_links":{"self":[{"href":"https:\/\/www.sonoraenequipo.com.mx\/api\/wp\/v2\/posts\/233571","targetHints":{"allow":["GET"]}}],"collection":[{"href":"https:\/\/www.sonoraenequipo.com.mx\/api\/wp\/v2\/posts"}],"about":[{"href":"https:\/\/www.sonoraenequipo.com.mx\/api\/wp\/v2\/types\/post"}],"author":[{"embeddable":true,"href":"https:\/\/www.sonoraenequipo.com.mx\/api\/wp\/v2\/users\/1"}],"replies":[{"embeddable":true,"href":"https:\/\/www.sonoraenequipo.com.mx\/api\/wp\/v2\/comments?post=233571"}],"version-history":[{"count":1,"href":"https:\/\/www.sonoraenequipo.com.mx\/api\/wp\/v2\/posts\/233571\/revisions"}],"predecessor-version":[{"id":233573,"href":"https:\/\/www.sonoraenequipo.com.mx\/api\/wp\/v2\/posts\/233571\/revisions\/233573"}],"wp:featuredmedia":[{"embeddable":true,"href":"https:\/\/www.sonoraenequipo.com.mx\/api\/wp\/v2\/media\/233568"}],"wp:attachment":[{"href":"https:\/\/www.sonoraenequipo.com.mx\/api\/wp\/v2\/media?parent=233571"}],"wp:term":[{"taxonomy":"category","embeddable":true,"href":"https:\/\/www.sonoraenequipo.com.mx\/api\/wp\/v2\/categories?post=233571"},{"taxonomy":"post_tag","embeddable":true,"href":"https:\/\/www.sonoraenequipo.com.mx\/api\/wp\/v2\/tags?post=233571"}],"curies":[{"name":"wp","href":"https:\/\/api.w.org\/{rel}","templated":true}]}}