{"id":233572,"date":"2026-01-21T17:10:30","date_gmt":"2026-01-22T00:10:30","guid":{"rendered":"https:\/\/www.sonoraenequipo.com.mx\/?p=233572"},"modified":"2026-01-21T17:10:30","modified_gmt":"2026-01-22T00:10:30","slug":"se-registra-gran-participacion-en-convocatoria-de-las-fiestas-del-pitic-2026","status":"publish","type":"post","link":"https:\/\/www.sonoraenequipo.com.mx\/se-registra-gran-participacion-en-convocatoria-de-las-fiestas-del-pitic-2026\/","title":{"rendered":"Se registra gran participaci\u00f3n en convocatoria de las Fiestas del Pitic 2026"},"content":{"rendered":"<p><strong>HERMOSILLO, SONORA, MX.<\/strong> \u2014 El Ayuntamiento de Hermosillo, a trav\u00e9s del Instituto Municipal de Cultura y Arte (IMCA), dio a conocer que la convocatoria de las Fiestas del Pitic 2026 recibi\u00f3 un total de 548 propuestas registradas a trav\u00e9s de la plataforma en l\u00ednea en <a href=\"https:\/\/fiestasdelpitic.hermosillo.gob.mx\">https:\/\/fiestasdelpitic.hermosillo.gob.mx<\/a>\u00a0 \u00a0en las modalidades de artes esc\u00e9nicas, artes visuales, actividades acad\u00e9micas y Ruta del Arte.<\/p>\n<p>&nbsp;<\/p>\n<p>Marianna Gonz\u00e1lez Gastelum, Directora General del IMCA, coment\u00f3 que este a\u00f1o hubo un incremento en la participaci\u00f3n, ya que en 2025, se recibieron un total de 347 propuestas registradas, de las cuales se seleccionaron 127 folios.<\/p>\n<p>&nbsp;<\/p>\n<p>\u201cEstamos muy contentos por la respuesta que tuvo la convocatoria, para IMCA es muy importante realizarla porque es un medio para recibir las propuestas y que a trav\u00e9s de esta plataforma se puedan registrar, evaluar y valorar para la programaci\u00f3n. Tambi\u00e9n nos permite tener un acercamiento con el gremio art\u00edstico y cultural, tanto hermosillense y sonorense, nacional e internacional\u201d.<\/p>\n<p>&nbsp;<\/p>\n<p>Agreg\u00f3 que como se estipula en la convocatoria los folios seleccionados se dar\u00e1n a conocer durante el mes de febrero de 2026, a trav\u00e9s de la publicaci\u00f3n del n\u00famero de folio de los proyectos aceptados en la p\u00e1gina oficial <a href=\"https:\/\/fiestasdelpitic.hermosillo.gob.mx\">https:\/\/fiestasdelpitic.hermosillo.gob.mx<\/a> , as\u00ed como en las redes sociales del Ayuntamiento de Hermosillo, IMCA Hermosillo y Fiestas del Pitic.<\/p>\n<p>&nbsp;<\/p>\n<p>La convocatoria para formar parte de las Fiestas del Pitic 2026, que conmemoran el aniversario de Hermosillo, inici\u00f3 en octubre y concluy\u00f3 el 5 de diciembre de 2025 donde se recibieron propuestas de artistas, compa\u00f1\u00edas, grupos, colectivos, directores y productores, instituciones educativas y culturales quienes presentaron propuestas art\u00edsticas, culturales y acad\u00e9micas.<\/p>\n<p>NUMERALIA<\/p>\n<p>&nbsp;<\/p>\n<p>Fiestas del Pitic 2023<\/p>\n<p>&nbsp;<\/p>\n<ul>\n<li>281 propuestas registradas<\/li>\n<li>122 folios seleccionados<\/li>\n<\/ul>\n<p>&nbsp;<\/p>\n<p>Fiestas del Pitic 2024<\/p>\n<p>&nbsp;<\/p>\n<ul>\n<li>310 propuestas registradas<\/li>\n<li>124 folios seleccionados<\/li>\n<\/ul>\n<p>&nbsp;<\/p>\n<p>Fiestas del Pitic 2025<\/p>\n<p>&nbsp;<\/p>\n<ul>\n<li>347 propuestas registradas<\/li>\n<li>127 folios seleccionados<\/li>\n<\/ul>\n<p>&nbsp;<\/p>\n<p>Fiestas del Pitic 2026<\/p>\n<p>&nbsp;<\/p>\n<ul>\n<li>548 propuestas registradas<\/li>\n<\/ul>\n<p><strong>Fecha de publicaci\u00f3n mi\u00e9rcoles 21 de enero de 2026<\/strong><\/p>\n<p>&nbsp;<\/p>\n","protected":false},"excerpt":{"rendered":"<p>HERMOSILLO, SONORA, MX. \u2014 El Ayuntamiento de Hermosillo, a trav\u00e9s del Instituto Municipal de Cultura&#8230;<\/p>\n","protected":false},"author":1,"featured_media":233574,"comment_status":"open","ping_status":"open","sticky":false,"template":"","format":"standard","meta":{"_monsterinsights_skip_tracking":false,"_monsterinsights_sitenote_active":false,"_monsterinsights_sitenote_note":"","_monsterinsights_sitenote_category":0,"footnotes":""},"categories":[4],"tags":[10966,3097,35,3096],"class_list":["post"],"yoast_head":" \n<title>Sonora en Equipo. Se registra gran participaci\u00f3n en convocatoria de las Fiestas del Pitic 2026 Municipios<\/title>\n<meta name=\"description\" content=\"HERMOSILLO, SONORA, MX. \u2014 El Ayuntamiento de Hermosillo, a trav\u00e9s del Instituto Municipal de Cultura y Arte (IMCA), dio a conocer que la convocatoria de En Sonora en Equipo publicamos toda la informaci\u00f3n de Sonora, M\u00e9xico y el Mundo de manera oportuna y busca que la libertad de expresi\u00f3n sea real. Visita nuestro medio informativo publicado desde Hermosillo, Sonora. %\" \/>\n<meta name=\"robots\" content=\"index, follow, max-snippet:-1, max-image-preview:large, max-video-preview:-1\" \/>\n<link rel=\"canonical\" href=\"https:\/\/www.sonoraenequipo.com.mx\/se-registra-gran-participacion-en-convocatoria-de-las-fiestas-del-pitic-2026\/\" \/>\n<meta property=\"og:locale\" content=\"es_ES\" \/>\n<meta property=\"og:type\" content=\"article\" \/>\n<meta property=\"og:title\" content=\"Sonora en Equipo. Se registra gran participaci\u00f3n en convocatoria de las Fiestas del Pitic 2026 Municipios\" \/>\n<meta property=\"og:description\" content=\"HERMOSILLO, SONORA, MX. \u2014 El Ayuntamiento de Hermosillo, a trav\u00e9s del Instituto Municipal de Cultura y Arte (IMCA), dio a conocer que la convocatoria de En Sonora en Equipo publicamos toda la informaci\u00f3n de Sonora, M\u00e9xico y el Mundo de manera oportuna y busca que la libertad de expresi\u00f3n sea real. Visita nuestro medio informativo publicado desde Hermosillo, Sonora. %\" \/>\n<meta property=\"og:url\" content=\"https:\/\/www.sonoraenequipo.com.mx\/se-registra-gran-participacion-en-convocatoria-de-las-fiestas-del-pitic-2026\/\" \/>\n<meta property=\"og:site_name\" content=\"Sonora en Equipo.\" \/>\n<meta property=\"article:publisher\" content=\"https:\/\/www.facebook.com\/SonoraEE\/\" \/>\n<meta property=\"article:author\" content=\"https:\/\/www.facebook.com\/SonoraEE\" \/>\n<meta property=\"article:published_time\" content=\"2026-01-22T00:10:30+00:00\" \/>\n<meta property=\"og:image\" content=\"https:\/\/www.sonoraenequipo.com.mx\/storage\/2026\/01\/fiestas-pitic.jpg\" \/>\n\t<meta property=\"og:image:width\" content=\"600\" \/>\n\t<meta property=\"og:image:height\" content=\"400\" \/>\n\t<meta property=\"og:image:type\" content=\"image\/jpeg\" \/>\n<meta name=\"author\" content=\"enequipo\" \/>\n<meta name=\"twitter:card\" content=\"summary_large_image\" \/>\n<meta name=\"twitter:creator\" content=\"@sonoraenequipo\" \/>\n<meta name=\"twitter:site\" content=\"@sonoraenequipo\" \/>\n<meta name=\"twitter:label1\" content=\"Escrito por\" \/>\n\t<meta name=\"twitter:data1\" content=\"enequipo\" \/>\n\t<meta name=\"twitter:label2\" content=\"Tiempo de lectura\" \/>\n\t<meta name=\"twitter:data2\" content=\"2 minutos\" \/>\n<script type=\"application\/ld+json\" class=\"yoast-schema-graph\">{\"@context\":\"https:\/\/schema.org\",\"@graph\":[{\"@type\":\"Article\",\"@id\":\"https:\/\/www.sonoraenequipo.com.mx\/se-registra-gran-participacion-en-convocatoria-de-las-fiestas-del-pitic-2026\/#article\",\"isPartOf\":{\"@id\":\"https:\/\/www.sonoraenequipo.com.mx\/se-registra-gran-participacion-en-convocatoria-de-las-fiestas-del-pitic-2026\/\"},\"author\":{\"name\":\"enequipo\",\"@id\":\"https:\/\/www.sonoraenequipo.com.mx\/#\/schema\/person\/50102df0fb23a8fa9e8effad8fa81386\"},\"headline\":\"Se registra gran participaci\u00f3n en convocatoria de las Fiestas del Pitic 2026\",\"datePublished\":\"2026-01-22T00:10:30+00:00\",\"mainEntityOfPage\":{\"@id\":\"https:\/\/www.sonoraenequipo.com.mx\/se-registra-gran-participacion-en-convocatoria-de-las-fiestas-del-pitic-2026\/\"},\"wordCount\":341,\"commentCount\":0,\"publisher\":{\"@id\":\"https:\/\/www.sonoraenequipo.com.mx\/#organization\"},\"image\":{\"@id\":\"https:\/\/www.sonoraenequipo.com.mx\/se-registra-gran-participacion-en-convocatoria-de-las-fiestas-del-pitic-2026\/#primaryimage\"},\"thumbnailUrl\":\"https:\/\/www.sonoraenequipo.com.mx\/storage\/2026\/01\/fiestas-pitic.jpg\",\"keywords\":[\"2026\",\"fiestas\",\"hermosillo\",\"pitic\"],\"articleSection\":[\"Municipios\"],\"inLanguage\":\"es\",\"potentialAction\":[{\"@type\":\"CommentAction\",\"name\":\"Comment\",\"target\":[\"https:\/\/www.sonoraenequipo.com.mx\/se-registra-gran-participacion-en-convocatoria-de-las-fiestas-del-pitic-2026\/#respond\"]}]},{\"@type\":\"WebPage\",\"@id\":\"https:\/\/www.sonoraenequipo.com.mx\/se-registra-gran-participacion-en-convocatoria-de-las-fiestas-del-pitic-2026\/\",\"url\":\"https:\/\/www.sonoraenequipo.com.mx\/se-registra-gran-participacion-en-convocatoria-de-las-fiestas-del-pitic-2026\/\",\"name\":\"Sonora en Equipo. Se registra gran participaci\u00f3n en convocatoria de las Fiestas del Pitic 2026 Municipios\",\"isPartOf\":{\"@id\":\"https:\/\/www.sonoraenequipo.com.mx\/#website\"},\"primaryImageOfPage\":{\"@id\":\"https:\/\/www.sonoraenequipo.com.mx\/se-registra-gran-participacion-en-convocatoria-de-las-fiestas-del-pitic-2026\/#primaryimage\"},\"image\":{\"@id\":\"https:\/\/www.sonoraenequipo.com.mx\/se-registra-gran-participacion-en-convocatoria-de-las-fiestas-del-pitic-2026\/#primaryimage\"},\"thumbnailUrl\":\"https:\/\/www.sonoraenequipo.com.mx\/storage\/2026\/01\/fiestas-pitic.jpg\",\"datePublished\":\"2026-01-22T00:10:30+00:00\",\"description\":\"HERMOSILLO, SONORA, MX. \u2014 El Ayuntamiento de Hermosillo, a trav\u00e9s del Instituto Municipal de Cultura y Arte (IMCA), dio a conocer que la convocatoria de En Sonora en Equipo publicamos toda la informaci\u00f3n de Sonora, M\u00e9xico y el Mundo de manera oportuna y busca que la libertad de expresi\u00f3n sea real. Visita nuestro medio informativo publicado desde Hermosillo, Sonora. %\",\"breadcrumb\":{\"@id\":\"https:\/\/www.sonoraenequipo.com.mx\/se-registra-gran-participacion-en-convocatoria-de-las-fiestas-del-pitic-2026\/#breadcrumb\"},\"inLanguage\":\"es\",\"potentialAction\":[{\"@type\":\"ReadAction\",\"target\":[\"https:\/\/www.sonoraenequipo.com.mx\/se-registra-gran-participacion-en-convocatoria-de-las-fiestas-del-pitic-2026\/\"]}]},{\"@type\":\"ImageObject\",\"inLanguage\":\"es\",\"@id\":\"https:\/\/www.sonoraenequipo.com.mx\/se-registra-gran-participacion-en-convocatoria-de-las-fiestas-del-pitic-2026\/#primaryimage\",\"url\":\"https:\/\/www.sonoraenequipo.com.mx\/storage\/2026\/01\/fiestas-pitic.jpg\",\"contentUrl\":\"https:\/\/www.sonoraenequipo.com.mx\/storage\/2026\/01\/fiestas-pitic.jpg\",\"width\":600,\"height\":400},{\"@type\":\"BreadcrumbList\",\"@id\":\"https:\/\/www.sonoraenequipo.com.mx\/se-registra-gran-participacion-en-convocatoria-de-las-fiestas-del-pitic-2026\/#breadcrumb\",\"itemListElement\":[{\"@type\":\"ListItem\",\"position\":1,\"name\":\"Portada\",\"item\":\"https:\/\/www.sonoraenequipo.com.mx\/\"},{\"@type\":\"ListItem\",\"position\":2,\"name\":\"Se registra gran participaci\u00f3n en convocatoria de las Fiestas del Pitic 2026\"}]},{\"@type\":\"WebSite\",\"@id\":\"https:\/\/www.sonoraenequipo.com.mx\/#website\",\"url\":\"https:\/\/www.sonoraenequipo.com.mx\/\",\"name\":\"Sonora en Equipo.\",\"description\":\"Diario en l\u00ednea con Noticias desde Hermosillo, Sonora\",\"publisher\":{\"@id\":\"https:\/\/www.sonoraenequipo.com.mx\/#organization\"},\"potentialAction\":[{\"@type\":\"SearchAction\",\"target\":{\"@type\":\"EntryPoint\",\"urlTemplate\":\"https:\/\/www.sonoraenequipo.com.mx\/?s={search_term_string}\"},\"query-input\":{\"@type\":\"PropertyValueSpecification\",\"valueRequired\":true,\"valueName\":\"search_term_string\"}}],\"inLanguage\":\"es\"},{\"@type\":\"Organization\",\"@id\":\"https:\/\/www.sonoraenequipo.com.mx\/#organization\",\"name\":\"Sonoraenequipo.com.mx\",\"url\":\"https:\/\/www.sonoraenequipo.com.mx\/\",\"logo\":{\"@type\":\"ImageObject\",\"inLanguage\":\"es\",\"@id\":\"https:\/\/www.sonoraenequipo.com.mx\/#\/schema\/logo\/image\/\",\"url\":\"https:\/\/www.sonoraenequipo.com.mx\/storage\/2019\/01\/sonoraenequipo_opt.png\",\"contentUrl\":\"https:\/\/www.sonoraenequipo.com.mx\/storage\/2019\/01\/sonoraenequipo_opt.png\",\"width\":375,\"height\":125,\"caption\":\"Sonoraenequipo.com.mx\"},\"image\":{\"@id\":\"https:\/\/www.sonoraenequipo.com.mx\/#\/schema\/logo\/image\/\"},\"sameAs\":[\"https:\/\/www.facebook.com\/SonoraEE\/\",\"https:\/\/x.com\/sonoraenequipo\",\"https:\/\/www.youtube.com\/channel\/UC338nW-lPEYmJQs4ZABQ1SQ\"]},{\"@type\":\"Person\",\"@id\":\"https:\/\/www.sonoraenequipo.com.mx\/#\/schema\/person\/50102df0fb23a8fa9e8effad8fa81386\",\"name\":\"enequipo\",\"image\":{\"@type\":\"ImageObject\",\"inLanguage\":\"es\",\"@id\":\"https:\/\/www.sonoraenequipo.com.mx\/#\/schema\/person\/image\/\",\"url\":\"https:\/\/secure.gravatar.com\/avatar\/049821681b589dabc0bc20695993ccebb09f5b5d4d790cd9251b97faac7c652b?s=96&d=blank&r=g\",\"contentUrl\":\"https:\/\/secure.gravatar.com\/avatar\/049821681b589dabc0bc20695993ccebb09f5b5d4d790cd9251b97faac7c652b?s=96&d=blank&r=g\",\"caption\":\"enequipo\"},\"sameAs\":[\"https:\/\/www.facebook.com\/SonoraEE\"]}]}<\/script>\n ","yoast_head_json":{"title":"Sonora en Equipo. Se registra gran participaci\u00f3n en convocatoria de las Fiestas del Pitic 2026 Municipios","description":"HERMOSILLO, SONORA, MX. \u2014 El Ayuntamiento de Hermosillo, a trav\u00e9s del Instituto Municipal de Cultura y Arte (IMCA), dio a conocer que la convocatoria de En Sonora en Equipo publicamos toda la informaci\u00f3n de Sonora, M\u00e9xico y el Mundo de manera oportuna y busca que la libertad de expresi\u00f3n sea real. Visita nuestro medio informativo publicado desde Hermosillo, Sonora. %","robots":{"index":"index","follow":"follow","max-snippet":"max-snippet:-1","max-image-preview":"max-image-preview:large","max-video-preview":"max-video-preview:-1"},"canonical":"https:\/\/www.sonoraenequipo.com.mx\/se-registra-gran-participacion-en-convocatoria-de-las-fiestas-del-pitic-2026\/","og_locale":"es_ES","og_type":"article","og_title":"Sonora en Equipo. Se registra gran participaci\u00f3n en convocatoria de las Fiestas del Pitic 2026 Municipios","og_description":"HERMOSILLO, SONORA, MX. \u2014 El Ayuntamiento de Hermosillo, a trav\u00e9s del Instituto Municipal de Cultura y Arte (IMCA), dio a conocer que la convocatoria de En Sonora en Equipo publicamos toda la informaci\u00f3n de Sonora, M\u00e9xico y el Mundo de manera oportuna y busca que la libertad de expresi\u00f3n sea real. Visita nuestro medio informativo publicado desde Hermosillo, Sonora. %","og_url":"https:\/\/www.sonoraenequipo.com.mx\/se-registra-gran-participacion-en-convocatoria-de-las-fiestas-del-pitic-2026\/","og_site_name":"Sonora en Equipo.","article_publisher":"https:\/\/www.facebook.com\/SonoraEE\/","article_author":"https:\/\/www.facebook.com\/SonoraEE","article_published_time":"2026-01-22T00:10:30+00:00","og_image":[{"width":600,"height":400,"url":"https:\/\/www.sonoraenequipo.com.mx\/storage\/2026\/01\/fiestas-pitic.jpg","type":"image\/jpeg"}],"author":"enequipo","twitter_card":"summary_large_image","twitter_creator":"@sonoraenequipo","twitter_site":"@sonoraenequipo","twitter_misc":{"Escrito por":"enequipo","Tiempo de lectura":"2 minutos"},"schema":{"@context":"https:\/\/schema.org","@graph":[{"@type":"Article","@id":"https:\/\/www.sonoraenequipo.com.mx\/se-registra-gran-participacion-en-convocatoria-de-las-fiestas-del-pitic-2026\/#article","isPartOf":{"@id":"https:\/\/www.sonoraenequipo.com.mx\/se-registra-gran-participacion-en-convocatoria-de-las-fiestas-del-pitic-2026\/"},"author":{"name":"enequipo","@id":"https:\/\/www.sonoraenequipo.com.mx\/#\/schema\/person\/50102df0fb23a8fa9e8effad8fa81386"},"headline":"Se registra gran participaci\u00f3n en convocatoria de las Fiestas del Pitic 2026","datePublished":"2026-01-22T00:10:30+00:00","mainEntityOfPage":{"@id":"https:\/\/www.sonoraenequipo.com.mx\/se-registra-gran-participacion-en-convocatoria-de-las-fiestas-del-pitic-2026\/"},"wordCount":341,"commentCount":0,"publisher":{"@id":"https:\/\/www.sonoraenequipo.com.mx\/#organization"},"image":{"@id":"https:\/\/www.sonoraenequipo.com.mx\/se-registra-gran-participacion-en-convocatoria-de-las-fiestas-del-pitic-2026\/#primaryimage"},"thumbnailUrl":"https:\/\/www.sonoraenequipo.com.mx\/storage\/2026\/01\/fiestas-pitic.jpg","keywords":["2026","fiestas","hermosillo","pitic"],"articleSection":["Municipios"],"inLanguage":"es","potentialAction":[{"@type":"CommentAction","name":"Comment","target":["https:\/\/www.sonoraenequipo.com.mx\/se-registra-gran-participacion-en-convocatoria-de-las-fiestas-del-pitic-2026\/#respond"]}]},{"@type":"WebPage","@id":"https:\/\/www.sonoraenequipo.com.mx\/se-registra-gran-participacion-en-convocatoria-de-las-fiestas-del-pitic-2026\/","url":"https:\/\/www.sonoraenequipo.com.mx\/se-registra-gran-participacion-en-convocatoria-de-las-fiestas-del-pitic-2026\/","name":"Sonora en Equipo. Se registra gran participaci\u00f3n en convocatoria de las Fiestas del Pitic 2026 Municipios","isPartOf":{"@id":"https:\/\/www.sonoraenequipo.com.mx\/#website"},"primaryImageOfPage":{"@id":"https:\/\/www.sonoraenequipo.com.mx\/se-registra-gran-participacion-en-convocatoria-de-las-fiestas-del-pitic-2026\/#primaryimage"},"image":{"@id":"https:\/\/www.sonoraenequipo.com.mx\/se-registra-gran-participacion-en-convocatoria-de-las-fiestas-del-pitic-2026\/#primaryimage"},"thumbnailUrl":"https:\/\/www.sonoraenequipo.com.mx\/storage\/2026\/01\/fiestas-pitic.jpg","datePublished":"2026-01-22T00:10:30+00:00","description":"HERMOSILLO, SONORA, MX. \u2014 El Ayuntamiento de Hermosillo, a trav\u00e9s del Instituto Municipal de Cultura y Arte (IMCA), dio a conocer que la convocatoria de En Sonora en Equipo publicamos toda la informaci\u00f3n de Sonora, M\u00e9xico y el Mundo de manera oportuna y busca que la libertad de expresi\u00f3n sea real. Visita nuestro medio informativo publicado desde Hermosillo, Sonora. %","breadcrumb":{"@id":"https:\/\/www.sonoraenequipo.com.mx\/se-registra-gran-participacion-en-convocatoria-de-las-fiestas-del-pitic-2026\/#breadcrumb"},"inLanguage":"es","potentialAction":[{"@type":"ReadAction","target":["https:\/\/www.sonoraenequipo.com.mx\/se-registra-gran-participacion-en-convocatoria-de-las-fiestas-del-pitic-2026\/"]}]},{"@type":"ImageObject","inLanguage":"es","@id":"https:\/\/www.sonoraenequipo.com.mx\/se-registra-gran-participacion-en-convocatoria-de-las-fiestas-del-pitic-2026\/#primaryimage","url":"https:\/\/www.sonoraenequipo.com.mx\/storage\/2026\/01\/fiestas-pitic.jpg","contentUrl":"https:\/\/www.sonoraenequipo.com.mx\/storage\/2026\/01\/fiestas-pitic.jpg","width":600,"height":400},{"@type":"BreadcrumbList","@id":"https:\/\/www.sonoraenequipo.com.mx\/se-registra-gran-participacion-en-convocatoria-de-las-fiestas-del-pitic-2026\/#breadcrumb","itemListElement":[{"@type":"ListItem","position":1,"name":"Portada","item":"https:\/\/www.sonoraenequipo.com.mx\/"},{"@type":"ListItem","position":2,"name":"Se registra gran participaci\u00f3n en convocatoria de las Fiestas del Pitic 2026"}]},{"@type":"WebSite","@id":"https:\/\/www.sonoraenequipo.com.mx\/#website","url":"https:\/\/www.sonoraenequipo.com.mx\/","name":"Sonora en Equipo.","description":"Diario en l\u00ednea con Noticias desde Hermosillo, Sonora","publisher":{"@id":"https:\/\/www.sonoraenequipo.com.mx\/#organization"},"potentialAction":[{"@type":"SearchAction","target":{"@type":"EntryPoint","urlTemplate":"https:\/\/www.sonoraenequipo.com.mx\/?s={search_term_string}"},"query-input":{"@type":"PropertyValueSpecification","valueRequired":true,"valueName":"search_term_string"}}],"inLanguage":"es"},{"@type":"Organization","@id":"https:\/\/www.sonoraenequipo.com.mx\/#organization","name":"Sonoraenequipo.com.mx","url":"https:\/\/www.sonoraenequipo.com.mx\/","logo":{"@type":"ImageObject","inLanguage":"es","@id":"https:\/\/www.sonoraenequipo.com.mx\/#\/schema\/logo\/image\/","url":"https:\/\/www.sonoraenequipo.com.mx\/storage\/2019\/01\/sonoraenequipo_opt.png","contentUrl":"https:\/\/www.sonoraenequipo.com.mx\/storage\/2019\/01\/sonoraenequipo_opt.png","width":375,"height":125,"caption":"Sonoraenequipo.com.mx"},"image":{"@id":"https:\/\/www.sonoraenequipo.com.mx\/#\/schema\/logo\/image\/"},"sameAs":["https:\/\/www.facebook.com\/SonoraEE\/","https:\/\/x.com\/sonoraenequipo","https:\/\/www.youtube.com\/channel\/UC338nW-lPEYmJQs4ZABQ1SQ"]},{"@type":"Person","@id":"https:\/\/www.sonoraenequipo.com.mx\/#\/schema\/person\/50102df0fb23a8fa9e8effad8fa81386","name":"enequipo","image":{"@type":"ImageObject","inLanguage":"es","@id":"https:\/\/www.sonoraenequipo.com.mx\/#\/schema\/person\/image\/","url":"https:\/\/secure.gravatar.com\/avatar\/049821681b589dabc0bc20695993ccebb09f5b5d4d790cd9251b97faac7c652b?s=96&d=blank&r=g","contentUrl":"https:\/\/secure.gravatar.com\/avatar\/049821681b589dabc0bc20695993ccebb09f5b5d4d790cd9251b97faac7c652b?s=96&d=blank&r=g","caption":"enequipo"},"sameAs":["https:\/\/www.facebook.com\/SonoraEE"]}]}},"jetpack_featured_media_url":"https:\/\/www.sonoraenequipo.com.mx\/storage\/2026\/01\/fiestas-pitic.jpg","_links":{"self":[{"href":"https:\/\/www.sonoraenequipo.com.mx\/api\/wp\/v2\/posts\/233572","targetHints":{"allow":["GET"]}}],"collection":[{"href":"https:\/\/www.sonoraenequipo.com.mx\/api\/wp\/v2\/posts"}],"about":[{"href":"https:\/\/www.sonoraenequipo.com.mx\/api\/wp\/v2\/types\/post"}],"author":[{"embeddable":true,"href":"https:\/\/www.sonoraenequipo.com.mx\/api\/wp\/v2\/users\/1"}],"replies":[{"embeddable":true,"href":"https:\/\/www.sonoraenequipo.com.mx\/api\/wp\/v2\/comments?post=233572"}],"version-history":[{"count":1,"href":"https:\/\/www.sonoraenequipo.com.mx\/api\/wp\/v2\/posts\/233572\/revisions"}],"predecessor-version":[{"id":233575,"href":"https:\/\/www.sonoraenequipo.com.mx\/api\/wp\/v2\/posts\/233572\/revisions\/233575"}],"wp:featuredmedia":[{"embeddable":true,"href":"https:\/\/www.sonoraenequipo.com.mx\/api\/wp\/v2\/media\/233574"}],"wp:attachment":[{"href":"https:\/\/www.sonoraenequipo.com.mx\/api\/wp\/v2\/media?parent=233572"}],"wp:term":[{"taxonomy":"category","embeddable":true,"href":"https:\/\/www.sonoraenequipo.com.mx\/api\/wp\/v2\/categories?post=233572"},{"taxonomy":"post_tag","embeddable":true,"href":"https:\/\/www.sonoraenequipo.com.mx\/api\/wp\/v2\/tags?post=233572"}],"curies":[{"name":"wp","href":"https:\/\/api.w.org\/{rel}","templated":true}]}}