{"id":233580,"date":"2026-01-21T18:05:13","date_gmt":"2026-01-22T01:05:13","guid":{"rendered":"https:\/\/www.sonoraenequipo.com.mx\/?p=233580"},"modified":"2026-01-21T21:48:30","modified_gmt":"2026-01-22T04:48:30","slug":"trump-descarta-el-uso-de-la-fuerza-pero-exige-negociar-la-compra-de-groenlandia","status":"publish","type":"post","link":"https:\/\/www.sonoraenequipo.com.mx\/trump-descarta-el-uso-de-la-fuerza-pero-exige-negociar-la-compra-de-groenlandia\/","title":{"rendered":"Trump descarta el uso de la fuerza pero exige negociar la compra de Groenlandia"},"content":{"rendered":"<p><strong>DAVOS, SUIZA. \u2014<\/strong> El presidente\u00a0 de los Estados Unidos, Donald J. Trump, enfatiz\u00f3 en su ponencia en Davos, que no utilizar\u00e1 la fuerza para hacerse con el control de Groenlandia.<\/p>\n<p>&nbsp;<\/p>\n<p>&nbsp;<\/p>\n<p> <\/p>\n<p>Durante el Foro Econ\u00f3mico Mundial en Davos, Suiza, Trump ofreci\u00f3 un discurso lleno de mensajes que podr\u00edan quedar a la interpretaci\u00f3n de los lideres europeos, mencion\u00f3 que \u00abest\u00e1 buscando negociaciones inmediatas para adquirir Groenlandia\u00bb, \u00abNo tengo que usar la fuerza, no quiero usar la fuerza, no usar\u00e9 la fuerza\u00bb, indic\u00f3.<\/p>\n<p>&nbsp;<\/p>\n<p>&nbsp;<\/p>\n<p>Mas que un discurs\u00f3, esta acci\u00f3n es mas un acto de comedia <strong>\u00abStand Up\u00bb<\/strong>, puesto que, solo aprovech\u00f3 el espacio para repartir comentarios pasivo-agresivos a los asistentes. Dijo que ten\u00eda un enorme respeto por la gente de Groenlandia, un lugar que calific\u00f3 de <strong><em>\u00abvasto, casi deshabitado y subdesarrollado, que est\u00e1 indefenso\u00bb.<\/em><\/strong><\/p>\n<p>&nbsp;<\/p>\n<p>&nbsp;<\/p>\n<p>Esto se da en un contexto donde previamente Trump ya hab\u00eda levantado en un 10% los aranceles de 8 naciones europeas que se oponen rotundamente a su toma de Groenlandia.<\/p>\n<h3><\/h3>\n<h3>Europa, Macron y la OTAN<\/h3>\n<h3><\/h3>\n<p>En su acto aprovech\u00f3 para arremeter contra los asistentes casi a un nivel personal, <strong><em>\u00abPodemos discutir sobre ello, pero no hay discusi\u00f3n posible. No quiero insultar a nadie\u00bb,<\/em> <\/strong>afirm\u00f3.<\/p>\n<p>&nbsp;<\/p>\n<p>&nbsp;<\/p>\n<p>El mandatario estadounidense calific\u00f3 de \u00abcatastr\u00f3ficas <em><strong>\u00bb las pol\u00edticas econ\u00f3micas y migratorias de Europa, contrast\u00e1ndolas con lo que denomin\u00f3 el \u00abmilagro econ\u00f3mico\u00bb<\/strong><\/em> de Estados Unidos, y advirti\u00f3 que el continente ha perdido el rumbo debido al gasto p\u00fablico excesivo, la migraci\u00f3n masiva y la dependencia comercial.<\/p>\n<p>&nbsp;<\/p>\n<p>&nbsp;<\/p>\n<p>&nbsp;<\/p>\n<p>Ante estas declaraciones, el presidente franc\u00e9s Emmanuel Macron advirti\u00f3 que la Uni\u00f3n Europea podr\u00eda responder con su \u00abbazuca comercial\u00bb, un mecanismo de defensa del bloque dise\u00f1ado para enfrentar disputas internacionales mediante medidas de represalia. Este instrumento legal permitir\u00eda a Europa contestar con firmeza a trav\u00e9s de la imposici\u00f3n de aranceles elevados o la restricci\u00f3n de licencias de importaci\u00f3n y exportaci\u00f3n, buscando contrarrestar las presiones econ\u00f3micas externas y proteger los intereses del mercado europeo.<\/p>\n<p>&nbsp;<\/p>\n<p>&nbsp;<\/p>\n<p>&nbsp;<\/p>\n<p>PUBLICADO EL 21 ENERO DE 2026 Con informaci\u00f3n de Agencias)<\/p>\n","protected":false},"excerpt":{"rendered":"<p>DAVOS, SUIZA. \u2014 El presidente\u00a0 de los Estados Unidos, Donald J. Trump, enfatiz\u00f3 en su&#8230;<\/p>\n","protected":false},"author":1,"featured_media":233569,"comment_status":"open","ping_status":"open","sticky":false,"template":"","format":"standard","meta":{"_monsterinsights_skip_tracking":false,"_monsterinsights_sitenote_active":false,"_monsterinsights_sitenote_note":"","_monsterinsights_sitenote_category":0,"footnotes":""},"categories":[3],"tags":[],"class_list":["post"],"yoast_head":" \n<title>Sonora en Equipo. Trump descarta el uso de la fuerza pero exige negociar la compra de Groenlandia MUNDO<\/title>\n<meta name=\"description\" content=\"DAVOS, SUIZA. \u2014 El presidente\u00a0 de los Estados Unidos, Donald J. Trump, enfatiz\u00f3 en su ponencia en Davos, que no utilizar\u00e1 la fuerza para hacerse con el En Sonora en Equipo publicamos toda la informaci\u00f3n de Sonora, M\u00e9xico y el Mundo de manera oportuna y busca que la libertad de expresi\u00f3n sea real. Visita nuestro medio informativo publicado desde Hermosillo, Sonora. %\" \/>\n<meta name=\"robots\" content=\"index, follow, max-snippet:-1, max-image-preview:large, max-video-preview:-1\" \/>\n<link rel=\"canonical\" href=\"https:\/\/www.sonoraenequipo.com.mx\/trump-descarta-el-uso-de-la-fuerza-pero-exige-negociar-la-compra-de-groenlandia\/\" \/>\n<meta property=\"og:locale\" content=\"es_ES\" \/>\n<meta property=\"og:type\" content=\"article\" \/>\n<meta property=\"og:title\" content=\"Sonora en Equipo. Trump descarta el uso de la fuerza pero exige negociar la compra de Groenlandia MUNDO\" \/>\n<meta property=\"og:description\" content=\"DAVOS, SUIZA. \u2014 El presidente\u00a0 de los Estados Unidos, Donald J. Trump, enfatiz\u00f3 en su ponencia en Davos, que no utilizar\u00e1 la fuerza para hacerse con el En Sonora en Equipo publicamos toda la informaci\u00f3n de Sonora, M\u00e9xico y el Mundo de manera oportuna y busca que la libertad de expresi\u00f3n sea real. Visita nuestro medio informativo publicado desde Hermosillo, Sonora. %\" \/>\n<meta property=\"og:url\" content=\"https:\/\/www.sonoraenequipo.com.mx\/trump-descarta-el-uso-de-la-fuerza-pero-exige-negociar-la-compra-de-groenlandia\/\" \/>\n<meta property=\"og:site_name\" content=\"Sonora en Equipo.\" \/>\n<meta property=\"article:publisher\" content=\"https:\/\/www.facebook.com\/SonoraEE\/\" \/>\n<meta property=\"article:author\" content=\"https:\/\/www.facebook.com\/SonoraEE\" \/>\n<meta property=\"article:published_time\" content=\"2026-01-22T01:05:13+00:00\" \/>\n<meta property=\"article:modified_time\" content=\"2026-01-22T04:48:30+00:00\" \/>\n<meta property=\"og:image\" content=\"https:\/\/www.sonoraenequipo.com.mx\/storage\/2026\/01\/foro-economico-mundial-DAVOS.jpg\" \/>\n\t<meta property=\"og:image:width\" content=\"1024\" \/>\n\t<meta property=\"og:image:height\" content=\"576\" \/>\n\t<meta property=\"og:image:type\" content=\"image\/jpeg\" \/>\n<meta name=\"author\" content=\"enequipo\" \/>\n<meta name=\"twitter:card\" content=\"summary_large_image\" \/>\n<meta name=\"twitter:creator\" content=\"@sonoraenequipo\" \/>\n<meta name=\"twitter:site\" content=\"@sonoraenequipo\" \/>\n<meta name=\"twitter:label1\" content=\"Escrito por\" \/>\n\t<meta name=\"twitter:data1\" content=\"enequipo\" \/>\n\t<meta name=\"twitter:label2\" content=\"Tiempo de lectura\" \/>\n\t<meta name=\"twitter:data2\" content=\"2 minutos\" \/>\n<script type=\"application\/ld+json\" class=\"yoast-schema-graph\">{\"@context\":\"https:\/\/schema.org\",\"@graph\":[{\"@type\":\"Article\",\"@id\":\"https:\/\/www.sonoraenequipo.com.mx\/trump-descarta-el-uso-de-la-fuerza-pero-exige-negociar-la-compra-de-groenlandia\/#article\",\"isPartOf\":{\"@id\":\"https:\/\/www.sonoraenequipo.com.mx\/trump-descarta-el-uso-de-la-fuerza-pero-exige-negociar-la-compra-de-groenlandia\/\"},\"author\":{\"name\":\"enequipo\",\"@id\":\"https:\/\/www.sonoraenequipo.com.mx\/#\/schema\/person\/50102df0fb23a8fa9e8effad8fa81386\"},\"headline\":\"Trump descarta el uso de la fuerza pero exige negociar la compra de Groenlandia\",\"datePublished\":\"2026-01-22T01:05:13+00:00\",\"dateModified\":\"2026-01-22T04:48:30+00:00\",\"mainEntityOfPage\":{\"@id\":\"https:\/\/www.sonoraenequipo.com.mx\/trump-descarta-el-uso-de-la-fuerza-pero-exige-negociar-la-compra-de-groenlandia\/\"},\"wordCount\":372,\"commentCount\":0,\"publisher\":{\"@id\":\"https:\/\/www.sonoraenequipo.com.mx\/#organization\"},\"image\":{\"@id\":\"https:\/\/www.sonoraenequipo.com.mx\/trump-descarta-el-uso-de-la-fuerza-pero-exige-negociar-la-compra-de-groenlandia\/#primaryimage\"},\"thumbnailUrl\":\"https:\/\/www.sonoraenequipo.com.mx\/storage\/2026\/01\/foro-economico-mundial-DAVOS.jpg\",\"articleSection\":[\"MUNDO\"],\"inLanguage\":\"es\",\"potentialAction\":[{\"@type\":\"CommentAction\",\"name\":\"Comment\",\"target\":[\"https:\/\/www.sonoraenequipo.com.mx\/trump-descarta-el-uso-de-la-fuerza-pero-exige-negociar-la-compra-de-groenlandia\/#respond\"]}]},{\"@type\":\"WebPage\",\"@id\":\"https:\/\/www.sonoraenequipo.com.mx\/trump-descarta-el-uso-de-la-fuerza-pero-exige-negociar-la-compra-de-groenlandia\/\",\"url\":\"https:\/\/www.sonoraenequipo.com.mx\/trump-descarta-el-uso-de-la-fuerza-pero-exige-negociar-la-compra-de-groenlandia\/\",\"name\":\"Sonora en Equipo. Trump descarta el uso de la fuerza pero exige negociar la compra de Groenlandia MUNDO\",\"isPartOf\":{\"@id\":\"https:\/\/www.sonoraenequipo.com.mx\/#website\"},\"primaryImageOfPage\":{\"@id\":\"https:\/\/www.sonoraenequipo.com.mx\/trump-descarta-el-uso-de-la-fuerza-pero-exige-negociar-la-compra-de-groenlandia\/#primaryimage\"},\"image\":{\"@id\":\"https:\/\/www.sonoraenequipo.com.mx\/trump-descarta-el-uso-de-la-fuerza-pero-exige-negociar-la-compra-de-groenlandia\/#primaryimage\"},\"thumbnailUrl\":\"https:\/\/www.sonoraenequipo.com.mx\/storage\/2026\/01\/foro-economico-mundial-DAVOS.jpg\",\"datePublished\":\"2026-01-22T01:05:13+00:00\",\"dateModified\":\"2026-01-22T04:48:30+00:00\",\"description\":\"DAVOS, SUIZA. \u2014 El presidente\u00a0 de los Estados Unidos, Donald J. Trump, enfatiz\u00f3 en su ponencia en Davos, que no utilizar\u00e1 la fuerza para hacerse con el En Sonora en Equipo publicamos toda la informaci\u00f3n de Sonora, M\u00e9xico y el Mundo de manera oportuna y busca que la libertad de expresi\u00f3n sea real. Visita nuestro medio informativo publicado desde Hermosillo, Sonora. %\",\"breadcrumb\":{\"@id\":\"https:\/\/www.sonoraenequipo.com.mx\/trump-descarta-el-uso-de-la-fuerza-pero-exige-negociar-la-compra-de-groenlandia\/#breadcrumb\"},\"inLanguage\":\"es\",\"potentialAction\":[{\"@type\":\"ReadAction\",\"target\":[\"https:\/\/www.sonoraenequipo.com.mx\/trump-descarta-el-uso-de-la-fuerza-pero-exige-negociar-la-compra-de-groenlandia\/\"]}]},{\"@type\":\"ImageObject\",\"inLanguage\":\"es\",\"@id\":\"https:\/\/www.sonoraenequipo.com.mx\/trump-descarta-el-uso-de-la-fuerza-pero-exige-negociar-la-compra-de-groenlandia\/#primaryimage\",\"url\":\"https:\/\/www.sonoraenequipo.com.mx\/storage\/2026\/01\/foro-economico-mundial-DAVOS.jpg\",\"contentUrl\":\"https:\/\/www.sonoraenequipo.com.mx\/storage\/2026\/01\/foro-economico-mundial-DAVOS.jpg\",\"width\":1024,\"height\":576},{\"@type\":\"BreadcrumbList\",\"@id\":\"https:\/\/www.sonoraenequipo.com.mx\/trump-descarta-el-uso-de-la-fuerza-pero-exige-negociar-la-compra-de-groenlandia\/#breadcrumb\",\"itemListElement\":[{\"@type\":\"ListItem\",\"position\":1,\"name\":\"Portada\",\"item\":\"https:\/\/www.sonoraenequipo.com.mx\/\"},{\"@type\":\"ListItem\",\"position\":2,\"name\":\"Trump descarta el uso de la fuerza pero exige negociar la compra de Groenlandia\"}]},{\"@type\":\"WebSite\",\"@id\":\"https:\/\/www.sonoraenequipo.com.mx\/#website\",\"url\":\"https:\/\/www.sonoraenequipo.com.mx\/\",\"name\":\"Sonora en Equipo.\",\"description\":\"Diario en l\u00ednea con Noticias desde Hermosillo, Sonora\",\"publisher\":{\"@id\":\"https:\/\/www.sonoraenequipo.com.mx\/#organization\"},\"potentialAction\":[{\"@type\":\"SearchAction\",\"target\":{\"@type\":\"EntryPoint\",\"urlTemplate\":\"https:\/\/www.sonoraenequipo.com.mx\/?s={search_term_string}\"},\"query-input\":{\"@type\":\"PropertyValueSpecification\",\"valueRequired\":true,\"valueName\":\"search_term_string\"}}],\"inLanguage\":\"es\"},{\"@type\":\"Organization\",\"@id\":\"https:\/\/www.sonoraenequipo.com.mx\/#organization\",\"name\":\"Sonoraenequipo.com.mx\",\"url\":\"https:\/\/www.sonoraenequipo.com.mx\/\",\"logo\":{\"@type\":\"ImageObject\",\"inLanguage\":\"es\",\"@id\":\"https:\/\/www.sonoraenequipo.com.mx\/#\/schema\/logo\/image\/\",\"url\":\"https:\/\/www.sonoraenequipo.com.mx\/storage\/2019\/01\/sonoraenequipo_opt.png\",\"contentUrl\":\"https:\/\/www.sonoraenequipo.com.mx\/storage\/2019\/01\/sonoraenequipo_opt.png\",\"width\":375,\"height\":125,\"caption\":\"Sonoraenequipo.com.mx\"},\"image\":{\"@id\":\"https:\/\/www.sonoraenequipo.com.mx\/#\/schema\/logo\/image\/\"},\"sameAs\":[\"https:\/\/www.facebook.com\/SonoraEE\/\",\"https:\/\/x.com\/sonoraenequipo\",\"https:\/\/www.youtube.com\/channel\/UC338nW-lPEYmJQs4ZABQ1SQ\"]},{\"@type\":\"Person\",\"@id\":\"https:\/\/www.sonoraenequipo.com.mx\/#\/schema\/person\/50102df0fb23a8fa9e8effad8fa81386\",\"name\":\"enequipo\",\"image\":{\"@type\":\"ImageObject\",\"inLanguage\":\"es\",\"@id\":\"https:\/\/www.sonoraenequipo.com.mx\/#\/schema\/person\/image\/\",\"url\":\"https:\/\/secure.gravatar.com\/avatar\/049821681b589dabc0bc20695993ccebb09f5b5d4d790cd9251b97faac7c652b?s=96&d=blank&r=g\",\"contentUrl\":\"https:\/\/secure.gravatar.com\/avatar\/049821681b589dabc0bc20695993ccebb09f5b5d4d790cd9251b97faac7c652b?s=96&d=blank&r=g\",\"caption\":\"enequipo\"},\"sameAs\":[\"https:\/\/www.facebook.com\/SonoraEE\"]}]}<\/script>\n ","yoast_head_json":{"title":"Sonora en Equipo. Trump descarta el uso de la fuerza pero exige negociar la compra de Groenlandia MUNDO","description":"DAVOS, SUIZA. \u2014 El presidente\u00a0 de los Estados Unidos, Donald J. Trump, enfatiz\u00f3 en su ponencia en Davos, que no utilizar\u00e1 la fuerza para hacerse con el En Sonora en Equipo publicamos toda la informaci\u00f3n de Sonora, M\u00e9xico y el Mundo de manera oportuna y busca que la libertad de expresi\u00f3n sea real. Visita nuestro medio informativo publicado desde Hermosillo, Sonora. %","robots":{"index":"index","follow":"follow","max-snippet":"max-snippet:-1","max-image-preview":"max-image-preview:large","max-video-preview":"max-video-preview:-1"},"canonical":"https:\/\/www.sonoraenequipo.com.mx\/trump-descarta-el-uso-de-la-fuerza-pero-exige-negociar-la-compra-de-groenlandia\/","og_locale":"es_ES","og_type":"article","og_title":"Sonora en Equipo. Trump descarta el uso de la fuerza pero exige negociar la compra de Groenlandia MUNDO","og_description":"DAVOS, SUIZA. \u2014 El presidente\u00a0 de los Estados Unidos, Donald J. Trump, enfatiz\u00f3 en su ponencia en Davos, que no utilizar\u00e1 la fuerza para hacerse con el En Sonora en Equipo publicamos toda la informaci\u00f3n de Sonora, M\u00e9xico y el Mundo de manera oportuna y busca que la libertad de expresi\u00f3n sea real. Visita nuestro medio informativo publicado desde Hermosillo, Sonora. %","og_url":"https:\/\/www.sonoraenequipo.com.mx\/trump-descarta-el-uso-de-la-fuerza-pero-exige-negociar-la-compra-de-groenlandia\/","og_site_name":"Sonora en Equipo.","article_publisher":"https:\/\/www.facebook.com\/SonoraEE\/","article_author":"https:\/\/www.facebook.com\/SonoraEE","article_published_time":"2026-01-22T01:05:13+00:00","article_modified_time":"2026-01-22T04:48:30+00:00","og_image":[{"width":1024,"height":576,"url":"https:\/\/www.sonoraenequipo.com.mx\/storage\/2026\/01\/foro-economico-mundial-DAVOS.jpg","type":"image\/jpeg"}],"author":"enequipo","twitter_card":"summary_large_image","twitter_creator":"@sonoraenequipo","twitter_site":"@sonoraenequipo","twitter_misc":{"Escrito por":"enequipo","Tiempo de lectura":"2 minutos"},"schema":{"@context":"https:\/\/schema.org","@graph":[{"@type":"Article","@id":"https:\/\/www.sonoraenequipo.com.mx\/trump-descarta-el-uso-de-la-fuerza-pero-exige-negociar-la-compra-de-groenlandia\/#article","isPartOf":{"@id":"https:\/\/www.sonoraenequipo.com.mx\/trump-descarta-el-uso-de-la-fuerza-pero-exige-negociar-la-compra-de-groenlandia\/"},"author":{"name":"enequipo","@id":"https:\/\/www.sonoraenequipo.com.mx\/#\/schema\/person\/50102df0fb23a8fa9e8effad8fa81386"},"headline":"Trump descarta el uso de la fuerza pero exige negociar la compra de Groenlandia","datePublished":"2026-01-22T01:05:13+00:00","dateModified":"2026-01-22T04:48:30+00:00","mainEntityOfPage":{"@id":"https:\/\/www.sonoraenequipo.com.mx\/trump-descarta-el-uso-de-la-fuerza-pero-exige-negociar-la-compra-de-groenlandia\/"},"wordCount":372,"commentCount":0,"publisher":{"@id":"https:\/\/www.sonoraenequipo.com.mx\/#organization"},"image":{"@id":"https:\/\/www.sonoraenequipo.com.mx\/trump-descarta-el-uso-de-la-fuerza-pero-exige-negociar-la-compra-de-groenlandia\/#primaryimage"},"thumbnailUrl":"https:\/\/www.sonoraenequipo.com.mx\/storage\/2026\/01\/foro-economico-mundial-DAVOS.jpg","articleSection":["MUNDO"],"inLanguage":"es","potentialAction":[{"@type":"CommentAction","name":"Comment","target":["https:\/\/www.sonoraenequipo.com.mx\/trump-descarta-el-uso-de-la-fuerza-pero-exige-negociar-la-compra-de-groenlandia\/#respond"]}]},{"@type":"WebPage","@id":"https:\/\/www.sonoraenequipo.com.mx\/trump-descarta-el-uso-de-la-fuerza-pero-exige-negociar-la-compra-de-groenlandia\/","url":"https:\/\/www.sonoraenequipo.com.mx\/trump-descarta-el-uso-de-la-fuerza-pero-exige-negociar-la-compra-de-groenlandia\/","name":"Sonora en Equipo. Trump descarta el uso de la fuerza pero exige negociar la compra de Groenlandia MUNDO","isPartOf":{"@id":"https:\/\/www.sonoraenequipo.com.mx\/#website"},"primaryImageOfPage":{"@id":"https:\/\/www.sonoraenequipo.com.mx\/trump-descarta-el-uso-de-la-fuerza-pero-exige-negociar-la-compra-de-groenlandia\/#primaryimage"},"image":{"@id":"https:\/\/www.sonoraenequipo.com.mx\/trump-descarta-el-uso-de-la-fuerza-pero-exige-negociar-la-compra-de-groenlandia\/#primaryimage"},"thumbnailUrl":"https:\/\/www.sonoraenequipo.com.mx\/storage\/2026\/01\/foro-economico-mundial-DAVOS.jpg","datePublished":"2026-01-22T01:05:13+00:00","dateModified":"2026-01-22T04:48:30+00:00","description":"DAVOS, SUIZA. \u2014 El presidente\u00a0 de los Estados Unidos, Donald J. Trump, enfatiz\u00f3 en su ponencia en Davos, que no utilizar\u00e1 la fuerza para hacerse con el En Sonora en Equipo publicamos toda la informaci\u00f3n de Sonora, M\u00e9xico y el Mundo de manera oportuna y busca que la libertad de expresi\u00f3n sea real. Visita nuestro medio informativo publicado desde Hermosillo, Sonora. %","breadcrumb":{"@id":"https:\/\/www.sonoraenequipo.com.mx\/trump-descarta-el-uso-de-la-fuerza-pero-exige-negociar-la-compra-de-groenlandia\/#breadcrumb"},"inLanguage":"es","potentialAction":[{"@type":"ReadAction","target":["https:\/\/www.sonoraenequipo.com.mx\/trump-descarta-el-uso-de-la-fuerza-pero-exige-negociar-la-compra-de-groenlandia\/"]}]},{"@type":"ImageObject","inLanguage":"es","@id":"https:\/\/www.sonoraenequipo.com.mx\/trump-descarta-el-uso-de-la-fuerza-pero-exige-negociar-la-compra-de-groenlandia\/#primaryimage","url":"https:\/\/www.sonoraenequipo.com.mx\/storage\/2026\/01\/foro-economico-mundial-DAVOS.jpg","contentUrl":"https:\/\/www.sonoraenequipo.com.mx\/storage\/2026\/01\/foro-economico-mundial-DAVOS.jpg","width":1024,"height":576},{"@type":"BreadcrumbList","@id":"https:\/\/www.sonoraenequipo.com.mx\/trump-descarta-el-uso-de-la-fuerza-pero-exige-negociar-la-compra-de-groenlandia\/#breadcrumb","itemListElement":[{"@type":"ListItem","position":1,"name":"Portada","item":"https:\/\/www.sonoraenequipo.com.mx\/"},{"@type":"ListItem","position":2,"name":"Trump descarta el uso de la fuerza pero exige negociar la compra de Groenlandia"}]},{"@type":"WebSite","@id":"https:\/\/www.sonoraenequipo.com.mx\/#website","url":"https:\/\/www.sonoraenequipo.com.mx\/","name":"Sonora en Equipo.","description":"Diario en l\u00ednea con Noticias desde Hermosillo, Sonora","publisher":{"@id":"https:\/\/www.sonoraenequipo.com.mx\/#organization"},"potentialAction":[{"@type":"SearchAction","target":{"@type":"EntryPoint","urlTemplate":"https:\/\/www.sonoraenequipo.com.mx\/?s={search_term_string}"},"query-input":{"@type":"PropertyValueSpecification","valueRequired":true,"valueName":"search_term_string"}}],"inLanguage":"es"},{"@type":"Organization","@id":"https:\/\/www.sonoraenequipo.com.mx\/#organization","name":"Sonoraenequipo.com.mx","url":"https:\/\/www.sonoraenequipo.com.mx\/","logo":{"@type":"ImageObject","inLanguage":"es","@id":"https:\/\/www.sonoraenequipo.com.mx\/#\/schema\/logo\/image\/","url":"https:\/\/www.sonoraenequipo.com.mx\/storage\/2019\/01\/sonoraenequipo_opt.png","contentUrl":"https:\/\/www.sonoraenequipo.com.mx\/storage\/2019\/01\/sonoraenequipo_opt.png","width":375,"height":125,"caption":"Sonoraenequipo.com.mx"},"image":{"@id":"https:\/\/www.sonoraenequipo.com.mx\/#\/schema\/logo\/image\/"},"sameAs":["https:\/\/www.facebook.com\/SonoraEE\/","https:\/\/x.com\/sonoraenequipo","https:\/\/www.youtube.com\/channel\/UC338nW-lPEYmJQs4ZABQ1SQ"]},{"@type":"Person","@id":"https:\/\/www.sonoraenequipo.com.mx\/#\/schema\/person\/50102df0fb23a8fa9e8effad8fa81386","name":"enequipo","image":{"@type":"ImageObject","inLanguage":"es","@id":"https:\/\/www.sonoraenequipo.com.mx\/#\/schema\/person\/image\/","url":"https:\/\/secure.gravatar.com\/avatar\/049821681b589dabc0bc20695993ccebb09f5b5d4d790cd9251b97faac7c652b?s=96&d=blank&r=g","contentUrl":"https:\/\/secure.gravatar.com\/avatar\/049821681b589dabc0bc20695993ccebb09f5b5d4d790cd9251b97faac7c652b?s=96&d=blank&r=g","caption":"enequipo"},"sameAs":["https:\/\/www.facebook.com\/SonoraEE"]}]}},"jetpack_featured_media_url":"https:\/\/www.sonoraenequipo.com.mx\/storage\/2026\/01\/foro-economico-mundial-DAVOS.jpg","_links":{"self":[{"href":"https:\/\/www.sonoraenequipo.com.mx\/api\/wp\/v2\/posts\/233580","targetHints":{"allow":["GET"]}}],"collection":[{"href":"https:\/\/www.sonoraenequipo.com.mx\/api\/wp\/v2\/posts"}],"about":[{"href":"https:\/\/www.sonoraenequipo.com.mx\/api\/wp\/v2\/types\/post"}],"author":[{"embeddable":true,"href":"https:\/\/www.sonoraenequipo.com.mx\/api\/wp\/v2\/users\/1"}],"replies":[{"embeddable":true,"href":"https:\/\/www.sonoraenequipo.com.mx\/api\/wp\/v2\/comments?post=233580"}],"version-history":[{"count":1,"href":"https:\/\/www.sonoraenequipo.com.mx\/api\/wp\/v2\/posts\/233580\/revisions"}],"predecessor-version":[{"id":233581,"href":"https:\/\/www.sonoraenequipo.com.mx\/api\/wp\/v2\/posts\/233580\/revisions\/233581"}],"wp:featuredmedia":[{"embeddable":true,"href":"https:\/\/www.sonoraenequipo.com.mx\/api\/wp\/v2\/media\/233569"}],"wp:attachment":[{"href":"https:\/\/www.sonoraenequipo.com.mx\/api\/wp\/v2\/media?parent=233580"}],"wp:term":[{"taxonomy":"category","embeddable":true,"href":"https:\/\/www.sonoraenequipo.com.mx\/api\/wp\/v2\/categories?post=233580"},{"taxonomy":"post_tag","embeddable":true,"href":"https:\/\/www.sonoraenequipo.com.mx\/api\/wp\/v2\/tags?post=233580"}],"curies":[{"name":"wp","href":"https:\/\/api.w.org\/{rel}","templated":true}]}}