{"id":233586,"date":"2026-01-21T11:40:25","date_gmt":"2026-01-21T18:40:25","guid":{"rendered":"https:\/\/www.sonoraenequipo.com.mx\/?p=233586"},"modified":"2026-01-21T18:27:06","modified_gmt":"2026-01-22T01:27:06","slug":"mexico-y-canada-ratifican-su-compromiso-con-la-justicia-para-pueblos-originarios","status":"publish","type":"post","link":"https:\/\/www.sonoraenequipo.com.mx\/mexico-y-canada-ratifican-su-compromiso-con-la-justicia-para-pueblos-originarios\/","title":{"rendered":"M\u00e9xico y Canad\u00e1 ratifican su compromiso con la justicia para pueblos originarios"},"content":{"rendered":"<p><strong>CIUDAD DE M\u00c9XICO. MX. \u2014<\/strong> La presidenta Claudia Sheinbaum enfatiz\u00f3 en su reuni\u00f3n cultural bilateral con la Gobernadora General de Canad\u00e1, Mary Simon, acontecimiento que tom\u00f3 lugar el d\u00eda 20 de enero en el palacio nacional.<\/p>\n<p>&nbsp;<\/p>\n<p>&nbsp;<\/p>\n<p> <\/p>\n<p>Durante su encuentro, destac\u00f3 el tema de la lucha por la defensa de los pueblos originarios en ambas naciones.<\/p>\n<p>&nbsp;<\/p>\n<p>&nbsp;<\/p>\n<p><em><strong>\u00abElla es una activista por los derechos de los pueblos ind\u00edgenas en Canad\u00e1, tiene un programa de reconciliaci\u00f3n en contra de la discriminaci\u00f3n\u00bb<\/strong><\/em>, coment\u00f3 la mandataria.<\/p>\n<p>&nbsp;<\/p>\n<p>&nbsp;<\/p>\n<p>&nbsp;<\/p>\n<p>La presidenta decidi\u00f3 abundar en el tema al compartir el cambio al Articulo Segundo; modificaci\u00f3n que se refiere a una reforma constitucional que reconoce y fortalece los derechos de los pueblos ind\u00edgenas y afro-mexicanos, estableciendo su autonom\u00eda, libre determinaci\u00f3n y asegurando la protecci\u00f3n de sus culturas, leguas, sistemas y territorios.<\/p>\n<p>&nbsp;<\/p>\n<p>&nbsp;<\/p>\n<p>&nbsp;<\/p>\n<p>Saldar la deuda hist\u00f3rica es la motivaci\u00f3n de ambas gestiones, coincidiendo en sus metas de justicia social y la no discriminaci\u00f3n en un contexto pluricultural.<\/p>\n<p>&nbsp;<\/p>\n<p>&nbsp;<\/p>\n<p>Para culminar, Sheinbaum agreg\u00f3 que Simon es una mujer muy interesante.<\/p>\n<p>&nbsp;<\/p>\n<p>&nbsp;<\/p>\n<p>PUBLICADO EL 21 ENERO DE 2026 Con informaci\u00f3n de GOBMEX)<\/p>\n","protected":false},"excerpt":{"rendered":"<p>CIUDAD DE M\u00c9XICO. MX. \u2014 La presidenta Claudia Sheinbaum enfatiz\u00f3 en su reuni\u00f3n cultural bilateral&#8230;<\/p>\n","protected":false},"author":1,"featured_media":233587,"comment_status":"open","ping_status":"open","sticky":false,"template":"","format":"standard","meta":{"_monsterinsights_skip_tracking":false,"_monsterinsights_sitenote_active":false,"_monsterinsights_sitenote_note":"","_monsterinsights_sitenote_category":0,"footnotes":""},"categories":[3],"tags":[],"class_list":["post"],"yoast_head":" \n<title>Sonora en Equipo. M\u00e9xico y Canad\u00e1 ratifican su compromiso con la justicia para pueblos originarios MUNDO<\/title>\n<meta name=\"description\" content=\"CIUDAD DE M\u00c9XICO. MX. \u2014 La presidenta Claudia Sheinbaum enfatiz\u00f3 en su reuni\u00f3n cultural bilateral con la Gobernadora General de Canad\u00e1, Mary Simon, En Sonora en Equipo publicamos toda la informaci\u00f3n de Sonora, M\u00e9xico y el Mundo de manera oportuna y busca que la libertad de expresi\u00f3n sea real. Visita nuestro medio informativo publicado desde Hermosillo, Sonora. %\" \/>\n<meta name=\"robots\" content=\"index, follow, max-snippet:-1, max-image-preview:large, max-video-preview:-1\" \/>\n<link rel=\"canonical\" href=\"https:\/\/www.sonoraenequipo.com.mx\/mexico-y-canada-ratifican-su-compromiso-con-la-justicia-para-pueblos-originarios\/\" \/>\n<meta property=\"og:locale\" content=\"es_ES\" \/>\n<meta property=\"og:type\" content=\"article\" \/>\n<meta property=\"og:title\" content=\"Sonora en Equipo. M\u00e9xico y Canad\u00e1 ratifican su compromiso con la justicia para pueblos originarios MUNDO\" \/>\n<meta property=\"og:description\" content=\"CIUDAD DE M\u00c9XICO. MX. \u2014 La presidenta Claudia Sheinbaum enfatiz\u00f3 en su reuni\u00f3n cultural bilateral con la Gobernadora General de Canad\u00e1, Mary Simon, En Sonora en Equipo publicamos toda la informaci\u00f3n de Sonora, M\u00e9xico y el Mundo de manera oportuna y busca que la libertad de expresi\u00f3n sea real. Visita nuestro medio informativo publicado desde Hermosillo, Sonora. %\" \/>\n<meta property=\"og:url\" content=\"https:\/\/www.sonoraenequipo.com.mx\/mexico-y-canada-ratifican-su-compromiso-con-la-justicia-para-pueblos-originarios\/\" \/>\n<meta property=\"og:site_name\" content=\"Sonora en Equipo.\" \/>\n<meta property=\"article:publisher\" content=\"https:\/\/www.facebook.com\/SonoraEE\/\" \/>\n<meta property=\"article:author\" content=\"https:\/\/www.facebook.com\/SonoraEE\" \/>\n<meta property=\"article:published_time\" content=\"2026-01-21T18:40:25+00:00\" \/>\n<meta property=\"article:modified_time\" content=\"2026-01-22T01:27:06+00:00\" \/>\n<meta property=\"og:image\" content=\"https:\/\/www.sonoraenequipo.com.mx\/storage\/2026\/01\/Mexico-y-Canda-renuevan-sus-ciompromisos-1.jpg\" \/>\n\t<meta property=\"og:image:width\" content=\"1600\" \/>\n\t<meta property=\"og:image:height\" content=\"1200\" \/>\n\t<meta property=\"og:image:type\" content=\"image\/jpeg\" \/>\n<meta name=\"author\" content=\"enequipo\" \/>\n<meta name=\"twitter:card\" content=\"summary_large_image\" \/>\n<meta name=\"twitter:creator\" content=\"@sonoraenequipo\" \/>\n<meta name=\"twitter:site\" content=\"@sonoraenequipo\" \/>\n<meta name=\"twitter:label1\" content=\"Escrito por\" \/>\n\t<meta name=\"twitter:data1\" content=\"enequipo\" \/>\n\t<meta name=\"twitter:label2\" content=\"Tiempo de lectura\" \/>\n\t<meta name=\"twitter:data2\" content=\"1 minuto\" \/>\n<script type=\"application\/ld+json\" class=\"yoast-schema-graph\">{\"@context\":\"https:\/\/schema.org\",\"@graph\":[{\"@type\":\"Article\",\"@id\":\"https:\/\/www.sonoraenequipo.com.mx\/mexico-y-canada-ratifican-su-compromiso-con-la-justicia-para-pueblos-originarios\/#article\",\"isPartOf\":{\"@id\":\"https:\/\/www.sonoraenequipo.com.mx\/mexico-y-canada-ratifican-su-compromiso-con-la-justicia-para-pueblos-originarios\/\"},\"author\":{\"name\":\"enequipo\",\"@id\":\"https:\/\/www.sonoraenequipo.com.mx\/#\/schema\/person\/50102df0fb23a8fa9e8effad8fa81386\"},\"headline\":\"M\u00e9xico y Canad\u00e1 ratifican su compromiso con la justicia para pueblos originarios\",\"datePublished\":\"2026-01-21T18:40:25+00:00\",\"dateModified\":\"2026-01-22T01:27:06+00:00\",\"mainEntityOfPage\":{\"@id\":\"https:\/\/www.sonoraenequipo.com.mx\/mexico-y-canada-ratifican-su-compromiso-con-la-justicia-para-pueblos-originarios\/\"},\"wordCount\":215,\"commentCount\":0,\"publisher\":{\"@id\":\"https:\/\/www.sonoraenequipo.com.mx\/#organization\"},\"image\":{\"@id\":\"https:\/\/www.sonoraenequipo.com.mx\/mexico-y-canada-ratifican-su-compromiso-con-la-justicia-para-pueblos-originarios\/#primaryimage\"},\"thumbnailUrl\":\"https:\/\/www.sonoraenequipo.com.mx\/storage\/2026\/01\/Mexico-y-Canda-renuevan-sus-ciompromisos-1.jpg\",\"articleSection\":[\"MUNDO\"],\"inLanguage\":\"es\",\"potentialAction\":[{\"@type\":\"CommentAction\",\"name\":\"Comment\",\"target\":[\"https:\/\/www.sonoraenequipo.com.mx\/mexico-y-canada-ratifican-su-compromiso-con-la-justicia-para-pueblos-originarios\/#respond\"]}]},{\"@type\":\"WebPage\",\"@id\":\"https:\/\/www.sonoraenequipo.com.mx\/mexico-y-canada-ratifican-su-compromiso-con-la-justicia-para-pueblos-originarios\/\",\"url\":\"https:\/\/www.sonoraenequipo.com.mx\/mexico-y-canada-ratifican-su-compromiso-con-la-justicia-para-pueblos-originarios\/\",\"name\":\"Sonora en Equipo. M\u00e9xico y Canad\u00e1 ratifican su compromiso con la justicia para pueblos originarios MUNDO\",\"isPartOf\":{\"@id\":\"https:\/\/www.sonoraenequipo.com.mx\/#website\"},\"primaryImageOfPage\":{\"@id\":\"https:\/\/www.sonoraenequipo.com.mx\/mexico-y-canada-ratifican-su-compromiso-con-la-justicia-para-pueblos-originarios\/#primaryimage\"},\"image\":{\"@id\":\"https:\/\/www.sonoraenequipo.com.mx\/mexico-y-canada-ratifican-su-compromiso-con-la-justicia-para-pueblos-originarios\/#primaryimage\"},\"thumbnailUrl\":\"https:\/\/www.sonoraenequipo.com.mx\/storage\/2026\/01\/Mexico-y-Canda-renuevan-sus-ciompromisos-1.jpg\",\"datePublished\":\"2026-01-21T18:40:25+00:00\",\"dateModified\":\"2026-01-22T01:27:06+00:00\",\"description\":\"CIUDAD DE M\u00c9XICO. MX. \u2014 La presidenta Claudia Sheinbaum enfatiz\u00f3 en su reuni\u00f3n cultural bilateral con la Gobernadora General de Canad\u00e1, Mary Simon, En Sonora en Equipo publicamos toda la informaci\u00f3n de Sonora, M\u00e9xico y el Mundo de manera oportuna y busca que la libertad de expresi\u00f3n sea real. Visita nuestro medio informativo publicado desde Hermosillo, Sonora. %\",\"breadcrumb\":{\"@id\":\"https:\/\/www.sonoraenequipo.com.mx\/mexico-y-canada-ratifican-su-compromiso-con-la-justicia-para-pueblos-originarios\/#breadcrumb\"},\"inLanguage\":\"es\",\"potentialAction\":[{\"@type\":\"ReadAction\",\"target\":[\"https:\/\/www.sonoraenequipo.com.mx\/mexico-y-canada-ratifican-su-compromiso-con-la-justicia-para-pueblos-originarios\/\"]}]},{\"@type\":\"ImageObject\",\"inLanguage\":\"es\",\"@id\":\"https:\/\/www.sonoraenequipo.com.mx\/mexico-y-canada-ratifican-su-compromiso-con-la-justicia-para-pueblos-originarios\/#primaryimage\",\"url\":\"https:\/\/www.sonoraenequipo.com.mx\/storage\/2026\/01\/Mexico-y-Canda-renuevan-sus-ciompromisos-1.jpg\",\"contentUrl\":\"https:\/\/www.sonoraenequipo.com.mx\/storage\/2026\/01\/Mexico-y-Canda-renuevan-sus-ciompromisos-1.jpg\",\"width\":1600,\"height\":1200},{\"@type\":\"BreadcrumbList\",\"@id\":\"https:\/\/www.sonoraenequipo.com.mx\/mexico-y-canada-ratifican-su-compromiso-con-la-justicia-para-pueblos-originarios\/#breadcrumb\",\"itemListElement\":[{\"@type\":\"ListItem\",\"position\":1,\"name\":\"Portada\",\"item\":\"https:\/\/www.sonoraenequipo.com.mx\/\"},{\"@type\":\"ListItem\",\"position\":2,\"name\":\"M\u00e9xico y Canad\u00e1 ratifican su compromiso con la justicia para pueblos originarios\"}]},{\"@type\":\"WebSite\",\"@id\":\"https:\/\/www.sonoraenequipo.com.mx\/#website\",\"url\":\"https:\/\/www.sonoraenequipo.com.mx\/\",\"name\":\"Sonora en Equipo.\",\"description\":\"Diario en l\u00ednea con Noticias desde Hermosillo, Sonora\",\"publisher\":{\"@id\":\"https:\/\/www.sonoraenequipo.com.mx\/#organization\"},\"potentialAction\":[{\"@type\":\"SearchAction\",\"target\":{\"@type\":\"EntryPoint\",\"urlTemplate\":\"https:\/\/www.sonoraenequipo.com.mx\/?s={search_term_string}\"},\"query-input\":{\"@type\":\"PropertyValueSpecification\",\"valueRequired\":true,\"valueName\":\"search_term_string\"}}],\"inLanguage\":\"es\"},{\"@type\":\"Organization\",\"@id\":\"https:\/\/www.sonoraenequipo.com.mx\/#organization\",\"name\":\"Sonoraenequipo.com.mx\",\"url\":\"https:\/\/www.sonoraenequipo.com.mx\/\",\"logo\":{\"@type\":\"ImageObject\",\"inLanguage\":\"es\",\"@id\":\"https:\/\/www.sonoraenequipo.com.mx\/#\/schema\/logo\/image\/\",\"url\":\"https:\/\/www.sonoraenequipo.com.mx\/storage\/2019\/01\/sonoraenequipo_opt.png\",\"contentUrl\":\"https:\/\/www.sonoraenequipo.com.mx\/storage\/2019\/01\/sonoraenequipo_opt.png\",\"width\":375,\"height\":125,\"caption\":\"Sonoraenequipo.com.mx\"},\"image\":{\"@id\":\"https:\/\/www.sonoraenequipo.com.mx\/#\/schema\/logo\/image\/\"},\"sameAs\":[\"https:\/\/www.facebook.com\/SonoraEE\/\",\"https:\/\/x.com\/sonoraenequipo\",\"https:\/\/www.youtube.com\/channel\/UC338nW-lPEYmJQs4ZABQ1SQ\"]},{\"@type\":\"Person\",\"@id\":\"https:\/\/www.sonoraenequipo.com.mx\/#\/schema\/person\/50102df0fb23a8fa9e8effad8fa81386\",\"name\":\"enequipo\",\"image\":{\"@type\":\"ImageObject\",\"inLanguage\":\"es\",\"@id\":\"https:\/\/www.sonoraenequipo.com.mx\/#\/schema\/person\/image\/\",\"url\":\"https:\/\/secure.gravatar.com\/avatar\/049821681b589dabc0bc20695993ccebb09f5b5d4d790cd9251b97faac7c652b?s=96&d=blank&r=g\",\"contentUrl\":\"https:\/\/secure.gravatar.com\/avatar\/049821681b589dabc0bc20695993ccebb09f5b5d4d790cd9251b97faac7c652b?s=96&d=blank&r=g\",\"caption\":\"enequipo\"},\"sameAs\":[\"https:\/\/www.facebook.com\/SonoraEE\"]}]}<\/script>\n ","yoast_head_json":{"title":"Sonora en Equipo. M\u00e9xico y Canad\u00e1 ratifican su compromiso con la justicia para pueblos originarios MUNDO","description":"CIUDAD DE M\u00c9XICO. MX. \u2014 La presidenta Claudia Sheinbaum enfatiz\u00f3 en su reuni\u00f3n cultural bilateral con la Gobernadora General de Canad\u00e1, Mary Simon, En Sonora en Equipo publicamos toda la informaci\u00f3n de Sonora, M\u00e9xico y el Mundo de manera oportuna y busca que la libertad de expresi\u00f3n sea real. Visita nuestro medio informativo publicado desde Hermosillo, Sonora. %","robots":{"index":"index","follow":"follow","max-snippet":"max-snippet:-1","max-image-preview":"max-image-preview:large","max-video-preview":"max-video-preview:-1"},"canonical":"https:\/\/www.sonoraenequipo.com.mx\/mexico-y-canada-ratifican-su-compromiso-con-la-justicia-para-pueblos-originarios\/","og_locale":"es_ES","og_type":"article","og_title":"Sonora en Equipo. M\u00e9xico y Canad\u00e1 ratifican su compromiso con la justicia para pueblos originarios MUNDO","og_description":"CIUDAD DE M\u00c9XICO. MX. \u2014 La presidenta Claudia Sheinbaum enfatiz\u00f3 en su reuni\u00f3n cultural bilateral con la Gobernadora General de Canad\u00e1, Mary Simon, En Sonora en Equipo publicamos toda la informaci\u00f3n de Sonora, M\u00e9xico y el Mundo de manera oportuna y busca que la libertad de expresi\u00f3n sea real. Visita nuestro medio informativo publicado desde Hermosillo, Sonora. %","og_url":"https:\/\/www.sonoraenequipo.com.mx\/mexico-y-canada-ratifican-su-compromiso-con-la-justicia-para-pueblos-originarios\/","og_site_name":"Sonora en Equipo.","article_publisher":"https:\/\/www.facebook.com\/SonoraEE\/","article_author":"https:\/\/www.facebook.com\/SonoraEE","article_published_time":"2026-01-21T18:40:25+00:00","article_modified_time":"2026-01-22T01:27:06+00:00","og_image":[{"width":1600,"height":1200,"url":"https:\/\/www.sonoraenequipo.com.mx\/storage\/2026\/01\/Mexico-y-Canda-renuevan-sus-ciompromisos-1.jpg","type":"image\/jpeg"}],"author":"enequipo","twitter_card":"summary_large_image","twitter_creator":"@sonoraenequipo","twitter_site":"@sonoraenequipo","twitter_misc":{"Escrito por":"enequipo","Tiempo de lectura":"1 minuto"},"schema":{"@context":"https:\/\/schema.org","@graph":[{"@type":"Article","@id":"https:\/\/www.sonoraenequipo.com.mx\/mexico-y-canada-ratifican-su-compromiso-con-la-justicia-para-pueblos-originarios\/#article","isPartOf":{"@id":"https:\/\/www.sonoraenequipo.com.mx\/mexico-y-canada-ratifican-su-compromiso-con-la-justicia-para-pueblos-originarios\/"},"author":{"name":"enequipo","@id":"https:\/\/www.sonoraenequipo.com.mx\/#\/schema\/person\/50102df0fb23a8fa9e8effad8fa81386"},"headline":"M\u00e9xico y Canad\u00e1 ratifican su compromiso con la justicia para pueblos originarios","datePublished":"2026-01-21T18:40:25+00:00","dateModified":"2026-01-22T01:27:06+00:00","mainEntityOfPage":{"@id":"https:\/\/www.sonoraenequipo.com.mx\/mexico-y-canada-ratifican-su-compromiso-con-la-justicia-para-pueblos-originarios\/"},"wordCount":215,"commentCount":0,"publisher":{"@id":"https:\/\/www.sonoraenequipo.com.mx\/#organization"},"image":{"@id":"https:\/\/www.sonoraenequipo.com.mx\/mexico-y-canada-ratifican-su-compromiso-con-la-justicia-para-pueblos-originarios\/#primaryimage"},"thumbnailUrl":"https:\/\/www.sonoraenequipo.com.mx\/storage\/2026\/01\/Mexico-y-Canda-renuevan-sus-ciompromisos-1.jpg","articleSection":["MUNDO"],"inLanguage":"es","potentialAction":[{"@type":"CommentAction","name":"Comment","target":["https:\/\/www.sonoraenequipo.com.mx\/mexico-y-canada-ratifican-su-compromiso-con-la-justicia-para-pueblos-originarios\/#respond"]}]},{"@type":"WebPage","@id":"https:\/\/www.sonoraenequipo.com.mx\/mexico-y-canada-ratifican-su-compromiso-con-la-justicia-para-pueblos-originarios\/","url":"https:\/\/www.sonoraenequipo.com.mx\/mexico-y-canada-ratifican-su-compromiso-con-la-justicia-para-pueblos-originarios\/","name":"Sonora en Equipo. M\u00e9xico y Canad\u00e1 ratifican su compromiso con la justicia para pueblos originarios MUNDO","isPartOf":{"@id":"https:\/\/www.sonoraenequipo.com.mx\/#website"},"primaryImageOfPage":{"@id":"https:\/\/www.sonoraenequipo.com.mx\/mexico-y-canada-ratifican-su-compromiso-con-la-justicia-para-pueblos-originarios\/#primaryimage"},"image":{"@id":"https:\/\/www.sonoraenequipo.com.mx\/mexico-y-canada-ratifican-su-compromiso-con-la-justicia-para-pueblos-originarios\/#primaryimage"},"thumbnailUrl":"https:\/\/www.sonoraenequipo.com.mx\/storage\/2026\/01\/Mexico-y-Canda-renuevan-sus-ciompromisos-1.jpg","datePublished":"2026-01-21T18:40:25+00:00","dateModified":"2026-01-22T01:27:06+00:00","description":"CIUDAD DE M\u00c9XICO. MX. \u2014 La presidenta Claudia Sheinbaum enfatiz\u00f3 en su reuni\u00f3n cultural bilateral con la Gobernadora General de Canad\u00e1, Mary Simon, En Sonora en Equipo publicamos toda la informaci\u00f3n de Sonora, M\u00e9xico y el Mundo de manera oportuna y busca que la libertad de expresi\u00f3n sea real. Visita nuestro medio informativo publicado desde Hermosillo, Sonora. %","breadcrumb":{"@id":"https:\/\/www.sonoraenequipo.com.mx\/mexico-y-canada-ratifican-su-compromiso-con-la-justicia-para-pueblos-originarios\/#breadcrumb"},"inLanguage":"es","potentialAction":[{"@type":"ReadAction","target":["https:\/\/www.sonoraenequipo.com.mx\/mexico-y-canada-ratifican-su-compromiso-con-la-justicia-para-pueblos-originarios\/"]}]},{"@type":"ImageObject","inLanguage":"es","@id":"https:\/\/www.sonoraenequipo.com.mx\/mexico-y-canada-ratifican-su-compromiso-con-la-justicia-para-pueblos-originarios\/#primaryimage","url":"https:\/\/www.sonoraenequipo.com.mx\/storage\/2026\/01\/Mexico-y-Canda-renuevan-sus-ciompromisos-1.jpg","contentUrl":"https:\/\/www.sonoraenequipo.com.mx\/storage\/2026\/01\/Mexico-y-Canda-renuevan-sus-ciompromisos-1.jpg","width":1600,"height":1200},{"@type":"BreadcrumbList","@id":"https:\/\/www.sonoraenequipo.com.mx\/mexico-y-canada-ratifican-su-compromiso-con-la-justicia-para-pueblos-originarios\/#breadcrumb","itemListElement":[{"@type":"ListItem","position":1,"name":"Portada","item":"https:\/\/www.sonoraenequipo.com.mx\/"},{"@type":"ListItem","position":2,"name":"M\u00e9xico y Canad\u00e1 ratifican su compromiso con la justicia para pueblos originarios"}]},{"@type":"WebSite","@id":"https:\/\/www.sonoraenequipo.com.mx\/#website","url":"https:\/\/www.sonoraenequipo.com.mx\/","name":"Sonora en Equipo.","description":"Diario en l\u00ednea con Noticias desde Hermosillo, Sonora","publisher":{"@id":"https:\/\/www.sonoraenequipo.com.mx\/#organization"},"potentialAction":[{"@type":"SearchAction","target":{"@type":"EntryPoint","urlTemplate":"https:\/\/www.sonoraenequipo.com.mx\/?s={search_term_string}"},"query-input":{"@type":"PropertyValueSpecification","valueRequired":true,"valueName":"search_term_string"}}],"inLanguage":"es"},{"@type":"Organization","@id":"https:\/\/www.sonoraenequipo.com.mx\/#organization","name":"Sonoraenequipo.com.mx","url":"https:\/\/www.sonoraenequipo.com.mx\/","logo":{"@type":"ImageObject","inLanguage":"es","@id":"https:\/\/www.sonoraenequipo.com.mx\/#\/schema\/logo\/image\/","url":"https:\/\/www.sonoraenequipo.com.mx\/storage\/2019\/01\/sonoraenequipo_opt.png","contentUrl":"https:\/\/www.sonoraenequipo.com.mx\/storage\/2019\/01\/sonoraenequipo_opt.png","width":375,"height":125,"caption":"Sonoraenequipo.com.mx"},"image":{"@id":"https:\/\/www.sonoraenequipo.com.mx\/#\/schema\/logo\/image\/"},"sameAs":["https:\/\/www.facebook.com\/SonoraEE\/","https:\/\/x.com\/sonoraenequipo","https:\/\/www.youtube.com\/channel\/UC338nW-lPEYmJQs4ZABQ1SQ"]},{"@type":"Person","@id":"https:\/\/www.sonoraenequipo.com.mx\/#\/schema\/person\/50102df0fb23a8fa9e8effad8fa81386","name":"enequipo","image":{"@type":"ImageObject","inLanguage":"es","@id":"https:\/\/www.sonoraenequipo.com.mx\/#\/schema\/person\/image\/","url":"https:\/\/secure.gravatar.com\/avatar\/049821681b589dabc0bc20695993ccebb09f5b5d4d790cd9251b97faac7c652b?s=96&d=blank&r=g","contentUrl":"https:\/\/secure.gravatar.com\/avatar\/049821681b589dabc0bc20695993ccebb09f5b5d4d790cd9251b97faac7c652b?s=96&d=blank&r=g","caption":"enequipo"},"sameAs":["https:\/\/www.facebook.com\/SonoraEE"]}]}},"jetpack_featured_media_url":"https:\/\/www.sonoraenequipo.com.mx\/storage\/2026\/01\/Mexico-y-Canda-renuevan-sus-ciompromisos-1.jpg","_links":{"self":[{"href":"https:\/\/www.sonoraenequipo.com.mx\/api\/wp\/v2\/posts\/233586","targetHints":{"allow":["GET"]}}],"collection":[{"href":"https:\/\/www.sonoraenequipo.com.mx\/api\/wp\/v2\/posts"}],"about":[{"href":"https:\/\/www.sonoraenequipo.com.mx\/api\/wp\/v2\/types\/post"}],"author":[{"embeddable":true,"href":"https:\/\/www.sonoraenequipo.com.mx\/api\/wp\/v2\/users\/1"}],"replies":[{"embeddable":true,"href":"https:\/\/www.sonoraenequipo.com.mx\/api\/wp\/v2\/comments?post=233586"}],"version-history":[{"count":2,"href":"https:\/\/www.sonoraenequipo.com.mx\/api\/wp\/v2\/posts\/233586\/revisions"}],"predecessor-version":[{"id":233589,"href":"https:\/\/www.sonoraenequipo.com.mx\/api\/wp\/v2\/posts\/233586\/revisions\/233589"}],"wp:featuredmedia":[{"embeddable":true,"href":"https:\/\/www.sonoraenequipo.com.mx\/api\/wp\/v2\/media\/233587"}],"wp:attachment":[{"href":"https:\/\/www.sonoraenequipo.com.mx\/api\/wp\/v2\/media?parent=233586"}],"wp:term":[{"taxonomy":"category","embeddable":true,"href":"https:\/\/www.sonoraenequipo.com.mx\/api\/wp\/v2\/categories?post=233586"},{"taxonomy":"post_tag","embeddable":true,"href":"https:\/\/www.sonoraenequipo.com.mx\/api\/wp\/v2\/tags?post=233586"}],"curies":[{"name":"wp","href":"https:\/\/api.w.org\/{rel}","templated":true}]}}