{"id":233590,"date":"2026-01-21T20:21:24","date_gmt":"2026-01-22T03:21:24","guid":{"rendered":"https:\/\/www.sonoraenequipo.com.mx\/?p=233590"},"modified":"2026-01-21T18:59:31","modified_gmt":"2026-01-22T01:59:31","slug":"reportan-evacuacion-en-centro-de-conferencias-en-davos-sede-del-foro-economico-mundial","status":"publish","type":"post","link":"https:\/\/www.sonoraenequipo.com.mx\/reportan-evacuacion-en-centro-de-conferencias-en-davos-sede-del-foro-economico-mundial\/","title":{"rendered":"Reportan Evacuaci\u00f3n en Centro de Conferencias en Davos, Sede del Foro Econ\u00f3mico Mundial"},"content":{"rendered":"<p><strong>DAVOS, SUIZA. \u2014<\/strong> Este mi\u00e9rcoles, 21 de enero de 2026, servicios de emergencia evacuaron un centro de conferencias en Davos, Suiza, donde se celebra la reuni\u00f3n anual del Foro Econ\u00f3mico Mundial.<\/p>\n<p>&nbsp;<\/p>\n<p>&nbsp;<\/p>\n<p> <br \/>\nEl incidente se registr\u00f3 alrededor de las 20:56 horas, tiempo local. Cuerpos de bomberos especializados fueron desplegados al sitio, seg\u00fan informaci\u00f3n del medio noruego NRK, cuyo reportero se encontraba en el lugar.<\/p>\n<p>&nbsp;<\/p>\n<p>&nbsp;<\/p>\n<h3>Testigos confirman evacuaci\u00f3n de emergencia<\/h3>\n<p>&nbsp;<\/p>\n<p>Lilli Gruber, reportera presente en Davos, confirm\u00f3 el desalojo del centro de conferencias. \u00abNos evacuaron a todos. Dejamos todas nuestras cosas dentro porque parece que hay un incendio en un hotel cercano. Hay helic\u00f3pteros sobrevolando, est\u00e1 lleno de bomberos, as\u00ed que hay una emergencia de evacuaci\u00f3n\u00bb, describi\u00f3 la periodista.<\/p>\n<p>&nbsp;<\/p>\n<p>&nbsp;<\/p>\n<p>&nbsp;<\/p>\n<p>La agencia italiana ANSA inform\u00f3 sobre rumores de un incendio en un hotel de la zona. Otros medios internacionales refieren reportes de presencia de humo en el \u00e1rea, sin especificar el origen del mismo.<\/p>\n<p>&nbsp;<\/p>\n<p>&nbsp;<\/p>\n<h3>Davos alberga cumbre econ\u00f3mica internacional<\/h3>\n<p>&nbsp;<\/p>\n<p>El Foro Econ\u00f3mico Mundial lleva a cabo esta semana su reuni\u00f3n anual en la ciudad suiza de Davos. El evento congrega a l\u00edderes pol\u00edticos provenientes de diferentes pa\u00edses.<\/p>\n<p>&nbsp;<\/p>\n<blockquote class=\"twitter-tweet\" data-width=\"550\" data-dnt=\"true\">\n<p lang=\"en\" dir=\"ltr\">We have just been evacuated from the Congress Center. <\/p>\n<p>Emergency crews trying to determine what is causing a smell that is making some people in our area cough. <a href=\"https:\/\/t.co\/4JVr1lDq22\">pic.twitter.com\/4JVr1lDq22<\/a><\/p>\n<p>&mdash; Edward Lawrence (@EdwardLawrence) <a href=\"https:\/\/twitter.com\/EdwardLawrence\/status\/2014062233764917400?ref_src=twsrc%5Etfw\">January 21, 2026<\/a><\/p><\/blockquote>\n<p><script async src=\"https:\/\/platform.twitter.com\/widgets.js\" charset=\"utf-8\"><\/script><\/p>\n<p>&nbsp;<\/p>\n<p>No se ha confirmado oficialmente la causa de la evacuaci\u00f3n ni si hubo personas lesionadas durante el operativo. Tampoco se especific\u00f3 cu\u00e1l de los centros de conferencias utilizados para el foro fue el afectado, ni si el reporte de humo corresponde a alg\u00fan hotel en particular.<\/p>\n<p>&nbsp;<\/p>\n<p>&nbsp;<\/p>\n<p>Las autoridades suizas no han emitido declaraciones oficiales sobre el incidente hasta el momento del reporte.<\/p>\n<p>&nbsp;<\/p>\n<p>&nbsp;<\/p>\n<p>&nbsp;<\/p>\n<p>PUBLICADO EL 21 ENERO DE 2026 Con informaci\u00f3n de\u00a0 El Debate)<\/p>\n","protected":false},"excerpt":{"rendered":"<p>DAVOS, SUIZA. \u2014 Este mi\u00e9rcoles, 21 de enero de 2026, servicios de emergencia evacuaron un&#8230;<\/p>\n","protected":false},"author":1,"featured_media":233591,"comment_status":"open","ping_status":"open","sticky":false,"template":"","format":"standard","meta":{"_monsterinsights_skip_tracking":false,"_monsterinsights_sitenote_active":false,"_monsterinsights_sitenote_note":"","_monsterinsights_sitenote_category":0,"footnotes":""},"categories":[3],"tags":[],"class_list":["post"],"yoast_head":" \n<title>Sonora en Equipo. Reportan Evacuaci\u00f3n en Centro de Conferencias en Davos, Sede del Foro Econ\u00f3mico Mundial MUNDO<\/title>\n<meta name=\"description\" content=\"DAVOS, SUIZA. \u2014 Este mi\u00e9rcoles, 21 de enero de 2026, servicios de emergencia evacuaron un centro de conferencias en Davos, Suiza, donde se celebra la En Sonora en Equipo publicamos toda la informaci\u00f3n de Sonora, M\u00e9xico y el Mundo de manera oportuna y busca que la libertad de expresi\u00f3n sea real. Visita nuestro medio informativo publicado desde Hermosillo, Sonora. %\" \/>\n<meta name=\"robots\" content=\"index, follow, max-snippet:-1, max-image-preview:large, max-video-preview:-1\" \/>\n<link rel=\"canonical\" href=\"https:\/\/www.sonoraenequipo.com.mx\/reportan-evacuacion-en-centro-de-conferencias-en-davos-sede-del-foro-economico-mundial\/\" \/>\n<meta property=\"og:locale\" content=\"es_ES\" \/>\n<meta property=\"og:type\" content=\"article\" \/>\n<meta property=\"og:title\" content=\"Sonora en Equipo. Reportan Evacuaci\u00f3n en Centro de Conferencias en Davos, Sede del Foro Econ\u00f3mico Mundial MUNDO\" \/>\n<meta property=\"og:description\" content=\"DAVOS, SUIZA. \u2014 Este mi\u00e9rcoles, 21 de enero de 2026, servicios de emergencia evacuaron un centro de conferencias en Davos, Suiza, donde se celebra la En Sonora en Equipo publicamos toda la informaci\u00f3n de Sonora, M\u00e9xico y el Mundo de manera oportuna y busca que la libertad de expresi\u00f3n sea real. Visita nuestro medio informativo publicado desde Hermosillo, Sonora. %\" \/>\n<meta property=\"og:url\" content=\"https:\/\/www.sonoraenequipo.com.mx\/reportan-evacuacion-en-centro-de-conferencias-en-davos-sede-del-foro-economico-mundial\/\" \/>\n<meta property=\"og:site_name\" content=\"Sonora en Equipo.\" \/>\n<meta property=\"article:publisher\" content=\"https:\/\/www.facebook.com\/SonoraEE\/\" \/>\n<meta property=\"article:author\" content=\"https:\/\/www.facebook.com\/SonoraEE\" \/>\n<meta property=\"article:published_time\" content=\"2026-01-22T03:21:24+00:00\" \/>\n<meta property=\"og:image\" content=\"https:\/\/www.sonoraenequipo.com.mx\/storage\/2026\/01\/centro-de-convenciones-en-DAVOS-SUIZA-1.jpg\" \/>\n\t<meta property=\"og:image:width\" content=\"1000\" \/>\n\t<meta property=\"og:image:height\" content=\"437\" \/>\n\t<meta property=\"og:image:type\" content=\"image\/jpeg\" \/>\n<meta name=\"author\" content=\"enequipo\" \/>\n<meta name=\"twitter:card\" content=\"summary_large_image\" \/>\n<meta name=\"twitter:creator\" content=\"@sonoraenequipo\" \/>\n<meta name=\"twitter:site\" content=\"@sonoraenequipo\" \/>\n<meta name=\"twitter:label1\" content=\"Escrito por\" \/>\n\t<meta name=\"twitter:data1\" content=\"enequipo\" \/>\n\t<meta name=\"twitter:label2\" content=\"Tiempo de lectura\" \/>\n\t<meta name=\"twitter:data2\" content=\"1 minuto\" \/>\n<script type=\"application\/ld+json\" class=\"yoast-schema-graph\">{\"@context\":\"https:\/\/schema.org\",\"@graph\":[{\"@type\":\"Article\",\"@id\":\"https:\/\/www.sonoraenequipo.com.mx\/reportan-evacuacion-en-centro-de-conferencias-en-davos-sede-del-foro-economico-mundial\/#article\",\"isPartOf\":{\"@id\":\"https:\/\/www.sonoraenequipo.com.mx\/reportan-evacuacion-en-centro-de-conferencias-en-davos-sede-del-foro-economico-mundial\/\"},\"author\":{\"name\":\"enequipo\",\"@id\":\"https:\/\/www.sonoraenequipo.com.mx\/#\/schema\/person\/50102df0fb23a8fa9e8effad8fa81386\"},\"headline\":\"Reportan Evacuaci\u00f3n en Centro de Conferencias en Davos, Sede del Foro Econ\u00f3mico Mundial\",\"datePublished\":\"2026-01-22T03:21:24+00:00\",\"mainEntityOfPage\":{\"@id\":\"https:\/\/www.sonoraenequipo.com.mx\/reportan-evacuacion-en-centro-de-conferencias-en-davos-sede-del-foro-economico-mundial\/\"},\"wordCount\":307,\"commentCount\":0,\"publisher\":{\"@id\":\"https:\/\/www.sonoraenequipo.com.mx\/#organization\"},\"image\":{\"@id\":\"https:\/\/www.sonoraenequipo.com.mx\/reportan-evacuacion-en-centro-de-conferencias-en-davos-sede-del-foro-economico-mundial\/#primaryimage\"},\"thumbnailUrl\":\"https:\/\/www.sonoraenequipo.com.mx\/storage\/2026\/01\/centro-de-convenciones-en-DAVOS-SUIZA-1.jpg\",\"articleSection\":[\"MUNDO\"],\"inLanguage\":\"es\",\"potentialAction\":[{\"@type\":\"CommentAction\",\"name\":\"Comment\",\"target\":[\"https:\/\/www.sonoraenequipo.com.mx\/reportan-evacuacion-en-centro-de-conferencias-en-davos-sede-del-foro-economico-mundial\/#respond\"]}]},{\"@type\":\"WebPage\",\"@id\":\"https:\/\/www.sonoraenequipo.com.mx\/reportan-evacuacion-en-centro-de-conferencias-en-davos-sede-del-foro-economico-mundial\/\",\"url\":\"https:\/\/www.sonoraenequipo.com.mx\/reportan-evacuacion-en-centro-de-conferencias-en-davos-sede-del-foro-economico-mundial\/\",\"name\":\"Sonora en Equipo. Reportan Evacuaci\u00f3n en Centro de Conferencias en Davos, Sede del Foro Econ\u00f3mico Mundial MUNDO\",\"isPartOf\":{\"@id\":\"https:\/\/www.sonoraenequipo.com.mx\/#website\"},\"primaryImageOfPage\":{\"@id\":\"https:\/\/www.sonoraenequipo.com.mx\/reportan-evacuacion-en-centro-de-conferencias-en-davos-sede-del-foro-economico-mundial\/#primaryimage\"},\"image\":{\"@id\":\"https:\/\/www.sonoraenequipo.com.mx\/reportan-evacuacion-en-centro-de-conferencias-en-davos-sede-del-foro-economico-mundial\/#primaryimage\"},\"thumbnailUrl\":\"https:\/\/www.sonoraenequipo.com.mx\/storage\/2026\/01\/centro-de-convenciones-en-DAVOS-SUIZA-1.jpg\",\"datePublished\":\"2026-01-22T03:21:24+00:00\",\"description\":\"DAVOS, SUIZA. \u2014 Este mi\u00e9rcoles, 21 de enero de 2026, servicios de emergencia evacuaron un centro de conferencias en Davos, Suiza, donde se celebra la En Sonora en Equipo publicamos toda la informaci\u00f3n de Sonora, M\u00e9xico y el Mundo de manera oportuna y busca que la libertad de expresi\u00f3n sea real. Visita nuestro medio informativo publicado desde Hermosillo, Sonora. %\",\"breadcrumb\":{\"@id\":\"https:\/\/www.sonoraenequipo.com.mx\/reportan-evacuacion-en-centro-de-conferencias-en-davos-sede-del-foro-economico-mundial\/#breadcrumb\"},\"inLanguage\":\"es\",\"potentialAction\":[{\"@type\":\"ReadAction\",\"target\":[\"https:\/\/www.sonoraenequipo.com.mx\/reportan-evacuacion-en-centro-de-conferencias-en-davos-sede-del-foro-economico-mundial\/\"]}]},{\"@type\":\"ImageObject\",\"inLanguage\":\"es\",\"@id\":\"https:\/\/www.sonoraenequipo.com.mx\/reportan-evacuacion-en-centro-de-conferencias-en-davos-sede-del-foro-economico-mundial\/#primaryimage\",\"url\":\"https:\/\/www.sonoraenequipo.com.mx\/storage\/2026\/01\/centro-de-convenciones-en-DAVOS-SUIZA-1.jpg\",\"contentUrl\":\"https:\/\/www.sonoraenequipo.com.mx\/storage\/2026\/01\/centro-de-convenciones-en-DAVOS-SUIZA-1.jpg\",\"width\":1000,\"height\":437},{\"@type\":\"BreadcrumbList\",\"@id\":\"https:\/\/www.sonoraenequipo.com.mx\/reportan-evacuacion-en-centro-de-conferencias-en-davos-sede-del-foro-economico-mundial\/#breadcrumb\",\"itemListElement\":[{\"@type\":\"ListItem\",\"position\":1,\"name\":\"Portada\",\"item\":\"https:\/\/www.sonoraenequipo.com.mx\/\"},{\"@type\":\"ListItem\",\"position\":2,\"name\":\"Reportan Evacuaci\u00f3n en Centro de Conferencias en Davos, Sede del Foro Econ\u00f3mico Mundial\"}]},{\"@type\":\"WebSite\",\"@id\":\"https:\/\/www.sonoraenequipo.com.mx\/#website\",\"url\":\"https:\/\/www.sonoraenequipo.com.mx\/\",\"name\":\"Sonora en Equipo.\",\"description\":\"Diario en l\u00ednea con Noticias desde Hermosillo, Sonora\",\"publisher\":{\"@id\":\"https:\/\/www.sonoraenequipo.com.mx\/#organization\"},\"potentialAction\":[{\"@type\":\"SearchAction\",\"target\":{\"@type\":\"EntryPoint\",\"urlTemplate\":\"https:\/\/www.sonoraenequipo.com.mx\/?s={search_term_string}\"},\"query-input\":{\"@type\":\"PropertyValueSpecification\",\"valueRequired\":true,\"valueName\":\"search_term_string\"}}],\"inLanguage\":\"es\"},{\"@type\":\"Organization\",\"@id\":\"https:\/\/www.sonoraenequipo.com.mx\/#organization\",\"name\":\"Sonoraenequipo.com.mx\",\"url\":\"https:\/\/www.sonoraenequipo.com.mx\/\",\"logo\":{\"@type\":\"ImageObject\",\"inLanguage\":\"es\",\"@id\":\"https:\/\/www.sonoraenequipo.com.mx\/#\/schema\/logo\/image\/\",\"url\":\"https:\/\/www.sonoraenequipo.com.mx\/storage\/2019\/01\/sonoraenequipo_opt.png\",\"contentUrl\":\"https:\/\/www.sonoraenequipo.com.mx\/storage\/2019\/01\/sonoraenequipo_opt.png\",\"width\":375,\"height\":125,\"caption\":\"Sonoraenequipo.com.mx\"},\"image\":{\"@id\":\"https:\/\/www.sonoraenequipo.com.mx\/#\/schema\/logo\/image\/\"},\"sameAs\":[\"https:\/\/www.facebook.com\/SonoraEE\/\",\"https:\/\/x.com\/sonoraenequipo\",\"https:\/\/www.youtube.com\/channel\/UC338nW-lPEYmJQs4ZABQ1SQ\"]},{\"@type\":\"Person\",\"@id\":\"https:\/\/www.sonoraenequipo.com.mx\/#\/schema\/person\/50102df0fb23a8fa9e8effad8fa81386\",\"name\":\"enequipo\",\"image\":{\"@type\":\"ImageObject\",\"inLanguage\":\"es\",\"@id\":\"https:\/\/www.sonoraenequipo.com.mx\/#\/schema\/person\/image\/\",\"url\":\"https:\/\/secure.gravatar.com\/avatar\/049821681b589dabc0bc20695993ccebb09f5b5d4d790cd9251b97faac7c652b?s=96&d=blank&r=g\",\"contentUrl\":\"https:\/\/secure.gravatar.com\/avatar\/049821681b589dabc0bc20695993ccebb09f5b5d4d790cd9251b97faac7c652b?s=96&d=blank&r=g\",\"caption\":\"enequipo\"},\"sameAs\":[\"https:\/\/www.facebook.com\/SonoraEE\"]}]}<\/script>\n ","yoast_head_json":{"title":"Sonora en Equipo. Reportan Evacuaci\u00f3n en Centro de Conferencias en Davos, Sede del Foro Econ\u00f3mico Mundial MUNDO","description":"DAVOS, SUIZA. \u2014 Este mi\u00e9rcoles, 21 de enero de 2026, servicios de emergencia evacuaron un centro de conferencias en Davos, Suiza, donde se celebra la En Sonora en Equipo publicamos toda la informaci\u00f3n de Sonora, M\u00e9xico y el Mundo de manera oportuna y busca que la libertad de expresi\u00f3n sea real. Visita nuestro medio informativo publicado desde Hermosillo, Sonora. %","robots":{"index":"index","follow":"follow","max-snippet":"max-snippet:-1","max-image-preview":"max-image-preview:large","max-video-preview":"max-video-preview:-1"},"canonical":"https:\/\/www.sonoraenequipo.com.mx\/reportan-evacuacion-en-centro-de-conferencias-en-davos-sede-del-foro-economico-mundial\/","og_locale":"es_ES","og_type":"article","og_title":"Sonora en Equipo. Reportan Evacuaci\u00f3n en Centro de Conferencias en Davos, Sede del Foro Econ\u00f3mico Mundial MUNDO","og_description":"DAVOS, SUIZA. \u2014 Este mi\u00e9rcoles, 21 de enero de 2026, servicios de emergencia evacuaron un centro de conferencias en Davos, Suiza, donde se celebra la En Sonora en Equipo publicamos toda la informaci\u00f3n de Sonora, M\u00e9xico y el Mundo de manera oportuna y busca que la libertad de expresi\u00f3n sea real. Visita nuestro medio informativo publicado desde Hermosillo, Sonora. %","og_url":"https:\/\/www.sonoraenequipo.com.mx\/reportan-evacuacion-en-centro-de-conferencias-en-davos-sede-del-foro-economico-mundial\/","og_site_name":"Sonora en Equipo.","article_publisher":"https:\/\/www.facebook.com\/SonoraEE\/","article_author":"https:\/\/www.facebook.com\/SonoraEE","article_published_time":"2026-01-22T03:21:24+00:00","og_image":[{"width":1000,"height":437,"url":"https:\/\/www.sonoraenequipo.com.mx\/storage\/2026\/01\/centro-de-convenciones-en-DAVOS-SUIZA-1.jpg","type":"image\/jpeg"}],"author":"enequipo","twitter_card":"summary_large_image","twitter_creator":"@sonoraenequipo","twitter_site":"@sonoraenequipo","twitter_misc":{"Escrito por":"enequipo","Tiempo de lectura":"1 minuto"},"schema":{"@context":"https:\/\/schema.org","@graph":[{"@type":"Article","@id":"https:\/\/www.sonoraenequipo.com.mx\/reportan-evacuacion-en-centro-de-conferencias-en-davos-sede-del-foro-economico-mundial\/#article","isPartOf":{"@id":"https:\/\/www.sonoraenequipo.com.mx\/reportan-evacuacion-en-centro-de-conferencias-en-davos-sede-del-foro-economico-mundial\/"},"author":{"name":"enequipo","@id":"https:\/\/www.sonoraenequipo.com.mx\/#\/schema\/person\/50102df0fb23a8fa9e8effad8fa81386"},"headline":"Reportan Evacuaci\u00f3n en Centro de Conferencias en Davos, Sede del Foro Econ\u00f3mico Mundial","datePublished":"2026-01-22T03:21:24+00:00","mainEntityOfPage":{"@id":"https:\/\/www.sonoraenequipo.com.mx\/reportan-evacuacion-en-centro-de-conferencias-en-davos-sede-del-foro-economico-mundial\/"},"wordCount":307,"commentCount":0,"publisher":{"@id":"https:\/\/www.sonoraenequipo.com.mx\/#organization"},"image":{"@id":"https:\/\/www.sonoraenequipo.com.mx\/reportan-evacuacion-en-centro-de-conferencias-en-davos-sede-del-foro-economico-mundial\/#primaryimage"},"thumbnailUrl":"https:\/\/www.sonoraenequipo.com.mx\/storage\/2026\/01\/centro-de-convenciones-en-DAVOS-SUIZA-1.jpg","articleSection":["MUNDO"],"inLanguage":"es","potentialAction":[{"@type":"CommentAction","name":"Comment","target":["https:\/\/www.sonoraenequipo.com.mx\/reportan-evacuacion-en-centro-de-conferencias-en-davos-sede-del-foro-economico-mundial\/#respond"]}]},{"@type":"WebPage","@id":"https:\/\/www.sonoraenequipo.com.mx\/reportan-evacuacion-en-centro-de-conferencias-en-davos-sede-del-foro-economico-mundial\/","url":"https:\/\/www.sonoraenequipo.com.mx\/reportan-evacuacion-en-centro-de-conferencias-en-davos-sede-del-foro-economico-mundial\/","name":"Sonora en Equipo. Reportan Evacuaci\u00f3n en Centro de Conferencias en Davos, Sede del Foro Econ\u00f3mico Mundial MUNDO","isPartOf":{"@id":"https:\/\/www.sonoraenequipo.com.mx\/#website"},"primaryImageOfPage":{"@id":"https:\/\/www.sonoraenequipo.com.mx\/reportan-evacuacion-en-centro-de-conferencias-en-davos-sede-del-foro-economico-mundial\/#primaryimage"},"image":{"@id":"https:\/\/www.sonoraenequipo.com.mx\/reportan-evacuacion-en-centro-de-conferencias-en-davos-sede-del-foro-economico-mundial\/#primaryimage"},"thumbnailUrl":"https:\/\/www.sonoraenequipo.com.mx\/storage\/2026\/01\/centro-de-convenciones-en-DAVOS-SUIZA-1.jpg","datePublished":"2026-01-22T03:21:24+00:00","description":"DAVOS, SUIZA. \u2014 Este mi\u00e9rcoles, 21 de enero de 2026, servicios de emergencia evacuaron un centro de conferencias en Davos, Suiza, donde se celebra la En Sonora en Equipo publicamos toda la informaci\u00f3n de Sonora, M\u00e9xico y el Mundo de manera oportuna y busca que la libertad de expresi\u00f3n sea real. Visita nuestro medio informativo publicado desde Hermosillo, Sonora. %","breadcrumb":{"@id":"https:\/\/www.sonoraenequipo.com.mx\/reportan-evacuacion-en-centro-de-conferencias-en-davos-sede-del-foro-economico-mundial\/#breadcrumb"},"inLanguage":"es","potentialAction":[{"@type":"ReadAction","target":["https:\/\/www.sonoraenequipo.com.mx\/reportan-evacuacion-en-centro-de-conferencias-en-davos-sede-del-foro-economico-mundial\/"]}]},{"@type":"ImageObject","inLanguage":"es","@id":"https:\/\/www.sonoraenequipo.com.mx\/reportan-evacuacion-en-centro-de-conferencias-en-davos-sede-del-foro-economico-mundial\/#primaryimage","url":"https:\/\/www.sonoraenequipo.com.mx\/storage\/2026\/01\/centro-de-convenciones-en-DAVOS-SUIZA-1.jpg","contentUrl":"https:\/\/www.sonoraenequipo.com.mx\/storage\/2026\/01\/centro-de-convenciones-en-DAVOS-SUIZA-1.jpg","width":1000,"height":437},{"@type":"BreadcrumbList","@id":"https:\/\/www.sonoraenequipo.com.mx\/reportan-evacuacion-en-centro-de-conferencias-en-davos-sede-del-foro-economico-mundial\/#breadcrumb","itemListElement":[{"@type":"ListItem","position":1,"name":"Portada","item":"https:\/\/www.sonoraenequipo.com.mx\/"},{"@type":"ListItem","position":2,"name":"Reportan Evacuaci\u00f3n en Centro de Conferencias en Davos, Sede del Foro Econ\u00f3mico Mundial"}]},{"@type":"WebSite","@id":"https:\/\/www.sonoraenequipo.com.mx\/#website","url":"https:\/\/www.sonoraenequipo.com.mx\/","name":"Sonora en Equipo.","description":"Diario en l\u00ednea con Noticias desde Hermosillo, Sonora","publisher":{"@id":"https:\/\/www.sonoraenequipo.com.mx\/#organization"},"potentialAction":[{"@type":"SearchAction","target":{"@type":"EntryPoint","urlTemplate":"https:\/\/www.sonoraenequipo.com.mx\/?s={search_term_string}"},"query-input":{"@type":"PropertyValueSpecification","valueRequired":true,"valueName":"search_term_string"}}],"inLanguage":"es"},{"@type":"Organization","@id":"https:\/\/www.sonoraenequipo.com.mx\/#organization","name":"Sonoraenequipo.com.mx","url":"https:\/\/www.sonoraenequipo.com.mx\/","logo":{"@type":"ImageObject","inLanguage":"es","@id":"https:\/\/www.sonoraenequipo.com.mx\/#\/schema\/logo\/image\/","url":"https:\/\/www.sonoraenequipo.com.mx\/storage\/2019\/01\/sonoraenequipo_opt.png","contentUrl":"https:\/\/www.sonoraenequipo.com.mx\/storage\/2019\/01\/sonoraenequipo_opt.png","width":375,"height":125,"caption":"Sonoraenequipo.com.mx"},"image":{"@id":"https:\/\/www.sonoraenequipo.com.mx\/#\/schema\/logo\/image\/"},"sameAs":["https:\/\/www.facebook.com\/SonoraEE\/","https:\/\/x.com\/sonoraenequipo","https:\/\/www.youtube.com\/channel\/UC338nW-lPEYmJQs4ZABQ1SQ"]},{"@type":"Person","@id":"https:\/\/www.sonoraenequipo.com.mx\/#\/schema\/person\/50102df0fb23a8fa9e8effad8fa81386","name":"enequipo","image":{"@type":"ImageObject","inLanguage":"es","@id":"https:\/\/www.sonoraenequipo.com.mx\/#\/schema\/person\/image\/","url":"https:\/\/secure.gravatar.com\/avatar\/049821681b589dabc0bc20695993ccebb09f5b5d4d790cd9251b97faac7c652b?s=96&d=blank&r=g","contentUrl":"https:\/\/secure.gravatar.com\/avatar\/049821681b589dabc0bc20695993ccebb09f5b5d4d790cd9251b97faac7c652b?s=96&d=blank&r=g","caption":"enequipo"},"sameAs":["https:\/\/www.facebook.com\/SonoraEE"]}]}},"jetpack_featured_media_url":"https:\/\/www.sonoraenequipo.com.mx\/storage\/2026\/01\/centro-de-convenciones-en-DAVOS-SUIZA-1.jpg","_links":{"self":[{"href":"https:\/\/www.sonoraenequipo.com.mx\/api\/wp\/v2\/posts\/233590","targetHints":{"allow":["GET"]}}],"collection":[{"href":"https:\/\/www.sonoraenequipo.com.mx\/api\/wp\/v2\/posts"}],"about":[{"href":"https:\/\/www.sonoraenequipo.com.mx\/api\/wp\/v2\/types\/post"}],"author":[{"embeddable":true,"href":"https:\/\/www.sonoraenequipo.com.mx\/api\/wp\/v2\/users\/1"}],"replies":[{"embeddable":true,"href":"https:\/\/www.sonoraenequipo.com.mx\/api\/wp\/v2\/comments?post=233590"}],"version-history":[{"count":3,"href":"https:\/\/www.sonoraenequipo.com.mx\/api\/wp\/v2\/posts\/233590\/revisions"}],"predecessor-version":[{"id":233594,"href":"https:\/\/www.sonoraenequipo.com.mx\/api\/wp\/v2\/posts\/233590\/revisions\/233594"}],"wp:featuredmedia":[{"embeddable":true,"href":"https:\/\/www.sonoraenequipo.com.mx\/api\/wp\/v2\/media\/233591"}],"wp:attachment":[{"href":"https:\/\/www.sonoraenequipo.com.mx\/api\/wp\/v2\/media?parent=233590"}],"wp:term":[{"taxonomy":"category","embeddable":true,"href":"https:\/\/www.sonoraenequipo.com.mx\/api\/wp\/v2\/categories?post=233590"},{"taxonomy":"post_tag","embeddable":true,"href":"https:\/\/www.sonoraenequipo.com.mx\/api\/wp\/v2\/tags?post=233590"}],"curies":[{"name":"wp","href":"https:\/\/api.w.org\/{rel}","templated":true}]}}