{"id":233613,"date":"2026-01-22T08:10:37","date_gmt":"2026-01-22T15:10:37","guid":{"rendered":"https:\/\/www.sonoraenequipo.com.mx\/?p=233613"},"modified":"2026-01-22T14:35:04","modified_gmt":"2026-01-22T21:35:04","slug":"sheinbaum-y-gobernacion-detallan-reforma-electoral-buscan-primera-minoria-y-mayor-participacion-ciudadana","status":"publish","type":"post","link":"https:\/\/www.sonoraenequipo.com.mx\/sheinbaum-y-gobernacion-detallan-reforma-electoral-buscan-primera-minoria-y-mayor-participacion-ciudadana\/","title":{"rendered":"Sheinbaum y Gobernaci\u00f3n detallan reforma electoral: buscan \u2018primera minor\u00eda\u2019 y mayor participaci\u00f3n ciudadana"},"content":{"rendered":"<p><strong>PUEBLA, PUEBLA. MX. \u2014\u00a0<\/strong> La presidenta Claudia Sheinbaum y la secretaria de Gobernaci\u00f3n, Rosa Icela Rodr\u00edguez, ofrecieron detalles sobre los avances de la Reforma Electoral que se prev\u00e9 presentar en febrero, destacando la inclusi\u00f3n de mecanismos para garantizar mayor representaci\u00f3n y participaci\u00f3n ciudadana.<\/p>\n<p>&nbsp;<\/p>\n<p>&nbsp;<\/p>\n<p>&nbsp;<\/p>\n<p> <\/p>\n<p>En la conferencia matutina en Puebla, Sheinbaum abord\u00f3 uno de los puntos centrales: la posible sustituci\u00f3n de los diputados y senadores plurinominales por un sistema de \u201cprimera minor\u00eda\u201d, similar al que se implement\u00f3 en Puebla con la llamada f\u00f3rmula del \u201cgran perdedor\u201d.<\/p>\n<p>&nbsp;<\/p>\n<p>&nbsp;<\/p>\n<p>La mandataria explic\u00f3 que esta figura permitir\u00eda que, adem\u00e1s de los dos senadores de mayor\u00eda, el candidato con m\u00e1s votos en el tercer lugar obtenga un esca\u00f1o, asegurando representaci\u00f3n para partidos que no logren la mayor\u00eda relativa.<\/p>\n<p>&nbsp;<\/p>\n<p>&nbsp;<\/p>\n<p><em><strong>\u201cEl objetivo es que las listas de las minor\u00edas no sean definidas por las c\u00fapulas de los partidos, sino que tengan que ir a territorio de una u otra manera. Ese es el objetivo de la reforma\u201d<\/strong><\/em>, se\u00f1al\u00f3 Sheinbaum.<\/p>\n<p>&nbsp;<\/p>\n<p>&nbsp;<\/p>\n<p>Respecto al n\u00famero total de legisladores, la presidenta indic\u00f3 que a\u00fan se revisa si se mantendr\u00e1n los 500 diputados actuales o si habr\u00e1 una reducci\u00f3n.<\/p>\n<p>&nbsp;<\/p>\n<p>&nbsp;<\/p>\n<p>Se\u00f1al\u00f3 que ya existe un borrador de la reforma y que se espera presentarlo formalmente en febrero.<\/p>\n<p>&nbsp;<\/p>\n<p>&nbsp;<\/p>\n<p>Por su parte, Rosa Icela Rodr\u00edguez destac\u00f3 que el proceso de discusi\u00f3n busca un consenso amplio, escuchando diferentes puntos de vista sobre recursos p\u00fablicos, campa\u00f1as electorales y estructura del Congreso.<\/p>\n<p>&nbsp;<\/p>\n<p>&nbsp;<\/p>\n<p>Rodr\u00edguez asegur\u00f3 que las reuniones con los partidos del Trabajo y Verde Ecologista se mantienen en \u201cmuy buen \u00e1nimo\u201d y que continuar\u00e1n en diferentes espacios hasta lograr acuerdos concretos.<\/p>\n<p>&nbsp;<\/p>\n<p>&nbsp;<\/p>\n<p><strong><em>\u201cLo importante es el acuerdo pol\u00edtico, y vamos a lograrlo. Estamos en buen camino con los partidos aliados y con todos los integrantes de la Comisi\u00f3n Presidencial para la Reforma Electoral\u201d,<\/em><\/strong> afirm\u00f3.<\/p>\n<p>&nbsp;<\/p>\n<p>&nbsp;<\/p>\n<p>La secretaria de Gobernaci\u00f3n tambi\u00e9n resalt\u00f3 la participaci\u00f3n de la sociedad civil, incluyendo foros en M\u00e9xico y Estados Unidos, como parte de la consulta ciudadana para fortalecer la democracia.<\/p>\n<p>&nbsp;<\/p>\n<p>&nbsp;<\/p>\n<p>PUBLICADO EL 22 ENERO DE 2026 Con informaci\u00f3n de Carlos Guzman Mart\u00edn)<\/p>\n","protected":false},"excerpt":{"rendered":"<p>PUEBLA, PUEBLA. MX. \u2014\u00a0 La presidenta Claudia Sheinbaum y la secretaria de Gobernaci\u00f3n, Rosa Icela&#8230;<\/p>\n","protected":false},"author":1,"featured_media":233625,"comment_status":"open","ping_status":"open","sticky":false,"template":"","format":"standard","meta":{"_monsterinsights_skip_tracking":false,"_monsterinsights_sitenote_active":false,"_monsterinsights_sitenote_note":"","_monsterinsights_sitenote_category":0,"footnotes":""},"categories":[5],"tags":[],"class_list":["post"],"yoast_head":" \n<title>Sonora en Equipo. Sheinbaum y Gobernaci\u00f3n detallan reforma electoral: buscan \u2018primera minor\u00eda\u2019 y mayor participaci\u00f3n ciudadana Rep\u00fablica<\/title>\n<meta name=\"description\" content=\"PUEBLA, PUEBLA. MX. \u2014\u00a0 La presidenta Claudia Sheinbaum y la secretaria de Gobernaci\u00f3n, Rosa Icela Rodr\u00edguez, ofrecieron detalles sobre los avances de la En Sonora en Equipo publicamos toda la informaci\u00f3n de Sonora, M\u00e9xico y el Mundo de manera oportuna y busca que la libertad de expresi\u00f3n sea real. Visita nuestro medio informativo publicado desde Hermosillo, Sonora. %\" \/>\n<meta name=\"robots\" content=\"index, follow, max-snippet:-1, max-image-preview:large, max-video-preview:-1\" \/>\n<link rel=\"canonical\" href=\"https:\/\/www.sonoraenequipo.com.mx\/sheinbaum-y-gobernacion-detallan-reforma-electoral-buscan-primera-minoria-y-mayor-participacion-ciudadana\/\" \/>\n<meta property=\"og:locale\" content=\"es_ES\" \/>\n<meta property=\"og:type\" content=\"article\" \/>\n<meta property=\"og:title\" content=\"Sonora en Equipo. Sheinbaum y Gobernaci\u00f3n detallan reforma electoral: buscan \u2018primera minor\u00eda\u2019 y mayor participaci\u00f3n ciudadana Rep\u00fablica\" \/>\n<meta property=\"og:description\" content=\"PUEBLA, PUEBLA. MX. \u2014\u00a0 La presidenta Claudia Sheinbaum y la secretaria de Gobernaci\u00f3n, Rosa Icela Rodr\u00edguez, ofrecieron detalles sobre los avances de la En Sonora en Equipo publicamos toda la informaci\u00f3n de Sonora, M\u00e9xico y el Mundo de manera oportuna y busca que la libertad de expresi\u00f3n sea real. Visita nuestro medio informativo publicado desde Hermosillo, Sonora. %\" \/>\n<meta property=\"og:url\" content=\"https:\/\/www.sonoraenequipo.com.mx\/sheinbaum-y-gobernacion-detallan-reforma-electoral-buscan-primera-minoria-y-mayor-participacion-ciudadana\/\" \/>\n<meta property=\"og:site_name\" content=\"Sonora en Equipo.\" \/>\n<meta property=\"article:publisher\" content=\"https:\/\/www.facebook.com\/SonoraEE\/\" \/>\n<meta property=\"article:author\" content=\"https:\/\/www.facebook.com\/SonoraEE\" \/>\n<meta property=\"article:published_time\" content=\"2026-01-22T15:10:37+00:00\" \/>\n<meta property=\"article:modified_time\" content=\"2026-01-22T21:35:04+00:00\" \/>\n<meta property=\"og:image\" content=\"https:\/\/www.sonoraenequipo.com.mx\/storage\/2026\/01\/SHEINBAUM-2201.2026.jpg\" \/>\n\t<meta property=\"og:image:width\" content=\"1000\" \/>\n\t<meta property=\"og:image:height\" content=\"623\" \/>\n\t<meta property=\"og:image:type\" content=\"image\/jpeg\" \/>\n<meta name=\"author\" content=\"enequipo\" \/>\n<meta name=\"twitter:card\" content=\"summary_large_image\" \/>\n<meta name=\"twitter:creator\" content=\"@sonoraenequipo\" \/>\n<meta name=\"twitter:site\" content=\"@sonoraenequipo\" \/>\n<meta name=\"twitter:label1\" content=\"Escrito por\" \/>\n\t<meta name=\"twitter:data1\" content=\"enequipo\" \/>\n\t<meta name=\"twitter:label2\" content=\"Tiempo de lectura\" \/>\n\t<meta name=\"twitter:data2\" content=\"2 minutos\" \/>\n<script type=\"application\/ld+json\" class=\"yoast-schema-graph\">{\"@context\":\"https:\/\/schema.org\",\"@graph\":[{\"@type\":\"Article\",\"@id\":\"https:\/\/www.sonoraenequipo.com.mx\/sheinbaum-y-gobernacion-detallan-reforma-electoral-buscan-primera-minoria-y-mayor-participacion-ciudadana\/#article\",\"isPartOf\":{\"@id\":\"https:\/\/www.sonoraenequipo.com.mx\/sheinbaum-y-gobernacion-detallan-reforma-electoral-buscan-primera-minoria-y-mayor-participacion-ciudadana\/\"},\"author\":{\"name\":\"enequipo\",\"@id\":\"https:\/\/www.sonoraenequipo.com.mx\/#\/schema\/person\/50102df0fb23a8fa9e8effad8fa81386\"},\"headline\":\"Sheinbaum y Gobernaci\u00f3n detallan reforma electoral: buscan \u2018primera minor\u00eda\u2019 y mayor participaci\u00f3n ciudadana\",\"datePublished\":\"2026-01-22T15:10:37+00:00\",\"dateModified\":\"2026-01-22T21:35:04+00:00\",\"mainEntityOfPage\":{\"@id\":\"https:\/\/www.sonoraenequipo.com.mx\/sheinbaum-y-gobernacion-detallan-reforma-electoral-buscan-primera-minoria-y-mayor-participacion-ciudadana\/\"},\"wordCount\":405,\"commentCount\":0,\"publisher\":{\"@id\":\"https:\/\/www.sonoraenequipo.com.mx\/#organization\"},\"image\":{\"@id\":\"https:\/\/www.sonoraenequipo.com.mx\/sheinbaum-y-gobernacion-detallan-reforma-electoral-buscan-primera-minoria-y-mayor-participacion-ciudadana\/#primaryimage\"},\"thumbnailUrl\":\"https:\/\/www.sonoraenequipo.com.mx\/storage\/2026\/01\/SHEINBAUM-2201.2026.jpg\",\"articleSection\":[\"Rep\u00fablica\"],\"inLanguage\":\"es\",\"potentialAction\":[{\"@type\":\"CommentAction\",\"name\":\"Comment\",\"target\":[\"https:\/\/www.sonoraenequipo.com.mx\/sheinbaum-y-gobernacion-detallan-reforma-electoral-buscan-primera-minoria-y-mayor-participacion-ciudadana\/#respond\"]}]},{\"@type\":\"WebPage\",\"@id\":\"https:\/\/www.sonoraenequipo.com.mx\/sheinbaum-y-gobernacion-detallan-reforma-electoral-buscan-primera-minoria-y-mayor-participacion-ciudadana\/\",\"url\":\"https:\/\/www.sonoraenequipo.com.mx\/sheinbaum-y-gobernacion-detallan-reforma-electoral-buscan-primera-minoria-y-mayor-participacion-ciudadana\/\",\"name\":\"Sonora en Equipo. Sheinbaum y Gobernaci\u00f3n detallan reforma electoral: buscan \u2018primera minor\u00eda\u2019 y mayor participaci\u00f3n ciudadana Rep\u00fablica\",\"isPartOf\":{\"@id\":\"https:\/\/www.sonoraenequipo.com.mx\/#website\"},\"primaryImageOfPage\":{\"@id\":\"https:\/\/www.sonoraenequipo.com.mx\/sheinbaum-y-gobernacion-detallan-reforma-electoral-buscan-primera-minoria-y-mayor-participacion-ciudadana\/#primaryimage\"},\"image\":{\"@id\":\"https:\/\/www.sonoraenequipo.com.mx\/sheinbaum-y-gobernacion-detallan-reforma-electoral-buscan-primera-minoria-y-mayor-participacion-ciudadana\/#primaryimage\"},\"thumbnailUrl\":\"https:\/\/www.sonoraenequipo.com.mx\/storage\/2026\/01\/SHEINBAUM-2201.2026.jpg\",\"datePublished\":\"2026-01-22T15:10:37+00:00\",\"dateModified\":\"2026-01-22T21:35:04+00:00\",\"description\":\"PUEBLA, PUEBLA. MX. \u2014\u00a0 La presidenta Claudia Sheinbaum y la secretaria de Gobernaci\u00f3n, Rosa Icela Rodr\u00edguez, ofrecieron detalles sobre los avances de la En Sonora en Equipo publicamos toda la informaci\u00f3n de Sonora, M\u00e9xico y el Mundo de manera oportuna y busca que la libertad de expresi\u00f3n sea real. Visita nuestro medio informativo publicado desde Hermosillo, Sonora. %\",\"breadcrumb\":{\"@id\":\"https:\/\/www.sonoraenequipo.com.mx\/sheinbaum-y-gobernacion-detallan-reforma-electoral-buscan-primera-minoria-y-mayor-participacion-ciudadana\/#breadcrumb\"},\"inLanguage\":\"es\",\"potentialAction\":[{\"@type\":\"ReadAction\",\"target\":[\"https:\/\/www.sonoraenequipo.com.mx\/sheinbaum-y-gobernacion-detallan-reforma-electoral-buscan-primera-minoria-y-mayor-participacion-ciudadana\/\"]}]},{\"@type\":\"ImageObject\",\"inLanguage\":\"es\",\"@id\":\"https:\/\/www.sonoraenequipo.com.mx\/sheinbaum-y-gobernacion-detallan-reforma-electoral-buscan-primera-minoria-y-mayor-participacion-ciudadana\/#primaryimage\",\"url\":\"https:\/\/www.sonoraenequipo.com.mx\/storage\/2026\/01\/SHEINBAUM-2201.2026.jpg\",\"contentUrl\":\"https:\/\/www.sonoraenequipo.com.mx\/storage\/2026\/01\/SHEINBAUM-2201.2026.jpg\",\"width\":1000,\"height\":623},{\"@type\":\"BreadcrumbList\",\"@id\":\"https:\/\/www.sonoraenequipo.com.mx\/sheinbaum-y-gobernacion-detallan-reforma-electoral-buscan-primera-minoria-y-mayor-participacion-ciudadana\/#breadcrumb\",\"itemListElement\":[{\"@type\":\"ListItem\",\"position\":1,\"name\":\"Portada\",\"item\":\"https:\/\/www.sonoraenequipo.com.mx\/\"},{\"@type\":\"ListItem\",\"position\":2,\"name\":\"Sheinbaum y Gobernaci\u00f3n detallan reforma electoral: buscan \u2018primera minor\u00eda\u2019 y mayor participaci\u00f3n ciudadana\"}]},{\"@type\":\"WebSite\",\"@id\":\"https:\/\/www.sonoraenequipo.com.mx\/#website\",\"url\":\"https:\/\/www.sonoraenequipo.com.mx\/\",\"name\":\"Sonora en Equipo.\",\"description\":\"Diario en l\u00ednea con Noticias desde Hermosillo, Sonora\",\"publisher\":{\"@id\":\"https:\/\/www.sonoraenequipo.com.mx\/#organization\"},\"potentialAction\":[{\"@type\":\"SearchAction\",\"target\":{\"@type\":\"EntryPoint\",\"urlTemplate\":\"https:\/\/www.sonoraenequipo.com.mx\/?s={search_term_string}\"},\"query-input\":{\"@type\":\"PropertyValueSpecification\",\"valueRequired\":true,\"valueName\":\"search_term_string\"}}],\"inLanguage\":\"es\"},{\"@type\":\"Organization\",\"@id\":\"https:\/\/www.sonoraenequipo.com.mx\/#organization\",\"name\":\"Sonoraenequipo.com.mx\",\"url\":\"https:\/\/www.sonoraenequipo.com.mx\/\",\"logo\":{\"@type\":\"ImageObject\",\"inLanguage\":\"es\",\"@id\":\"https:\/\/www.sonoraenequipo.com.mx\/#\/schema\/logo\/image\/\",\"url\":\"https:\/\/www.sonoraenequipo.com.mx\/storage\/2019\/01\/sonoraenequipo_opt.png\",\"contentUrl\":\"https:\/\/www.sonoraenequipo.com.mx\/storage\/2019\/01\/sonoraenequipo_opt.png\",\"width\":375,\"height\":125,\"caption\":\"Sonoraenequipo.com.mx\"},\"image\":{\"@id\":\"https:\/\/www.sonoraenequipo.com.mx\/#\/schema\/logo\/image\/\"},\"sameAs\":[\"https:\/\/www.facebook.com\/SonoraEE\/\",\"https:\/\/x.com\/sonoraenequipo\",\"https:\/\/www.youtube.com\/channel\/UC338nW-lPEYmJQs4ZABQ1SQ\"]},{\"@type\":\"Person\",\"@id\":\"https:\/\/www.sonoraenequipo.com.mx\/#\/schema\/person\/50102df0fb23a8fa9e8effad8fa81386\",\"name\":\"enequipo\",\"image\":{\"@type\":\"ImageObject\",\"inLanguage\":\"es\",\"@id\":\"https:\/\/www.sonoraenequipo.com.mx\/#\/schema\/person\/image\/\",\"url\":\"https:\/\/secure.gravatar.com\/avatar\/049821681b589dabc0bc20695993ccebb09f5b5d4d790cd9251b97faac7c652b?s=96&d=blank&r=g\",\"contentUrl\":\"https:\/\/secure.gravatar.com\/avatar\/049821681b589dabc0bc20695993ccebb09f5b5d4d790cd9251b97faac7c652b?s=96&d=blank&r=g\",\"caption\":\"enequipo\"},\"sameAs\":[\"https:\/\/www.facebook.com\/SonoraEE\"]}]}<\/script>\n ","yoast_head_json":{"title":"Sonora en Equipo. Sheinbaum y Gobernaci\u00f3n detallan reforma electoral: buscan \u2018primera minor\u00eda\u2019 y mayor participaci\u00f3n ciudadana Rep\u00fablica","description":"PUEBLA, PUEBLA. MX. \u2014\u00a0 La presidenta Claudia Sheinbaum y la secretaria de Gobernaci\u00f3n, Rosa Icela Rodr\u00edguez, ofrecieron detalles sobre los avances de la En Sonora en Equipo publicamos toda la informaci\u00f3n de Sonora, M\u00e9xico y el Mundo de manera oportuna y busca que la libertad de expresi\u00f3n sea real. Visita nuestro medio informativo publicado desde Hermosillo, Sonora. %","robots":{"index":"index","follow":"follow","max-snippet":"max-snippet:-1","max-image-preview":"max-image-preview:large","max-video-preview":"max-video-preview:-1"},"canonical":"https:\/\/www.sonoraenequipo.com.mx\/sheinbaum-y-gobernacion-detallan-reforma-electoral-buscan-primera-minoria-y-mayor-participacion-ciudadana\/","og_locale":"es_ES","og_type":"article","og_title":"Sonora en Equipo. Sheinbaum y Gobernaci\u00f3n detallan reforma electoral: buscan \u2018primera minor\u00eda\u2019 y mayor participaci\u00f3n ciudadana Rep\u00fablica","og_description":"PUEBLA, PUEBLA. MX. \u2014\u00a0 La presidenta Claudia Sheinbaum y la secretaria de Gobernaci\u00f3n, Rosa Icela Rodr\u00edguez, ofrecieron detalles sobre los avances de la En Sonora en Equipo publicamos toda la informaci\u00f3n de Sonora, M\u00e9xico y el Mundo de manera oportuna y busca que la libertad de expresi\u00f3n sea real. Visita nuestro medio informativo publicado desde Hermosillo, Sonora. %","og_url":"https:\/\/www.sonoraenequipo.com.mx\/sheinbaum-y-gobernacion-detallan-reforma-electoral-buscan-primera-minoria-y-mayor-participacion-ciudadana\/","og_site_name":"Sonora en Equipo.","article_publisher":"https:\/\/www.facebook.com\/SonoraEE\/","article_author":"https:\/\/www.facebook.com\/SonoraEE","article_published_time":"2026-01-22T15:10:37+00:00","article_modified_time":"2026-01-22T21:35:04+00:00","og_image":[{"width":1000,"height":623,"url":"https:\/\/www.sonoraenequipo.com.mx\/storage\/2026\/01\/SHEINBAUM-2201.2026.jpg","type":"image\/jpeg"}],"author":"enequipo","twitter_card":"summary_large_image","twitter_creator":"@sonoraenequipo","twitter_site":"@sonoraenequipo","twitter_misc":{"Escrito por":"enequipo","Tiempo de lectura":"2 minutos"},"schema":{"@context":"https:\/\/schema.org","@graph":[{"@type":"Article","@id":"https:\/\/www.sonoraenequipo.com.mx\/sheinbaum-y-gobernacion-detallan-reforma-electoral-buscan-primera-minoria-y-mayor-participacion-ciudadana\/#article","isPartOf":{"@id":"https:\/\/www.sonoraenequipo.com.mx\/sheinbaum-y-gobernacion-detallan-reforma-electoral-buscan-primera-minoria-y-mayor-participacion-ciudadana\/"},"author":{"name":"enequipo","@id":"https:\/\/www.sonoraenequipo.com.mx\/#\/schema\/person\/50102df0fb23a8fa9e8effad8fa81386"},"headline":"Sheinbaum y Gobernaci\u00f3n detallan reforma electoral: buscan \u2018primera minor\u00eda\u2019 y mayor participaci\u00f3n ciudadana","datePublished":"2026-01-22T15:10:37+00:00","dateModified":"2026-01-22T21:35:04+00:00","mainEntityOfPage":{"@id":"https:\/\/www.sonoraenequipo.com.mx\/sheinbaum-y-gobernacion-detallan-reforma-electoral-buscan-primera-minoria-y-mayor-participacion-ciudadana\/"},"wordCount":405,"commentCount":0,"publisher":{"@id":"https:\/\/www.sonoraenequipo.com.mx\/#organization"},"image":{"@id":"https:\/\/www.sonoraenequipo.com.mx\/sheinbaum-y-gobernacion-detallan-reforma-electoral-buscan-primera-minoria-y-mayor-participacion-ciudadana\/#primaryimage"},"thumbnailUrl":"https:\/\/www.sonoraenequipo.com.mx\/storage\/2026\/01\/SHEINBAUM-2201.2026.jpg","articleSection":["Rep\u00fablica"],"inLanguage":"es","potentialAction":[{"@type":"CommentAction","name":"Comment","target":["https:\/\/www.sonoraenequipo.com.mx\/sheinbaum-y-gobernacion-detallan-reforma-electoral-buscan-primera-minoria-y-mayor-participacion-ciudadana\/#respond"]}]},{"@type":"WebPage","@id":"https:\/\/www.sonoraenequipo.com.mx\/sheinbaum-y-gobernacion-detallan-reforma-electoral-buscan-primera-minoria-y-mayor-participacion-ciudadana\/","url":"https:\/\/www.sonoraenequipo.com.mx\/sheinbaum-y-gobernacion-detallan-reforma-electoral-buscan-primera-minoria-y-mayor-participacion-ciudadana\/","name":"Sonora en Equipo. Sheinbaum y Gobernaci\u00f3n detallan reforma electoral: buscan \u2018primera minor\u00eda\u2019 y mayor participaci\u00f3n ciudadana Rep\u00fablica","isPartOf":{"@id":"https:\/\/www.sonoraenequipo.com.mx\/#website"},"primaryImageOfPage":{"@id":"https:\/\/www.sonoraenequipo.com.mx\/sheinbaum-y-gobernacion-detallan-reforma-electoral-buscan-primera-minoria-y-mayor-participacion-ciudadana\/#primaryimage"},"image":{"@id":"https:\/\/www.sonoraenequipo.com.mx\/sheinbaum-y-gobernacion-detallan-reforma-electoral-buscan-primera-minoria-y-mayor-participacion-ciudadana\/#primaryimage"},"thumbnailUrl":"https:\/\/www.sonoraenequipo.com.mx\/storage\/2026\/01\/SHEINBAUM-2201.2026.jpg","datePublished":"2026-01-22T15:10:37+00:00","dateModified":"2026-01-22T21:35:04+00:00","description":"PUEBLA, PUEBLA. MX. \u2014\u00a0 La presidenta Claudia Sheinbaum y la secretaria de Gobernaci\u00f3n, Rosa Icela Rodr\u00edguez, ofrecieron detalles sobre los avances de la En Sonora en Equipo publicamos toda la informaci\u00f3n de Sonora, M\u00e9xico y el Mundo de manera oportuna y busca que la libertad de expresi\u00f3n sea real. Visita nuestro medio informativo publicado desde Hermosillo, Sonora. %","breadcrumb":{"@id":"https:\/\/www.sonoraenequipo.com.mx\/sheinbaum-y-gobernacion-detallan-reforma-electoral-buscan-primera-minoria-y-mayor-participacion-ciudadana\/#breadcrumb"},"inLanguage":"es","potentialAction":[{"@type":"ReadAction","target":["https:\/\/www.sonoraenequipo.com.mx\/sheinbaum-y-gobernacion-detallan-reforma-electoral-buscan-primera-minoria-y-mayor-participacion-ciudadana\/"]}]},{"@type":"ImageObject","inLanguage":"es","@id":"https:\/\/www.sonoraenequipo.com.mx\/sheinbaum-y-gobernacion-detallan-reforma-electoral-buscan-primera-minoria-y-mayor-participacion-ciudadana\/#primaryimage","url":"https:\/\/www.sonoraenequipo.com.mx\/storage\/2026\/01\/SHEINBAUM-2201.2026.jpg","contentUrl":"https:\/\/www.sonoraenequipo.com.mx\/storage\/2026\/01\/SHEINBAUM-2201.2026.jpg","width":1000,"height":623},{"@type":"BreadcrumbList","@id":"https:\/\/www.sonoraenequipo.com.mx\/sheinbaum-y-gobernacion-detallan-reforma-electoral-buscan-primera-minoria-y-mayor-participacion-ciudadana\/#breadcrumb","itemListElement":[{"@type":"ListItem","position":1,"name":"Portada","item":"https:\/\/www.sonoraenequipo.com.mx\/"},{"@type":"ListItem","position":2,"name":"Sheinbaum y Gobernaci\u00f3n detallan reforma electoral: buscan \u2018primera minor\u00eda\u2019 y mayor participaci\u00f3n ciudadana"}]},{"@type":"WebSite","@id":"https:\/\/www.sonoraenequipo.com.mx\/#website","url":"https:\/\/www.sonoraenequipo.com.mx\/","name":"Sonora en Equipo.","description":"Diario en l\u00ednea con Noticias desde Hermosillo, Sonora","publisher":{"@id":"https:\/\/www.sonoraenequipo.com.mx\/#organization"},"potentialAction":[{"@type":"SearchAction","target":{"@type":"EntryPoint","urlTemplate":"https:\/\/www.sonoraenequipo.com.mx\/?s={search_term_string}"},"query-input":{"@type":"PropertyValueSpecification","valueRequired":true,"valueName":"search_term_string"}}],"inLanguage":"es"},{"@type":"Organization","@id":"https:\/\/www.sonoraenequipo.com.mx\/#organization","name":"Sonoraenequipo.com.mx","url":"https:\/\/www.sonoraenequipo.com.mx\/","logo":{"@type":"ImageObject","inLanguage":"es","@id":"https:\/\/www.sonoraenequipo.com.mx\/#\/schema\/logo\/image\/","url":"https:\/\/www.sonoraenequipo.com.mx\/storage\/2019\/01\/sonoraenequipo_opt.png","contentUrl":"https:\/\/www.sonoraenequipo.com.mx\/storage\/2019\/01\/sonoraenequipo_opt.png","width":375,"height":125,"caption":"Sonoraenequipo.com.mx"},"image":{"@id":"https:\/\/www.sonoraenequipo.com.mx\/#\/schema\/logo\/image\/"},"sameAs":["https:\/\/www.facebook.com\/SonoraEE\/","https:\/\/x.com\/sonoraenequipo","https:\/\/www.youtube.com\/channel\/UC338nW-lPEYmJQs4ZABQ1SQ"]},{"@type":"Person","@id":"https:\/\/www.sonoraenequipo.com.mx\/#\/schema\/person\/50102df0fb23a8fa9e8effad8fa81386","name":"enequipo","image":{"@type":"ImageObject","inLanguage":"es","@id":"https:\/\/www.sonoraenequipo.com.mx\/#\/schema\/person\/image\/","url":"https:\/\/secure.gravatar.com\/avatar\/049821681b589dabc0bc20695993ccebb09f5b5d4d790cd9251b97faac7c652b?s=96&d=blank&r=g","contentUrl":"https:\/\/secure.gravatar.com\/avatar\/049821681b589dabc0bc20695993ccebb09f5b5d4d790cd9251b97faac7c652b?s=96&d=blank&r=g","caption":"enequipo"},"sameAs":["https:\/\/www.facebook.com\/SonoraEE"]}]}},"jetpack_featured_media_url":"https:\/\/www.sonoraenequipo.com.mx\/storage\/2026\/01\/SHEINBAUM-2201.2026.jpg","_links":{"self":[{"href":"https:\/\/www.sonoraenequipo.com.mx\/api\/wp\/v2\/posts\/233613","targetHints":{"allow":["GET"]}}],"collection":[{"href":"https:\/\/www.sonoraenequipo.com.mx\/api\/wp\/v2\/posts"}],"about":[{"href":"https:\/\/www.sonoraenequipo.com.mx\/api\/wp\/v2\/types\/post"}],"author":[{"embeddable":true,"href":"https:\/\/www.sonoraenequipo.com.mx\/api\/wp\/v2\/users\/1"}],"replies":[{"embeddable":true,"href":"https:\/\/www.sonoraenequipo.com.mx\/api\/wp\/v2\/comments?post=233613"}],"version-history":[{"count":3,"href":"https:\/\/www.sonoraenequipo.com.mx\/api\/wp\/v2\/posts\/233613\/revisions"}],"predecessor-version":[{"id":233630,"href":"https:\/\/www.sonoraenequipo.com.mx\/api\/wp\/v2\/posts\/233613\/revisions\/233630"}],"wp:featuredmedia":[{"embeddable":true,"href":"https:\/\/www.sonoraenequipo.com.mx\/api\/wp\/v2\/media\/233625"}],"wp:attachment":[{"href":"https:\/\/www.sonoraenequipo.com.mx\/api\/wp\/v2\/media?parent=233613"}],"wp:term":[{"taxonomy":"category","embeddable":true,"href":"https:\/\/www.sonoraenequipo.com.mx\/api\/wp\/v2\/categories?post=233613"},{"taxonomy":"post_tag","embeddable":true,"href":"https:\/\/www.sonoraenequipo.com.mx\/api\/wp\/v2\/tags?post=233613"}],"curies":[{"name":"wp","href":"https:\/\/api.w.org\/{rel}","templated":true}]}}