{"id":233631,"date":"2026-01-22T09:32:17","date_gmt":"2026-01-22T16:32:17","guid":{"rendered":"https:\/\/www.sonoraenequipo.com.mx\/?p=233631"},"modified":"2026-01-22T14:43:24","modified_gmt":"2026-01-22T21:43:24","slug":"caen-cuatro-mandos-navales-por-presunto-huachicol-fiscal-semar","status":"publish","type":"post","link":"https:\/\/www.sonoraenequipo.com.mx\/caen-cuatro-mandos-navales-por-presunto-huachicol-fiscal-semar\/","title":{"rendered":"Caen cuatro mandos navales por presunto huachicol fiscal: SEMAR"},"content":{"rendered":"<p><strong>CIUDAD DE M\u00c9XICO.MX. \u2014\u00a0<\/strong> La Secretar\u00eda de Marina (Semar) y la Secretar\u00eda de Seguridad y Protecci\u00f3n Ciudadana (SSPC) informaron este jueves sobre los avances en la lucha contra el huachicol fiscal y detallaron la situaci\u00f3n de mandos navales vinculados a estas pr\u00e1cticas ilegales.<\/p>\n<p>&nbsp;<\/p>\n<p>&nbsp;<\/p>\n<p> <\/p>\n<p>En conferencia de prensa, el almirante Raymundo Morales, titular de la Semar, confirm\u00f3 que los hermanos Manuel Roberto y Fernando Far\u00edas Laguna, relacionados con presuntas actividades de huachicol fiscal, fueron dados de baja conforme a la legislaci\u00f3n vigente.<\/p>\n<p>&nbsp;<\/p>\n<p>&nbsp;<\/p>\n<p>Morales explic\u00f3 que, <strong><em>\u201ccuando una persona no puede cumplir con sus obligaciones, tiene que ser dado de baja. Ya se dieron de baja, est\u00e1n ellos en su proceso legal, tienen 15 d\u00edas para poner sus recursos de revisi\u00f3n, algunos ya los cumplieron, se dieron los fallos y estamos esperando que las autoridades terminen\u201d.<\/em><\/strong><\/p>\n<p>&nbsp;<\/p>\n<p>&nbsp;<\/p>\n<p>El almirante enfatiz\u00f3 que en total son cuatro los mandos navales detenidos en relaci\u00f3n con estas acusaciones, aunque no detall\u00f3 los nombres de los otros involucrados.<\/p>\n<p>&nbsp;<\/p>\n<p>&nbsp;<\/p>\n<p><em><strong>\u201cSon cuatro que est\u00e1n detenidos\u201d,<\/strong> <\/em>puntualiz\u00f3 Morales, subrayando que estas medidas forman parte de un esfuerzo integral para depurar a personal militar vinculado con delitos fiscales relacionados con hidrocarburos.<\/p>\n<p>&nbsp;<\/p>\n<p>&nbsp;<\/p>\n<p>Por su parte, Omar Garc\u00eda Harfuch, secretario de Seguridad y Protecci\u00f3n Ciudadana, afirm\u00f3 que las acciones para combatir el huachicol en Puebla contin\u00faan, aunque a\u00fan no se puede declarar que la pr\u00e1ctica est\u00e9 completamente controlada.<\/p>\n<p>&nbsp;<\/p>\n<p>&nbsp;<\/p>\n<p><em><strong>\u201cHa habido varias acciones, como se inform\u00f3 aqu\u00ed, que tenemos bastantes aseguramientos, cateos que se han hecho con la Fiscal\u00eda General de la Rep\u00fablica, tambi\u00e9n con la Fiscal\u00eda local. No es que est\u00e9 controlado, lo que hemos hecho es estarlo combatiendo continuamente\u201d,<\/strong><\/em> se\u00f1al\u00f3.<\/p>\n<p>&nbsp;<\/p>\n<p>&nbsp;<\/p>\n<p>Garc\u00eda Harfuch destac\u00f3 que los recientes aseguramientos de tanques, autotanques y pipas permitir\u00e1n que la incidencia del huachicol disminuya progresivamente, aunque reconoci\u00f3 que el trabajo a\u00fan no ha concluido.<\/p>\n<p>&nbsp;<\/p>\n<p>&nbsp;<\/p>\n<p><em><strong>\u201cNo es un trabajo terminado, es algo que tenemos como prioridad por instrucci\u00f3n de la presidenta en todo el pa\u00eds\u201d,<\/strong><\/em> afirm\u00f3.<\/p>\n<p>&nbsp;<\/p>\n<p>&nbsp;<\/p>\n<p>&nbsp;<\/p>\n<p>PUBLICADO EL 22 ENERO DE 2026 Con informaci\u00f3n de Conferencia matutina)<\/p>\n","protected":false},"excerpt":{"rendered":"<p>CIUDAD DE M\u00c9XICO.MX. \u2014\u00a0 La Secretar\u00eda de Marina (Semar) y la Secretar\u00eda de Seguridad y&#8230;<\/p>\n","protected":false},"author":1,"featured_media":233623,"comment_status":"open","ping_status":"open","sticky":false,"template":"","format":"standard","meta":{"_monsterinsights_skip_tracking":false,"_monsterinsights_sitenote_active":false,"_monsterinsights_sitenote_note":"","_monsterinsights_sitenote_category":0,"footnotes":""},"categories":[5],"tags":[],"class_list":["post"],"yoast_head":" \n<title>Sonora en Equipo. Caen cuatro mandos navales por presunto huachicol fiscal: SEMAR Rep\u00fablica<\/title>\n<meta name=\"description\" content=\"CIUDAD DE M\u00c9XICO.MX. \u2014\u00a0 La Secretar\u00eda de Marina (Semar) y la Secretar\u00eda de Seguridad y Protecci\u00f3n Ciudadana (SSPC) informaron este jueves sobre los En Sonora en Equipo publicamos toda la informaci\u00f3n de Sonora, M\u00e9xico y el Mundo de manera oportuna y busca que la libertad de expresi\u00f3n sea real. Visita nuestro medio informativo publicado desde Hermosillo, Sonora. %\" \/>\n<meta name=\"robots\" content=\"index, follow, max-snippet:-1, max-image-preview:large, max-video-preview:-1\" \/>\n<link rel=\"canonical\" href=\"https:\/\/www.sonoraenequipo.com.mx\/caen-cuatro-mandos-navales-por-presunto-huachicol-fiscal-semar\/\" \/>\n<meta property=\"og:locale\" content=\"es_ES\" \/>\n<meta property=\"og:type\" content=\"article\" \/>\n<meta property=\"og:title\" content=\"Sonora en Equipo. Caen cuatro mandos navales por presunto huachicol fiscal: SEMAR Rep\u00fablica\" \/>\n<meta property=\"og:description\" content=\"CIUDAD DE M\u00c9XICO.MX. \u2014\u00a0 La Secretar\u00eda de Marina (Semar) y la Secretar\u00eda de Seguridad y Protecci\u00f3n Ciudadana (SSPC) informaron este jueves sobre los En Sonora en Equipo publicamos toda la informaci\u00f3n de Sonora, M\u00e9xico y el Mundo de manera oportuna y busca que la libertad de expresi\u00f3n sea real. Visita nuestro medio informativo publicado desde Hermosillo, Sonora. %\" \/>\n<meta property=\"og:url\" content=\"https:\/\/www.sonoraenequipo.com.mx\/caen-cuatro-mandos-navales-por-presunto-huachicol-fiscal-semar\/\" \/>\n<meta property=\"og:site_name\" content=\"Sonora en Equipo.\" \/>\n<meta property=\"article:publisher\" content=\"https:\/\/www.facebook.com\/SonoraEE\/\" \/>\n<meta property=\"article:author\" content=\"https:\/\/www.facebook.com\/SonoraEE\" \/>\n<meta property=\"article:published_time\" content=\"2026-01-22T16:32:17+00:00\" \/>\n<meta property=\"article:modified_time\" content=\"2026-01-22T21:43:24+00:00\" \/>\n<meta property=\"og:image\" content=\"https:\/\/www.sonoraenequipo.com.mx\/storage\/2026\/01\/marina-captura-a-huachicoleros-1.jpg\" \/>\n\t<meta property=\"og:image:width\" content=\"1000\" \/>\n\t<meta property=\"og:image:height\" content=\"590\" \/>\n\t<meta property=\"og:image:type\" content=\"image\/jpeg\" \/>\n<meta name=\"author\" content=\"enequipo\" \/>\n<meta name=\"twitter:card\" content=\"summary_large_image\" \/>\n<meta name=\"twitter:creator\" content=\"@sonoraenequipo\" \/>\n<meta name=\"twitter:site\" content=\"@sonoraenequipo\" \/>\n<meta name=\"twitter:label1\" content=\"Escrito por\" \/>\n\t<meta name=\"twitter:data1\" content=\"enequipo\" \/>\n\t<meta name=\"twitter:label2\" content=\"Tiempo de lectura\" \/>\n\t<meta name=\"twitter:data2\" content=\"2 minutos\" \/>\n<script type=\"application\/ld+json\" class=\"yoast-schema-graph\">{\"@context\":\"https:\/\/schema.org\",\"@graph\":[{\"@type\":\"Article\",\"@id\":\"https:\/\/www.sonoraenequipo.com.mx\/caen-cuatro-mandos-navales-por-presunto-huachicol-fiscal-semar\/#article\",\"isPartOf\":{\"@id\":\"https:\/\/www.sonoraenequipo.com.mx\/caen-cuatro-mandos-navales-por-presunto-huachicol-fiscal-semar\/\"},\"author\":{\"name\":\"enequipo\",\"@id\":\"https:\/\/www.sonoraenequipo.com.mx\/#\/schema\/person\/50102df0fb23a8fa9e8effad8fa81386\"},\"headline\":\"Caen cuatro mandos navales por presunto huachicol fiscal: SEMAR\",\"datePublished\":\"2026-01-22T16:32:17+00:00\",\"dateModified\":\"2026-01-22T21:43:24+00:00\",\"mainEntityOfPage\":{\"@id\":\"https:\/\/www.sonoraenequipo.com.mx\/caen-cuatro-mandos-navales-por-presunto-huachicol-fiscal-semar\/\"},\"wordCount\":382,\"commentCount\":0,\"publisher\":{\"@id\":\"https:\/\/www.sonoraenequipo.com.mx\/#organization\"},\"image\":{\"@id\":\"https:\/\/www.sonoraenequipo.com.mx\/caen-cuatro-mandos-navales-por-presunto-huachicol-fiscal-semar\/#primaryimage\"},\"thumbnailUrl\":\"https:\/\/www.sonoraenequipo.com.mx\/storage\/2026\/01\/marina-captura-a-huachicoleros-1.jpg\",\"articleSection\":[\"Rep\u00fablica\"],\"inLanguage\":\"es\",\"potentialAction\":[{\"@type\":\"CommentAction\",\"name\":\"Comment\",\"target\":[\"https:\/\/www.sonoraenequipo.com.mx\/caen-cuatro-mandos-navales-por-presunto-huachicol-fiscal-semar\/#respond\"]}]},{\"@type\":\"WebPage\",\"@id\":\"https:\/\/www.sonoraenequipo.com.mx\/caen-cuatro-mandos-navales-por-presunto-huachicol-fiscal-semar\/\",\"url\":\"https:\/\/www.sonoraenequipo.com.mx\/caen-cuatro-mandos-navales-por-presunto-huachicol-fiscal-semar\/\",\"name\":\"Sonora en Equipo. Caen cuatro mandos navales por presunto huachicol fiscal: SEMAR Rep\u00fablica\",\"isPartOf\":{\"@id\":\"https:\/\/www.sonoraenequipo.com.mx\/#website\"},\"primaryImageOfPage\":{\"@id\":\"https:\/\/www.sonoraenequipo.com.mx\/caen-cuatro-mandos-navales-por-presunto-huachicol-fiscal-semar\/#primaryimage\"},\"image\":{\"@id\":\"https:\/\/www.sonoraenequipo.com.mx\/caen-cuatro-mandos-navales-por-presunto-huachicol-fiscal-semar\/#primaryimage\"},\"thumbnailUrl\":\"https:\/\/www.sonoraenequipo.com.mx\/storage\/2026\/01\/marina-captura-a-huachicoleros-1.jpg\",\"datePublished\":\"2026-01-22T16:32:17+00:00\",\"dateModified\":\"2026-01-22T21:43:24+00:00\",\"description\":\"CIUDAD DE M\u00c9XICO.MX. \u2014\u00a0 La Secretar\u00eda de Marina (Semar) y la Secretar\u00eda de Seguridad y Protecci\u00f3n Ciudadana (SSPC) informaron este jueves sobre los En Sonora en Equipo publicamos toda la informaci\u00f3n de Sonora, M\u00e9xico y el Mundo de manera oportuna y busca que la libertad de expresi\u00f3n sea real. Visita nuestro medio informativo publicado desde Hermosillo, Sonora. %\",\"breadcrumb\":{\"@id\":\"https:\/\/www.sonoraenequipo.com.mx\/caen-cuatro-mandos-navales-por-presunto-huachicol-fiscal-semar\/#breadcrumb\"},\"inLanguage\":\"es\",\"potentialAction\":[{\"@type\":\"ReadAction\",\"target\":[\"https:\/\/www.sonoraenequipo.com.mx\/caen-cuatro-mandos-navales-por-presunto-huachicol-fiscal-semar\/\"]}]},{\"@type\":\"ImageObject\",\"inLanguage\":\"es\",\"@id\":\"https:\/\/www.sonoraenequipo.com.mx\/caen-cuatro-mandos-navales-por-presunto-huachicol-fiscal-semar\/#primaryimage\",\"url\":\"https:\/\/www.sonoraenequipo.com.mx\/storage\/2026\/01\/marina-captura-a-huachicoleros-1.jpg\",\"contentUrl\":\"https:\/\/www.sonoraenequipo.com.mx\/storage\/2026\/01\/marina-captura-a-huachicoleros-1.jpg\",\"width\":1000,\"height\":590},{\"@type\":\"BreadcrumbList\",\"@id\":\"https:\/\/www.sonoraenequipo.com.mx\/caen-cuatro-mandos-navales-por-presunto-huachicol-fiscal-semar\/#breadcrumb\",\"itemListElement\":[{\"@type\":\"ListItem\",\"position\":1,\"name\":\"Portada\",\"item\":\"https:\/\/www.sonoraenequipo.com.mx\/\"},{\"@type\":\"ListItem\",\"position\":2,\"name\":\"Caen cuatro mandos navales por presunto huachicol fiscal: SEMAR\"}]},{\"@type\":\"WebSite\",\"@id\":\"https:\/\/www.sonoraenequipo.com.mx\/#website\",\"url\":\"https:\/\/www.sonoraenequipo.com.mx\/\",\"name\":\"Sonora en Equipo.\",\"description\":\"Diario en l\u00ednea con Noticias desde Hermosillo, Sonora\",\"publisher\":{\"@id\":\"https:\/\/www.sonoraenequipo.com.mx\/#organization\"},\"potentialAction\":[{\"@type\":\"SearchAction\",\"target\":{\"@type\":\"EntryPoint\",\"urlTemplate\":\"https:\/\/www.sonoraenequipo.com.mx\/?s={search_term_string}\"},\"query-input\":{\"@type\":\"PropertyValueSpecification\",\"valueRequired\":true,\"valueName\":\"search_term_string\"}}],\"inLanguage\":\"es\"},{\"@type\":\"Organization\",\"@id\":\"https:\/\/www.sonoraenequipo.com.mx\/#organization\",\"name\":\"Sonoraenequipo.com.mx\",\"url\":\"https:\/\/www.sonoraenequipo.com.mx\/\",\"logo\":{\"@type\":\"ImageObject\",\"inLanguage\":\"es\",\"@id\":\"https:\/\/www.sonoraenequipo.com.mx\/#\/schema\/logo\/image\/\",\"url\":\"https:\/\/www.sonoraenequipo.com.mx\/storage\/2019\/01\/sonoraenequipo_opt.png\",\"contentUrl\":\"https:\/\/www.sonoraenequipo.com.mx\/storage\/2019\/01\/sonoraenequipo_opt.png\",\"width\":375,\"height\":125,\"caption\":\"Sonoraenequipo.com.mx\"},\"image\":{\"@id\":\"https:\/\/www.sonoraenequipo.com.mx\/#\/schema\/logo\/image\/\"},\"sameAs\":[\"https:\/\/www.facebook.com\/SonoraEE\/\",\"https:\/\/x.com\/sonoraenequipo\",\"https:\/\/www.youtube.com\/channel\/UC338nW-lPEYmJQs4ZABQ1SQ\"]},{\"@type\":\"Person\",\"@id\":\"https:\/\/www.sonoraenequipo.com.mx\/#\/schema\/person\/50102df0fb23a8fa9e8effad8fa81386\",\"name\":\"enequipo\",\"image\":{\"@type\":\"ImageObject\",\"inLanguage\":\"es\",\"@id\":\"https:\/\/www.sonoraenequipo.com.mx\/#\/schema\/person\/image\/\",\"url\":\"https:\/\/secure.gravatar.com\/avatar\/049821681b589dabc0bc20695993ccebb09f5b5d4d790cd9251b97faac7c652b?s=96&d=blank&r=g\",\"contentUrl\":\"https:\/\/secure.gravatar.com\/avatar\/049821681b589dabc0bc20695993ccebb09f5b5d4d790cd9251b97faac7c652b?s=96&d=blank&r=g\",\"caption\":\"enequipo\"},\"sameAs\":[\"https:\/\/www.facebook.com\/SonoraEE\"]}]}<\/script>\n ","yoast_head_json":{"title":"Sonora en Equipo. Caen cuatro mandos navales por presunto huachicol fiscal: SEMAR Rep\u00fablica","description":"CIUDAD DE M\u00c9XICO.MX. \u2014\u00a0 La Secretar\u00eda de Marina (Semar) y la Secretar\u00eda de Seguridad y Protecci\u00f3n Ciudadana (SSPC) informaron este jueves sobre los En Sonora en Equipo publicamos toda la informaci\u00f3n de Sonora, M\u00e9xico y el Mundo de manera oportuna y busca que la libertad de expresi\u00f3n sea real. Visita nuestro medio informativo publicado desde Hermosillo, Sonora. %","robots":{"index":"index","follow":"follow","max-snippet":"max-snippet:-1","max-image-preview":"max-image-preview:large","max-video-preview":"max-video-preview:-1"},"canonical":"https:\/\/www.sonoraenequipo.com.mx\/caen-cuatro-mandos-navales-por-presunto-huachicol-fiscal-semar\/","og_locale":"es_ES","og_type":"article","og_title":"Sonora en Equipo. Caen cuatro mandos navales por presunto huachicol fiscal: SEMAR Rep\u00fablica","og_description":"CIUDAD DE M\u00c9XICO.MX. \u2014\u00a0 La Secretar\u00eda de Marina (Semar) y la Secretar\u00eda de Seguridad y Protecci\u00f3n Ciudadana (SSPC) informaron este jueves sobre los En Sonora en Equipo publicamos toda la informaci\u00f3n de Sonora, M\u00e9xico y el Mundo de manera oportuna y busca que la libertad de expresi\u00f3n sea real. Visita nuestro medio informativo publicado desde Hermosillo, Sonora. %","og_url":"https:\/\/www.sonoraenequipo.com.mx\/caen-cuatro-mandos-navales-por-presunto-huachicol-fiscal-semar\/","og_site_name":"Sonora en Equipo.","article_publisher":"https:\/\/www.facebook.com\/SonoraEE\/","article_author":"https:\/\/www.facebook.com\/SonoraEE","article_published_time":"2026-01-22T16:32:17+00:00","article_modified_time":"2026-01-22T21:43:24+00:00","og_image":[{"width":1000,"height":590,"url":"https:\/\/www.sonoraenequipo.com.mx\/storage\/2026\/01\/marina-captura-a-huachicoleros-1.jpg","type":"image\/jpeg"}],"author":"enequipo","twitter_card":"summary_large_image","twitter_creator":"@sonoraenequipo","twitter_site":"@sonoraenequipo","twitter_misc":{"Escrito por":"enequipo","Tiempo de lectura":"2 minutos"},"schema":{"@context":"https:\/\/schema.org","@graph":[{"@type":"Article","@id":"https:\/\/www.sonoraenequipo.com.mx\/caen-cuatro-mandos-navales-por-presunto-huachicol-fiscal-semar\/#article","isPartOf":{"@id":"https:\/\/www.sonoraenequipo.com.mx\/caen-cuatro-mandos-navales-por-presunto-huachicol-fiscal-semar\/"},"author":{"name":"enequipo","@id":"https:\/\/www.sonoraenequipo.com.mx\/#\/schema\/person\/50102df0fb23a8fa9e8effad8fa81386"},"headline":"Caen cuatro mandos navales por presunto huachicol fiscal: SEMAR","datePublished":"2026-01-22T16:32:17+00:00","dateModified":"2026-01-22T21:43:24+00:00","mainEntityOfPage":{"@id":"https:\/\/www.sonoraenequipo.com.mx\/caen-cuatro-mandos-navales-por-presunto-huachicol-fiscal-semar\/"},"wordCount":382,"commentCount":0,"publisher":{"@id":"https:\/\/www.sonoraenequipo.com.mx\/#organization"},"image":{"@id":"https:\/\/www.sonoraenequipo.com.mx\/caen-cuatro-mandos-navales-por-presunto-huachicol-fiscal-semar\/#primaryimage"},"thumbnailUrl":"https:\/\/www.sonoraenequipo.com.mx\/storage\/2026\/01\/marina-captura-a-huachicoleros-1.jpg","articleSection":["Rep\u00fablica"],"inLanguage":"es","potentialAction":[{"@type":"CommentAction","name":"Comment","target":["https:\/\/www.sonoraenequipo.com.mx\/caen-cuatro-mandos-navales-por-presunto-huachicol-fiscal-semar\/#respond"]}]},{"@type":"WebPage","@id":"https:\/\/www.sonoraenequipo.com.mx\/caen-cuatro-mandos-navales-por-presunto-huachicol-fiscal-semar\/","url":"https:\/\/www.sonoraenequipo.com.mx\/caen-cuatro-mandos-navales-por-presunto-huachicol-fiscal-semar\/","name":"Sonora en Equipo. Caen cuatro mandos navales por presunto huachicol fiscal: SEMAR Rep\u00fablica","isPartOf":{"@id":"https:\/\/www.sonoraenequipo.com.mx\/#website"},"primaryImageOfPage":{"@id":"https:\/\/www.sonoraenequipo.com.mx\/caen-cuatro-mandos-navales-por-presunto-huachicol-fiscal-semar\/#primaryimage"},"image":{"@id":"https:\/\/www.sonoraenequipo.com.mx\/caen-cuatro-mandos-navales-por-presunto-huachicol-fiscal-semar\/#primaryimage"},"thumbnailUrl":"https:\/\/www.sonoraenequipo.com.mx\/storage\/2026\/01\/marina-captura-a-huachicoleros-1.jpg","datePublished":"2026-01-22T16:32:17+00:00","dateModified":"2026-01-22T21:43:24+00:00","description":"CIUDAD DE M\u00c9XICO.MX. \u2014\u00a0 La Secretar\u00eda de Marina (Semar) y la Secretar\u00eda de Seguridad y Protecci\u00f3n Ciudadana (SSPC) informaron este jueves sobre los En Sonora en Equipo publicamos toda la informaci\u00f3n de Sonora, M\u00e9xico y el Mundo de manera oportuna y busca que la libertad de expresi\u00f3n sea real. Visita nuestro medio informativo publicado desde Hermosillo, Sonora. %","breadcrumb":{"@id":"https:\/\/www.sonoraenequipo.com.mx\/caen-cuatro-mandos-navales-por-presunto-huachicol-fiscal-semar\/#breadcrumb"},"inLanguage":"es","potentialAction":[{"@type":"ReadAction","target":["https:\/\/www.sonoraenequipo.com.mx\/caen-cuatro-mandos-navales-por-presunto-huachicol-fiscal-semar\/"]}]},{"@type":"ImageObject","inLanguage":"es","@id":"https:\/\/www.sonoraenequipo.com.mx\/caen-cuatro-mandos-navales-por-presunto-huachicol-fiscal-semar\/#primaryimage","url":"https:\/\/www.sonoraenequipo.com.mx\/storage\/2026\/01\/marina-captura-a-huachicoleros-1.jpg","contentUrl":"https:\/\/www.sonoraenequipo.com.mx\/storage\/2026\/01\/marina-captura-a-huachicoleros-1.jpg","width":1000,"height":590},{"@type":"BreadcrumbList","@id":"https:\/\/www.sonoraenequipo.com.mx\/caen-cuatro-mandos-navales-por-presunto-huachicol-fiscal-semar\/#breadcrumb","itemListElement":[{"@type":"ListItem","position":1,"name":"Portada","item":"https:\/\/www.sonoraenequipo.com.mx\/"},{"@type":"ListItem","position":2,"name":"Caen cuatro mandos navales por presunto huachicol fiscal: SEMAR"}]},{"@type":"WebSite","@id":"https:\/\/www.sonoraenequipo.com.mx\/#website","url":"https:\/\/www.sonoraenequipo.com.mx\/","name":"Sonora en Equipo.","description":"Diario en l\u00ednea con Noticias desde Hermosillo, Sonora","publisher":{"@id":"https:\/\/www.sonoraenequipo.com.mx\/#organization"},"potentialAction":[{"@type":"SearchAction","target":{"@type":"EntryPoint","urlTemplate":"https:\/\/www.sonoraenequipo.com.mx\/?s={search_term_string}"},"query-input":{"@type":"PropertyValueSpecification","valueRequired":true,"valueName":"search_term_string"}}],"inLanguage":"es"},{"@type":"Organization","@id":"https:\/\/www.sonoraenequipo.com.mx\/#organization","name":"Sonoraenequipo.com.mx","url":"https:\/\/www.sonoraenequipo.com.mx\/","logo":{"@type":"ImageObject","inLanguage":"es","@id":"https:\/\/www.sonoraenequipo.com.mx\/#\/schema\/logo\/image\/","url":"https:\/\/www.sonoraenequipo.com.mx\/storage\/2019\/01\/sonoraenequipo_opt.png","contentUrl":"https:\/\/www.sonoraenequipo.com.mx\/storage\/2019\/01\/sonoraenequipo_opt.png","width":375,"height":125,"caption":"Sonoraenequipo.com.mx"},"image":{"@id":"https:\/\/www.sonoraenequipo.com.mx\/#\/schema\/logo\/image\/"},"sameAs":["https:\/\/www.facebook.com\/SonoraEE\/","https:\/\/x.com\/sonoraenequipo","https:\/\/www.youtube.com\/channel\/UC338nW-lPEYmJQs4ZABQ1SQ"]},{"@type":"Person","@id":"https:\/\/www.sonoraenequipo.com.mx\/#\/schema\/person\/50102df0fb23a8fa9e8effad8fa81386","name":"enequipo","image":{"@type":"ImageObject","inLanguage":"es","@id":"https:\/\/www.sonoraenequipo.com.mx\/#\/schema\/person\/image\/","url":"https:\/\/secure.gravatar.com\/avatar\/049821681b589dabc0bc20695993ccebb09f5b5d4d790cd9251b97faac7c652b?s=96&d=blank&r=g","contentUrl":"https:\/\/secure.gravatar.com\/avatar\/049821681b589dabc0bc20695993ccebb09f5b5d4d790cd9251b97faac7c652b?s=96&d=blank&r=g","caption":"enequipo"},"sameAs":["https:\/\/www.facebook.com\/SonoraEE"]}]}},"jetpack_featured_media_url":"https:\/\/www.sonoraenequipo.com.mx\/storage\/2026\/01\/marina-captura-a-huachicoleros-1.jpg","_links":{"self":[{"href":"https:\/\/www.sonoraenequipo.com.mx\/api\/wp\/v2\/posts\/233631","targetHints":{"allow":["GET"]}}],"collection":[{"href":"https:\/\/www.sonoraenequipo.com.mx\/api\/wp\/v2\/posts"}],"about":[{"href":"https:\/\/www.sonoraenequipo.com.mx\/api\/wp\/v2\/types\/post"}],"author":[{"embeddable":true,"href":"https:\/\/www.sonoraenequipo.com.mx\/api\/wp\/v2\/users\/1"}],"replies":[{"embeddable":true,"href":"https:\/\/www.sonoraenequipo.com.mx\/api\/wp\/v2\/comments?post=233631"}],"version-history":[{"count":1,"href":"https:\/\/www.sonoraenequipo.com.mx\/api\/wp\/v2\/posts\/233631\/revisions"}],"predecessor-version":[{"id":233634,"href":"https:\/\/www.sonoraenequipo.com.mx\/api\/wp\/v2\/posts\/233631\/revisions\/233634"}],"wp:featuredmedia":[{"embeddable":true,"href":"https:\/\/www.sonoraenequipo.com.mx\/api\/wp\/v2\/media\/233623"}],"wp:attachment":[{"href":"https:\/\/www.sonoraenequipo.com.mx\/api\/wp\/v2\/media?parent=233631"}],"wp:term":[{"taxonomy":"category","embeddable":true,"href":"https:\/\/www.sonoraenequipo.com.mx\/api\/wp\/v2\/categories?post=233631"},{"taxonomy":"post_tag","embeddable":true,"href":"https:\/\/www.sonoraenequipo.com.mx\/api\/wp\/v2\/tags?post=233631"}],"curies":[{"name":"wp","href":"https:\/\/api.w.org\/{rel}","templated":true}]}}