{"id":233637,"date":"2026-01-22T09:32:14","date_gmt":"2026-01-22T16:32:14","guid":{"rendered":"https:\/\/www.sonoraenequipo.com.mx\/?p=233637"},"modified":"2026-01-22T14:57:24","modified_gmt":"2026-01-22T21:57:24","slug":"atrapan-a-el-botox-en-michoacan","status":"publish","type":"post","link":"https:\/\/www.sonoraenequipo.com.mx\/atrapan-a-el-botox-en-michoacan\/","title":{"rendered":"Atrapan a \u201cEl Botox\u201d en Michoac\u00e1n."},"content":{"rendered":"<p><b>PUEBLA, PUEBLA. MX. \u2014 <\/b>Omar Garc\u00eda Harfuch, secretario de Seguridad y Protecci\u00f3n Ciudadana <strong>(SSPC),<\/strong> inform\u00f3 de la detenci\u00f3n de <strong>Carlos Alejandro \u201cN\u201d<\/strong>, <strong>\u201cEl Botox\u201d,<\/strong> presunto responsable de extorsiones y homicidios en perjuicio de productores agr\u00edcolas, particularmente limoneros, en Michoac\u00e1n.<\/p>\n<p>&nbsp;<\/p>\n<p>&nbsp;<\/p>\n<p> <\/p>\n<p>En la marco de la conferencia matutina de la presidenta Claudia Sheinbaum, en Puebla, Garc\u00eda Harfuch resalt\u00f3 la detenci\u00f3n de<strong> \u201cEl Botox\u201d<\/strong> realizada mediante un operativo coordinado entre la Secretar\u00eda de la Defensa Nacional, Secretar\u00eda de Marina, Secretar\u00eda de Seguridad y Protecci\u00f3n Ciudadana, la Fiscal\u00eda General del Estado de Michoac\u00e1n y la Secretar\u00eda de Seguridad estatal.<\/p>\n<p>&nbsp;<\/p>\n<p>&nbsp;<\/p>\n<p>Precis\u00f3 que <strong>\u201cEl Botox\u201d<\/strong> es responsable de extorsiones contra limoneros y otros productores, as\u00ed como de homicidios, entre ellos el asesinato del l\u00edder de los limoneros, Bernardo Bravo, un crimen que conmocion\u00f3 a la regi\u00f3n.<\/p>\n<p>&nbsp;<\/p>\n<p>&nbsp;<\/p>\n<p>El secretario se\u00f1al\u00f3 que \u201c<strong>El Botox\u201d<\/strong> era un objetivo prioritario y su detenci\u00f3n se dio tras un operativo que calific\u00f3 como <strong>\u201ccomplejo\u201d<\/strong> y resultado de una amplia coordinaci\u00f3n interinstitucional.<\/p>\n<p>&nbsp;<\/p>\n<p>&nbsp;<\/p>\n<p>De acuerdo con Garc\u00eda Harfuch la b\u00fasqueda de esta persona llevaba varios meses y se sustentaba en una c\u00e9lula de investigaci\u00f3n que trabajada en estrecha colaboraci\u00f3n con la Fiscal\u00eda del Estado de Michoac\u00e1n.<\/p>\n<p>&nbsp;<\/p>\n<p>&nbsp;<\/p>\n<p>La localizaci\u00f3n se logr\u00f3 en uno de varios domicilios previamente identificados por las autoridades.<\/p>\n<p>&nbsp;<\/p>\n<p>&nbsp;<\/p>\n<p>Durante la intervenci\u00f3n, el sujeto intent\u00f3 evadir a las fuerzas de seguridad al salir del inmueble; sin embargo, fue finalmente asegurado por una elemento femenina, quien concret\u00f3 la detenci\u00f3n sin que se registraran enfrentamientos ni personas lesionadas.<\/p>\n<p>&nbsp;<\/p>\n<p>&nbsp;<\/p>\n<p>Como parte de la misma operaci\u00f3n, las autoridades informaron que durante la madrugada y en una acci\u00f3n previa, alrededor de la medianoche, fue detenida una mujer cercana al ahora detenido, se\u00f1alada como responsable de llevar la contabilidad de su c\u00edrculo m\u00e1s pr\u00f3ximo.<\/p>\n<p>&nbsp;<\/p>\n<p>&nbsp;<\/p>\n<p>Asimismo, la semana pasada se realizaron otras detenciones de personas vinculadas a su entorno.<\/p>\n<p>&nbsp;<\/p>\n<p>&nbsp;<\/p>\n<p>El secretario inform\u00f3 que el detenido identificado contaba con un amplio historial delictivo y m\u00faltiples \u00f3rdenes de aprehensi\u00f3n vigentes, la mayor\u00eda relacionadas con delitos de alto impacto.<\/p>\n<p>&nbsp;<\/p>\n<p>&nbsp;<\/p>\n<p>Detall\u00f3 que el presunto delincuente ten\u00eda m\u00e1s de siete \u00f3rdenes de aprehensi\u00f3n, casi todas por homicidio y extorsi\u00f3n agravada.<\/p>\n<p>&nbsp;<\/p>\n<p>&nbsp;<\/p>\n<p>Precis\u00f3 que la primera orden corresponde a un homicidio cometido en 2025; la segunda, por extorsi\u00f3n agravada, tambi\u00e9n del mismo a\u00f1o; una tercera por el mismo delito en 2025 y 2024, y otra m\u00e1s igualmente por extorsi\u00f3n agravada.<\/p>\n<p>&nbsp;<\/p>\n<p>&nbsp;<\/p>\n<p>Garc\u00eda Harfuch se\u00f1al\u00f3 que, adem\u00e1s, exist\u00edan m\u00e1s de seis \u00f3rdenes de aprehensi\u00f3n adicionales por extorsi\u00f3n agravada, as\u00ed como tres por homicidio calificado y una por tentativa de homicidio calificado.<\/p>\n<p>&nbsp;<\/p>\n<p>&nbsp;<\/p>\n<p>La orden m\u00e1s reciente fue obtenida por la Fiscal\u00eda General de Justicia del estado de Michoac\u00e1n el 6 de noviembre, relacionada con el asesinato de Bernardo Bravo, l\u00edder de los productores limoneros en la entidad.<\/p>\n<p>&nbsp;<\/p>\n<p>&nbsp;<\/p>\n<p>El titular de la SSPC agreg\u00f3 que \u201cEl Botox\u201d mantuvo v\u00ednculos con el C\u00e1rtel Jalisco Nueva Generaci\u00f3n y con otros grupos delictivos, y destac\u00f3 que en diversas ocasiones utiliz\u00f3 explosivos en contra de las autoridades, adem\u00e1s de estar implicado en numerosos homicidios y en la extorsi\u00f3n sistem\u00e1tica a productores agr\u00edcolas.<\/p>\n<p>&nbsp;<\/p>\n<p>&nbsp;<\/p>\n<p>Sobre su situaci\u00f3n legal, explic\u00f3 que las \u00f3rdenes de aprehensi\u00f3n ser\u00e1n cumplimentadas directamente en los centros penitenciarios correspondientes.<\/p>\n<p>&nbsp;<\/p>\n<p>&nbsp;<\/p>\n<p>Durante el informe presentado este jueves, Garc\u00eda Harfuch subray\u00f3 que, bajo el liderazgo de la presidenta Claudia Sheinbaum y en coordinaci\u00f3n con el gobernador Alejandro Armenta, se ha fortalecido una pol\u00edtica de seguridad basada en la coordinaci\u00f3n interinstitucional, el trabajo de inteligencia y la presencia operativa en territorio, lo que ha permitido actuar con mayor precisi\u00f3n contra los generadores de violencia.<\/p>\n<p>&nbsp;<\/p>\n<p>&nbsp;<\/p>\n<p>De acuerdo con el reporte de incidencia delictiva con corte al 31 de diciembre de 2025, el promedio diario de homicidio doloso en Puebla registr\u00f3 una reducci\u00f3n de 41 por ciento, al pasar de 3.97 homicidios diarios en septiembre de 2024 a 2.35 en diciembre de 2025.<\/p>\n<p>&nbsp;<\/p>\n<p>&nbsp;<\/p>\n<p>En tanto, los delitos de alto impacto disminuyeron 11 por ciento en la comparaci\u00f3n anual 2024-2025, al bajar de 42.8 a 38.2 delitos diarios en promedio.<\/p>\n<p>&nbsp;<\/p>\n<p>&nbsp;<\/p>\n<p>Desde el inicio de la actual administraci\u00f3n federal, del 1 de octubre de 2024 al 15 de enero de 2026, se report\u00f3 la detenci\u00f3n de mil 365 personas por delitos de alto impacto en Puebla, el aseguramiento de 435 armas de fuego, 346 kilogramos de droga y la destrucci\u00f3n de un laboratorio para la producci\u00f3n de drogas sint\u00e9ticas.<\/p>\n<p>&nbsp;<\/p>\n<p>&nbsp;<\/p>\n<p>En el marco de la Estrategia Nacional contra la Extorsi\u00f3n, implementada el 6 de julio, Puebla se consolid\u00f3 como uno de los ejes prioritarios.<\/p>\n<p>&nbsp;<\/p>\n<p>&nbsp;<\/p>\n<p>En la entidad se abrieron 119 carpetas de investigaci\u00f3n, fueron detenidas nueve personas \u2014siete de ellas objetivos prioritarios\u2014 y se inhabilitaron 49 l\u00edneas telef\u00f3nicas utilizadas para la extorsi\u00f3n virtual, lo que deriv\u00f3 en una disminuci\u00f3n de 16.7 por ciento en este delito.<\/p>\n<p>&nbsp;<\/p>\n<p>&nbsp;<\/p>\n<p>Entre las acciones relevantes se inform\u00f3 la detenci\u00f3n de Yosafat N., principal operador de una c\u00e9lula dedicada al secuestro virtual; Julio N., l\u00edder del C\u00e1rtel de los Toscano; Enrique N., alias \u201cCarreteras\u201d, vinculado a robo de hidrocarburo y homicidio; as\u00ed como Jos\u00e9 Miguel N., detenido por extorsi\u00f3n agravada, adem\u00e1s de cateos e inspecciones en centros penitenciarios para asegurar dispositivos de comunicaci\u00f3n usados en estos il\u00edcitos.<\/p>\n<p>&nbsp;<\/p>\n<p>&nbsp;<\/p>\n<p>PUBLICADO EL 22 ENERO DE 2026 Con informaci\u00f3n de <strong>SSPC)<\/strong><\/p>\n","protected":false},"excerpt":{"rendered":"<p>PUEBLA, PUEBLA. MX. \u2014 Omar Garc\u00eda Harfuch, secretario de Seguridad y Protecci\u00f3n Ciudadana (SSPC), inform\u00f3&#8230;<\/p>\n","protected":false},"author":1,"featured_media":233621,"comment_status":"open","ping_status":"open","sticky":false,"template":"","format":"standard","meta":{"_monsterinsights_skip_tracking":false,"_monsterinsights_sitenote_active":false,"_monsterinsights_sitenote_note":"","_monsterinsights_sitenote_category":0,"footnotes":""},"categories":[5],"tags":[],"class_list":["post"],"yoast_head":" \n<title>Sonora en Equipo. Atrapan a \u201cEl Botox\u201d en Michoac\u00e1n. Rep\u00fablica<\/title>\n<meta name=\"description\" content=\"PUEBLA, PUEBLA. MX. \u2014 Omar Garc\u00eda Harfuch, secretario de Seguridad y Protecci\u00f3n Ciudadana (SSPC), inform\u00f3 de la detenci\u00f3n de Carlos Alejandro \u201cN\u201d, \u201cEl En Sonora en Equipo publicamos toda la informaci\u00f3n de Sonora, M\u00e9xico y el Mundo de manera oportuna y busca que la libertad de expresi\u00f3n sea real. Visita nuestro medio informativo publicado desde Hermosillo, Sonora. %\" \/>\n<meta name=\"robots\" content=\"index, follow, max-snippet:-1, max-image-preview:large, max-video-preview:-1\" \/>\n<link rel=\"canonical\" href=\"https:\/\/www.sonoraenequipo.com.mx\/atrapan-a-el-botox-en-michoacan\/\" \/>\n<meta property=\"og:locale\" content=\"es_ES\" \/>\n<meta property=\"og:type\" content=\"article\" \/>\n<meta property=\"og:title\" content=\"Sonora en Equipo. Atrapan a \u201cEl Botox\u201d en Michoac\u00e1n. Rep\u00fablica\" \/>\n<meta property=\"og:description\" content=\"PUEBLA, PUEBLA. MX. \u2014 Omar Garc\u00eda Harfuch, secretario de Seguridad y Protecci\u00f3n Ciudadana (SSPC), inform\u00f3 de la detenci\u00f3n de Carlos Alejandro \u201cN\u201d, \u201cEl En Sonora en Equipo publicamos toda la informaci\u00f3n de Sonora, M\u00e9xico y el Mundo de manera oportuna y busca que la libertad de expresi\u00f3n sea real. Visita nuestro medio informativo publicado desde Hermosillo, Sonora. %\" \/>\n<meta property=\"og:url\" content=\"https:\/\/www.sonoraenequipo.com.mx\/atrapan-a-el-botox-en-michoacan\/\" \/>\n<meta property=\"og:site_name\" content=\"Sonora en Equipo.\" \/>\n<meta property=\"article:publisher\" content=\"https:\/\/www.facebook.com\/SonoraEE\/\" \/>\n<meta property=\"article:author\" content=\"https:\/\/www.facebook.com\/SonoraEE\" \/>\n<meta property=\"article:published_time\" content=\"2026-01-22T16:32:14+00:00\" \/>\n<meta property=\"article:modified_time\" content=\"2026-01-22T21:57:24+00:00\" \/>\n<meta property=\"og:image\" content=\"https:\/\/www.sonoraenequipo.com.mx\/storage\/2026\/01\/el-limonero-1.jpg\" \/>\n\t<meta property=\"og:image:width\" content=\"1000\" \/>\n\t<meta property=\"og:image:height\" content=\"613\" \/>\n\t<meta property=\"og:image:type\" content=\"image\/jpeg\" \/>\n<meta name=\"author\" content=\"enequipo\" \/>\n<meta name=\"twitter:card\" content=\"summary_large_image\" \/>\n<meta name=\"twitter:creator\" content=\"@sonoraenequipo\" \/>\n<meta name=\"twitter:site\" content=\"@sonoraenequipo\" \/>\n<meta name=\"twitter:label1\" content=\"Escrito por\" \/>\n\t<meta name=\"twitter:data1\" content=\"enequipo\" \/>\n\t<meta name=\"twitter:label2\" content=\"Tiempo de lectura\" \/>\n\t<meta name=\"twitter:data2\" content=\"5 minutos\" \/>\n<script type=\"application\/ld+json\" class=\"yoast-schema-graph\">{\"@context\":\"https:\/\/schema.org\",\"@graph\":[{\"@type\":\"Article\",\"@id\":\"https:\/\/www.sonoraenequipo.com.mx\/atrapan-a-el-botox-en-michoacan\/#article\",\"isPartOf\":{\"@id\":\"https:\/\/www.sonoraenequipo.com.mx\/atrapan-a-el-botox-en-michoacan\/\"},\"author\":{\"name\":\"enequipo\",\"@id\":\"https:\/\/www.sonoraenequipo.com.mx\/#\/schema\/person\/50102df0fb23a8fa9e8effad8fa81386\"},\"headline\":\"Atrapan a \u201cEl Botox\u201d en Michoac\u00e1n.\",\"datePublished\":\"2026-01-22T16:32:14+00:00\",\"dateModified\":\"2026-01-22T21:57:24+00:00\",\"mainEntityOfPage\":{\"@id\":\"https:\/\/www.sonoraenequipo.com.mx\/atrapan-a-el-botox-en-michoacan\/\"},\"wordCount\":968,\"commentCount\":0,\"publisher\":{\"@id\":\"https:\/\/www.sonoraenequipo.com.mx\/#organization\"},\"image\":{\"@id\":\"https:\/\/www.sonoraenequipo.com.mx\/atrapan-a-el-botox-en-michoacan\/#primaryimage\"},\"thumbnailUrl\":\"https:\/\/www.sonoraenequipo.com.mx\/storage\/2026\/01\/el-limonero-1.jpg\",\"articleSection\":[\"Rep\u00fablica\"],\"inLanguage\":\"es\",\"potentialAction\":[{\"@type\":\"CommentAction\",\"name\":\"Comment\",\"target\":[\"https:\/\/www.sonoraenequipo.com.mx\/atrapan-a-el-botox-en-michoacan\/#respond\"]}]},{\"@type\":\"WebPage\",\"@id\":\"https:\/\/www.sonoraenequipo.com.mx\/atrapan-a-el-botox-en-michoacan\/\",\"url\":\"https:\/\/www.sonoraenequipo.com.mx\/atrapan-a-el-botox-en-michoacan\/\",\"name\":\"Sonora en Equipo. Atrapan a \u201cEl Botox\u201d en Michoac\u00e1n. Rep\u00fablica\",\"isPartOf\":{\"@id\":\"https:\/\/www.sonoraenequipo.com.mx\/#website\"},\"primaryImageOfPage\":{\"@id\":\"https:\/\/www.sonoraenequipo.com.mx\/atrapan-a-el-botox-en-michoacan\/#primaryimage\"},\"image\":{\"@id\":\"https:\/\/www.sonoraenequipo.com.mx\/atrapan-a-el-botox-en-michoacan\/#primaryimage\"},\"thumbnailUrl\":\"https:\/\/www.sonoraenequipo.com.mx\/storage\/2026\/01\/el-limonero-1.jpg\",\"datePublished\":\"2026-01-22T16:32:14+00:00\",\"dateModified\":\"2026-01-22T21:57:24+00:00\",\"description\":\"PUEBLA, PUEBLA. MX. \u2014 Omar Garc\u00eda Harfuch, secretario de Seguridad y Protecci\u00f3n Ciudadana (SSPC), inform\u00f3 de la detenci\u00f3n de Carlos Alejandro \u201cN\u201d, \u201cEl En Sonora en Equipo publicamos toda la informaci\u00f3n de Sonora, M\u00e9xico y el Mundo de manera oportuna y busca que la libertad de expresi\u00f3n sea real. Visita nuestro medio informativo publicado desde Hermosillo, Sonora. %\",\"breadcrumb\":{\"@id\":\"https:\/\/www.sonoraenequipo.com.mx\/atrapan-a-el-botox-en-michoacan\/#breadcrumb\"},\"inLanguage\":\"es\",\"potentialAction\":[{\"@type\":\"ReadAction\",\"target\":[\"https:\/\/www.sonoraenequipo.com.mx\/atrapan-a-el-botox-en-michoacan\/\"]}]},{\"@type\":\"ImageObject\",\"inLanguage\":\"es\",\"@id\":\"https:\/\/www.sonoraenequipo.com.mx\/atrapan-a-el-botox-en-michoacan\/#primaryimage\",\"url\":\"https:\/\/www.sonoraenequipo.com.mx\/storage\/2026\/01\/el-limonero-1.jpg\",\"contentUrl\":\"https:\/\/www.sonoraenequipo.com.mx\/storage\/2026\/01\/el-limonero-1.jpg\",\"width\":1000,\"height\":613},{\"@type\":\"BreadcrumbList\",\"@id\":\"https:\/\/www.sonoraenequipo.com.mx\/atrapan-a-el-botox-en-michoacan\/#breadcrumb\",\"itemListElement\":[{\"@type\":\"ListItem\",\"position\":1,\"name\":\"Portada\",\"item\":\"https:\/\/www.sonoraenequipo.com.mx\/\"},{\"@type\":\"ListItem\",\"position\":2,\"name\":\"Atrapan a \u201cEl Botox\u201d en Michoac\u00e1n.\"}]},{\"@type\":\"WebSite\",\"@id\":\"https:\/\/www.sonoraenequipo.com.mx\/#website\",\"url\":\"https:\/\/www.sonoraenequipo.com.mx\/\",\"name\":\"Sonora en Equipo.\",\"description\":\"Diario en l\u00ednea con Noticias desde Hermosillo, Sonora\",\"publisher\":{\"@id\":\"https:\/\/www.sonoraenequipo.com.mx\/#organization\"},\"potentialAction\":[{\"@type\":\"SearchAction\",\"target\":{\"@type\":\"EntryPoint\",\"urlTemplate\":\"https:\/\/www.sonoraenequipo.com.mx\/?s={search_term_string}\"},\"query-input\":{\"@type\":\"PropertyValueSpecification\",\"valueRequired\":true,\"valueName\":\"search_term_string\"}}],\"inLanguage\":\"es\"},{\"@type\":\"Organization\",\"@id\":\"https:\/\/www.sonoraenequipo.com.mx\/#organization\",\"name\":\"Sonoraenequipo.com.mx\",\"url\":\"https:\/\/www.sonoraenequipo.com.mx\/\",\"logo\":{\"@type\":\"ImageObject\",\"inLanguage\":\"es\",\"@id\":\"https:\/\/www.sonoraenequipo.com.mx\/#\/schema\/logo\/image\/\",\"url\":\"https:\/\/www.sonoraenequipo.com.mx\/storage\/2019\/01\/sonoraenequipo_opt.png\",\"contentUrl\":\"https:\/\/www.sonoraenequipo.com.mx\/storage\/2019\/01\/sonoraenequipo_opt.png\",\"width\":375,\"height\":125,\"caption\":\"Sonoraenequipo.com.mx\"},\"image\":{\"@id\":\"https:\/\/www.sonoraenequipo.com.mx\/#\/schema\/logo\/image\/\"},\"sameAs\":[\"https:\/\/www.facebook.com\/SonoraEE\/\",\"https:\/\/x.com\/sonoraenequipo\",\"https:\/\/www.youtube.com\/channel\/UC338nW-lPEYmJQs4ZABQ1SQ\"]},{\"@type\":\"Person\",\"@id\":\"https:\/\/www.sonoraenequipo.com.mx\/#\/schema\/person\/50102df0fb23a8fa9e8effad8fa81386\",\"name\":\"enequipo\",\"image\":{\"@type\":\"ImageObject\",\"inLanguage\":\"es\",\"@id\":\"https:\/\/www.sonoraenequipo.com.mx\/#\/schema\/person\/image\/\",\"url\":\"https:\/\/secure.gravatar.com\/avatar\/049821681b589dabc0bc20695993ccebb09f5b5d4d790cd9251b97faac7c652b?s=96&d=blank&r=g\",\"contentUrl\":\"https:\/\/secure.gravatar.com\/avatar\/049821681b589dabc0bc20695993ccebb09f5b5d4d790cd9251b97faac7c652b?s=96&d=blank&r=g\",\"caption\":\"enequipo\"},\"sameAs\":[\"https:\/\/www.facebook.com\/SonoraEE\"]}]}<\/script>\n ","yoast_head_json":{"title":"Sonora en Equipo. Atrapan a \u201cEl Botox\u201d en Michoac\u00e1n. Rep\u00fablica","description":"PUEBLA, PUEBLA. MX. \u2014 Omar Garc\u00eda Harfuch, secretario de Seguridad y Protecci\u00f3n Ciudadana (SSPC), inform\u00f3 de la detenci\u00f3n de Carlos Alejandro \u201cN\u201d, \u201cEl En Sonora en Equipo publicamos toda la informaci\u00f3n de Sonora, M\u00e9xico y el Mundo de manera oportuna y busca que la libertad de expresi\u00f3n sea real. Visita nuestro medio informativo publicado desde Hermosillo, Sonora. %","robots":{"index":"index","follow":"follow","max-snippet":"max-snippet:-1","max-image-preview":"max-image-preview:large","max-video-preview":"max-video-preview:-1"},"canonical":"https:\/\/www.sonoraenequipo.com.mx\/atrapan-a-el-botox-en-michoacan\/","og_locale":"es_ES","og_type":"article","og_title":"Sonora en Equipo. Atrapan a \u201cEl Botox\u201d en Michoac\u00e1n. Rep\u00fablica","og_description":"PUEBLA, PUEBLA. MX. \u2014 Omar Garc\u00eda Harfuch, secretario de Seguridad y Protecci\u00f3n Ciudadana (SSPC), inform\u00f3 de la detenci\u00f3n de Carlos Alejandro \u201cN\u201d, \u201cEl En Sonora en Equipo publicamos toda la informaci\u00f3n de Sonora, M\u00e9xico y el Mundo de manera oportuna y busca que la libertad de expresi\u00f3n sea real. Visita nuestro medio informativo publicado desde Hermosillo, Sonora. %","og_url":"https:\/\/www.sonoraenequipo.com.mx\/atrapan-a-el-botox-en-michoacan\/","og_site_name":"Sonora en Equipo.","article_publisher":"https:\/\/www.facebook.com\/SonoraEE\/","article_author":"https:\/\/www.facebook.com\/SonoraEE","article_published_time":"2026-01-22T16:32:14+00:00","article_modified_time":"2026-01-22T21:57:24+00:00","og_image":[{"width":1000,"height":613,"url":"https:\/\/www.sonoraenequipo.com.mx\/storage\/2026\/01\/el-limonero-1.jpg","type":"image\/jpeg"}],"author":"enequipo","twitter_card":"summary_large_image","twitter_creator":"@sonoraenequipo","twitter_site":"@sonoraenequipo","twitter_misc":{"Escrito por":"enequipo","Tiempo de lectura":"5 minutos"},"schema":{"@context":"https:\/\/schema.org","@graph":[{"@type":"Article","@id":"https:\/\/www.sonoraenequipo.com.mx\/atrapan-a-el-botox-en-michoacan\/#article","isPartOf":{"@id":"https:\/\/www.sonoraenequipo.com.mx\/atrapan-a-el-botox-en-michoacan\/"},"author":{"name":"enequipo","@id":"https:\/\/www.sonoraenequipo.com.mx\/#\/schema\/person\/50102df0fb23a8fa9e8effad8fa81386"},"headline":"Atrapan a \u201cEl Botox\u201d en Michoac\u00e1n.","datePublished":"2026-01-22T16:32:14+00:00","dateModified":"2026-01-22T21:57:24+00:00","mainEntityOfPage":{"@id":"https:\/\/www.sonoraenequipo.com.mx\/atrapan-a-el-botox-en-michoacan\/"},"wordCount":968,"commentCount":0,"publisher":{"@id":"https:\/\/www.sonoraenequipo.com.mx\/#organization"},"image":{"@id":"https:\/\/www.sonoraenequipo.com.mx\/atrapan-a-el-botox-en-michoacan\/#primaryimage"},"thumbnailUrl":"https:\/\/www.sonoraenequipo.com.mx\/storage\/2026\/01\/el-limonero-1.jpg","articleSection":["Rep\u00fablica"],"inLanguage":"es","potentialAction":[{"@type":"CommentAction","name":"Comment","target":["https:\/\/www.sonoraenequipo.com.mx\/atrapan-a-el-botox-en-michoacan\/#respond"]}]},{"@type":"WebPage","@id":"https:\/\/www.sonoraenequipo.com.mx\/atrapan-a-el-botox-en-michoacan\/","url":"https:\/\/www.sonoraenequipo.com.mx\/atrapan-a-el-botox-en-michoacan\/","name":"Sonora en Equipo. Atrapan a \u201cEl Botox\u201d en Michoac\u00e1n. Rep\u00fablica","isPartOf":{"@id":"https:\/\/www.sonoraenequipo.com.mx\/#website"},"primaryImageOfPage":{"@id":"https:\/\/www.sonoraenequipo.com.mx\/atrapan-a-el-botox-en-michoacan\/#primaryimage"},"image":{"@id":"https:\/\/www.sonoraenequipo.com.mx\/atrapan-a-el-botox-en-michoacan\/#primaryimage"},"thumbnailUrl":"https:\/\/www.sonoraenequipo.com.mx\/storage\/2026\/01\/el-limonero-1.jpg","datePublished":"2026-01-22T16:32:14+00:00","dateModified":"2026-01-22T21:57:24+00:00","description":"PUEBLA, PUEBLA. MX. \u2014 Omar Garc\u00eda Harfuch, secretario de Seguridad y Protecci\u00f3n Ciudadana (SSPC), inform\u00f3 de la detenci\u00f3n de Carlos Alejandro \u201cN\u201d, \u201cEl En Sonora en Equipo publicamos toda la informaci\u00f3n de Sonora, M\u00e9xico y el Mundo de manera oportuna y busca que la libertad de expresi\u00f3n sea real. Visita nuestro medio informativo publicado desde Hermosillo, Sonora. %","breadcrumb":{"@id":"https:\/\/www.sonoraenequipo.com.mx\/atrapan-a-el-botox-en-michoacan\/#breadcrumb"},"inLanguage":"es","potentialAction":[{"@type":"ReadAction","target":["https:\/\/www.sonoraenequipo.com.mx\/atrapan-a-el-botox-en-michoacan\/"]}]},{"@type":"ImageObject","inLanguage":"es","@id":"https:\/\/www.sonoraenequipo.com.mx\/atrapan-a-el-botox-en-michoacan\/#primaryimage","url":"https:\/\/www.sonoraenequipo.com.mx\/storage\/2026\/01\/el-limonero-1.jpg","contentUrl":"https:\/\/www.sonoraenequipo.com.mx\/storage\/2026\/01\/el-limonero-1.jpg","width":1000,"height":613},{"@type":"BreadcrumbList","@id":"https:\/\/www.sonoraenequipo.com.mx\/atrapan-a-el-botox-en-michoacan\/#breadcrumb","itemListElement":[{"@type":"ListItem","position":1,"name":"Portada","item":"https:\/\/www.sonoraenequipo.com.mx\/"},{"@type":"ListItem","position":2,"name":"Atrapan a \u201cEl Botox\u201d en Michoac\u00e1n."}]},{"@type":"WebSite","@id":"https:\/\/www.sonoraenequipo.com.mx\/#website","url":"https:\/\/www.sonoraenequipo.com.mx\/","name":"Sonora en Equipo.","description":"Diario en l\u00ednea con Noticias desde Hermosillo, Sonora","publisher":{"@id":"https:\/\/www.sonoraenequipo.com.mx\/#organization"},"potentialAction":[{"@type":"SearchAction","target":{"@type":"EntryPoint","urlTemplate":"https:\/\/www.sonoraenequipo.com.mx\/?s={search_term_string}"},"query-input":{"@type":"PropertyValueSpecification","valueRequired":true,"valueName":"search_term_string"}}],"inLanguage":"es"},{"@type":"Organization","@id":"https:\/\/www.sonoraenequipo.com.mx\/#organization","name":"Sonoraenequipo.com.mx","url":"https:\/\/www.sonoraenequipo.com.mx\/","logo":{"@type":"ImageObject","inLanguage":"es","@id":"https:\/\/www.sonoraenequipo.com.mx\/#\/schema\/logo\/image\/","url":"https:\/\/www.sonoraenequipo.com.mx\/storage\/2019\/01\/sonoraenequipo_opt.png","contentUrl":"https:\/\/www.sonoraenequipo.com.mx\/storage\/2019\/01\/sonoraenequipo_opt.png","width":375,"height":125,"caption":"Sonoraenequipo.com.mx"},"image":{"@id":"https:\/\/www.sonoraenequipo.com.mx\/#\/schema\/logo\/image\/"},"sameAs":["https:\/\/www.facebook.com\/SonoraEE\/","https:\/\/x.com\/sonoraenequipo","https:\/\/www.youtube.com\/channel\/UC338nW-lPEYmJQs4ZABQ1SQ"]},{"@type":"Person","@id":"https:\/\/www.sonoraenequipo.com.mx\/#\/schema\/person\/50102df0fb23a8fa9e8effad8fa81386","name":"enequipo","image":{"@type":"ImageObject","inLanguage":"es","@id":"https:\/\/www.sonoraenequipo.com.mx\/#\/schema\/person\/image\/","url":"https:\/\/secure.gravatar.com\/avatar\/049821681b589dabc0bc20695993ccebb09f5b5d4d790cd9251b97faac7c652b?s=96&d=blank&r=g","contentUrl":"https:\/\/secure.gravatar.com\/avatar\/049821681b589dabc0bc20695993ccebb09f5b5d4d790cd9251b97faac7c652b?s=96&d=blank&r=g","caption":"enequipo"},"sameAs":["https:\/\/www.facebook.com\/SonoraEE"]}]}},"jetpack_featured_media_url":"https:\/\/www.sonoraenequipo.com.mx\/storage\/2026\/01\/el-limonero-1.jpg","_links":{"self":[{"href":"https:\/\/www.sonoraenequipo.com.mx\/api\/wp\/v2\/posts\/233637","targetHints":{"allow":["GET"]}}],"collection":[{"href":"https:\/\/www.sonoraenequipo.com.mx\/api\/wp\/v2\/posts"}],"about":[{"href":"https:\/\/www.sonoraenequipo.com.mx\/api\/wp\/v2\/types\/post"}],"author":[{"embeddable":true,"href":"https:\/\/www.sonoraenequipo.com.mx\/api\/wp\/v2\/users\/1"}],"replies":[{"embeddable":true,"href":"https:\/\/www.sonoraenequipo.com.mx\/api\/wp\/v2\/comments?post=233637"}],"version-history":[{"count":1,"href":"https:\/\/www.sonoraenequipo.com.mx\/api\/wp\/v2\/posts\/233637\/revisions"}],"predecessor-version":[{"id":233640,"href":"https:\/\/www.sonoraenequipo.com.mx\/api\/wp\/v2\/posts\/233637\/revisions\/233640"}],"wp:featuredmedia":[{"embeddable":true,"href":"https:\/\/www.sonoraenequipo.com.mx\/api\/wp\/v2\/media\/233621"}],"wp:attachment":[{"href":"https:\/\/www.sonoraenequipo.com.mx\/api\/wp\/v2\/media?parent=233637"}],"wp:term":[{"taxonomy":"category","embeddable":true,"href":"https:\/\/www.sonoraenequipo.com.mx\/api\/wp\/v2\/categories?post=233637"},{"taxonomy":"post_tag","embeddable":true,"href":"https:\/\/www.sonoraenequipo.com.mx\/api\/wp\/v2\/tags?post=233637"}],"curies":[{"name":"wp","href":"https:\/\/api.w.org\/{rel}","templated":true}]}}