{"id":233641,"date":"2026-01-22T11:50:32","date_gmt":"2026-01-22T18:50:32","guid":{"rendered":"https:\/\/www.sonoraenequipo.com.mx\/?p=233641"},"modified":"2026-01-22T15:24:31","modified_gmt":"2026-01-22T22:24:31","slug":"sheinbaum-presenta-plan-de-reconstruccion-tras-lluvias-comunidades-quedaran-mejor-que-antes","status":"publish","type":"post","link":"https:\/\/www.sonoraenequipo.com.mx\/sheinbaum-presenta-plan-de-reconstruccion-tras-lluvias-comunidades-quedaran-mejor-que-antes\/","title":{"rendered":"Sheinbaum presenta plan de reconstrucci\u00f3n tras lluvias en comunidades"},"content":{"rendered":"<p><strong>PUEBLA, PUEBLA. MX. \u2014\u00a0<\/strong> La presidenta Claudia Sheinbaum anunci\u00f3 este jueves en Puebla los detalles del plan de reconstrucci\u00f3n y apoyo a las comunidades de los cinco estados afectados por las lluvias intensas del pasado octubre, enfatizando que las localidades no solo ser\u00e1n atendidas, sino que quedar\u00e1n mejor que como estaban antes de los da\u00f1os.<\/p>\n<p>&nbsp;<\/p>\n<p>&nbsp;<\/p>\n<p>&nbsp;<\/p>\n<p> <\/p>\n<p>Durante su mensaje, la mandataria explic\u00f3 que el trabajo no se limitar\u00e1 a la atenci\u00f3n inmediata durante las lluvias, sino que abarcar\u00e1 la limpieza, la reconstrucci\u00f3n de infraestructura y el apoyo econ\u00f3mico directo a las familias afectadas.<\/p>\n<p>&nbsp;<\/p>\n<p>&nbsp;<\/p>\n<p><em><strong>\u201cEso significa que van a quedar mejor que como estaban\u201d<\/strong><\/em>, afirm\u00f3.<\/p>\n<p>&nbsp;<\/p>\n<p>&nbsp;<\/p>\n<p>Entre las acciones principales destacan la reconstrucci\u00f3n de carreteras, obras de agua y drenaje, la recuperaci\u00f3n de cauces de r\u00edos, la construcci\u00f3n de diques de contenci\u00f3n y la rehabilitaci\u00f3n de puentes, as\u00ed como la relocalizaci\u00f3n de viviendas afectadas.<\/p>\n<p>&nbsp;<\/p>\n<p>&nbsp;<\/p>\n<p>Cada familia que deba ser reubicada recibir\u00e1 una nueva vivienda, garantizando mejores condiciones de vida.<\/p>\n<p>&nbsp;<\/p>\n<p>&nbsp;<\/p>\n<p>El plan de reconstrucci\u00f3n abarcar\u00e1 principalmente Puebla, Veracruz e Hidalgo, los tres estados m\u00e1s afectados, aunque tambi\u00e9n se brindar\u00e1 atenci\u00f3n en Quer\u00e9taro y San Luis Potos\u00ed.<\/p>\n<p>&nbsp;<\/p>\n<p>&nbsp;<\/p>\n<p>La inversi\u00f3n total proyectada en los cinco estados es de alrededor de 13 mil millones de pesos, de los cuales 2 mil 500 millones se destinar\u00e1n a Puebla.<\/p>\n<p>&nbsp;<\/p>\n<p>&nbsp;<\/p>\n<p>En el estado, Sheinbaum destac\u00f3 obras estrat\u00e9gicas como la rehabilitaci\u00f3n de la carretera en la Mixteca, la ampliaci\u00f3n de la caseta de Amozoc y acciones de control en el r\u00edo Atoyac, con una inversi\u00f3n total prevista entre 2026 y parte de 2027 de 5 mil millones de pesos.<\/p>\n<p>&nbsp;<\/p>\n<p>&nbsp;<\/p>\n<p>La presidenta tambi\u00e9n record\u00f3 que se mantendr\u00e1n los programas de bienestar dirigidos a adultos mayores, personas con discapacidad y mujeres de 60 a 64 a\u00f1os, asegurando la continuidad de apoyos sociales mientras se llevan a cabo las obras de reconstrucci\u00f3n.<\/p>\n<p>&nbsp;<\/p>\n<p>&nbsp;<\/p>\n<p>Finalmente, Sheinbaum adelant\u00f3 que las licitaciones para los proyectos comenzar\u00e1n a partir de marzo, marcando el inicio de una etapa de reconstrucci\u00f3n integral que buscar\u00e1 superar las condiciones previas de las comunidades afectadas, con infraestructura m\u00e1s segura y servicios mejorados.<\/p>\n<p>&nbsp;<\/p>\n<p>&nbsp;<\/p>\n<p>&nbsp;<\/p>\n<p>PUBLICADO EL 22 ENERO DE 2026 Con informaci\u00f3n de Carlos Guzm\u00e1n)<\/p>\n","protected":false},"excerpt":{"rendered":"<p>PUEBLA, PUEBLA. MX. \u2014\u00a0 La presidenta Claudia Sheinbaum anunci\u00f3 este jueves en Puebla los detalles&#8230;<\/p>\n","protected":false},"author":1,"featured_media":233627,"comment_status":"open","ping_status":"open","sticky":false,"template":"","format":"standard","meta":{"_monsterinsights_skip_tracking":false,"_monsterinsights_sitenote_active":false,"_monsterinsights_sitenote_note":"","_monsterinsights_sitenote_category":0,"footnotes":""},"categories":[5],"tags":[],"class_list":["post"],"yoast_head":" \n<title>Sonora en Equipo. Sheinbaum presenta plan de reconstrucci\u00f3n tras lluvias en comunidades Rep\u00fablica<\/title>\n<meta name=\"description\" content=\"PUEBLA, PUEBLA. MX. \u2014\u00a0 La presidenta Claudia Sheinbaum anunci\u00f3 este jueves en Puebla los detalles del plan de reconstrucci\u00f3n y apoyo a las comunidades de En Sonora en Equipo publicamos toda la informaci\u00f3n de Sonora, M\u00e9xico y el Mundo de manera oportuna y busca que la libertad de expresi\u00f3n sea real. Visita nuestro medio informativo publicado desde Hermosillo, Sonora. %\" \/>\n<meta name=\"robots\" content=\"index, follow, max-snippet:-1, max-image-preview:large, max-video-preview:-1\" \/>\n<link rel=\"canonical\" href=\"https:\/\/www.sonoraenequipo.com.mx\/sheinbaum-presenta-plan-de-reconstruccion-tras-lluvias-comunidades-quedaran-mejor-que-antes\/\" \/>\n<meta property=\"og:locale\" content=\"es_ES\" \/>\n<meta property=\"og:type\" content=\"article\" \/>\n<meta property=\"og:title\" content=\"Sonora en Equipo. Sheinbaum presenta plan de reconstrucci\u00f3n tras lluvias en comunidades Rep\u00fablica\" \/>\n<meta property=\"og:description\" content=\"PUEBLA, PUEBLA. MX. \u2014\u00a0 La presidenta Claudia Sheinbaum anunci\u00f3 este jueves en Puebla los detalles del plan de reconstrucci\u00f3n y apoyo a las comunidades de En Sonora en Equipo publicamos toda la informaci\u00f3n de Sonora, M\u00e9xico y el Mundo de manera oportuna y busca que la libertad de expresi\u00f3n sea real. Visita nuestro medio informativo publicado desde Hermosillo, Sonora. %\" \/>\n<meta property=\"og:url\" content=\"https:\/\/www.sonoraenequipo.com.mx\/sheinbaum-presenta-plan-de-reconstruccion-tras-lluvias-comunidades-quedaran-mejor-que-antes\/\" \/>\n<meta property=\"og:site_name\" content=\"Sonora en Equipo.\" \/>\n<meta property=\"article:publisher\" content=\"https:\/\/www.facebook.com\/SonoraEE\/\" \/>\n<meta property=\"article:author\" content=\"https:\/\/www.facebook.com\/SonoraEE\" \/>\n<meta property=\"article:published_time\" content=\"2026-01-22T18:50:32+00:00\" \/>\n<meta property=\"article:modified_time\" content=\"2026-01-22T22:24:31+00:00\" \/>\n<meta property=\"og:image\" content=\"https:\/\/www.sonoraenequipo.com.mx\/storage\/2026\/01\/sheinbaum.2201-1.jpg\" \/>\n\t<meta property=\"og:image:width\" content=\"1000\" \/>\n\t<meta property=\"og:image:height\" content=\"649\" \/>\n\t<meta property=\"og:image:type\" content=\"image\/jpeg\" \/>\n<meta name=\"author\" content=\"enequipo\" \/>\n<meta name=\"twitter:card\" content=\"summary_large_image\" \/>\n<meta name=\"twitter:creator\" content=\"@sonoraenequipo\" \/>\n<meta name=\"twitter:site\" content=\"@sonoraenequipo\" \/>\n<meta name=\"twitter:label1\" content=\"Escrito por\" \/>\n\t<meta name=\"twitter:data1\" content=\"enequipo\" \/>\n\t<meta name=\"twitter:label2\" content=\"Tiempo de lectura\" \/>\n\t<meta name=\"twitter:data2\" content=\"2 minutos\" \/>\n<script type=\"application\/ld+json\" class=\"yoast-schema-graph\">{\"@context\":\"https:\/\/schema.org\",\"@graph\":[{\"@type\":\"Article\",\"@id\":\"https:\/\/www.sonoraenequipo.com.mx\/sheinbaum-presenta-plan-de-reconstruccion-tras-lluvias-comunidades-quedaran-mejor-que-antes\/#article\",\"isPartOf\":{\"@id\":\"https:\/\/www.sonoraenequipo.com.mx\/sheinbaum-presenta-plan-de-reconstruccion-tras-lluvias-comunidades-quedaran-mejor-que-antes\/\"},\"author\":{\"name\":\"enequipo\",\"@id\":\"https:\/\/www.sonoraenequipo.com.mx\/#\/schema\/person\/50102df0fb23a8fa9e8effad8fa81386\"},\"headline\":\"Sheinbaum presenta plan de reconstrucci\u00f3n tras lluvias en comunidades\",\"datePublished\":\"2026-01-22T18:50:32+00:00\",\"dateModified\":\"2026-01-22T22:24:31+00:00\",\"mainEntityOfPage\":{\"@id\":\"https:\/\/www.sonoraenequipo.com.mx\/sheinbaum-presenta-plan-de-reconstruccion-tras-lluvias-comunidades-quedaran-mejor-que-antes\/\"},\"wordCount\":405,\"commentCount\":0,\"publisher\":{\"@id\":\"https:\/\/www.sonoraenequipo.com.mx\/#organization\"},\"image\":{\"@id\":\"https:\/\/www.sonoraenequipo.com.mx\/sheinbaum-presenta-plan-de-reconstruccion-tras-lluvias-comunidades-quedaran-mejor-que-antes\/#primaryimage\"},\"thumbnailUrl\":\"https:\/\/www.sonoraenequipo.com.mx\/storage\/2026\/01\/sheinbaum.2201-1.jpg\",\"articleSection\":[\"Rep\u00fablica\"],\"inLanguage\":\"es\",\"potentialAction\":[{\"@type\":\"CommentAction\",\"name\":\"Comment\",\"target\":[\"https:\/\/www.sonoraenequipo.com.mx\/sheinbaum-presenta-plan-de-reconstruccion-tras-lluvias-comunidades-quedaran-mejor-que-antes\/#respond\"]}]},{\"@type\":\"WebPage\",\"@id\":\"https:\/\/www.sonoraenequipo.com.mx\/sheinbaum-presenta-plan-de-reconstruccion-tras-lluvias-comunidades-quedaran-mejor-que-antes\/\",\"url\":\"https:\/\/www.sonoraenequipo.com.mx\/sheinbaum-presenta-plan-de-reconstruccion-tras-lluvias-comunidades-quedaran-mejor-que-antes\/\",\"name\":\"Sonora en Equipo. Sheinbaum presenta plan de reconstrucci\u00f3n tras lluvias en comunidades Rep\u00fablica\",\"isPartOf\":{\"@id\":\"https:\/\/www.sonoraenequipo.com.mx\/#website\"},\"primaryImageOfPage\":{\"@id\":\"https:\/\/www.sonoraenequipo.com.mx\/sheinbaum-presenta-plan-de-reconstruccion-tras-lluvias-comunidades-quedaran-mejor-que-antes\/#primaryimage\"},\"image\":{\"@id\":\"https:\/\/www.sonoraenequipo.com.mx\/sheinbaum-presenta-plan-de-reconstruccion-tras-lluvias-comunidades-quedaran-mejor-que-antes\/#primaryimage\"},\"thumbnailUrl\":\"https:\/\/www.sonoraenequipo.com.mx\/storage\/2026\/01\/sheinbaum.2201-1.jpg\",\"datePublished\":\"2026-01-22T18:50:32+00:00\",\"dateModified\":\"2026-01-22T22:24:31+00:00\",\"description\":\"PUEBLA, PUEBLA. MX. \u2014\u00a0 La presidenta Claudia Sheinbaum anunci\u00f3 este jueves en Puebla los detalles del plan de reconstrucci\u00f3n y apoyo a las comunidades de En Sonora en Equipo publicamos toda la informaci\u00f3n de Sonora, M\u00e9xico y el Mundo de manera oportuna y busca que la libertad de expresi\u00f3n sea real. Visita nuestro medio informativo publicado desde Hermosillo, Sonora. %\",\"breadcrumb\":{\"@id\":\"https:\/\/www.sonoraenequipo.com.mx\/sheinbaum-presenta-plan-de-reconstruccion-tras-lluvias-comunidades-quedaran-mejor-que-antes\/#breadcrumb\"},\"inLanguage\":\"es\",\"potentialAction\":[{\"@type\":\"ReadAction\",\"target\":[\"https:\/\/www.sonoraenequipo.com.mx\/sheinbaum-presenta-plan-de-reconstruccion-tras-lluvias-comunidades-quedaran-mejor-que-antes\/\"]}]},{\"@type\":\"ImageObject\",\"inLanguage\":\"es\",\"@id\":\"https:\/\/www.sonoraenequipo.com.mx\/sheinbaum-presenta-plan-de-reconstruccion-tras-lluvias-comunidades-quedaran-mejor-que-antes\/#primaryimage\",\"url\":\"https:\/\/www.sonoraenequipo.com.mx\/storage\/2026\/01\/sheinbaum.2201-1.jpg\",\"contentUrl\":\"https:\/\/www.sonoraenequipo.com.mx\/storage\/2026\/01\/sheinbaum.2201-1.jpg\",\"width\":1000,\"height\":649},{\"@type\":\"BreadcrumbList\",\"@id\":\"https:\/\/www.sonoraenequipo.com.mx\/sheinbaum-presenta-plan-de-reconstruccion-tras-lluvias-comunidades-quedaran-mejor-que-antes\/#breadcrumb\",\"itemListElement\":[{\"@type\":\"ListItem\",\"position\":1,\"name\":\"Portada\",\"item\":\"https:\/\/www.sonoraenequipo.com.mx\/\"},{\"@type\":\"ListItem\",\"position\":2,\"name\":\"Sheinbaum presenta plan de reconstrucci\u00f3n tras lluvias en comunidades\"}]},{\"@type\":\"WebSite\",\"@id\":\"https:\/\/www.sonoraenequipo.com.mx\/#website\",\"url\":\"https:\/\/www.sonoraenequipo.com.mx\/\",\"name\":\"Sonora en Equipo.\",\"description\":\"Diario en l\u00ednea con Noticias desde Hermosillo, Sonora\",\"publisher\":{\"@id\":\"https:\/\/www.sonoraenequipo.com.mx\/#organization\"},\"potentialAction\":[{\"@type\":\"SearchAction\",\"target\":{\"@type\":\"EntryPoint\",\"urlTemplate\":\"https:\/\/www.sonoraenequipo.com.mx\/?s={search_term_string}\"},\"query-input\":{\"@type\":\"PropertyValueSpecification\",\"valueRequired\":true,\"valueName\":\"search_term_string\"}}],\"inLanguage\":\"es\"},{\"@type\":\"Organization\",\"@id\":\"https:\/\/www.sonoraenequipo.com.mx\/#organization\",\"name\":\"Sonoraenequipo.com.mx\",\"url\":\"https:\/\/www.sonoraenequipo.com.mx\/\",\"logo\":{\"@type\":\"ImageObject\",\"inLanguage\":\"es\",\"@id\":\"https:\/\/www.sonoraenequipo.com.mx\/#\/schema\/logo\/image\/\",\"url\":\"https:\/\/www.sonoraenequipo.com.mx\/storage\/2019\/01\/sonoraenequipo_opt.png\",\"contentUrl\":\"https:\/\/www.sonoraenequipo.com.mx\/storage\/2019\/01\/sonoraenequipo_opt.png\",\"width\":375,\"height\":125,\"caption\":\"Sonoraenequipo.com.mx\"},\"image\":{\"@id\":\"https:\/\/www.sonoraenequipo.com.mx\/#\/schema\/logo\/image\/\"},\"sameAs\":[\"https:\/\/www.facebook.com\/SonoraEE\/\",\"https:\/\/x.com\/sonoraenequipo\",\"https:\/\/www.youtube.com\/channel\/UC338nW-lPEYmJQs4ZABQ1SQ\"]},{\"@type\":\"Person\",\"@id\":\"https:\/\/www.sonoraenequipo.com.mx\/#\/schema\/person\/50102df0fb23a8fa9e8effad8fa81386\",\"name\":\"enequipo\",\"image\":{\"@type\":\"ImageObject\",\"inLanguage\":\"es\",\"@id\":\"https:\/\/www.sonoraenequipo.com.mx\/#\/schema\/person\/image\/\",\"url\":\"https:\/\/secure.gravatar.com\/avatar\/049821681b589dabc0bc20695993ccebb09f5b5d4d790cd9251b97faac7c652b?s=96&d=blank&r=g\",\"contentUrl\":\"https:\/\/secure.gravatar.com\/avatar\/049821681b589dabc0bc20695993ccebb09f5b5d4d790cd9251b97faac7c652b?s=96&d=blank&r=g\",\"caption\":\"enequipo\"},\"sameAs\":[\"https:\/\/www.facebook.com\/SonoraEE\"]}]}<\/script>\n ","yoast_head_json":{"title":"Sonora en Equipo. Sheinbaum presenta plan de reconstrucci\u00f3n tras lluvias en comunidades Rep\u00fablica","description":"PUEBLA, PUEBLA. MX. \u2014\u00a0 La presidenta Claudia Sheinbaum anunci\u00f3 este jueves en Puebla los detalles del plan de reconstrucci\u00f3n y apoyo a las comunidades de En Sonora en Equipo publicamos toda la informaci\u00f3n de Sonora, M\u00e9xico y el Mundo de manera oportuna y busca que la libertad de expresi\u00f3n sea real. Visita nuestro medio informativo publicado desde Hermosillo, Sonora. %","robots":{"index":"index","follow":"follow","max-snippet":"max-snippet:-1","max-image-preview":"max-image-preview:large","max-video-preview":"max-video-preview:-1"},"canonical":"https:\/\/www.sonoraenequipo.com.mx\/sheinbaum-presenta-plan-de-reconstruccion-tras-lluvias-comunidades-quedaran-mejor-que-antes\/","og_locale":"es_ES","og_type":"article","og_title":"Sonora en Equipo. Sheinbaum presenta plan de reconstrucci\u00f3n tras lluvias en comunidades Rep\u00fablica","og_description":"PUEBLA, PUEBLA. MX. \u2014\u00a0 La presidenta Claudia Sheinbaum anunci\u00f3 este jueves en Puebla los detalles del plan de reconstrucci\u00f3n y apoyo a las comunidades de En Sonora en Equipo publicamos toda la informaci\u00f3n de Sonora, M\u00e9xico y el Mundo de manera oportuna y busca que la libertad de expresi\u00f3n sea real. Visita nuestro medio informativo publicado desde Hermosillo, Sonora. %","og_url":"https:\/\/www.sonoraenequipo.com.mx\/sheinbaum-presenta-plan-de-reconstruccion-tras-lluvias-comunidades-quedaran-mejor-que-antes\/","og_site_name":"Sonora en Equipo.","article_publisher":"https:\/\/www.facebook.com\/SonoraEE\/","article_author":"https:\/\/www.facebook.com\/SonoraEE","article_published_time":"2026-01-22T18:50:32+00:00","article_modified_time":"2026-01-22T22:24:31+00:00","og_image":[{"width":1000,"height":649,"url":"https:\/\/www.sonoraenequipo.com.mx\/storage\/2026\/01\/sheinbaum.2201-1.jpg","type":"image\/jpeg"}],"author":"enequipo","twitter_card":"summary_large_image","twitter_creator":"@sonoraenequipo","twitter_site":"@sonoraenequipo","twitter_misc":{"Escrito por":"enequipo","Tiempo de lectura":"2 minutos"},"schema":{"@context":"https:\/\/schema.org","@graph":[{"@type":"Article","@id":"https:\/\/www.sonoraenequipo.com.mx\/sheinbaum-presenta-plan-de-reconstruccion-tras-lluvias-comunidades-quedaran-mejor-que-antes\/#article","isPartOf":{"@id":"https:\/\/www.sonoraenequipo.com.mx\/sheinbaum-presenta-plan-de-reconstruccion-tras-lluvias-comunidades-quedaran-mejor-que-antes\/"},"author":{"name":"enequipo","@id":"https:\/\/www.sonoraenequipo.com.mx\/#\/schema\/person\/50102df0fb23a8fa9e8effad8fa81386"},"headline":"Sheinbaum presenta plan de reconstrucci\u00f3n tras lluvias en comunidades","datePublished":"2026-01-22T18:50:32+00:00","dateModified":"2026-01-22T22:24:31+00:00","mainEntityOfPage":{"@id":"https:\/\/www.sonoraenequipo.com.mx\/sheinbaum-presenta-plan-de-reconstruccion-tras-lluvias-comunidades-quedaran-mejor-que-antes\/"},"wordCount":405,"commentCount":0,"publisher":{"@id":"https:\/\/www.sonoraenequipo.com.mx\/#organization"},"image":{"@id":"https:\/\/www.sonoraenequipo.com.mx\/sheinbaum-presenta-plan-de-reconstruccion-tras-lluvias-comunidades-quedaran-mejor-que-antes\/#primaryimage"},"thumbnailUrl":"https:\/\/www.sonoraenequipo.com.mx\/storage\/2026\/01\/sheinbaum.2201-1.jpg","articleSection":["Rep\u00fablica"],"inLanguage":"es","potentialAction":[{"@type":"CommentAction","name":"Comment","target":["https:\/\/www.sonoraenequipo.com.mx\/sheinbaum-presenta-plan-de-reconstruccion-tras-lluvias-comunidades-quedaran-mejor-que-antes\/#respond"]}]},{"@type":"WebPage","@id":"https:\/\/www.sonoraenequipo.com.mx\/sheinbaum-presenta-plan-de-reconstruccion-tras-lluvias-comunidades-quedaran-mejor-que-antes\/","url":"https:\/\/www.sonoraenequipo.com.mx\/sheinbaum-presenta-plan-de-reconstruccion-tras-lluvias-comunidades-quedaran-mejor-que-antes\/","name":"Sonora en Equipo. Sheinbaum presenta plan de reconstrucci\u00f3n tras lluvias en comunidades Rep\u00fablica","isPartOf":{"@id":"https:\/\/www.sonoraenequipo.com.mx\/#website"},"primaryImageOfPage":{"@id":"https:\/\/www.sonoraenequipo.com.mx\/sheinbaum-presenta-plan-de-reconstruccion-tras-lluvias-comunidades-quedaran-mejor-que-antes\/#primaryimage"},"image":{"@id":"https:\/\/www.sonoraenequipo.com.mx\/sheinbaum-presenta-plan-de-reconstruccion-tras-lluvias-comunidades-quedaran-mejor-que-antes\/#primaryimage"},"thumbnailUrl":"https:\/\/www.sonoraenequipo.com.mx\/storage\/2026\/01\/sheinbaum.2201-1.jpg","datePublished":"2026-01-22T18:50:32+00:00","dateModified":"2026-01-22T22:24:31+00:00","description":"PUEBLA, PUEBLA. MX. \u2014\u00a0 La presidenta Claudia Sheinbaum anunci\u00f3 este jueves en Puebla los detalles del plan de reconstrucci\u00f3n y apoyo a las comunidades de En Sonora en Equipo publicamos toda la informaci\u00f3n de Sonora, M\u00e9xico y el Mundo de manera oportuna y busca que la libertad de expresi\u00f3n sea real. Visita nuestro medio informativo publicado desde Hermosillo, Sonora. %","breadcrumb":{"@id":"https:\/\/www.sonoraenequipo.com.mx\/sheinbaum-presenta-plan-de-reconstruccion-tras-lluvias-comunidades-quedaran-mejor-que-antes\/#breadcrumb"},"inLanguage":"es","potentialAction":[{"@type":"ReadAction","target":["https:\/\/www.sonoraenequipo.com.mx\/sheinbaum-presenta-plan-de-reconstruccion-tras-lluvias-comunidades-quedaran-mejor-que-antes\/"]}]},{"@type":"ImageObject","inLanguage":"es","@id":"https:\/\/www.sonoraenequipo.com.mx\/sheinbaum-presenta-plan-de-reconstruccion-tras-lluvias-comunidades-quedaran-mejor-que-antes\/#primaryimage","url":"https:\/\/www.sonoraenequipo.com.mx\/storage\/2026\/01\/sheinbaum.2201-1.jpg","contentUrl":"https:\/\/www.sonoraenequipo.com.mx\/storage\/2026\/01\/sheinbaum.2201-1.jpg","width":1000,"height":649},{"@type":"BreadcrumbList","@id":"https:\/\/www.sonoraenequipo.com.mx\/sheinbaum-presenta-plan-de-reconstruccion-tras-lluvias-comunidades-quedaran-mejor-que-antes\/#breadcrumb","itemListElement":[{"@type":"ListItem","position":1,"name":"Portada","item":"https:\/\/www.sonoraenequipo.com.mx\/"},{"@type":"ListItem","position":2,"name":"Sheinbaum presenta plan de reconstrucci\u00f3n tras lluvias en comunidades"}]},{"@type":"WebSite","@id":"https:\/\/www.sonoraenequipo.com.mx\/#website","url":"https:\/\/www.sonoraenequipo.com.mx\/","name":"Sonora en Equipo.","description":"Diario en l\u00ednea con Noticias desde Hermosillo, Sonora","publisher":{"@id":"https:\/\/www.sonoraenequipo.com.mx\/#organization"},"potentialAction":[{"@type":"SearchAction","target":{"@type":"EntryPoint","urlTemplate":"https:\/\/www.sonoraenequipo.com.mx\/?s={search_term_string}"},"query-input":{"@type":"PropertyValueSpecification","valueRequired":true,"valueName":"search_term_string"}}],"inLanguage":"es"},{"@type":"Organization","@id":"https:\/\/www.sonoraenequipo.com.mx\/#organization","name":"Sonoraenequipo.com.mx","url":"https:\/\/www.sonoraenequipo.com.mx\/","logo":{"@type":"ImageObject","inLanguage":"es","@id":"https:\/\/www.sonoraenequipo.com.mx\/#\/schema\/logo\/image\/","url":"https:\/\/www.sonoraenequipo.com.mx\/storage\/2019\/01\/sonoraenequipo_opt.png","contentUrl":"https:\/\/www.sonoraenequipo.com.mx\/storage\/2019\/01\/sonoraenequipo_opt.png","width":375,"height":125,"caption":"Sonoraenequipo.com.mx"},"image":{"@id":"https:\/\/www.sonoraenequipo.com.mx\/#\/schema\/logo\/image\/"},"sameAs":["https:\/\/www.facebook.com\/SonoraEE\/","https:\/\/x.com\/sonoraenequipo","https:\/\/www.youtube.com\/channel\/UC338nW-lPEYmJQs4ZABQ1SQ"]},{"@type":"Person","@id":"https:\/\/www.sonoraenequipo.com.mx\/#\/schema\/person\/50102df0fb23a8fa9e8effad8fa81386","name":"enequipo","image":{"@type":"ImageObject","inLanguage":"es","@id":"https:\/\/www.sonoraenequipo.com.mx\/#\/schema\/person\/image\/","url":"https:\/\/secure.gravatar.com\/avatar\/049821681b589dabc0bc20695993ccebb09f5b5d4d790cd9251b97faac7c652b?s=96&d=blank&r=g","contentUrl":"https:\/\/secure.gravatar.com\/avatar\/049821681b589dabc0bc20695993ccebb09f5b5d4d790cd9251b97faac7c652b?s=96&d=blank&r=g","caption":"enequipo"},"sameAs":["https:\/\/www.facebook.com\/SonoraEE"]}]}},"jetpack_featured_media_url":"https:\/\/www.sonoraenequipo.com.mx\/storage\/2026\/01\/sheinbaum.2201-1.jpg","_links":{"self":[{"href":"https:\/\/www.sonoraenequipo.com.mx\/api\/wp\/v2\/posts\/233641","targetHints":{"allow":["GET"]}}],"collection":[{"href":"https:\/\/www.sonoraenequipo.com.mx\/api\/wp\/v2\/posts"}],"about":[{"href":"https:\/\/www.sonoraenequipo.com.mx\/api\/wp\/v2\/types\/post"}],"author":[{"embeddable":true,"href":"https:\/\/www.sonoraenequipo.com.mx\/api\/wp\/v2\/users\/1"}],"replies":[{"embeddable":true,"href":"https:\/\/www.sonoraenequipo.com.mx\/api\/wp\/v2\/comments?post=233641"}],"version-history":[{"count":3,"href":"https:\/\/www.sonoraenequipo.com.mx\/api\/wp\/v2\/posts\/233641\/revisions"}],"predecessor-version":[{"id":233644,"href":"https:\/\/www.sonoraenequipo.com.mx\/api\/wp\/v2\/posts\/233641\/revisions\/233644"}],"wp:featuredmedia":[{"embeddable":true,"href":"https:\/\/www.sonoraenequipo.com.mx\/api\/wp\/v2\/media\/233627"}],"wp:attachment":[{"href":"https:\/\/www.sonoraenequipo.com.mx\/api\/wp\/v2\/media?parent=233641"}],"wp:term":[{"taxonomy":"category","embeddable":true,"href":"https:\/\/www.sonoraenequipo.com.mx\/api\/wp\/v2\/categories?post=233641"},{"taxonomy":"post_tag","embeddable":true,"href":"https:\/\/www.sonoraenequipo.com.mx\/api\/wp\/v2\/tags?post=233641"}],"curies":[{"name":"wp","href":"https:\/\/api.w.org\/{rel}","templated":true}]}}