{"id":233648,"date":"2026-01-22T16:00:54","date_gmt":"2026-01-22T23:00:54","guid":{"rendered":"https:\/\/www.sonoraenequipo.com.mx\/?p=233648"},"modified":"2026-01-22T15:59:31","modified_gmt":"2026-01-22T22:59:31","slug":"santander-impulsa-el-bienestar-emocional-en-mexico-con-sus-primeras-3000-becas","status":"publish","type":"post","link":"https:\/\/www.sonoraenequipo.com.mx\/santander-impulsa-el-bienestar-emocional-en-mexico-con-sus-primeras-3000-becas\/","title":{"rendered":"Santander impulsa el bienestar emocional en M\u00e9xico con sus primeras 3,000 becas"},"content":{"rendered":"<p><strong>CIUDAD DE M\u00c9XICO. MX. \u2014 <\/strong>En respuesta a la creciente relevancia de la salud mental como factor estrat\u00e9gico para el desarrollo social, educativo y laboral, Banco Santander M\u00e9xico, a trav\u00e9s de Santander Universidades, abre por primera vez la convocatoria del Curso Santander | Autocuidado y Bienestar Mental, que ofrece 3,000 becas para acceder a formaci\u00f3n internacional en l\u00ednea especializada en bienestar emocional.<\/p>\n<p>&nbsp;<\/p>\n<p>&nbsp;<\/p>\n<p> <\/p>\n<p>El programa tiene como objetivo fortalecer competencias socioemocionales clave, como la resiliencia, la empat\u00eda y la gesti\u00f3n del bienestar emocional, a trav\u00e9s de contenidos acad\u00e9micos dise\u00f1ados para comprender, gestionar y acompa\u00f1ar los desaf\u00edos emocionales del entorno actual, con impacto directo en el desarrollo personal, la productividad y el liderazgo.<\/p>\n<p>&nbsp;<\/p>\n<p>&nbsp;<\/p>\n<p>Esta iniciativa se enmarca en la estrategia global de Santander Universidades para ampliar el acceso a educaci\u00f3n continua y de corta duraci\u00f3n a trav\u00e9s de microcredenciales avaladas por universidades de prestigio internacional, entre las que destacan la Universidad de Yale, la Universidad Aut\u00f3noma de Barcelona y la Universidad de Toronto, reforzando el posicionamiento del banco como uno de los principales impulsores privados de la educaci\u00f3n y el bienestar integral a nivel global.<\/p>\n<p>&nbsp;<\/p>\n<p>&nbsp;<\/p>\n<p><strong><em>\u201cEn Santander entendemos que el bienestar emocional es una base fundamental para el aprendizaje, la productividad y el desarrollo integral de las personas. Con este curso, que es la primera ocasi\u00f3n que lanzamos, buscamos acercar herramientas pr\u00e1cticas y formaci\u00f3n de primer nivel que impacten positivamente en la vida de miles de personas en M\u00e9xico\u201d,<\/em><\/strong> se\u00f1al\u00f3 Arturo Cherbowski Lask, Director Ejecutivo de Santander Universidades y Director General de Universia M\u00e9xico.<\/p>\n<p>&nbsp;<\/p>\n<p>&nbsp;<\/p>\n<p>El programa tiene una duraci\u00f3n aproximada de un mes y brinda acceso a tres cursos internacionales en l\u00ednea, con una carga acad\u00e9mica total cercana a 50 horas:<\/p>\n<p>&nbsp;<\/p>\n<p>&nbsp;<\/p>\n<p>The Science of Well-Being de la Universidad Yale (20 horas)Primeros Auxilios Psicol\u00f3gicos de la Universidad Aut\u00f3noma de Barcelona (15 horas)The Social Context of Mental Health and Illness de la Universidad de Toronto (14 horas)<\/p>\n<p>&nbsp;<\/p>\n<p>&nbsp;<\/p>\n<p>La convocatoria est\u00e1 dirigida a personas mayores de 16 a\u00f1os con nacionalidad mexicana, sin importar su nivel de estudios, \u00e1rea de conocimiento u ocupaci\u00f3n. Las inscripciones estar\u00e1n abiertas hasta el 30 de enero de 2026 a trav\u00e9s de la plataforma Santander Open Academy.<\/p>\n<p>&nbsp;<\/p>\n<p>&nbsp;<\/p>\n<p>&nbsp;<\/p>\n<p>El acceso a los cursos se otorgar\u00e1 de manera semanal posterior a la inscripci\u00f3n; los resultados se publicar\u00e1n el 10 de febrero de 2026 y la fecha l\u00edmite para concluir la formaci\u00f3n es el 23 de febrero de 2026.<\/p>\n<p>&nbsp;<\/p>\n<p>&nbsp;<\/p>\n<p>Con esta acci\u00f3n, Banco Santander refuerza su compromiso de largo plazo con la educaci\u00f3n, la formaci\u00f3n continua y el bienestar integral, contribuyendo al desarrollo emocional y social en M\u00e9xico mediante programas accesibles, de calidad internacional y alineados con los desaf\u00edos contempor\u00e1neos del capital humano.<\/p>\n<p>&nbsp;<\/p>\n<p>&nbsp;<\/p>\n<p>PUBLICADO EL 22 ENERO DE 2026 Con informaci\u00f3n de Gamal Dur\u00e1n.\u00a0 \/ agduran@santander.com.mx)<\/p>\n","protected":false},"excerpt":{"rendered":"<p>CIUDAD DE M\u00c9XICO. MX. \u2014 En respuesta a la creciente relevancia de la salud mental&#8230;<\/p>\n","protected":false},"author":1,"featured_media":233649,"comment_status":"open","ping_status":"open","sticky":false,"template":"","format":"standard","meta":{"_monsterinsights_skip_tracking":false,"_monsterinsights_sitenote_active":false,"_monsterinsights_sitenote_note":"","_monsterinsights_sitenote_category":0,"footnotes":""},"categories":[5],"tags":[],"class_list":["post"],"yoast_head":" \n<title>Sonora en Equipo. Santander impulsa el bienestar emocional en M\u00e9xico con sus primeras 3,000 becas Rep\u00fablica<\/title>\n<meta name=\"description\" content=\"CIUDAD DE M\u00c9XICO. MX. \u2014 En respuesta a la creciente relevancia de la salud mental como factor estrat\u00e9gico para el desarrollo social, educativo y laboral, En Sonora en Equipo publicamos toda la informaci\u00f3n de Sonora, M\u00e9xico y el Mundo de manera oportuna y busca que la libertad de expresi\u00f3n sea real. Visita nuestro medio informativo publicado desde Hermosillo, Sonora. %\" \/>\n<meta name=\"robots\" content=\"index, follow, max-snippet:-1, max-image-preview:large, max-video-preview:-1\" \/>\n<link rel=\"canonical\" href=\"https:\/\/www.sonoraenequipo.com.mx\/santander-impulsa-el-bienestar-emocional-en-mexico-con-sus-primeras-3000-becas\/\" \/>\n<meta property=\"og:locale\" content=\"es_ES\" \/>\n<meta property=\"og:type\" content=\"article\" \/>\n<meta property=\"og:title\" content=\"Sonora en Equipo. Santander impulsa el bienestar emocional en M\u00e9xico con sus primeras 3,000 becas Rep\u00fablica\" \/>\n<meta property=\"og:description\" content=\"CIUDAD DE M\u00c9XICO. MX. \u2014 En respuesta a la creciente relevancia de la salud mental como factor estrat\u00e9gico para el desarrollo social, educativo y laboral, En Sonora en Equipo publicamos toda la informaci\u00f3n de Sonora, M\u00e9xico y el Mundo de manera oportuna y busca que la libertad de expresi\u00f3n sea real. Visita nuestro medio informativo publicado desde Hermosillo, Sonora. %\" \/>\n<meta property=\"og:url\" content=\"https:\/\/www.sonoraenequipo.com.mx\/santander-impulsa-el-bienestar-emocional-en-mexico-con-sus-primeras-3000-becas\/\" \/>\n<meta property=\"og:site_name\" content=\"Sonora en Equipo.\" \/>\n<meta property=\"article:publisher\" content=\"https:\/\/www.facebook.com\/SonoraEE\/\" \/>\n<meta property=\"article:author\" content=\"https:\/\/www.facebook.com\/SonoraEE\" \/>\n<meta property=\"article:published_time\" content=\"2026-01-22T23:00:54+00:00\" \/>\n<meta property=\"og:image\" content=\"https:\/\/www.sonoraenequipo.com.mx\/storage\/2026\/01\/santander-impulsa-estudios-juventud.jpg\" \/>\n\t<meta property=\"og:image:width\" content=\"1000\" \/>\n\t<meta property=\"og:image:height\" content=\"644\" \/>\n\t<meta property=\"og:image:type\" content=\"image\/jpeg\" \/>\n<meta name=\"author\" content=\"enequipo\" \/>\n<meta name=\"twitter:card\" content=\"summary_large_image\" \/>\n<meta name=\"twitter:creator\" content=\"@sonoraenequipo\" \/>\n<meta name=\"twitter:site\" content=\"@sonoraenequipo\" \/>\n<meta name=\"twitter:label1\" content=\"Escrito por\" \/>\n\t<meta name=\"twitter:data1\" content=\"enequipo\" \/>\n\t<meta name=\"twitter:label2\" content=\"Tiempo de lectura\" \/>\n\t<meta name=\"twitter:data2\" content=\"3 minutos\" \/>\n<script type=\"application\/ld+json\" class=\"yoast-schema-graph\">{\"@context\":\"https:\/\/schema.org\",\"@graph\":[{\"@type\":\"Article\",\"@id\":\"https:\/\/www.sonoraenequipo.com.mx\/santander-impulsa-el-bienestar-emocional-en-mexico-con-sus-primeras-3000-becas\/#article\",\"isPartOf\":{\"@id\":\"https:\/\/www.sonoraenequipo.com.mx\/santander-impulsa-el-bienestar-emocional-en-mexico-con-sus-primeras-3000-becas\/\"},\"author\":{\"name\":\"enequipo\",\"@id\":\"https:\/\/www.sonoraenequipo.com.mx\/#\/schema\/person\/50102df0fb23a8fa9e8effad8fa81386\"},\"headline\":\"Santander impulsa el bienestar emocional en M\u00e9xico con sus primeras 3,000 becas\",\"datePublished\":\"2026-01-22T23:00:54+00:00\",\"mainEntityOfPage\":{\"@id\":\"https:\/\/www.sonoraenequipo.com.mx\/santander-impulsa-el-bienestar-emocional-en-mexico-con-sus-primeras-3000-becas\/\"},\"wordCount\":516,\"commentCount\":0,\"publisher\":{\"@id\":\"https:\/\/www.sonoraenequipo.com.mx\/#organization\"},\"image\":{\"@id\":\"https:\/\/www.sonoraenequipo.com.mx\/santander-impulsa-el-bienestar-emocional-en-mexico-con-sus-primeras-3000-becas\/#primaryimage\"},\"thumbnailUrl\":\"https:\/\/www.sonoraenequipo.com.mx\/storage\/2026\/01\/santander-impulsa-estudios-juventud.jpg\",\"articleSection\":[\"Rep\u00fablica\"],\"inLanguage\":\"es\",\"potentialAction\":[{\"@type\":\"CommentAction\",\"name\":\"Comment\",\"target\":[\"https:\/\/www.sonoraenequipo.com.mx\/santander-impulsa-el-bienestar-emocional-en-mexico-con-sus-primeras-3000-becas\/#respond\"]}]},{\"@type\":\"WebPage\",\"@id\":\"https:\/\/www.sonoraenequipo.com.mx\/santander-impulsa-el-bienestar-emocional-en-mexico-con-sus-primeras-3000-becas\/\",\"url\":\"https:\/\/www.sonoraenequipo.com.mx\/santander-impulsa-el-bienestar-emocional-en-mexico-con-sus-primeras-3000-becas\/\",\"name\":\"Sonora en Equipo. Santander impulsa el bienestar emocional en M\u00e9xico con sus primeras 3,000 becas Rep\u00fablica\",\"isPartOf\":{\"@id\":\"https:\/\/www.sonoraenequipo.com.mx\/#website\"},\"primaryImageOfPage\":{\"@id\":\"https:\/\/www.sonoraenequipo.com.mx\/santander-impulsa-el-bienestar-emocional-en-mexico-con-sus-primeras-3000-becas\/#primaryimage\"},\"image\":{\"@id\":\"https:\/\/www.sonoraenequipo.com.mx\/santander-impulsa-el-bienestar-emocional-en-mexico-con-sus-primeras-3000-becas\/#primaryimage\"},\"thumbnailUrl\":\"https:\/\/www.sonoraenequipo.com.mx\/storage\/2026\/01\/santander-impulsa-estudios-juventud.jpg\",\"datePublished\":\"2026-01-22T23:00:54+00:00\",\"description\":\"CIUDAD DE M\u00c9XICO. MX. \u2014 En respuesta a la creciente relevancia de la salud mental como factor estrat\u00e9gico para el desarrollo social, educativo y laboral, En Sonora en Equipo publicamos toda la informaci\u00f3n de Sonora, M\u00e9xico y el Mundo de manera oportuna y busca que la libertad de expresi\u00f3n sea real. Visita nuestro medio informativo publicado desde Hermosillo, Sonora. %\",\"breadcrumb\":{\"@id\":\"https:\/\/www.sonoraenequipo.com.mx\/santander-impulsa-el-bienestar-emocional-en-mexico-con-sus-primeras-3000-becas\/#breadcrumb\"},\"inLanguage\":\"es\",\"potentialAction\":[{\"@type\":\"ReadAction\",\"target\":[\"https:\/\/www.sonoraenequipo.com.mx\/santander-impulsa-el-bienestar-emocional-en-mexico-con-sus-primeras-3000-becas\/\"]}]},{\"@type\":\"ImageObject\",\"inLanguage\":\"es\",\"@id\":\"https:\/\/www.sonoraenequipo.com.mx\/santander-impulsa-el-bienestar-emocional-en-mexico-con-sus-primeras-3000-becas\/#primaryimage\",\"url\":\"https:\/\/www.sonoraenequipo.com.mx\/storage\/2026\/01\/santander-impulsa-estudios-juventud.jpg\",\"contentUrl\":\"https:\/\/www.sonoraenequipo.com.mx\/storage\/2026\/01\/santander-impulsa-estudios-juventud.jpg\",\"width\":1000,\"height\":644},{\"@type\":\"BreadcrumbList\",\"@id\":\"https:\/\/www.sonoraenequipo.com.mx\/santander-impulsa-el-bienestar-emocional-en-mexico-con-sus-primeras-3000-becas\/#breadcrumb\",\"itemListElement\":[{\"@type\":\"ListItem\",\"position\":1,\"name\":\"Portada\",\"item\":\"https:\/\/www.sonoraenequipo.com.mx\/\"},{\"@type\":\"ListItem\",\"position\":2,\"name\":\"Santander impulsa el bienestar emocional en M\u00e9xico con sus primeras 3,000 becas\"}]},{\"@type\":\"WebSite\",\"@id\":\"https:\/\/www.sonoraenequipo.com.mx\/#website\",\"url\":\"https:\/\/www.sonoraenequipo.com.mx\/\",\"name\":\"Sonora en Equipo.\",\"description\":\"Diario en l\u00ednea con Noticias desde Hermosillo, Sonora\",\"publisher\":{\"@id\":\"https:\/\/www.sonoraenequipo.com.mx\/#organization\"},\"potentialAction\":[{\"@type\":\"SearchAction\",\"target\":{\"@type\":\"EntryPoint\",\"urlTemplate\":\"https:\/\/www.sonoraenequipo.com.mx\/?s={search_term_string}\"},\"query-input\":{\"@type\":\"PropertyValueSpecification\",\"valueRequired\":true,\"valueName\":\"search_term_string\"}}],\"inLanguage\":\"es\"},{\"@type\":\"Organization\",\"@id\":\"https:\/\/www.sonoraenequipo.com.mx\/#organization\",\"name\":\"Sonoraenequipo.com.mx\",\"url\":\"https:\/\/www.sonoraenequipo.com.mx\/\",\"logo\":{\"@type\":\"ImageObject\",\"inLanguage\":\"es\",\"@id\":\"https:\/\/www.sonoraenequipo.com.mx\/#\/schema\/logo\/image\/\",\"url\":\"https:\/\/www.sonoraenequipo.com.mx\/storage\/2019\/01\/sonoraenequipo_opt.png\",\"contentUrl\":\"https:\/\/www.sonoraenequipo.com.mx\/storage\/2019\/01\/sonoraenequipo_opt.png\",\"width\":375,\"height\":125,\"caption\":\"Sonoraenequipo.com.mx\"},\"image\":{\"@id\":\"https:\/\/www.sonoraenequipo.com.mx\/#\/schema\/logo\/image\/\"},\"sameAs\":[\"https:\/\/www.facebook.com\/SonoraEE\/\",\"https:\/\/x.com\/sonoraenequipo\",\"https:\/\/www.youtube.com\/channel\/UC338nW-lPEYmJQs4ZABQ1SQ\"]},{\"@type\":\"Person\",\"@id\":\"https:\/\/www.sonoraenequipo.com.mx\/#\/schema\/person\/50102df0fb23a8fa9e8effad8fa81386\",\"name\":\"enequipo\",\"image\":{\"@type\":\"ImageObject\",\"inLanguage\":\"es\",\"@id\":\"https:\/\/www.sonoraenequipo.com.mx\/#\/schema\/person\/image\/\",\"url\":\"https:\/\/secure.gravatar.com\/avatar\/049821681b589dabc0bc20695993ccebb09f5b5d4d790cd9251b97faac7c652b?s=96&d=blank&r=g\",\"contentUrl\":\"https:\/\/secure.gravatar.com\/avatar\/049821681b589dabc0bc20695993ccebb09f5b5d4d790cd9251b97faac7c652b?s=96&d=blank&r=g\",\"caption\":\"enequipo\"},\"sameAs\":[\"https:\/\/www.facebook.com\/SonoraEE\"]}]}<\/script>\n ","yoast_head_json":{"title":"Sonora en Equipo. Santander impulsa el bienestar emocional en M\u00e9xico con sus primeras 3,000 becas Rep\u00fablica","description":"CIUDAD DE M\u00c9XICO. MX. \u2014 En respuesta a la creciente relevancia de la salud mental como factor estrat\u00e9gico para el desarrollo social, educativo y laboral, En Sonora en Equipo publicamos toda la informaci\u00f3n de Sonora, M\u00e9xico y el Mundo de manera oportuna y busca que la libertad de expresi\u00f3n sea real. Visita nuestro medio informativo publicado desde Hermosillo, Sonora. %","robots":{"index":"index","follow":"follow","max-snippet":"max-snippet:-1","max-image-preview":"max-image-preview:large","max-video-preview":"max-video-preview:-1"},"canonical":"https:\/\/www.sonoraenequipo.com.mx\/santander-impulsa-el-bienestar-emocional-en-mexico-con-sus-primeras-3000-becas\/","og_locale":"es_ES","og_type":"article","og_title":"Sonora en Equipo. Santander impulsa el bienestar emocional en M\u00e9xico con sus primeras 3,000 becas Rep\u00fablica","og_description":"CIUDAD DE M\u00c9XICO. MX. \u2014 En respuesta a la creciente relevancia de la salud mental como factor estrat\u00e9gico para el desarrollo social, educativo y laboral, En Sonora en Equipo publicamos toda la informaci\u00f3n de Sonora, M\u00e9xico y el Mundo de manera oportuna y busca que la libertad de expresi\u00f3n sea real. Visita nuestro medio informativo publicado desde Hermosillo, Sonora. %","og_url":"https:\/\/www.sonoraenequipo.com.mx\/santander-impulsa-el-bienestar-emocional-en-mexico-con-sus-primeras-3000-becas\/","og_site_name":"Sonora en Equipo.","article_publisher":"https:\/\/www.facebook.com\/SonoraEE\/","article_author":"https:\/\/www.facebook.com\/SonoraEE","article_published_time":"2026-01-22T23:00:54+00:00","og_image":[{"width":1000,"height":644,"url":"https:\/\/www.sonoraenequipo.com.mx\/storage\/2026\/01\/santander-impulsa-estudios-juventud.jpg","type":"image\/jpeg"}],"author":"enequipo","twitter_card":"summary_large_image","twitter_creator":"@sonoraenequipo","twitter_site":"@sonoraenequipo","twitter_misc":{"Escrito por":"enequipo","Tiempo de lectura":"3 minutos"},"schema":{"@context":"https:\/\/schema.org","@graph":[{"@type":"Article","@id":"https:\/\/www.sonoraenequipo.com.mx\/santander-impulsa-el-bienestar-emocional-en-mexico-con-sus-primeras-3000-becas\/#article","isPartOf":{"@id":"https:\/\/www.sonoraenequipo.com.mx\/santander-impulsa-el-bienestar-emocional-en-mexico-con-sus-primeras-3000-becas\/"},"author":{"name":"enequipo","@id":"https:\/\/www.sonoraenequipo.com.mx\/#\/schema\/person\/50102df0fb23a8fa9e8effad8fa81386"},"headline":"Santander impulsa el bienestar emocional en M\u00e9xico con sus primeras 3,000 becas","datePublished":"2026-01-22T23:00:54+00:00","mainEntityOfPage":{"@id":"https:\/\/www.sonoraenequipo.com.mx\/santander-impulsa-el-bienestar-emocional-en-mexico-con-sus-primeras-3000-becas\/"},"wordCount":516,"commentCount":0,"publisher":{"@id":"https:\/\/www.sonoraenequipo.com.mx\/#organization"},"image":{"@id":"https:\/\/www.sonoraenequipo.com.mx\/santander-impulsa-el-bienestar-emocional-en-mexico-con-sus-primeras-3000-becas\/#primaryimage"},"thumbnailUrl":"https:\/\/www.sonoraenequipo.com.mx\/storage\/2026\/01\/santander-impulsa-estudios-juventud.jpg","articleSection":["Rep\u00fablica"],"inLanguage":"es","potentialAction":[{"@type":"CommentAction","name":"Comment","target":["https:\/\/www.sonoraenequipo.com.mx\/santander-impulsa-el-bienestar-emocional-en-mexico-con-sus-primeras-3000-becas\/#respond"]}]},{"@type":"WebPage","@id":"https:\/\/www.sonoraenequipo.com.mx\/santander-impulsa-el-bienestar-emocional-en-mexico-con-sus-primeras-3000-becas\/","url":"https:\/\/www.sonoraenequipo.com.mx\/santander-impulsa-el-bienestar-emocional-en-mexico-con-sus-primeras-3000-becas\/","name":"Sonora en Equipo. Santander impulsa el bienestar emocional en M\u00e9xico con sus primeras 3,000 becas Rep\u00fablica","isPartOf":{"@id":"https:\/\/www.sonoraenequipo.com.mx\/#website"},"primaryImageOfPage":{"@id":"https:\/\/www.sonoraenequipo.com.mx\/santander-impulsa-el-bienestar-emocional-en-mexico-con-sus-primeras-3000-becas\/#primaryimage"},"image":{"@id":"https:\/\/www.sonoraenequipo.com.mx\/santander-impulsa-el-bienestar-emocional-en-mexico-con-sus-primeras-3000-becas\/#primaryimage"},"thumbnailUrl":"https:\/\/www.sonoraenequipo.com.mx\/storage\/2026\/01\/santander-impulsa-estudios-juventud.jpg","datePublished":"2026-01-22T23:00:54+00:00","description":"CIUDAD DE M\u00c9XICO. MX. \u2014 En respuesta a la creciente relevancia de la salud mental como factor estrat\u00e9gico para el desarrollo social, educativo y laboral, En Sonora en Equipo publicamos toda la informaci\u00f3n de Sonora, M\u00e9xico y el Mundo de manera oportuna y busca que la libertad de expresi\u00f3n sea real. Visita nuestro medio informativo publicado desde Hermosillo, Sonora. %","breadcrumb":{"@id":"https:\/\/www.sonoraenequipo.com.mx\/santander-impulsa-el-bienestar-emocional-en-mexico-con-sus-primeras-3000-becas\/#breadcrumb"},"inLanguage":"es","potentialAction":[{"@type":"ReadAction","target":["https:\/\/www.sonoraenequipo.com.mx\/santander-impulsa-el-bienestar-emocional-en-mexico-con-sus-primeras-3000-becas\/"]}]},{"@type":"ImageObject","inLanguage":"es","@id":"https:\/\/www.sonoraenequipo.com.mx\/santander-impulsa-el-bienestar-emocional-en-mexico-con-sus-primeras-3000-becas\/#primaryimage","url":"https:\/\/www.sonoraenequipo.com.mx\/storage\/2026\/01\/santander-impulsa-estudios-juventud.jpg","contentUrl":"https:\/\/www.sonoraenequipo.com.mx\/storage\/2026\/01\/santander-impulsa-estudios-juventud.jpg","width":1000,"height":644},{"@type":"BreadcrumbList","@id":"https:\/\/www.sonoraenequipo.com.mx\/santander-impulsa-el-bienestar-emocional-en-mexico-con-sus-primeras-3000-becas\/#breadcrumb","itemListElement":[{"@type":"ListItem","position":1,"name":"Portada","item":"https:\/\/www.sonoraenequipo.com.mx\/"},{"@type":"ListItem","position":2,"name":"Santander impulsa el bienestar emocional en M\u00e9xico con sus primeras 3,000 becas"}]},{"@type":"WebSite","@id":"https:\/\/www.sonoraenequipo.com.mx\/#website","url":"https:\/\/www.sonoraenequipo.com.mx\/","name":"Sonora en Equipo.","description":"Diario en l\u00ednea con Noticias desde Hermosillo, Sonora","publisher":{"@id":"https:\/\/www.sonoraenequipo.com.mx\/#organization"},"potentialAction":[{"@type":"SearchAction","target":{"@type":"EntryPoint","urlTemplate":"https:\/\/www.sonoraenequipo.com.mx\/?s={search_term_string}"},"query-input":{"@type":"PropertyValueSpecification","valueRequired":true,"valueName":"search_term_string"}}],"inLanguage":"es"},{"@type":"Organization","@id":"https:\/\/www.sonoraenequipo.com.mx\/#organization","name":"Sonoraenequipo.com.mx","url":"https:\/\/www.sonoraenequipo.com.mx\/","logo":{"@type":"ImageObject","inLanguage":"es","@id":"https:\/\/www.sonoraenequipo.com.mx\/#\/schema\/logo\/image\/","url":"https:\/\/www.sonoraenequipo.com.mx\/storage\/2019\/01\/sonoraenequipo_opt.png","contentUrl":"https:\/\/www.sonoraenequipo.com.mx\/storage\/2019\/01\/sonoraenequipo_opt.png","width":375,"height":125,"caption":"Sonoraenequipo.com.mx"},"image":{"@id":"https:\/\/www.sonoraenequipo.com.mx\/#\/schema\/logo\/image\/"},"sameAs":["https:\/\/www.facebook.com\/SonoraEE\/","https:\/\/x.com\/sonoraenequipo","https:\/\/www.youtube.com\/channel\/UC338nW-lPEYmJQs4ZABQ1SQ"]},{"@type":"Person","@id":"https:\/\/www.sonoraenequipo.com.mx\/#\/schema\/person\/50102df0fb23a8fa9e8effad8fa81386","name":"enequipo","image":{"@type":"ImageObject","inLanguage":"es","@id":"https:\/\/www.sonoraenequipo.com.mx\/#\/schema\/person\/image\/","url":"https:\/\/secure.gravatar.com\/avatar\/049821681b589dabc0bc20695993ccebb09f5b5d4d790cd9251b97faac7c652b?s=96&d=blank&r=g","contentUrl":"https:\/\/secure.gravatar.com\/avatar\/049821681b589dabc0bc20695993ccebb09f5b5d4d790cd9251b97faac7c652b?s=96&d=blank&r=g","caption":"enequipo"},"sameAs":["https:\/\/www.facebook.com\/SonoraEE"]}]}},"jetpack_featured_media_url":"https:\/\/www.sonoraenequipo.com.mx\/storage\/2026\/01\/santander-impulsa-estudios-juventud.jpg","_links":{"self":[{"href":"https:\/\/www.sonoraenequipo.com.mx\/api\/wp\/v2\/posts\/233648","targetHints":{"allow":["GET"]}}],"collection":[{"href":"https:\/\/www.sonoraenequipo.com.mx\/api\/wp\/v2\/posts"}],"about":[{"href":"https:\/\/www.sonoraenequipo.com.mx\/api\/wp\/v2\/types\/post"}],"author":[{"embeddable":true,"href":"https:\/\/www.sonoraenequipo.com.mx\/api\/wp\/v2\/users\/1"}],"replies":[{"embeddable":true,"href":"https:\/\/www.sonoraenequipo.com.mx\/api\/wp\/v2\/comments?post=233648"}],"version-history":[{"count":1,"href":"https:\/\/www.sonoraenequipo.com.mx\/api\/wp\/v2\/posts\/233648\/revisions"}],"predecessor-version":[{"id":233650,"href":"https:\/\/www.sonoraenequipo.com.mx\/api\/wp\/v2\/posts\/233648\/revisions\/233650"}],"wp:featuredmedia":[{"embeddable":true,"href":"https:\/\/www.sonoraenequipo.com.mx\/api\/wp\/v2\/media\/233649"}],"wp:attachment":[{"href":"https:\/\/www.sonoraenequipo.com.mx\/api\/wp\/v2\/media?parent=233648"}],"wp:term":[{"taxonomy":"category","embeddable":true,"href":"https:\/\/www.sonoraenequipo.com.mx\/api\/wp\/v2\/categories?post=233648"},{"taxonomy":"post_tag","embeddable":true,"href":"https:\/\/www.sonoraenequipo.com.mx\/api\/wp\/v2\/tags?post=233648"}],"curies":[{"name":"wp","href":"https:\/\/api.w.org\/{rel}","templated":true}]}}