{"id":233655,"date":"2026-01-22T16:36:46","date_gmt":"2026-01-22T23:36:46","guid":{"rendered":"https:\/\/www.sonoraenequipo.com.mx\/?p=233655"},"modified":"2026-01-22T16:36:46","modified_gmt":"2026-01-22T23:36:46","slug":"presentan-libro-el-cubo-de-la-resiliencia-en-el-congreso-de-sonora","status":"publish","type":"post","link":"https:\/\/www.sonoraenequipo.com.mx\/presentan-libro-el-cubo-de-la-resiliencia-en-el-congreso-de-sonora\/","title":{"rendered":"Presentan libro \u201cEl Cubo de la Resiliencia\u201d en el Congreso de Sonora"},"content":{"rendered":"<p><strong>HERMOSILLO, SONORA, MX.<\/strong> \u2014 En reuni\u00f3n de trabajo de la Comisi\u00f3n de Desarrollo Urbano del Congreso del Estado, se llev\u00f3 a cabo la presentaci\u00f3n del libro \u201cEl Cubo de la Resiliencia\u201d, del autor Jes\u00fas Guillermo Moreno R\u00edos.<\/p>\n<p>&nbsp;<\/p>\n<p>&nbsp;<\/p>\n<p>&nbsp;<\/p>\n<p>El diputado Emeterio Ochoa Baz\u00faa (PRI), presidente del \u00f3rgano colegiado, dio la bienvenida a las y los asistentes, adem\u00e1s de compartir una semblanza de la trayectoria del autor, la cual ha sido reconocida a nivel nacional e internacional.<\/p>\n<p><img loading=\"lazy\" decoding=\"async\" class=\"x-left size-full \" src=\"https:\/\/www.sonoraenequipo.com.mx\/storage\/2026\/01\/moreno-libro.jpg\" alt=\"\" width=\"800\" height=\"245\" \/><\/p>\n<p>&nbsp;<\/p>\n<p>&nbsp;<\/p>\n<p>Destac\u00f3 que la obra representa una s\u00edntesis de la experiencia profesional y personal del autor, y plantea que toda decisi\u00f3n relevante debe analizarse de manera integral, desde distintas dimensiones y disciplinas. A\u00f1adi\u00f3 que el libro dialoga directamente con la vida cotidiana de las ciudades y con la responsabilidad hist\u00f3rica de quienes legislan.<\/p>\n<p>&nbsp;<\/p>\n<p>&nbsp;<\/p>\n<p>&nbsp;<\/p>\n<p>Por su parte, Guillermo Moreno explic\u00f3 que, a trav\u00e9s de vivencias personales y profesionales, naci\u00f3 el m\u00e9todo del \u201ccubo\u201d, en el que la resiliencia surge al convertir los errores en aprendizajes mediante el uso de la ingenier\u00eda, la fe y el liderazgo como herramientas para servir, construir y trascender. Se\u00f1al\u00f3 que el desarrollo urbano es sin\u00f3nimo de calidad de vida e hizo una invitaci\u00f3n a las y los diputados a impulsar la cultura de la resiliencia para planificar riesgos y consolidar una visi\u00f3n de Estado.<\/p>\n<p>&nbsp;<\/p>\n<p>&nbsp;<\/p>\n<p>&nbsp;<\/p>\n<p>Asimismo, indic\u00f3 que el cubo de Rubik se convierte en una met\u00e1fora de la vida: un sistema complejo donde cada movimiento impacta en el conjunto. Resolverlo, dijo, requiere paciencia, estrategia y equilibrio, ense\u00f1ando que el verdadero orden no es la perfecci\u00f3n, sino la armon\u00eda entre emociones, decisiones y consecuencias.<\/p>\n<p>&nbsp;<\/p>\n<p>&nbsp;<\/p>\n<p>&nbsp;<\/p>\n<p>Antes de concluir su exposici\u00f3n, comparti\u00f3 una serie de propuestas en materia de resiliencia, a fin de que fueran analizadas en las comisiones correspondientes del Congreso del Estado.<\/p>\n<p>&nbsp;<\/p>\n<p>&nbsp;<\/p>\n<p>&nbsp;<\/p>\n<p>Los diputados Ra\u00fal Gonz\u00e1lez de la Vega (PVEM) y Omar del Valle Colosio (PVEM), integrantes de la Comisi\u00f3n, as\u00ed como invitados especiales, compartieron comentarios sobre la obra y resaltaron la importancia del desarrollo urbano.<\/p>\n<p><strong>Fecha de publicaci\u00f3n jueves 22 de enero de 2026<\/strong><\/p>\n","protected":false},"excerpt":{"rendered":"<p>HERMOSILLO, SONORA, MX. \u2014 En reuni\u00f3n de trabajo de la Comisi\u00f3n de Desarrollo Urbano del&#8230;<\/p>\n","protected":false},"author":1,"featured_media":233656,"comment_status":"open","ping_status":"open","sticky":false,"template":"","format":"standard","meta":{"_monsterinsights_skip_tracking":false,"_monsterinsights_sitenote_active":false,"_monsterinsights_sitenote_note":"","_monsterinsights_sitenote_category":0,"footnotes":""},"categories":[3281],"tags":[1248,3595,6857,15],"class_list":["post"],"yoast_head":" \n<title>Sonora en Equipo. Presentan libro \u201cEl Cubo de la Resiliencia\u201d en el Congreso de Sonora Congreso<\/title>\n<meta name=\"description\" content=\"HERMOSILLO, SONORA, MX. \u2014 En reuni\u00f3n de trabajo de la Comisi\u00f3n de Desarrollo Urbano del Congreso del Estado, se llev\u00f3 a cabo la presentaci\u00f3n del libro \u201cEl En Sonora en Equipo publicamos toda la informaci\u00f3n de Sonora, M\u00e9xico y el Mundo de manera oportuna y busca que la libertad de expresi\u00f3n sea real. Visita nuestro medio informativo publicado desde Hermosillo, Sonora. %\" \/>\n<meta name=\"robots\" content=\"index, follow, max-snippet:-1, max-image-preview:large, max-video-preview:-1\" \/>\n<link rel=\"canonical\" href=\"https:\/\/www.sonoraenequipo.com.mx\/presentan-libro-el-cubo-de-la-resiliencia-en-el-congreso-de-sonora\/\" \/>\n<meta property=\"og:locale\" content=\"es_ES\" \/>\n<meta property=\"og:type\" content=\"article\" \/>\n<meta property=\"og:title\" content=\"Sonora en Equipo. Presentan libro \u201cEl Cubo de la Resiliencia\u201d en el Congreso de Sonora Congreso\" \/>\n<meta property=\"og:description\" content=\"HERMOSILLO, SONORA, MX. \u2014 En reuni\u00f3n de trabajo de la Comisi\u00f3n de Desarrollo Urbano del Congreso del Estado, se llev\u00f3 a cabo la presentaci\u00f3n del libro \u201cEl En Sonora en Equipo publicamos toda la informaci\u00f3n de Sonora, M\u00e9xico y el Mundo de manera oportuna y busca que la libertad de expresi\u00f3n sea real. Visita nuestro medio informativo publicado desde Hermosillo, Sonora. %\" \/>\n<meta property=\"og:url\" content=\"https:\/\/www.sonoraenequipo.com.mx\/presentan-libro-el-cubo-de-la-resiliencia-en-el-congreso-de-sonora\/\" \/>\n<meta property=\"og:site_name\" content=\"Sonora en Equipo.\" \/>\n<meta property=\"article:publisher\" content=\"https:\/\/www.facebook.com\/SonoraEE\/\" \/>\n<meta property=\"article:author\" content=\"https:\/\/www.facebook.com\/SonoraEE\" \/>\n<meta property=\"article:published_time\" content=\"2026-01-22T23:36:46+00:00\" \/>\n<meta property=\"og:image\" content=\"https:\/\/www.sonoraenequipo.com.mx\/storage\/2026\/01\/moreno.jpg\" \/>\n\t<meta property=\"og:image:width\" content=\"600\" \/>\n\t<meta property=\"og:image:height\" content=\"400\" \/>\n\t<meta property=\"og:image:type\" content=\"image\/jpeg\" \/>\n<meta name=\"author\" content=\"enequipo\" \/>\n<meta name=\"twitter:card\" content=\"summary_large_image\" \/>\n<meta name=\"twitter:creator\" content=\"@sonoraenequipo\" \/>\n<meta name=\"twitter:site\" content=\"@sonoraenequipo\" \/>\n<meta name=\"twitter:label1\" content=\"Escrito por\" \/>\n\t<meta name=\"twitter:data1\" content=\"enequipo\" \/>\n\t<meta name=\"twitter:label2\" content=\"Tiempo de lectura\" \/>\n\t<meta name=\"twitter:data2\" content=\"2 minutos\" \/>\n<script type=\"application\/ld+json\" class=\"yoast-schema-graph\">{\"@context\":\"https:\/\/schema.org\",\"@graph\":[{\"@type\":\"Article\",\"@id\":\"https:\/\/www.sonoraenequipo.com.mx\/presentan-libro-el-cubo-de-la-resiliencia-en-el-congreso-de-sonora\/#article\",\"isPartOf\":{\"@id\":\"https:\/\/www.sonoraenequipo.com.mx\/presentan-libro-el-cubo-de-la-resiliencia-en-el-congreso-de-sonora\/\"},\"author\":{\"name\":\"enequipo\",\"@id\":\"https:\/\/www.sonoraenequipo.com.mx\/#\/schema\/person\/50102df0fb23a8fa9e8effad8fa81386\"},\"headline\":\"Presentan libro \u201cEl Cubo de la Resiliencia\u201d en el Congreso de Sonora\",\"datePublished\":\"2026-01-22T23:36:46+00:00\",\"mainEntityOfPage\":{\"@id\":\"https:\/\/www.sonoraenequipo.com.mx\/presentan-libro-el-cubo-de-la-resiliencia-en-el-congreso-de-sonora\/\"},\"wordCount\":385,\"commentCount\":0,\"publisher\":{\"@id\":\"https:\/\/www.sonoraenequipo.com.mx\/#organization\"},\"image\":{\"@id\":\"https:\/\/www.sonoraenequipo.com.mx\/presentan-libro-el-cubo-de-la-resiliencia-en-el-congreso-de-sonora\/#primaryimage\"},\"thumbnailUrl\":\"https:\/\/www.sonoraenequipo.com.mx\/storage\/2026\/01\/moreno.jpg\",\"keywords\":[\"CONGRESO\",\"libro\",\"MORENO\",\"Sonora\"],\"articleSection\":[\"Congreso\"],\"inLanguage\":\"es\",\"potentialAction\":[{\"@type\":\"CommentAction\",\"name\":\"Comment\",\"target\":[\"https:\/\/www.sonoraenequipo.com.mx\/presentan-libro-el-cubo-de-la-resiliencia-en-el-congreso-de-sonora\/#respond\"]}]},{\"@type\":\"WebPage\",\"@id\":\"https:\/\/www.sonoraenequipo.com.mx\/presentan-libro-el-cubo-de-la-resiliencia-en-el-congreso-de-sonora\/\",\"url\":\"https:\/\/www.sonoraenequipo.com.mx\/presentan-libro-el-cubo-de-la-resiliencia-en-el-congreso-de-sonora\/\",\"name\":\"Sonora en Equipo. Presentan libro \u201cEl Cubo de la Resiliencia\u201d en el Congreso de Sonora Congreso\",\"isPartOf\":{\"@id\":\"https:\/\/www.sonoraenequipo.com.mx\/#website\"},\"primaryImageOfPage\":{\"@id\":\"https:\/\/www.sonoraenequipo.com.mx\/presentan-libro-el-cubo-de-la-resiliencia-en-el-congreso-de-sonora\/#primaryimage\"},\"image\":{\"@id\":\"https:\/\/www.sonoraenequipo.com.mx\/presentan-libro-el-cubo-de-la-resiliencia-en-el-congreso-de-sonora\/#primaryimage\"},\"thumbnailUrl\":\"https:\/\/www.sonoraenequipo.com.mx\/storage\/2026\/01\/moreno.jpg\",\"datePublished\":\"2026-01-22T23:36:46+00:00\",\"description\":\"HERMOSILLO, SONORA, MX. \u2014 En reuni\u00f3n de trabajo de la Comisi\u00f3n de Desarrollo Urbano del Congreso del Estado, se llev\u00f3 a cabo la presentaci\u00f3n del libro \u201cEl En Sonora en Equipo publicamos toda la informaci\u00f3n de Sonora, M\u00e9xico y el Mundo de manera oportuna y busca que la libertad de expresi\u00f3n sea real. Visita nuestro medio informativo publicado desde Hermosillo, Sonora. %\",\"breadcrumb\":{\"@id\":\"https:\/\/www.sonoraenequipo.com.mx\/presentan-libro-el-cubo-de-la-resiliencia-en-el-congreso-de-sonora\/#breadcrumb\"},\"inLanguage\":\"es\",\"potentialAction\":[{\"@type\":\"ReadAction\",\"target\":[\"https:\/\/www.sonoraenequipo.com.mx\/presentan-libro-el-cubo-de-la-resiliencia-en-el-congreso-de-sonora\/\"]}]},{\"@type\":\"ImageObject\",\"inLanguage\":\"es\",\"@id\":\"https:\/\/www.sonoraenequipo.com.mx\/presentan-libro-el-cubo-de-la-resiliencia-en-el-congreso-de-sonora\/#primaryimage\",\"url\":\"https:\/\/www.sonoraenequipo.com.mx\/storage\/2026\/01\/moreno.jpg\",\"contentUrl\":\"https:\/\/www.sonoraenequipo.com.mx\/storage\/2026\/01\/moreno.jpg\",\"width\":600,\"height\":400},{\"@type\":\"BreadcrumbList\",\"@id\":\"https:\/\/www.sonoraenequipo.com.mx\/presentan-libro-el-cubo-de-la-resiliencia-en-el-congreso-de-sonora\/#breadcrumb\",\"itemListElement\":[{\"@type\":\"ListItem\",\"position\":1,\"name\":\"Portada\",\"item\":\"https:\/\/www.sonoraenequipo.com.mx\/\"},{\"@type\":\"ListItem\",\"position\":2,\"name\":\"Presentan libro \u201cEl Cubo de la Resiliencia\u201d en el Congreso de Sonora\"}]},{\"@type\":\"WebSite\",\"@id\":\"https:\/\/www.sonoraenequipo.com.mx\/#website\",\"url\":\"https:\/\/www.sonoraenequipo.com.mx\/\",\"name\":\"Sonora en Equipo.\",\"description\":\"Diario en l\u00ednea con Noticias desde Hermosillo, Sonora\",\"publisher\":{\"@id\":\"https:\/\/www.sonoraenequipo.com.mx\/#organization\"},\"potentialAction\":[{\"@type\":\"SearchAction\",\"target\":{\"@type\":\"EntryPoint\",\"urlTemplate\":\"https:\/\/www.sonoraenequipo.com.mx\/?s={search_term_string}\"},\"query-input\":{\"@type\":\"PropertyValueSpecification\",\"valueRequired\":true,\"valueName\":\"search_term_string\"}}],\"inLanguage\":\"es\"},{\"@type\":\"Organization\",\"@id\":\"https:\/\/www.sonoraenequipo.com.mx\/#organization\",\"name\":\"Sonoraenequipo.com.mx\",\"url\":\"https:\/\/www.sonoraenequipo.com.mx\/\",\"logo\":{\"@type\":\"ImageObject\",\"inLanguage\":\"es\",\"@id\":\"https:\/\/www.sonoraenequipo.com.mx\/#\/schema\/logo\/image\/\",\"url\":\"https:\/\/www.sonoraenequipo.com.mx\/storage\/2019\/01\/sonoraenequipo_opt.png\",\"contentUrl\":\"https:\/\/www.sonoraenequipo.com.mx\/storage\/2019\/01\/sonoraenequipo_opt.png\",\"width\":375,\"height\":125,\"caption\":\"Sonoraenequipo.com.mx\"},\"image\":{\"@id\":\"https:\/\/www.sonoraenequipo.com.mx\/#\/schema\/logo\/image\/\"},\"sameAs\":[\"https:\/\/www.facebook.com\/SonoraEE\/\",\"https:\/\/x.com\/sonoraenequipo\",\"https:\/\/www.youtube.com\/channel\/UC338nW-lPEYmJQs4ZABQ1SQ\"]},{\"@type\":\"Person\",\"@id\":\"https:\/\/www.sonoraenequipo.com.mx\/#\/schema\/person\/50102df0fb23a8fa9e8effad8fa81386\",\"name\":\"enequipo\",\"image\":{\"@type\":\"ImageObject\",\"inLanguage\":\"es\",\"@id\":\"https:\/\/www.sonoraenequipo.com.mx\/#\/schema\/person\/image\/\",\"url\":\"https:\/\/secure.gravatar.com\/avatar\/049821681b589dabc0bc20695993ccebb09f5b5d4d790cd9251b97faac7c652b?s=96&d=blank&r=g\",\"contentUrl\":\"https:\/\/secure.gravatar.com\/avatar\/049821681b589dabc0bc20695993ccebb09f5b5d4d790cd9251b97faac7c652b?s=96&d=blank&r=g\",\"caption\":\"enequipo\"},\"sameAs\":[\"https:\/\/www.facebook.com\/SonoraEE\"]}]}<\/script>\n ","yoast_head_json":{"title":"Sonora en Equipo. Presentan libro \u201cEl Cubo de la Resiliencia\u201d en el Congreso de Sonora Congreso","description":"HERMOSILLO, SONORA, MX. \u2014 En reuni\u00f3n de trabajo de la Comisi\u00f3n de Desarrollo Urbano del Congreso del Estado, se llev\u00f3 a cabo la presentaci\u00f3n del libro \u201cEl En Sonora en Equipo publicamos toda la informaci\u00f3n de Sonora, M\u00e9xico y el Mundo de manera oportuna y busca que la libertad de expresi\u00f3n sea real. Visita nuestro medio informativo publicado desde Hermosillo, Sonora. %","robots":{"index":"index","follow":"follow","max-snippet":"max-snippet:-1","max-image-preview":"max-image-preview:large","max-video-preview":"max-video-preview:-1"},"canonical":"https:\/\/www.sonoraenequipo.com.mx\/presentan-libro-el-cubo-de-la-resiliencia-en-el-congreso-de-sonora\/","og_locale":"es_ES","og_type":"article","og_title":"Sonora en Equipo. Presentan libro \u201cEl Cubo de la Resiliencia\u201d en el Congreso de Sonora Congreso","og_description":"HERMOSILLO, SONORA, MX. \u2014 En reuni\u00f3n de trabajo de la Comisi\u00f3n de Desarrollo Urbano del Congreso del Estado, se llev\u00f3 a cabo la presentaci\u00f3n del libro \u201cEl En Sonora en Equipo publicamos toda la informaci\u00f3n de Sonora, M\u00e9xico y el Mundo de manera oportuna y busca que la libertad de expresi\u00f3n sea real. Visita nuestro medio informativo publicado desde Hermosillo, Sonora. %","og_url":"https:\/\/www.sonoraenequipo.com.mx\/presentan-libro-el-cubo-de-la-resiliencia-en-el-congreso-de-sonora\/","og_site_name":"Sonora en Equipo.","article_publisher":"https:\/\/www.facebook.com\/SonoraEE\/","article_author":"https:\/\/www.facebook.com\/SonoraEE","article_published_time":"2026-01-22T23:36:46+00:00","og_image":[{"width":600,"height":400,"url":"https:\/\/www.sonoraenequipo.com.mx\/storage\/2026\/01\/moreno.jpg","type":"image\/jpeg"}],"author":"enequipo","twitter_card":"summary_large_image","twitter_creator":"@sonoraenequipo","twitter_site":"@sonoraenequipo","twitter_misc":{"Escrito por":"enequipo","Tiempo de lectura":"2 minutos"},"schema":{"@context":"https:\/\/schema.org","@graph":[{"@type":"Article","@id":"https:\/\/www.sonoraenequipo.com.mx\/presentan-libro-el-cubo-de-la-resiliencia-en-el-congreso-de-sonora\/#article","isPartOf":{"@id":"https:\/\/www.sonoraenequipo.com.mx\/presentan-libro-el-cubo-de-la-resiliencia-en-el-congreso-de-sonora\/"},"author":{"name":"enequipo","@id":"https:\/\/www.sonoraenequipo.com.mx\/#\/schema\/person\/50102df0fb23a8fa9e8effad8fa81386"},"headline":"Presentan libro \u201cEl Cubo de la Resiliencia\u201d en el Congreso de Sonora","datePublished":"2026-01-22T23:36:46+00:00","mainEntityOfPage":{"@id":"https:\/\/www.sonoraenequipo.com.mx\/presentan-libro-el-cubo-de-la-resiliencia-en-el-congreso-de-sonora\/"},"wordCount":385,"commentCount":0,"publisher":{"@id":"https:\/\/www.sonoraenequipo.com.mx\/#organization"},"image":{"@id":"https:\/\/www.sonoraenequipo.com.mx\/presentan-libro-el-cubo-de-la-resiliencia-en-el-congreso-de-sonora\/#primaryimage"},"thumbnailUrl":"https:\/\/www.sonoraenequipo.com.mx\/storage\/2026\/01\/moreno.jpg","keywords":["CONGRESO","libro","MORENO","Sonora"],"articleSection":["Congreso"],"inLanguage":"es","potentialAction":[{"@type":"CommentAction","name":"Comment","target":["https:\/\/www.sonoraenequipo.com.mx\/presentan-libro-el-cubo-de-la-resiliencia-en-el-congreso-de-sonora\/#respond"]}]},{"@type":"WebPage","@id":"https:\/\/www.sonoraenequipo.com.mx\/presentan-libro-el-cubo-de-la-resiliencia-en-el-congreso-de-sonora\/","url":"https:\/\/www.sonoraenequipo.com.mx\/presentan-libro-el-cubo-de-la-resiliencia-en-el-congreso-de-sonora\/","name":"Sonora en Equipo. Presentan libro \u201cEl Cubo de la Resiliencia\u201d en el Congreso de Sonora Congreso","isPartOf":{"@id":"https:\/\/www.sonoraenequipo.com.mx\/#website"},"primaryImageOfPage":{"@id":"https:\/\/www.sonoraenequipo.com.mx\/presentan-libro-el-cubo-de-la-resiliencia-en-el-congreso-de-sonora\/#primaryimage"},"image":{"@id":"https:\/\/www.sonoraenequipo.com.mx\/presentan-libro-el-cubo-de-la-resiliencia-en-el-congreso-de-sonora\/#primaryimage"},"thumbnailUrl":"https:\/\/www.sonoraenequipo.com.mx\/storage\/2026\/01\/moreno.jpg","datePublished":"2026-01-22T23:36:46+00:00","description":"HERMOSILLO, SONORA, MX. \u2014 En reuni\u00f3n de trabajo de la Comisi\u00f3n de Desarrollo Urbano del Congreso del Estado, se llev\u00f3 a cabo la presentaci\u00f3n del libro \u201cEl En Sonora en Equipo publicamos toda la informaci\u00f3n de Sonora, M\u00e9xico y el Mundo de manera oportuna y busca que la libertad de expresi\u00f3n sea real. Visita nuestro medio informativo publicado desde Hermosillo, Sonora. %","breadcrumb":{"@id":"https:\/\/www.sonoraenequipo.com.mx\/presentan-libro-el-cubo-de-la-resiliencia-en-el-congreso-de-sonora\/#breadcrumb"},"inLanguage":"es","potentialAction":[{"@type":"ReadAction","target":["https:\/\/www.sonoraenequipo.com.mx\/presentan-libro-el-cubo-de-la-resiliencia-en-el-congreso-de-sonora\/"]}]},{"@type":"ImageObject","inLanguage":"es","@id":"https:\/\/www.sonoraenequipo.com.mx\/presentan-libro-el-cubo-de-la-resiliencia-en-el-congreso-de-sonora\/#primaryimage","url":"https:\/\/www.sonoraenequipo.com.mx\/storage\/2026\/01\/moreno.jpg","contentUrl":"https:\/\/www.sonoraenequipo.com.mx\/storage\/2026\/01\/moreno.jpg","width":600,"height":400},{"@type":"BreadcrumbList","@id":"https:\/\/www.sonoraenequipo.com.mx\/presentan-libro-el-cubo-de-la-resiliencia-en-el-congreso-de-sonora\/#breadcrumb","itemListElement":[{"@type":"ListItem","position":1,"name":"Portada","item":"https:\/\/www.sonoraenequipo.com.mx\/"},{"@type":"ListItem","position":2,"name":"Presentan libro \u201cEl Cubo de la Resiliencia\u201d en el Congreso de Sonora"}]},{"@type":"WebSite","@id":"https:\/\/www.sonoraenequipo.com.mx\/#website","url":"https:\/\/www.sonoraenequipo.com.mx\/","name":"Sonora en Equipo.","description":"Diario en l\u00ednea con Noticias desde Hermosillo, Sonora","publisher":{"@id":"https:\/\/www.sonoraenequipo.com.mx\/#organization"},"potentialAction":[{"@type":"SearchAction","target":{"@type":"EntryPoint","urlTemplate":"https:\/\/www.sonoraenequipo.com.mx\/?s={search_term_string}"},"query-input":{"@type":"PropertyValueSpecification","valueRequired":true,"valueName":"search_term_string"}}],"inLanguage":"es"},{"@type":"Organization","@id":"https:\/\/www.sonoraenequipo.com.mx\/#organization","name":"Sonoraenequipo.com.mx","url":"https:\/\/www.sonoraenequipo.com.mx\/","logo":{"@type":"ImageObject","inLanguage":"es","@id":"https:\/\/www.sonoraenequipo.com.mx\/#\/schema\/logo\/image\/","url":"https:\/\/www.sonoraenequipo.com.mx\/storage\/2019\/01\/sonoraenequipo_opt.png","contentUrl":"https:\/\/www.sonoraenequipo.com.mx\/storage\/2019\/01\/sonoraenequipo_opt.png","width":375,"height":125,"caption":"Sonoraenequipo.com.mx"},"image":{"@id":"https:\/\/www.sonoraenequipo.com.mx\/#\/schema\/logo\/image\/"},"sameAs":["https:\/\/www.facebook.com\/SonoraEE\/","https:\/\/x.com\/sonoraenequipo","https:\/\/www.youtube.com\/channel\/UC338nW-lPEYmJQs4ZABQ1SQ"]},{"@type":"Person","@id":"https:\/\/www.sonoraenequipo.com.mx\/#\/schema\/person\/50102df0fb23a8fa9e8effad8fa81386","name":"enequipo","image":{"@type":"ImageObject","inLanguage":"es","@id":"https:\/\/www.sonoraenequipo.com.mx\/#\/schema\/person\/image\/","url":"https:\/\/secure.gravatar.com\/avatar\/049821681b589dabc0bc20695993ccebb09f5b5d4d790cd9251b97faac7c652b?s=96&d=blank&r=g","contentUrl":"https:\/\/secure.gravatar.com\/avatar\/049821681b589dabc0bc20695993ccebb09f5b5d4d790cd9251b97faac7c652b?s=96&d=blank&r=g","caption":"enequipo"},"sameAs":["https:\/\/www.facebook.com\/SonoraEE"]}]}},"jetpack_featured_media_url":"https:\/\/www.sonoraenequipo.com.mx\/storage\/2026\/01\/moreno.jpg","_links":{"self":[{"href":"https:\/\/www.sonoraenequipo.com.mx\/api\/wp\/v2\/posts\/233655","targetHints":{"allow":["GET"]}}],"collection":[{"href":"https:\/\/www.sonoraenequipo.com.mx\/api\/wp\/v2\/posts"}],"about":[{"href":"https:\/\/www.sonoraenequipo.com.mx\/api\/wp\/v2\/types\/post"}],"author":[{"embeddable":true,"href":"https:\/\/www.sonoraenequipo.com.mx\/api\/wp\/v2\/users\/1"}],"replies":[{"embeddable":true,"href":"https:\/\/www.sonoraenequipo.com.mx\/api\/wp\/v2\/comments?post=233655"}],"version-history":[{"count":1,"href":"https:\/\/www.sonoraenequipo.com.mx\/api\/wp\/v2\/posts\/233655\/revisions"}],"predecessor-version":[{"id":233658,"href":"https:\/\/www.sonoraenequipo.com.mx\/api\/wp\/v2\/posts\/233655\/revisions\/233658"}],"wp:featuredmedia":[{"embeddable":true,"href":"https:\/\/www.sonoraenequipo.com.mx\/api\/wp\/v2\/media\/233656"}],"wp:attachment":[{"href":"https:\/\/www.sonoraenequipo.com.mx\/api\/wp\/v2\/media?parent=233655"}],"wp:term":[{"taxonomy":"category","embeddable":true,"href":"https:\/\/www.sonoraenequipo.com.mx\/api\/wp\/v2\/categories?post=233655"},{"taxonomy":"post_tag","embeddable":true,"href":"https:\/\/www.sonoraenequipo.com.mx\/api\/wp\/v2\/tags?post=233655"}],"curies":[{"name":"wp","href":"https:\/\/api.w.org\/{rel}","templated":true}]}}