{"id":233659,"date":"2026-01-22T16:46:54","date_gmt":"2026-01-22T23:46:54","guid":{"rendered":"https:\/\/www.sonoraenequipo.com.mx\/?p=233659"},"modified":"2026-01-22T16:46:54","modified_gmt":"2026-01-22T23:46:54","slug":"fgjes-abre-investigacion-por-homicidio-en-obregon","status":"publish","type":"post","link":"https:\/\/www.sonoraenequipo.com.mx\/fgjes-abre-investigacion-por-homicidio-en-obregon\/","title":{"rendered":"FGJES abre investigaci\u00f3n por homicidio \u00a0en Obreg\u00f3n"},"content":{"rendered":"<p><strong>CAJEME, SONORA, MX.<\/strong><strong> \u0336 \u0336\u00a0 \u00a0<\/strong>La Fiscal\u00eda General de Justicia del Estado de Sonora (FGJES) informa que inici\u00f3 una carpeta de investigaci\u00f3n por homicidio en agravio de Marco Antonio \u201cN\u201d, ocurrido alrededor de las 05:00 horas del pasado 18 de enero de 2026, cometido en Ciudad Obreg\u00f3n.<\/p>\n<p>&nbsp;<\/p>\n<p>En relaci\u00f3n con informaci\u00f3n difundida de manera extraoficial, se precisa que la v\u00edctima no se desempe\u00f1aba como enfermero; de acuerdo con los datos recabados, laboraba en el \u00e1rea de log\u00edstica de transportes de un negocio familiar dedicado al traslado de hortalizas del Valle del Mayo y del Valle del Yaqui.<\/p>\n<p>&nbsp;<\/p>\n<p>La FGJES realiza las investigaciones para el pleno esclarecimiento de los hechos y refrenda su compromiso de informar conforme haya avances. Concluye el comunicado.<\/p>\n<p><strong>Fecha de publicaci\u00f3n jueves 22 de enero de 2026<\/strong><\/p>\n","protected":false},"excerpt":{"rendered":"<p>CAJEME, SONORA, MX. \u0336 \u0336\u00a0 \u00a0La Fiscal\u00eda General de Justicia del Estado de Sonora (FGJES)&#8230;<\/p>\n","protected":false},"author":1,"featured_media":79123,"comment_status":"open","ping_status":"open","sticky":false,"template":"","format":"standard","meta":{"_monsterinsights_skip_tracking":false,"_monsterinsights_sitenote_active":false,"_monsterinsights_sitenote_note":"","_monsterinsights_sitenote_category":0,"footnotes":""},"categories":[3144],"tags":[476,299],"class_list":["post"],"yoast_head":" \n<title>Sonora en Equipo. FGJES abre investigaci\u00f3n por homicidio \u00a0en Obreg\u00f3n Polic\u00edaca<\/title>\n<meta name=\"description\" content=\"CAJEME, SONORA, MX. \u0336 \u0336\u00a0 \u00a0La Fiscal\u00eda General de Justicia del Estado de Sonora (FGJES) informa que inici\u00f3 una carpeta de investigaci\u00f3n por homicidio en En Sonora en Equipo publicamos toda la informaci\u00f3n de Sonora, M\u00e9xico y el Mundo de manera oportuna y busca que la libertad de expresi\u00f3n sea real. Visita nuestro medio informativo publicado desde Hermosillo, Sonora. %\" \/>\n<meta name=\"robots\" content=\"index, follow, max-snippet:-1, max-image-preview:large, max-video-preview:-1\" \/>\n<link rel=\"canonical\" href=\"https:\/\/www.sonoraenequipo.com.mx\/fgjes-abre-investigacion-por-homicidio-en-obregon\/\" \/>\n<meta property=\"og:locale\" content=\"es_ES\" \/>\n<meta property=\"og:type\" content=\"article\" \/>\n<meta property=\"og:title\" content=\"Sonora en Equipo. FGJES abre investigaci\u00f3n por homicidio \u00a0en Obreg\u00f3n Polic\u00edaca\" \/>\n<meta property=\"og:description\" content=\"CAJEME, SONORA, MX. \u0336 \u0336\u00a0 \u00a0La Fiscal\u00eda General de Justicia del Estado de Sonora (FGJES) informa que inici\u00f3 una carpeta de investigaci\u00f3n por homicidio en En Sonora en Equipo publicamos toda la informaci\u00f3n de Sonora, M\u00e9xico y el Mundo de manera oportuna y busca que la libertad de expresi\u00f3n sea real. Visita nuestro medio informativo publicado desde Hermosillo, Sonora. %\" \/>\n<meta property=\"og:url\" content=\"https:\/\/www.sonoraenequipo.com.mx\/fgjes-abre-investigacion-por-homicidio-en-obregon\/\" \/>\n<meta property=\"og:site_name\" content=\"Sonora en Equipo.\" \/>\n<meta property=\"article:publisher\" content=\"https:\/\/www.facebook.com\/SonoraEE\/\" \/>\n<meta property=\"article:author\" content=\"https:\/\/www.facebook.com\/SonoraEE\" \/>\n<meta property=\"article:published_time\" content=\"2026-01-22T23:46:54+00:00\" \/>\n<meta property=\"og:image\" content=\"https:\/\/www.sonoraenequipo.com.mx\/storage\/2020\/02\/fgje-logo_opt.jpg\" \/>\n\t<meta property=\"og:image:width\" content=\"600\" \/>\n\t<meta property=\"og:image:height\" content=\"400\" \/>\n\t<meta property=\"og:image:type\" content=\"image\/jpeg\" \/>\n<meta name=\"author\" content=\"enequipo\" \/>\n<meta name=\"twitter:card\" content=\"summary_large_image\" \/>\n<meta name=\"twitter:creator\" content=\"@sonoraenequipo\" \/>\n<meta name=\"twitter:site\" content=\"@sonoraenequipo\" \/>\n<meta name=\"twitter:label1\" content=\"Escrito por\" \/>\n\t<meta name=\"twitter:data1\" content=\"enequipo\" \/>\n\t<meta name=\"twitter:label2\" content=\"Tiempo de lectura\" \/>\n\t<meta name=\"twitter:data2\" content=\"1 minuto\" \/>\n<script type=\"application\/ld+json\" class=\"yoast-schema-graph\">{\"@context\":\"https:\/\/schema.org\",\"@graph\":[{\"@type\":\"Article\",\"@id\":\"https:\/\/www.sonoraenequipo.com.mx\/fgjes-abre-investigacion-por-homicidio-en-obregon\/#article\",\"isPartOf\":{\"@id\":\"https:\/\/www.sonoraenequipo.com.mx\/fgjes-abre-investigacion-por-homicidio-en-obregon\/\"},\"author\":{\"name\":\"enequipo\",\"@id\":\"https:\/\/www.sonoraenequipo.com.mx\/#\/schema\/person\/50102df0fb23a8fa9e8effad8fa81386\"},\"headline\":\"FGJES abre investigaci\u00f3n por homicidio \u00a0en Obreg\u00f3n\",\"datePublished\":\"2026-01-22T23:46:54+00:00\",\"mainEntityOfPage\":{\"@id\":\"https:\/\/www.sonoraenequipo.com.mx\/fgjes-abre-investigacion-por-homicidio-en-obregon\/\"},\"wordCount\":143,\"commentCount\":0,\"publisher\":{\"@id\":\"https:\/\/www.sonoraenequipo.com.mx\/#organization\"},\"image\":{\"@id\":\"https:\/\/www.sonoraenequipo.com.mx\/fgjes-abre-investigacion-por-homicidio-en-obregon\/#primaryimage\"},\"thumbnailUrl\":\"https:\/\/www.sonoraenequipo.com.mx\/storage\/2020\/02\/fgje-logo_opt.jpg\",\"keywords\":[\"Cajeme\",\"inseguridad\"],\"articleSection\":[\"Polic\u00edaca\"],\"inLanguage\":\"es\",\"potentialAction\":[{\"@type\":\"CommentAction\",\"name\":\"Comment\",\"target\":[\"https:\/\/www.sonoraenequipo.com.mx\/fgjes-abre-investigacion-por-homicidio-en-obregon\/#respond\"]}]},{\"@type\":\"WebPage\",\"@id\":\"https:\/\/www.sonoraenequipo.com.mx\/fgjes-abre-investigacion-por-homicidio-en-obregon\/\",\"url\":\"https:\/\/www.sonoraenequipo.com.mx\/fgjes-abre-investigacion-por-homicidio-en-obregon\/\",\"name\":\"Sonora en Equipo. FGJES abre investigaci\u00f3n por homicidio \u00a0en Obreg\u00f3n Polic\u00edaca\",\"isPartOf\":{\"@id\":\"https:\/\/www.sonoraenequipo.com.mx\/#website\"},\"primaryImageOfPage\":{\"@id\":\"https:\/\/www.sonoraenequipo.com.mx\/fgjes-abre-investigacion-por-homicidio-en-obregon\/#primaryimage\"},\"image\":{\"@id\":\"https:\/\/www.sonoraenequipo.com.mx\/fgjes-abre-investigacion-por-homicidio-en-obregon\/#primaryimage\"},\"thumbnailUrl\":\"https:\/\/www.sonoraenequipo.com.mx\/storage\/2020\/02\/fgje-logo_opt.jpg\",\"datePublished\":\"2026-01-22T23:46:54+00:00\",\"description\":\"CAJEME, SONORA, MX. \u0336 \u0336\u00a0 \u00a0La Fiscal\u00eda General de Justicia del Estado de Sonora (FGJES) informa que inici\u00f3 una carpeta de investigaci\u00f3n por homicidio en En Sonora en Equipo publicamos toda la informaci\u00f3n de Sonora, M\u00e9xico y el Mundo de manera oportuna y busca que la libertad de expresi\u00f3n sea real. Visita nuestro medio informativo publicado desde Hermosillo, Sonora. %\",\"breadcrumb\":{\"@id\":\"https:\/\/www.sonoraenequipo.com.mx\/fgjes-abre-investigacion-por-homicidio-en-obregon\/#breadcrumb\"},\"inLanguage\":\"es\",\"potentialAction\":[{\"@type\":\"ReadAction\",\"target\":[\"https:\/\/www.sonoraenequipo.com.mx\/fgjes-abre-investigacion-por-homicidio-en-obregon\/\"]}]},{\"@type\":\"ImageObject\",\"inLanguage\":\"es\",\"@id\":\"https:\/\/www.sonoraenequipo.com.mx\/fgjes-abre-investigacion-por-homicidio-en-obregon\/#primaryimage\",\"url\":\"https:\/\/www.sonoraenequipo.com.mx\/storage\/2020\/02\/fgje-logo_opt.jpg\",\"contentUrl\":\"https:\/\/www.sonoraenequipo.com.mx\/storage\/2020\/02\/fgje-logo_opt.jpg\",\"width\":600,\"height\":400},{\"@type\":\"BreadcrumbList\",\"@id\":\"https:\/\/www.sonoraenequipo.com.mx\/fgjes-abre-investigacion-por-homicidio-en-obregon\/#breadcrumb\",\"itemListElement\":[{\"@type\":\"ListItem\",\"position\":1,\"name\":\"Portada\",\"item\":\"https:\/\/www.sonoraenequipo.com.mx\/\"},{\"@type\":\"ListItem\",\"position\":2,\"name\":\"FGJES abre investigaci\u00f3n por homicidio \u00a0en Obreg\u00f3n\"}]},{\"@type\":\"WebSite\",\"@id\":\"https:\/\/www.sonoraenequipo.com.mx\/#website\",\"url\":\"https:\/\/www.sonoraenequipo.com.mx\/\",\"name\":\"Sonora en Equipo.\",\"description\":\"Diario en l\u00ednea con Noticias desde Hermosillo, Sonora\",\"publisher\":{\"@id\":\"https:\/\/www.sonoraenequipo.com.mx\/#organization\"},\"potentialAction\":[{\"@type\":\"SearchAction\",\"target\":{\"@type\":\"EntryPoint\",\"urlTemplate\":\"https:\/\/www.sonoraenequipo.com.mx\/?s={search_term_string}\"},\"query-input\":{\"@type\":\"PropertyValueSpecification\",\"valueRequired\":true,\"valueName\":\"search_term_string\"}}],\"inLanguage\":\"es\"},{\"@type\":\"Organization\",\"@id\":\"https:\/\/www.sonoraenequipo.com.mx\/#organization\",\"name\":\"Sonoraenequipo.com.mx\",\"url\":\"https:\/\/www.sonoraenequipo.com.mx\/\",\"logo\":{\"@type\":\"ImageObject\",\"inLanguage\":\"es\",\"@id\":\"https:\/\/www.sonoraenequipo.com.mx\/#\/schema\/logo\/image\/\",\"url\":\"https:\/\/www.sonoraenequipo.com.mx\/storage\/2019\/01\/sonoraenequipo_opt.png\",\"contentUrl\":\"https:\/\/www.sonoraenequipo.com.mx\/storage\/2019\/01\/sonoraenequipo_opt.png\",\"width\":375,\"height\":125,\"caption\":\"Sonoraenequipo.com.mx\"},\"image\":{\"@id\":\"https:\/\/www.sonoraenequipo.com.mx\/#\/schema\/logo\/image\/\"},\"sameAs\":[\"https:\/\/www.facebook.com\/SonoraEE\/\",\"https:\/\/x.com\/sonoraenequipo\",\"https:\/\/www.youtube.com\/channel\/UC338nW-lPEYmJQs4ZABQ1SQ\"]},{\"@type\":\"Person\",\"@id\":\"https:\/\/www.sonoraenequipo.com.mx\/#\/schema\/person\/50102df0fb23a8fa9e8effad8fa81386\",\"name\":\"enequipo\",\"image\":{\"@type\":\"ImageObject\",\"inLanguage\":\"es\",\"@id\":\"https:\/\/www.sonoraenequipo.com.mx\/#\/schema\/person\/image\/\",\"url\":\"https:\/\/secure.gravatar.com\/avatar\/049821681b589dabc0bc20695993ccebb09f5b5d4d790cd9251b97faac7c652b?s=96&d=blank&r=g\",\"contentUrl\":\"https:\/\/secure.gravatar.com\/avatar\/049821681b589dabc0bc20695993ccebb09f5b5d4d790cd9251b97faac7c652b?s=96&d=blank&r=g\",\"caption\":\"enequipo\"},\"sameAs\":[\"https:\/\/www.facebook.com\/SonoraEE\"]}]}<\/script>\n ","yoast_head_json":{"title":"Sonora en Equipo. FGJES abre investigaci\u00f3n por homicidio \u00a0en Obreg\u00f3n Polic\u00edaca","description":"CAJEME, SONORA, MX. \u0336 \u0336\u00a0 \u00a0La Fiscal\u00eda General de Justicia del Estado de Sonora (FGJES) informa que inici\u00f3 una carpeta de investigaci\u00f3n por homicidio en En Sonora en Equipo publicamos toda la informaci\u00f3n de Sonora, M\u00e9xico y el Mundo de manera oportuna y busca que la libertad de expresi\u00f3n sea real. Visita nuestro medio informativo publicado desde Hermosillo, Sonora. %","robots":{"index":"index","follow":"follow","max-snippet":"max-snippet:-1","max-image-preview":"max-image-preview:large","max-video-preview":"max-video-preview:-1"},"canonical":"https:\/\/www.sonoraenequipo.com.mx\/fgjes-abre-investigacion-por-homicidio-en-obregon\/","og_locale":"es_ES","og_type":"article","og_title":"Sonora en Equipo. FGJES abre investigaci\u00f3n por homicidio \u00a0en Obreg\u00f3n Polic\u00edaca","og_description":"CAJEME, SONORA, MX. \u0336 \u0336\u00a0 \u00a0La Fiscal\u00eda General de Justicia del Estado de Sonora (FGJES) informa que inici\u00f3 una carpeta de investigaci\u00f3n por homicidio en En Sonora en Equipo publicamos toda la informaci\u00f3n de Sonora, M\u00e9xico y el Mundo de manera oportuna y busca que la libertad de expresi\u00f3n sea real. Visita nuestro medio informativo publicado desde Hermosillo, Sonora. %","og_url":"https:\/\/www.sonoraenequipo.com.mx\/fgjes-abre-investigacion-por-homicidio-en-obregon\/","og_site_name":"Sonora en Equipo.","article_publisher":"https:\/\/www.facebook.com\/SonoraEE\/","article_author":"https:\/\/www.facebook.com\/SonoraEE","article_published_time":"2026-01-22T23:46:54+00:00","og_image":[{"width":600,"height":400,"url":"https:\/\/www.sonoraenequipo.com.mx\/storage\/2020\/02\/fgje-logo_opt.jpg","type":"image\/jpeg"}],"author":"enequipo","twitter_card":"summary_large_image","twitter_creator":"@sonoraenequipo","twitter_site":"@sonoraenequipo","twitter_misc":{"Escrito por":"enequipo","Tiempo de lectura":"1 minuto"},"schema":{"@context":"https:\/\/schema.org","@graph":[{"@type":"Article","@id":"https:\/\/www.sonoraenequipo.com.mx\/fgjes-abre-investigacion-por-homicidio-en-obregon\/#article","isPartOf":{"@id":"https:\/\/www.sonoraenequipo.com.mx\/fgjes-abre-investigacion-por-homicidio-en-obregon\/"},"author":{"name":"enequipo","@id":"https:\/\/www.sonoraenequipo.com.mx\/#\/schema\/person\/50102df0fb23a8fa9e8effad8fa81386"},"headline":"FGJES abre investigaci\u00f3n por homicidio \u00a0en Obreg\u00f3n","datePublished":"2026-01-22T23:46:54+00:00","mainEntityOfPage":{"@id":"https:\/\/www.sonoraenequipo.com.mx\/fgjes-abre-investigacion-por-homicidio-en-obregon\/"},"wordCount":143,"commentCount":0,"publisher":{"@id":"https:\/\/www.sonoraenequipo.com.mx\/#organization"},"image":{"@id":"https:\/\/www.sonoraenequipo.com.mx\/fgjes-abre-investigacion-por-homicidio-en-obregon\/#primaryimage"},"thumbnailUrl":"https:\/\/www.sonoraenequipo.com.mx\/storage\/2020\/02\/fgje-logo_opt.jpg","keywords":["Cajeme","inseguridad"],"articleSection":["Polic\u00edaca"],"inLanguage":"es","potentialAction":[{"@type":"CommentAction","name":"Comment","target":["https:\/\/www.sonoraenequipo.com.mx\/fgjes-abre-investigacion-por-homicidio-en-obregon\/#respond"]}]},{"@type":"WebPage","@id":"https:\/\/www.sonoraenequipo.com.mx\/fgjes-abre-investigacion-por-homicidio-en-obregon\/","url":"https:\/\/www.sonoraenequipo.com.mx\/fgjes-abre-investigacion-por-homicidio-en-obregon\/","name":"Sonora en Equipo. FGJES abre investigaci\u00f3n por homicidio \u00a0en Obreg\u00f3n Polic\u00edaca","isPartOf":{"@id":"https:\/\/www.sonoraenequipo.com.mx\/#website"},"primaryImageOfPage":{"@id":"https:\/\/www.sonoraenequipo.com.mx\/fgjes-abre-investigacion-por-homicidio-en-obregon\/#primaryimage"},"image":{"@id":"https:\/\/www.sonoraenequipo.com.mx\/fgjes-abre-investigacion-por-homicidio-en-obregon\/#primaryimage"},"thumbnailUrl":"https:\/\/www.sonoraenequipo.com.mx\/storage\/2020\/02\/fgje-logo_opt.jpg","datePublished":"2026-01-22T23:46:54+00:00","description":"CAJEME, SONORA, MX. \u0336 \u0336\u00a0 \u00a0La Fiscal\u00eda General de Justicia del Estado de Sonora (FGJES) informa que inici\u00f3 una carpeta de investigaci\u00f3n por homicidio en En Sonora en Equipo publicamos toda la informaci\u00f3n de Sonora, M\u00e9xico y el Mundo de manera oportuna y busca que la libertad de expresi\u00f3n sea real. Visita nuestro medio informativo publicado desde Hermosillo, Sonora. %","breadcrumb":{"@id":"https:\/\/www.sonoraenequipo.com.mx\/fgjes-abre-investigacion-por-homicidio-en-obregon\/#breadcrumb"},"inLanguage":"es","potentialAction":[{"@type":"ReadAction","target":["https:\/\/www.sonoraenequipo.com.mx\/fgjes-abre-investigacion-por-homicidio-en-obregon\/"]}]},{"@type":"ImageObject","inLanguage":"es","@id":"https:\/\/www.sonoraenequipo.com.mx\/fgjes-abre-investigacion-por-homicidio-en-obregon\/#primaryimage","url":"https:\/\/www.sonoraenequipo.com.mx\/storage\/2020\/02\/fgje-logo_opt.jpg","contentUrl":"https:\/\/www.sonoraenequipo.com.mx\/storage\/2020\/02\/fgje-logo_opt.jpg","width":600,"height":400},{"@type":"BreadcrumbList","@id":"https:\/\/www.sonoraenequipo.com.mx\/fgjes-abre-investigacion-por-homicidio-en-obregon\/#breadcrumb","itemListElement":[{"@type":"ListItem","position":1,"name":"Portada","item":"https:\/\/www.sonoraenequipo.com.mx\/"},{"@type":"ListItem","position":2,"name":"FGJES abre investigaci\u00f3n por homicidio \u00a0en Obreg\u00f3n"}]},{"@type":"WebSite","@id":"https:\/\/www.sonoraenequipo.com.mx\/#website","url":"https:\/\/www.sonoraenequipo.com.mx\/","name":"Sonora en Equipo.","description":"Diario en l\u00ednea con Noticias desde Hermosillo, Sonora","publisher":{"@id":"https:\/\/www.sonoraenequipo.com.mx\/#organization"},"potentialAction":[{"@type":"SearchAction","target":{"@type":"EntryPoint","urlTemplate":"https:\/\/www.sonoraenequipo.com.mx\/?s={search_term_string}"},"query-input":{"@type":"PropertyValueSpecification","valueRequired":true,"valueName":"search_term_string"}}],"inLanguage":"es"},{"@type":"Organization","@id":"https:\/\/www.sonoraenequipo.com.mx\/#organization","name":"Sonoraenequipo.com.mx","url":"https:\/\/www.sonoraenequipo.com.mx\/","logo":{"@type":"ImageObject","inLanguage":"es","@id":"https:\/\/www.sonoraenequipo.com.mx\/#\/schema\/logo\/image\/","url":"https:\/\/www.sonoraenequipo.com.mx\/storage\/2019\/01\/sonoraenequipo_opt.png","contentUrl":"https:\/\/www.sonoraenequipo.com.mx\/storage\/2019\/01\/sonoraenequipo_opt.png","width":375,"height":125,"caption":"Sonoraenequipo.com.mx"},"image":{"@id":"https:\/\/www.sonoraenequipo.com.mx\/#\/schema\/logo\/image\/"},"sameAs":["https:\/\/www.facebook.com\/SonoraEE\/","https:\/\/x.com\/sonoraenequipo","https:\/\/www.youtube.com\/channel\/UC338nW-lPEYmJQs4ZABQ1SQ"]},{"@type":"Person","@id":"https:\/\/www.sonoraenequipo.com.mx\/#\/schema\/person\/50102df0fb23a8fa9e8effad8fa81386","name":"enequipo","image":{"@type":"ImageObject","inLanguage":"es","@id":"https:\/\/www.sonoraenequipo.com.mx\/#\/schema\/person\/image\/","url":"https:\/\/secure.gravatar.com\/avatar\/049821681b589dabc0bc20695993ccebb09f5b5d4d790cd9251b97faac7c652b?s=96&d=blank&r=g","contentUrl":"https:\/\/secure.gravatar.com\/avatar\/049821681b589dabc0bc20695993ccebb09f5b5d4d790cd9251b97faac7c652b?s=96&d=blank&r=g","caption":"enequipo"},"sameAs":["https:\/\/www.facebook.com\/SonoraEE"]}]}},"jetpack_featured_media_url":"https:\/\/www.sonoraenequipo.com.mx\/storage\/2020\/02\/fgje-logo_opt.jpg","_links":{"self":[{"href":"https:\/\/www.sonoraenequipo.com.mx\/api\/wp\/v2\/posts\/233659","targetHints":{"allow":["GET"]}}],"collection":[{"href":"https:\/\/www.sonoraenequipo.com.mx\/api\/wp\/v2\/posts"}],"about":[{"href":"https:\/\/www.sonoraenequipo.com.mx\/api\/wp\/v2\/types\/post"}],"author":[{"embeddable":true,"href":"https:\/\/www.sonoraenequipo.com.mx\/api\/wp\/v2\/users\/1"}],"replies":[{"embeddable":true,"href":"https:\/\/www.sonoraenequipo.com.mx\/api\/wp\/v2\/comments?post=233659"}],"version-history":[{"count":1,"href":"https:\/\/www.sonoraenequipo.com.mx\/api\/wp\/v2\/posts\/233659\/revisions"}],"predecessor-version":[{"id":233660,"href":"https:\/\/www.sonoraenequipo.com.mx\/api\/wp\/v2\/posts\/233659\/revisions\/233660"}],"wp:featuredmedia":[{"embeddable":true,"href":"https:\/\/www.sonoraenequipo.com.mx\/api\/wp\/v2\/media\/79123"}],"wp:attachment":[{"href":"https:\/\/www.sonoraenequipo.com.mx\/api\/wp\/v2\/media?parent=233659"}],"wp:term":[{"taxonomy":"category","embeddable":true,"href":"https:\/\/www.sonoraenequipo.com.mx\/api\/wp\/v2\/categories?post=233659"},{"taxonomy":"post_tag","embeddable":true,"href":"https:\/\/www.sonoraenequipo.com.mx\/api\/wp\/v2\/tags?post=233659"}],"curies":[{"name":"wp","href":"https:\/\/api.w.org\/{rel}","templated":true}]}}