{"id":233661,"date":"2026-01-22T18:05:42","date_gmt":"2026-01-23T01:05:42","guid":{"rendered":"https:\/\/www.sonoraenequipo.com.mx\/?p=233661"},"modified":"2026-01-22T20:02:22","modified_gmt":"2026-01-23T03:02:22","slug":"acerca-tono-astiazaran-servicios-municipales-a-villa-de-seris-con-miercoles-en-tu-colonia","status":"publish","type":"post","link":"https:\/\/www.sonoraenequipo.com.mx\/acerca-tono-astiazaran-servicios-municipales-a-villa-de-seris-con-miercoles-en-tu-colonia\/","title":{"rendered":"Acerca Ayuntamiento servicios municipales a Villa de Seris con Mi\u00e9rcoles en tu Colonia"},"content":{"rendered":"<p><strong>HERMOSILLO, SONORA, MX.<\/strong> \u2014 Las y los vecinos de la colonia Villa de Seris y alrededores recibieron atenci\u00f3n directa a trav\u00e9s de mesas de trabajo instaladas por dependencias del Ayuntamiento de Hermosillo a trav\u00e9s del programa Mi\u00e9rcoles en tu Colonia.<\/p>\n<p>&nbsp;<\/p>\n<p>El presidente municipal Antonio Astiazar\u00e1n Guti\u00e9rrez destac\u00f3 la importancia de mantener un contacto permanente con la poblaci\u00f3n y no perder de vista el compromiso adquirido con la ciudadan\u00eda.<\/p>\n<p>&nbsp;<\/p>\n<p>\u201cYo siempre he dicho que las personas con justa raz\u00f3n, se quejan de que cuando tenemos a personas o a candidatas o candidatos que van a las colonias y piden el voto, despu\u00e9s ya no regresan y se desaparecen como los magos\u201d, expres\u00f3.<\/p>\n<p>&nbsp;<\/p>\n<p>Dijo que para \u00e9l es muy\u00a0 importante que los funcionarios de la administraci\u00f3n nunca olviden qui\u00e9n los puso y para qu\u00e9 est\u00e1n; y que este ejercicio permite siempre tener el contacto ciudadano.<\/p>\n<p>&nbsp;<\/p>\n<p>Por su parte, Zabdiel Ferreira, encargado de despacho de Atenci\u00f3n Ciudadana, inform\u00f3 que este corresponde al Mi\u00e9rcoles en tu Colonia n\u00famero 12 de la actual administraci\u00f3n, cuyo objetivo principal es facilitar a la poblaci\u00f3n el acceso a los servicios municipales sin necesidad de trasladarse a las oficinas centrales.<\/p>\n<p>&nbsp;<\/p>\n<p>\u201cPara que no tengan que andar batallando en ir a las oficinas. Ahorita estamos con descuentos en tesorer\u00eda, en agua, las mascotas las estamos vacunando, tambi\u00e9n con los servicios de salud para que aprovechen y sobre todo que est\u00e1n aqu\u00ed mis compa\u00f1eros del Ayuntamiento\u201d, manifest\u00f3.<\/p>\n<p>&nbsp;<\/p>\n<p>A nombre de las y los residentes de Villa de Seris, el se\u00f1or Rams\u00e9s Valenzuela, presidente del comit\u00e9 CRECES de la colonia, agradeci\u00f3 la presencia de las autoridades municipales y present\u00f3 un listado de peticiones prioritarias, principalmente relacionadas con la organizaci\u00f3n de las fiestas patronales en honor a la Virgen de la Candelaria, que se celebrar\u00e1n el pr\u00f3ximo 2 de febrero.<\/p>\n<p>&nbsp;<\/p>\n<p>En esta jornada participaron Flor Ayala Robles Linares, tesorera del Ayuntamiento; Daniel Garc\u00eda, director de Participaci\u00f3n Ciudadana; Renato Ulloa, director de Agua de Hermosillo; Fernando Ram\u00edrez Salcido, comisario y jefe de la Polic\u00eda Municipal; Carla Neurdet, directora de la AMECC; Astart\u00e9 Corro Ru\u00edz, titular de la DGDI; y Sergio Arturo Pavlovich, director de Servicios P\u00fablicos Municipales, quienes atendieron de manera directa las solicitudes de las y los vecinos del sector.<\/p>\n<p><strong>Fecha de publicaci\u00f3n jueves 22 de enero de 2026<\/strong><\/p>\n<p>&nbsp;<\/p>\n","protected":false},"excerpt":{"rendered":"<p>HERMOSILLO, SONORA, MX. \u2014 Las y los vecinos de la colonia Villa de Seris y&#8230;<\/p>\n","protected":false},"author":1,"featured_media":233662,"comment_status":"open","ping_status":"open","sticky":false,"template":"","format":"standard","meta":{"_monsterinsights_skip_tracking":false,"_monsterinsights_sitenote_active":false,"_monsterinsights_sitenote_note":"","_monsterinsights_sitenote_category":0,"footnotes":""},"categories":[4],"tags":[35,12275],"class_list":["post"],"yoast_head":" \n<title>Sonora en Equipo. Acerca Ayuntamiento servicios municipales a Villa de Seris con Mi\u00e9rcoles en tu Colonia Municipios<\/title>\n<meta name=\"description\" content=\"HERMOSILLO, SONORA, MX. \u2014 Las y los vecinos de la colonia Villa de Seris y alrededores recibieron atenci\u00f3n directa a trav\u00e9s de mesas de trabajo instaladas En Sonora en Equipo publicamos toda la informaci\u00f3n de Sonora, M\u00e9xico y el Mundo de manera oportuna y busca que la libertad de expresi\u00f3n sea real. Visita nuestro medio informativo publicado desde Hermosillo, Sonora. %\" \/>\n<meta name=\"robots\" content=\"index, follow, max-snippet:-1, max-image-preview:large, max-video-preview:-1\" \/>\n<link rel=\"canonical\" href=\"https:\/\/www.sonoraenequipo.com.mx\/acerca-tono-astiazaran-servicios-municipales-a-villa-de-seris-con-miercoles-en-tu-colonia\/\" \/>\n<meta property=\"og:locale\" content=\"es_ES\" \/>\n<meta property=\"og:type\" content=\"article\" \/>\n<meta property=\"og:title\" content=\"Sonora en Equipo. Acerca Ayuntamiento servicios municipales a Villa de Seris con Mi\u00e9rcoles en tu Colonia Municipios\" \/>\n<meta property=\"og:description\" content=\"HERMOSILLO, SONORA, MX. \u2014 Las y los vecinos de la colonia Villa de Seris y alrededores recibieron atenci\u00f3n directa a trav\u00e9s de mesas de trabajo instaladas En Sonora en Equipo publicamos toda la informaci\u00f3n de Sonora, M\u00e9xico y el Mundo de manera oportuna y busca que la libertad de expresi\u00f3n sea real. Visita nuestro medio informativo publicado desde Hermosillo, Sonora. %\" \/>\n<meta property=\"og:url\" content=\"https:\/\/www.sonoraenequipo.com.mx\/acerca-tono-astiazaran-servicios-municipales-a-villa-de-seris-con-miercoles-en-tu-colonia\/\" \/>\n<meta property=\"og:site_name\" content=\"Sonora en Equipo.\" \/>\n<meta property=\"article:publisher\" content=\"https:\/\/www.facebook.com\/SonoraEE\/\" \/>\n<meta property=\"article:author\" content=\"https:\/\/www.facebook.com\/SonoraEE\" \/>\n<meta property=\"article:published_time\" content=\"2026-01-23T01:05:42+00:00\" \/>\n<meta property=\"article:modified_time\" content=\"2026-01-23T03:02:22+00:00\" \/>\n<meta property=\"og:image\" content=\"https:\/\/www.sonoraenequipo.com.mx\/storage\/2026\/01\/tono-miercoles.jpg\" \/>\n\t<meta property=\"og:image:width\" content=\"600\" \/>\n\t<meta property=\"og:image:height\" content=\"400\" \/>\n\t<meta property=\"og:image:type\" content=\"image\/jpeg\" \/>\n<meta name=\"author\" content=\"enequipo\" \/>\n<meta name=\"twitter:card\" content=\"summary_large_image\" \/>\n<meta name=\"twitter:creator\" content=\"@sonoraenequipo\" \/>\n<meta name=\"twitter:site\" content=\"@sonoraenequipo\" \/>\n<meta name=\"twitter:label1\" content=\"Escrito por\" \/>\n\t<meta name=\"twitter:data1\" content=\"enequipo\" \/>\n\t<meta name=\"twitter:label2\" content=\"Tiempo de lectura\" \/>\n\t<meta name=\"twitter:data2\" content=\"2 minutos\" \/>\n<script type=\"application\/ld+json\" class=\"yoast-schema-graph\">{\"@context\":\"https:\/\/schema.org\",\"@graph\":[{\"@type\":\"Article\",\"@id\":\"https:\/\/www.sonoraenequipo.com.mx\/acerca-tono-astiazaran-servicios-municipales-a-villa-de-seris-con-miercoles-en-tu-colonia\/#article\",\"isPartOf\":{\"@id\":\"https:\/\/www.sonoraenequipo.com.mx\/acerca-tono-astiazaran-servicios-municipales-a-villa-de-seris-con-miercoles-en-tu-colonia\/\"},\"author\":{\"name\":\"enequipo\",\"@id\":\"https:\/\/www.sonoraenequipo.com.mx\/#\/schema\/person\/50102df0fb23a8fa9e8effad8fa81386\"},\"headline\":\"Acerca Ayuntamiento servicios municipales a Villa de Seris con Mi\u00e9rcoles en tu Colonia\",\"datePublished\":\"2026-01-23T01:05:42+00:00\",\"dateModified\":\"2026-01-23T03:02:22+00:00\",\"mainEntityOfPage\":{\"@id\":\"https:\/\/www.sonoraenequipo.com.mx\/acerca-tono-astiazaran-servicios-municipales-a-villa-de-seris-con-miercoles-en-tu-colonia\/\"},\"wordCount\":427,\"commentCount\":0,\"publisher\":{\"@id\":\"https:\/\/www.sonoraenequipo.com.mx\/#organization\"},\"image\":{\"@id\":\"https:\/\/www.sonoraenequipo.com.mx\/acerca-tono-astiazaran-servicios-municipales-a-villa-de-seris-con-miercoles-en-tu-colonia\/#primaryimage\"},\"thumbnailUrl\":\"https:\/\/www.sonoraenequipo.com.mx\/storage\/2026\/01\/tono-miercoles.jpg\",\"keywords\":[\"hermosillo\",\"miercoles entucolonia\"],\"articleSection\":[\"Municipios\"],\"inLanguage\":\"es\",\"potentialAction\":[{\"@type\":\"CommentAction\",\"name\":\"Comment\",\"target\":[\"https:\/\/www.sonoraenequipo.com.mx\/acerca-tono-astiazaran-servicios-municipales-a-villa-de-seris-con-miercoles-en-tu-colonia\/#respond\"]}]},{\"@type\":\"WebPage\",\"@id\":\"https:\/\/www.sonoraenequipo.com.mx\/acerca-tono-astiazaran-servicios-municipales-a-villa-de-seris-con-miercoles-en-tu-colonia\/\",\"url\":\"https:\/\/www.sonoraenequipo.com.mx\/acerca-tono-astiazaran-servicios-municipales-a-villa-de-seris-con-miercoles-en-tu-colonia\/\",\"name\":\"Sonora en Equipo. Acerca Ayuntamiento servicios municipales a Villa de Seris con Mi\u00e9rcoles en tu Colonia Municipios\",\"isPartOf\":{\"@id\":\"https:\/\/www.sonoraenequipo.com.mx\/#website\"},\"primaryImageOfPage\":{\"@id\":\"https:\/\/www.sonoraenequipo.com.mx\/acerca-tono-astiazaran-servicios-municipales-a-villa-de-seris-con-miercoles-en-tu-colonia\/#primaryimage\"},\"image\":{\"@id\":\"https:\/\/www.sonoraenequipo.com.mx\/acerca-tono-astiazaran-servicios-municipales-a-villa-de-seris-con-miercoles-en-tu-colonia\/#primaryimage\"},\"thumbnailUrl\":\"https:\/\/www.sonoraenequipo.com.mx\/storage\/2026\/01\/tono-miercoles.jpg\",\"datePublished\":\"2026-01-23T01:05:42+00:00\",\"dateModified\":\"2026-01-23T03:02:22+00:00\",\"description\":\"HERMOSILLO, SONORA, MX. \u2014 Las y los vecinos de la colonia Villa de Seris y alrededores recibieron atenci\u00f3n directa a trav\u00e9s de mesas de trabajo instaladas En Sonora en Equipo publicamos toda la informaci\u00f3n de Sonora, M\u00e9xico y el Mundo de manera oportuna y busca que la libertad de expresi\u00f3n sea real. Visita nuestro medio informativo publicado desde Hermosillo, Sonora. %\",\"breadcrumb\":{\"@id\":\"https:\/\/www.sonoraenequipo.com.mx\/acerca-tono-astiazaran-servicios-municipales-a-villa-de-seris-con-miercoles-en-tu-colonia\/#breadcrumb\"},\"inLanguage\":\"es\",\"potentialAction\":[{\"@type\":\"ReadAction\",\"target\":[\"https:\/\/www.sonoraenequipo.com.mx\/acerca-tono-astiazaran-servicios-municipales-a-villa-de-seris-con-miercoles-en-tu-colonia\/\"]}]},{\"@type\":\"ImageObject\",\"inLanguage\":\"es\",\"@id\":\"https:\/\/www.sonoraenequipo.com.mx\/acerca-tono-astiazaran-servicios-municipales-a-villa-de-seris-con-miercoles-en-tu-colonia\/#primaryimage\",\"url\":\"https:\/\/www.sonoraenequipo.com.mx\/storage\/2026\/01\/tono-miercoles.jpg\",\"contentUrl\":\"https:\/\/www.sonoraenequipo.com.mx\/storage\/2026\/01\/tono-miercoles.jpg\",\"width\":600,\"height\":400},{\"@type\":\"BreadcrumbList\",\"@id\":\"https:\/\/www.sonoraenequipo.com.mx\/acerca-tono-astiazaran-servicios-municipales-a-villa-de-seris-con-miercoles-en-tu-colonia\/#breadcrumb\",\"itemListElement\":[{\"@type\":\"ListItem\",\"position\":1,\"name\":\"Portada\",\"item\":\"https:\/\/www.sonoraenequipo.com.mx\/\"},{\"@type\":\"ListItem\",\"position\":2,\"name\":\"Acerca Ayuntamiento servicios municipales a Villa de Seris con Mi\u00e9rcoles en tu Colonia\"}]},{\"@type\":\"WebSite\",\"@id\":\"https:\/\/www.sonoraenequipo.com.mx\/#website\",\"url\":\"https:\/\/www.sonoraenequipo.com.mx\/\",\"name\":\"Sonora en Equipo.\",\"description\":\"Diario en l\u00ednea con Noticias desde Hermosillo, Sonora\",\"publisher\":{\"@id\":\"https:\/\/www.sonoraenequipo.com.mx\/#organization\"},\"potentialAction\":[{\"@type\":\"SearchAction\",\"target\":{\"@type\":\"EntryPoint\",\"urlTemplate\":\"https:\/\/www.sonoraenequipo.com.mx\/?s={search_term_string}\"},\"query-input\":{\"@type\":\"PropertyValueSpecification\",\"valueRequired\":true,\"valueName\":\"search_term_string\"}}],\"inLanguage\":\"es\"},{\"@type\":\"Organization\",\"@id\":\"https:\/\/www.sonoraenequipo.com.mx\/#organization\",\"name\":\"Sonoraenequipo.com.mx\",\"url\":\"https:\/\/www.sonoraenequipo.com.mx\/\",\"logo\":{\"@type\":\"ImageObject\",\"inLanguage\":\"es\",\"@id\":\"https:\/\/www.sonoraenequipo.com.mx\/#\/schema\/logo\/image\/\",\"url\":\"https:\/\/www.sonoraenequipo.com.mx\/storage\/2019\/01\/sonoraenequipo_opt.png\",\"contentUrl\":\"https:\/\/www.sonoraenequipo.com.mx\/storage\/2019\/01\/sonoraenequipo_opt.png\",\"width\":375,\"height\":125,\"caption\":\"Sonoraenequipo.com.mx\"},\"image\":{\"@id\":\"https:\/\/www.sonoraenequipo.com.mx\/#\/schema\/logo\/image\/\"},\"sameAs\":[\"https:\/\/www.facebook.com\/SonoraEE\/\",\"https:\/\/x.com\/sonoraenequipo\",\"https:\/\/www.youtube.com\/channel\/UC338nW-lPEYmJQs4ZABQ1SQ\"]},{\"@type\":\"Person\",\"@id\":\"https:\/\/www.sonoraenequipo.com.mx\/#\/schema\/person\/50102df0fb23a8fa9e8effad8fa81386\",\"name\":\"enequipo\",\"image\":{\"@type\":\"ImageObject\",\"inLanguage\":\"es\",\"@id\":\"https:\/\/www.sonoraenequipo.com.mx\/#\/schema\/person\/image\/\",\"url\":\"https:\/\/secure.gravatar.com\/avatar\/049821681b589dabc0bc20695993ccebb09f5b5d4d790cd9251b97faac7c652b?s=96&d=blank&r=g\",\"contentUrl\":\"https:\/\/secure.gravatar.com\/avatar\/049821681b589dabc0bc20695993ccebb09f5b5d4d790cd9251b97faac7c652b?s=96&d=blank&r=g\",\"caption\":\"enequipo\"},\"sameAs\":[\"https:\/\/www.facebook.com\/SonoraEE\"]}]}<\/script>\n ","yoast_head_json":{"title":"Sonora en Equipo. Acerca Ayuntamiento servicios municipales a Villa de Seris con Mi\u00e9rcoles en tu Colonia Municipios","description":"HERMOSILLO, SONORA, MX. \u2014 Las y los vecinos de la colonia Villa de Seris y alrededores recibieron atenci\u00f3n directa a trav\u00e9s de mesas de trabajo instaladas En Sonora en Equipo publicamos toda la informaci\u00f3n de Sonora, M\u00e9xico y el Mundo de manera oportuna y busca que la libertad de expresi\u00f3n sea real. Visita nuestro medio informativo publicado desde Hermosillo, Sonora. %","robots":{"index":"index","follow":"follow","max-snippet":"max-snippet:-1","max-image-preview":"max-image-preview:large","max-video-preview":"max-video-preview:-1"},"canonical":"https:\/\/www.sonoraenequipo.com.mx\/acerca-tono-astiazaran-servicios-municipales-a-villa-de-seris-con-miercoles-en-tu-colonia\/","og_locale":"es_ES","og_type":"article","og_title":"Sonora en Equipo. Acerca Ayuntamiento servicios municipales a Villa de Seris con Mi\u00e9rcoles en tu Colonia Municipios","og_description":"HERMOSILLO, SONORA, MX. \u2014 Las y los vecinos de la colonia Villa de Seris y alrededores recibieron atenci\u00f3n directa a trav\u00e9s de mesas de trabajo instaladas En Sonora en Equipo publicamos toda la informaci\u00f3n de Sonora, M\u00e9xico y el Mundo de manera oportuna y busca que la libertad de expresi\u00f3n sea real. Visita nuestro medio informativo publicado desde Hermosillo, Sonora. %","og_url":"https:\/\/www.sonoraenequipo.com.mx\/acerca-tono-astiazaran-servicios-municipales-a-villa-de-seris-con-miercoles-en-tu-colonia\/","og_site_name":"Sonora en Equipo.","article_publisher":"https:\/\/www.facebook.com\/SonoraEE\/","article_author":"https:\/\/www.facebook.com\/SonoraEE","article_published_time":"2026-01-23T01:05:42+00:00","article_modified_time":"2026-01-23T03:02:22+00:00","og_image":[{"width":600,"height":400,"url":"https:\/\/www.sonoraenequipo.com.mx\/storage\/2026\/01\/tono-miercoles.jpg","type":"image\/jpeg"}],"author":"enequipo","twitter_card":"summary_large_image","twitter_creator":"@sonoraenequipo","twitter_site":"@sonoraenequipo","twitter_misc":{"Escrito por":"enequipo","Tiempo de lectura":"2 minutos"},"schema":{"@context":"https:\/\/schema.org","@graph":[{"@type":"Article","@id":"https:\/\/www.sonoraenequipo.com.mx\/acerca-tono-astiazaran-servicios-municipales-a-villa-de-seris-con-miercoles-en-tu-colonia\/#article","isPartOf":{"@id":"https:\/\/www.sonoraenequipo.com.mx\/acerca-tono-astiazaran-servicios-municipales-a-villa-de-seris-con-miercoles-en-tu-colonia\/"},"author":{"name":"enequipo","@id":"https:\/\/www.sonoraenequipo.com.mx\/#\/schema\/person\/50102df0fb23a8fa9e8effad8fa81386"},"headline":"Acerca Ayuntamiento servicios municipales a Villa de Seris con Mi\u00e9rcoles en tu Colonia","datePublished":"2026-01-23T01:05:42+00:00","dateModified":"2026-01-23T03:02:22+00:00","mainEntityOfPage":{"@id":"https:\/\/www.sonoraenequipo.com.mx\/acerca-tono-astiazaran-servicios-municipales-a-villa-de-seris-con-miercoles-en-tu-colonia\/"},"wordCount":427,"commentCount":0,"publisher":{"@id":"https:\/\/www.sonoraenequipo.com.mx\/#organization"},"image":{"@id":"https:\/\/www.sonoraenequipo.com.mx\/acerca-tono-astiazaran-servicios-municipales-a-villa-de-seris-con-miercoles-en-tu-colonia\/#primaryimage"},"thumbnailUrl":"https:\/\/www.sonoraenequipo.com.mx\/storage\/2026\/01\/tono-miercoles.jpg","keywords":["hermosillo","miercoles entucolonia"],"articleSection":["Municipios"],"inLanguage":"es","potentialAction":[{"@type":"CommentAction","name":"Comment","target":["https:\/\/www.sonoraenequipo.com.mx\/acerca-tono-astiazaran-servicios-municipales-a-villa-de-seris-con-miercoles-en-tu-colonia\/#respond"]}]},{"@type":"WebPage","@id":"https:\/\/www.sonoraenequipo.com.mx\/acerca-tono-astiazaran-servicios-municipales-a-villa-de-seris-con-miercoles-en-tu-colonia\/","url":"https:\/\/www.sonoraenequipo.com.mx\/acerca-tono-astiazaran-servicios-municipales-a-villa-de-seris-con-miercoles-en-tu-colonia\/","name":"Sonora en Equipo. Acerca Ayuntamiento servicios municipales a Villa de Seris con Mi\u00e9rcoles en tu Colonia Municipios","isPartOf":{"@id":"https:\/\/www.sonoraenequipo.com.mx\/#website"},"primaryImageOfPage":{"@id":"https:\/\/www.sonoraenequipo.com.mx\/acerca-tono-astiazaran-servicios-municipales-a-villa-de-seris-con-miercoles-en-tu-colonia\/#primaryimage"},"image":{"@id":"https:\/\/www.sonoraenequipo.com.mx\/acerca-tono-astiazaran-servicios-municipales-a-villa-de-seris-con-miercoles-en-tu-colonia\/#primaryimage"},"thumbnailUrl":"https:\/\/www.sonoraenequipo.com.mx\/storage\/2026\/01\/tono-miercoles.jpg","datePublished":"2026-01-23T01:05:42+00:00","dateModified":"2026-01-23T03:02:22+00:00","description":"HERMOSILLO, SONORA, MX. \u2014 Las y los vecinos de la colonia Villa de Seris y alrededores recibieron atenci\u00f3n directa a trav\u00e9s de mesas de trabajo instaladas En Sonora en Equipo publicamos toda la informaci\u00f3n de Sonora, M\u00e9xico y el Mundo de manera oportuna y busca que la libertad de expresi\u00f3n sea real. Visita nuestro medio informativo publicado desde Hermosillo, Sonora. %","breadcrumb":{"@id":"https:\/\/www.sonoraenequipo.com.mx\/acerca-tono-astiazaran-servicios-municipales-a-villa-de-seris-con-miercoles-en-tu-colonia\/#breadcrumb"},"inLanguage":"es","potentialAction":[{"@type":"ReadAction","target":["https:\/\/www.sonoraenequipo.com.mx\/acerca-tono-astiazaran-servicios-municipales-a-villa-de-seris-con-miercoles-en-tu-colonia\/"]}]},{"@type":"ImageObject","inLanguage":"es","@id":"https:\/\/www.sonoraenequipo.com.mx\/acerca-tono-astiazaran-servicios-municipales-a-villa-de-seris-con-miercoles-en-tu-colonia\/#primaryimage","url":"https:\/\/www.sonoraenequipo.com.mx\/storage\/2026\/01\/tono-miercoles.jpg","contentUrl":"https:\/\/www.sonoraenequipo.com.mx\/storage\/2026\/01\/tono-miercoles.jpg","width":600,"height":400},{"@type":"BreadcrumbList","@id":"https:\/\/www.sonoraenequipo.com.mx\/acerca-tono-astiazaran-servicios-municipales-a-villa-de-seris-con-miercoles-en-tu-colonia\/#breadcrumb","itemListElement":[{"@type":"ListItem","position":1,"name":"Portada","item":"https:\/\/www.sonoraenequipo.com.mx\/"},{"@type":"ListItem","position":2,"name":"Acerca Ayuntamiento servicios municipales a Villa de Seris con Mi\u00e9rcoles en tu Colonia"}]},{"@type":"WebSite","@id":"https:\/\/www.sonoraenequipo.com.mx\/#website","url":"https:\/\/www.sonoraenequipo.com.mx\/","name":"Sonora en Equipo.","description":"Diario en l\u00ednea con Noticias desde Hermosillo, Sonora","publisher":{"@id":"https:\/\/www.sonoraenequipo.com.mx\/#organization"},"potentialAction":[{"@type":"SearchAction","target":{"@type":"EntryPoint","urlTemplate":"https:\/\/www.sonoraenequipo.com.mx\/?s={search_term_string}"},"query-input":{"@type":"PropertyValueSpecification","valueRequired":true,"valueName":"search_term_string"}}],"inLanguage":"es"},{"@type":"Organization","@id":"https:\/\/www.sonoraenequipo.com.mx\/#organization","name":"Sonoraenequipo.com.mx","url":"https:\/\/www.sonoraenequipo.com.mx\/","logo":{"@type":"ImageObject","inLanguage":"es","@id":"https:\/\/www.sonoraenequipo.com.mx\/#\/schema\/logo\/image\/","url":"https:\/\/www.sonoraenequipo.com.mx\/storage\/2019\/01\/sonoraenequipo_opt.png","contentUrl":"https:\/\/www.sonoraenequipo.com.mx\/storage\/2019\/01\/sonoraenequipo_opt.png","width":375,"height":125,"caption":"Sonoraenequipo.com.mx"},"image":{"@id":"https:\/\/www.sonoraenequipo.com.mx\/#\/schema\/logo\/image\/"},"sameAs":["https:\/\/www.facebook.com\/SonoraEE\/","https:\/\/x.com\/sonoraenequipo","https:\/\/www.youtube.com\/channel\/UC338nW-lPEYmJQs4ZABQ1SQ"]},{"@type":"Person","@id":"https:\/\/www.sonoraenequipo.com.mx\/#\/schema\/person\/50102df0fb23a8fa9e8effad8fa81386","name":"enequipo","image":{"@type":"ImageObject","inLanguage":"es","@id":"https:\/\/www.sonoraenequipo.com.mx\/#\/schema\/person\/image\/","url":"https:\/\/secure.gravatar.com\/avatar\/049821681b589dabc0bc20695993ccebb09f5b5d4d790cd9251b97faac7c652b?s=96&d=blank&r=g","contentUrl":"https:\/\/secure.gravatar.com\/avatar\/049821681b589dabc0bc20695993ccebb09f5b5d4d790cd9251b97faac7c652b?s=96&d=blank&r=g","caption":"enequipo"},"sameAs":["https:\/\/www.facebook.com\/SonoraEE"]}]}},"jetpack_featured_media_url":"https:\/\/www.sonoraenequipo.com.mx\/storage\/2026\/01\/tono-miercoles.jpg","_links":{"self":[{"href":"https:\/\/www.sonoraenequipo.com.mx\/api\/wp\/v2\/posts\/233661","targetHints":{"allow":["GET"]}}],"collection":[{"href":"https:\/\/www.sonoraenequipo.com.mx\/api\/wp\/v2\/posts"}],"about":[{"href":"https:\/\/www.sonoraenequipo.com.mx\/api\/wp\/v2\/types\/post"}],"author":[{"embeddable":true,"href":"https:\/\/www.sonoraenequipo.com.mx\/api\/wp\/v2\/users\/1"}],"replies":[{"embeddable":true,"href":"https:\/\/www.sonoraenequipo.com.mx\/api\/wp\/v2\/comments?post=233661"}],"version-history":[{"count":2,"href":"https:\/\/www.sonoraenequipo.com.mx\/api\/wp\/v2\/posts\/233661\/revisions"}],"predecessor-version":[{"id":233672,"href":"https:\/\/www.sonoraenequipo.com.mx\/api\/wp\/v2\/posts\/233661\/revisions\/233672"}],"wp:featuredmedia":[{"embeddable":true,"href":"https:\/\/www.sonoraenequipo.com.mx\/api\/wp\/v2\/media\/233662"}],"wp:attachment":[{"href":"https:\/\/www.sonoraenequipo.com.mx\/api\/wp\/v2\/media?parent=233661"}],"wp:term":[{"taxonomy":"category","embeddable":true,"href":"https:\/\/www.sonoraenequipo.com.mx\/api\/wp\/v2\/categories?post=233661"},{"taxonomy":"post_tag","embeddable":true,"href":"https:\/\/www.sonoraenequipo.com.mx\/api\/wp\/v2\/tags?post=233661"}],"curies":[{"name":"wp","href":"https:\/\/api.w.org\/{rel}","templated":true}]}}