{"id":233673,"date":"2026-01-22T20:36:53","date_gmt":"2026-01-23T03:36:53","guid":{"rendered":"https:\/\/www.sonoraenequipo.com.mx\/?p=233673"},"modified":"2026-01-22T18:21:38","modified_gmt":"2026-01-23T01:21:38","slug":"universidades-para-el-bienestar-fortalecen-acceso-a-jovenes-a-la-educacion-superior","status":"publish","type":"post","link":"https:\/\/www.sonoraenequipo.com.mx\/universidades-para-el-bienestar-fortalecen-acceso-a-jovenes-a-la-educacion-superior\/","title":{"rendered":"Universidades para el Bienestar fortalecen acceso a j\u00f3venes a la educaci\u00f3n superior"},"content":{"rendered":"<p><strong>CIUDAD DE M\u00c9XICO. MX. \u2014 <\/strong>El secretario de Educaci\u00f3n P\u00fablica, Mario Delgado Carrillo, inform\u00f3 que las Universidades para el Bienestar Benito Ju\u00e1rez Garc\u00eda (UBBJ) contin\u00faan consolid\u00e1ndose como un instrumento clave de justicia social al contar actualmente con 215 planteles en operaci\u00f3n en todo el territorio nacional, lo que ha permitido ampliar de manera hist\u00f3rica el acceso a la Educaci\u00f3n Superior.<\/p>\n<p>&nbsp;<\/p>\n<p>&nbsp;<\/p>\n<p> <br \/>\nDurante una reuni\u00f3n de trabajo con la directora general de las UBBJ, Raquel Sosa El\u00edzaga, el titular de la SEP dio seguimiento a las acciones realizadas en 2025 para el fortalecimiento acad\u00e9mico, territorial y administrativo de este sistema universitario, as\u00ed como de los proyectos previstos para 2026, orientados a atender a j\u00f3venes de comunidades con mayor rezago educativo.<\/p>\n<p>&nbsp;<\/p>\n<p>&nbsp;<\/p>\n<p>Delgado Carrillo destac\u00f3 que los resultados alcanzados hasta 2025 reflejan el impacto social de las Universidades, ya que tan solo el a\u00f1o pasado se emitieron m\u00e1s de 10 mil t\u00edtulos profesionales, lo que representa una oportunidad real de movilidad social y desarrollo para miles de egresadas y egresados.<\/p>\n<p>&nbsp;<\/p>\n<p>&nbsp;<\/p>\n<p>Asimismo, se\u00f1al\u00f3 que para 2026 se tiene prevista la entrega de otros 4 mil t\u00edtulos profesionales, lo que confirma la consolidaci\u00f3n de las Universidades para el Bienestar como una opci\u00f3n s\u00f3lida, gratuita y con pertinencia social en el \u00e1mbito de la Educaci\u00f3n Superior.<\/p>\n<p>&nbsp;<\/p>\n<p>El secretario de Educaci\u00f3n P\u00fablica subray\u00f3 que, durante el presente a\u00f1o, continuar\u00e1 la apertura de nuevos planteles, principalmente en comunidades rurales y zonas alejadas de los centros urbanos, con el objetivo de garantizar que el derecho a la educaci\u00f3n superior llegue a cada regi\u00f3n del pa\u00eds.<\/p>\n<p>&nbsp;<\/p>\n<p>&nbsp;<\/p>\n<p>Al presentar un informe, la directora del Organismo Coordinador de las UBBJ, Raquel Sosa El\u00edzaga, destac\u00f3 que actualmente existen 215 sedes en todo el pa\u00eds, con 85 mil estudiantes, atendidos por mil 652 docentes y 10 mil 589 egresados titulados, lo que representa un logro del segundo piso de la Cuarta Transformaci\u00f3n, encabezado por la Presidenta Claudia Sheinbaum Pardo.<\/p>\n<p>&nbsp;<\/p>\n<p>Sosa El\u00edzaga inform\u00f3 que las nuevas sedes se ubicar\u00e1n en comunidades que menos tienen en los estados de Chiapas, Chihuahua, Ciudad de M\u00e9xico, Estado de M\u00e9xico, Guerrero, Michoac\u00e1n, Oaxaca, Veracruz y Zacatecas.<\/p>\n<p>&nbsp;<\/p>\n<p>&nbsp;<\/p>\n<p><img loading=\"lazy\" decoding=\"async\" class=\"x-left size-full \" src=\"https:\/\/www.sonoraenequipo.com.mx\/storage\/2026\/01\/secretaria-educacion-Publica-1.jpg\" alt=\"\" width=\"1000\" height=\"666\" \/>Afirm\u00f3 que, gracias al respaldo de la Presidenta de M\u00e9xico, la meta es alcanzar 300 sedes de las UBBJ en el pa\u00eds al t\u00e9rmino de la administraci\u00f3n, siempre que las condiciones lo permitan. De cumplirse el proyecto, resalt\u00f3, se podr\u00eda alcanzar una inversi\u00f3n de 8 mil millones de pesos en infraestructura educativa superior en los pr\u00f3ximos a\u00f1os.<\/p>\n<p>&nbsp;<\/p>\n<p>&nbsp;<\/p>\n<p>Finalmente, reiter\u00f3 que el Gobierno de M\u00e9xico mantiene su compromiso de fortalecer un modelo educativo incluyente, humanista y orientado al bienestar colectivo, en congruencia con el proyecto de transformaci\u00f3n nacional.<\/p>\n<p>&nbsp;<\/p>\n<p>&nbsp;<\/p>\n<p>&nbsp;<\/p>\n<p>PUBLICADO EL 22 ENERO DE 2026 Con informaci\u00f3n de GOBMEX\/Sec de Educaci\u00f3n)<\/p>\n","protected":false},"excerpt":{"rendered":"<p>CIUDAD DE M\u00c9XICO. MX. \u2014 El secretario de Educaci\u00f3n P\u00fablica, Mario Delgado Carrillo, inform\u00f3 que&#8230;<\/p>\n","protected":false},"author":1,"featured_media":233674,"comment_status":"open","ping_status":"open","sticky":false,"template":"","format":"standard","meta":{"_monsterinsights_skip_tracking":false,"_monsterinsights_sitenote_active":false,"_monsterinsights_sitenote_note":"","_monsterinsights_sitenote_category":0,"footnotes":""},"categories":[5],"tags":[],"class_list":["post"],"yoast_head":" \n<title>Sonora en Equipo. Universidades para el Bienestar fortalecen acceso a j\u00f3venes a la educaci\u00f3n superior Rep\u00fablica<\/title>\n<meta name=\"description\" content=\"CIUDAD DE M\u00c9XICO. MX. \u2014 El secretario de Educaci\u00f3n P\u00fablica, Mario Delgado Carrillo, inform\u00f3 que las Universidades para el Bienestar Benito Ju\u00e1rez Garc\u00eda En Sonora en Equipo publicamos toda la informaci\u00f3n de Sonora, M\u00e9xico y el Mundo de manera oportuna y busca que la libertad de expresi\u00f3n sea real. Visita nuestro medio informativo publicado desde Hermosillo, Sonora. %\" \/>\n<meta name=\"robots\" content=\"index, follow, max-snippet:-1, max-image-preview:large, max-video-preview:-1\" \/>\n<link rel=\"canonical\" href=\"https:\/\/www.sonoraenequipo.com.mx\/universidades-para-el-bienestar-fortalecen-acceso-a-jovenes-a-la-educacion-superior\/\" \/>\n<meta property=\"og:locale\" content=\"es_ES\" \/>\n<meta property=\"og:type\" content=\"article\" \/>\n<meta property=\"og:title\" content=\"Sonora en Equipo. Universidades para el Bienestar fortalecen acceso a j\u00f3venes a la educaci\u00f3n superior Rep\u00fablica\" \/>\n<meta property=\"og:description\" content=\"CIUDAD DE M\u00c9XICO. MX. \u2014 El secretario de Educaci\u00f3n P\u00fablica, Mario Delgado Carrillo, inform\u00f3 que las Universidades para el Bienestar Benito Ju\u00e1rez Garc\u00eda En Sonora en Equipo publicamos toda la informaci\u00f3n de Sonora, M\u00e9xico y el Mundo de manera oportuna y busca que la libertad de expresi\u00f3n sea real. Visita nuestro medio informativo publicado desde Hermosillo, Sonora. %\" \/>\n<meta property=\"og:url\" content=\"https:\/\/www.sonoraenequipo.com.mx\/universidades-para-el-bienestar-fortalecen-acceso-a-jovenes-a-la-educacion-superior\/\" \/>\n<meta property=\"og:site_name\" content=\"Sonora en Equipo.\" \/>\n<meta property=\"article:publisher\" content=\"https:\/\/www.facebook.com\/SonoraEE\/\" \/>\n<meta property=\"article:author\" content=\"https:\/\/www.facebook.com\/SonoraEE\" \/>\n<meta property=\"article:published_time\" content=\"2026-01-23T03:36:53+00:00\" \/>\n<meta property=\"og:image\" content=\"https:\/\/www.sonoraenequipo.com.mx\/storage\/2026\/01\/universidades-del-Bienestar-1.jpg\" \/>\n\t<meta property=\"og:image:width\" content=\"1000\" \/>\n\t<meta property=\"og:image:height\" content=\"667\" \/>\n\t<meta property=\"og:image:type\" content=\"image\/jpeg\" \/>\n<meta name=\"author\" content=\"enequipo\" \/>\n<meta name=\"twitter:card\" content=\"summary_large_image\" \/>\n<meta name=\"twitter:creator\" content=\"@sonoraenequipo\" \/>\n<meta name=\"twitter:site\" content=\"@sonoraenequipo\" \/>\n<meta name=\"twitter:label1\" content=\"Escrito por\" \/>\n\t<meta name=\"twitter:data1\" content=\"enequipo\" \/>\n\t<meta name=\"twitter:label2\" content=\"Tiempo de lectura\" \/>\n\t<meta name=\"twitter:data2\" content=\"2 minutos\" \/>\n<script type=\"application\/ld+json\" class=\"yoast-schema-graph\">{\"@context\":\"https:\/\/schema.org\",\"@graph\":[{\"@type\":\"Article\",\"@id\":\"https:\/\/www.sonoraenequipo.com.mx\/universidades-para-el-bienestar-fortalecen-acceso-a-jovenes-a-la-educacion-superior\/#article\",\"isPartOf\":{\"@id\":\"https:\/\/www.sonoraenequipo.com.mx\/universidades-para-el-bienestar-fortalecen-acceso-a-jovenes-a-la-educacion-superior\/\"},\"author\":{\"name\":\"enequipo\",\"@id\":\"https:\/\/www.sonoraenequipo.com.mx\/#\/schema\/person\/50102df0fb23a8fa9e8effad8fa81386\"},\"headline\":\"Universidades para el Bienestar fortalecen acceso a j\u00f3venes a la educaci\u00f3n superior\",\"datePublished\":\"2026-01-23T03:36:53+00:00\",\"mainEntityOfPage\":{\"@id\":\"https:\/\/www.sonoraenequipo.com.mx\/universidades-para-el-bienestar-fortalecen-acceso-a-jovenes-a-la-educacion-superior\/\"},\"wordCount\":509,\"commentCount\":0,\"publisher\":{\"@id\":\"https:\/\/www.sonoraenequipo.com.mx\/#organization\"},\"image\":{\"@id\":\"https:\/\/www.sonoraenequipo.com.mx\/universidades-para-el-bienestar-fortalecen-acceso-a-jovenes-a-la-educacion-superior\/#primaryimage\"},\"thumbnailUrl\":\"https:\/\/www.sonoraenequipo.com.mx\/storage\/2026\/01\/universidades-del-Bienestar-1.jpg\",\"articleSection\":[\"Rep\u00fablica\"],\"inLanguage\":\"es\",\"potentialAction\":[{\"@type\":\"CommentAction\",\"name\":\"Comment\",\"target\":[\"https:\/\/www.sonoraenequipo.com.mx\/universidades-para-el-bienestar-fortalecen-acceso-a-jovenes-a-la-educacion-superior\/#respond\"]}]},{\"@type\":\"WebPage\",\"@id\":\"https:\/\/www.sonoraenequipo.com.mx\/universidades-para-el-bienestar-fortalecen-acceso-a-jovenes-a-la-educacion-superior\/\",\"url\":\"https:\/\/www.sonoraenequipo.com.mx\/universidades-para-el-bienestar-fortalecen-acceso-a-jovenes-a-la-educacion-superior\/\",\"name\":\"Sonora en Equipo. Universidades para el Bienestar fortalecen acceso a j\u00f3venes a la educaci\u00f3n superior Rep\u00fablica\",\"isPartOf\":{\"@id\":\"https:\/\/www.sonoraenequipo.com.mx\/#website\"},\"primaryImageOfPage\":{\"@id\":\"https:\/\/www.sonoraenequipo.com.mx\/universidades-para-el-bienestar-fortalecen-acceso-a-jovenes-a-la-educacion-superior\/#primaryimage\"},\"image\":{\"@id\":\"https:\/\/www.sonoraenequipo.com.mx\/universidades-para-el-bienestar-fortalecen-acceso-a-jovenes-a-la-educacion-superior\/#primaryimage\"},\"thumbnailUrl\":\"https:\/\/www.sonoraenequipo.com.mx\/storage\/2026\/01\/universidades-del-Bienestar-1.jpg\",\"datePublished\":\"2026-01-23T03:36:53+00:00\",\"description\":\"CIUDAD DE M\u00c9XICO. MX. \u2014 El secretario de Educaci\u00f3n P\u00fablica, Mario Delgado Carrillo, inform\u00f3 que las Universidades para el Bienestar Benito Ju\u00e1rez Garc\u00eda En Sonora en Equipo publicamos toda la informaci\u00f3n de Sonora, M\u00e9xico y el Mundo de manera oportuna y busca que la libertad de expresi\u00f3n sea real. Visita nuestro medio informativo publicado desde Hermosillo, Sonora. %\",\"breadcrumb\":{\"@id\":\"https:\/\/www.sonoraenequipo.com.mx\/universidades-para-el-bienestar-fortalecen-acceso-a-jovenes-a-la-educacion-superior\/#breadcrumb\"},\"inLanguage\":\"es\",\"potentialAction\":[{\"@type\":\"ReadAction\",\"target\":[\"https:\/\/www.sonoraenequipo.com.mx\/universidades-para-el-bienestar-fortalecen-acceso-a-jovenes-a-la-educacion-superior\/\"]}]},{\"@type\":\"ImageObject\",\"inLanguage\":\"es\",\"@id\":\"https:\/\/www.sonoraenequipo.com.mx\/universidades-para-el-bienestar-fortalecen-acceso-a-jovenes-a-la-educacion-superior\/#primaryimage\",\"url\":\"https:\/\/www.sonoraenequipo.com.mx\/storage\/2026\/01\/universidades-del-Bienestar-1.jpg\",\"contentUrl\":\"https:\/\/www.sonoraenequipo.com.mx\/storage\/2026\/01\/universidades-del-Bienestar-1.jpg\",\"width\":1000,\"height\":667},{\"@type\":\"BreadcrumbList\",\"@id\":\"https:\/\/www.sonoraenequipo.com.mx\/universidades-para-el-bienestar-fortalecen-acceso-a-jovenes-a-la-educacion-superior\/#breadcrumb\",\"itemListElement\":[{\"@type\":\"ListItem\",\"position\":1,\"name\":\"Portada\",\"item\":\"https:\/\/www.sonoraenequipo.com.mx\/\"},{\"@type\":\"ListItem\",\"position\":2,\"name\":\"Universidades para el Bienestar fortalecen acceso a j\u00f3venes a la educaci\u00f3n superior\"}]},{\"@type\":\"WebSite\",\"@id\":\"https:\/\/www.sonoraenequipo.com.mx\/#website\",\"url\":\"https:\/\/www.sonoraenequipo.com.mx\/\",\"name\":\"Sonora en Equipo.\",\"description\":\"Diario en l\u00ednea con Noticias desde Hermosillo, Sonora\",\"publisher\":{\"@id\":\"https:\/\/www.sonoraenequipo.com.mx\/#organization\"},\"potentialAction\":[{\"@type\":\"SearchAction\",\"target\":{\"@type\":\"EntryPoint\",\"urlTemplate\":\"https:\/\/www.sonoraenequipo.com.mx\/?s={search_term_string}\"},\"query-input\":{\"@type\":\"PropertyValueSpecification\",\"valueRequired\":true,\"valueName\":\"search_term_string\"}}],\"inLanguage\":\"es\"},{\"@type\":\"Organization\",\"@id\":\"https:\/\/www.sonoraenequipo.com.mx\/#organization\",\"name\":\"Sonoraenequipo.com.mx\",\"url\":\"https:\/\/www.sonoraenequipo.com.mx\/\",\"logo\":{\"@type\":\"ImageObject\",\"inLanguage\":\"es\",\"@id\":\"https:\/\/www.sonoraenequipo.com.mx\/#\/schema\/logo\/image\/\",\"url\":\"https:\/\/www.sonoraenequipo.com.mx\/storage\/2019\/01\/sonoraenequipo_opt.png\",\"contentUrl\":\"https:\/\/www.sonoraenequipo.com.mx\/storage\/2019\/01\/sonoraenequipo_opt.png\",\"width\":375,\"height\":125,\"caption\":\"Sonoraenequipo.com.mx\"},\"image\":{\"@id\":\"https:\/\/www.sonoraenequipo.com.mx\/#\/schema\/logo\/image\/\"},\"sameAs\":[\"https:\/\/www.facebook.com\/SonoraEE\/\",\"https:\/\/x.com\/sonoraenequipo\",\"https:\/\/www.youtube.com\/channel\/UC338nW-lPEYmJQs4ZABQ1SQ\"]},{\"@type\":\"Person\",\"@id\":\"https:\/\/www.sonoraenequipo.com.mx\/#\/schema\/person\/50102df0fb23a8fa9e8effad8fa81386\",\"name\":\"enequipo\",\"image\":{\"@type\":\"ImageObject\",\"inLanguage\":\"es\",\"@id\":\"https:\/\/www.sonoraenequipo.com.mx\/#\/schema\/person\/image\/\",\"url\":\"https:\/\/secure.gravatar.com\/avatar\/049821681b589dabc0bc20695993ccebb09f5b5d4d790cd9251b97faac7c652b?s=96&d=blank&r=g\",\"contentUrl\":\"https:\/\/secure.gravatar.com\/avatar\/049821681b589dabc0bc20695993ccebb09f5b5d4d790cd9251b97faac7c652b?s=96&d=blank&r=g\",\"caption\":\"enequipo\"},\"sameAs\":[\"https:\/\/www.facebook.com\/SonoraEE\"]}]}<\/script>\n ","yoast_head_json":{"title":"Sonora en Equipo. Universidades para el Bienestar fortalecen acceso a j\u00f3venes a la educaci\u00f3n superior Rep\u00fablica","description":"CIUDAD DE M\u00c9XICO. MX. \u2014 El secretario de Educaci\u00f3n P\u00fablica, Mario Delgado Carrillo, inform\u00f3 que las Universidades para el Bienestar Benito Ju\u00e1rez Garc\u00eda En Sonora en Equipo publicamos toda la informaci\u00f3n de Sonora, M\u00e9xico y el Mundo de manera oportuna y busca que la libertad de expresi\u00f3n sea real. Visita nuestro medio informativo publicado desde Hermosillo, Sonora. %","robots":{"index":"index","follow":"follow","max-snippet":"max-snippet:-1","max-image-preview":"max-image-preview:large","max-video-preview":"max-video-preview:-1"},"canonical":"https:\/\/www.sonoraenequipo.com.mx\/universidades-para-el-bienestar-fortalecen-acceso-a-jovenes-a-la-educacion-superior\/","og_locale":"es_ES","og_type":"article","og_title":"Sonora en Equipo. Universidades para el Bienestar fortalecen acceso a j\u00f3venes a la educaci\u00f3n superior Rep\u00fablica","og_description":"CIUDAD DE M\u00c9XICO. MX. \u2014 El secretario de Educaci\u00f3n P\u00fablica, Mario Delgado Carrillo, inform\u00f3 que las Universidades para el Bienestar Benito Ju\u00e1rez Garc\u00eda En Sonora en Equipo publicamos toda la informaci\u00f3n de Sonora, M\u00e9xico y el Mundo de manera oportuna y busca que la libertad de expresi\u00f3n sea real. Visita nuestro medio informativo publicado desde Hermosillo, Sonora. %","og_url":"https:\/\/www.sonoraenequipo.com.mx\/universidades-para-el-bienestar-fortalecen-acceso-a-jovenes-a-la-educacion-superior\/","og_site_name":"Sonora en Equipo.","article_publisher":"https:\/\/www.facebook.com\/SonoraEE\/","article_author":"https:\/\/www.facebook.com\/SonoraEE","article_published_time":"2026-01-23T03:36:53+00:00","og_image":[{"width":1000,"height":667,"url":"https:\/\/www.sonoraenequipo.com.mx\/storage\/2026\/01\/universidades-del-Bienestar-1.jpg","type":"image\/jpeg"}],"author":"enequipo","twitter_card":"summary_large_image","twitter_creator":"@sonoraenequipo","twitter_site":"@sonoraenequipo","twitter_misc":{"Escrito por":"enequipo","Tiempo de lectura":"2 minutos"},"schema":{"@context":"https:\/\/schema.org","@graph":[{"@type":"Article","@id":"https:\/\/www.sonoraenequipo.com.mx\/universidades-para-el-bienestar-fortalecen-acceso-a-jovenes-a-la-educacion-superior\/#article","isPartOf":{"@id":"https:\/\/www.sonoraenequipo.com.mx\/universidades-para-el-bienestar-fortalecen-acceso-a-jovenes-a-la-educacion-superior\/"},"author":{"name":"enequipo","@id":"https:\/\/www.sonoraenequipo.com.mx\/#\/schema\/person\/50102df0fb23a8fa9e8effad8fa81386"},"headline":"Universidades para el Bienestar fortalecen acceso a j\u00f3venes a la educaci\u00f3n superior","datePublished":"2026-01-23T03:36:53+00:00","mainEntityOfPage":{"@id":"https:\/\/www.sonoraenequipo.com.mx\/universidades-para-el-bienestar-fortalecen-acceso-a-jovenes-a-la-educacion-superior\/"},"wordCount":509,"commentCount":0,"publisher":{"@id":"https:\/\/www.sonoraenequipo.com.mx\/#organization"},"image":{"@id":"https:\/\/www.sonoraenequipo.com.mx\/universidades-para-el-bienestar-fortalecen-acceso-a-jovenes-a-la-educacion-superior\/#primaryimage"},"thumbnailUrl":"https:\/\/www.sonoraenequipo.com.mx\/storage\/2026\/01\/universidades-del-Bienestar-1.jpg","articleSection":["Rep\u00fablica"],"inLanguage":"es","potentialAction":[{"@type":"CommentAction","name":"Comment","target":["https:\/\/www.sonoraenequipo.com.mx\/universidades-para-el-bienestar-fortalecen-acceso-a-jovenes-a-la-educacion-superior\/#respond"]}]},{"@type":"WebPage","@id":"https:\/\/www.sonoraenequipo.com.mx\/universidades-para-el-bienestar-fortalecen-acceso-a-jovenes-a-la-educacion-superior\/","url":"https:\/\/www.sonoraenequipo.com.mx\/universidades-para-el-bienestar-fortalecen-acceso-a-jovenes-a-la-educacion-superior\/","name":"Sonora en Equipo. Universidades para el Bienestar fortalecen acceso a j\u00f3venes a la educaci\u00f3n superior Rep\u00fablica","isPartOf":{"@id":"https:\/\/www.sonoraenequipo.com.mx\/#website"},"primaryImageOfPage":{"@id":"https:\/\/www.sonoraenequipo.com.mx\/universidades-para-el-bienestar-fortalecen-acceso-a-jovenes-a-la-educacion-superior\/#primaryimage"},"image":{"@id":"https:\/\/www.sonoraenequipo.com.mx\/universidades-para-el-bienestar-fortalecen-acceso-a-jovenes-a-la-educacion-superior\/#primaryimage"},"thumbnailUrl":"https:\/\/www.sonoraenequipo.com.mx\/storage\/2026\/01\/universidades-del-Bienestar-1.jpg","datePublished":"2026-01-23T03:36:53+00:00","description":"CIUDAD DE M\u00c9XICO. MX. \u2014 El secretario de Educaci\u00f3n P\u00fablica, Mario Delgado Carrillo, inform\u00f3 que las Universidades para el Bienestar Benito Ju\u00e1rez Garc\u00eda En Sonora en Equipo publicamos toda la informaci\u00f3n de Sonora, M\u00e9xico y el Mundo de manera oportuna y busca que la libertad de expresi\u00f3n sea real. Visita nuestro medio informativo publicado desde Hermosillo, Sonora. %","breadcrumb":{"@id":"https:\/\/www.sonoraenequipo.com.mx\/universidades-para-el-bienestar-fortalecen-acceso-a-jovenes-a-la-educacion-superior\/#breadcrumb"},"inLanguage":"es","potentialAction":[{"@type":"ReadAction","target":["https:\/\/www.sonoraenequipo.com.mx\/universidades-para-el-bienestar-fortalecen-acceso-a-jovenes-a-la-educacion-superior\/"]}]},{"@type":"ImageObject","inLanguage":"es","@id":"https:\/\/www.sonoraenequipo.com.mx\/universidades-para-el-bienestar-fortalecen-acceso-a-jovenes-a-la-educacion-superior\/#primaryimage","url":"https:\/\/www.sonoraenequipo.com.mx\/storage\/2026\/01\/universidades-del-Bienestar-1.jpg","contentUrl":"https:\/\/www.sonoraenequipo.com.mx\/storage\/2026\/01\/universidades-del-Bienestar-1.jpg","width":1000,"height":667},{"@type":"BreadcrumbList","@id":"https:\/\/www.sonoraenequipo.com.mx\/universidades-para-el-bienestar-fortalecen-acceso-a-jovenes-a-la-educacion-superior\/#breadcrumb","itemListElement":[{"@type":"ListItem","position":1,"name":"Portada","item":"https:\/\/www.sonoraenequipo.com.mx\/"},{"@type":"ListItem","position":2,"name":"Universidades para el Bienestar fortalecen acceso a j\u00f3venes a la educaci\u00f3n superior"}]},{"@type":"WebSite","@id":"https:\/\/www.sonoraenequipo.com.mx\/#website","url":"https:\/\/www.sonoraenequipo.com.mx\/","name":"Sonora en Equipo.","description":"Diario en l\u00ednea con Noticias desde Hermosillo, Sonora","publisher":{"@id":"https:\/\/www.sonoraenequipo.com.mx\/#organization"},"potentialAction":[{"@type":"SearchAction","target":{"@type":"EntryPoint","urlTemplate":"https:\/\/www.sonoraenequipo.com.mx\/?s={search_term_string}"},"query-input":{"@type":"PropertyValueSpecification","valueRequired":true,"valueName":"search_term_string"}}],"inLanguage":"es"},{"@type":"Organization","@id":"https:\/\/www.sonoraenequipo.com.mx\/#organization","name":"Sonoraenequipo.com.mx","url":"https:\/\/www.sonoraenequipo.com.mx\/","logo":{"@type":"ImageObject","inLanguage":"es","@id":"https:\/\/www.sonoraenequipo.com.mx\/#\/schema\/logo\/image\/","url":"https:\/\/www.sonoraenequipo.com.mx\/storage\/2019\/01\/sonoraenequipo_opt.png","contentUrl":"https:\/\/www.sonoraenequipo.com.mx\/storage\/2019\/01\/sonoraenequipo_opt.png","width":375,"height":125,"caption":"Sonoraenequipo.com.mx"},"image":{"@id":"https:\/\/www.sonoraenequipo.com.mx\/#\/schema\/logo\/image\/"},"sameAs":["https:\/\/www.facebook.com\/SonoraEE\/","https:\/\/x.com\/sonoraenequipo","https:\/\/www.youtube.com\/channel\/UC338nW-lPEYmJQs4ZABQ1SQ"]},{"@type":"Person","@id":"https:\/\/www.sonoraenequipo.com.mx\/#\/schema\/person\/50102df0fb23a8fa9e8effad8fa81386","name":"enequipo","image":{"@type":"ImageObject","inLanguage":"es","@id":"https:\/\/www.sonoraenequipo.com.mx\/#\/schema\/person\/image\/","url":"https:\/\/secure.gravatar.com\/avatar\/049821681b589dabc0bc20695993ccebb09f5b5d4d790cd9251b97faac7c652b?s=96&d=blank&r=g","contentUrl":"https:\/\/secure.gravatar.com\/avatar\/049821681b589dabc0bc20695993ccebb09f5b5d4d790cd9251b97faac7c652b?s=96&d=blank&r=g","caption":"enequipo"},"sameAs":["https:\/\/www.facebook.com\/SonoraEE"]}]}},"jetpack_featured_media_url":"https:\/\/www.sonoraenequipo.com.mx\/storage\/2026\/01\/universidades-del-Bienestar-1.jpg","_links":{"self":[{"href":"https:\/\/www.sonoraenequipo.com.mx\/api\/wp\/v2\/posts\/233673","targetHints":{"allow":["GET"]}}],"collection":[{"href":"https:\/\/www.sonoraenequipo.com.mx\/api\/wp\/v2\/posts"}],"about":[{"href":"https:\/\/www.sonoraenequipo.com.mx\/api\/wp\/v2\/types\/post"}],"author":[{"embeddable":true,"href":"https:\/\/www.sonoraenequipo.com.mx\/api\/wp\/v2\/users\/1"}],"replies":[{"embeddable":true,"href":"https:\/\/www.sonoraenequipo.com.mx\/api\/wp\/v2\/comments?post=233673"}],"version-history":[{"count":1,"href":"https:\/\/www.sonoraenequipo.com.mx\/api\/wp\/v2\/posts\/233673\/revisions"}],"predecessor-version":[{"id":233676,"href":"https:\/\/www.sonoraenequipo.com.mx\/api\/wp\/v2\/posts\/233673\/revisions\/233676"}],"wp:featuredmedia":[{"embeddable":true,"href":"https:\/\/www.sonoraenequipo.com.mx\/api\/wp\/v2\/media\/233674"}],"wp:attachment":[{"href":"https:\/\/www.sonoraenequipo.com.mx\/api\/wp\/v2\/media?parent=233673"}],"wp:term":[{"taxonomy":"category","embeddable":true,"href":"https:\/\/www.sonoraenequipo.com.mx\/api\/wp\/v2\/categories?post=233673"},{"taxonomy":"post_tag","embeddable":true,"href":"https:\/\/www.sonoraenequipo.com.mx\/api\/wp\/v2\/tags?post=233673"}],"curies":[{"name":"wp","href":"https:\/\/api.w.org\/{rel}","templated":true}]}}